{"id":8080,"date":"2025-10-06T16:08:50","date_gmt":"2025-10-06T16:08:50","guid":{"rendered":"https:\/\/arealorcaradio.es\/?p=8080"},"modified":"2025-10-06T16:08:50","modified_gmt":"2025-10-06T16:08:50","slug":"willy-ibanez-entiendo-el-sentir-de-la-aficion-y-les-envio-un-mensaje-de-tranquilidad-porque-pronto-los-resultados-van-a-llegar","status":"publish","type":"post","link":"https:\/\/arealorcaradio.es\/index.php\/2025\/10\/06\/willy-ibanez-entiendo-el-sentir-de-la-aficion-y-les-envio-un-mensaje-de-tranquilidad-porque-pronto-los-resultados-van-a-llegar\/","title":{"rendered":"Willy Ib\u00e1\u00f1ez: \u00abEntiendo el sentir de la afici\u00f3n y les env\u00edo un mensaje de tranquilidad porque pronto los resultados van a llegar\u00bb"},"content":{"rendered":"<p><strong>\u00c1REA LORCA RADIO. Deportes.<\/strong><\/p>\n<p>Escucha aqu\u00ed la entrevista que ha concedido a Paco S\u00e1nchez en el programa deportivo de \u00c1rea Lorca Radio, Willy Ib\u00e1\u00f1ez, autor de gol de los lorquinos en el estadio Nuevo Colombino de Huelva este pasado domingo.<\/p>\n<p>El centrocampista ha asegurado que este grupo es muy complicado, que ya era consciente de ello pese a no haber jugado nunca en el. Conf\u00eda en el trabajo del grupo, el cuerpo t\u00e9cnico y en que llegar\u00e1n los resultados que buscan, comenzando por la primera victoria de la temporada que les haga salir de la posici\u00f3n que ocupa el equipo en el actualidad.<\/p>\n<p>Durante su intervenci\u00f3n Willy ha manifestado: <strong>\u00abla flecha de los resultados y sensaciones esta para abajo, pero la vamos a poner para arriba, que nadie lo dude, los resultados van a comenzar a llegar\u00bb.<\/strong><\/p>\n<audio class=\"wp-audio-shortcode\" id=\"audio-8080-1\" preload=\"none\" style=\"width: 100%;\" controls=\"controls\"><source type=\"audio\/mpeg\" src=\"https:\/\/arealorcaradio.es\/wp-content\/uploads\/2025\/10\/061025-WILLY-IBANEZ.-ESTUDIO-POST-RECRE.mp3?_=1\" \/><a href=\"https:\/\/arealorcaradio.es\/wp-content\/uploads\/2025\/10\/061025-WILLY-IBANEZ.-ESTUDIO-POST-RECRE.mp3\">https:\/\/arealorcaradio.es\/wp-content\/uploads\/2025\/10\/061025-WILLY-IBANEZ.-ESTUDIO-POST-RECRE.mp3<\/a><\/audio>\n<p><img loading=\"lazy\" decoding=\"async\" class=\"alignnone size-medium wp-image-8082\" src=\"https:\/\/arealorcaradio.es\/wp-content\/uploads\/2025\/10\/IMG-20251006-WA0040-300x200.jpg\" alt=\"\" width=\"300\" height=\"200\" srcset=\"https:\/\/arealorcaradio.es\/wp-content\/uploads\/2025\/10\/IMG-20251006-WA0040-300x200.jpg 300w, https:\/\/arealorcaradio.es\/wp-content\/uploads\/2025\/10\/IMG-20251006-WA0040-768x512.jpg 768w, https:\/\/arealorcaradio.es\/wp-content\/uploads\/2025\/10\/IMG-20251006-WA0040.jpg 1024w\" sizes=\"auto, (max-width: 300px) 100vw, 300px\" \/> \u00a0<img loading=\"lazy\" decoding=\"async\" class=\"alignnone wp-image-8084\" src=\"https:\/\/arealorcaradio.es\/wp-content\/uploads\/2025\/10\/IMG-20251006-WA0037-300x200.jpg\" alt=\"\" width=\"300\" height=\"200\" srcset=\"https:\/\/arealorcaradio.es\/wp-content\/uploads\/2025\/10\/IMG-20251006-WA0037-300x200.jpg 300w, https:\/\/arealorcaradio.es\/wp-content\/uploads\/2025\/10\/IMG-20251006-WA0037-1024x683.jpg 1024w, https:\/\/arealorcaradio.es\/wp-content\/uploads\/2025\/10\/IMG-20251006-WA0037-768x512.jpg 768w, https:\/\/arealorcaradio.es\/wp-content\/uploads\/2025\/10\/IMG-20251006-WA0037.jpg 1137w\" sizes=\"auto, (max-width: 300px) 100vw, 300px\" \/><img loading=\"lazy\" decoding=\"async\" class=\"alignnone size-medium wp-image-8085\" src=\"https:\/\/arealorcaradio.es\/wp-content\/uploads\/2025\/10\/IMG-20251006-WA0039-300x200.jpg\" alt=\"\" width=\"300\" height=\"200\" srcset=\"https:\/\/arealorcaradio.es\/wp-content\/uploads\/2025\/10\/IMG-20251006-WA0039-300x200.jpg 300w, https:\/\/arealorcaradio.es\/wp-content\/uploads\/2025\/10\/IMG-20251006-WA0039-768x512.jpg 768w, https:\/\/arealorcaradio.es\/wp-content\/uploads\/2025\/10\/IMG-20251006-WA0039.jpg 990w\" sizes=\"auto, (max-width: 300px) 100vw, 300px\" \/> \u00a0<img loading=\"lazy\" decoding=\"async\" class=\"alignnone wp-image-8086\" src=\"https:\/\/arealorcaradio.es\/wp-content\/uploads\/2025\/10\/20251006_123701-300x225.jpg\" alt=\"\" width=\"265\" height=\"199\" srcset=\"https:\/\/arealorcaradio.es\/wp-content\/uploads\/2025\/10\/20251006_123701-300x225.jpg 300w, https:\/\/arealorcaradio.es\/wp-content\/uploads\/2025\/10\/20251006_123701-1024x768.jpg 1024w, https:\/\/arealorcaradio.es\/wp-content\/uploads\/2025\/10\/20251006_123701-768x576.jpg 768w, https:\/\/arealorcaradio.es\/wp-content\/uploads\/2025\/10\/20251006_123701-1536x1152.jpg 1536w, https:\/\/arealorcaradio.es\/wp-content\/uploads\/2025\/10\/20251006_123701-2048x1536.jpg 2048w, https:\/\/arealorcaradio.es\/wp-content\/uploads\/2025\/10\/20251006_123701-86x64.jpg 86w\" sizes=\"auto, (max-width: 265px) 100vw, 265px\" \/> <img loading=\"lazy\" decoding=\"async\" class=\"alignnone size-medium wp-image-8087\" src=\"https:\/\/arealorcaradio.es\/wp-content\/uploads\/2025\/10\/IMG-20251006-WA0038-300x200.jpg\" alt=\"\" width=\"300\" height=\"200\" srcset=\"https:\/\/arealorcaradio.es\/wp-content\/uploads\/2025\/10\/IMG-20251006-WA0038-300x200.jpg 300w, https:\/\/arealorcaradio.es\/wp-content\/uploads\/2025\/10\/IMG-20251006-WA0038-1024x682.jpg 1024w, https:\/\/arealorcaradio.es\/wp-content\/uploads\/2025\/10\/IMG-20251006-WA0038-768x512.jpg 768w, https:\/\/arealorcaradio.es\/wp-content\/uploads\/2025\/10\/IMG-20251006-WA0038.jpg 1028w\" sizes=\"auto, (max-width: 300px) 100vw, 300px\" \/>\u00a0 <img loading=\"lazy\" decoding=\"async\" class=\"alignnone wp-image-8088\" src=\"https:\/\/arealorcaradio.es\/wp-content\/uploads\/2025\/10\/20251006_123717-300x225.jpg\" alt=\"\" width=\"265\" height=\"199\" srcset=\"https:\/\/arealorcaradio.es\/wp-content\/uploads\/2025\/10\/20251006_123717-300x225.jpg 300w, https:\/\/arealorcaradio.es\/wp-content\/uploads\/2025\/10\/20251006_123717-1024x768.jpg 1024w, https:\/\/arealorcaradio.es\/wp-content\/uploads\/2025\/10\/20251006_123717-768x576.jpg 768w, https:\/\/arealorcaradio.es\/wp-content\/uploads\/2025\/10\/20251006_123717-1536x1152.jpg 1536w, https:\/\/arealorcaradio.es\/wp-content\/uploads\/2025\/10\/20251006_123717-2048x1536.jpg 2048w, https:\/\/arealorcaradio.es\/wp-content\/uploads\/2025\/10\/20251006_123717-86x64.jpg 86w\" sizes=\"auto, (max-width: 265px) 100vw, 265px\" \/><\/p>\n","protected":false},"excerpt":{"rendered":"<p>\u00c1REA LORCA RADIO. Deportes. Escucha aqu\u00ed la entrevista que ha concedido a Paco S\u00e1nchez en el programa deportivo de \u00c1rea Lorca Radio, Willy Ib\u00e1\u00f1ez, autor de gol de los lorquinos en el estadio Nuevo Colombino de Huelva este pasado domingo. El centrocampista ha asegurado que este grupo es muy complicado, que ya era consciente de [&hellip;]<\/p>\n","protected":false},"author":1,"featured_media":8089,"comment_status":"open","ping_status":"open","sticky":false,"template":"","format":"standard","meta":{"iawp_total_views":66,"footnotes":""},"categories":[4,7],"tags":[],"class_list":["post-8080","post","type-post","status-publish","format-standard","has-post-thumbnail","hentry","category-deportes","category-lorca"],"yoast_head":"<!-- This site is optimized with the Yoast SEO plugin v27.5 - https:\/\/yoast.com\/product\/yoast-seo-wordpress\/ -->\n<title>Willy Ib\u00e1\u00f1ez: &quot;Entiendo el sentir de la afici\u00f3n y les env\u00edo un mensaje de tranquilidad porque pronto los resultados van a llegar&quot; - AREA LORCA RADIO<\/title>\n<meta name=\"robots\" content=\"index, follow, max-snippet:-1, max-image-preview:large, max-video-preview:-1\" \/>\n<link rel=\"canonical\" href=\"https:\/\/arealorcaradio.es\/index.php\/2025\/10\/06\/willy-ibanez-entiendo-el-sentir-de-la-aficion-y-les-envio-un-mensaje-de-tranquilidad-porque-pronto-los-resultados-van-a-llegar\/\" \/>\n<meta property=\"og:locale\" content=\"es_ES\" \/>\n<meta property=\"og:type\" content=\"article\" \/>\n<meta property=\"og:title\" content=\"Willy Ib\u00e1\u00f1ez: &quot;Entiendo el sentir de la afici\u00f3n y les env\u00edo un mensaje de tranquilidad porque pronto los resultados van a llegar&quot; - AREA LORCA RADIO\" \/>\n<meta property=\"og:description\" content=\"\u00c1REA LORCA RADIO. Deportes. Escucha aqu\u00ed la entrevista que ha concedido a Paco S\u00e1nchez en el programa deportivo de \u00c1rea Lorca Radio, Willy Ib\u00e1\u00f1ez, autor de gol de los lorquinos en el estadio Nuevo Colombino de Huelva este pasado domingo. El centrocampista ha asegurado que este grupo es muy complicado, que ya era consciente de [&hellip;]\" \/>\n<meta property=\"og:url\" content=\"https:\/\/arealorcaradio.es\/index.php\/2025\/10\/06\/willy-ibanez-entiendo-el-sentir-de-la-aficion-y-les-envio-un-mensaje-de-tranquilidad-porque-pronto-los-resultados-van-a-llegar\/\" \/>\n<meta property=\"og:site_name\" content=\"AREA LORCA RADIO\" \/>\n<meta property=\"article:published_time\" content=\"2025-10-06T16:08:50+00:00\" \/>\n<meta property=\"og:image\" content=\"https:\/\/arealorcaradio.es\/wp-content\/uploads\/2025\/10\/20251006_123717-1-scaled.jpg\" \/>\n\t<meta property=\"og:image:width\" content=\"2560\" \/>\n\t<meta property=\"og:image:height\" content=\"1920\" \/>\n\t<meta property=\"og:image:type\" content=\"image\/jpeg\" \/>\n<meta name=\"author\" content=\"Paco S\u00e1nchez\" \/>\n<meta name=\"twitter:card\" content=\"summary_large_image\" \/>\n<meta name=\"twitter:label1\" content=\"Escrito por\" \/>\n\t<meta name=\"twitter:data1\" content=\"Paco S\u00e1nchez\" \/>\n\t<meta name=\"twitter:label2\" content=\"Tiempo de lectura\" \/>\n\t<meta name=\"twitter:data2\" content=\"3 minutos\" \/>\n<script type=\"application\/ld+json\" class=\"yoast-schema-graph\">{\"@context\":\"https:\\\/\\\/schema.org\",\"@graph\":[{\"@type\":\"Article\",\"@id\":\"https:\\\/\\\/arealorcaradio.es\\\/index.php\\\/2025\\\/10\\\/06\\\/willy-ibanez-entiendo-el-sentir-de-la-aficion-y-les-envio-un-mensaje-de-tranquilidad-porque-pronto-los-resultados-van-a-llegar\\\/#article\",\"isPartOf\":{\"@id\":\"https:\\\/\\\/arealorcaradio.es\\\/index.php\\\/2025\\\/10\\\/06\\\/willy-ibanez-entiendo-el-sentir-de-la-aficion-y-les-envio-un-mensaje-de-tranquilidad-porque-pronto-los-resultados-van-a-llegar\\\/\"},\"author\":{\"name\":\"Paco S\u00e1nchez\",\"@id\":\"https:\\\/\\\/arealorcaradio.es\\\/#\\\/schema\\\/person\\\/9fae605fc25b0f2c83c1ab207139bd27\"},\"headline\":\"Willy Ib\u00e1\u00f1ez: \u00abEntiendo el sentir de la afici\u00f3n y les env\u00edo un mensaje de tranquilidad porque pronto los resultados van a llegar\u00bb\",\"datePublished\":\"2025-10-06T16:08:50+00:00\",\"mainEntityOfPage\":{\"@id\":\"https:\\\/\\\/arealorcaradio.es\\\/index.php\\\/2025\\\/10\\\/06\\\/willy-ibanez-entiendo-el-sentir-de-la-aficion-y-les-envio-un-mensaje-de-tranquilidad-porque-pronto-los-resultados-van-a-llegar\\\/\"},\"wordCount\":180,\"commentCount\":0,\"image\":{\"@id\":\"https:\\\/\\\/arealorcaradio.es\\\/index.php\\\/2025\\\/10\\\/06\\\/willy-ibanez-entiendo-el-sentir-de-la-aficion-y-les-envio-un-mensaje-de-tranquilidad-porque-pronto-los-resultados-van-a-llegar\\\/#primaryimage\"},\"thumbnailUrl\":\"https:\\\/\\\/arealorcaradio.es\\\/wp-content\\\/uploads\\\/2025\\\/10\\\/20251006_123717-1-scaled.jpg\",\"articleSection\":[\"DEPORTES\",\"LORCA\"],\"inLanguage\":\"es\",\"potentialAction\":[{\"@type\":\"CommentAction\",\"name\":\"Comment\",\"target\":[\"https:\\\/\\\/arealorcaradio.es\\\/index.php\\\/2025\\\/10\\\/06\\\/willy-ibanez-entiendo-el-sentir-de-la-aficion-y-les-envio-un-mensaje-de-tranquilidad-porque-pronto-los-resultados-van-a-llegar\\\/#respond\"]}]},{\"@type\":\"WebPage\",\"@id\":\"https:\\\/\\\/arealorcaradio.es\\\/index.php\\\/2025\\\/10\\\/06\\\/willy-ibanez-entiendo-el-sentir-de-la-aficion-y-les-envio-un-mensaje-de-tranquilidad-porque-pronto-los-resultados-van-a-llegar\\\/\",\"url\":\"https:\\\/\\\/arealorcaradio.es\\\/index.php\\\/2025\\\/10\\\/06\\\/willy-ibanez-entiendo-el-sentir-de-la-aficion-y-les-envio-un-mensaje-de-tranquilidad-porque-pronto-los-resultados-van-a-llegar\\\/\",\"name\":\"Willy Ib\u00e1\u00f1ez: \\\"Entiendo el sentir de la afici\u00f3n y les env\u00edo un mensaje de tranquilidad porque pronto los resultados van a llegar\\\" - AREA LORCA RADIO\",\"isPartOf\":{\"@id\":\"https:\\\/\\\/arealorcaradio.es\\\/#website\"},\"primaryImageOfPage\":{\"@id\":\"https:\\\/\\\/arealorcaradio.es\\\/index.php\\\/2025\\\/10\\\/06\\\/willy-ibanez-entiendo-el-sentir-de-la-aficion-y-les-envio-un-mensaje-de-tranquilidad-porque-pronto-los-resultados-van-a-llegar\\\/#primaryimage\"},\"image\":{\"@id\":\"https:\\\/\\\/arealorcaradio.es\\\/index.php\\\/2025\\\/10\\\/06\\\/willy-ibanez-entiendo-el-sentir-de-la-aficion-y-les-envio-un-mensaje-de-tranquilidad-porque-pronto-los-resultados-van-a-llegar\\\/#primaryimage\"},\"thumbnailUrl\":\"https:\\\/\\\/arealorcaradio.es\\\/wp-content\\\/uploads\\\/2025\\\/10\\\/20251006_123717-1-scaled.jpg\",\"datePublished\":\"2025-10-06T16:08:50+00:00\",\"author\":{\"@id\":\"https:\\\/\\\/arealorcaradio.es\\\/#\\\/schema\\\/person\\\/9fae605fc25b0f2c83c1ab207139bd27\"},\"breadcrumb\":{\"@id\":\"https:\\\/\\\/arealorcaradio.es\\\/index.php\\\/2025\\\/10\\\/06\\\/willy-ibanez-entiendo-el-sentir-de-la-aficion-y-les-envio-un-mensaje-de-tranquilidad-porque-pronto-los-resultados-van-a-llegar\\\/#breadcrumb\"},\"inLanguage\":\"es\",\"potentialAction\":[{\"@type\":\"ReadAction\",\"target\":[\"https:\\\/\\\/arealorcaradio.es\\\/index.php\\\/2025\\\/10\\\/06\\\/willy-ibanez-entiendo-el-sentir-de-la-aficion-y-les-envio-un-mensaje-de-tranquilidad-porque-pronto-los-resultados-van-a-llegar\\\/\"]}]},{\"@type\":\"ImageObject\",\"inLanguage\":\"es\",\"@id\":\"https:\\\/\\\/arealorcaradio.es\\\/index.php\\\/2025\\\/10\\\/06\\\/willy-ibanez-entiendo-el-sentir-de-la-aficion-y-les-envio-un-mensaje-de-tranquilidad-porque-pronto-los-resultados-van-a-llegar\\\/#primaryimage\",\"url\":\"https:\\\/\\\/arealorcaradio.es\\\/wp-content\\\/uploads\\\/2025\\\/10\\\/20251006_123717-1-scaled.jpg\",\"contentUrl\":\"https:\\\/\\\/arealorcaradio.es\\\/wp-content\\\/uploads\\\/2025\\\/10\\\/20251006_123717-1-scaled.jpg\",\"width\":2560,\"height\":1920},{\"@type\":\"BreadcrumbList\",\"@id\":\"https:\\\/\\\/arealorcaradio.es\\\/index.php\\\/2025\\\/10\\\/06\\\/willy-ibanez-entiendo-el-sentir-de-la-aficion-y-les-envio-un-mensaje-de-tranquilidad-porque-pronto-los-resultados-van-a-llegar\\\/#breadcrumb\",\"itemListElement\":[{\"@type\":\"ListItem\",\"position\":1,\"name\":\"Portada\",\"item\":\"https:\\\/\\\/arealorcaradio.es\\\/\"},{\"@type\":\"ListItem\",\"position\":2,\"name\":\"Willy Ib\u00e1\u00f1ez: \u00abEntiendo el sentir de la afici\u00f3n y les env\u00edo un mensaje de tranquilidad porque pronto los resultados van a llegar\u00bb\"}]},{\"@type\":\"WebSite\",\"@id\":\"https:\\\/\\\/arealorcaradio.es\\\/#website\",\"url\":\"https:\\\/\\\/arealorcaradio.es\\\/\",\"name\":\"AREA LORCA RADIO\",\"description\":\"Descubre la programaci\u00f3n actual en \u00c1rea Lorca Radio, tu fuente de entrenamiento y noticias locales. Sintoniza ahora y mantente conectado online.\",\"potentialAction\":[{\"@type\":\"SearchAction\",\"target\":{\"@type\":\"EntryPoint\",\"urlTemplate\":\"https:\\\/\\\/arealorcaradio.es\\\/?s={search_term_string}\"},\"query-input\":{\"@type\":\"PropertyValueSpecification\",\"valueRequired\":true,\"valueName\":\"search_term_string\"}}],\"inLanguage\":\"es\"},{\"@type\":\"Person\",\"@id\":\"https:\\\/\\\/arealorcaradio.es\\\/#\\\/schema\\\/person\\\/9fae605fc25b0f2c83c1ab207139bd27\",\"name\":\"Paco S\u00e1nchez\",\"image\":{\"@type\":\"ImageObject\",\"inLanguage\":\"es\",\"@id\":\"https:\\\/\\\/secure.gravatar.com\\\/avatar\\\/d67144e966420fb74aa84c9f2a0103be4724fd14db52b52d3b6bca749f257e79?s=96&d=mm&r=g\",\"url\":\"https:\\\/\\\/secure.gravatar.com\\\/avatar\\\/d67144e966420fb74aa84c9f2a0103be4724fd14db52b52d3b6bca749f257e79?s=96&d=mm&r=g\",\"contentUrl\":\"https:\\\/\\\/secure.gravatar.com\\\/avatar\\\/d67144e966420fb74aa84c9f2a0103be4724fd14db52b52d3b6bca749f257e79?s=96&d=mm&r=g\",\"caption\":\"Paco S\u00e1nchez\"},\"sameAs\":[\"https:\\\/\\\/arealorcaradio.es\"],\"url\":\"https:\\\/\\\/arealorcaradio.es\\\/index.php\\\/author\\\/admin_alorcaradio\\\/\"}]}<\/script>\n<!-- \/ Yoast SEO plugin. -->","yoast_head_json":{"title":"Willy Ib\u00e1\u00f1ez: \"Entiendo el sentir de la afici\u00f3n y les env\u00edo un mensaje de tranquilidad porque pronto los resultados van a llegar\" - AREA LORCA RADIO","robots":{"index":"index","follow":"follow","max-snippet":"max-snippet:-1","max-image-preview":"max-image-preview:large","max-video-preview":"max-video-preview:-1"},"canonical":"https:\/\/arealorcaradio.es\/index.php\/2025\/10\/06\/willy-ibanez-entiendo-el-sentir-de-la-aficion-y-les-envio-un-mensaje-de-tranquilidad-porque-pronto-los-resultados-van-a-llegar\/","og_locale":"es_ES","og_type":"article","og_title":"Willy Ib\u00e1\u00f1ez: \"Entiendo el sentir de la afici\u00f3n y les env\u00edo un mensaje de tranquilidad porque pronto los resultados van a llegar\" - AREA LORCA RADIO","og_description":"\u00c1REA LORCA RADIO. Deportes. Escucha aqu\u00ed la entrevista que ha concedido a Paco S\u00e1nchez en el programa deportivo de \u00c1rea Lorca Radio, Willy Ib\u00e1\u00f1ez, autor de gol de los lorquinos en el estadio Nuevo Colombino de Huelva este pasado domingo. El centrocampista ha asegurado que este grupo es muy complicado, que ya era consciente de [&hellip;]","og_url":"https:\/\/arealorcaradio.es\/index.php\/2025\/10\/06\/willy-ibanez-entiendo-el-sentir-de-la-aficion-y-les-envio-un-mensaje-de-tranquilidad-porque-pronto-los-resultados-van-a-llegar\/","og_site_name":"AREA LORCA RADIO","article_published_time":"2025-10-06T16:08:50+00:00","og_image":[{"width":2560,"height":1920,"url":"https:\/\/arealorcaradio.es\/wp-content\/uploads\/2025\/10\/20251006_123717-1-scaled.jpg","type":"image\/jpeg"}],"author":"Paco S\u00e1nchez","twitter_card":"summary_large_image","twitter_misc":{"Escrito por":"Paco S\u00e1nchez","Tiempo de lectura":"3 minutos"},"schema":{"@context":"https:\/\/schema.org","@graph":[{"@type":"Article","@id":"https:\/\/arealorcaradio.es\/index.php\/2025\/10\/06\/willy-ibanez-entiendo-el-sentir-de-la-aficion-y-les-envio-un-mensaje-de-tranquilidad-porque-pronto-los-resultados-van-a-llegar\/#article","isPartOf":{"@id":"https:\/\/arealorcaradio.es\/index.php\/2025\/10\/06\/willy-ibanez-entiendo-el-sentir-de-la-aficion-y-les-envio-un-mensaje-de-tranquilidad-porque-pronto-los-resultados-van-a-llegar\/"},"author":{"name":"Paco S\u00e1nchez","@id":"https:\/\/arealorcaradio.es\/#\/schema\/person\/9fae605fc25b0f2c83c1ab207139bd27"},"headline":"Willy Ib\u00e1\u00f1ez: \u00abEntiendo el sentir de la afici\u00f3n y les env\u00edo un mensaje de tranquilidad porque pronto los resultados van a llegar\u00bb","datePublished":"2025-10-06T16:08:50+00:00","mainEntityOfPage":{"@id":"https:\/\/arealorcaradio.es\/index.php\/2025\/10\/06\/willy-ibanez-entiendo-el-sentir-de-la-aficion-y-les-envio-un-mensaje-de-tranquilidad-porque-pronto-los-resultados-van-a-llegar\/"},"wordCount":180,"commentCount":0,"image":{"@id":"https:\/\/arealorcaradio.es\/index.php\/2025\/10\/06\/willy-ibanez-entiendo-el-sentir-de-la-aficion-y-les-envio-un-mensaje-de-tranquilidad-porque-pronto-los-resultados-van-a-llegar\/#primaryimage"},"thumbnailUrl":"https:\/\/arealorcaradio.es\/wp-content\/uploads\/2025\/10\/20251006_123717-1-scaled.jpg","articleSection":["DEPORTES","LORCA"],"inLanguage":"es","potentialAction":[{"@type":"CommentAction","name":"Comment","target":["https:\/\/arealorcaradio.es\/index.php\/2025\/10\/06\/willy-ibanez-entiendo-el-sentir-de-la-aficion-y-les-envio-un-mensaje-de-tranquilidad-porque-pronto-los-resultados-van-a-llegar\/#respond"]}]},{"@type":"WebPage","@id":"https:\/\/arealorcaradio.es\/index.php\/2025\/10\/06\/willy-ibanez-entiendo-el-sentir-de-la-aficion-y-les-envio-un-mensaje-de-tranquilidad-porque-pronto-los-resultados-van-a-llegar\/","url":"https:\/\/arealorcaradio.es\/index.php\/2025\/10\/06\/willy-ibanez-entiendo-el-sentir-de-la-aficion-y-les-envio-un-mensaje-de-tranquilidad-porque-pronto-los-resultados-van-a-llegar\/","name":"Willy Ib\u00e1\u00f1ez: \"Entiendo el sentir de la afici\u00f3n y les env\u00edo un mensaje de tranquilidad porque pronto los resultados van a llegar\" - AREA LORCA RADIO","isPartOf":{"@id":"https:\/\/arealorcaradio.es\/#website"},"primaryImageOfPage":{"@id":"https:\/\/arealorcaradio.es\/index.php\/2025\/10\/06\/willy-ibanez-entiendo-el-sentir-de-la-aficion-y-les-envio-un-mensaje-de-tranquilidad-porque-pronto-los-resultados-van-a-llegar\/#primaryimage"},"image":{"@id":"https:\/\/arealorcaradio.es\/index.php\/2025\/10\/06\/willy-ibanez-entiendo-el-sentir-de-la-aficion-y-les-envio-un-mensaje-de-tranquilidad-porque-pronto-los-resultados-van-a-llegar\/#primaryimage"},"thumbnailUrl":"https:\/\/arealorcaradio.es\/wp-content\/uploads\/2025\/10\/20251006_123717-1-scaled.jpg","datePublished":"2025-10-06T16:08:50+00:00","author":{"@id":"https:\/\/arealorcaradio.es\/#\/schema\/person\/9fae605fc25b0f2c83c1ab207139bd27"},"breadcrumb":{"@id":"https:\/\/arealorcaradio.es\/index.php\/2025\/10\/06\/willy-ibanez-entiendo-el-sentir-de-la-aficion-y-les-envio-un-mensaje-de-tranquilidad-porque-pronto-los-resultados-van-a-llegar\/#breadcrumb"},"inLanguage":"es","potentialAction":[{"@type":"ReadAction","target":["https:\/\/arealorcaradio.es\/index.php\/2025\/10\/06\/willy-ibanez-entiendo-el-sentir-de-la-aficion-y-les-envio-un-mensaje-de-tranquilidad-porque-pronto-los-resultados-van-a-llegar\/"]}]},{"@type":"ImageObject","inLanguage":"es","@id":"https:\/\/arealorcaradio.es\/index.php\/2025\/10\/06\/willy-ibanez-entiendo-el-sentir-de-la-aficion-y-les-envio-un-mensaje-de-tranquilidad-porque-pronto-los-resultados-van-a-llegar\/#primaryimage","url":"https:\/\/arealorcaradio.es\/wp-content\/uploads\/2025\/10\/20251006_123717-1-scaled.jpg","contentUrl":"https:\/\/arealorcaradio.es\/wp-content\/uploads\/2025\/10\/20251006_123717-1-scaled.jpg","width":2560,"height":1920},{"@type":"BreadcrumbList","@id":"https:\/\/arealorcaradio.es\/index.php\/2025\/10\/06\/willy-ibanez-entiendo-el-sentir-de-la-aficion-y-les-envio-un-mensaje-de-tranquilidad-porque-pronto-los-resultados-van-a-llegar\/#breadcrumb","itemListElement":[{"@type":"ListItem","position":1,"name":"Portada","item":"https:\/\/arealorcaradio.es\/"},{"@type":"ListItem","position":2,"name":"Willy Ib\u00e1\u00f1ez: \u00abEntiendo el sentir de la afici\u00f3n y les env\u00edo un mensaje de tranquilidad porque pronto los resultados van a llegar\u00bb"}]},{"@type":"WebSite","@id":"https:\/\/arealorcaradio.es\/#website","url":"https:\/\/arealorcaradio.es\/","name":"AREA LORCA RADIO","description":"Descubre la programaci\u00f3n actual en \u00c1rea Lorca Radio, tu fuente de entrenamiento y noticias locales. Sintoniza ahora y mantente conectado online.","potentialAction":[{"@type":"SearchAction","target":{"@type":"EntryPoint","urlTemplate":"https:\/\/arealorcaradio.es\/?s={search_term_string}"},"query-input":{"@type":"PropertyValueSpecification","valueRequired":true,"valueName":"search_term_string"}}],"inLanguage":"es"},{"@type":"Person","@id":"https:\/\/arealorcaradio.es\/#\/schema\/person\/9fae605fc25b0f2c83c1ab207139bd27","name":"Paco S\u00e1nchez","image":{"@type":"ImageObject","inLanguage":"es","@id":"https:\/\/secure.gravatar.com\/avatar\/d67144e966420fb74aa84c9f2a0103be4724fd14db52b52d3b6bca749f257e79?s=96&d=mm&r=g","url":"https:\/\/secure.gravatar.com\/avatar\/d67144e966420fb74aa84c9f2a0103be4724fd14db52b52d3b6bca749f257e79?s=96&d=mm&r=g","contentUrl":"https:\/\/secure.gravatar.com\/avatar\/d67144e966420fb74aa84c9f2a0103be4724fd14db52b52d3b6bca749f257e79?s=96&d=mm&r=g","caption":"Paco S\u00e1nchez"},"sameAs":["https:\/\/arealorcaradio.es"],"url":"https:\/\/arealorcaradio.es\/index.php\/author\/admin_alorcaradio\/"}]}},"_links":{"self":[{"href":"https:\/\/arealorcaradio.es\/index.php\/wp-json\/wp\/v2\/posts\/8080","targetHints":{"allow":["GET"]}}],"collection":[{"href":"https:\/\/arealorcaradio.es\/index.php\/wp-json\/wp\/v2\/posts"}],"about":[{"href":"https:\/\/arealorcaradio.es\/index.php\/wp-json\/wp\/v2\/types\/post"}],"author":[{"embeddable":true,"href":"https:\/\/arealorcaradio.es\/index.php\/wp-json\/wp\/v2\/users\/1"}],"replies":[{"embeddable":true,"href":"https:\/\/arealorcaradio.es\/index.php\/wp-json\/wp\/v2\/comments?post=8080"}],"version-history":[{"count":4,"href":"https:\/\/arealorcaradio.es\/index.php\/wp-json\/wp\/v2\/posts\/8080\/revisions"}],"predecessor-version":[{"id":8092,"href":"https:\/\/arealorcaradio.es\/index.php\/wp-json\/wp\/v2\/posts\/8080\/revisions\/8092"}],"wp:featuredmedia":[{"embeddable":true,"href":"https:\/\/arealorcaradio.es\/index.php\/wp-json\/wp\/v2\/media\/8089"}],"wp:attachment":[{"href":"https:\/\/arealorcaradio.es\/index.php\/wp-json\/wp\/v2\/media?parent=8080"}],"wp:term":[{"taxonomy":"category","embeddable":true,"href":"https:\/\/arealorcaradio.es\/index.php\/wp-json\/wp\/v2\/categories?post=8080"},{"taxonomy":"post_tag","embeddable":true,"href":"https:\/\/arealorcaradio.es\/index.php\/wp-json\/wp\/v2\/tags?post=8080"}],"curies":[{"name":"wp","href":"https:\/\/api.w.org\/{rel}","templated":true}]}}