{"id":806,"date":"2023-05-09T17:18:36","date_gmt":"2023-05-09T17:18:36","guid":{"rendered":"https:\/\/arealorcaradio.es\/?p=806"},"modified":"2023-05-17T14:16:43","modified_gmt":"2023-05-17T14:16:43","slug":"jose-martinez-numero-2-de-vox-lorca-a-la-alcaldia-asegura-que-su-partido-velara-por-el-comercio-de-calidad-y-la-seguridad-ciudadana","status":"publish","type":"post","link":"https:\/\/arealorcaradio.es\/index.php\/2023\/05\/09\/jose-martinez-numero-2-de-vox-lorca-a-la-alcaldia-asegura-que-su-partido-velara-por-el-comercio-de-calidad-y-la-seguridad-ciudadana\/","title":{"rendered":"Jos\u00e9 Mart\u00ednez n\u00famero 2 de VOX Lorca a la alcald\u00eda asegura que su partido velar\u00e1 por el comercio de calidad y la seguridad ciudadana."},"content":{"rendered":"<p>\u00c1REA LORCA RADIO.<\/p>\n<p>Jos\u00e9 Mart\u00ednez Garc\u00eda llega a los comicios municipales del pr\u00f3ximo 28 de mayo, seguro de que su formaci\u00f3n pol\u00edtica contar\u00e1 con el apoyo de los lorquinos y que superaran con crecer el numero de dos concejales del pasado 2019. La apuesta por el comercio de calidad, la seguridad ciudadana y regular la inmigraci\u00f3n, son algunos de los puntos que lleva en su programa la candidatura que encabeza Carmen Mendui\u00f1a en Lorca.<\/p>\n<p>Escucha aqu\u00ed la intervenci\u00f3n de Jos\u00e9 Mart\u00ednez con Paco S\u00e1nchez en el magazine, \u00c1rea Lorca Actualidad.<\/p>\n<audio class=\"wp-audio-shortcode\" id=\"audio-806-1\" preload=\"none\" style=\"width: 100%;\" controls=\"controls\"><source type=\"audio\/mpeg\" src=\"https:\/\/arealorcaradio.es\/wp-content\/uploads\/2023\/05\/090523-JOSE-MARTINEZ.-VOX.mp3?_=1\" \/><a href=\"https:\/\/arealorcaradio.es\/wp-content\/uploads\/2023\/05\/090523-JOSE-MARTINEZ.-VOX.mp3\">https:\/\/arealorcaradio.es\/wp-content\/uploads\/2023\/05\/090523-JOSE-MARTINEZ.-VOX.mp3<\/a><\/audio>\n","protected":false},"excerpt":{"rendered":"<p>\u00c1REA LORCA RADIO. Jos\u00e9 Mart\u00ednez Garc\u00eda llega a los comicios municipales del pr\u00f3ximo 28 de mayo, seguro de que su formaci\u00f3n pol\u00edtica contar\u00e1 con el apoyo de los lorquinos y que superaran con crecer el numero de dos concejales del pasado 2019. La apuesta por el comercio de calidad, la seguridad ciudadana y regular la [&hellip;]<\/p>\n","protected":false},"author":1,"featured_media":808,"comment_status":"open","ping_status":"open","sticky":false,"template":"","format":"standard","meta":{"iawp_total_views":54,"footnotes":""},"categories":[11],"tags":[],"class_list":["post-806","post","type-post","status-publish","format-standard","has-post-thumbnail","hentry","category-campana-politica"],"yoast_head":"<!-- This site is optimized with the Yoast SEO plugin v27.5 - https:\/\/yoast.com\/product\/yoast-seo-wordpress\/ -->\n<title>Jos\u00e9 Mart\u00ednez n\u00famero 2 de VOX Lorca a la alcald\u00eda asegura que su partido velar\u00e1 por el comercio de calidad y la seguridad ciudadana. - AREA LORCA RADIO<\/title>\n<meta name=\"robots\" content=\"index, follow, max-snippet:-1, max-image-preview:large, max-video-preview:-1\" \/>\n<link rel=\"canonical\" href=\"https:\/\/arealorcaradio.es\/index.php\/2023\/05\/09\/jose-martinez-numero-2-de-vox-lorca-a-la-alcaldia-asegura-que-su-partido-velara-por-el-comercio-de-calidad-y-la-seguridad-ciudadana\/\" \/>\n<meta property=\"og:locale\" content=\"es_ES\" \/>\n<meta property=\"og:type\" content=\"article\" \/>\n<meta property=\"og:title\" content=\"Jos\u00e9 Mart\u00ednez n\u00famero 2 de VOX Lorca a la alcald\u00eda asegura que su partido velar\u00e1 por el comercio de calidad y la seguridad ciudadana. - AREA LORCA RADIO\" \/>\n<meta property=\"og:description\" content=\"\u00c1REA LORCA RADIO. Jos\u00e9 Mart\u00ednez Garc\u00eda llega a los comicios municipales del pr\u00f3ximo 28 de mayo, seguro de que su formaci\u00f3n pol\u00edtica contar\u00e1 con el apoyo de los lorquinos y que superaran con crecer el numero de dos concejales del pasado 2019. La apuesta por el comercio de calidad, la seguridad ciudadana y regular la [&hellip;]\" \/>\n<meta property=\"og:url\" content=\"https:\/\/arealorcaradio.es\/index.php\/2023\/05\/09\/jose-martinez-numero-2-de-vox-lorca-a-la-alcaldia-asegura-que-su-partido-velara-por-el-comercio-de-calidad-y-la-seguridad-ciudadana\/\" \/>\n<meta property=\"og:site_name\" content=\"AREA LORCA RADIO\" \/>\n<meta property=\"article:published_time\" content=\"2023-05-09T17:18:36+00:00\" \/>\n<meta property=\"article:modified_time\" content=\"2023-05-17T14:16:43+00:00\" \/>\n<meta property=\"og:image\" content=\"https:\/\/arealorcaradio.es\/wp-content\/uploads\/2023\/05\/20230509_173131-scaled.jpg\" \/>\n\t<meta property=\"og:image:width\" content=\"2560\" \/>\n\t<meta property=\"og:image:height\" content=\"1920\" \/>\n\t<meta property=\"og:image:type\" content=\"image\/jpeg\" \/>\n<meta name=\"author\" content=\"Paco S\u00e1nchez\" \/>\n<meta name=\"twitter:card\" content=\"summary_large_image\" \/>\n<meta name=\"twitter:label1\" content=\"Escrito por\" \/>\n\t<meta name=\"twitter:data1\" content=\"Paco S\u00e1nchez\" \/>\n\t<meta name=\"twitter:label2\" content=\"Tiempo de lectura\" \/>\n\t<meta name=\"twitter:data2\" content=\"1 minuto\" \/>\n<script type=\"application\/ld+json\" class=\"yoast-schema-graph\">{\"@context\":\"https:\\\/\\\/schema.org\",\"@graph\":[{\"@type\":\"Article\",\"@id\":\"https:\\\/\\\/arealorcaradio.es\\\/index.php\\\/2023\\\/05\\\/09\\\/jose-martinez-numero-2-de-vox-lorca-a-la-alcaldia-asegura-que-su-partido-velara-por-el-comercio-de-calidad-y-la-seguridad-ciudadana\\\/#article\",\"isPartOf\":{\"@id\":\"https:\\\/\\\/arealorcaradio.es\\\/index.php\\\/2023\\\/05\\\/09\\\/jose-martinez-numero-2-de-vox-lorca-a-la-alcaldia-asegura-que-su-partido-velara-por-el-comercio-de-calidad-y-la-seguridad-ciudadana\\\/\"},\"author\":{\"name\":\"Paco S\u00e1nchez\",\"@id\":\"https:\\\/\\\/arealorcaradio.es\\\/#\\\/schema\\\/person\\\/9fae605fc25b0f2c83c1ab207139bd27\"},\"headline\":\"Jos\u00e9 Mart\u00ednez n\u00famero 2 de VOX Lorca a la alcald\u00eda asegura que su partido velar\u00e1 por el comercio de calidad y la seguridad ciudadana.\",\"datePublished\":\"2023-05-09T17:18:36+00:00\",\"dateModified\":\"2023-05-17T14:16:43+00:00\",\"mainEntityOfPage\":{\"@id\":\"https:\\\/\\\/arealorcaradio.es\\\/index.php\\\/2023\\\/05\\\/09\\\/jose-martinez-numero-2-de-vox-lorca-a-la-alcaldia-asegura-que-su-partido-velara-por-el-comercio-de-calidad-y-la-seguridad-ciudadana\\\/\"},\"wordCount\":135,\"commentCount\":0,\"image\":{\"@id\":\"https:\\\/\\\/arealorcaradio.es\\\/index.php\\\/2023\\\/05\\\/09\\\/jose-martinez-numero-2-de-vox-lorca-a-la-alcaldia-asegura-que-su-partido-velara-por-el-comercio-de-calidad-y-la-seguridad-ciudadana\\\/#primaryimage\"},\"thumbnailUrl\":\"https:\\\/\\\/arealorcaradio.es\\\/wp-content\\\/uploads\\\/2023\\\/05\\\/20230509_173131-scaled.jpg\",\"articleSection\":[\"CAMPA\u00d1A POLITICA\"],\"inLanguage\":\"es\",\"potentialAction\":[{\"@type\":\"CommentAction\",\"name\":\"Comment\",\"target\":[\"https:\\\/\\\/arealorcaradio.es\\\/index.php\\\/2023\\\/05\\\/09\\\/jose-martinez-numero-2-de-vox-lorca-a-la-alcaldia-asegura-que-su-partido-velara-por-el-comercio-de-calidad-y-la-seguridad-ciudadana\\\/#respond\"]}]},{\"@type\":\"WebPage\",\"@id\":\"https:\\\/\\\/arealorcaradio.es\\\/index.php\\\/2023\\\/05\\\/09\\\/jose-martinez-numero-2-de-vox-lorca-a-la-alcaldia-asegura-que-su-partido-velara-por-el-comercio-de-calidad-y-la-seguridad-ciudadana\\\/\",\"url\":\"https:\\\/\\\/arealorcaradio.es\\\/index.php\\\/2023\\\/05\\\/09\\\/jose-martinez-numero-2-de-vox-lorca-a-la-alcaldia-asegura-que-su-partido-velara-por-el-comercio-de-calidad-y-la-seguridad-ciudadana\\\/\",\"name\":\"Jos\u00e9 Mart\u00ednez n\u00famero 2 de VOX Lorca a la alcald\u00eda asegura que su partido velar\u00e1 por el comercio de calidad y la seguridad ciudadana. - AREA LORCA RADIO\",\"isPartOf\":{\"@id\":\"https:\\\/\\\/arealorcaradio.es\\\/#website\"},\"primaryImageOfPage\":{\"@id\":\"https:\\\/\\\/arealorcaradio.es\\\/index.php\\\/2023\\\/05\\\/09\\\/jose-martinez-numero-2-de-vox-lorca-a-la-alcaldia-asegura-que-su-partido-velara-por-el-comercio-de-calidad-y-la-seguridad-ciudadana\\\/#primaryimage\"},\"image\":{\"@id\":\"https:\\\/\\\/arealorcaradio.es\\\/index.php\\\/2023\\\/05\\\/09\\\/jose-martinez-numero-2-de-vox-lorca-a-la-alcaldia-asegura-que-su-partido-velara-por-el-comercio-de-calidad-y-la-seguridad-ciudadana\\\/#primaryimage\"},\"thumbnailUrl\":\"https:\\\/\\\/arealorcaradio.es\\\/wp-content\\\/uploads\\\/2023\\\/05\\\/20230509_173131-scaled.jpg\",\"datePublished\":\"2023-05-09T17:18:36+00:00\",\"dateModified\":\"2023-05-17T14:16:43+00:00\",\"author\":{\"@id\":\"https:\\\/\\\/arealorcaradio.es\\\/#\\\/schema\\\/person\\\/9fae605fc25b0f2c83c1ab207139bd27\"},\"breadcrumb\":{\"@id\":\"https:\\\/\\\/arealorcaradio.es\\\/index.php\\\/2023\\\/05\\\/09\\\/jose-martinez-numero-2-de-vox-lorca-a-la-alcaldia-asegura-que-su-partido-velara-por-el-comercio-de-calidad-y-la-seguridad-ciudadana\\\/#breadcrumb\"},\"inLanguage\":\"es\",\"potentialAction\":[{\"@type\":\"ReadAction\",\"target\":[\"https:\\\/\\\/arealorcaradio.es\\\/index.php\\\/2023\\\/05\\\/09\\\/jose-martinez-numero-2-de-vox-lorca-a-la-alcaldia-asegura-que-su-partido-velara-por-el-comercio-de-calidad-y-la-seguridad-ciudadana\\\/\"]}]},{\"@type\":\"ImageObject\",\"inLanguage\":\"es\",\"@id\":\"https:\\\/\\\/arealorcaradio.es\\\/index.php\\\/2023\\\/05\\\/09\\\/jose-martinez-numero-2-de-vox-lorca-a-la-alcaldia-asegura-que-su-partido-velara-por-el-comercio-de-calidad-y-la-seguridad-ciudadana\\\/#primaryimage\",\"url\":\"https:\\\/\\\/arealorcaradio.es\\\/wp-content\\\/uploads\\\/2023\\\/05\\\/20230509_173131-scaled.jpg\",\"contentUrl\":\"https:\\\/\\\/arealorcaradio.es\\\/wp-content\\\/uploads\\\/2023\\\/05\\\/20230509_173131-scaled.jpg\",\"width\":2560,\"height\":1920},{\"@type\":\"BreadcrumbList\",\"@id\":\"https:\\\/\\\/arealorcaradio.es\\\/index.php\\\/2023\\\/05\\\/09\\\/jose-martinez-numero-2-de-vox-lorca-a-la-alcaldia-asegura-que-su-partido-velara-por-el-comercio-de-calidad-y-la-seguridad-ciudadana\\\/#breadcrumb\",\"itemListElement\":[{\"@type\":\"ListItem\",\"position\":1,\"name\":\"Portada\",\"item\":\"https:\\\/\\\/arealorcaradio.es\\\/\"},{\"@type\":\"ListItem\",\"position\":2,\"name\":\"Jos\u00e9 Mart\u00ednez n\u00famero 2 de VOX Lorca a la alcald\u00eda asegura que su partido velar\u00e1 por el comercio de calidad y la seguridad ciudadana.\"}]},{\"@type\":\"WebSite\",\"@id\":\"https:\\\/\\\/arealorcaradio.es\\\/#website\",\"url\":\"https:\\\/\\\/arealorcaradio.es\\\/\",\"name\":\"AREA LORCA RADIO\",\"description\":\"Descubre la programaci\u00f3n actual en \u00c1rea Lorca Radio, tu fuente de entrenamiento y noticias locales. Sintoniza ahora y mantente conectado online.\",\"potentialAction\":[{\"@type\":\"SearchAction\",\"target\":{\"@type\":\"EntryPoint\",\"urlTemplate\":\"https:\\\/\\\/arealorcaradio.es\\\/?s={search_term_string}\"},\"query-input\":{\"@type\":\"PropertyValueSpecification\",\"valueRequired\":true,\"valueName\":\"search_term_string\"}}],\"inLanguage\":\"es\"},{\"@type\":\"Person\",\"@id\":\"https:\\\/\\\/arealorcaradio.es\\\/#\\\/schema\\\/person\\\/9fae605fc25b0f2c83c1ab207139bd27\",\"name\":\"Paco S\u00e1nchez\",\"image\":{\"@type\":\"ImageObject\",\"inLanguage\":\"es\",\"@id\":\"https:\\\/\\\/secure.gravatar.com\\\/avatar\\\/d67144e966420fb74aa84c9f2a0103be4724fd14db52b52d3b6bca749f257e79?s=96&d=mm&r=g\",\"url\":\"https:\\\/\\\/secure.gravatar.com\\\/avatar\\\/d67144e966420fb74aa84c9f2a0103be4724fd14db52b52d3b6bca749f257e79?s=96&d=mm&r=g\",\"contentUrl\":\"https:\\\/\\\/secure.gravatar.com\\\/avatar\\\/d67144e966420fb74aa84c9f2a0103be4724fd14db52b52d3b6bca749f257e79?s=96&d=mm&r=g\",\"caption\":\"Paco S\u00e1nchez\"},\"sameAs\":[\"https:\\\/\\\/arealorcaradio.es\"],\"url\":\"https:\\\/\\\/arealorcaradio.es\\\/index.php\\\/author\\\/admin_alorcaradio\\\/\"}]}<\/script>\n<!-- \/ Yoast SEO plugin. -->","yoast_head_json":{"title":"Jos\u00e9 Mart\u00ednez n\u00famero 2 de VOX Lorca a la alcald\u00eda asegura que su partido velar\u00e1 por el comercio de calidad y la seguridad ciudadana. - AREA LORCA RADIO","robots":{"index":"index","follow":"follow","max-snippet":"max-snippet:-1","max-image-preview":"max-image-preview:large","max-video-preview":"max-video-preview:-1"},"canonical":"https:\/\/arealorcaradio.es\/index.php\/2023\/05\/09\/jose-martinez-numero-2-de-vox-lorca-a-la-alcaldia-asegura-que-su-partido-velara-por-el-comercio-de-calidad-y-la-seguridad-ciudadana\/","og_locale":"es_ES","og_type":"article","og_title":"Jos\u00e9 Mart\u00ednez n\u00famero 2 de VOX Lorca a la alcald\u00eda asegura que su partido velar\u00e1 por el comercio de calidad y la seguridad ciudadana. - AREA LORCA RADIO","og_description":"\u00c1REA LORCA RADIO. Jos\u00e9 Mart\u00ednez Garc\u00eda llega a los comicios municipales del pr\u00f3ximo 28 de mayo, seguro de que su formaci\u00f3n pol\u00edtica contar\u00e1 con el apoyo de los lorquinos y que superaran con crecer el numero de dos concejales del pasado 2019. La apuesta por el comercio de calidad, la seguridad ciudadana y regular la [&hellip;]","og_url":"https:\/\/arealorcaradio.es\/index.php\/2023\/05\/09\/jose-martinez-numero-2-de-vox-lorca-a-la-alcaldia-asegura-que-su-partido-velara-por-el-comercio-de-calidad-y-la-seguridad-ciudadana\/","og_site_name":"AREA LORCA RADIO","article_published_time":"2023-05-09T17:18:36+00:00","article_modified_time":"2023-05-17T14:16:43+00:00","og_image":[{"width":2560,"height":1920,"url":"https:\/\/arealorcaradio.es\/wp-content\/uploads\/2023\/05\/20230509_173131-scaled.jpg","type":"image\/jpeg"}],"author":"Paco S\u00e1nchez","twitter_card":"summary_large_image","twitter_misc":{"Escrito por":"Paco S\u00e1nchez","Tiempo de lectura":"1 minuto"},"schema":{"@context":"https:\/\/schema.org","@graph":[{"@type":"Article","@id":"https:\/\/arealorcaradio.es\/index.php\/2023\/05\/09\/jose-martinez-numero-2-de-vox-lorca-a-la-alcaldia-asegura-que-su-partido-velara-por-el-comercio-de-calidad-y-la-seguridad-ciudadana\/#article","isPartOf":{"@id":"https:\/\/arealorcaradio.es\/index.php\/2023\/05\/09\/jose-martinez-numero-2-de-vox-lorca-a-la-alcaldia-asegura-que-su-partido-velara-por-el-comercio-de-calidad-y-la-seguridad-ciudadana\/"},"author":{"name":"Paco S\u00e1nchez","@id":"https:\/\/arealorcaradio.es\/#\/schema\/person\/9fae605fc25b0f2c83c1ab207139bd27"},"headline":"Jos\u00e9 Mart\u00ednez n\u00famero 2 de VOX Lorca a la alcald\u00eda asegura que su partido velar\u00e1 por el comercio de calidad y la seguridad ciudadana.","datePublished":"2023-05-09T17:18:36+00:00","dateModified":"2023-05-17T14:16:43+00:00","mainEntityOfPage":{"@id":"https:\/\/arealorcaradio.es\/index.php\/2023\/05\/09\/jose-martinez-numero-2-de-vox-lorca-a-la-alcaldia-asegura-que-su-partido-velara-por-el-comercio-de-calidad-y-la-seguridad-ciudadana\/"},"wordCount":135,"commentCount":0,"image":{"@id":"https:\/\/arealorcaradio.es\/index.php\/2023\/05\/09\/jose-martinez-numero-2-de-vox-lorca-a-la-alcaldia-asegura-que-su-partido-velara-por-el-comercio-de-calidad-y-la-seguridad-ciudadana\/#primaryimage"},"thumbnailUrl":"https:\/\/arealorcaradio.es\/wp-content\/uploads\/2023\/05\/20230509_173131-scaled.jpg","articleSection":["CAMPA\u00d1A POLITICA"],"inLanguage":"es","potentialAction":[{"@type":"CommentAction","name":"Comment","target":["https:\/\/arealorcaradio.es\/index.php\/2023\/05\/09\/jose-martinez-numero-2-de-vox-lorca-a-la-alcaldia-asegura-que-su-partido-velara-por-el-comercio-de-calidad-y-la-seguridad-ciudadana\/#respond"]}]},{"@type":"WebPage","@id":"https:\/\/arealorcaradio.es\/index.php\/2023\/05\/09\/jose-martinez-numero-2-de-vox-lorca-a-la-alcaldia-asegura-que-su-partido-velara-por-el-comercio-de-calidad-y-la-seguridad-ciudadana\/","url":"https:\/\/arealorcaradio.es\/index.php\/2023\/05\/09\/jose-martinez-numero-2-de-vox-lorca-a-la-alcaldia-asegura-que-su-partido-velara-por-el-comercio-de-calidad-y-la-seguridad-ciudadana\/","name":"Jos\u00e9 Mart\u00ednez n\u00famero 2 de VOX Lorca a la alcald\u00eda asegura que su partido velar\u00e1 por el comercio de calidad y la seguridad ciudadana. - AREA LORCA RADIO","isPartOf":{"@id":"https:\/\/arealorcaradio.es\/#website"},"primaryImageOfPage":{"@id":"https:\/\/arealorcaradio.es\/index.php\/2023\/05\/09\/jose-martinez-numero-2-de-vox-lorca-a-la-alcaldia-asegura-que-su-partido-velara-por-el-comercio-de-calidad-y-la-seguridad-ciudadana\/#primaryimage"},"image":{"@id":"https:\/\/arealorcaradio.es\/index.php\/2023\/05\/09\/jose-martinez-numero-2-de-vox-lorca-a-la-alcaldia-asegura-que-su-partido-velara-por-el-comercio-de-calidad-y-la-seguridad-ciudadana\/#primaryimage"},"thumbnailUrl":"https:\/\/arealorcaradio.es\/wp-content\/uploads\/2023\/05\/20230509_173131-scaled.jpg","datePublished":"2023-05-09T17:18:36+00:00","dateModified":"2023-05-17T14:16:43+00:00","author":{"@id":"https:\/\/arealorcaradio.es\/#\/schema\/person\/9fae605fc25b0f2c83c1ab207139bd27"},"breadcrumb":{"@id":"https:\/\/arealorcaradio.es\/index.php\/2023\/05\/09\/jose-martinez-numero-2-de-vox-lorca-a-la-alcaldia-asegura-que-su-partido-velara-por-el-comercio-de-calidad-y-la-seguridad-ciudadana\/#breadcrumb"},"inLanguage":"es","potentialAction":[{"@type":"ReadAction","target":["https:\/\/arealorcaradio.es\/index.php\/2023\/05\/09\/jose-martinez-numero-2-de-vox-lorca-a-la-alcaldia-asegura-que-su-partido-velara-por-el-comercio-de-calidad-y-la-seguridad-ciudadana\/"]}]},{"@type":"ImageObject","inLanguage":"es","@id":"https:\/\/arealorcaradio.es\/index.php\/2023\/05\/09\/jose-martinez-numero-2-de-vox-lorca-a-la-alcaldia-asegura-que-su-partido-velara-por-el-comercio-de-calidad-y-la-seguridad-ciudadana\/#primaryimage","url":"https:\/\/arealorcaradio.es\/wp-content\/uploads\/2023\/05\/20230509_173131-scaled.jpg","contentUrl":"https:\/\/arealorcaradio.es\/wp-content\/uploads\/2023\/05\/20230509_173131-scaled.jpg","width":2560,"height":1920},{"@type":"BreadcrumbList","@id":"https:\/\/arealorcaradio.es\/index.php\/2023\/05\/09\/jose-martinez-numero-2-de-vox-lorca-a-la-alcaldia-asegura-que-su-partido-velara-por-el-comercio-de-calidad-y-la-seguridad-ciudadana\/#breadcrumb","itemListElement":[{"@type":"ListItem","position":1,"name":"Portada","item":"https:\/\/arealorcaradio.es\/"},{"@type":"ListItem","position":2,"name":"Jos\u00e9 Mart\u00ednez n\u00famero 2 de VOX Lorca a la alcald\u00eda asegura que su partido velar\u00e1 por el comercio de calidad y la seguridad ciudadana."}]},{"@type":"WebSite","@id":"https:\/\/arealorcaradio.es\/#website","url":"https:\/\/arealorcaradio.es\/","name":"AREA LORCA RADIO","description":"Descubre la programaci\u00f3n actual en \u00c1rea Lorca Radio, tu fuente de entrenamiento y noticias locales. Sintoniza ahora y mantente conectado online.","potentialAction":[{"@type":"SearchAction","target":{"@type":"EntryPoint","urlTemplate":"https:\/\/arealorcaradio.es\/?s={search_term_string}"},"query-input":{"@type":"PropertyValueSpecification","valueRequired":true,"valueName":"search_term_string"}}],"inLanguage":"es"},{"@type":"Person","@id":"https:\/\/arealorcaradio.es\/#\/schema\/person\/9fae605fc25b0f2c83c1ab207139bd27","name":"Paco S\u00e1nchez","image":{"@type":"ImageObject","inLanguage":"es","@id":"https:\/\/secure.gravatar.com\/avatar\/d67144e966420fb74aa84c9f2a0103be4724fd14db52b52d3b6bca749f257e79?s=96&d=mm&r=g","url":"https:\/\/secure.gravatar.com\/avatar\/d67144e966420fb74aa84c9f2a0103be4724fd14db52b52d3b6bca749f257e79?s=96&d=mm&r=g","contentUrl":"https:\/\/secure.gravatar.com\/avatar\/d67144e966420fb74aa84c9f2a0103be4724fd14db52b52d3b6bca749f257e79?s=96&d=mm&r=g","caption":"Paco S\u00e1nchez"},"sameAs":["https:\/\/arealorcaradio.es"],"url":"https:\/\/arealorcaradio.es\/index.php\/author\/admin_alorcaradio\/"}]}},"_links":{"self":[{"href":"https:\/\/arealorcaradio.es\/index.php\/wp-json\/wp\/v2\/posts\/806","targetHints":{"allow":["GET"]}}],"collection":[{"href":"https:\/\/arealorcaradio.es\/index.php\/wp-json\/wp\/v2\/posts"}],"about":[{"href":"https:\/\/arealorcaradio.es\/index.php\/wp-json\/wp\/v2\/types\/post"}],"author":[{"embeddable":true,"href":"https:\/\/arealorcaradio.es\/index.php\/wp-json\/wp\/v2\/users\/1"}],"replies":[{"embeddable":true,"href":"https:\/\/arealorcaradio.es\/index.php\/wp-json\/wp\/v2\/comments?post=806"}],"version-history":[{"count":1,"href":"https:\/\/arealorcaradio.es\/index.php\/wp-json\/wp\/v2\/posts\/806\/revisions"}],"predecessor-version":[{"id":809,"href":"https:\/\/arealorcaradio.es\/index.php\/wp-json\/wp\/v2\/posts\/806\/revisions\/809"}],"wp:featuredmedia":[{"embeddable":true,"href":"https:\/\/arealorcaradio.es\/index.php\/wp-json\/wp\/v2\/media\/808"}],"wp:attachment":[{"href":"https:\/\/arealorcaradio.es\/index.php\/wp-json\/wp\/v2\/media?parent=806"}],"wp:term":[{"taxonomy":"category","embeddable":true,"href":"https:\/\/arealorcaradio.es\/index.php\/wp-json\/wp\/v2\/categories?post=806"},{"taxonomy":"post_tag","embeddable":true,"href":"https:\/\/arealorcaradio.es\/index.php\/wp-json\/wp\/v2\/tags?post=806"}],"curies":[{"name":"wp","href":"https:\/\/api.w.org\/{rel}","templated":true}]}}