{"id":8057,"date":"2025-10-02T16:23:20","date_gmt":"2025-10-02T16:23:20","guid":{"rendered":"https:\/\/arealorcaradio.es\/?p=8057"},"modified":"2025-10-02T16:23:20","modified_gmt":"2025-10-02T16:23:20","slug":"lorca-cuenta-con-la-sede-del-primer-club-de-mondioring-de-la-region-de-murcia","status":"publish","type":"post","link":"https:\/\/arealorcaradio.es\/index.php\/2025\/10\/02\/lorca-cuenta-con-la-sede-del-primer-club-de-mondioring-de-la-region-de-murcia\/","title":{"rendered":"Lorca cuenta con la sede del primer club de Mondioring de la Regi\u00f3n de Murcia"},"content":{"rendered":"<p><strong>\u00c1REA LORCA RADIO. Deporte canino.<\/strong><\/p>\n<p>Escucha aqu\u00ed la entrevista que han concedido a Paco S\u00e1nchez en el programa magazine de \u00c1rea Lorca Radio, dos de los miembros de este club lorquino de Mondioring, IGP y detecci\u00f3n, Paco Gonz\u00e1lez y Juanjo Garc\u00eda, propietarios de los perros Zul\u00fa y Ron respectivamente, este \u00faltimo junto a Juanjo Garc\u00eda son agentes de estupefacientes de la Polic\u00eda Local de Lorca. En el caso de Paco, acaba de adquirir un perro de tan solo cuatro meses llegado desde Austria con el que ya trabaja en su adiestramiento.<\/p>\n<p>La diputaci\u00f3n lorquina de Campillo es la sede del club Lor-K9, que ya es el primer club de Mondioring de la Regi\u00f3n de Murcia. En la actualidad cuenta con ocho miembros, algunos de ellos llegados desde \u00c1guilas, puntos de la Regi\u00f3n de Murcia y Comunidad Valenciana.<\/p>\n<audio class=\"wp-audio-shortcode\" id=\"audio-8057-1\" preload=\"none\" style=\"width: 100%;\" controls=\"controls\"><source type=\"audio\/mpeg\" src=\"https:\/\/arealorcaradio.es\/wp-content\/uploads\/2025\/10\/021025-PACO-GONZALEZ-Y-JUANJO-GARCIA.-PERROS-MONDIORIN.mp3?_=1\" \/><a href=\"https:\/\/arealorcaradio.es\/wp-content\/uploads\/2025\/10\/021025-PACO-GONZALEZ-Y-JUANJO-GARCIA.-PERROS-MONDIORIN.mp3\">https:\/\/arealorcaradio.es\/wp-content\/uploads\/2025\/10\/021025-PACO-GONZALEZ-Y-JUANJO-GARCIA.-PERROS-MONDIORIN.mp3<\/a><\/audio>\n<p><img loading=\"lazy\" decoding=\"async\" class=\"alignnone size-medium wp-image-8060\" src=\"https:\/\/arealorcaradio.es\/wp-content\/uploads\/2025\/10\/Paco-y-Juanjo.-LorK9-1-225x300.jpg\" alt=\"\" width=\"225\" height=\"300\" srcset=\"https:\/\/arealorcaradio.es\/wp-content\/uploads\/2025\/10\/Paco-y-Juanjo.-LorK9-1-225x300.jpg 225w, https:\/\/arealorcaradio.es\/wp-content\/uploads\/2025\/10\/Paco-y-Juanjo.-LorK9-1-768x1024.jpg 768w, https:\/\/arealorcaradio.es\/wp-content\/uploads\/2025\/10\/Paco-y-Juanjo.-LorK9-1-1152x1536.jpg 1152w, https:\/\/arealorcaradio.es\/wp-content\/uploads\/2025\/10\/Paco-y-Juanjo.-LorK9-1-1536x2048.jpg 1536w, https:\/\/arealorcaradio.es\/wp-content\/uploads\/2025\/10\/Paco-y-Juanjo.-LorK9-1-scaled.jpg 1920w\" sizes=\"auto, (max-width: 225px) 100vw, 225px\" \/> <img loading=\"lazy\" decoding=\"async\" class=\"alignnone size-medium wp-image-8071\" src=\"https:\/\/arealorcaradio.es\/wp-content\/uploads\/2025\/10\/IMG-20251002-WA0049-206x300.jpg\" alt=\"\" width=\"206\" height=\"300\" srcset=\"https:\/\/arealorcaradio.es\/wp-content\/uploads\/2025\/10\/IMG-20251002-WA0049-206x300.jpg 206w, https:\/\/arealorcaradio.es\/wp-content\/uploads\/2025\/10\/IMG-20251002-WA0049-701x1024.jpg 701w, https:\/\/arealorcaradio.es\/wp-content\/uploads\/2025\/10\/IMG-20251002-WA0049-768x1121.jpg 768w, https:\/\/arealorcaradio.es\/wp-content\/uploads\/2025\/10\/IMG-20251002-WA0049-1052x1536.jpg 1052w, https:\/\/arealorcaradio.es\/wp-content\/uploads\/2025\/10\/IMG-20251002-WA0049.jpg 1096w\" sizes=\"auto, (max-width: 206px) 100vw, 206px\" \/> <img loading=\"lazy\" decoding=\"async\" class=\"alignnone size-medium wp-image-8072\" src=\"https:\/\/arealorcaradio.es\/wp-content\/uploads\/2025\/10\/IMG-20251002-WA0053-240x300.jpg\" alt=\"\" width=\"240\" height=\"300\" srcset=\"https:\/\/arealorcaradio.es\/wp-content\/uploads\/2025\/10\/IMG-20251002-WA0053-240x300.jpg 240w, https:\/\/arealorcaradio.es\/wp-content\/uploads\/2025\/10\/IMG-20251002-WA0053-819x1024.jpg 819w, https:\/\/arealorcaradio.es\/wp-content\/uploads\/2025\/10\/IMG-20251002-WA0053-768x960.jpg 768w, https:\/\/arealorcaradio.es\/wp-content\/uploads\/2025\/10\/IMG-20251002-WA0053-1229x1536.jpg 1229w, https:\/\/arealorcaradio.es\/wp-content\/uploads\/2025\/10\/IMG-20251002-WA0053.jpg 1280w\" sizes=\"auto, (max-width: 240px) 100vw, 240px\" \/> <img loading=\"lazy\" decoding=\"async\" class=\"alignnone size-medium wp-image-8073\" src=\"https:\/\/arealorcaradio.es\/wp-content\/uploads\/2025\/10\/IMG-20251002-WA0051-278x300.jpg\" alt=\"\" width=\"278\" height=\"300\" srcset=\"https:\/\/arealorcaradio.es\/wp-content\/uploads\/2025\/10\/IMG-20251002-WA0051-278x300.jpg 278w, https:\/\/arealorcaradio.es\/wp-content\/uploads\/2025\/10\/IMG-20251002-WA0051-949x1024.jpg 949w, https:\/\/arealorcaradio.es\/wp-content\/uploads\/2025\/10\/IMG-20251002-WA0051-768x828.jpg 768w, https:\/\/arealorcaradio.es\/wp-content\/uploads\/2025\/10\/IMG-20251002-WA0051.jpg 1283w\" sizes=\"auto, (max-width: 278px) 100vw, 278px\" \/> <img loading=\"lazy\" decoding=\"async\" class=\"alignnone size-medium wp-image-8074\" src=\"https:\/\/arealorcaradio.es\/wp-content\/uploads\/2025\/10\/IMG-20251002-WA0054-300x240.jpg\" alt=\"\" width=\"300\" height=\"240\" srcset=\"https:\/\/arealorcaradio.es\/wp-content\/uploads\/2025\/10\/IMG-20251002-WA0054-300x240.jpg 300w, https:\/\/arealorcaradio.es\/wp-content\/uploads\/2025\/10\/IMG-20251002-WA0054-1024x819.jpg 1024w, https:\/\/arealorcaradio.es\/wp-content\/uploads\/2025\/10\/IMG-20251002-WA0054-768x614.jpg 768w, https:\/\/arealorcaradio.es\/wp-content\/uploads\/2025\/10\/IMG-20251002-WA0054-1536x1229.jpg 1536w, https:\/\/arealorcaradio.es\/wp-content\/uploads\/2025\/10\/IMG-20251002-WA0054.jpg 1600w\" sizes=\"auto, (max-width: 300px) 100vw, 300px\" \/> <img loading=\"lazy\" decoding=\"async\" class=\"alignnone size-medium wp-image-8076\" src=\"https:\/\/arealorcaradio.es\/wp-content\/uploads\/2025\/10\/IMG-20251002-WA0052-300x219.jpg\" alt=\"\" width=\"300\" height=\"219\" srcset=\"https:\/\/arealorcaradio.es\/wp-content\/uploads\/2025\/10\/IMG-20251002-WA0052-300x219.jpg 300w, https:\/\/arealorcaradio.es\/wp-content\/uploads\/2025\/10\/IMG-20251002-WA0052-1024x749.jpg 1024w, https:\/\/arealorcaradio.es\/wp-content\/uploads\/2025\/10\/IMG-20251002-WA0052-768x562.jpg 768w, https:\/\/arealorcaradio.es\/wp-content\/uploads\/2025\/10\/IMG-20251002-WA0052-86x64.jpg 86w, https:\/\/arealorcaradio.es\/wp-content\/uploads\/2025\/10\/IMG-20251002-WA0052.jpg 1284w\" sizes=\"auto, (max-width: 300px) 100vw, 300px\" \/> <img loading=\"lazy\" decoding=\"async\" class=\"alignnone size-medium wp-image-8077\" src=\"https:\/\/arealorcaradio.es\/wp-content\/uploads\/2025\/10\/IMG-20251002-WA0048-300x171.jpg\" alt=\"\" width=\"300\" height=\"171\" srcset=\"https:\/\/arealorcaradio.es\/wp-content\/uploads\/2025\/10\/IMG-20251002-WA0048-300x171.jpg 300w, https:\/\/arealorcaradio.es\/wp-content\/uploads\/2025\/10\/IMG-20251002-WA0048-1024x584.jpg 1024w, https:\/\/arealorcaradio.es\/wp-content\/uploads\/2025\/10\/IMG-20251002-WA0048-768x438.jpg 768w, https:\/\/arealorcaradio.es\/wp-content\/uploads\/2025\/10\/IMG-20251002-WA0048-750x430.jpg 750w, https:\/\/arealorcaradio.es\/wp-content\/uploads\/2025\/10\/IMG-20251002-WA0048.jpg 1233w\" sizes=\"auto, (max-width: 300px) 100vw, 300px\" \/><\/p>\n","protected":false},"excerpt":{"rendered":"<p>\u00c1REA LORCA RADIO. Deporte canino. Escucha aqu\u00ed la entrevista que han concedido a Paco S\u00e1nchez en el programa magazine de \u00c1rea Lorca Radio, dos de los miembros de este club lorquino de Mondioring, IGP y detecci\u00f3n, Paco Gonz\u00e1lez y Juanjo Garc\u00eda, propietarios de los perros Zul\u00fa y Ron respectivamente, este \u00faltimo junto a Juanjo Garc\u00eda [&hellip;]<\/p>\n","protected":false},"author":1,"featured_media":8059,"comment_status":"open","ping_status":"open","sticky":false,"template":"","format":"standard","meta":{"iawp_total_views":436,"footnotes":""},"categories":[5,7],"tags":[],"class_list":["post-8057","post","type-post","status-publish","format-standard","has-post-thumbnail","hentry","category-actualidad","category-lorca"],"yoast_head":"<!-- This site is optimized with the Yoast SEO plugin v27.5 - https:\/\/yoast.com\/product\/yoast-seo-wordpress\/ -->\n<title>Lorca cuenta con la sede del primer club de Mondioring de la Regi\u00f3n de Murcia - AREA LORCA RADIO<\/title>\n<meta name=\"robots\" content=\"index, follow, max-snippet:-1, max-image-preview:large, max-video-preview:-1\" \/>\n<link rel=\"canonical\" href=\"https:\/\/arealorcaradio.es\/index.php\/2025\/10\/02\/lorca-cuenta-con-la-sede-del-primer-club-de-mondioring-de-la-region-de-murcia\/\" \/>\n<meta property=\"og:locale\" content=\"es_ES\" \/>\n<meta property=\"og:type\" content=\"article\" \/>\n<meta property=\"og:title\" content=\"Lorca cuenta con la sede del primer club de Mondioring de la Regi\u00f3n de Murcia - AREA LORCA RADIO\" \/>\n<meta property=\"og:description\" content=\"\u00c1REA LORCA RADIO. Deporte canino. Escucha aqu\u00ed la entrevista que han concedido a Paco S\u00e1nchez en el programa magazine de \u00c1rea Lorca Radio, dos de los miembros de este club lorquino de Mondioring, IGP y detecci\u00f3n, Paco Gonz\u00e1lez y Juanjo Garc\u00eda, propietarios de los perros Zul\u00fa y Ron respectivamente, este \u00faltimo junto a Juanjo Garc\u00eda [&hellip;]\" \/>\n<meta property=\"og:url\" content=\"https:\/\/arealorcaradio.es\/index.php\/2025\/10\/02\/lorca-cuenta-con-la-sede-del-primer-club-de-mondioring-de-la-region-de-murcia\/\" \/>\n<meta property=\"og:site_name\" content=\"AREA LORCA RADIO\" \/>\n<meta property=\"article:published_time\" content=\"2025-10-02T16:23:20+00:00\" \/>\n<meta property=\"og:image\" content=\"https:\/\/arealorcaradio.es\/wp-content\/uploads\/2025\/10\/Paco-y-Juanjo.-LorK9-2-scaled.jpg\" \/>\n\t<meta property=\"og:image:width\" content=\"2560\" \/>\n\t<meta property=\"og:image:height\" content=\"1920\" \/>\n\t<meta property=\"og:image:type\" content=\"image\/jpeg\" \/>\n<meta name=\"author\" content=\"Paco S\u00e1nchez\" \/>\n<meta name=\"twitter:card\" content=\"summary_large_image\" \/>\n<meta name=\"twitter:label1\" content=\"Escrito por\" \/>\n\t<meta name=\"twitter:data1\" content=\"Paco S\u00e1nchez\" \/>\n\t<meta name=\"twitter:label2\" content=\"Tiempo de lectura\" \/>\n\t<meta name=\"twitter:data2\" content=\"3 minutos\" \/>\n<script type=\"application\/ld+json\" class=\"yoast-schema-graph\">{\"@context\":\"https:\\\/\\\/schema.org\",\"@graph\":[{\"@type\":\"Article\",\"@id\":\"https:\\\/\\\/arealorcaradio.es\\\/index.php\\\/2025\\\/10\\\/02\\\/lorca-cuenta-con-la-sede-del-primer-club-de-mondioring-de-la-region-de-murcia\\\/#article\",\"isPartOf\":{\"@id\":\"https:\\\/\\\/arealorcaradio.es\\\/index.php\\\/2025\\\/10\\\/02\\\/lorca-cuenta-con-la-sede-del-primer-club-de-mondioring-de-la-region-de-murcia\\\/\"},\"author\":{\"name\":\"Paco S\u00e1nchez\",\"@id\":\"https:\\\/\\\/arealorcaradio.es\\\/#\\\/schema\\\/person\\\/9fae605fc25b0f2c83c1ab207139bd27\"},\"headline\":\"Lorca cuenta con la sede del primer club de Mondioring de la Regi\u00f3n de Murcia\",\"datePublished\":\"2025-10-02T16:23:20+00:00\",\"mainEntityOfPage\":{\"@id\":\"https:\\\/\\\/arealorcaradio.es\\\/index.php\\\/2025\\\/10\\\/02\\\/lorca-cuenta-con-la-sede-del-primer-club-de-mondioring-de-la-region-de-murcia\\\/\"},\"wordCount\":173,\"commentCount\":0,\"image\":{\"@id\":\"https:\\\/\\\/arealorcaradio.es\\\/index.php\\\/2025\\\/10\\\/02\\\/lorca-cuenta-con-la-sede-del-primer-club-de-mondioring-de-la-region-de-murcia\\\/#primaryimage\"},\"thumbnailUrl\":\"https:\\\/\\\/arealorcaradio.es\\\/wp-content\\\/uploads\\\/2025\\\/10\\\/Paco-y-Juanjo.-LorK9-2-scaled.jpg\",\"articleSection\":[\"ACTUALIDAD\",\"LORCA\"],\"inLanguage\":\"es\",\"potentialAction\":[{\"@type\":\"CommentAction\",\"name\":\"Comment\",\"target\":[\"https:\\\/\\\/arealorcaradio.es\\\/index.php\\\/2025\\\/10\\\/02\\\/lorca-cuenta-con-la-sede-del-primer-club-de-mondioring-de-la-region-de-murcia\\\/#respond\"]}]},{\"@type\":\"WebPage\",\"@id\":\"https:\\\/\\\/arealorcaradio.es\\\/index.php\\\/2025\\\/10\\\/02\\\/lorca-cuenta-con-la-sede-del-primer-club-de-mondioring-de-la-region-de-murcia\\\/\",\"url\":\"https:\\\/\\\/arealorcaradio.es\\\/index.php\\\/2025\\\/10\\\/02\\\/lorca-cuenta-con-la-sede-del-primer-club-de-mondioring-de-la-region-de-murcia\\\/\",\"name\":\"Lorca cuenta con la sede del primer club de Mondioring de la Regi\u00f3n de Murcia - AREA LORCA RADIO\",\"isPartOf\":{\"@id\":\"https:\\\/\\\/arealorcaradio.es\\\/#website\"},\"primaryImageOfPage\":{\"@id\":\"https:\\\/\\\/arealorcaradio.es\\\/index.php\\\/2025\\\/10\\\/02\\\/lorca-cuenta-con-la-sede-del-primer-club-de-mondioring-de-la-region-de-murcia\\\/#primaryimage\"},\"image\":{\"@id\":\"https:\\\/\\\/arealorcaradio.es\\\/index.php\\\/2025\\\/10\\\/02\\\/lorca-cuenta-con-la-sede-del-primer-club-de-mondioring-de-la-region-de-murcia\\\/#primaryimage\"},\"thumbnailUrl\":\"https:\\\/\\\/arealorcaradio.es\\\/wp-content\\\/uploads\\\/2025\\\/10\\\/Paco-y-Juanjo.-LorK9-2-scaled.jpg\",\"datePublished\":\"2025-10-02T16:23:20+00:00\",\"author\":{\"@id\":\"https:\\\/\\\/arealorcaradio.es\\\/#\\\/schema\\\/person\\\/9fae605fc25b0f2c83c1ab207139bd27\"},\"breadcrumb\":{\"@id\":\"https:\\\/\\\/arealorcaradio.es\\\/index.php\\\/2025\\\/10\\\/02\\\/lorca-cuenta-con-la-sede-del-primer-club-de-mondioring-de-la-region-de-murcia\\\/#breadcrumb\"},\"inLanguage\":\"es\",\"potentialAction\":[{\"@type\":\"ReadAction\",\"target\":[\"https:\\\/\\\/arealorcaradio.es\\\/index.php\\\/2025\\\/10\\\/02\\\/lorca-cuenta-con-la-sede-del-primer-club-de-mondioring-de-la-region-de-murcia\\\/\"]}]},{\"@type\":\"ImageObject\",\"inLanguage\":\"es\",\"@id\":\"https:\\\/\\\/arealorcaradio.es\\\/index.php\\\/2025\\\/10\\\/02\\\/lorca-cuenta-con-la-sede-del-primer-club-de-mondioring-de-la-region-de-murcia\\\/#primaryimage\",\"url\":\"https:\\\/\\\/arealorcaradio.es\\\/wp-content\\\/uploads\\\/2025\\\/10\\\/Paco-y-Juanjo.-LorK9-2-scaled.jpg\",\"contentUrl\":\"https:\\\/\\\/arealorcaradio.es\\\/wp-content\\\/uploads\\\/2025\\\/10\\\/Paco-y-Juanjo.-LorK9-2-scaled.jpg\",\"width\":2560,\"height\":1920},{\"@type\":\"BreadcrumbList\",\"@id\":\"https:\\\/\\\/arealorcaradio.es\\\/index.php\\\/2025\\\/10\\\/02\\\/lorca-cuenta-con-la-sede-del-primer-club-de-mondioring-de-la-region-de-murcia\\\/#breadcrumb\",\"itemListElement\":[{\"@type\":\"ListItem\",\"position\":1,\"name\":\"Portada\",\"item\":\"https:\\\/\\\/arealorcaradio.es\\\/\"},{\"@type\":\"ListItem\",\"position\":2,\"name\":\"Lorca cuenta con la sede del primer club de Mondioring de la Regi\u00f3n de Murcia\"}]},{\"@type\":\"WebSite\",\"@id\":\"https:\\\/\\\/arealorcaradio.es\\\/#website\",\"url\":\"https:\\\/\\\/arealorcaradio.es\\\/\",\"name\":\"AREA LORCA RADIO\",\"description\":\"Descubre la programaci\u00f3n actual en \u00c1rea Lorca Radio, tu fuente de entrenamiento y noticias locales. Sintoniza ahora y mantente conectado online.\",\"potentialAction\":[{\"@type\":\"SearchAction\",\"target\":{\"@type\":\"EntryPoint\",\"urlTemplate\":\"https:\\\/\\\/arealorcaradio.es\\\/?s={search_term_string}\"},\"query-input\":{\"@type\":\"PropertyValueSpecification\",\"valueRequired\":true,\"valueName\":\"search_term_string\"}}],\"inLanguage\":\"es\"},{\"@type\":\"Person\",\"@id\":\"https:\\\/\\\/arealorcaradio.es\\\/#\\\/schema\\\/person\\\/9fae605fc25b0f2c83c1ab207139bd27\",\"name\":\"Paco S\u00e1nchez\",\"image\":{\"@type\":\"ImageObject\",\"inLanguage\":\"es\",\"@id\":\"https:\\\/\\\/secure.gravatar.com\\\/avatar\\\/d67144e966420fb74aa84c9f2a0103be4724fd14db52b52d3b6bca749f257e79?s=96&d=mm&r=g\",\"url\":\"https:\\\/\\\/secure.gravatar.com\\\/avatar\\\/d67144e966420fb74aa84c9f2a0103be4724fd14db52b52d3b6bca749f257e79?s=96&d=mm&r=g\",\"contentUrl\":\"https:\\\/\\\/secure.gravatar.com\\\/avatar\\\/d67144e966420fb74aa84c9f2a0103be4724fd14db52b52d3b6bca749f257e79?s=96&d=mm&r=g\",\"caption\":\"Paco S\u00e1nchez\"},\"sameAs\":[\"https:\\\/\\\/arealorcaradio.es\"],\"url\":\"https:\\\/\\\/arealorcaradio.es\\\/index.php\\\/author\\\/admin_alorcaradio\\\/\"}]}<\/script>\n<!-- \/ Yoast SEO plugin. -->","yoast_head_json":{"title":"Lorca cuenta con la sede del primer club de Mondioring de la Regi\u00f3n de Murcia - AREA LORCA RADIO","robots":{"index":"index","follow":"follow","max-snippet":"max-snippet:-1","max-image-preview":"max-image-preview:large","max-video-preview":"max-video-preview:-1"},"canonical":"https:\/\/arealorcaradio.es\/index.php\/2025\/10\/02\/lorca-cuenta-con-la-sede-del-primer-club-de-mondioring-de-la-region-de-murcia\/","og_locale":"es_ES","og_type":"article","og_title":"Lorca cuenta con la sede del primer club de Mondioring de la Regi\u00f3n de Murcia - AREA LORCA RADIO","og_description":"\u00c1REA LORCA RADIO. Deporte canino. Escucha aqu\u00ed la entrevista que han concedido a Paco S\u00e1nchez en el programa magazine de \u00c1rea Lorca Radio, dos de los miembros de este club lorquino de Mondioring, IGP y detecci\u00f3n, Paco Gonz\u00e1lez y Juanjo Garc\u00eda, propietarios de los perros Zul\u00fa y Ron respectivamente, este \u00faltimo junto a Juanjo Garc\u00eda [&hellip;]","og_url":"https:\/\/arealorcaradio.es\/index.php\/2025\/10\/02\/lorca-cuenta-con-la-sede-del-primer-club-de-mondioring-de-la-region-de-murcia\/","og_site_name":"AREA LORCA RADIO","article_published_time":"2025-10-02T16:23:20+00:00","og_image":[{"width":2560,"height":1920,"url":"https:\/\/arealorcaradio.es\/wp-content\/uploads\/2025\/10\/Paco-y-Juanjo.-LorK9-2-scaled.jpg","type":"image\/jpeg"}],"author":"Paco S\u00e1nchez","twitter_card":"summary_large_image","twitter_misc":{"Escrito por":"Paco S\u00e1nchez","Tiempo de lectura":"3 minutos"},"schema":{"@context":"https:\/\/schema.org","@graph":[{"@type":"Article","@id":"https:\/\/arealorcaradio.es\/index.php\/2025\/10\/02\/lorca-cuenta-con-la-sede-del-primer-club-de-mondioring-de-la-region-de-murcia\/#article","isPartOf":{"@id":"https:\/\/arealorcaradio.es\/index.php\/2025\/10\/02\/lorca-cuenta-con-la-sede-del-primer-club-de-mondioring-de-la-region-de-murcia\/"},"author":{"name":"Paco S\u00e1nchez","@id":"https:\/\/arealorcaradio.es\/#\/schema\/person\/9fae605fc25b0f2c83c1ab207139bd27"},"headline":"Lorca cuenta con la sede del primer club de Mondioring de la Regi\u00f3n de Murcia","datePublished":"2025-10-02T16:23:20+00:00","mainEntityOfPage":{"@id":"https:\/\/arealorcaradio.es\/index.php\/2025\/10\/02\/lorca-cuenta-con-la-sede-del-primer-club-de-mondioring-de-la-region-de-murcia\/"},"wordCount":173,"commentCount":0,"image":{"@id":"https:\/\/arealorcaradio.es\/index.php\/2025\/10\/02\/lorca-cuenta-con-la-sede-del-primer-club-de-mondioring-de-la-region-de-murcia\/#primaryimage"},"thumbnailUrl":"https:\/\/arealorcaradio.es\/wp-content\/uploads\/2025\/10\/Paco-y-Juanjo.-LorK9-2-scaled.jpg","articleSection":["ACTUALIDAD","LORCA"],"inLanguage":"es","potentialAction":[{"@type":"CommentAction","name":"Comment","target":["https:\/\/arealorcaradio.es\/index.php\/2025\/10\/02\/lorca-cuenta-con-la-sede-del-primer-club-de-mondioring-de-la-region-de-murcia\/#respond"]}]},{"@type":"WebPage","@id":"https:\/\/arealorcaradio.es\/index.php\/2025\/10\/02\/lorca-cuenta-con-la-sede-del-primer-club-de-mondioring-de-la-region-de-murcia\/","url":"https:\/\/arealorcaradio.es\/index.php\/2025\/10\/02\/lorca-cuenta-con-la-sede-del-primer-club-de-mondioring-de-la-region-de-murcia\/","name":"Lorca cuenta con la sede del primer club de Mondioring de la Regi\u00f3n de Murcia - AREA LORCA RADIO","isPartOf":{"@id":"https:\/\/arealorcaradio.es\/#website"},"primaryImageOfPage":{"@id":"https:\/\/arealorcaradio.es\/index.php\/2025\/10\/02\/lorca-cuenta-con-la-sede-del-primer-club-de-mondioring-de-la-region-de-murcia\/#primaryimage"},"image":{"@id":"https:\/\/arealorcaradio.es\/index.php\/2025\/10\/02\/lorca-cuenta-con-la-sede-del-primer-club-de-mondioring-de-la-region-de-murcia\/#primaryimage"},"thumbnailUrl":"https:\/\/arealorcaradio.es\/wp-content\/uploads\/2025\/10\/Paco-y-Juanjo.-LorK9-2-scaled.jpg","datePublished":"2025-10-02T16:23:20+00:00","author":{"@id":"https:\/\/arealorcaradio.es\/#\/schema\/person\/9fae605fc25b0f2c83c1ab207139bd27"},"breadcrumb":{"@id":"https:\/\/arealorcaradio.es\/index.php\/2025\/10\/02\/lorca-cuenta-con-la-sede-del-primer-club-de-mondioring-de-la-region-de-murcia\/#breadcrumb"},"inLanguage":"es","potentialAction":[{"@type":"ReadAction","target":["https:\/\/arealorcaradio.es\/index.php\/2025\/10\/02\/lorca-cuenta-con-la-sede-del-primer-club-de-mondioring-de-la-region-de-murcia\/"]}]},{"@type":"ImageObject","inLanguage":"es","@id":"https:\/\/arealorcaradio.es\/index.php\/2025\/10\/02\/lorca-cuenta-con-la-sede-del-primer-club-de-mondioring-de-la-region-de-murcia\/#primaryimage","url":"https:\/\/arealorcaradio.es\/wp-content\/uploads\/2025\/10\/Paco-y-Juanjo.-LorK9-2-scaled.jpg","contentUrl":"https:\/\/arealorcaradio.es\/wp-content\/uploads\/2025\/10\/Paco-y-Juanjo.-LorK9-2-scaled.jpg","width":2560,"height":1920},{"@type":"BreadcrumbList","@id":"https:\/\/arealorcaradio.es\/index.php\/2025\/10\/02\/lorca-cuenta-con-la-sede-del-primer-club-de-mondioring-de-la-region-de-murcia\/#breadcrumb","itemListElement":[{"@type":"ListItem","position":1,"name":"Portada","item":"https:\/\/arealorcaradio.es\/"},{"@type":"ListItem","position":2,"name":"Lorca cuenta con la sede del primer club de Mondioring de la Regi\u00f3n de Murcia"}]},{"@type":"WebSite","@id":"https:\/\/arealorcaradio.es\/#website","url":"https:\/\/arealorcaradio.es\/","name":"AREA LORCA RADIO","description":"Descubre la programaci\u00f3n actual en \u00c1rea Lorca Radio, tu fuente de entrenamiento y noticias locales. Sintoniza ahora y mantente conectado online.","potentialAction":[{"@type":"SearchAction","target":{"@type":"EntryPoint","urlTemplate":"https:\/\/arealorcaradio.es\/?s={search_term_string}"},"query-input":{"@type":"PropertyValueSpecification","valueRequired":true,"valueName":"search_term_string"}}],"inLanguage":"es"},{"@type":"Person","@id":"https:\/\/arealorcaradio.es\/#\/schema\/person\/9fae605fc25b0f2c83c1ab207139bd27","name":"Paco S\u00e1nchez","image":{"@type":"ImageObject","inLanguage":"es","@id":"https:\/\/secure.gravatar.com\/avatar\/d67144e966420fb74aa84c9f2a0103be4724fd14db52b52d3b6bca749f257e79?s=96&d=mm&r=g","url":"https:\/\/secure.gravatar.com\/avatar\/d67144e966420fb74aa84c9f2a0103be4724fd14db52b52d3b6bca749f257e79?s=96&d=mm&r=g","contentUrl":"https:\/\/secure.gravatar.com\/avatar\/d67144e966420fb74aa84c9f2a0103be4724fd14db52b52d3b6bca749f257e79?s=96&d=mm&r=g","caption":"Paco S\u00e1nchez"},"sameAs":["https:\/\/arealorcaradio.es"],"url":"https:\/\/arealorcaradio.es\/index.php\/author\/admin_alorcaradio\/"}]}},"_links":{"self":[{"href":"https:\/\/arealorcaradio.es\/index.php\/wp-json\/wp\/v2\/posts\/8057","targetHints":{"allow":["GET"]}}],"collection":[{"href":"https:\/\/arealorcaradio.es\/index.php\/wp-json\/wp\/v2\/posts"}],"about":[{"href":"https:\/\/arealorcaradio.es\/index.php\/wp-json\/wp\/v2\/types\/post"}],"author":[{"embeddable":true,"href":"https:\/\/arealorcaradio.es\/index.php\/wp-json\/wp\/v2\/users\/1"}],"replies":[{"embeddable":true,"href":"https:\/\/arealorcaradio.es\/index.php\/wp-json\/wp\/v2\/comments?post=8057"}],"version-history":[{"count":5,"href":"https:\/\/arealorcaradio.es\/index.php\/wp-json\/wp\/v2\/posts\/8057\/revisions"}],"predecessor-version":[{"id":8079,"href":"https:\/\/arealorcaradio.es\/index.php\/wp-json\/wp\/v2\/posts\/8057\/revisions\/8079"}],"wp:featuredmedia":[{"embeddable":true,"href":"https:\/\/arealorcaradio.es\/index.php\/wp-json\/wp\/v2\/media\/8059"}],"wp:attachment":[{"href":"https:\/\/arealorcaradio.es\/index.php\/wp-json\/wp\/v2\/media?parent=8057"}],"wp:term":[{"taxonomy":"category","embeddable":true,"href":"https:\/\/arealorcaradio.es\/index.php\/wp-json\/wp\/v2\/categories?post=8057"},{"taxonomy":"post_tag","embeddable":true,"href":"https:\/\/arealorcaradio.es\/index.php\/wp-json\/wp\/v2\/tags?post=8057"}],"curies":[{"name":"wp","href":"https:\/\/api.w.org\/{rel}","templated":true}]}}