{"id":8047,"date":"2025-10-01T17:31:31","date_gmt":"2025-10-01T17:31:31","guid":{"rendered":"https:\/\/arealorcaradio.es\/?p=8047"},"modified":"2025-10-01T17:43:51","modified_gmt":"2025-10-01T17:43:51","slug":"cara-y-cruz-en-el-inicio-de-temporada-para-los-equipos-juvenil-y-senior-del-balonmano-eliocroca","status":"publish","type":"post","link":"https:\/\/arealorcaradio.es\/index.php\/2025\/10\/01\/cara-y-cruz-en-el-inicio-de-temporada-para-los-equipos-juvenil-y-senior-del-balonmano-eliocroca\/","title":{"rendered":"Cara y cruz en el inicio de temporada para los equipos juvenil y senior del Balonmano Eliocroca"},"content":{"rendered":"<p><strong>\u00c1REA LORCA RADIO. Deportes.<\/strong><\/p>\n<p>Escucha aqu\u00ed la secci\u00f3n que dedicamos cada semana al Balonmano Eliocroca. Hoy con Paco S\u00e1nchez, han pasado por el estudio de \u00c1rea Lorca Radio en su programa deportivo, Miguel Olivares, jugador del equipo senior y entrenador del Juvenil Masculino, qui\u00e9n ha estado acompa\u00f1ado por dos jugadores del juvenil, Germ\u00e1n Segura y Pedro Miras.<\/p>\n<audio class=\"wp-audio-shortcode\" id=\"audio-8047-1\" preload=\"none\" style=\"width: 100%;\" controls=\"controls\"><source type=\"audio\/mpeg\" src=\"https:\/\/arealorcaradio.es\/wp-content\/uploads\/2025\/10\/011025-BALONMANO-SENIOR-Y-JUVENIL.mp3?_=1\" \/><a href=\"https:\/\/arealorcaradio.es\/wp-content\/uploads\/2025\/10\/011025-BALONMANO-SENIOR-Y-JUVENIL.mp3\">https:\/\/arealorcaradio.es\/wp-content\/uploads\/2025\/10\/011025-BALONMANO-SENIOR-Y-JUVENIL.mp3<\/a><\/audio>\n<p><img loading=\"lazy\" decoding=\"async\" class=\"alignnone size-medium wp-image-8050\" src=\"https:\/\/arealorcaradio.es\/wp-content\/uploads\/2025\/10\/20251001_172051-300x225.jpg\" alt=\"\" width=\"300\" height=\"225\" srcset=\"https:\/\/arealorcaradio.es\/wp-content\/uploads\/2025\/10\/20251001_172051-300x225.jpg 300w, https:\/\/arealorcaradio.es\/wp-content\/uploads\/2025\/10\/20251001_172051-1024x768.jpg 1024w, https:\/\/arealorcaradio.es\/wp-content\/uploads\/2025\/10\/20251001_172051-768x576.jpg 768w, https:\/\/arealorcaradio.es\/wp-content\/uploads\/2025\/10\/20251001_172051-1536x1152.jpg 1536w, https:\/\/arealorcaradio.es\/wp-content\/uploads\/2025\/10\/20251001_172051-2048x1536.jpg 2048w, https:\/\/arealorcaradio.es\/wp-content\/uploads\/2025\/10\/20251001_172051-86x64.jpg 86w\" sizes=\"auto, (max-width: 300px) 100vw, 300px\" \/><\/p>\n","protected":false},"excerpt":{"rendered":"<p>\u00c1REA LORCA RADIO. Deportes. Escucha aqu\u00ed la secci\u00f3n que dedicamos cada semana al Balonmano Eliocroca. Hoy con Paco S\u00e1nchez, han pasado por el estudio de \u00c1rea Lorca Radio en su programa deportivo, Miguel Olivares, jugador del equipo senior y entrenador del Juvenil Masculino, qui\u00e9n ha estado acompa\u00f1ado por dos jugadores del juvenil, Germ\u00e1n Segura y [&hellip;]<\/p>\n","protected":false},"author":1,"featured_media":8049,"comment_status":"open","ping_status":"open","sticky":false,"template":"","format":"standard","meta":{"iawp_total_views":72,"footnotes":""},"categories":[4,7],"tags":[],"class_list":["post-8047","post","type-post","status-publish","format-standard","has-post-thumbnail","hentry","category-deportes","category-lorca"],"yoast_head":"<!-- This site is optimized with the Yoast SEO plugin v27.5 - https:\/\/yoast.com\/product\/yoast-seo-wordpress\/ -->\n<title>Cara y cruz en el inicio de temporada para los equipos juvenil y senior del Balonmano Eliocroca - AREA LORCA RADIO<\/title>\n<meta name=\"robots\" content=\"index, follow, max-snippet:-1, max-image-preview:large, max-video-preview:-1\" \/>\n<link rel=\"canonical\" href=\"https:\/\/arealorcaradio.es\/index.php\/2025\/10\/01\/cara-y-cruz-en-el-inicio-de-temporada-para-los-equipos-juvenil-y-senior-del-balonmano-eliocroca\/\" \/>\n<meta property=\"og:locale\" content=\"es_ES\" \/>\n<meta property=\"og:type\" content=\"article\" \/>\n<meta property=\"og:title\" content=\"Cara y cruz en el inicio de temporada para los equipos juvenil y senior del Balonmano Eliocroca - AREA LORCA RADIO\" \/>\n<meta property=\"og:description\" content=\"\u00c1REA LORCA RADIO. Deportes. Escucha aqu\u00ed la secci\u00f3n que dedicamos cada semana al Balonmano Eliocroca. Hoy con Paco S\u00e1nchez, han pasado por el estudio de \u00c1rea Lorca Radio en su programa deportivo, Miguel Olivares, jugador del equipo senior y entrenador del Juvenil Masculino, qui\u00e9n ha estado acompa\u00f1ado por dos jugadores del juvenil, Germ\u00e1n Segura y [&hellip;]\" \/>\n<meta property=\"og:url\" content=\"https:\/\/arealorcaradio.es\/index.php\/2025\/10\/01\/cara-y-cruz-en-el-inicio-de-temporada-para-los-equipos-juvenil-y-senior-del-balonmano-eliocroca\/\" \/>\n<meta property=\"og:site_name\" content=\"AREA LORCA RADIO\" \/>\n<meta property=\"article:published_time\" content=\"2025-10-01T17:31:31+00:00\" \/>\n<meta property=\"article:modified_time\" content=\"2025-10-01T17:43:51+00:00\" \/>\n<meta property=\"og:image\" content=\"https:\/\/arealorcaradio.es\/wp-content\/uploads\/2025\/10\/20251001_172120-scaled.jpg\" \/>\n\t<meta property=\"og:image:width\" content=\"2560\" \/>\n\t<meta property=\"og:image:height\" content=\"1920\" \/>\n\t<meta property=\"og:image:type\" content=\"image\/jpeg\" \/>\n<meta name=\"author\" content=\"Paco S\u00e1nchez\" \/>\n<meta name=\"twitter:card\" content=\"summary_large_image\" \/>\n<meta name=\"twitter:label1\" content=\"Escrito por\" \/>\n\t<meta name=\"twitter:data1\" content=\"Paco S\u00e1nchez\" \/>\n\t<meta name=\"twitter:label2\" content=\"Tiempo de lectura\" \/>\n\t<meta name=\"twitter:data2\" content=\"1 minuto\" \/>\n<script type=\"application\/ld+json\" class=\"yoast-schema-graph\">{\"@context\":\"https:\\\/\\\/schema.org\",\"@graph\":[{\"@type\":\"Article\",\"@id\":\"https:\\\/\\\/arealorcaradio.es\\\/index.php\\\/2025\\\/10\\\/01\\\/cara-y-cruz-en-el-inicio-de-temporada-para-los-equipos-juvenil-y-senior-del-balonmano-eliocroca\\\/#article\",\"isPartOf\":{\"@id\":\"https:\\\/\\\/arealorcaradio.es\\\/index.php\\\/2025\\\/10\\\/01\\\/cara-y-cruz-en-el-inicio-de-temporada-para-los-equipos-juvenil-y-senior-del-balonmano-eliocroca\\\/\"},\"author\":{\"name\":\"Paco S\u00e1nchez\",\"@id\":\"https:\\\/\\\/arealorcaradio.es\\\/#\\\/schema\\\/person\\\/9fae605fc25b0f2c83c1ab207139bd27\"},\"headline\":\"Cara y cruz en el inicio de temporada para los equipos juvenil y senior del Balonmano Eliocroca\",\"datePublished\":\"2025-10-01T17:31:31+00:00\",\"dateModified\":\"2025-10-01T17:43:51+00:00\",\"mainEntityOfPage\":{\"@id\":\"https:\\\/\\\/arealorcaradio.es\\\/index.php\\\/2025\\\/10\\\/01\\\/cara-y-cruz-en-el-inicio-de-temporada-para-los-equipos-juvenil-y-senior-del-balonmano-eliocroca\\\/\"},\"wordCount\":89,\"commentCount\":0,\"image\":{\"@id\":\"https:\\\/\\\/arealorcaradio.es\\\/index.php\\\/2025\\\/10\\\/01\\\/cara-y-cruz-en-el-inicio-de-temporada-para-los-equipos-juvenil-y-senior-del-balonmano-eliocroca\\\/#primaryimage\"},\"thumbnailUrl\":\"https:\\\/\\\/arealorcaradio.es\\\/wp-content\\\/uploads\\\/2025\\\/10\\\/20251001_172120-scaled.jpg\",\"articleSection\":[\"DEPORTES\",\"LORCA\"],\"inLanguage\":\"es\",\"potentialAction\":[{\"@type\":\"CommentAction\",\"name\":\"Comment\",\"target\":[\"https:\\\/\\\/arealorcaradio.es\\\/index.php\\\/2025\\\/10\\\/01\\\/cara-y-cruz-en-el-inicio-de-temporada-para-los-equipos-juvenil-y-senior-del-balonmano-eliocroca\\\/#respond\"]}]},{\"@type\":\"WebPage\",\"@id\":\"https:\\\/\\\/arealorcaradio.es\\\/index.php\\\/2025\\\/10\\\/01\\\/cara-y-cruz-en-el-inicio-de-temporada-para-los-equipos-juvenil-y-senior-del-balonmano-eliocroca\\\/\",\"url\":\"https:\\\/\\\/arealorcaradio.es\\\/index.php\\\/2025\\\/10\\\/01\\\/cara-y-cruz-en-el-inicio-de-temporada-para-los-equipos-juvenil-y-senior-del-balonmano-eliocroca\\\/\",\"name\":\"Cara y cruz en el inicio de temporada para los equipos juvenil y senior del Balonmano Eliocroca - AREA LORCA RADIO\",\"isPartOf\":{\"@id\":\"https:\\\/\\\/arealorcaradio.es\\\/#website\"},\"primaryImageOfPage\":{\"@id\":\"https:\\\/\\\/arealorcaradio.es\\\/index.php\\\/2025\\\/10\\\/01\\\/cara-y-cruz-en-el-inicio-de-temporada-para-los-equipos-juvenil-y-senior-del-balonmano-eliocroca\\\/#primaryimage\"},\"image\":{\"@id\":\"https:\\\/\\\/arealorcaradio.es\\\/index.php\\\/2025\\\/10\\\/01\\\/cara-y-cruz-en-el-inicio-de-temporada-para-los-equipos-juvenil-y-senior-del-balonmano-eliocroca\\\/#primaryimage\"},\"thumbnailUrl\":\"https:\\\/\\\/arealorcaradio.es\\\/wp-content\\\/uploads\\\/2025\\\/10\\\/20251001_172120-scaled.jpg\",\"datePublished\":\"2025-10-01T17:31:31+00:00\",\"dateModified\":\"2025-10-01T17:43:51+00:00\",\"author\":{\"@id\":\"https:\\\/\\\/arealorcaradio.es\\\/#\\\/schema\\\/person\\\/9fae605fc25b0f2c83c1ab207139bd27\"},\"breadcrumb\":{\"@id\":\"https:\\\/\\\/arealorcaradio.es\\\/index.php\\\/2025\\\/10\\\/01\\\/cara-y-cruz-en-el-inicio-de-temporada-para-los-equipos-juvenil-y-senior-del-balonmano-eliocroca\\\/#breadcrumb\"},\"inLanguage\":\"es\",\"potentialAction\":[{\"@type\":\"ReadAction\",\"target\":[\"https:\\\/\\\/arealorcaradio.es\\\/index.php\\\/2025\\\/10\\\/01\\\/cara-y-cruz-en-el-inicio-de-temporada-para-los-equipos-juvenil-y-senior-del-balonmano-eliocroca\\\/\"]}]},{\"@type\":\"ImageObject\",\"inLanguage\":\"es\",\"@id\":\"https:\\\/\\\/arealorcaradio.es\\\/index.php\\\/2025\\\/10\\\/01\\\/cara-y-cruz-en-el-inicio-de-temporada-para-los-equipos-juvenil-y-senior-del-balonmano-eliocroca\\\/#primaryimage\",\"url\":\"https:\\\/\\\/arealorcaradio.es\\\/wp-content\\\/uploads\\\/2025\\\/10\\\/20251001_172120-scaled.jpg\",\"contentUrl\":\"https:\\\/\\\/arealorcaradio.es\\\/wp-content\\\/uploads\\\/2025\\\/10\\\/20251001_172120-scaled.jpg\",\"width\":2560,\"height\":1920},{\"@type\":\"BreadcrumbList\",\"@id\":\"https:\\\/\\\/arealorcaradio.es\\\/index.php\\\/2025\\\/10\\\/01\\\/cara-y-cruz-en-el-inicio-de-temporada-para-los-equipos-juvenil-y-senior-del-balonmano-eliocroca\\\/#breadcrumb\",\"itemListElement\":[{\"@type\":\"ListItem\",\"position\":1,\"name\":\"Portada\",\"item\":\"https:\\\/\\\/arealorcaradio.es\\\/\"},{\"@type\":\"ListItem\",\"position\":2,\"name\":\"Cara y cruz en el inicio de temporada para los equipos juvenil y senior del Balonmano Eliocroca\"}]},{\"@type\":\"WebSite\",\"@id\":\"https:\\\/\\\/arealorcaradio.es\\\/#website\",\"url\":\"https:\\\/\\\/arealorcaradio.es\\\/\",\"name\":\"AREA LORCA RADIO\",\"description\":\"Descubre la programaci\u00f3n actual en \u00c1rea Lorca Radio, tu fuente de entrenamiento y noticias locales. Sintoniza ahora y mantente conectado online.\",\"potentialAction\":[{\"@type\":\"SearchAction\",\"target\":{\"@type\":\"EntryPoint\",\"urlTemplate\":\"https:\\\/\\\/arealorcaradio.es\\\/?s={search_term_string}\"},\"query-input\":{\"@type\":\"PropertyValueSpecification\",\"valueRequired\":true,\"valueName\":\"search_term_string\"}}],\"inLanguage\":\"es\"},{\"@type\":\"Person\",\"@id\":\"https:\\\/\\\/arealorcaradio.es\\\/#\\\/schema\\\/person\\\/9fae605fc25b0f2c83c1ab207139bd27\",\"name\":\"Paco S\u00e1nchez\",\"image\":{\"@type\":\"ImageObject\",\"inLanguage\":\"es\",\"@id\":\"https:\\\/\\\/secure.gravatar.com\\\/avatar\\\/d67144e966420fb74aa84c9f2a0103be4724fd14db52b52d3b6bca749f257e79?s=96&d=mm&r=g\",\"url\":\"https:\\\/\\\/secure.gravatar.com\\\/avatar\\\/d67144e966420fb74aa84c9f2a0103be4724fd14db52b52d3b6bca749f257e79?s=96&d=mm&r=g\",\"contentUrl\":\"https:\\\/\\\/secure.gravatar.com\\\/avatar\\\/d67144e966420fb74aa84c9f2a0103be4724fd14db52b52d3b6bca749f257e79?s=96&d=mm&r=g\",\"caption\":\"Paco S\u00e1nchez\"},\"sameAs\":[\"https:\\\/\\\/arealorcaradio.es\"],\"url\":\"https:\\\/\\\/arealorcaradio.es\\\/index.php\\\/author\\\/admin_alorcaradio\\\/\"}]}<\/script>\n<!-- \/ Yoast SEO plugin. -->","yoast_head_json":{"title":"Cara y cruz en el inicio de temporada para los equipos juvenil y senior del Balonmano Eliocroca - AREA LORCA RADIO","robots":{"index":"index","follow":"follow","max-snippet":"max-snippet:-1","max-image-preview":"max-image-preview:large","max-video-preview":"max-video-preview:-1"},"canonical":"https:\/\/arealorcaradio.es\/index.php\/2025\/10\/01\/cara-y-cruz-en-el-inicio-de-temporada-para-los-equipos-juvenil-y-senior-del-balonmano-eliocroca\/","og_locale":"es_ES","og_type":"article","og_title":"Cara y cruz en el inicio de temporada para los equipos juvenil y senior del Balonmano Eliocroca - AREA LORCA RADIO","og_description":"\u00c1REA LORCA RADIO. Deportes. Escucha aqu\u00ed la secci\u00f3n que dedicamos cada semana al Balonmano Eliocroca. Hoy con Paco S\u00e1nchez, han pasado por el estudio de \u00c1rea Lorca Radio en su programa deportivo, Miguel Olivares, jugador del equipo senior y entrenador del Juvenil Masculino, qui\u00e9n ha estado acompa\u00f1ado por dos jugadores del juvenil, Germ\u00e1n Segura y [&hellip;]","og_url":"https:\/\/arealorcaradio.es\/index.php\/2025\/10\/01\/cara-y-cruz-en-el-inicio-de-temporada-para-los-equipos-juvenil-y-senior-del-balonmano-eliocroca\/","og_site_name":"AREA LORCA RADIO","article_published_time":"2025-10-01T17:31:31+00:00","article_modified_time":"2025-10-01T17:43:51+00:00","og_image":[{"width":2560,"height":1920,"url":"https:\/\/arealorcaradio.es\/wp-content\/uploads\/2025\/10\/20251001_172120-scaled.jpg","type":"image\/jpeg"}],"author":"Paco S\u00e1nchez","twitter_card":"summary_large_image","twitter_misc":{"Escrito por":"Paco S\u00e1nchez","Tiempo de lectura":"1 minuto"},"schema":{"@context":"https:\/\/schema.org","@graph":[{"@type":"Article","@id":"https:\/\/arealorcaradio.es\/index.php\/2025\/10\/01\/cara-y-cruz-en-el-inicio-de-temporada-para-los-equipos-juvenil-y-senior-del-balonmano-eliocroca\/#article","isPartOf":{"@id":"https:\/\/arealorcaradio.es\/index.php\/2025\/10\/01\/cara-y-cruz-en-el-inicio-de-temporada-para-los-equipos-juvenil-y-senior-del-balonmano-eliocroca\/"},"author":{"name":"Paco S\u00e1nchez","@id":"https:\/\/arealorcaradio.es\/#\/schema\/person\/9fae605fc25b0f2c83c1ab207139bd27"},"headline":"Cara y cruz en el inicio de temporada para los equipos juvenil y senior del Balonmano Eliocroca","datePublished":"2025-10-01T17:31:31+00:00","dateModified":"2025-10-01T17:43:51+00:00","mainEntityOfPage":{"@id":"https:\/\/arealorcaradio.es\/index.php\/2025\/10\/01\/cara-y-cruz-en-el-inicio-de-temporada-para-los-equipos-juvenil-y-senior-del-balonmano-eliocroca\/"},"wordCount":89,"commentCount":0,"image":{"@id":"https:\/\/arealorcaradio.es\/index.php\/2025\/10\/01\/cara-y-cruz-en-el-inicio-de-temporada-para-los-equipos-juvenil-y-senior-del-balonmano-eliocroca\/#primaryimage"},"thumbnailUrl":"https:\/\/arealorcaradio.es\/wp-content\/uploads\/2025\/10\/20251001_172120-scaled.jpg","articleSection":["DEPORTES","LORCA"],"inLanguage":"es","potentialAction":[{"@type":"CommentAction","name":"Comment","target":["https:\/\/arealorcaradio.es\/index.php\/2025\/10\/01\/cara-y-cruz-en-el-inicio-de-temporada-para-los-equipos-juvenil-y-senior-del-balonmano-eliocroca\/#respond"]}]},{"@type":"WebPage","@id":"https:\/\/arealorcaradio.es\/index.php\/2025\/10\/01\/cara-y-cruz-en-el-inicio-de-temporada-para-los-equipos-juvenil-y-senior-del-balonmano-eliocroca\/","url":"https:\/\/arealorcaradio.es\/index.php\/2025\/10\/01\/cara-y-cruz-en-el-inicio-de-temporada-para-los-equipos-juvenil-y-senior-del-balonmano-eliocroca\/","name":"Cara y cruz en el inicio de temporada para los equipos juvenil y senior del Balonmano Eliocroca - AREA LORCA RADIO","isPartOf":{"@id":"https:\/\/arealorcaradio.es\/#website"},"primaryImageOfPage":{"@id":"https:\/\/arealorcaradio.es\/index.php\/2025\/10\/01\/cara-y-cruz-en-el-inicio-de-temporada-para-los-equipos-juvenil-y-senior-del-balonmano-eliocroca\/#primaryimage"},"image":{"@id":"https:\/\/arealorcaradio.es\/index.php\/2025\/10\/01\/cara-y-cruz-en-el-inicio-de-temporada-para-los-equipos-juvenil-y-senior-del-balonmano-eliocroca\/#primaryimage"},"thumbnailUrl":"https:\/\/arealorcaradio.es\/wp-content\/uploads\/2025\/10\/20251001_172120-scaled.jpg","datePublished":"2025-10-01T17:31:31+00:00","dateModified":"2025-10-01T17:43:51+00:00","author":{"@id":"https:\/\/arealorcaradio.es\/#\/schema\/person\/9fae605fc25b0f2c83c1ab207139bd27"},"breadcrumb":{"@id":"https:\/\/arealorcaradio.es\/index.php\/2025\/10\/01\/cara-y-cruz-en-el-inicio-de-temporada-para-los-equipos-juvenil-y-senior-del-balonmano-eliocroca\/#breadcrumb"},"inLanguage":"es","potentialAction":[{"@type":"ReadAction","target":["https:\/\/arealorcaradio.es\/index.php\/2025\/10\/01\/cara-y-cruz-en-el-inicio-de-temporada-para-los-equipos-juvenil-y-senior-del-balonmano-eliocroca\/"]}]},{"@type":"ImageObject","inLanguage":"es","@id":"https:\/\/arealorcaradio.es\/index.php\/2025\/10\/01\/cara-y-cruz-en-el-inicio-de-temporada-para-los-equipos-juvenil-y-senior-del-balonmano-eliocroca\/#primaryimage","url":"https:\/\/arealorcaradio.es\/wp-content\/uploads\/2025\/10\/20251001_172120-scaled.jpg","contentUrl":"https:\/\/arealorcaradio.es\/wp-content\/uploads\/2025\/10\/20251001_172120-scaled.jpg","width":2560,"height":1920},{"@type":"BreadcrumbList","@id":"https:\/\/arealorcaradio.es\/index.php\/2025\/10\/01\/cara-y-cruz-en-el-inicio-de-temporada-para-los-equipos-juvenil-y-senior-del-balonmano-eliocroca\/#breadcrumb","itemListElement":[{"@type":"ListItem","position":1,"name":"Portada","item":"https:\/\/arealorcaradio.es\/"},{"@type":"ListItem","position":2,"name":"Cara y cruz en el inicio de temporada para los equipos juvenil y senior del Balonmano Eliocroca"}]},{"@type":"WebSite","@id":"https:\/\/arealorcaradio.es\/#website","url":"https:\/\/arealorcaradio.es\/","name":"AREA LORCA RADIO","description":"Descubre la programaci\u00f3n actual en \u00c1rea Lorca Radio, tu fuente de entrenamiento y noticias locales. Sintoniza ahora y mantente conectado online.","potentialAction":[{"@type":"SearchAction","target":{"@type":"EntryPoint","urlTemplate":"https:\/\/arealorcaradio.es\/?s={search_term_string}"},"query-input":{"@type":"PropertyValueSpecification","valueRequired":true,"valueName":"search_term_string"}}],"inLanguage":"es"},{"@type":"Person","@id":"https:\/\/arealorcaradio.es\/#\/schema\/person\/9fae605fc25b0f2c83c1ab207139bd27","name":"Paco S\u00e1nchez","image":{"@type":"ImageObject","inLanguage":"es","@id":"https:\/\/secure.gravatar.com\/avatar\/d67144e966420fb74aa84c9f2a0103be4724fd14db52b52d3b6bca749f257e79?s=96&d=mm&r=g","url":"https:\/\/secure.gravatar.com\/avatar\/d67144e966420fb74aa84c9f2a0103be4724fd14db52b52d3b6bca749f257e79?s=96&d=mm&r=g","contentUrl":"https:\/\/secure.gravatar.com\/avatar\/d67144e966420fb74aa84c9f2a0103be4724fd14db52b52d3b6bca749f257e79?s=96&d=mm&r=g","caption":"Paco S\u00e1nchez"},"sameAs":["https:\/\/arealorcaradio.es"],"url":"https:\/\/arealorcaradio.es\/index.php\/author\/admin_alorcaradio\/"}]}},"_links":{"self":[{"href":"https:\/\/arealorcaradio.es\/index.php\/wp-json\/wp\/v2\/posts\/8047","targetHints":{"allow":["GET"]}}],"collection":[{"href":"https:\/\/arealorcaradio.es\/index.php\/wp-json\/wp\/v2\/posts"}],"about":[{"href":"https:\/\/arealorcaradio.es\/index.php\/wp-json\/wp\/v2\/types\/post"}],"author":[{"embeddable":true,"href":"https:\/\/arealorcaradio.es\/index.php\/wp-json\/wp\/v2\/users\/1"}],"replies":[{"embeddable":true,"href":"https:\/\/arealorcaradio.es\/index.php\/wp-json\/wp\/v2\/comments?post=8047"}],"version-history":[{"count":1,"href":"https:\/\/arealorcaradio.es\/index.php\/wp-json\/wp\/v2\/posts\/8047\/revisions"}],"predecessor-version":[{"id":8051,"href":"https:\/\/arealorcaradio.es\/index.php\/wp-json\/wp\/v2\/posts\/8047\/revisions\/8051"}],"wp:featuredmedia":[{"embeddable":true,"href":"https:\/\/arealorcaradio.es\/index.php\/wp-json\/wp\/v2\/media\/8049"}],"wp:attachment":[{"href":"https:\/\/arealorcaradio.es\/index.php\/wp-json\/wp\/v2\/media?parent=8047"}],"wp:term":[{"taxonomy":"category","embeddable":true,"href":"https:\/\/arealorcaradio.es\/index.php\/wp-json\/wp\/v2\/categories?post=8047"},{"taxonomy":"post_tag","embeddable":true,"href":"https:\/\/arealorcaradio.es\/index.php\/wp-json\/wp\/v2\/tags?post=8047"}],"curies":[{"name":"wp","href":"https:\/\/api.w.org\/{rel}","templated":true}]}}