{"id":8043,"date":"2025-10-01T17:42:19","date_gmt":"2025-10-01T17:42:19","guid":{"rendered":"https:\/\/arealorcaradio.es\/?p=8043"},"modified":"2025-10-01T17:42:19","modified_gmt":"2025-10-01T17:42:19","slug":"los-oyentes-y-seguidores-de-area-lorca-radio-coinciden-en-que-el-portero-ernestas-fue-el-mejor-en-la-constitucion","status":"publish","type":"post","link":"https:\/\/arealorcaradio.es\/index.php\/2025\/10\/01\/los-oyentes-y-seguidores-de-area-lorca-radio-coinciden-en-que-el-portero-ernestas-fue-el-mejor-en-la-constitucion\/","title":{"rendered":"Los oyentes y seguidores de \u00c1rea Lorca Radio coinciden en que el portero Ernestas fue el mejor en La Constituci\u00f3n"},"content":{"rendered":"<p><strong>\u00c1REA LORCA RADIO. Deportes.<\/strong><\/p>\n<p>Una nueva semana los oyentes y seguidores de \u00c1rea Lorca Radio han valorado el trabajo realizado por los jugadores del Lorca Deportiva en Segunda Federaci\u00f3n. En esta ocasi\u00f3n lo acontecido en el municipal de La Constituci\u00f3n de Yecla, en el partido de la cuarta jornada de loga que finaliz\u00f3 con el resultado de Yeclano Deportivo 0-0 Lorca Deportiva, suponiendo el primer punto, no sin sufrir, del conjunto lorquino como visitante.<\/p>\n<p>Escucha aqu\u00ed el repaso a los ganadores con sus clasificaciones de los \u00abTrofeos el mejor del Lorca Deportiva\u00bb, gracias al patrocinio de la Concejal\u00eda de Talento Joven del Ayuntamiento de Lorca, Aislamientos Lorca, Contenedores Jose, FT Studio Lorca, Dimovil, El Bocadill\u00f3n, Limusa, Tiendas Bed\u00b4s, Orbitalia y Juan Per\u00e1n Grupo Pikolinos.<\/p>\n<audio class=\"wp-audio-shortcode\" id=\"audio-8043-1\" preload=\"none\" style=\"width: 100%;\" controls=\"controls\"><source type=\"audio\/mpeg\" src=\"https:\/\/arealorcaradio.es\/wp-content\/uploads\/2025\/10\/011025-TROFEOS-EL-MEJOR.-JORNADA-4.mp3?_=1\" \/><a href=\"https:\/\/arealorcaradio.es\/wp-content\/uploads\/2025\/10\/011025-TROFEOS-EL-MEJOR.-JORNADA-4.mp3\">https:\/\/arealorcaradio.es\/wp-content\/uploads\/2025\/10\/011025-TROFEOS-EL-MEJOR.-JORNADA-4.mp3<\/a><\/audio>\n","protected":false},"excerpt":{"rendered":"<p>\u00c1REA LORCA RADIO. Deportes. Una nueva semana los oyentes y seguidores de \u00c1rea Lorca Radio han valorado el trabajo realizado por los jugadores del Lorca Deportiva en Segunda Federaci\u00f3n. En esta ocasi\u00f3n lo acontecido en el municipal de La Constituci\u00f3n de Yecla, en el partido de la cuarta jornada de loga que finaliz\u00f3 con el [&hellip;]<\/p>\n","protected":false},"author":1,"featured_media":8045,"comment_status":"open","ping_status":"open","sticky":false,"template":"","format":"standard","meta":{"iawp_total_views":18,"footnotes":""},"categories":[4,7],"tags":[],"class_list":["post-8043","post","type-post","status-publish","format-standard","has-post-thumbnail","hentry","category-deportes","category-lorca"],"yoast_head":"<!-- This site is optimized with the Yoast SEO plugin v27.5 - https:\/\/yoast.com\/product\/yoast-seo-wordpress\/ -->\n<title>Los oyentes y seguidores de \u00c1rea Lorca Radio coinciden en que el portero Ernestas fue el mejor en La Constituci\u00f3n - AREA LORCA RADIO<\/title>\n<meta name=\"robots\" content=\"index, follow, max-snippet:-1, max-image-preview:large, max-video-preview:-1\" \/>\n<link rel=\"canonical\" href=\"https:\/\/arealorcaradio.es\/index.php\/2025\/10\/01\/los-oyentes-y-seguidores-de-area-lorca-radio-coinciden-en-que-el-portero-ernestas-fue-el-mejor-en-la-constitucion\/\" \/>\n<meta property=\"og:locale\" content=\"es_ES\" \/>\n<meta property=\"og:type\" content=\"article\" \/>\n<meta property=\"og:title\" content=\"Los oyentes y seguidores de \u00c1rea Lorca Radio coinciden en que el portero Ernestas fue el mejor en La Constituci\u00f3n - AREA LORCA RADIO\" \/>\n<meta property=\"og:description\" content=\"\u00c1REA LORCA RADIO. Deportes. Una nueva semana los oyentes y seguidores de \u00c1rea Lorca Radio han valorado el trabajo realizado por los jugadores del Lorca Deportiva en Segunda Federaci\u00f3n. En esta ocasi\u00f3n lo acontecido en el municipal de La Constituci\u00f3n de Yecla, en el partido de la cuarta jornada de loga que finaliz\u00f3 con el [&hellip;]\" \/>\n<meta property=\"og:url\" content=\"https:\/\/arealorcaradio.es\/index.php\/2025\/10\/01\/los-oyentes-y-seguidores-de-area-lorca-radio-coinciden-en-que-el-portero-ernestas-fue-el-mejor-en-la-constitucion\/\" \/>\n<meta property=\"og:site_name\" content=\"AREA LORCA RADIO\" \/>\n<meta property=\"article:published_time\" content=\"2025-10-01T17:42:19+00:00\" \/>\n<meta property=\"og:image\" content=\"https:\/\/arealorcaradio.es\/wp-content\/uploads\/2025\/10\/Diseno-Trofeos-Bueno-1024x480.png\" \/>\n\t<meta property=\"og:image:width\" content=\"1024\" \/>\n\t<meta property=\"og:image:height\" content=\"480\" \/>\n\t<meta property=\"og:image:type\" content=\"image\/png\" \/>\n<meta name=\"author\" content=\"Paco S\u00e1nchez\" \/>\n<meta name=\"twitter:card\" content=\"summary_large_image\" \/>\n<meta name=\"twitter:label1\" content=\"Escrito por\" \/>\n\t<meta name=\"twitter:data1\" content=\"Paco S\u00e1nchez\" \/>\n\t<meta name=\"twitter:label2\" content=\"Tiempo de lectura\" \/>\n\t<meta name=\"twitter:data2\" content=\"1 minuto\" \/>\n<script type=\"application\/ld+json\" class=\"yoast-schema-graph\">{\"@context\":\"https:\\\/\\\/schema.org\",\"@graph\":[{\"@type\":\"Article\",\"@id\":\"https:\\\/\\\/arealorcaradio.es\\\/index.php\\\/2025\\\/10\\\/01\\\/los-oyentes-y-seguidores-de-area-lorca-radio-coinciden-en-que-el-portero-ernestas-fue-el-mejor-en-la-constitucion\\\/#article\",\"isPartOf\":{\"@id\":\"https:\\\/\\\/arealorcaradio.es\\\/index.php\\\/2025\\\/10\\\/01\\\/los-oyentes-y-seguidores-de-area-lorca-radio-coinciden-en-que-el-portero-ernestas-fue-el-mejor-en-la-constitucion\\\/\"},\"author\":{\"name\":\"Paco S\u00e1nchez\",\"@id\":\"https:\\\/\\\/arealorcaradio.es\\\/#\\\/schema\\\/person\\\/9fae605fc25b0f2c83c1ab207139bd27\"},\"headline\":\"Los oyentes y seguidores de \u00c1rea Lorca Radio coinciden en que el portero Ernestas fue el mejor en La Constituci\u00f3n\",\"datePublished\":\"2025-10-01T17:42:19+00:00\",\"mainEntityOfPage\":{\"@id\":\"https:\\\/\\\/arealorcaradio.es\\\/index.php\\\/2025\\\/10\\\/01\\\/los-oyentes-y-seguidores-de-area-lorca-radio-coinciden-en-que-el-portero-ernestas-fue-el-mejor-en-la-constitucion\\\/\"},\"wordCount\":163,\"commentCount\":0,\"image\":{\"@id\":\"https:\\\/\\\/arealorcaradio.es\\\/index.php\\\/2025\\\/10\\\/01\\\/los-oyentes-y-seguidores-de-area-lorca-radio-coinciden-en-que-el-portero-ernestas-fue-el-mejor-en-la-constitucion\\\/#primaryimage\"},\"thumbnailUrl\":\"https:\\\/\\\/arealorcaradio.es\\\/wp-content\\\/uploads\\\/2025\\\/10\\\/Diseno-Trofeos-Bueno.png\",\"articleSection\":[\"DEPORTES\",\"LORCA\"],\"inLanguage\":\"es\",\"potentialAction\":[{\"@type\":\"CommentAction\",\"name\":\"Comment\",\"target\":[\"https:\\\/\\\/arealorcaradio.es\\\/index.php\\\/2025\\\/10\\\/01\\\/los-oyentes-y-seguidores-de-area-lorca-radio-coinciden-en-que-el-portero-ernestas-fue-el-mejor-en-la-constitucion\\\/#respond\"]}]},{\"@type\":\"WebPage\",\"@id\":\"https:\\\/\\\/arealorcaradio.es\\\/index.php\\\/2025\\\/10\\\/01\\\/los-oyentes-y-seguidores-de-area-lorca-radio-coinciden-en-que-el-portero-ernestas-fue-el-mejor-en-la-constitucion\\\/\",\"url\":\"https:\\\/\\\/arealorcaradio.es\\\/index.php\\\/2025\\\/10\\\/01\\\/los-oyentes-y-seguidores-de-area-lorca-radio-coinciden-en-que-el-portero-ernestas-fue-el-mejor-en-la-constitucion\\\/\",\"name\":\"Los oyentes y seguidores de \u00c1rea Lorca Radio coinciden en que el portero Ernestas fue el mejor en La Constituci\u00f3n - AREA LORCA RADIO\",\"isPartOf\":{\"@id\":\"https:\\\/\\\/arealorcaradio.es\\\/#website\"},\"primaryImageOfPage\":{\"@id\":\"https:\\\/\\\/arealorcaradio.es\\\/index.php\\\/2025\\\/10\\\/01\\\/los-oyentes-y-seguidores-de-area-lorca-radio-coinciden-en-que-el-portero-ernestas-fue-el-mejor-en-la-constitucion\\\/#primaryimage\"},\"image\":{\"@id\":\"https:\\\/\\\/arealorcaradio.es\\\/index.php\\\/2025\\\/10\\\/01\\\/los-oyentes-y-seguidores-de-area-lorca-radio-coinciden-en-que-el-portero-ernestas-fue-el-mejor-en-la-constitucion\\\/#primaryimage\"},\"thumbnailUrl\":\"https:\\\/\\\/arealorcaradio.es\\\/wp-content\\\/uploads\\\/2025\\\/10\\\/Diseno-Trofeos-Bueno.png\",\"datePublished\":\"2025-10-01T17:42:19+00:00\",\"author\":{\"@id\":\"https:\\\/\\\/arealorcaradio.es\\\/#\\\/schema\\\/person\\\/9fae605fc25b0f2c83c1ab207139bd27\"},\"breadcrumb\":{\"@id\":\"https:\\\/\\\/arealorcaradio.es\\\/index.php\\\/2025\\\/10\\\/01\\\/los-oyentes-y-seguidores-de-area-lorca-radio-coinciden-en-que-el-portero-ernestas-fue-el-mejor-en-la-constitucion\\\/#breadcrumb\"},\"inLanguage\":\"es\",\"potentialAction\":[{\"@type\":\"ReadAction\",\"target\":[\"https:\\\/\\\/arealorcaradio.es\\\/index.php\\\/2025\\\/10\\\/01\\\/los-oyentes-y-seguidores-de-area-lorca-radio-coinciden-en-que-el-portero-ernestas-fue-el-mejor-en-la-constitucion\\\/\"]}]},{\"@type\":\"ImageObject\",\"inLanguage\":\"es\",\"@id\":\"https:\\\/\\\/arealorcaradio.es\\\/index.php\\\/2025\\\/10\\\/01\\\/los-oyentes-y-seguidores-de-area-lorca-radio-coinciden-en-que-el-portero-ernestas-fue-el-mejor-en-la-constitucion\\\/#primaryimage\",\"url\":\"https:\\\/\\\/arealorcaradio.es\\\/wp-content\\\/uploads\\\/2025\\\/10\\\/Diseno-Trofeos-Bueno.png\",\"contentUrl\":\"https:\\\/\\\/arealorcaradio.es\\\/wp-content\\\/uploads\\\/2025\\\/10\\\/Diseno-Trofeos-Bueno.png\",\"width\":2560,\"height\":1200},{\"@type\":\"BreadcrumbList\",\"@id\":\"https:\\\/\\\/arealorcaradio.es\\\/index.php\\\/2025\\\/10\\\/01\\\/los-oyentes-y-seguidores-de-area-lorca-radio-coinciden-en-que-el-portero-ernestas-fue-el-mejor-en-la-constitucion\\\/#breadcrumb\",\"itemListElement\":[{\"@type\":\"ListItem\",\"position\":1,\"name\":\"Portada\",\"item\":\"https:\\\/\\\/arealorcaradio.es\\\/\"},{\"@type\":\"ListItem\",\"position\":2,\"name\":\"Los oyentes y seguidores de \u00c1rea Lorca Radio coinciden en que el portero Ernestas fue el mejor en La Constituci\u00f3n\"}]},{\"@type\":\"WebSite\",\"@id\":\"https:\\\/\\\/arealorcaradio.es\\\/#website\",\"url\":\"https:\\\/\\\/arealorcaradio.es\\\/\",\"name\":\"AREA LORCA RADIO\",\"description\":\"Descubre la programaci\u00f3n actual en \u00c1rea Lorca Radio, tu fuente de entrenamiento y noticias locales. Sintoniza ahora y mantente conectado online.\",\"potentialAction\":[{\"@type\":\"SearchAction\",\"target\":{\"@type\":\"EntryPoint\",\"urlTemplate\":\"https:\\\/\\\/arealorcaradio.es\\\/?s={search_term_string}\"},\"query-input\":{\"@type\":\"PropertyValueSpecification\",\"valueRequired\":true,\"valueName\":\"search_term_string\"}}],\"inLanguage\":\"es\"},{\"@type\":\"Person\",\"@id\":\"https:\\\/\\\/arealorcaradio.es\\\/#\\\/schema\\\/person\\\/9fae605fc25b0f2c83c1ab207139bd27\",\"name\":\"Paco S\u00e1nchez\",\"image\":{\"@type\":\"ImageObject\",\"inLanguage\":\"es\",\"@id\":\"https:\\\/\\\/secure.gravatar.com\\\/avatar\\\/d67144e966420fb74aa84c9f2a0103be4724fd14db52b52d3b6bca749f257e79?s=96&d=mm&r=g\",\"url\":\"https:\\\/\\\/secure.gravatar.com\\\/avatar\\\/d67144e966420fb74aa84c9f2a0103be4724fd14db52b52d3b6bca749f257e79?s=96&d=mm&r=g\",\"contentUrl\":\"https:\\\/\\\/secure.gravatar.com\\\/avatar\\\/d67144e966420fb74aa84c9f2a0103be4724fd14db52b52d3b6bca749f257e79?s=96&d=mm&r=g\",\"caption\":\"Paco S\u00e1nchez\"},\"sameAs\":[\"https:\\\/\\\/arealorcaradio.es\"],\"url\":\"https:\\\/\\\/arealorcaradio.es\\\/index.php\\\/author\\\/admin_alorcaradio\\\/\"}]}<\/script>\n<!-- \/ Yoast SEO plugin. -->","yoast_head_json":{"title":"Los oyentes y seguidores de \u00c1rea Lorca Radio coinciden en que el portero Ernestas fue el mejor en La Constituci\u00f3n - AREA LORCA RADIO","robots":{"index":"index","follow":"follow","max-snippet":"max-snippet:-1","max-image-preview":"max-image-preview:large","max-video-preview":"max-video-preview:-1"},"canonical":"https:\/\/arealorcaradio.es\/index.php\/2025\/10\/01\/los-oyentes-y-seguidores-de-area-lorca-radio-coinciden-en-que-el-portero-ernestas-fue-el-mejor-en-la-constitucion\/","og_locale":"es_ES","og_type":"article","og_title":"Los oyentes y seguidores de \u00c1rea Lorca Radio coinciden en que el portero Ernestas fue el mejor en La Constituci\u00f3n - AREA LORCA RADIO","og_description":"\u00c1REA LORCA RADIO. Deportes. Una nueva semana los oyentes y seguidores de \u00c1rea Lorca Radio han valorado el trabajo realizado por los jugadores del Lorca Deportiva en Segunda Federaci\u00f3n. En esta ocasi\u00f3n lo acontecido en el municipal de La Constituci\u00f3n de Yecla, en el partido de la cuarta jornada de loga que finaliz\u00f3 con el [&hellip;]","og_url":"https:\/\/arealorcaradio.es\/index.php\/2025\/10\/01\/los-oyentes-y-seguidores-de-area-lorca-radio-coinciden-en-que-el-portero-ernestas-fue-el-mejor-en-la-constitucion\/","og_site_name":"AREA LORCA RADIO","article_published_time":"2025-10-01T17:42:19+00:00","og_image":[{"width":1024,"height":480,"url":"https:\/\/arealorcaradio.es\/wp-content\/uploads\/2025\/10\/Diseno-Trofeos-Bueno-1024x480.png","type":"image\/png"}],"author":"Paco S\u00e1nchez","twitter_card":"summary_large_image","twitter_misc":{"Escrito por":"Paco S\u00e1nchez","Tiempo de lectura":"1 minuto"},"schema":{"@context":"https:\/\/schema.org","@graph":[{"@type":"Article","@id":"https:\/\/arealorcaradio.es\/index.php\/2025\/10\/01\/los-oyentes-y-seguidores-de-area-lorca-radio-coinciden-en-que-el-portero-ernestas-fue-el-mejor-en-la-constitucion\/#article","isPartOf":{"@id":"https:\/\/arealorcaradio.es\/index.php\/2025\/10\/01\/los-oyentes-y-seguidores-de-area-lorca-radio-coinciden-en-que-el-portero-ernestas-fue-el-mejor-en-la-constitucion\/"},"author":{"name":"Paco S\u00e1nchez","@id":"https:\/\/arealorcaradio.es\/#\/schema\/person\/9fae605fc25b0f2c83c1ab207139bd27"},"headline":"Los oyentes y seguidores de \u00c1rea Lorca Radio coinciden en que el portero Ernestas fue el mejor en La Constituci\u00f3n","datePublished":"2025-10-01T17:42:19+00:00","mainEntityOfPage":{"@id":"https:\/\/arealorcaradio.es\/index.php\/2025\/10\/01\/los-oyentes-y-seguidores-de-area-lorca-radio-coinciden-en-que-el-portero-ernestas-fue-el-mejor-en-la-constitucion\/"},"wordCount":163,"commentCount":0,"image":{"@id":"https:\/\/arealorcaradio.es\/index.php\/2025\/10\/01\/los-oyentes-y-seguidores-de-area-lorca-radio-coinciden-en-que-el-portero-ernestas-fue-el-mejor-en-la-constitucion\/#primaryimage"},"thumbnailUrl":"https:\/\/arealorcaradio.es\/wp-content\/uploads\/2025\/10\/Diseno-Trofeos-Bueno.png","articleSection":["DEPORTES","LORCA"],"inLanguage":"es","potentialAction":[{"@type":"CommentAction","name":"Comment","target":["https:\/\/arealorcaradio.es\/index.php\/2025\/10\/01\/los-oyentes-y-seguidores-de-area-lorca-radio-coinciden-en-que-el-portero-ernestas-fue-el-mejor-en-la-constitucion\/#respond"]}]},{"@type":"WebPage","@id":"https:\/\/arealorcaradio.es\/index.php\/2025\/10\/01\/los-oyentes-y-seguidores-de-area-lorca-radio-coinciden-en-que-el-portero-ernestas-fue-el-mejor-en-la-constitucion\/","url":"https:\/\/arealorcaradio.es\/index.php\/2025\/10\/01\/los-oyentes-y-seguidores-de-area-lorca-radio-coinciden-en-que-el-portero-ernestas-fue-el-mejor-en-la-constitucion\/","name":"Los oyentes y seguidores de \u00c1rea Lorca Radio coinciden en que el portero Ernestas fue el mejor en La Constituci\u00f3n - AREA LORCA RADIO","isPartOf":{"@id":"https:\/\/arealorcaradio.es\/#website"},"primaryImageOfPage":{"@id":"https:\/\/arealorcaradio.es\/index.php\/2025\/10\/01\/los-oyentes-y-seguidores-de-area-lorca-radio-coinciden-en-que-el-portero-ernestas-fue-el-mejor-en-la-constitucion\/#primaryimage"},"image":{"@id":"https:\/\/arealorcaradio.es\/index.php\/2025\/10\/01\/los-oyentes-y-seguidores-de-area-lorca-radio-coinciden-en-que-el-portero-ernestas-fue-el-mejor-en-la-constitucion\/#primaryimage"},"thumbnailUrl":"https:\/\/arealorcaradio.es\/wp-content\/uploads\/2025\/10\/Diseno-Trofeos-Bueno.png","datePublished":"2025-10-01T17:42:19+00:00","author":{"@id":"https:\/\/arealorcaradio.es\/#\/schema\/person\/9fae605fc25b0f2c83c1ab207139bd27"},"breadcrumb":{"@id":"https:\/\/arealorcaradio.es\/index.php\/2025\/10\/01\/los-oyentes-y-seguidores-de-area-lorca-radio-coinciden-en-que-el-portero-ernestas-fue-el-mejor-en-la-constitucion\/#breadcrumb"},"inLanguage":"es","potentialAction":[{"@type":"ReadAction","target":["https:\/\/arealorcaradio.es\/index.php\/2025\/10\/01\/los-oyentes-y-seguidores-de-area-lorca-radio-coinciden-en-que-el-portero-ernestas-fue-el-mejor-en-la-constitucion\/"]}]},{"@type":"ImageObject","inLanguage":"es","@id":"https:\/\/arealorcaradio.es\/index.php\/2025\/10\/01\/los-oyentes-y-seguidores-de-area-lorca-radio-coinciden-en-que-el-portero-ernestas-fue-el-mejor-en-la-constitucion\/#primaryimage","url":"https:\/\/arealorcaradio.es\/wp-content\/uploads\/2025\/10\/Diseno-Trofeos-Bueno.png","contentUrl":"https:\/\/arealorcaradio.es\/wp-content\/uploads\/2025\/10\/Diseno-Trofeos-Bueno.png","width":2560,"height":1200},{"@type":"BreadcrumbList","@id":"https:\/\/arealorcaradio.es\/index.php\/2025\/10\/01\/los-oyentes-y-seguidores-de-area-lorca-radio-coinciden-en-que-el-portero-ernestas-fue-el-mejor-en-la-constitucion\/#breadcrumb","itemListElement":[{"@type":"ListItem","position":1,"name":"Portada","item":"https:\/\/arealorcaradio.es\/"},{"@type":"ListItem","position":2,"name":"Los oyentes y seguidores de \u00c1rea Lorca Radio coinciden en que el portero Ernestas fue el mejor en La Constituci\u00f3n"}]},{"@type":"WebSite","@id":"https:\/\/arealorcaradio.es\/#website","url":"https:\/\/arealorcaradio.es\/","name":"AREA LORCA RADIO","description":"Descubre la programaci\u00f3n actual en \u00c1rea Lorca Radio, tu fuente de entrenamiento y noticias locales. Sintoniza ahora y mantente conectado online.","potentialAction":[{"@type":"SearchAction","target":{"@type":"EntryPoint","urlTemplate":"https:\/\/arealorcaradio.es\/?s={search_term_string}"},"query-input":{"@type":"PropertyValueSpecification","valueRequired":true,"valueName":"search_term_string"}}],"inLanguage":"es"},{"@type":"Person","@id":"https:\/\/arealorcaradio.es\/#\/schema\/person\/9fae605fc25b0f2c83c1ab207139bd27","name":"Paco S\u00e1nchez","image":{"@type":"ImageObject","inLanguage":"es","@id":"https:\/\/secure.gravatar.com\/avatar\/d67144e966420fb74aa84c9f2a0103be4724fd14db52b52d3b6bca749f257e79?s=96&d=mm&r=g","url":"https:\/\/secure.gravatar.com\/avatar\/d67144e966420fb74aa84c9f2a0103be4724fd14db52b52d3b6bca749f257e79?s=96&d=mm&r=g","contentUrl":"https:\/\/secure.gravatar.com\/avatar\/d67144e966420fb74aa84c9f2a0103be4724fd14db52b52d3b6bca749f257e79?s=96&d=mm&r=g","caption":"Paco S\u00e1nchez"},"sameAs":["https:\/\/arealorcaradio.es"],"url":"https:\/\/arealorcaradio.es\/index.php\/author\/admin_alorcaradio\/"}]}},"_links":{"self":[{"href":"https:\/\/arealorcaradio.es\/index.php\/wp-json\/wp\/v2\/posts\/8043","targetHints":{"allow":["GET"]}}],"collection":[{"href":"https:\/\/arealorcaradio.es\/index.php\/wp-json\/wp\/v2\/posts"}],"about":[{"href":"https:\/\/arealorcaradio.es\/index.php\/wp-json\/wp\/v2\/types\/post"}],"author":[{"embeddable":true,"href":"https:\/\/arealorcaradio.es\/index.php\/wp-json\/wp\/v2\/users\/1"}],"replies":[{"embeddable":true,"href":"https:\/\/arealorcaradio.es\/index.php\/wp-json\/wp\/v2\/comments?post=8043"}],"version-history":[{"count":1,"href":"https:\/\/arealorcaradio.es\/index.php\/wp-json\/wp\/v2\/posts\/8043\/revisions"}],"predecessor-version":[{"id":8046,"href":"https:\/\/arealorcaradio.es\/index.php\/wp-json\/wp\/v2\/posts\/8043\/revisions\/8046"}],"wp:featuredmedia":[{"embeddable":true,"href":"https:\/\/arealorcaradio.es\/index.php\/wp-json\/wp\/v2\/media\/8045"}],"wp:attachment":[{"href":"https:\/\/arealorcaradio.es\/index.php\/wp-json\/wp\/v2\/media?parent=8043"}],"wp:term":[{"taxonomy":"category","embeddable":true,"href":"https:\/\/arealorcaradio.es\/index.php\/wp-json\/wp\/v2\/categories?post=8043"},{"taxonomy":"post_tag","embeddable":true,"href":"https:\/\/arealorcaradio.es\/index.php\/wp-json\/wp\/v2\/tags?post=8043"}],"curies":[{"name":"wp","href":"https:\/\/api.w.org\/{rel}","templated":true}]}}