{"id":8038,"date":"2025-10-01T07:58:30","date_gmt":"2025-10-01T07:58:30","guid":{"rendered":"https:\/\/arealorcaradio.es\/?p=8038"},"modified":"2025-10-01T07:58:30","modified_gmt":"2025-10-01T07:58:30","slug":"hosteaguilas-presenta-su-ix-feria-gastro-saboreaguilas","status":"publish","type":"post","link":"https:\/\/arealorcaradio.es\/index.php\/2025\/10\/01\/hosteaguilas-presenta-su-ix-feria-gastro-saboreaguilas\/","title":{"rendered":"Hoste\u00c1guilas presenta su IX Feria Gastro Sabore\u00c1guilas"},"content":{"rendered":"<p><strong>\u00c1REA LORCA RADIO. \u00c1guilas.<\/strong><\/p>\n<p>Escucha aqu\u00ed la entrevista que ha concedido a Paco S\u00e1nchez en el magazine de \u00c1rea Lorca Radio, el presidente de Hoste\u00c1guilas, Vicente S\u00e1nchez.<\/p>\n<div class=\"blog-content\" align=\"justify\">\n<audio class=\"wp-audio-shortcode\" id=\"audio-8038-1\" preload=\"none\" style=\"width: 100%;\" controls=\"controls\"><source type=\"audio\/mpeg\" src=\"https:\/\/arealorcaradio.es\/wp-content\/uploads\/2025\/09\/300925-VICENTE-SANCHEZ.-SABOREAGUILAS.mp3?_=1\" \/><a href=\"https:\/\/arealorcaradio.es\/wp-content\/uploads\/2025\/09\/300925-VICENTE-SANCHEZ.-SABOREAGUILAS.mp3\">https:\/\/arealorcaradio.es\/wp-content\/uploads\/2025\/09\/300925-VICENTE-SANCHEZ.-SABOREAGUILAS.mp3<\/a><\/audio>\n<p>Durante la presentaci\u00f3n, en la que han estado presentes el alcalde de \u00c1guilas, Crist\u00f3bal Casado, el edil de Turismo, Jos\u00e9 Antonio Consentino y el presidente de Hoste\u00e1guilas, Vicente S\u00e1nchez, los tres han coincidido en destacar el gran potencial gastron\u00f3mico de nuestra localidad. \u201cSe trata de una Feria que promete conquistar todos los paladares con una amplia variedad de tapas, c\u00f3cteles, vinos y una rica selecci\u00f3n de panader\u00eda artesanal. Los mejores profesionales expondr\u00e1n sus elaboraciones durante un fin de semana lleno de sabor, cultura, m\u00fasica y diversi\u00f3n\u201d.<\/p>\n<p>Un a\u00f1o m\u00e1s, esta c\u00e9ntrica plaza aguile\u00f1a se convertir\u00e1 en un recinto enogastron\u00f3mico, que acoger\u00e1 actividades como Calle de Tapas, m\u00fasica en directo, showcooking, visitas teatralizadas, zona infantil, sorteos, etc.<\/p>\n<\/div>\n","protected":false},"excerpt":{"rendered":"<p>\u00c1REA LORCA RADIO. \u00c1guilas. Escucha aqu\u00ed la entrevista que ha concedido a Paco S\u00e1nchez en el magazine de \u00c1rea Lorca Radio, el presidente de Hoste\u00c1guilas, Vicente S\u00e1nchez. Durante la presentaci\u00f3n, en la que han estado presentes el alcalde de \u00c1guilas, Crist\u00f3bal Casado, el edil de Turismo, Jos\u00e9 Antonio Consentino y el presidente de Hoste\u00e1guilas, Vicente [&hellip;]<\/p>\n","protected":false},"author":1,"featured_media":8040,"comment_status":"open","ping_status":"open","sticky":false,"template":"","format":"standard","meta":{"iawp_total_views":15,"footnotes":""},"categories":[5,8],"tags":[],"class_list":["post-8038","post","type-post","status-publish","format-standard","has-post-thumbnail","hentry","category-actualidad","category-aguilas"],"yoast_head":"<!-- This site is optimized with the Yoast SEO plugin v27.5 - https:\/\/yoast.com\/product\/yoast-seo-wordpress\/ -->\n<title>Hoste\u00c1guilas presenta su IX Feria Gastro Sabore\u00c1guilas - AREA LORCA RADIO<\/title>\n<meta name=\"robots\" content=\"index, follow, max-snippet:-1, max-image-preview:large, max-video-preview:-1\" \/>\n<link rel=\"canonical\" href=\"https:\/\/arealorcaradio.es\/index.php\/2025\/10\/01\/hosteaguilas-presenta-su-ix-feria-gastro-saboreaguilas\/\" \/>\n<meta property=\"og:locale\" content=\"es_ES\" \/>\n<meta property=\"og:type\" content=\"article\" \/>\n<meta property=\"og:title\" content=\"Hoste\u00c1guilas presenta su IX Feria Gastro Sabore\u00c1guilas - AREA LORCA RADIO\" \/>\n<meta property=\"og:description\" content=\"\u00c1REA LORCA RADIO. \u00c1guilas. Escucha aqu\u00ed la entrevista que ha concedido a Paco S\u00e1nchez en el magazine de \u00c1rea Lorca Radio, el presidente de Hoste\u00c1guilas, Vicente S\u00e1nchez. Durante la presentaci\u00f3n, en la que han estado presentes el alcalde de \u00c1guilas, Crist\u00f3bal Casado, el edil de Turismo, Jos\u00e9 Antonio Consentino y el presidente de Hoste\u00e1guilas, Vicente [&hellip;]\" \/>\n<meta property=\"og:url\" content=\"https:\/\/arealorcaradio.es\/index.php\/2025\/10\/01\/hosteaguilas-presenta-su-ix-feria-gastro-saboreaguilas\/\" \/>\n<meta property=\"og:site_name\" content=\"AREA LORCA RADIO\" \/>\n<meta property=\"article:published_time\" content=\"2025-10-01T07:58:30+00:00\" \/>\n<meta property=\"og:image\" content=\"https:\/\/arealorcaradio.es\/wp-content\/uploads\/2025\/09\/Gastro-Aguilas-scaled.jpg\" \/>\n\t<meta property=\"og:image:width\" content=\"2560\" \/>\n\t<meta property=\"og:image:height\" content=\"1920\" \/>\n\t<meta property=\"og:image:type\" content=\"image\/jpeg\" \/>\n<meta name=\"author\" content=\"Paco S\u00e1nchez\" \/>\n<meta name=\"twitter:card\" content=\"summary_large_image\" \/>\n<meta name=\"twitter:label1\" content=\"Escrito por\" \/>\n\t<meta name=\"twitter:data1\" content=\"Paco S\u00e1nchez\" \/>\n\t<meta name=\"twitter:label2\" content=\"Tiempo de lectura\" \/>\n\t<meta name=\"twitter:data2\" content=\"1 minuto\" \/>\n<script type=\"application\/ld+json\" class=\"yoast-schema-graph\">{\"@context\":\"https:\\\/\\\/schema.org\",\"@graph\":[{\"@type\":\"Article\",\"@id\":\"https:\\\/\\\/arealorcaradio.es\\\/index.php\\\/2025\\\/10\\\/01\\\/hosteaguilas-presenta-su-ix-feria-gastro-saboreaguilas\\\/#article\",\"isPartOf\":{\"@id\":\"https:\\\/\\\/arealorcaradio.es\\\/index.php\\\/2025\\\/10\\\/01\\\/hosteaguilas-presenta-su-ix-feria-gastro-saboreaguilas\\\/\"},\"author\":{\"name\":\"Paco S\u00e1nchez\",\"@id\":\"https:\\\/\\\/arealorcaradio.es\\\/#\\\/schema\\\/person\\\/9fae605fc25b0f2c83c1ab207139bd27\"},\"headline\":\"Hoste\u00c1guilas presenta su IX Feria Gastro Sabore\u00c1guilas\",\"datePublished\":\"2025-10-01T07:58:30+00:00\",\"mainEntityOfPage\":{\"@id\":\"https:\\\/\\\/arealorcaradio.es\\\/index.php\\\/2025\\\/10\\\/01\\\/hosteaguilas-presenta-su-ix-feria-gastro-saboreaguilas\\\/\"},\"wordCount\":183,\"commentCount\":0,\"image\":{\"@id\":\"https:\\\/\\\/arealorcaradio.es\\\/index.php\\\/2025\\\/10\\\/01\\\/hosteaguilas-presenta-su-ix-feria-gastro-saboreaguilas\\\/#primaryimage\"},\"thumbnailUrl\":\"https:\\\/\\\/arealorcaradio.es\\\/wp-content\\\/uploads\\\/2025\\\/09\\\/Gastro-Aguilas-scaled.jpg\",\"articleSection\":[\"ACTUALIDAD\",\"\u00c1GUILAS\"],\"inLanguage\":\"es\",\"potentialAction\":[{\"@type\":\"CommentAction\",\"name\":\"Comment\",\"target\":[\"https:\\\/\\\/arealorcaradio.es\\\/index.php\\\/2025\\\/10\\\/01\\\/hosteaguilas-presenta-su-ix-feria-gastro-saboreaguilas\\\/#respond\"]}]},{\"@type\":\"WebPage\",\"@id\":\"https:\\\/\\\/arealorcaradio.es\\\/index.php\\\/2025\\\/10\\\/01\\\/hosteaguilas-presenta-su-ix-feria-gastro-saboreaguilas\\\/\",\"url\":\"https:\\\/\\\/arealorcaradio.es\\\/index.php\\\/2025\\\/10\\\/01\\\/hosteaguilas-presenta-su-ix-feria-gastro-saboreaguilas\\\/\",\"name\":\"Hoste\u00c1guilas presenta su IX Feria Gastro Sabore\u00c1guilas - AREA LORCA RADIO\",\"isPartOf\":{\"@id\":\"https:\\\/\\\/arealorcaradio.es\\\/#website\"},\"primaryImageOfPage\":{\"@id\":\"https:\\\/\\\/arealorcaradio.es\\\/index.php\\\/2025\\\/10\\\/01\\\/hosteaguilas-presenta-su-ix-feria-gastro-saboreaguilas\\\/#primaryimage\"},\"image\":{\"@id\":\"https:\\\/\\\/arealorcaradio.es\\\/index.php\\\/2025\\\/10\\\/01\\\/hosteaguilas-presenta-su-ix-feria-gastro-saboreaguilas\\\/#primaryimage\"},\"thumbnailUrl\":\"https:\\\/\\\/arealorcaradio.es\\\/wp-content\\\/uploads\\\/2025\\\/09\\\/Gastro-Aguilas-scaled.jpg\",\"datePublished\":\"2025-10-01T07:58:30+00:00\",\"author\":{\"@id\":\"https:\\\/\\\/arealorcaradio.es\\\/#\\\/schema\\\/person\\\/9fae605fc25b0f2c83c1ab207139bd27\"},\"breadcrumb\":{\"@id\":\"https:\\\/\\\/arealorcaradio.es\\\/index.php\\\/2025\\\/10\\\/01\\\/hosteaguilas-presenta-su-ix-feria-gastro-saboreaguilas\\\/#breadcrumb\"},\"inLanguage\":\"es\",\"potentialAction\":[{\"@type\":\"ReadAction\",\"target\":[\"https:\\\/\\\/arealorcaradio.es\\\/index.php\\\/2025\\\/10\\\/01\\\/hosteaguilas-presenta-su-ix-feria-gastro-saboreaguilas\\\/\"]}]},{\"@type\":\"ImageObject\",\"inLanguage\":\"es\",\"@id\":\"https:\\\/\\\/arealorcaradio.es\\\/index.php\\\/2025\\\/10\\\/01\\\/hosteaguilas-presenta-su-ix-feria-gastro-saboreaguilas\\\/#primaryimage\",\"url\":\"https:\\\/\\\/arealorcaradio.es\\\/wp-content\\\/uploads\\\/2025\\\/09\\\/Gastro-Aguilas-scaled.jpg\",\"contentUrl\":\"https:\\\/\\\/arealorcaradio.es\\\/wp-content\\\/uploads\\\/2025\\\/09\\\/Gastro-Aguilas-scaled.jpg\",\"width\":2560,\"height\":1920},{\"@type\":\"BreadcrumbList\",\"@id\":\"https:\\\/\\\/arealorcaradio.es\\\/index.php\\\/2025\\\/10\\\/01\\\/hosteaguilas-presenta-su-ix-feria-gastro-saboreaguilas\\\/#breadcrumb\",\"itemListElement\":[{\"@type\":\"ListItem\",\"position\":1,\"name\":\"Portada\",\"item\":\"https:\\\/\\\/arealorcaradio.es\\\/\"},{\"@type\":\"ListItem\",\"position\":2,\"name\":\"Hoste\u00c1guilas presenta su IX Feria Gastro Sabore\u00c1guilas\"}]},{\"@type\":\"WebSite\",\"@id\":\"https:\\\/\\\/arealorcaradio.es\\\/#website\",\"url\":\"https:\\\/\\\/arealorcaradio.es\\\/\",\"name\":\"AREA LORCA RADIO\",\"description\":\"Descubre la programaci\u00f3n actual en \u00c1rea Lorca Radio, tu fuente de entrenamiento y noticias locales. Sintoniza ahora y mantente conectado online.\",\"potentialAction\":[{\"@type\":\"SearchAction\",\"target\":{\"@type\":\"EntryPoint\",\"urlTemplate\":\"https:\\\/\\\/arealorcaradio.es\\\/?s={search_term_string}\"},\"query-input\":{\"@type\":\"PropertyValueSpecification\",\"valueRequired\":true,\"valueName\":\"search_term_string\"}}],\"inLanguage\":\"es\"},{\"@type\":\"Person\",\"@id\":\"https:\\\/\\\/arealorcaradio.es\\\/#\\\/schema\\\/person\\\/9fae605fc25b0f2c83c1ab207139bd27\",\"name\":\"Paco S\u00e1nchez\",\"image\":{\"@type\":\"ImageObject\",\"inLanguage\":\"es\",\"@id\":\"https:\\\/\\\/secure.gravatar.com\\\/avatar\\\/d67144e966420fb74aa84c9f2a0103be4724fd14db52b52d3b6bca749f257e79?s=96&d=mm&r=g\",\"url\":\"https:\\\/\\\/secure.gravatar.com\\\/avatar\\\/d67144e966420fb74aa84c9f2a0103be4724fd14db52b52d3b6bca749f257e79?s=96&d=mm&r=g\",\"contentUrl\":\"https:\\\/\\\/secure.gravatar.com\\\/avatar\\\/d67144e966420fb74aa84c9f2a0103be4724fd14db52b52d3b6bca749f257e79?s=96&d=mm&r=g\",\"caption\":\"Paco S\u00e1nchez\"},\"sameAs\":[\"https:\\\/\\\/arealorcaradio.es\"],\"url\":\"https:\\\/\\\/arealorcaradio.es\\\/index.php\\\/author\\\/admin_alorcaradio\\\/\"}]}<\/script>\n<!-- \/ Yoast SEO plugin. -->","yoast_head_json":{"title":"Hoste\u00c1guilas presenta su IX Feria Gastro Sabore\u00c1guilas - AREA LORCA RADIO","robots":{"index":"index","follow":"follow","max-snippet":"max-snippet:-1","max-image-preview":"max-image-preview:large","max-video-preview":"max-video-preview:-1"},"canonical":"https:\/\/arealorcaradio.es\/index.php\/2025\/10\/01\/hosteaguilas-presenta-su-ix-feria-gastro-saboreaguilas\/","og_locale":"es_ES","og_type":"article","og_title":"Hoste\u00c1guilas presenta su IX Feria Gastro Sabore\u00c1guilas - AREA LORCA RADIO","og_description":"\u00c1REA LORCA RADIO. \u00c1guilas. Escucha aqu\u00ed la entrevista que ha concedido a Paco S\u00e1nchez en el magazine de \u00c1rea Lorca Radio, el presidente de Hoste\u00c1guilas, Vicente S\u00e1nchez. Durante la presentaci\u00f3n, en la que han estado presentes el alcalde de \u00c1guilas, Crist\u00f3bal Casado, el edil de Turismo, Jos\u00e9 Antonio Consentino y el presidente de Hoste\u00e1guilas, Vicente [&hellip;]","og_url":"https:\/\/arealorcaradio.es\/index.php\/2025\/10\/01\/hosteaguilas-presenta-su-ix-feria-gastro-saboreaguilas\/","og_site_name":"AREA LORCA RADIO","article_published_time":"2025-10-01T07:58:30+00:00","og_image":[{"width":2560,"height":1920,"url":"https:\/\/arealorcaradio.es\/wp-content\/uploads\/2025\/09\/Gastro-Aguilas-scaled.jpg","type":"image\/jpeg"}],"author":"Paco S\u00e1nchez","twitter_card":"summary_large_image","twitter_misc":{"Escrito por":"Paco S\u00e1nchez","Tiempo de lectura":"1 minuto"},"schema":{"@context":"https:\/\/schema.org","@graph":[{"@type":"Article","@id":"https:\/\/arealorcaradio.es\/index.php\/2025\/10\/01\/hosteaguilas-presenta-su-ix-feria-gastro-saboreaguilas\/#article","isPartOf":{"@id":"https:\/\/arealorcaradio.es\/index.php\/2025\/10\/01\/hosteaguilas-presenta-su-ix-feria-gastro-saboreaguilas\/"},"author":{"name":"Paco S\u00e1nchez","@id":"https:\/\/arealorcaradio.es\/#\/schema\/person\/9fae605fc25b0f2c83c1ab207139bd27"},"headline":"Hoste\u00c1guilas presenta su IX Feria Gastro Sabore\u00c1guilas","datePublished":"2025-10-01T07:58:30+00:00","mainEntityOfPage":{"@id":"https:\/\/arealorcaradio.es\/index.php\/2025\/10\/01\/hosteaguilas-presenta-su-ix-feria-gastro-saboreaguilas\/"},"wordCount":183,"commentCount":0,"image":{"@id":"https:\/\/arealorcaradio.es\/index.php\/2025\/10\/01\/hosteaguilas-presenta-su-ix-feria-gastro-saboreaguilas\/#primaryimage"},"thumbnailUrl":"https:\/\/arealorcaradio.es\/wp-content\/uploads\/2025\/09\/Gastro-Aguilas-scaled.jpg","articleSection":["ACTUALIDAD","\u00c1GUILAS"],"inLanguage":"es","potentialAction":[{"@type":"CommentAction","name":"Comment","target":["https:\/\/arealorcaradio.es\/index.php\/2025\/10\/01\/hosteaguilas-presenta-su-ix-feria-gastro-saboreaguilas\/#respond"]}]},{"@type":"WebPage","@id":"https:\/\/arealorcaradio.es\/index.php\/2025\/10\/01\/hosteaguilas-presenta-su-ix-feria-gastro-saboreaguilas\/","url":"https:\/\/arealorcaradio.es\/index.php\/2025\/10\/01\/hosteaguilas-presenta-su-ix-feria-gastro-saboreaguilas\/","name":"Hoste\u00c1guilas presenta su IX Feria Gastro Sabore\u00c1guilas - AREA LORCA RADIO","isPartOf":{"@id":"https:\/\/arealorcaradio.es\/#website"},"primaryImageOfPage":{"@id":"https:\/\/arealorcaradio.es\/index.php\/2025\/10\/01\/hosteaguilas-presenta-su-ix-feria-gastro-saboreaguilas\/#primaryimage"},"image":{"@id":"https:\/\/arealorcaradio.es\/index.php\/2025\/10\/01\/hosteaguilas-presenta-su-ix-feria-gastro-saboreaguilas\/#primaryimage"},"thumbnailUrl":"https:\/\/arealorcaradio.es\/wp-content\/uploads\/2025\/09\/Gastro-Aguilas-scaled.jpg","datePublished":"2025-10-01T07:58:30+00:00","author":{"@id":"https:\/\/arealorcaradio.es\/#\/schema\/person\/9fae605fc25b0f2c83c1ab207139bd27"},"breadcrumb":{"@id":"https:\/\/arealorcaradio.es\/index.php\/2025\/10\/01\/hosteaguilas-presenta-su-ix-feria-gastro-saboreaguilas\/#breadcrumb"},"inLanguage":"es","potentialAction":[{"@type":"ReadAction","target":["https:\/\/arealorcaradio.es\/index.php\/2025\/10\/01\/hosteaguilas-presenta-su-ix-feria-gastro-saboreaguilas\/"]}]},{"@type":"ImageObject","inLanguage":"es","@id":"https:\/\/arealorcaradio.es\/index.php\/2025\/10\/01\/hosteaguilas-presenta-su-ix-feria-gastro-saboreaguilas\/#primaryimage","url":"https:\/\/arealorcaradio.es\/wp-content\/uploads\/2025\/09\/Gastro-Aguilas-scaled.jpg","contentUrl":"https:\/\/arealorcaradio.es\/wp-content\/uploads\/2025\/09\/Gastro-Aguilas-scaled.jpg","width":2560,"height":1920},{"@type":"BreadcrumbList","@id":"https:\/\/arealorcaradio.es\/index.php\/2025\/10\/01\/hosteaguilas-presenta-su-ix-feria-gastro-saboreaguilas\/#breadcrumb","itemListElement":[{"@type":"ListItem","position":1,"name":"Portada","item":"https:\/\/arealorcaradio.es\/"},{"@type":"ListItem","position":2,"name":"Hoste\u00c1guilas presenta su IX Feria Gastro Sabore\u00c1guilas"}]},{"@type":"WebSite","@id":"https:\/\/arealorcaradio.es\/#website","url":"https:\/\/arealorcaradio.es\/","name":"AREA LORCA RADIO","description":"Descubre la programaci\u00f3n actual en \u00c1rea Lorca Radio, tu fuente de entrenamiento y noticias locales. Sintoniza ahora y mantente conectado online.","potentialAction":[{"@type":"SearchAction","target":{"@type":"EntryPoint","urlTemplate":"https:\/\/arealorcaradio.es\/?s={search_term_string}"},"query-input":{"@type":"PropertyValueSpecification","valueRequired":true,"valueName":"search_term_string"}}],"inLanguage":"es"},{"@type":"Person","@id":"https:\/\/arealorcaradio.es\/#\/schema\/person\/9fae605fc25b0f2c83c1ab207139bd27","name":"Paco S\u00e1nchez","image":{"@type":"ImageObject","inLanguage":"es","@id":"https:\/\/secure.gravatar.com\/avatar\/d67144e966420fb74aa84c9f2a0103be4724fd14db52b52d3b6bca749f257e79?s=96&d=mm&r=g","url":"https:\/\/secure.gravatar.com\/avatar\/d67144e966420fb74aa84c9f2a0103be4724fd14db52b52d3b6bca749f257e79?s=96&d=mm&r=g","contentUrl":"https:\/\/secure.gravatar.com\/avatar\/d67144e966420fb74aa84c9f2a0103be4724fd14db52b52d3b6bca749f257e79?s=96&d=mm&r=g","caption":"Paco S\u00e1nchez"},"sameAs":["https:\/\/arealorcaradio.es"],"url":"https:\/\/arealorcaradio.es\/index.php\/author\/admin_alorcaradio\/"}]}},"_links":{"self":[{"href":"https:\/\/arealorcaradio.es\/index.php\/wp-json\/wp\/v2\/posts\/8038","targetHints":{"allow":["GET"]}}],"collection":[{"href":"https:\/\/arealorcaradio.es\/index.php\/wp-json\/wp\/v2\/posts"}],"about":[{"href":"https:\/\/arealorcaradio.es\/index.php\/wp-json\/wp\/v2\/types\/post"}],"author":[{"embeddable":true,"href":"https:\/\/arealorcaradio.es\/index.php\/wp-json\/wp\/v2\/users\/1"}],"replies":[{"embeddable":true,"href":"https:\/\/arealorcaradio.es\/index.php\/wp-json\/wp\/v2\/comments?post=8038"}],"version-history":[{"count":1,"href":"https:\/\/arealorcaradio.es\/index.php\/wp-json\/wp\/v2\/posts\/8038\/revisions"}],"predecessor-version":[{"id":8041,"href":"https:\/\/arealorcaradio.es\/index.php\/wp-json\/wp\/v2\/posts\/8038\/revisions\/8041"}],"wp:featuredmedia":[{"embeddable":true,"href":"https:\/\/arealorcaradio.es\/index.php\/wp-json\/wp\/v2\/media\/8040"}],"wp:attachment":[{"href":"https:\/\/arealorcaradio.es\/index.php\/wp-json\/wp\/v2\/media?parent=8038"}],"wp:term":[{"taxonomy":"category","embeddable":true,"href":"https:\/\/arealorcaradio.es\/index.php\/wp-json\/wp\/v2\/categories?post=8038"},{"taxonomy":"post_tag","embeddable":true,"href":"https:\/\/arealorcaradio.es\/index.php\/wp-json\/wp\/v2\/tags?post=8038"}],"curies":[{"name":"wp","href":"https:\/\/api.w.org\/{rel}","templated":true}]}}