{"id":8020,"date":"2025-10-01T07:59:35","date_gmt":"2025-10-01T07:59:35","guid":{"rendered":"https:\/\/arealorcaradio.es\/?p=8020"},"modified":"2025-10-01T07:59:35","modified_gmt":"2025-10-01T07:59:35","slug":"maria-de-las-huertas-garcia-lorca-ha-consolidado-un-modelo-de-feria-exitoso-e-ilusionante-asi-nos-lo-transmiten-los-colectivos","status":"publish","type":"post","link":"https:\/\/arealorcaradio.es\/index.php\/2025\/10\/01\/maria-de-las-huertas-garcia-lorca-ha-consolidado-un-modelo-de-feria-exitoso-e-ilusionante-asi-nos-lo-transmiten-los-colectivos\/","title":{"rendered":"Mar\u00eda de las Huertas Garc\u00eda: \u00ab\u00bbLorca ha consolidado un modelo de feria exitoso e ilusionante, as\u00ed nos lo transmiten los colectivos\u00bb"},"content":{"rendered":"<p><strong>\u00c1REA LORCA RADIO. Balance de Feria y Fiestas.<\/strong><\/p>\n<p>Escucha aqu\u00ed el balance de la Feria y Fiestas de Lorca 2025 que ha realizado en el magazine de \u00c1rea Lorca Radio, a Paco S\u00e1nchez, la concejala del Ayuntamiento de Lorca, Mar\u00eda de las Huertas Garc\u00eda P\u00e9rez.<\/p>\n<audio class=\"wp-audio-shortcode\" id=\"audio-8020-1\" preload=\"none\" style=\"width: 100%;\" controls=\"controls\"><source type=\"audio\/mpeg\" src=\"https:\/\/arealorcaradio.es\/wp-content\/uploads\/2025\/09\/300925-MARI-HUERTAS-GARCIA.-BALANCE-FERIA.mp3?_=1\" \/><a href=\"https:\/\/arealorcaradio.es\/wp-content\/uploads\/2025\/09\/300925-MARI-HUERTAS-GARCIA.-BALANCE-FERIA.mp3\">https:\/\/arealorcaradio.es\/wp-content\/uploads\/2025\/09\/300925-MARI-HUERTAS-GARCIA.-BALANCE-FERIA.mp3<\/a><\/audio>\n<p class=\"v1MsoNormal\"><b><span lang=\"es\"><img loading=\"lazy\" decoding=\"async\" class=\"alignnone size-medium wp-image-8028\" src=\"https:\/\/arealorcaradio.es\/wp-content\/uploads\/2025\/09\/20250930_171156-1-300x225.jpg\" alt=\"\" width=\"300\" height=\"225\" srcset=\"https:\/\/arealorcaradio.es\/wp-content\/uploads\/2025\/09\/20250930_171156-1-300x225.jpg 300w, https:\/\/arealorcaradio.es\/wp-content\/uploads\/2025\/09\/20250930_171156-1-1024x768.jpg 1024w, https:\/\/arealorcaradio.es\/wp-content\/uploads\/2025\/09\/20250930_171156-1-768x576.jpg 768w, https:\/\/arealorcaradio.es\/wp-content\/uploads\/2025\/09\/20250930_171156-1-1536x1152.jpg 1536w, https:\/\/arealorcaradio.es\/wp-content\/uploads\/2025\/09\/20250930_171156-1-2048x1536.jpg 2048w, https:\/\/arealorcaradio.es\/wp-content\/uploads\/2025\/09\/20250930_171156-1-86x64.jpg 86w\" sizes=\"auto, (max-width: 300px) 100vw, 300px\" \/><\/span><\/b><\/p>\n<p class=\"v1MsoNormal\"><b><span lang=\"es\">Lorca, 29 de septiembre de 2025<\/span><\/b><span lang=\"es\">. La Feria de septiembre ha concluido con un \u00e9xito rotundo, superando las previsiones iniciales y alcanzando m\u00e1ximos hist\u00f3ricos de participaci\u00f3n. Durante diez d\u00edas, del 19 al 28 de septiembre, miles de personas han abarrotado calles, plazas y el recinto ferial. La amplia afluencia de p\u00fablico consolida esta edici\u00f3n como una de las m\u00e1s multitudinarias que se recuerdan. La ciudad ha acentuado su perfil como cabecera de comarca y capital subregional, atrayendo no solo a miles de lorquinos, sino tambi\u00e9n a visitantes de fuera: vecinos de municipios lim\u00edtrofes y provincias vecinas, que han acudido en masa a disfrutar de unos festejos que han desbordado incluso las expectativas m\u00e1s optimistas.<\/span><\/p>\n<p class=\"v1MsoNormal\"><b><span lang=\"es\">Ambiente festivo sin precedentes<\/span><\/b><\/p>\n<p class=\"v1MsoNormal\"><span lang=\"es\">El alcalde de Lorca, Fulgencio Gil, ha a\u00f1adido que la ciudad ha vivido un ambiente extraordinario tanto de d\u00eda como de noche: plazas y calles del casco antiguo registraron un \u00abllenazo\u00bb espectacular durante la Feria de D\u00eda, consolid\u00e1ndose como uno de los grandes atractivos, con miles de personas disfrutando de la mejor gastronom\u00eda local en formato tapa, m\u00fasica en directo y actividades al aire libre. La novedad de este a\u00f1o, la portada decorativa del centro de la ciudad, ha sido uno de los elementos m\u00e1s fotografiados por los asistentes. Bares, restaurantes y terrazas han registrado una afluencia extraordinaria. Por su parte, las noches en el recinto ferial han estado marcadas por conciertos y espect\u00e1culos para todos los p\u00fablicos, desde sesiones de DJs juveniles hasta actuaciones para un p\u00fablico familiar, que abarrotaron la gran carpa, funcionando a pleno rendimiento.<\/span><\/p>\n<p class=\"v1MsoNormal\"><span lang=\"es\"><img loading=\"lazy\" decoding=\"async\" class=\"alignnone size-medium wp-image-8022\" src=\"https:\/\/arealorcaradio.es\/wp-content\/uploads\/2025\/09\/FERIA-3-300x200.jpeg\" alt=\"\" width=\"300\" height=\"200\" srcset=\"https:\/\/arealorcaradio.es\/wp-content\/uploads\/2025\/09\/FERIA-3-300x200.jpeg 300w, https:\/\/arealorcaradio.es\/wp-content\/uploads\/2025\/09\/FERIA-3-1024x682.jpeg 1024w, https:\/\/arealorcaradio.es\/wp-content\/uploads\/2025\/09\/FERIA-3-768x512.jpeg 768w, https:\/\/arealorcaradio.es\/wp-content\/uploads\/2025\/09\/FERIA-3-1536x1023.jpeg 1536w, https:\/\/arealorcaradio.es\/wp-content\/uploads\/2025\/09\/FERIA-3.jpeg 1600w\" sizes=\"auto, (max-width: 300px) 100vw, 300px\" \/> <img loading=\"lazy\" decoding=\"async\" class=\"alignnone size-medium wp-image-8023\" src=\"https:\/\/arealorcaradio.es\/wp-content\/uploads\/2025\/09\/FERIA-1-300x200.jpeg\" alt=\"\" width=\"300\" height=\"200\" srcset=\"https:\/\/arealorcaradio.es\/wp-content\/uploads\/2025\/09\/FERIA-1-300x200.jpeg 300w, https:\/\/arealorcaradio.es\/wp-content\/uploads\/2025\/09\/FERIA-1-1024x682.jpeg 1024w, https:\/\/arealorcaradio.es\/wp-content\/uploads\/2025\/09\/FERIA-1-768x512.jpeg 768w, https:\/\/arealorcaradio.es\/wp-content\/uploads\/2025\/09\/FERIA-1-1536x1023.jpeg 1536w, https:\/\/arealorcaradio.es\/wp-content\/uploads\/2025\/09\/FERIA-1.jpeg 1600w\" sizes=\"auto, (max-width: 300px) 100vw, 300px\" \/><\/span><\/p>\n<p class=\"v1MsoNormal\"><span lang=\"es\">Desde la inauguraci\u00f3n oficial el viernes 19 en el Huerto de la Rueda, que reuni\u00f3 a miles de personas y dio paso a un recinto ferial con m\u00e1s de 70 atracciones, hasta los eventos del \u00faltimo fin de semana, todos han tenido un gran seguimiento. \u00abLos conciertos, el Festival Internacional de Folklore, la corrida de toros en Sutullena y actividades familiares como el encierro infantil se han desarrollado con aforo completo y gran ambiente, confirmando que esta edici\u00f3n pasar\u00e1 a la historia como una de las m\u00e1s participativas. As\u00ed es como queremos ver Lorca siempre, con unas celebraciones para todos los p\u00fablicos, con un perfil familiar, gastron\u00f3mico, cultural y de ocio saludable.<\/span><\/p>\n<p class=\"v1MsoNormal\"><b><span lang=\"es\"><img loading=\"lazy\" decoding=\"async\" class=\"alignnone size-medium wp-image-8024\" src=\"https:\/\/arealorcaradio.es\/wp-content\/uploads\/2025\/09\/FERIA-7-300x200.jpeg\" alt=\"\" width=\"300\" height=\"200\" srcset=\"https:\/\/arealorcaradio.es\/wp-content\/uploads\/2025\/09\/FERIA-7-300x200.jpeg 300w, https:\/\/arealorcaradio.es\/wp-content\/uploads\/2025\/09\/FERIA-7-1024x682.jpeg 1024w, https:\/\/arealorcaradio.es\/wp-content\/uploads\/2025\/09\/FERIA-7-768x512.jpeg 768w, https:\/\/arealorcaradio.es\/wp-content\/uploads\/2025\/09\/FERIA-7-1536x1023.jpeg 1536w, https:\/\/arealorcaradio.es\/wp-content\/uploads\/2025\/09\/FERIA-7.jpeg 1600w\" sizes=\"auto, (max-width: 300px) 100vw, 300px\" \/> <img loading=\"lazy\" decoding=\"async\" class=\"alignnone size-medium wp-image-8025\" src=\"https:\/\/arealorcaradio.es\/wp-content\/uploads\/2025\/09\/FERIA-10-300x200.jpeg\" alt=\"\" width=\"300\" height=\"200\" srcset=\"https:\/\/arealorcaradio.es\/wp-content\/uploads\/2025\/09\/FERIA-10-300x200.jpeg 300w, https:\/\/arealorcaradio.es\/wp-content\/uploads\/2025\/09\/FERIA-10-768x511.jpeg 768w, https:\/\/arealorcaradio.es\/wp-content\/uploads\/2025\/09\/FERIA-10.jpeg 1000w\" sizes=\"auto, (max-width: 300px) 100vw, 300px\" \/><\/span><\/b><\/p>\n<p class=\"v1MsoNormal\"><b><span lang=\"es\">Seguridad, civismo e incidencias m\u00ednimas<\/span><\/b><\/p>\n<p class=\"v1MsoNormal\"><span lang=\"es\">El desarrollo de la Feria 2025 ha estado acompa\u00f1ado por un amplio dispositivo de seguridad, emergencias y limpieza, considerado el mayor puesto en marcha hasta la fecha en estas fiestas. Cerca de medio millar de efectivos de los distintos cuerpos: Polic\u00eda Local, con todos sus 131 agentes en servicio, Cuerpo Nacional de Polic\u00eda, Guardia Civil, seguridad privada, Bomberos, Protecci\u00f3n Civil, Cruz Roja, 061 y personal sanitario han velado por el buen transcurso de los eventos, realizando en conjunto alrededor de un millar de servicios durante los diez d\u00edas y permitiendo un desarrollo ejemplar.<\/span><\/p>\n<p class=\"v1MsoNormal\"><span lang=\"es\">El operativo se ha desplegado en todos los escenarios de la Feria: casco antiguo, Huerto de la Rueda, plaza de toros, etc. contando adem\u00e1s con medios tecnol\u00f3gicos innovadores para reforzar la vigilancia: drones con visi\u00f3n nocturna sobrevolando las aglomeraciones y c\u00e1maras de videovigilancia estrat\u00e9gicamente instaladas que han permitido monitorizar en tiempo real la afluencia multitudinaria y garantizar la movilidad y la convivencia c\u00edvica. Asimismo, se habilit\u00f3 un \u00abPunto Seguro\u00bb atendido por personal especializado para la prevenci\u00f3n de la violencia sexual, proporcionando informaci\u00f3n y asistencia a quien lo pudiera necesitar.<\/span><\/p>\n<p class=\"v1MsoNormal\"><span lang=\"es\">Gracias a este despliegue ejemplar y al comportamiento c\u00edvico y respetuoso mostrado tanto por los lorquinos como por los visitantes, fruto de las campa\u00f1as de sensibilizaci\u00f3n impulsadas desde el Ayuntamiento, las incidencias registradas han sido m\u00ednimas. \u00abA pesar de la gran cantidad de personas que se dieron cita estos d\u00edas en la ciudad, las incidencias han sido muy puntuales y se solventaron r\u00e1pidamente\u00bb ha destacado el alcalde. \u00abNo se han producido rese\u00f1ables en materia de orden p\u00fablico, limpieza viaria o tr\u00e1fico, m\u00e1s all\u00e1 de las t\u00edpicas asistencias sanitarias menores y alg\u00fan contratiempo aislado resuelto sin consecuencias\u00bb.<\/span><\/p>\n<p class=\"v1MsoNormal\"><span lang=\"es\">Fulgencio Gil ha querido felicitar y agradecer expresamente a todos los servicios municipales, instituciones, cuerpos y fuerzas de seguridad, sanitarios, asociaciones, pe\u00f1as, hosteleros y colectivos que han contribuido a que la Feria 2025 haya salido adelante con este balance tan positivo. \u00abEs importante reconocer el esfuerzo de quienes han trabajado d\u00eda y noche por nuestra Feria. Gracias a su trabajo incansable, hemos disfrutado de unas celebraciones inolvidables\u00bb ha afirmado el alcalde poniendo en valor la colaboraci\u00f3n entre instituciones y sociedad para lograr este \u00e9xito colectivo.<\/span><\/p>\n<p class=\"v1MsoNormal\"><b><span lang=\"es\">Lorca, ciudad de eventos<\/span><\/b><\/p>\n<p class=\"v1MsoNormal\"><span lang=\"es\">Lejos de finalizar con el cierre de la Feria de septiembre, Lorca aprovechar\u00e1 el tir\u00f3n de estas fiestas para prolongar la din\u00e1mica de eventos durante los pr\u00f3ximos fines de semana, consolid\u00e1ndose como referente de ocio, cultura, comercio y turismo en la Regi\u00f3n, proyectando la ciudad como epicentro de grandes eventos. La agenda local contin\u00faa repleta de citas de inter\u00e9s que atraer\u00e1n nuevamente a vecinos y for\u00e1neos en las semanas venideras. La Feria del Comercio Local del 2 al 5 de octubre en la Plaza de Calder\u00f3n, la 58\u00aa edici\u00f3n de SEPOR del 27 al 30 de octubre en Ifelor y las Fiestas de San Clemente del 3 al 23 de noviembre, son algunos de los hitos m\u00e1s cercanos previstos en la agenda cultural y festiva.<\/span><\/p>\n<p class=\"v1MsoNormal\"><span lang=\"es\">Con todos estos eventos en cartera, Lorca se confirma como ciudad de eventos durante todo el a\u00f1o, manteniendo vivo el ambiente festivo m\u00e1s all\u00e1 de la Feria de septiembre. Fulgencio Gil ha invitado a \u00ablorquinos y visitantes a seguir participando en cada una de estas citas, para aprovechar la inercia positiva que deja la Feria 2025 y continuar haciendo del municipio un epicentro comarcal en los pr\u00f3ximos meses. Vamos a aprovechar el tir\u00f3n de estas fiestas y Lorca ser\u00e1 ciudad de eventos todos los fines de semana. No paremos aqu\u00ed; sigamos adelante con la misma ilusi\u00f3n\u00bb.<\/span><\/p>\n","protected":false},"excerpt":{"rendered":"<p>\u00c1REA LORCA RADIO. Balance de Feria y Fiestas. Escucha aqu\u00ed el balance de la Feria y Fiestas de Lorca 2025 que ha realizado en el magazine de \u00c1rea Lorca Radio, a Paco S\u00e1nchez, la concejala del Ayuntamiento de Lorca, Mar\u00eda de las Huertas Garc\u00eda P\u00e9rez. Lorca, 29 de septiembre de 2025. La Feria de septiembre [&hellip;]<\/p>\n","protected":false},"author":1,"featured_media":8026,"comment_status":"open","ping_status":"open","sticky":false,"template":"","format":"standard","meta":{"iawp_total_views":11,"footnotes":""},"categories":[5,7],"tags":[],"class_list":["post-8020","post","type-post","status-publish","format-standard","has-post-thumbnail","hentry","category-actualidad","category-lorca"],"yoast_head":"<!-- This site is optimized with the Yoast SEO plugin v27.5 - https:\/\/yoast.com\/product\/yoast-seo-wordpress\/ -->\n<title>Mar\u00eda de las Huertas Garc\u00eda: &quot;&quot;Lorca ha consolidado un modelo de feria exitoso e ilusionante, as\u00ed nos lo transmiten los colectivos&quot; - AREA LORCA RADIO<\/title>\n<meta name=\"robots\" content=\"index, follow, max-snippet:-1, max-image-preview:large, max-video-preview:-1\" \/>\n<link rel=\"canonical\" href=\"https:\/\/arealorcaradio.es\/index.php\/2025\/10\/01\/maria-de-las-huertas-garcia-lorca-ha-consolidado-un-modelo-de-feria-exitoso-e-ilusionante-asi-nos-lo-transmiten-los-colectivos\/\" \/>\n<meta property=\"og:locale\" content=\"es_ES\" \/>\n<meta property=\"og:type\" content=\"article\" \/>\n<meta property=\"og:title\" content=\"Mar\u00eda de las Huertas Garc\u00eda: &quot;&quot;Lorca ha consolidado un modelo de feria exitoso e ilusionante, as\u00ed nos lo transmiten los colectivos&quot; - AREA LORCA RADIO\" \/>\n<meta property=\"og:description\" content=\"\u00c1REA LORCA RADIO. Balance de Feria y Fiestas. Escucha aqu\u00ed el balance de la Feria y Fiestas de Lorca 2025 que ha realizado en el magazine de \u00c1rea Lorca Radio, a Paco S\u00e1nchez, la concejala del Ayuntamiento de Lorca, Mar\u00eda de las Huertas Garc\u00eda P\u00e9rez. Lorca, 29 de septiembre de 2025. La Feria de septiembre [&hellip;]\" \/>\n<meta property=\"og:url\" content=\"https:\/\/arealorcaradio.es\/index.php\/2025\/10\/01\/maria-de-las-huertas-garcia-lorca-ha-consolidado-un-modelo-de-feria-exitoso-e-ilusionante-asi-nos-lo-transmiten-los-colectivos\/\" \/>\n<meta property=\"og:site_name\" content=\"AREA LORCA RADIO\" \/>\n<meta property=\"article:published_time\" content=\"2025-10-01T07:59:35+00:00\" \/>\n<meta property=\"og:image\" content=\"https:\/\/arealorcaradio.es\/wp-content\/uploads\/2025\/09\/20250930_171133-scaled.jpg\" \/>\n\t<meta property=\"og:image:width\" content=\"2560\" \/>\n\t<meta property=\"og:image:height\" content=\"1920\" \/>\n\t<meta property=\"og:image:type\" content=\"image\/jpeg\" \/>\n<meta name=\"author\" content=\"Paco S\u00e1nchez\" \/>\n<meta name=\"twitter:card\" content=\"summary_large_image\" \/>\n<meta name=\"twitter:label1\" content=\"Escrito por\" \/>\n\t<meta name=\"twitter:data1\" content=\"Paco S\u00e1nchez\" \/>\n\t<meta name=\"twitter:label2\" content=\"Tiempo de lectura\" \/>\n\t<meta name=\"twitter:data2\" content=\"6 minutos\" \/>\n<script type=\"application\/ld+json\" class=\"yoast-schema-graph\">{\"@context\":\"https:\\\/\\\/schema.org\",\"@graph\":[{\"@type\":\"Article\",\"@id\":\"https:\\\/\\\/arealorcaradio.es\\\/index.php\\\/2025\\\/10\\\/01\\\/maria-de-las-huertas-garcia-lorca-ha-consolidado-un-modelo-de-feria-exitoso-e-ilusionante-asi-nos-lo-transmiten-los-colectivos\\\/#article\",\"isPartOf\":{\"@id\":\"https:\\\/\\\/arealorcaradio.es\\\/index.php\\\/2025\\\/10\\\/01\\\/maria-de-las-huertas-garcia-lorca-ha-consolidado-un-modelo-de-feria-exitoso-e-ilusionante-asi-nos-lo-transmiten-los-colectivos\\\/\"},\"author\":{\"name\":\"Paco S\u00e1nchez\",\"@id\":\"https:\\\/\\\/arealorcaradio.es\\\/#\\\/schema\\\/person\\\/9fae605fc25b0f2c83c1ab207139bd27\"},\"headline\":\"Mar\u00eda de las Huertas Garc\u00eda: \u00ab\u00bbLorca ha consolidado un modelo de feria exitoso e ilusionante, as\u00ed nos lo transmiten los colectivos\u00bb\",\"datePublished\":\"2025-10-01T07:59:35+00:00\",\"mainEntityOfPage\":{\"@id\":\"https:\\\/\\\/arealorcaradio.es\\\/index.php\\\/2025\\\/10\\\/01\\\/maria-de-las-huertas-garcia-lorca-ha-consolidado-un-modelo-de-feria-exitoso-e-ilusionante-asi-nos-lo-transmiten-los-colectivos\\\/\"},\"wordCount\":1098,\"commentCount\":0,\"image\":{\"@id\":\"https:\\\/\\\/arealorcaradio.es\\\/index.php\\\/2025\\\/10\\\/01\\\/maria-de-las-huertas-garcia-lorca-ha-consolidado-un-modelo-de-feria-exitoso-e-ilusionante-asi-nos-lo-transmiten-los-colectivos\\\/#primaryimage\"},\"thumbnailUrl\":\"https:\\\/\\\/arealorcaradio.es\\\/wp-content\\\/uploads\\\/2025\\\/09\\\/20250930_171133-scaled.jpg\",\"articleSection\":[\"ACTUALIDAD\",\"LORCA\"],\"inLanguage\":\"es\",\"potentialAction\":[{\"@type\":\"CommentAction\",\"name\":\"Comment\",\"target\":[\"https:\\\/\\\/arealorcaradio.es\\\/index.php\\\/2025\\\/10\\\/01\\\/maria-de-las-huertas-garcia-lorca-ha-consolidado-un-modelo-de-feria-exitoso-e-ilusionante-asi-nos-lo-transmiten-los-colectivos\\\/#respond\"]}]},{\"@type\":\"WebPage\",\"@id\":\"https:\\\/\\\/arealorcaradio.es\\\/index.php\\\/2025\\\/10\\\/01\\\/maria-de-las-huertas-garcia-lorca-ha-consolidado-un-modelo-de-feria-exitoso-e-ilusionante-asi-nos-lo-transmiten-los-colectivos\\\/\",\"url\":\"https:\\\/\\\/arealorcaradio.es\\\/index.php\\\/2025\\\/10\\\/01\\\/maria-de-las-huertas-garcia-lorca-ha-consolidado-un-modelo-de-feria-exitoso-e-ilusionante-asi-nos-lo-transmiten-los-colectivos\\\/\",\"name\":\"Mar\u00eda de las Huertas Garc\u00eda: \\\"\\\"Lorca ha consolidado un modelo de feria exitoso e ilusionante, as\u00ed nos lo transmiten los colectivos\\\" - AREA LORCA RADIO\",\"isPartOf\":{\"@id\":\"https:\\\/\\\/arealorcaradio.es\\\/#website\"},\"primaryImageOfPage\":{\"@id\":\"https:\\\/\\\/arealorcaradio.es\\\/index.php\\\/2025\\\/10\\\/01\\\/maria-de-las-huertas-garcia-lorca-ha-consolidado-un-modelo-de-feria-exitoso-e-ilusionante-asi-nos-lo-transmiten-los-colectivos\\\/#primaryimage\"},\"image\":{\"@id\":\"https:\\\/\\\/arealorcaradio.es\\\/index.php\\\/2025\\\/10\\\/01\\\/maria-de-las-huertas-garcia-lorca-ha-consolidado-un-modelo-de-feria-exitoso-e-ilusionante-asi-nos-lo-transmiten-los-colectivos\\\/#primaryimage\"},\"thumbnailUrl\":\"https:\\\/\\\/arealorcaradio.es\\\/wp-content\\\/uploads\\\/2025\\\/09\\\/20250930_171133-scaled.jpg\",\"datePublished\":\"2025-10-01T07:59:35+00:00\",\"author\":{\"@id\":\"https:\\\/\\\/arealorcaradio.es\\\/#\\\/schema\\\/person\\\/9fae605fc25b0f2c83c1ab207139bd27\"},\"breadcrumb\":{\"@id\":\"https:\\\/\\\/arealorcaradio.es\\\/index.php\\\/2025\\\/10\\\/01\\\/maria-de-las-huertas-garcia-lorca-ha-consolidado-un-modelo-de-feria-exitoso-e-ilusionante-asi-nos-lo-transmiten-los-colectivos\\\/#breadcrumb\"},\"inLanguage\":\"es\",\"potentialAction\":[{\"@type\":\"ReadAction\",\"target\":[\"https:\\\/\\\/arealorcaradio.es\\\/index.php\\\/2025\\\/10\\\/01\\\/maria-de-las-huertas-garcia-lorca-ha-consolidado-un-modelo-de-feria-exitoso-e-ilusionante-asi-nos-lo-transmiten-los-colectivos\\\/\"]}]},{\"@type\":\"ImageObject\",\"inLanguage\":\"es\",\"@id\":\"https:\\\/\\\/arealorcaradio.es\\\/index.php\\\/2025\\\/10\\\/01\\\/maria-de-las-huertas-garcia-lorca-ha-consolidado-un-modelo-de-feria-exitoso-e-ilusionante-asi-nos-lo-transmiten-los-colectivos\\\/#primaryimage\",\"url\":\"https:\\\/\\\/arealorcaradio.es\\\/wp-content\\\/uploads\\\/2025\\\/09\\\/20250930_171133-scaled.jpg\",\"contentUrl\":\"https:\\\/\\\/arealorcaradio.es\\\/wp-content\\\/uploads\\\/2025\\\/09\\\/20250930_171133-scaled.jpg\",\"width\":2560,\"height\":1920},{\"@type\":\"BreadcrumbList\",\"@id\":\"https:\\\/\\\/arealorcaradio.es\\\/index.php\\\/2025\\\/10\\\/01\\\/maria-de-las-huertas-garcia-lorca-ha-consolidado-un-modelo-de-feria-exitoso-e-ilusionante-asi-nos-lo-transmiten-los-colectivos\\\/#breadcrumb\",\"itemListElement\":[{\"@type\":\"ListItem\",\"position\":1,\"name\":\"Portada\",\"item\":\"https:\\\/\\\/arealorcaradio.es\\\/\"},{\"@type\":\"ListItem\",\"position\":2,\"name\":\"Mar\u00eda de las Huertas Garc\u00eda: \u00ab\u00bbLorca ha consolidado un modelo de feria exitoso e ilusionante, as\u00ed nos lo transmiten los colectivos\u00bb\"}]},{\"@type\":\"WebSite\",\"@id\":\"https:\\\/\\\/arealorcaradio.es\\\/#website\",\"url\":\"https:\\\/\\\/arealorcaradio.es\\\/\",\"name\":\"AREA LORCA RADIO\",\"description\":\"Descubre la programaci\u00f3n actual en \u00c1rea Lorca Radio, tu fuente de entrenamiento y noticias locales. Sintoniza ahora y mantente conectado online.\",\"potentialAction\":[{\"@type\":\"SearchAction\",\"target\":{\"@type\":\"EntryPoint\",\"urlTemplate\":\"https:\\\/\\\/arealorcaradio.es\\\/?s={search_term_string}\"},\"query-input\":{\"@type\":\"PropertyValueSpecification\",\"valueRequired\":true,\"valueName\":\"search_term_string\"}}],\"inLanguage\":\"es\"},{\"@type\":\"Person\",\"@id\":\"https:\\\/\\\/arealorcaradio.es\\\/#\\\/schema\\\/person\\\/9fae605fc25b0f2c83c1ab207139bd27\",\"name\":\"Paco S\u00e1nchez\",\"image\":{\"@type\":\"ImageObject\",\"inLanguage\":\"es\",\"@id\":\"https:\\\/\\\/secure.gravatar.com\\\/avatar\\\/d67144e966420fb74aa84c9f2a0103be4724fd14db52b52d3b6bca749f257e79?s=96&d=mm&r=g\",\"url\":\"https:\\\/\\\/secure.gravatar.com\\\/avatar\\\/d67144e966420fb74aa84c9f2a0103be4724fd14db52b52d3b6bca749f257e79?s=96&d=mm&r=g\",\"contentUrl\":\"https:\\\/\\\/secure.gravatar.com\\\/avatar\\\/d67144e966420fb74aa84c9f2a0103be4724fd14db52b52d3b6bca749f257e79?s=96&d=mm&r=g\",\"caption\":\"Paco S\u00e1nchez\"},\"sameAs\":[\"https:\\\/\\\/arealorcaradio.es\"],\"url\":\"https:\\\/\\\/arealorcaradio.es\\\/index.php\\\/author\\\/admin_alorcaradio\\\/\"}]}<\/script>\n<!-- \/ Yoast SEO plugin. -->","yoast_head_json":{"title":"Mar\u00eda de las Huertas Garc\u00eda: \"\"Lorca ha consolidado un modelo de feria exitoso e ilusionante, as\u00ed nos lo transmiten los colectivos\" - AREA LORCA RADIO","robots":{"index":"index","follow":"follow","max-snippet":"max-snippet:-1","max-image-preview":"max-image-preview:large","max-video-preview":"max-video-preview:-1"},"canonical":"https:\/\/arealorcaradio.es\/index.php\/2025\/10\/01\/maria-de-las-huertas-garcia-lorca-ha-consolidado-un-modelo-de-feria-exitoso-e-ilusionante-asi-nos-lo-transmiten-los-colectivos\/","og_locale":"es_ES","og_type":"article","og_title":"Mar\u00eda de las Huertas Garc\u00eda: \"\"Lorca ha consolidado un modelo de feria exitoso e ilusionante, as\u00ed nos lo transmiten los colectivos\" - AREA LORCA RADIO","og_description":"\u00c1REA LORCA RADIO. Balance de Feria y Fiestas. Escucha aqu\u00ed el balance de la Feria y Fiestas de Lorca 2025 que ha realizado en el magazine de \u00c1rea Lorca Radio, a Paco S\u00e1nchez, la concejala del Ayuntamiento de Lorca, Mar\u00eda de las Huertas Garc\u00eda P\u00e9rez. Lorca, 29 de septiembre de 2025. La Feria de septiembre [&hellip;]","og_url":"https:\/\/arealorcaradio.es\/index.php\/2025\/10\/01\/maria-de-las-huertas-garcia-lorca-ha-consolidado-un-modelo-de-feria-exitoso-e-ilusionante-asi-nos-lo-transmiten-los-colectivos\/","og_site_name":"AREA LORCA RADIO","article_published_time":"2025-10-01T07:59:35+00:00","og_image":[{"width":2560,"height":1920,"url":"https:\/\/arealorcaradio.es\/wp-content\/uploads\/2025\/09\/20250930_171133-scaled.jpg","type":"image\/jpeg"}],"author":"Paco S\u00e1nchez","twitter_card":"summary_large_image","twitter_misc":{"Escrito por":"Paco S\u00e1nchez","Tiempo de lectura":"6 minutos"},"schema":{"@context":"https:\/\/schema.org","@graph":[{"@type":"Article","@id":"https:\/\/arealorcaradio.es\/index.php\/2025\/10\/01\/maria-de-las-huertas-garcia-lorca-ha-consolidado-un-modelo-de-feria-exitoso-e-ilusionante-asi-nos-lo-transmiten-los-colectivos\/#article","isPartOf":{"@id":"https:\/\/arealorcaradio.es\/index.php\/2025\/10\/01\/maria-de-las-huertas-garcia-lorca-ha-consolidado-un-modelo-de-feria-exitoso-e-ilusionante-asi-nos-lo-transmiten-los-colectivos\/"},"author":{"name":"Paco S\u00e1nchez","@id":"https:\/\/arealorcaradio.es\/#\/schema\/person\/9fae605fc25b0f2c83c1ab207139bd27"},"headline":"Mar\u00eda de las Huertas Garc\u00eda: \u00ab\u00bbLorca ha consolidado un modelo de feria exitoso e ilusionante, as\u00ed nos lo transmiten los colectivos\u00bb","datePublished":"2025-10-01T07:59:35+00:00","mainEntityOfPage":{"@id":"https:\/\/arealorcaradio.es\/index.php\/2025\/10\/01\/maria-de-las-huertas-garcia-lorca-ha-consolidado-un-modelo-de-feria-exitoso-e-ilusionante-asi-nos-lo-transmiten-los-colectivos\/"},"wordCount":1098,"commentCount":0,"image":{"@id":"https:\/\/arealorcaradio.es\/index.php\/2025\/10\/01\/maria-de-las-huertas-garcia-lorca-ha-consolidado-un-modelo-de-feria-exitoso-e-ilusionante-asi-nos-lo-transmiten-los-colectivos\/#primaryimage"},"thumbnailUrl":"https:\/\/arealorcaradio.es\/wp-content\/uploads\/2025\/09\/20250930_171133-scaled.jpg","articleSection":["ACTUALIDAD","LORCA"],"inLanguage":"es","potentialAction":[{"@type":"CommentAction","name":"Comment","target":["https:\/\/arealorcaradio.es\/index.php\/2025\/10\/01\/maria-de-las-huertas-garcia-lorca-ha-consolidado-un-modelo-de-feria-exitoso-e-ilusionante-asi-nos-lo-transmiten-los-colectivos\/#respond"]}]},{"@type":"WebPage","@id":"https:\/\/arealorcaradio.es\/index.php\/2025\/10\/01\/maria-de-las-huertas-garcia-lorca-ha-consolidado-un-modelo-de-feria-exitoso-e-ilusionante-asi-nos-lo-transmiten-los-colectivos\/","url":"https:\/\/arealorcaradio.es\/index.php\/2025\/10\/01\/maria-de-las-huertas-garcia-lorca-ha-consolidado-un-modelo-de-feria-exitoso-e-ilusionante-asi-nos-lo-transmiten-los-colectivos\/","name":"Mar\u00eda de las Huertas Garc\u00eda: \"\"Lorca ha consolidado un modelo de feria exitoso e ilusionante, as\u00ed nos lo transmiten los colectivos\" - AREA LORCA RADIO","isPartOf":{"@id":"https:\/\/arealorcaradio.es\/#website"},"primaryImageOfPage":{"@id":"https:\/\/arealorcaradio.es\/index.php\/2025\/10\/01\/maria-de-las-huertas-garcia-lorca-ha-consolidado-un-modelo-de-feria-exitoso-e-ilusionante-asi-nos-lo-transmiten-los-colectivos\/#primaryimage"},"image":{"@id":"https:\/\/arealorcaradio.es\/index.php\/2025\/10\/01\/maria-de-las-huertas-garcia-lorca-ha-consolidado-un-modelo-de-feria-exitoso-e-ilusionante-asi-nos-lo-transmiten-los-colectivos\/#primaryimage"},"thumbnailUrl":"https:\/\/arealorcaradio.es\/wp-content\/uploads\/2025\/09\/20250930_171133-scaled.jpg","datePublished":"2025-10-01T07:59:35+00:00","author":{"@id":"https:\/\/arealorcaradio.es\/#\/schema\/person\/9fae605fc25b0f2c83c1ab207139bd27"},"breadcrumb":{"@id":"https:\/\/arealorcaradio.es\/index.php\/2025\/10\/01\/maria-de-las-huertas-garcia-lorca-ha-consolidado-un-modelo-de-feria-exitoso-e-ilusionante-asi-nos-lo-transmiten-los-colectivos\/#breadcrumb"},"inLanguage":"es","potentialAction":[{"@type":"ReadAction","target":["https:\/\/arealorcaradio.es\/index.php\/2025\/10\/01\/maria-de-las-huertas-garcia-lorca-ha-consolidado-un-modelo-de-feria-exitoso-e-ilusionante-asi-nos-lo-transmiten-los-colectivos\/"]}]},{"@type":"ImageObject","inLanguage":"es","@id":"https:\/\/arealorcaradio.es\/index.php\/2025\/10\/01\/maria-de-las-huertas-garcia-lorca-ha-consolidado-un-modelo-de-feria-exitoso-e-ilusionante-asi-nos-lo-transmiten-los-colectivos\/#primaryimage","url":"https:\/\/arealorcaradio.es\/wp-content\/uploads\/2025\/09\/20250930_171133-scaled.jpg","contentUrl":"https:\/\/arealorcaradio.es\/wp-content\/uploads\/2025\/09\/20250930_171133-scaled.jpg","width":2560,"height":1920},{"@type":"BreadcrumbList","@id":"https:\/\/arealorcaradio.es\/index.php\/2025\/10\/01\/maria-de-las-huertas-garcia-lorca-ha-consolidado-un-modelo-de-feria-exitoso-e-ilusionante-asi-nos-lo-transmiten-los-colectivos\/#breadcrumb","itemListElement":[{"@type":"ListItem","position":1,"name":"Portada","item":"https:\/\/arealorcaradio.es\/"},{"@type":"ListItem","position":2,"name":"Mar\u00eda de las Huertas Garc\u00eda: \u00ab\u00bbLorca ha consolidado un modelo de feria exitoso e ilusionante, as\u00ed nos lo transmiten los colectivos\u00bb"}]},{"@type":"WebSite","@id":"https:\/\/arealorcaradio.es\/#website","url":"https:\/\/arealorcaradio.es\/","name":"AREA LORCA RADIO","description":"Descubre la programaci\u00f3n actual en \u00c1rea Lorca Radio, tu fuente de entrenamiento y noticias locales. Sintoniza ahora y mantente conectado online.","potentialAction":[{"@type":"SearchAction","target":{"@type":"EntryPoint","urlTemplate":"https:\/\/arealorcaradio.es\/?s={search_term_string}"},"query-input":{"@type":"PropertyValueSpecification","valueRequired":true,"valueName":"search_term_string"}}],"inLanguage":"es"},{"@type":"Person","@id":"https:\/\/arealorcaradio.es\/#\/schema\/person\/9fae605fc25b0f2c83c1ab207139bd27","name":"Paco S\u00e1nchez","image":{"@type":"ImageObject","inLanguage":"es","@id":"https:\/\/secure.gravatar.com\/avatar\/d67144e966420fb74aa84c9f2a0103be4724fd14db52b52d3b6bca749f257e79?s=96&d=mm&r=g","url":"https:\/\/secure.gravatar.com\/avatar\/d67144e966420fb74aa84c9f2a0103be4724fd14db52b52d3b6bca749f257e79?s=96&d=mm&r=g","contentUrl":"https:\/\/secure.gravatar.com\/avatar\/d67144e966420fb74aa84c9f2a0103be4724fd14db52b52d3b6bca749f257e79?s=96&d=mm&r=g","caption":"Paco S\u00e1nchez"},"sameAs":["https:\/\/arealorcaradio.es"],"url":"https:\/\/arealorcaradio.es\/index.php\/author\/admin_alorcaradio\/"}]}},"_links":{"self":[{"href":"https:\/\/arealorcaradio.es\/index.php\/wp-json\/wp\/v2\/posts\/8020","targetHints":{"allow":["GET"]}}],"collection":[{"href":"https:\/\/arealorcaradio.es\/index.php\/wp-json\/wp\/v2\/posts"}],"about":[{"href":"https:\/\/arealorcaradio.es\/index.php\/wp-json\/wp\/v2\/types\/post"}],"author":[{"embeddable":true,"href":"https:\/\/arealorcaradio.es\/index.php\/wp-json\/wp\/v2\/users\/1"}],"replies":[{"embeddable":true,"href":"https:\/\/arealorcaradio.es\/index.php\/wp-json\/wp\/v2\/comments?post=8020"}],"version-history":[{"count":2,"href":"https:\/\/arealorcaradio.es\/index.php\/wp-json\/wp\/v2\/posts\/8020\/revisions"}],"predecessor-version":[{"id":8029,"href":"https:\/\/arealorcaradio.es\/index.php\/wp-json\/wp\/v2\/posts\/8020\/revisions\/8029"}],"wp:featuredmedia":[{"embeddable":true,"href":"https:\/\/arealorcaradio.es\/index.php\/wp-json\/wp\/v2\/media\/8026"}],"wp:attachment":[{"href":"https:\/\/arealorcaradio.es\/index.php\/wp-json\/wp\/v2\/media?parent=8020"}],"wp:term":[{"taxonomy":"category","embeddable":true,"href":"https:\/\/arealorcaradio.es\/index.php\/wp-json\/wp\/v2\/categories?post=8020"},{"taxonomy":"post_tag","embeddable":true,"href":"https:\/\/arealorcaradio.es\/index.php\/wp-json\/wp\/v2\/tags?post=8020"}],"curies":[{"name":"wp","href":"https:\/\/api.w.org\/{rel}","templated":true}]}}