{"id":8009,"date":"2025-09-30T14:35:20","date_gmt":"2025-09-30T14:35:20","guid":{"rendered":"https:\/\/arealorcaradio.es\/?p=8009"},"modified":"2025-09-30T14:35:20","modified_gmt":"2025-09-30T14:35:20","slug":"el-ayuntamiento-de-lorca-informa-de-la-apertura-al-trafico-de-la-alameda-de-cervantes-tras-el-corte-ocasionado-por-las-obras-del-ave","status":"publish","type":"post","link":"https:\/\/arealorcaradio.es\/index.php\/2025\/09\/30\/el-ayuntamiento-de-lorca-informa-de-la-apertura-al-trafico-de-la-alameda-de-cervantes-tras-el-corte-ocasionado-por-las-obras-del-ave\/","title":{"rendered":"El Ayuntamiento de Lorca informa de la apertura al tr\u00e1fico de la Alameda de Cervantes tras el corte ocasionado por las obras del AVE"},"content":{"rendered":"<p><strong>\u00c1REA LORCA RADIO. Infraestructuras.<\/strong><\/p>\n<p class=\"v1MsoNormal\"><b><span lang=\"es\">Lorca, 30 de septiembre de 2025.\u00a0<\/span><\/b><span lang=\"es\">El concejal de Calidad Urbana y Polic\u00eda Local, Juan Miguel Bayonas, ha informado de la apertura al trafico de la Alameda de Cervantes, tras el corte previsto por ADIF con motivo de las obras del soterramiento de la l\u00ednea de Alta Velocidad en Lorca.<\/span><\/p>\n<p class=\"v1MsoNormal\"><span lang=\"es\"><img loading=\"lazy\" decoding=\"async\" class=\"alignnone size-medium wp-image-8014\" src=\"https:\/\/arealorcaradio.es\/wp-content\/uploads\/2025\/09\/FOTO3-2-300x226.jpeg\" alt=\"\" width=\"300\" height=\"226\" srcset=\"https:\/\/arealorcaradio.es\/wp-content\/uploads\/2025\/09\/FOTO3-2-300x226.jpeg 300w, https:\/\/arealorcaradio.es\/wp-content\/uploads\/2025\/09\/FOTO3-2-768x578.jpeg 768w, https:\/\/arealorcaradio.es\/wp-content\/uploads\/2025\/09\/FOTO3-2-86x64.jpeg 86w, https:\/\/arealorcaradio.es\/wp-content\/uploads\/2025\/09\/FOTO3-2.jpeg 1020w\" sizes=\"auto, (max-width: 300px) 100vw, 300px\" \/>\u00a0<\/span><\/p>\n<p class=\"v1MsoNormal\"><span lang=\"es\">\u00abDesde aqu\u00ed, quiero agradecer la colaboraci\u00f3n de residentes y vecinos, que se han adaptado durante este tiempo en el que ha permanecido cortada esta v\u00eda, una de las principales arterias de la ciudad, optando por las medidas dispuestas por el Consistorio dirigidas a paliar sus efectos. P<\/span><span lang=\"es\">ara nosotros era fundamental que este corte no se dilatara en el tiempo, no superando el 30 de septiembre como fecha tope para las restricciones en la zona; y as\u00ed ha sido. As\u00ed que estamos m\u00e1s que satisfechos con las gestiones realizadas desde el Ayuntamiento\u00bb.<\/span><span lang=\"es\">\u00a0<\/span><\/p>\n<p class=\"v1MsoNormal\"><span lang=\"es\">\u00abComo todos recordaremos, conseguimos que este corte se realizara en dos fases para que fuera menos lesivo para los lorquinos; teniendo en cuenta lo que supon\u00eda para la ciudad. Esta zona sufrir\u00e1 otro corte, pero este ya en 2026, pero -en este caso- s\u00ed tendr\u00e1 un vial alternativo por calle Mar\u00eda Agustina, adem\u00e1s de contar con la Avd. de Santa Clara, lo que supondr\u00e1 un impacto menor, generando menos inconvenientes para los ciudadanos\u00bb.<\/span><\/p>\n<p class=\"v1MsoNormal\"><span lang=\"es\">Bayonas ha insistido en que \u00abdesde el Gobierno de Lorca, continuaremos redoblando esfuerzos con la empresa que ejecuta las obras y la propia entidad para poder trasladar la m\u00e1xima informaci\u00f3n a la ciudadan\u00eda, puesto que estamos ante un proyecto de gran envergadura y los trabajos continuaran durante bastante tiempo. Para nosotros es fundamental, contar con un canal constante de comunicaci\u00f3n con ADIF y la empresa encargada de las obras, para poder atender\u00a0<\/span><span lang=\"es\">a futuras reordenaciones, alternativas de tr\u00e1fico, etc., con el objetivo siempre de generar las menores molestias posibles a los vecinos y visitantes\u00bb.<\/span><\/p>\n<p class=\"v1MsoNormal\"><span lang=\"es\">\u00abEn este punto, quiero agradecer el esfuerzo de los t\u00e9cnicos municipales de las distintas Concejal\u00edas implicadas y a la Polic\u00eda Local de Lorca por su disposici\u00f3n en la b\u00fasqueda de alternativas y soluciones para los desplazamientos en este tiempo en el que ha permanecido cortada la Alameda de Cervantes, y que ha consistido en distintas activaciones, que han ido desde cambios de sentido de circulaci\u00f3n, hasta nuevos espacios de aparcamiento, la colocaci\u00f3n en \u00e1mbar de los sem\u00e1foros de la Avenida Juan Carlos I o diversas campa\u00f1as de movilidad, entre otras.\u00a0<\/span><\/p>\n<p>&nbsp;<\/p>\n<p><strong>El PSOE responde asegurando que el<\/strong><b>\u00a0Gobierno de Espa\u00f1a cumple con Lorca reabriendo la Alameda de Cervantes mientras el PP se cruza de brazos\u00bb<\/b><\/p>\n<p class=\"v1MsoNormal\">La secretaria General del PSOE de Lorca, Isabel Casalduero, ha asegurado que el Gobierno de Espa\u00f1a cumple con Lorca reabriendo la Alameda de Cervantes mientras el PP se cruza de brazos. Casalduero, adem\u00e1s, ha destacado que las obras del AVE avanzan seg\u00fan lo previsto y con inversiones millonarias, frente a un PP de Fulgencio Gil incapaz de dar soluciones para paliar las molestias de los vecinos.<\/p>\n<p class=\"v1MsoNormal\"><img loading=\"lazy\" decoding=\"async\" class=\"alignnone size-medium wp-image-8015\" src=\"https:\/\/arealorcaradio.es\/wp-content\/uploads\/2025\/09\/Alameda-de-Cervantes-300x135.jpeg\" alt=\"\" width=\"300\" height=\"135\" srcset=\"https:\/\/arealorcaradio.es\/wp-content\/uploads\/2025\/09\/Alameda-de-Cervantes-300x135.jpeg 300w, https:\/\/arealorcaradio.es\/wp-content\/uploads\/2025\/09\/Alameda-de-Cervantes-1024x461.jpeg 1024w, https:\/\/arealorcaradio.es\/wp-content\/uploads\/2025\/09\/Alameda-de-Cervantes-768x346.jpeg 768w, https:\/\/arealorcaradio.es\/wp-content\/uploads\/2025\/09\/Alameda-de-Cervantes-1536x691.jpeg 1536w, https:\/\/arealorcaradio.es\/wp-content\/uploads\/2025\/09\/Alameda-de-Cervantes.jpeg 1600w\" sizes=\"auto, (max-width: 300px) 100vw, 300px\" \/><\/p>\n<p class=\"v1MsoNormal\">\u00abSeguimos avanzando de forma imparable en las obras del AVE, con m\u00e1s inversi\u00f3n y m\u00e1s actuaciones que suponen la mayor transformaci\u00f3n en d\u00e9cadas para nuestra ciudad. Y hoy, con la reapertura de la Alameda de Cervantes, se demuestra que el Gobierno de Espa\u00f1a cumple con lo que promete y que cada vez falta menos para ver el resultado de este esfuerzo hist\u00f3rico\u00bb, ha se\u00f1alado la secretaria General.<\/p>\n<p class=\"v1MsoNormal\">Casalduero ha lamentado que, mientras tanto, \u00abel\u00a0PP en Lorca se limite a criticar y se cruce de brazos, sin hacer absolutamente nada para compensar las molestias l\u00f3gicas que genera una obra de esta envergadura. En lugar de arrimar el hombro y trabajar en soluciones para los vecinos, prefieren instalarse en la queja y el oportunismo pol\u00edtico\u00bb.<\/p>\n<p class=\"v1MsoNormal\">Por \u00faltimo, la l\u00edder socialista ha recordado que el Gobierno de Espa\u00f1a est\u00e1 destinando\u00a0muchos millones de euros\u00a0a Lorca para garantizar la llegada del AVE y mejorar nuestras infraestructuras ferroviarias, cumpliendo plazos y compromisos. \u00abFrente a ello, el PP solo demuestra incapacidad y falta de voluntad de gesti\u00f3n\u00bb, ha finalizado.<\/p>\n<p>&nbsp;<\/p>\n","protected":false},"excerpt":{"rendered":"<p>\u00c1REA LORCA RADIO. Infraestructuras. Lorca, 30 de septiembre de 2025.\u00a0El concejal de Calidad Urbana y Polic\u00eda Local, Juan Miguel Bayonas, ha informado de la apertura al trafico de la Alameda de Cervantes, tras el corte previsto por ADIF con motivo de las obras del soterramiento de la l\u00ednea de Alta Velocidad en Lorca. \u00a0 \u00abDesde [&hellip;]<\/p>\n","protected":false},"author":1,"featured_media":8016,"comment_status":"open","ping_status":"open","sticky":false,"template":"","format":"standard","meta":{"iawp_total_views":24,"footnotes":""},"categories":[5,7],"tags":[],"class_list":["post-8009","post","type-post","status-publish","format-standard","has-post-thumbnail","hentry","category-actualidad","category-lorca"],"yoast_head":"<!-- This site is optimized with the Yoast SEO plugin v27.5 - https:\/\/yoast.com\/product\/yoast-seo-wordpress\/ -->\n<title>El Ayuntamiento de Lorca informa de la apertura al tr\u00e1fico de la Alameda de Cervantes tras el corte ocasionado por las obras del AVE - AREA LORCA RADIO<\/title>\n<meta name=\"robots\" content=\"index, follow, max-snippet:-1, max-image-preview:large, max-video-preview:-1\" \/>\n<link rel=\"canonical\" href=\"https:\/\/arealorcaradio.es\/index.php\/2025\/09\/30\/el-ayuntamiento-de-lorca-informa-de-la-apertura-al-trafico-de-la-alameda-de-cervantes-tras-el-corte-ocasionado-por-las-obras-del-ave\/\" \/>\n<meta property=\"og:locale\" content=\"es_ES\" \/>\n<meta property=\"og:type\" content=\"article\" \/>\n<meta property=\"og:title\" content=\"El Ayuntamiento de Lorca informa de la apertura al tr\u00e1fico de la Alameda de Cervantes tras el corte ocasionado por las obras del AVE - AREA LORCA RADIO\" \/>\n<meta property=\"og:description\" content=\"\u00c1REA LORCA RADIO. Infraestructuras. Lorca, 30 de septiembre de 2025.\u00a0El concejal de Calidad Urbana y Polic\u00eda Local, Juan Miguel Bayonas, ha informado de la apertura al trafico de la Alameda de Cervantes, tras el corte previsto por ADIF con motivo de las obras del soterramiento de la l\u00ednea de Alta Velocidad en Lorca. \u00a0 \u00abDesde [&hellip;]\" \/>\n<meta property=\"og:url\" content=\"https:\/\/arealorcaradio.es\/index.php\/2025\/09\/30\/el-ayuntamiento-de-lorca-informa-de-la-apertura-al-trafico-de-la-alameda-de-cervantes-tras-el-corte-ocasionado-por-las-obras-del-ave\/\" \/>\n<meta property=\"og:site_name\" content=\"AREA LORCA RADIO\" \/>\n<meta property=\"article:published_time\" content=\"2025-09-30T14:35:20+00:00\" \/>\n<meta property=\"og:image\" content=\"https:\/\/arealorcaradio.es\/wp-content\/uploads\/2025\/09\/Alameda-de-Cervantes-1.jpeg\" \/>\n\t<meta property=\"og:image:width\" content=\"1600\" \/>\n\t<meta property=\"og:image:height\" content=\"720\" \/>\n\t<meta property=\"og:image:type\" content=\"image\/jpeg\" \/>\n<meta name=\"author\" content=\"Paco S\u00e1nchez\" \/>\n<meta name=\"twitter:card\" content=\"summary_large_image\" \/>\n<meta name=\"twitter:label1\" content=\"Escrito por\" \/>\n\t<meta name=\"twitter:data1\" content=\"Paco S\u00e1nchez\" \/>\n\t<meta name=\"twitter:label2\" content=\"Tiempo de lectura\" \/>\n\t<meta name=\"twitter:data2\" content=\"4 minutos\" \/>\n<script type=\"application\/ld+json\" class=\"yoast-schema-graph\">{\"@context\":\"https:\\\/\\\/schema.org\",\"@graph\":[{\"@type\":\"Article\",\"@id\":\"https:\\\/\\\/arealorcaradio.es\\\/index.php\\\/2025\\\/09\\\/30\\\/el-ayuntamiento-de-lorca-informa-de-la-apertura-al-trafico-de-la-alameda-de-cervantes-tras-el-corte-ocasionado-por-las-obras-del-ave\\\/#article\",\"isPartOf\":{\"@id\":\"https:\\\/\\\/arealorcaradio.es\\\/index.php\\\/2025\\\/09\\\/30\\\/el-ayuntamiento-de-lorca-informa-de-la-apertura-al-trafico-de-la-alameda-de-cervantes-tras-el-corte-ocasionado-por-las-obras-del-ave\\\/\"},\"author\":{\"name\":\"Paco S\u00e1nchez\",\"@id\":\"https:\\\/\\\/arealorcaradio.es\\\/#\\\/schema\\\/person\\\/9fae605fc25b0f2c83c1ab207139bd27\"},\"headline\":\"El Ayuntamiento de Lorca informa de la apertura al tr\u00e1fico de la Alameda de Cervantes tras el corte ocasionado por las obras del AVE\",\"datePublished\":\"2025-09-30T14:35:20+00:00\",\"mainEntityOfPage\":{\"@id\":\"https:\\\/\\\/arealorcaradio.es\\\/index.php\\\/2025\\\/09\\\/30\\\/el-ayuntamiento-de-lorca-informa-de-la-apertura-al-trafico-de-la-alameda-de-cervantes-tras-el-corte-ocasionado-por-las-obras-del-ave\\\/\"},\"wordCount\":730,\"commentCount\":0,\"image\":{\"@id\":\"https:\\\/\\\/arealorcaradio.es\\\/index.php\\\/2025\\\/09\\\/30\\\/el-ayuntamiento-de-lorca-informa-de-la-apertura-al-trafico-de-la-alameda-de-cervantes-tras-el-corte-ocasionado-por-las-obras-del-ave\\\/#primaryimage\"},\"thumbnailUrl\":\"https:\\\/\\\/arealorcaradio.es\\\/wp-content\\\/uploads\\\/2025\\\/09\\\/Alameda-de-Cervantes-1.jpeg\",\"articleSection\":[\"ACTUALIDAD\",\"LORCA\"],\"inLanguage\":\"es\",\"potentialAction\":[{\"@type\":\"CommentAction\",\"name\":\"Comment\",\"target\":[\"https:\\\/\\\/arealorcaradio.es\\\/index.php\\\/2025\\\/09\\\/30\\\/el-ayuntamiento-de-lorca-informa-de-la-apertura-al-trafico-de-la-alameda-de-cervantes-tras-el-corte-ocasionado-por-las-obras-del-ave\\\/#respond\"]}]},{\"@type\":\"WebPage\",\"@id\":\"https:\\\/\\\/arealorcaradio.es\\\/index.php\\\/2025\\\/09\\\/30\\\/el-ayuntamiento-de-lorca-informa-de-la-apertura-al-trafico-de-la-alameda-de-cervantes-tras-el-corte-ocasionado-por-las-obras-del-ave\\\/\",\"url\":\"https:\\\/\\\/arealorcaradio.es\\\/index.php\\\/2025\\\/09\\\/30\\\/el-ayuntamiento-de-lorca-informa-de-la-apertura-al-trafico-de-la-alameda-de-cervantes-tras-el-corte-ocasionado-por-las-obras-del-ave\\\/\",\"name\":\"El Ayuntamiento de Lorca informa de la apertura al tr\u00e1fico de la Alameda de Cervantes tras el corte ocasionado por las obras del AVE - AREA LORCA RADIO\",\"isPartOf\":{\"@id\":\"https:\\\/\\\/arealorcaradio.es\\\/#website\"},\"primaryImageOfPage\":{\"@id\":\"https:\\\/\\\/arealorcaradio.es\\\/index.php\\\/2025\\\/09\\\/30\\\/el-ayuntamiento-de-lorca-informa-de-la-apertura-al-trafico-de-la-alameda-de-cervantes-tras-el-corte-ocasionado-por-las-obras-del-ave\\\/#primaryimage\"},\"image\":{\"@id\":\"https:\\\/\\\/arealorcaradio.es\\\/index.php\\\/2025\\\/09\\\/30\\\/el-ayuntamiento-de-lorca-informa-de-la-apertura-al-trafico-de-la-alameda-de-cervantes-tras-el-corte-ocasionado-por-las-obras-del-ave\\\/#primaryimage\"},\"thumbnailUrl\":\"https:\\\/\\\/arealorcaradio.es\\\/wp-content\\\/uploads\\\/2025\\\/09\\\/Alameda-de-Cervantes-1.jpeg\",\"datePublished\":\"2025-09-30T14:35:20+00:00\",\"author\":{\"@id\":\"https:\\\/\\\/arealorcaradio.es\\\/#\\\/schema\\\/person\\\/9fae605fc25b0f2c83c1ab207139bd27\"},\"breadcrumb\":{\"@id\":\"https:\\\/\\\/arealorcaradio.es\\\/index.php\\\/2025\\\/09\\\/30\\\/el-ayuntamiento-de-lorca-informa-de-la-apertura-al-trafico-de-la-alameda-de-cervantes-tras-el-corte-ocasionado-por-las-obras-del-ave\\\/#breadcrumb\"},\"inLanguage\":\"es\",\"potentialAction\":[{\"@type\":\"ReadAction\",\"target\":[\"https:\\\/\\\/arealorcaradio.es\\\/index.php\\\/2025\\\/09\\\/30\\\/el-ayuntamiento-de-lorca-informa-de-la-apertura-al-trafico-de-la-alameda-de-cervantes-tras-el-corte-ocasionado-por-las-obras-del-ave\\\/\"]}]},{\"@type\":\"ImageObject\",\"inLanguage\":\"es\",\"@id\":\"https:\\\/\\\/arealorcaradio.es\\\/index.php\\\/2025\\\/09\\\/30\\\/el-ayuntamiento-de-lorca-informa-de-la-apertura-al-trafico-de-la-alameda-de-cervantes-tras-el-corte-ocasionado-por-las-obras-del-ave\\\/#primaryimage\",\"url\":\"https:\\\/\\\/arealorcaradio.es\\\/wp-content\\\/uploads\\\/2025\\\/09\\\/Alameda-de-Cervantes-1.jpeg\",\"contentUrl\":\"https:\\\/\\\/arealorcaradio.es\\\/wp-content\\\/uploads\\\/2025\\\/09\\\/Alameda-de-Cervantes-1.jpeg\",\"width\":1600,\"height\":720},{\"@type\":\"BreadcrumbList\",\"@id\":\"https:\\\/\\\/arealorcaradio.es\\\/index.php\\\/2025\\\/09\\\/30\\\/el-ayuntamiento-de-lorca-informa-de-la-apertura-al-trafico-de-la-alameda-de-cervantes-tras-el-corte-ocasionado-por-las-obras-del-ave\\\/#breadcrumb\",\"itemListElement\":[{\"@type\":\"ListItem\",\"position\":1,\"name\":\"Portada\",\"item\":\"https:\\\/\\\/arealorcaradio.es\\\/\"},{\"@type\":\"ListItem\",\"position\":2,\"name\":\"El Ayuntamiento de Lorca informa de la apertura al tr\u00e1fico de la Alameda de Cervantes tras el corte ocasionado por las obras del AVE\"}]},{\"@type\":\"WebSite\",\"@id\":\"https:\\\/\\\/arealorcaradio.es\\\/#website\",\"url\":\"https:\\\/\\\/arealorcaradio.es\\\/\",\"name\":\"AREA LORCA RADIO\",\"description\":\"Descubre la programaci\u00f3n actual en \u00c1rea Lorca Radio, tu fuente de entrenamiento y noticias locales. Sintoniza ahora y mantente conectado online.\",\"potentialAction\":[{\"@type\":\"SearchAction\",\"target\":{\"@type\":\"EntryPoint\",\"urlTemplate\":\"https:\\\/\\\/arealorcaradio.es\\\/?s={search_term_string}\"},\"query-input\":{\"@type\":\"PropertyValueSpecification\",\"valueRequired\":true,\"valueName\":\"search_term_string\"}}],\"inLanguage\":\"es\"},{\"@type\":\"Person\",\"@id\":\"https:\\\/\\\/arealorcaradio.es\\\/#\\\/schema\\\/person\\\/9fae605fc25b0f2c83c1ab207139bd27\",\"name\":\"Paco S\u00e1nchez\",\"image\":{\"@type\":\"ImageObject\",\"inLanguage\":\"es\",\"@id\":\"https:\\\/\\\/secure.gravatar.com\\\/avatar\\\/d67144e966420fb74aa84c9f2a0103be4724fd14db52b52d3b6bca749f257e79?s=96&d=mm&r=g\",\"url\":\"https:\\\/\\\/secure.gravatar.com\\\/avatar\\\/d67144e966420fb74aa84c9f2a0103be4724fd14db52b52d3b6bca749f257e79?s=96&d=mm&r=g\",\"contentUrl\":\"https:\\\/\\\/secure.gravatar.com\\\/avatar\\\/d67144e966420fb74aa84c9f2a0103be4724fd14db52b52d3b6bca749f257e79?s=96&d=mm&r=g\",\"caption\":\"Paco S\u00e1nchez\"},\"sameAs\":[\"https:\\\/\\\/arealorcaradio.es\"],\"url\":\"https:\\\/\\\/arealorcaradio.es\\\/index.php\\\/author\\\/admin_alorcaradio\\\/\"}]}<\/script>\n<!-- \/ Yoast SEO plugin. -->","yoast_head_json":{"title":"El Ayuntamiento de Lorca informa de la apertura al tr\u00e1fico de la Alameda de Cervantes tras el corte ocasionado por las obras del AVE - AREA LORCA RADIO","robots":{"index":"index","follow":"follow","max-snippet":"max-snippet:-1","max-image-preview":"max-image-preview:large","max-video-preview":"max-video-preview:-1"},"canonical":"https:\/\/arealorcaradio.es\/index.php\/2025\/09\/30\/el-ayuntamiento-de-lorca-informa-de-la-apertura-al-trafico-de-la-alameda-de-cervantes-tras-el-corte-ocasionado-por-las-obras-del-ave\/","og_locale":"es_ES","og_type":"article","og_title":"El Ayuntamiento de Lorca informa de la apertura al tr\u00e1fico de la Alameda de Cervantes tras el corte ocasionado por las obras del AVE - AREA LORCA RADIO","og_description":"\u00c1REA LORCA RADIO. Infraestructuras. Lorca, 30 de septiembre de 2025.\u00a0El concejal de Calidad Urbana y Polic\u00eda Local, Juan Miguel Bayonas, ha informado de la apertura al trafico de la Alameda de Cervantes, tras el corte previsto por ADIF con motivo de las obras del soterramiento de la l\u00ednea de Alta Velocidad en Lorca. \u00a0 \u00abDesde [&hellip;]","og_url":"https:\/\/arealorcaradio.es\/index.php\/2025\/09\/30\/el-ayuntamiento-de-lorca-informa-de-la-apertura-al-trafico-de-la-alameda-de-cervantes-tras-el-corte-ocasionado-por-las-obras-del-ave\/","og_site_name":"AREA LORCA RADIO","article_published_time":"2025-09-30T14:35:20+00:00","og_image":[{"width":1600,"height":720,"url":"https:\/\/arealorcaradio.es\/wp-content\/uploads\/2025\/09\/Alameda-de-Cervantes-1.jpeg","type":"image\/jpeg"}],"author":"Paco S\u00e1nchez","twitter_card":"summary_large_image","twitter_misc":{"Escrito por":"Paco S\u00e1nchez","Tiempo de lectura":"4 minutos"},"schema":{"@context":"https:\/\/schema.org","@graph":[{"@type":"Article","@id":"https:\/\/arealorcaradio.es\/index.php\/2025\/09\/30\/el-ayuntamiento-de-lorca-informa-de-la-apertura-al-trafico-de-la-alameda-de-cervantes-tras-el-corte-ocasionado-por-las-obras-del-ave\/#article","isPartOf":{"@id":"https:\/\/arealorcaradio.es\/index.php\/2025\/09\/30\/el-ayuntamiento-de-lorca-informa-de-la-apertura-al-trafico-de-la-alameda-de-cervantes-tras-el-corte-ocasionado-por-las-obras-del-ave\/"},"author":{"name":"Paco S\u00e1nchez","@id":"https:\/\/arealorcaradio.es\/#\/schema\/person\/9fae605fc25b0f2c83c1ab207139bd27"},"headline":"El Ayuntamiento de Lorca informa de la apertura al tr\u00e1fico de la Alameda de Cervantes tras el corte ocasionado por las obras del AVE","datePublished":"2025-09-30T14:35:20+00:00","mainEntityOfPage":{"@id":"https:\/\/arealorcaradio.es\/index.php\/2025\/09\/30\/el-ayuntamiento-de-lorca-informa-de-la-apertura-al-trafico-de-la-alameda-de-cervantes-tras-el-corte-ocasionado-por-las-obras-del-ave\/"},"wordCount":730,"commentCount":0,"image":{"@id":"https:\/\/arealorcaradio.es\/index.php\/2025\/09\/30\/el-ayuntamiento-de-lorca-informa-de-la-apertura-al-trafico-de-la-alameda-de-cervantes-tras-el-corte-ocasionado-por-las-obras-del-ave\/#primaryimage"},"thumbnailUrl":"https:\/\/arealorcaradio.es\/wp-content\/uploads\/2025\/09\/Alameda-de-Cervantes-1.jpeg","articleSection":["ACTUALIDAD","LORCA"],"inLanguage":"es","potentialAction":[{"@type":"CommentAction","name":"Comment","target":["https:\/\/arealorcaradio.es\/index.php\/2025\/09\/30\/el-ayuntamiento-de-lorca-informa-de-la-apertura-al-trafico-de-la-alameda-de-cervantes-tras-el-corte-ocasionado-por-las-obras-del-ave\/#respond"]}]},{"@type":"WebPage","@id":"https:\/\/arealorcaradio.es\/index.php\/2025\/09\/30\/el-ayuntamiento-de-lorca-informa-de-la-apertura-al-trafico-de-la-alameda-de-cervantes-tras-el-corte-ocasionado-por-las-obras-del-ave\/","url":"https:\/\/arealorcaradio.es\/index.php\/2025\/09\/30\/el-ayuntamiento-de-lorca-informa-de-la-apertura-al-trafico-de-la-alameda-de-cervantes-tras-el-corte-ocasionado-por-las-obras-del-ave\/","name":"El Ayuntamiento de Lorca informa de la apertura al tr\u00e1fico de la Alameda de Cervantes tras el corte ocasionado por las obras del AVE - AREA LORCA RADIO","isPartOf":{"@id":"https:\/\/arealorcaradio.es\/#website"},"primaryImageOfPage":{"@id":"https:\/\/arealorcaradio.es\/index.php\/2025\/09\/30\/el-ayuntamiento-de-lorca-informa-de-la-apertura-al-trafico-de-la-alameda-de-cervantes-tras-el-corte-ocasionado-por-las-obras-del-ave\/#primaryimage"},"image":{"@id":"https:\/\/arealorcaradio.es\/index.php\/2025\/09\/30\/el-ayuntamiento-de-lorca-informa-de-la-apertura-al-trafico-de-la-alameda-de-cervantes-tras-el-corte-ocasionado-por-las-obras-del-ave\/#primaryimage"},"thumbnailUrl":"https:\/\/arealorcaradio.es\/wp-content\/uploads\/2025\/09\/Alameda-de-Cervantes-1.jpeg","datePublished":"2025-09-30T14:35:20+00:00","author":{"@id":"https:\/\/arealorcaradio.es\/#\/schema\/person\/9fae605fc25b0f2c83c1ab207139bd27"},"breadcrumb":{"@id":"https:\/\/arealorcaradio.es\/index.php\/2025\/09\/30\/el-ayuntamiento-de-lorca-informa-de-la-apertura-al-trafico-de-la-alameda-de-cervantes-tras-el-corte-ocasionado-por-las-obras-del-ave\/#breadcrumb"},"inLanguage":"es","potentialAction":[{"@type":"ReadAction","target":["https:\/\/arealorcaradio.es\/index.php\/2025\/09\/30\/el-ayuntamiento-de-lorca-informa-de-la-apertura-al-trafico-de-la-alameda-de-cervantes-tras-el-corte-ocasionado-por-las-obras-del-ave\/"]}]},{"@type":"ImageObject","inLanguage":"es","@id":"https:\/\/arealorcaradio.es\/index.php\/2025\/09\/30\/el-ayuntamiento-de-lorca-informa-de-la-apertura-al-trafico-de-la-alameda-de-cervantes-tras-el-corte-ocasionado-por-las-obras-del-ave\/#primaryimage","url":"https:\/\/arealorcaradio.es\/wp-content\/uploads\/2025\/09\/Alameda-de-Cervantes-1.jpeg","contentUrl":"https:\/\/arealorcaradio.es\/wp-content\/uploads\/2025\/09\/Alameda-de-Cervantes-1.jpeg","width":1600,"height":720},{"@type":"BreadcrumbList","@id":"https:\/\/arealorcaradio.es\/index.php\/2025\/09\/30\/el-ayuntamiento-de-lorca-informa-de-la-apertura-al-trafico-de-la-alameda-de-cervantes-tras-el-corte-ocasionado-por-las-obras-del-ave\/#breadcrumb","itemListElement":[{"@type":"ListItem","position":1,"name":"Portada","item":"https:\/\/arealorcaradio.es\/"},{"@type":"ListItem","position":2,"name":"El Ayuntamiento de Lorca informa de la apertura al tr\u00e1fico de la Alameda de Cervantes tras el corte ocasionado por las obras del AVE"}]},{"@type":"WebSite","@id":"https:\/\/arealorcaradio.es\/#website","url":"https:\/\/arealorcaradio.es\/","name":"AREA LORCA RADIO","description":"Descubre la programaci\u00f3n actual en \u00c1rea Lorca Radio, tu fuente de entrenamiento y noticias locales. Sintoniza ahora y mantente conectado online.","potentialAction":[{"@type":"SearchAction","target":{"@type":"EntryPoint","urlTemplate":"https:\/\/arealorcaradio.es\/?s={search_term_string}"},"query-input":{"@type":"PropertyValueSpecification","valueRequired":true,"valueName":"search_term_string"}}],"inLanguage":"es"},{"@type":"Person","@id":"https:\/\/arealorcaradio.es\/#\/schema\/person\/9fae605fc25b0f2c83c1ab207139bd27","name":"Paco S\u00e1nchez","image":{"@type":"ImageObject","inLanguage":"es","@id":"https:\/\/secure.gravatar.com\/avatar\/d67144e966420fb74aa84c9f2a0103be4724fd14db52b52d3b6bca749f257e79?s=96&d=mm&r=g","url":"https:\/\/secure.gravatar.com\/avatar\/d67144e966420fb74aa84c9f2a0103be4724fd14db52b52d3b6bca749f257e79?s=96&d=mm&r=g","contentUrl":"https:\/\/secure.gravatar.com\/avatar\/d67144e966420fb74aa84c9f2a0103be4724fd14db52b52d3b6bca749f257e79?s=96&d=mm&r=g","caption":"Paco S\u00e1nchez"},"sameAs":["https:\/\/arealorcaradio.es"],"url":"https:\/\/arealorcaradio.es\/index.php\/author\/admin_alorcaradio\/"}]}},"_links":{"self":[{"href":"https:\/\/arealorcaradio.es\/index.php\/wp-json\/wp\/v2\/posts\/8009","targetHints":{"allow":["GET"]}}],"collection":[{"href":"https:\/\/arealorcaradio.es\/index.php\/wp-json\/wp\/v2\/posts"}],"about":[{"href":"https:\/\/arealorcaradio.es\/index.php\/wp-json\/wp\/v2\/types\/post"}],"author":[{"embeddable":true,"href":"https:\/\/arealorcaradio.es\/index.php\/wp-json\/wp\/v2\/users\/1"}],"replies":[{"embeddable":true,"href":"https:\/\/arealorcaradio.es\/index.php\/wp-json\/wp\/v2\/comments?post=8009"}],"version-history":[{"count":2,"href":"https:\/\/arealorcaradio.es\/index.php\/wp-json\/wp\/v2\/posts\/8009\/revisions"}],"predecessor-version":[{"id":8017,"href":"https:\/\/arealorcaradio.es\/index.php\/wp-json\/wp\/v2\/posts\/8009\/revisions\/8017"}],"wp:featuredmedia":[{"embeddable":true,"href":"https:\/\/arealorcaradio.es\/index.php\/wp-json\/wp\/v2\/media\/8016"}],"wp:attachment":[{"href":"https:\/\/arealorcaradio.es\/index.php\/wp-json\/wp\/v2\/media?parent=8009"}],"wp:term":[{"taxonomy":"category","embeddable":true,"href":"https:\/\/arealorcaradio.es\/index.php\/wp-json\/wp\/v2\/categories?post=8009"},{"taxonomy":"post_tag","embeddable":true,"href":"https:\/\/arealorcaradio.es\/index.php\/wp-json\/wp\/v2\/tags?post=8009"}],"curies":[{"name":"wp","href":"https:\/\/api.w.org\/{rel}","templated":true}]}}