{"id":7980,"date":"2025-09-25T17:59:11","date_gmt":"2025-09-25T17:59:11","guid":{"rendered":"https:\/\/arealorcaradio.es\/?p=7980"},"modified":"2025-09-25T17:59:11","modified_gmt":"2025-09-25T17:59:11","slug":"un-centenar-de-stand-de-toda-espana-y-miles-de-visitantes-convierten-a-lorca-en-capital-de-la-artesania-de-la-mano-de-feramur","status":"publish","type":"post","link":"https:\/\/arealorcaradio.es\/index.php\/2025\/09\/25\/un-centenar-de-stand-de-toda-espana-y-miles-de-visitantes-convierten-a-lorca-en-capital-de-la-artesania-de-la-mano-de-feramur\/","title":{"rendered":"Un centenar de stand de toda Espa\u00f1a y miles de visitantes convierten a Lorca en \u00abcapital de la Artesan\u00eda\u00bb de la mano de FERAMUR"},"content":{"rendered":"<p><strong>\u00c1REA LORCA RADIO. Comercio y Artesan\u00eda.<\/strong><\/p>\n<p class=\"v1MsoNormal\"><b><span lang=\"es\">Lorca, 25 de septiembre de 2025<\/span><\/b><span lang=\"es\">. Lorca acoge por tercer a\u00f1o consecutivo Feramur, la Feria Regional de Artesan\u00eda, que alcanza su 41 edici\u00f3n con un aforo completo, de la mano de la participaci\u00f3n de hasta 92 expositores, con una destacada visibilidad de artesanos de la Regi\u00f3n de Murcia, que representan el 75 por ciento del total, de los cuales un 38 por ciento proceden de Lorca, lo que demuestra la vitalidad de la artesan\u00eda regional y local, que crece en n\u00famero de profesionales y se adapta a los nuevos tiempos.<\/span><\/p>\n<audio class=\"wp-audio-shortcode\" id=\"audio-7980-1\" preload=\"none\" style=\"width: 100%;\" controls=\"controls\"><source type=\"audio\/mpeg\" src=\"https:\/\/arealorcaradio.es\/wp-content\/uploads\/2025\/09\/NOTICIA-FERAMUR.mp3?_=1\" \/><a href=\"https:\/\/arealorcaradio.es\/wp-content\/uploads\/2025\/09\/NOTICIA-FERAMUR.mp3\">https:\/\/arealorcaradio.es\/wp-content\/uploads\/2025\/09\/NOTICIA-FERAMUR.mp3<\/a><\/audio>\n<p class=\"v1MsoNormal\"><span lang=\"es\">As\u00ed lo ha trasladado el alcalde de Lorca, Fulgencio Gil, junto a la consejera de Empresa, Empleo y Econom\u00eda Social, Marisa L\u00f3pez, y el presidente de la C\u00e1mara de Comercio de Lorca, Juan Francisco G\u00f3mez, durante la inauguraci\u00f3n del evento, en donde la comitiva ha realizado una visita por los diferentes stand protagonistas de lo que es sin duda el gran escaparate de la artesan\u00eda regional, un espacio donde tradici\u00f3n e innovaci\u00f3n se dan la mano y donde nuestros artesanos pueden mostrar al mundo el valor de su trabajo.<\/span><\/p>\n<p class=\"v1MsoNormal\"><span lang=\"es\"> <img loading=\"lazy\" decoding=\"async\" class=\"alignnone size-medium wp-image-7984\" src=\"https:\/\/arealorcaradio.es\/wp-content\/uploads\/2025\/09\/foto1-67-300x200.jpeg\" alt=\"\" width=\"300\" height=\"200\" srcset=\"https:\/\/arealorcaradio.es\/wp-content\/uploads\/2025\/09\/foto1-67-300x200.jpeg 300w, https:\/\/arealorcaradio.es\/wp-content\/uploads\/2025\/09\/foto1-67-1024x682.jpeg 1024w, https:\/\/arealorcaradio.es\/wp-content\/uploads\/2025\/09\/foto1-67-768x512.jpeg 768w, https:\/\/arealorcaradio.es\/wp-content\/uploads\/2025\/09\/foto1-67-1536x1023.jpeg 1536w, https:\/\/arealorcaradio.es\/wp-content\/uploads\/2025\/09\/foto1-67.jpeg 1600w\" sizes=\"auto, (max-width: 300px) 100vw, 300px\" \/> <img loading=\"lazy\" decoding=\"async\" class=\"alignnone size-medium wp-image-7985\" src=\"https:\/\/arealorcaradio.es\/wp-content\/uploads\/2025\/09\/foto6-9-300x200.jpeg\" alt=\"\" width=\"300\" height=\"200\" srcset=\"https:\/\/arealorcaradio.es\/wp-content\/uploads\/2025\/09\/foto6-9-300x200.jpeg 300w, https:\/\/arealorcaradio.es\/wp-content\/uploads\/2025\/09\/foto6-9-1024x682.jpeg 1024w, https:\/\/arealorcaradio.es\/wp-content\/uploads\/2025\/09\/foto6-9-768x512.jpeg 768w, https:\/\/arealorcaradio.es\/wp-content\/uploads\/2025\/09\/foto6-9-1536x1023.jpeg 1536w, https:\/\/arealorcaradio.es\/wp-content\/uploads\/2025\/09\/foto6-9.jpeg 1600w\" sizes=\"auto, (max-width: 300px) 100vw, 300px\" \/><\/span><\/p>\n<p class=\"v1MsoNormal\"><span lang=\"es\">Una cita de referencia para la artesan\u00eda que ha destacado el primer edil por \u00abestar \u00edntimamente ligada a un sector estrat\u00e9gico para la regi\u00f3n y el municipio, que permite una promoci\u00f3n m\u00e1s eficaz de los productos y la econom\u00eda local, incluyendo la posibilidad de abrir nuevos mercados, gracias a la variada programaci\u00f3n de actividades y la gran oferta de art\u00edculos que se presentan en la muestra, lo que la hace a\u00fan m\u00e1s atractiva para todos los visitantes, que son muchos, al coincidir con la Feria de Lorca. Estos pueden disfrutar de la gran oferta cultural, patrimonial, tur\u00edstica, gastron\u00f3mica, hostelera y de ocio que ofrece nuestra ciudad para todos los p\u00fablicos, de todas las edades y todos los bolsillos; lo que convierte a Feramur no s\u00f3lo en un revulsivo de la cita en s\u00ed misma, sino tambi\u00e9n para el municipio\u00bb.<\/span><\/p>\n<p class=\"v1MsoNormal\"><span lang=\"es\">Asimismo, la celebraci\u00f3n de Feramur por tercer a\u00f1o consecutivo en la Instituci\u00f3n de Ferias y Congresos revalida el potencial de esta infraestructura como espacio \u00fanico y excepcional dentro del marco de opciones de todo el levante espa\u00f1ol para la celebraci\u00f3n de ferias, congresos y encuentros destacados, tanto en el \u00e1mbito regional, como nacional e internacional, revalidando nuestra posici\u00f3n como ciudad de grandes citas, epicentro de eventos multitudinarios de todo tipo\u00bb, ha apuntado el Gil J\u00f3dar.<\/span><span lang=\"es\">\u00a0<\/span><\/p>\n<p class=\"v1MsoNormal\"><span lang=\"es\"><img loading=\"lazy\" decoding=\"async\" class=\"alignnone size-medium wp-image-7986\" src=\"https:\/\/arealorcaradio.es\/wp-content\/uploads\/2025\/09\/foto7-6-300x200.jpeg\" alt=\"\" width=\"300\" height=\"200\" srcset=\"https:\/\/arealorcaradio.es\/wp-content\/uploads\/2025\/09\/foto7-6-300x200.jpeg 300w, https:\/\/arealorcaradio.es\/wp-content\/uploads\/2025\/09\/foto7-6-1024x682.jpeg 1024w, https:\/\/arealorcaradio.es\/wp-content\/uploads\/2025\/09\/foto7-6-768x512.jpeg 768w, https:\/\/arealorcaradio.es\/wp-content\/uploads\/2025\/09\/foto7-6-1536x1023.jpeg 1536w, https:\/\/arealorcaradio.es\/wp-content\/uploads\/2025\/09\/foto7-6.jpeg 1600w\" sizes=\"auto, (max-width: 300px) 100vw, 300px\" \/> <img loading=\"lazy\" decoding=\"async\" class=\"alignnone size-medium wp-image-7987\" src=\"https:\/\/arealorcaradio.es\/wp-content\/uploads\/2025\/09\/foto4-27-300x200.jpeg\" alt=\"\" width=\"300\" height=\"200\" srcset=\"https:\/\/arealorcaradio.es\/wp-content\/uploads\/2025\/09\/foto4-27-300x200.jpeg 300w, https:\/\/arealorcaradio.es\/wp-content\/uploads\/2025\/09\/foto4-27-1024x682.jpeg 1024w, https:\/\/arealorcaradio.es\/wp-content\/uploads\/2025\/09\/foto4-27-768x512.jpeg 768w, https:\/\/arealorcaradio.es\/wp-content\/uploads\/2025\/09\/foto4-27-1536x1023.jpeg 1536w, https:\/\/arealorcaradio.es\/wp-content\/uploads\/2025\/09\/foto4-27.jpeg 1600w\" sizes=\"auto, (max-width: 300px) 100vw, 300px\" \/><\/span><\/p>\n<p class=\"v1MsoNormal\"><span lang=\"es\">En total, la feria ocupar\u00e1 los tres pabellones de Ifelor y reunir\u00e1 a representantes de 17 provincias espa\u00f1olas, ofreciendo al visitante una experiencia completa. M\u00e1s all\u00e1 de la zona comercial, el programa incluir\u00e1 demostraciones artesanales de alfarer\u00eda, talla de piedra, bordado en seda y oro, mosaicos romanos o encaje de bolillos; talleres participativos abiertos al p\u00fablico; desfiles de moda a cargo del IES Bartolom\u00e9 P\u00e9rez Casas y de complementos por parte de la Asociaci\u00f3n Artelor, as\u00ed como degustaciones gastron\u00f3micas.<\/span><\/p>\n<p class=\"v1MsoNormal\"><span lang=\"es\">Cabe rese\u00f1ar -en este punto- que el peso espec\u00edfico que tiene Artelor y la labor que realiza, en colaboraci\u00f3n con el Ayuntamiento de Lorca, de cara a la promoci\u00f3n, difusi\u00f3n e impulso a la artesan\u00eda local avalan su obligatoria presencia en esta feria.<\/span><\/p>\n<p class=\"v1MsoNormal\"><span lang=\"es\">Destaca, en esta edici\u00f3n, una ponencia centrada en el acercamiento de la artesan\u00eda a la juventud, la importancia de asegurar la continuidad de los oficios tradicionales y las acciones en las que trabaja el Gobierno regional de cara al relevo generacional; de la mano de la Consejer\u00eda de Empresa, Empleo y Econom\u00eda Social, a trav\u00e9s de la Direcci\u00f3n General de Impulso al Comercio, Innovaci\u00f3n Empresarial e Industrias y Oficios Artesanales.<\/span><\/p>\n<p class=\"v1MsoNormal\"><span lang=\"es\"><img loading=\"lazy\" decoding=\"async\" class=\"alignnone size-medium wp-image-7988\" src=\"https:\/\/arealorcaradio.es\/wp-content\/uploads\/2025\/09\/foto8-3-300x200.jpeg\" alt=\"\" width=\"300\" height=\"200\" srcset=\"https:\/\/arealorcaradio.es\/wp-content\/uploads\/2025\/09\/foto8-3-300x200.jpeg 300w, https:\/\/arealorcaradio.es\/wp-content\/uploads\/2025\/09\/foto8-3-1024x682.jpeg 1024w, https:\/\/arealorcaradio.es\/wp-content\/uploads\/2025\/09\/foto8-3-768x512.jpeg 768w, https:\/\/arealorcaradio.es\/wp-content\/uploads\/2025\/09\/foto8-3-1536x1023.jpeg 1536w, https:\/\/arealorcaradio.es\/wp-content\/uploads\/2025\/09\/foto8-3.jpeg 1600w\" sizes=\"auto, (max-width: 300px) 100vw, 300px\" \/><\/span><\/p>\n<p class=\"v1MsoNormal\"><span lang=\"es\">En este sentido, Marisa L\u00f3pez ha trasladado que \u00abla artesan\u00eda no s\u00f3lo representa nuestras ra\u00edces, sino tambi\u00e9n una oportunidad de futuro, por ello, desde el Gobierno regional estamos trabajando para que estos oficios tradicionales no se pierdan y puedan transmitirse los j\u00f3venes, incorporando dise\u00f1o, innovaci\u00f3n y nuevas formas de comunicaci\u00f3n\u00bb.<\/span><\/p>\n<p class=\"v1MsoNormal\"><span lang=\"es\">Asimismo, ha anunciado que la Direcci\u00f3n General de Artesan\u00eda celebrar\u00e1 pr\u00f3ximamente el programa &#8216;Relevo Artesano&#8217; en la Universidad de Murcia, con talleres y actividades que fomentan la colaboraci\u00f3n entre artesanos y estudiantes, adem\u00e1s de incluir consultor\u00edas especializadas en dise\u00f1o e innovaci\u00f3n. Posteriormente, se llevar\u00e1n a cabo las Jornadas A+D+I (Artesan\u00eda, Dise\u00f1o e Innovaci\u00f3n) en Murcia, con el objetivo de sensibilizar al sector sobre la importancia de incorporar el dise\u00f1o y la innovaci\u00f3n sin perder la esencia artesanal, mostrando casos de \u00e9xito en la colaboraci\u00f3n entre artesanos y dise\u00f1adores.<\/span><\/p>\n<p class=\"v1MsoNormal\"><span lang=\"es\">Para concluir, el alcalde de Lorca ha agradecido a la Comunidad Aut\u00f3noma, la C\u00e1mara de Comercio pero, sobre todo, a los artesanos que convierten a Lorca en el mejor escaparate para dar a conocer un sector importante para nuestro municipio y para toda la Regi\u00f3n\u00bb. Y ha animado a todos, lorquinos y visitantes, a asistir a este encuentro y disfrutar con una verdadera exhibici\u00f3n del arte y el &#8216;buen hacer&#8217; de los artesanos lorquinos, del resto de Murcia y de Espa\u00f1a\u00bb.<\/span><\/p>\n","protected":false},"excerpt":{"rendered":"<p>\u00c1REA LORCA RADIO. Comercio y Artesan\u00eda. Lorca, 25 de septiembre de 2025. Lorca acoge por tercer a\u00f1o consecutivo Feramur, la Feria Regional de Artesan\u00eda, que alcanza su 41 edici\u00f3n con un aforo completo, de la mano de la participaci\u00f3n de hasta 92 expositores, con una destacada visibilidad de artesanos de la Regi\u00f3n de Murcia, que [&hellip;]<\/p>\n","protected":false},"author":1,"featured_media":7982,"comment_status":"open","ping_status":"open","sticky":false,"template":"","format":"standard","meta":{"iawp_total_views":10,"footnotes":""},"categories":[5,7],"tags":[],"class_list":["post-7980","post","type-post","status-publish","format-standard","has-post-thumbnail","hentry","category-actualidad","category-lorca"],"yoast_head":"<!-- This site is optimized with the Yoast SEO plugin v27.5 - https:\/\/yoast.com\/product\/yoast-seo-wordpress\/ -->\n<title>Un centenar de stand de toda Espa\u00f1a y miles de visitantes convierten a Lorca en &quot;capital de la Artesan\u00eda&quot; de la mano de FERAMUR - AREA LORCA RADIO<\/title>\n<meta name=\"robots\" content=\"index, follow, max-snippet:-1, max-image-preview:large, max-video-preview:-1\" \/>\n<link rel=\"canonical\" href=\"https:\/\/arealorcaradio.es\/index.php\/2025\/09\/25\/un-centenar-de-stand-de-toda-espana-y-miles-de-visitantes-convierten-a-lorca-en-capital-de-la-artesania-de-la-mano-de-feramur\/\" \/>\n<meta property=\"og:locale\" content=\"es_ES\" \/>\n<meta property=\"og:type\" content=\"article\" \/>\n<meta property=\"og:title\" content=\"Un centenar de stand de toda Espa\u00f1a y miles de visitantes convierten a Lorca en &quot;capital de la Artesan\u00eda&quot; de la mano de FERAMUR - AREA LORCA RADIO\" \/>\n<meta property=\"og:description\" content=\"\u00c1REA LORCA RADIO. Comercio y Artesan\u00eda. Lorca, 25 de septiembre de 2025. Lorca acoge por tercer a\u00f1o consecutivo Feramur, la Feria Regional de Artesan\u00eda, que alcanza su 41 edici\u00f3n con un aforo completo, de la mano de la participaci\u00f3n de hasta 92 expositores, con una destacada visibilidad de artesanos de la Regi\u00f3n de Murcia, que [&hellip;]\" \/>\n<meta property=\"og:url\" content=\"https:\/\/arealorcaradio.es\/index.php\/2025\/09\/25\/un-centenar-de-stand-de-toda-espana-y-miles-de-visitantes-convierten-a-lorca-en-capital-de-la-artesania-de-la-mano-de-feramur\/\" \/>\n<meta property=\"og:site_name\" content=\"AREA LORCA RADIO\" \/>\n<meta property=\"article:published_time\" content=\"2025-09-25T17:59:11+00:00\" \/>\n<meta property=\"og:image\" content=\"https:\/\/arealorcaradio.es\/wp-content\/uploads\/2025\/09\/foto10.jpeg\" \/>\n\t<meta property=\"og:image:width\" content=\"1600\" \/>\n\t<meta property=\"og:image:height\" content=\"1066\" \/>\n\t<meta property=\"og:image:type\" content=\"image\/jpeg\" \/>\n<meta name=\"author\" content=\"Paco S\u00e1nchez\" \/>\n<meta name=\"twitter:card\" content=\"summary_large_image\" \/>\n<meta name=\"twitter:label1\" content=\"Escrito por\" \/>\n\t<meta name=\"twitter:data1\" content=\"Paco S\u00e1nchez\" \/>\n\t<meta name=\"twitter:label2\" content=\"Tiempo de lectura\" \/>\n\t<meta name=\"twitter:data2\" content=\"5 minutos\" \/>\n<script type=\"application\/ld+json\" class=\"yoast-schema-graph\">{\"@context\":\"https:\\\/\\\/schema.org\",\"@graph\":[{\"@type\":\"Article\",\"@id\":\"https:\\\/\\\/arealorcaradio.es\\\/index.php\\\/2025\\\/09\\\/25\\\/un-centenar-de-stand-de-toda-espana-y-miles-de-visitantes-convierten-a-lorca-en-capital-de-la-artesania-de-la-mano-de-feramur\\\/#article\",\"isPartOf\":{\"@id\":\"https:\\\/\\\/arealorcaradio.es\\\/index.php\\\/2025\\\/09\\\/25\\\/un-centenar-de-stand-de-toda-espana-y-miles-de-visitantes-convierten-a-lorca-en-capital-de-la-artesania-de-la-mano-de-feramur\\\/\"},\"author\":{\"name\":\"Paco S\u00e1nchez\",\"@id\":\"https:\\\/\\\/arealorcaradio.es\\\/#\\\/schema\\\/person\\\/9fae605fc25b0f2c83c1ab207139bd27\"},\"headline\":\"Un centenar de stand de toda Espa\u00f1a y miles de visitantes convierten a Lorca en \u00abcapital de la Artesan\u00eda\u00bb de la mano de FERAMUR\",\"datePublished\":\"2025-09-25T17:59:11+00:00\",\"mainEntityOfPage\":{\"@id\":\"https:\\\/\\\/arealorcaradio.es\\\/index.php\\\/2025\\\/09\\\/25\\\/un-centenar-de-stand-de-toda-espana-y-miles-de-visitantes-convierten-a-lorca-en-capital-de-la-artesania-de-la-mano-de-feramur\\\/\"},\"wordCount\":929,\"commentCount\":0,\"image\":{\"@id\":\"https:\\\/\\\/arealorcaradio.es\\\/index.php\\\/2025\\\/09\\\/25\\\/un-centenar-de-stand-de-toda-espana-y-miles-de-visitantes-convierten-a-lorca-en-capital-de-la-artesania-de-la-mano-de-feramur\\\/#primaryimage\"},\"thumbnailUrl\":\"https:\\\/\\\/arealorcaradio.es\\\/wp-content\\\/uploads\\\/2025\\\/09\\\/foto10.jpeg\",\"articleSection\":[\"ACTUALIDAD\",\"LORCA\"],\"inLanguage\":\"es\",\"potentialAction\":[{\"@type\":\"CommentAction\",\"name\":\"Comment\",\"target\":[\"https:\\\/\\\/arealorcaradio.es\\\/index.php\\\/2025\\\/09\\\/25\\\/un-centenar-de-stand-de-toda-espana-y-miles-de-visitantes-convierten-a-lorca-en-capital-de-la-artesania-de-la-mano-de-feramur\\\/#respond\"]}]},{\"@type\":\"WebPage\",\"@id\":\"https:\\\/\\\/arealorcaradio.es\\\/index.php\\\/2025\\\/09\\\/25\\\/un-centenar-de-stand-de-toda-espana-y-miles-de-visitantes-convierten-a-lorca-en-capital-de-la-artesania-de-la-mano-de-feramur\\\/\",\"url\":\"https:\\\/\\\/arealorcaradio.es\\\/index.php\\\/2025\\\/09\\\/25\\\/un-centenar-de-stand-de-toda-espana-y-miles-de-visitantes-convierten-a-lorca-en-capital-de-la-artesania-de-la-mano-de-feramur\\\/\",\"name\":\"Un centenar de stand de toda Espa\u00f1a y miles de visitantes convierten a Lorca en \\\"capital de la Artesan\u00eda\\\" de la mano de FERAMUR - AREA LORCA RADIO\",\"isPartOf\":{\"@id\":\"https:\\\/\\\/arealorcaradio.es\\\/#website\"},\"primaryImageOfPage\":{\"@id\":\"https:\\\/\\\/arealorcaradio.es\\\/index.php\\\/2025\\\/09\\\/25\\\/un-centenar-de-stand-de-toda-espana-y-miles-de-visitantes-convierten-a-lorca-en-capital-de-la-artesania-de-la-mano-de-feramur\\\/#primaryimage\"},\"image\":{\"@id\":\"https:\\\/\\\/arealorcaradio.es\\\/index.php\\\/2025\\\/09\\\/25\\\/un-centenar-de-stand-de-toda-espana-y-miles-de-visitantes-convierten-a-lorca-en-capital-de-la-artesania-de-la-mano-de-feramur\\\/#primaryimage\"},\"thumbnailUrl\":\"https:\\\/\\\/arealorcaradio.es\\\/wp-content\\\/uploads\\\/2025\\\/09\\\/foto10.jpeg\",\"datePublished\":\"2025-09-25T17:59:11+00:00\",\"author\":{\"@id\":\"https:\\\/\\\/arealorcaradio.es\\\/#\\\/schema\\\/person\\\/9fae605fc25b0f2c83c1ab207139bd27\"},\"breadcrumb\":{\"@id\":\"https:\\\/\\\/arealorcaradio.es\\\/index.php\\\/2025\\\/09\\\/25\\\/un-centenar-de-stand-de-toda-espana-y-miles-de-visitantes-convierten-a-lorca-en-capital-de-la-artesania-de-la-mano-de-feramur\\\/#breadcrumb\"},\"inLanguage\":\"es\",\"potentialAction\":[{\"@type\":\"ReadAction\",\"target\":[\"https:\\\/\\\/arealorcaradio.es\\\/index.php\\\/2025\\\/09\\\/25\\\/un-centenar-de-stand-de-toda-espana-y-miles-de-visitantes-convierten-a-lorca-en-capital-de-la-artesania-de-la-mano-de-feramur\\\/\"]}]},{\"@type\":\"ImageObject\",\"inLanguage\":\"es\",\"@id\":\"https:\\\/\\\/arealorcaradio.es\\\/index.php\\\/2025\\\/09\\\/25\\\/un-centenar-de-stand-de-toda-espana-y-miles-de-visitantes-convierten-a-lorca-en-capital-de-la-artesania-de-la-mano-de-feramur\\\/#primaryimage\",\"url\":\"https:\\\/\\\/arealorcaradio.es\\\/wp-content\\\/uploads\\\/2025\\\/09\\\/foto10.jpeg\",\"contentUrl\":\"https:\\\/\\\/arealorcaradio.es\\\/wp-content\\\/uploads\\\/2025\\\/09\\\/foto10.jpeg\",\"width\":1600,\"height\":1066},{\"@type\":\"BreadcrumbList\",\"@id\":\"https:\\\/\\\/arealorcaradio.es\\\/index.php\\\/2025\\\/09\\\/25\\\/un-centenar-de-stand-de-toda-espana-y-miles-de-visitantes-convierten-a-lorca-en-capital-de-la-artesania-de-la-mano-de-feramur\\\/#breadcrumb\",\"itemListElement\":[{\"@type\":\"ListItem\",\"position\":1,\"name\":\"Portada\",\"item\":\"https:\\\/\\\/arealorcaradio.es\\\/\"},{\"@type\":\"ListItem\",\"position\":2,\"name\":\"Un centenar de stand de toda Espa\u00f1a y miles de visitantes convierten a Lorca en \u00abcapital de la Artesan\u00eda\u00bb de la mano de FERAMUR\"}]},{\"@type\":\"WebSite\",\"@id\":\"https:\\\/\\\/arealorcaradio.es\\\/#website\",\"url\":\"https:\\\/\\\/arealorcaradio.es\\\/\",\"name\":\"AREA LORCA RADIO\",\"description\":\"Descubre la programaci\u00f3n actual en \u00c1rea Lorca Radio, tu fuente de entrenamiento y noticias locales. Sintoniza ahora y mantente conectado online.\",\"potentialAction\":[{\"@type\":\"SearchAction\",\"target\":{\"@type\":\"EntryPoint\",\"urlTemplate\":\"https:\\\/\\\/arealorcaradio.es\\\/?s={search_term_string}\"},\"query-input\":{\"@type\":\"PropertyValueSpecification\",\"valueRequired\":true,\"valueName\":\"search_term_string\"}}],\"inLanguage\":\"es\"},{\"@type\":\"Person\",\"@id\":\"https:\\\/\\\/arealorcaradio.es\\\/#\\\/schema\\\/person\\\/9fae605fc25b0f2c83c1ab207139bd27\",\"name\":\"Paco S\u00e1nchez\",\"image\":{\"@type\":\"ImageObject\",\"inLanguage\":\"es\",\"@id\":\"https:\\\/\\\/secure.gravatar.com\\\/avatar\\\/d67144e966420fb74aa84c9f2a0103be4724fd14db52b52d3b6bca749f257e79?s=96&d=mm&r=g\",\"url\":\"https:\\\/\\\/secure.gravatar.com\\\/avatar\\\/d67144e966420fb74aa84c9f2a0103be4724fd14db52b52d3b6bca749f257e79?s=96&d=mm&r=g\",\"contentUrl\":\"https:\\\/\\\/secure.gravatar.com\\\/avatar\\\/d67144e966420fb74aa84c9f2a0103be4724fd14db52b52d3b6bca749f257e79?s=96&d=mm&r=g\",\"caption\":\"Paco S\u00e1nchez\"},\"sameAs\":[\"https:\\\/\\\/arealorcaradio.es\"],\"url\":\"https:\\\/\\\/arealorcaradio.es\\\/index.php\\\/author\\\/admin_alorcaradio\\\/\"}]}<\/script>\n<!-- \/ Yoast SEO plugin. -->","yoast_head_json":{"title":"Un centenar de stand de toda Espa\u00f1a y miles de visitantes convierten a Lorca en \"capital de la Artesan\u00eda\" de la mano de FERAMUR - AREA LORCA RADIO","robots":{"index":"index","follow":"follow","max-snippet":"max-snippet:-1","max-image-preview":"max-image-preview:large","max-video-preview":"max-video-preview:-1"},"canonical":"https:\/\/arealorcaradio.es\/index.php\/2025\/09\/25\/un-centenar-de-stand-de-toda-espana-y-miles-de-visitantes-convierten-a-lorca-en-capital-de-la-artesania-de-la-mano-de-feramur\/","og_locale":"es_ES","og_type":"article","og_title":"Un centenar de stand de toda Espa\u00f1a y miles de visitantes convierten a Lorca en \"capital de la Artesan\u00eda\" de la mano de FERAMUR - AREA LORCA RADIO","og_description":"\u00c1REA LORCA RADIO. Comercio y Artesan\u00eda. Lorca, 25 de septiembre de 2025. Lorca acoge por tercer a\u00f1o consecutivo Feramur, la Feria Regional de Artesan\u00eda, que alcanza su 41 edici\u00f3n con un aforo completo, de la mano de la participaci\u00f3n de hasta 92 expositores, con una destacada visibilidad de artesanos de la Regi\u00f3n de Murcia, que [&hellip;]","og_url":"https:\/\/arealorcaradio.es\/index.php\/2025\/09\/25\/un-centenar-de-stand-de-toda-espana-y-miles-de-visitantes-convierten-a-lorca-en-capital-de-la-artesania-de-la-mano-de-feramur\/","og_site_name":"AREA LORCA RADIO","article_published_time":"2025-09-25T17:59:11+00:00","og_image":[{"width":1600,"height":1066,"url":"https:\/\/arealorcaradio.es\/wp-content\/uploads\/2025\/09\/foto10.jpeg","type":"image\/jpeg"}],"author":"Paco S\u00e1nchez","twitter_card":"summary_large_image","twitter_misc":{"Escrito por":"Paco S\u00e1nchez","Tiempo de lectura":"5 minutos"},"schema":{"@context":"https:\/\/schema.org","@graph":[{"@type":"Article","@id":"https:\/\/arealorcaradio.es\/index.php\/2025\/09\/25\/un-centenar-de-stand-de-toda-espana-y-miles-de-visitantes-convierten-a-lorca-en-capital-de-la-artesania-de-la-mano-de-feramur\/#article","isPartOf":{"@id":"https:\/\/arealorcaradio.es\/index.php\/2025\/09\/25\/un-centenar-de-stand-de-toda-espana-y-miles-de-visitantes-convierten-a-lorca-en-capital-de-la-artesania-de-la-mano-de-feramur\/"},"author":{"name":"Paco S\u00e1nchez","@id":"https:\/\/arealorcaradio.es\/#\/schema\/person\/9fae605fc25b0f2c83c1ab207139bd27"},"headline":"Un centenar de stand de toda Espa\u00f1a y miles de visitantes convierten a Lorca en \u00abcapital de la Artesan\u00eda\u00bb de la mano de FERAMUR","datePublished":"2025-09-25T17:59:11+00:00","mainEntityOfPage":{"@id":"https:\/\/arealorcaradio.es\/index.php\/2025\/09\/25\/un-centenar-de-stand-de-toda-espana-y-miles-de-visitantes-convierten-a-lorca-en-capital-de-la-artesania-de-la-mano-de-feramur\/"},"wordCount":929,"commentCount":0,"image":{"@id":"https:\/\/arealorcaradio.es\/index.php\/2025\/09\/25\/un-centenar-de-stand-de-toda-espana-y-miles-de-visitantes-convierten-a-lorca-en-capital-de-la-artesania-de-la-mano-de-feramur\/#primaryimage"},"thumbnailUrl":"https:\/\/arealorcaradio.es\/wp-content\/uploads\/2025\/09\/foto10.jpeg","articleSection":["ACTUALIDAD","LORCA"],"inLanguage":"es","potentialAction":[{"@type":"CommentAction","name":"Comment","target":["https:\/\/arealorcaradio.es\/index.php\/2025\/09\/25\/un-centenar-de-stand-de-toda-espana-y-miles-de-visitantes-convierten-a-lorca-en-capital-de-la-artesania-de-la-mano-de-feramur\/#respond"]}]},{"@type":"WebPage","@id":"https:\/\/arealorcaradio.es\/index.php\/2025\/09\/25\/un-centenar-de-stand-de-toda-espana-y-miles-de-visitantes-convierten-a-lorca-en-capital-de-la-artesania-de-la-mano-de-feramur\/","url":"https:\/\/arealorcaradio.es\/index.php\/2025\/09\/25\/un-centenar-de-stand-de-toda-espana-y-miles-de-visitantes-convierten-a-lorca-en-capital-de-la-artesania-de-la-mano-de-feramur\/","name":"Un centenar de stand de toda Espa\u00f1a y miles de visitantes convierten a Lorca en \"capital de la Artesan\u00eda\" de la mano de FERAMUR - AREA LORCA RADIO","isPartOf":{"@id":"https:\/\/arealorcaradio.es\/#website"},"primaryImageOfPage":{"@id":"https:\/\/arealorcaradio.es\/index.php\/2025\/09\/25\/un-centenar-de-stand-de-toda-espana-y-miles-de-visitantes-convierten-a-lorca-en-capital-de-la-artesania-de-la-mano-de-feramur\/#primaryimage"},"image":{"@id":"https:\/\/arealorcaradio.es\/index.php\/2025\/09\/25\/un-centenar-de-stand-de-toda-espana-y-miles-de-visitantes-convierten-a-lorca-en-capital-de-la-artesania-de-la-mano-de-feramur\/#primaryimage"},"thumbnailUrl":"https:\/\/arealorcaradio.es\/wp-content\/uploads\/2025\/09\/foto10.jpeg","datePublished":"2025-09-25T17:59:11+00:00","author":{"@id":"https:\/\/arealorcaradio.es\/#\/schema\/person\/9fae605fc25b0f2c83c1ab207139bd27"},"breadcrumb":{"@id":"https:\/\/arealorcaradio.es\/index.php\/2025\/09\/25\/un-centenar-de-stand-de-toda-espana-y-miles-de-visitantes-convierten-a-lorca-en-capital-de-la-artesania-de-la-mano-de-feramur\/#breadcrumb"},"inLanguage":"es","potentialAction":[{"@type":"ReadAction","target":["https:\/\/arealorcaradio.es\/index.php\/2025\/09\/25\/un-centenar-de-stand-de-toda-espana-y-miles-de-visitantes-convierten-a-lorca-en-capital-de-la-artesania-de-la-mano-de-feramur\/"]}]},{"@type":"ImageObject","inLanguage":"es","@id":"https:\/\/arealorcaradio.es\/index.php\/2025\/09\/25\/un-centenar-de-stand-de-toda-espana-y-miles-de-visitantes-convierten-a-lorca-en-capital-de-la-artesania-de-la-mano-de-feramur\/#primaryimage","url":"https:\/\/arealorcaradio.es\/wp-content\/uploads\/2025\/09\/foto10.jpeg","contentUrl":"https:\/\/arealorcaradio.es\/wp-content\/uploads\/2025\/09\/foto10.jpeg","width":1600,"height":1066},{"@type":"BreadcrumbList","@id":"https:\/\/arealorcaradio.es\/index.php\/2025\/09\/25\/un-centenar-de-stand-de-toda-espana-y-miles-de-visitantes-convierten-a-lorca-en-capital-de-la-artesania-de-la-mano-de-feramur\/#breadcrumb","itemListElement":[{"@type":"ListItem","position":1,"name":"Portada","item":"https:\/\/arealorcaradio.es\/"},{"@type":"ListItem","position":2,"name":"Un centenar de stand de toda Espa\u00f1a y miles de visitantes convierten a Lorca en \u00abcapital de la Artesan\u00eda\u00bb de la mano de FERAMUR"}]},{"@type":"WebSite","@id":"https:\/\/arealorcaradio.es\/#website","url":"https:\/\/arealorcaradio.es\/","name":"AREA LORCA RADIO","description":"Descubre la programaci\u00f3n actual en \u00c1rea Lorca Radio, tu fuente de entrenamiento y noticias locales. Sintoniza ahora y mantente conectado online.","potentialAction":[{"@type":"SearchAction","target":{"@type":"EntryPoint","urlTemplate":"https:\/\/arealorcaradio.es\/?s={search_term_string}"},"query-input":{"@type":"PropertyValueSpecification","valueRequired":true,"valueName":"search_term_string"}}],"inLanguage":"es"},{"@type":"Person","@id":"https:\/\/arealorcaradio.es\/#\/schema\/person\/9fae605fc25b0f2c83c1ab207139bd27","name":"Paco S\u00e1nchez","image":{"@type":"ImageObject","inLanguage":"es","@id":"https:\/\/secure.gravatar.com\/avatar\/d67144e966420fb74aa84c9f2a0103be4724fd14db52b52d3b6bca749f257e79?s=96&d=mm&r=g","url":"https:\/\/secure.gravatar.com\/avatar\/d67144e966420fb74aa84c9f2a0103be4724fd14db52b52d3b6bca749f257e79?s=96&d=mm&r=g","contentUrl":"https:\/\/secure.gravatar.com\/avatar\/d67144e966420fb74aa84c9f2a0103be4724fd14db52b52d3b6bca749f257e79?s=96&d=mm&r=g","caption":"Paco S\u00e1nchez"},"sameAs":["https:\/\/arealorcaradio.es"],"url":"https:\/\/arealorcaradio.es\/index.php\/author\/admin_alorcaradio\/"}]}},"_links":{"self":[{"href":"https:\/\/arealorcaradio.es\/index.php\/wp-json\/wp\/v2\/posts\/7980","targetHints":{"allow":["GET"]}}],"collection":[{"href":"https:\/\/arealorcaradio.es\/index.php\/wp-json\/wp\/v2\/posts"}],"about":[{"href":"https:\/\/arealorcaradio.es\/index.php\/wp-json\/wp\/v2\/types\/post"}],"author":[{"embeddable":true,"href":"https:\/\/arealorcaradio.es\/index.php\/wp-json\/wp\/v2\/users\/1"}],"replies":[{"embeddable":true,"href":"https:\/\/arealorcaradio.es\/index.php\/wp-json\/wp\/v2\/comments?post=7980"}],"version-history":[{"count":2,"href":"https:\/\/arealorcaradio.es\/index.php\/wp-json\/wp\/v2\/posts\/7980\/revisions"}],"predecessor-version":[{"id":7989,"href":"https:\/\/arealorcaradio.es\/index.php\/wp-json\/wp\/v2\/posts\/7980\/revisions\/7989"}],"wp:featuredmedia":[{"embeddable":true,"href":"https:\/\/arealorcaradio.es\/index.php\/wp-json\/wp\/v2\/media\/7982"}],"wp:attachment":[{"href":"https:\/\/arealorcaradio.es\/index.php\/wp-json\/wp\/v2\/media?parent=7980"}],"wp:term":[{"taxonomy":"category","embeddable":true,"href":"https:\/\/arealorcaradio.es\/index.php\/wp-json\/wp\/v2\/categories?post=7980"},{"taxonomy":"post_tag","embeddable":true,"href":"https:\/\/arealorcaradio.es\/index.php\/wp-json\/wp\/v2\/tags?post=7980"}],"curies":[{"name":"wp","href":"https:\/\/api.w.org\/{rel}","templated":true}]}}