{"id":7967,"date":"2025-09-24T17:39:50","date_gmt":"2025-09-24T17:39:50","guid":{"rendered":"https:\/\/arealorcaradio.es\/?p=7967"},"modified":"2025-09-24T17:39:50","modified_gmt":"2025-09-24T17:39:50","slug":"la-escuela-de-futbol-del-lorca-deportiva-arranca-la-temporada-con-nuevos-objetivos","status":"publish","type":"post","link":"https:\/\/arealorcaradio.es\/index.php\/2025\/09\/24\/la-escuela-de-futbol-del-lorca-deportiva-arranca-la-temporada-con-nuevos-objetivos\/","title":{"rendered":"La Escuela de F\u00fatbol del Lorca Deportiva arranca la temporada con nuevos objetivos"},"content":{"rendered":"<p><strong>\u00c1REA LORCA RADIO. Deportes.<\/strong><\/p>\n<p>Escucha aqu\u00ed la intervenci\u00f3n en el programa deportivo de \u00c1rea Lorca Radio, de los representantes del Lorca Deportiva. Juanjo Carrillo, coordinador de la Escuela de F\u00fatbol Base del club, qui\u00e9n a su vez es entrenador del equipo Alev\u00edn de Primera y Gin\u00e9s Carlos Segura, entrenador y responsable del equipo inclusivo \u00abGol de Coraz\u00f3n Infinito\u00bb han contado a Paco S\u00e1nchez como son los proyectos cara a esta temporada 2024-2026.<\/p>\n<audio class=\"wp-audio-shortcode\" id=\"audio-7967-1\" preload=\"none\" style=\"width: 100%;\" controls=\"controls\"><source type=\"audio\/mpeg\" src=\"https:\/\/arealorcaradio.es\/wp-content\/uploads\/2025\/09\/240925-LORCA-DEPORTIVA-BASES-E-INCLUSIVO.mp3?_=1\" \/><a href=\"https:\/\/arealorcaradio.es\/wp-content\/uploads\/2025\/09\/240925-LORCA-DEPORTIVA-BASES-E-INCLUSIVO.mp3\">https:\/\/arealorcaradio.es\/wp-content\/uploads\/2025\/09\/240925-LORCA-DEPORTIVA-BASES-E-INCLUSIVO.mp3<\/a><\/audio>\n<p><img loading=\"lazy\" decoding=\"async\" class=\"alignnone size-medium wp-image-7970\" src=\"https:\/\/arealorcaradio.es\/wp-content\/uploads\/2025\/09\/20250924_164310-300x225.jpg\" alt=\"\" width=\"300\" height=\"225\" srcset=\"https:\/\/arealorcaradio.es\/wp-content\/uploads\/2025\/09\/20250924_164310-300x225.jpg 300w, https:\/\/arealorcaradio.es\/wp-content\/uploads\/2025\/09\/20250924_164310-1024x768.jpg 1024w, https:\/\/arealorcaradio.es\/wp-content\/uploads\/2025\/09\/20250924_164310-768x576.jpg 768w, https:\/\/arealorcaradio.es\/wp-content\/uploads\/2025\/09\/20250924_164310-1536x1152.jpg 1536w, https:\/\/arealorcaradio.es\/wp-content\/uploads\/2025\/09\/20250924_164310-2048x1536.jpg 2048w, https:\/\/arealorcaradio.es\/wp-content\/uploads\/2025\/09\/20250924_164310-86x64.jpg 86w\" sizes=\"auto, (max-width: 300px) 100vw, 300px\" \/><\/p>\n","protected":false},"excerpt":{"rendered":"<p>\u00c1REA LORCA RADIO. Deportes. Escucha aqu\u00ed la intervenci\u00f3n en el programa deportivo de \u00c1rea Lorca Radio, de los representantes del Lorca Deportiva. Juanjo Carrillo, coordinador de la Escuela de F\u00fatbol Base del club, qui\u00e9n a su vez es entrenador del equipo Alev\u00edn de Primera y Gin\u00e9s Carlos Segura, entrenador y responsable del equipo inclusivo \u00abGol [&hellip;]<\/p>\n","protected":false},"author":1,"featured_media":7969,"comment_status":"open","ping_status":"open","sticky":false,"template":"","format":"standard","meta":{"iawp_total_views":321,"footnotes":""},"categories":[4,7],"tags":[],"class_list":["post-7967","post","type-post","status-publish","format-standard","has-post-thumbnail","hentry","category-deportes","category-lorca"],"yoast_head":"<!-- This site is optimized with the Yoast SEO plugin v27.5 - https:\/\/yoast.com\/product\/yoast-seo-wordpress\/ -->\n<title>La Escuela de F\u00fatbol del Lorca Deportiva arranca la temporada con nuevos objetivos - AREA LORCA RADIO<\/title>\n<meta name=\"robots\" content=\"index, follow, max-snippet:-1, max-image-preview:large, max-video-preview:-1\" \/>\n<link rel=\"canonical\" href=\"https:\/\/arealorcaradio.es\/index.php\/2025\/09\/24\/la-escuela-de-futbol-del-lorca-deportiva-arranca-la-temporada-con-nuevos-objetivos\/\" \/>\n<meta property=\"og:locale\" content=\"es_ES\" \/>\n<meta property=\"og:type\" content=\"article\" \/>\n<meta property=\"og:title\" content=\"La Escuela de F\u00fatbol del Lorca Deportiva arranca la temporada con nuevos objetivos - AREA LORCA RADIO\" \/>\n<meta property=\"og:description\" content=\"\u00c1REA LORCA RADIO. Deportes. Escucha aqu\u00ed la intervenci\u00f3n en el programa deportivo de \u00c1rea Lorca Radio, de los representantes del Lorca Deportiva. Juanjo Carrillo, coordinador de la Escuela de F\u00fatbol Base del club, qui\u00e9n a su vez es entrenador del equipo Alev\u00edn de Primera y Gin\u00e9s Carlos Segura, entrenador y responsable del equipo inclusivo \u00abGol [&hellip;]\" \/>\n<meta property=\"og:url\" content=\"https:\/\/arealorcaradio.es\/index.php\/2025\/09\/24\/la-escuela-de-futbol-del-lorca-deportiva-arranca-la-temporada-con-nuevos-objetivos\/\" \/>\n<meta property=\"og:site_name\" content=\"AREA LORCA RADIO\" \/>\n<meta property=\"article:published_time\" content=\"2025-09-24T17:39:50+00:00\" \/>\n<meta property=\"og:image\" content=\"https:\/\/arealorcaradio.es\/wp-content\/uploads\/2025\/09\/20250924_164501-scaled.jpg\" \/>\n\t<meta property=\"og:image:width\" content=\"2560\" \/>\n\t<meta property=\"og:image:height\" content=\"1920\" \/>\n\t<meta property=\"og:image:type\" content=\"image\/jpeg\" \/>\n<meta name=\"author\" content=\"Paco S\u00e1nchez\" \/>\n<meta name=\"twitter:card\" content=\"summary_large_image\" \/>\n<meta name=\"twitter:label1\" content=\"Escrito por\" \/>\n\t<meta name=\"twitter:data1\" content=\"Paco S\u00e1nchez\" \/>\n\t<meta name=\"twitter:label2\" content=\"Tiempo de lectura\" \/>\n\t<meta name=\"twitter:data2\" content=\"1 minuto\" \/>\n<script type=\"application\/ld+json\" class=\"yoast-schema-graph\">{\"@context\":\"https:\\\/\\\/schema.org\",\"@graph\":[{\"@type\":\"Article\",\"@id\":\"https:\\\/\\\/arealorcaradio.es\\\/index.php\\\/2025\\\/09\\\/24\\\/la-escuela-de-futbol-del-lorca-deportiva-arranca-la-temporada-con-nuevos-objetivos\\\/#article\",\"isPartOf\":{\"@id\":\"https:\\\/\\\/arealorcaradio.es\\\/index.php\\\/2025\\\/09\\\/24\\\/la-escuela-de-futbol-del-lorca-deportiva-arranca-la-temporada-con-nuevos-objetivos\\\/\"},\"author\":{\"name\":\"Paco S\u00e1nchez\",\"@id\":\"https:\\\/\\\/arealorcaradio.es\\\/#\\\/schema\\\/person\\\/9fae605fc25b0f2c83c1ab207139bd27\"},\"headline\":\"La Escuela de F\u00fatbol del Lorca Deportiva arranca la temporada con nuevos objetivos\",\"datePublished\":\"2025-09-24T17:39:50+00:00\",\"mainEntityOfPage\":{\"@id\":\"https:\\\/\\\/arealorcaradio.es\\\/index.php\\\/2025\\\/09\\\/24\\\/la-escuela-de-futbol-del-lorca-deportiva-arranca-la-temporada-con-nuevos-objetivos\\\/\"},\"wordCount\":103,\"commentCount\":0,\"image\":{\"@id\":\"https:\\\/\\\/arealorcaradio.es\\\/index.php\\\/2025\\\/09\\\/24\\\/la-escuela-de-futbol-del-lorca-deportiva-arranca-la-temporada-con-nuevos-objetivos\\\/#primaryimage\"},\"thumbnailUrl\":\"https:\\\/\\\/arealorcaradio.es\\\/wp-content\\\/uploads\\\/2025\\\/09\\\/20250924_164501-scaled.jpg\",\"articleSection\":[\"DEPORTES\",\"LORCA\"],\"inLanguage\":\"es\",\"potentialAction\":[{\"@type\":\"CommentAction\",\"name\":\"Comment\",\"target\":[\"https:\\\/\\\/arealorcaradio.es\\\/index.php\\\/2025\\\/09\\\/24\\\/la-escuela-de-futbol-del-lorca-deportiva-arranca-la-temporada-con-nuevos-objetivos\\\/#respond\"]}]},{\"@type\":\"WebPage\",\"@id\":\"https:\\\/\\\/arealorcaradio.es\\\/index.php\\\/2025\\\/09\\\/24\\\/la-escuela-de-futbol-del-lorca-deportiva-arranca-la-temporada-con-nuevos-objetivos\\\/\",\"url\":\"https:\\\/\\\/arealorcaradio.es\\\/index.php\\\/2025\\\/09\\\/24\\\/la-escuela-de-futbol-del-lorca-deportiva-arranca-la-temporada-con-nuevos-objetivos\\\/\",\"name\":\"La Escuela de F\u00fatbol del Lorca Deportiva arranca la temporada con nuevos objetivos - AREA LORCA RADIO\",\"isPartOf\":{\"@id\":\"https:\\\/\\\/arealorcaradio.es\\\/#website\"},\"primaryImageOfPage\":{\"@id\":\"https:\\\/\\\/arealorcaradio.es\\\/index.php\\\/2025\\\/09\\\/24\\\/la-escuela-de-futbol-del-lorca-deportiva-arranca-la-temporada-con-nuevos-objetivos\\\/#primaryimage\"},\"image\":{\"@id\":\"https:\\\/\\\/arealorcaradio.es\\\/index.php\\\/2025\\\/09\\\/24\\\/la-escuela-de-futbol-del-lorca-deportiva-arranca-la-temporada-con-nuevos-objetivos\\\/#primaryimage\"},\"thumbnailUrl\":\"https:\\\/\\\/arealorcaradio.es\\\/wp-content\\\/uploads\\\/2025\\\/09\\\/20250924_164501-scaled.jpg\",\"datePublished\":\"2025-09-24T17:39:50+00:00\",\"author\":{\"@id\":\"https:\\\/\\\/arealorcaradio.es\\\/#\\\/schema\\\/person\\\/9fae605fc25b0f2c83c1ab207139bd27\"},\"breadcrumb\":{\"@id\":\"https:\\\/\\\/arealorcaradio.es\\\/index.php\\\/2025\\\/09\\\/24\\\/la-escuela-de-futbol-del-lorca-deportiva-arranca-la-temporada-con-nuevos-objetivos\\\/#breadcrumb\"},\"inLanguage\":\"es\",\"potentialAction\":[{\"@type\":\"ReadAction\",\"target\":[\"https:\\\/\\\/arealorcaradio.es\\\/index.php\\\/2025\\\/09\\\/24\\\/la-escuela-de-futbol-del-lorca-deportiva-arranca-la-temporada-con-nuevos-objetivos\\\/\"]}]},{\"@type\":\"ImageObject\",\"inLanguage\":\"es\",\"@id\":\"https:\\\/\\\/arealorcaradio.es\\\/index.php\\\/2025\\\/09\\\/24\\\/la-escuela-de-futbol-del-lorca-deportiva-arranca-la-temporada-con-nuevos-objetivos\\\/#primaryimage\",\"url\":\"https:\\\/\\\/arealorcaradio.es\\\/wp-content\\\/uploads\\\/2025\\\/09\\\/20250924_164501-scaled.jpg\",\"contentUrl\":\"https:\\\/\\\/arealorcaradio.es\\\/wp-content\\\/uploads\\\/2025\\\/09\\\/20250924_164501-scaled.jpg\",\"width\":2560,\"height\":1920},{\"@type\":\"BreadcrumbList\",\"@id\":\"https:\\\/\\\/arealorcaradio.es\\\/index.php\\\/2025\\\/09\\\/24\\\/la-escuela-de-futbol-del-lorca-deportiva-arranca-la-temporada-con-nuevos-objetivos\\\/#breadcrumb\",\"itemListElement\":[{\"@type\":\"ListItem\",\"position\":1,\"name\":\"Portada\",\"item\":\"https:\\\/\\\/arealorcaradio.es\\\/\"},{\"@type\":\"ListItem\",\"position\":2,\"name\":\"La Escuela de F\u00fatbol del Lorca Deportiva arranca la temporada con nuevos objetivos\"}]},{\"@type\":\"WebSite\",\"@id\":\"https:\\\/\\\/arealorcaradio.es\\\/#website\",\"url\":\"https:\\\/\\\/arealorcaradio.es\\\/\",\"name\":\"AREA LORCA RADIO\",\"description\":\"Descubre la programaci\u00f3n actual en \u00c1rea Lorca Radio, tu fuente de entrenamiento y noticias locales. Sintoniza ahora y mantente conectado online.\",\"potentialAction\":[{\"@type\":\"SearchAction\",\"target\":{\"@type\":\"EntryPoint\",\"urlTemplate\":\"https:\\\/\\\/arealorcaradio.es\\\/?s={search_term_string}\"},\"query-input\":{\"@type\":\"PropertyValueSpecification\",\"valueRequired\":true,\"valueName\":\"search_term_string\"}}],\"inLanguage\":\"es\"},{\"@type\":\"Person\",\"@id\":\"https:\\\/\\\/arealorcaradio.es\\\/#\\\/schema\\\/person\\\/9fae605fc25b0f2c83c1ab207139bd27\",\"name\":\"Paco S\u00e1nchez\",\"image\":{\"@type\":\"ImageObject\",\"inLanguage\":\"es\",\"@id\":\"https:\\\/\\\/secure.gravatar.com\\\/avatar\\\/d67144e966420fb74aa84c9f2a0103be4724fd14db52b52d3b6bca749f257e79?s=96&d=mm&r=g\",\"url\":\"https:\\\/\\\/secure.gravatar.com\\\/avatar\\\/d67144e966420fb74aa84c9f2a0103be4724fd14db52b52d3b6bca749f257e79?s=96&d=mm&r=g\",\"contentUrl\":\"https:\\\/\\\/secure.gravatar.com\\\/avatar\\\/d67144e966420fb74aa84c9f2a0103be4724fd14db52b52d3b6bca749f257e79?s=96&d=mm&r=g\",\"caption\":\"Paco S\u00e1nchez\"},\"sameAs\":[\"https:\\\/\\\/arealorcaradio.es\"],\"url\":\"https:\\\/\\\/arealorcaradio.es\\\/index.php\\\/author\\\/admin_alorcaradio\\\/\"}]}<\/script>\n<!-- \/ Yoast SEO plugin. -->","yoast_head_json":{"title":"La Escuela de F\u00fatbol del Lorca Deportiva arranca la temporada con nuevos objetivos - AREA LORCA RADIO","robots":{"index":"index","follow":"follow","max-snippet":"max-snippet:-1","max-image-preview":"max-image-preview:large","max-video-preview":"max-video-preview:-1"},"canonical":"https:\/\/arealorcaradio.es\/index.php\/2025\/09\/24\/la-escuela-de-futbol-del-lorca-deportiva-arranca-la-temporada-con-nuevos-objetivos\/","og_locale":"es_ES","og_type":"article","og_title":"La Escuela de F\u00fatbol del Lorca Deportiva arranca la temporada con nuevos objetivos - AREA LORCA RADIO","og_description":"\u00c1REA LORCA RADIO. Deportes. Escucha aqu\u00ed la intervenci\u00f3n en el programa deportivo de \u00c1rea Lorca Radio, de los representantes del Lorca Deportiva. Juanjo Carrillo, coordinador de la Escuela de F\u00fatbol Base del club, qui\u00e9n a su vez es entrenador del equipo Alev\u00edn de Primera y Gin\u00e9s Carlos Segura, entrenador y responsable del equipo inclusivo \u00abGol [&hellip;]","og_url":"https:\/\/arealorcaradio.es\/index.php\/2025\/09\/24\/la-escuela-de-futbol-del-lorca-deportiva-arranca-la-temporada-con-nuevos-objetivos\/","og_site_name":"AREA LORCA RADIO","article_published_time":"2025-09-24T17:39:50+00:00","og_image":[{"width":2560,"height":1920,"url":"https:\/\/arealorcaradio.es\/wp-content\/uploads\/2025\/09\/20250924_164501-scaled.jpg","type":"image\/jpeg"}],"author":"Paco S\u00e1nchez","twitter_card":"summary_large_image","twitter_misc":{"Escrito por":"Paco S\u00e1nchez","Tiempo de lectura":"1 minuto"},"schema":{"@context":"https:\/\/schema.org","@graph":[{"@type":"Article","@id":"https:\/\/arealorcaradio.es\/index.php\/2025\/09\/24\/la-escuela-de-futbol-del-lorca-deportiva-arranca-la-temporada-con-nuevos-objetivos\/#article","isPartOf":{"@id":"https:\/\/arealorcaradio.es\/index.php\/2025\/09\/24\/la-escuela-de-futbol-del-lorca-deportiva-arranca-la-temporada-con-nuevos-objetivos\/"},"author":{"name":"Paco S\u00e1nchez","@id":"https:\/\/arealorcaradio.es\/#\/schema\/person\/9fae605fc25b0f2c83c1ab207139bd27"},"headline":"La Escuela de F\u00fatbol del Lorca Deportiva arranca la temporada con nuevos objetivos","datePublished":"2025-09-24T17:39:50+00:00","mainEntityOfPage":{"@id":"https:\/\/arealorcaradio.es\/index.php\/2025\/09\/24\/la-escuela-de-futbol-del-lorca-deportiva-arranca-la-temporada-con-nuevos-objetivos\/"},"wordCount":103,"commentCount":0,"image":{"@id":"https:\/\/arealorcaradio.es\/index.php\/2025\/09\/24\/la-escuela-de-futbol-del-lorca-deportiva-arranca-la-temporada-con-nuevos-objetivos\/#primaryimage"},"thumbnailUrl":"https:\/\/arealorcaradio.es\/wp-content\/uploads\/2025\/09\/20250924_164501-scaled.jpg","articleSection":["DEPORTES","LORCA"],"inLanguage":"es","potentialAction":[{"@type":"CommentAction","name":"Comment","target":["https:\/\/arealorcaradio.es\/index.php\/2025\/09\/24\/la-escuela-de-futbol-del-lorca-deportiva-arranca-la-temporada-con-nuevos-objetivos\/#respond"]}]},{"@type":"WebPage","@id":"https:\/\/arealorcaradio.es\/index.php\/2025\/09\/24\/la-escuela-de-futbol-del-lorca-deportiva-arranca-la-temporada-con-nuevos-objetivos\/","url":"https:\/\/arealorcaradio.es\/index.php\/2025\/09\/24\/la-escuela-de-futbol-del-lorca-deportiva-arranca-la-temporada-con-nuevos-objetivos\/","name":"La Escuela de F\u00fatbol del Lorca Deportiva arranca la temporada con nuevos objetivos - AREA LORCA RADIO","isPartOf":{"@id":"https:\/\/arealorcaradio.es\/#website"},"primaryImageOfPage":{"@id":"https:\/\/arealorcaradio.es\/index.php\/2025\/09\/24\/la-escuela-de-futbol-del-lorca-deportiva-arranca-la-temporada-con-nuevos-objetivos\/#primaryimage"},"image":{"@id":"https:\/\/arealorcaradio.es\/index.php\/2025\/09\/24\/la-escuela-de-futbol-del-lorca-deportiva-arranca-la-temporada-con-nuevos-objetivos\/#primaryimage"},"thumbnailUrl":"https:\/\/arealorcaradio.es\/wp-content\/uploads\/2025\/09\/20250924_164501-scaled.jpg","datePublished":"2025-09-24T17:39:50+00:00","author":{"@id":"https:\/\/arealorcaradio.es\/#\/schema\/person\/9fae605fc25b0f2c83c1ab207139bd27"},"breadcrumb":{"@id":"https:\/\/arealorcaradio.es\/index.php\/2025\/09\/24\/la-escuela-de-futbol-del-lorca-deportiva-arranca-la-temporada-con-nuevos-objetivos\/#breadcrumb"},"inLanguage":"es","potentialAction":[{"@type":"ReadAction","target":["https:\/\/arealorcaradio.es\/index.php\/2025\/09\/24\/la-escuela-de-futbol-del-lorca-deportiva-arranca-la-temporada-con-nuevos-objetivos\/"]}]},{"@type":"ImageObject","inLanguage":"es","@id":"https:\/\/arealorcaradio.es\/index.php\/2025\/09\/24\/la-escuela-de-futbol-del-lorca-deportiva-arranca-la-temporada-con-nuevos-objetivos\/#primaryimage","url":"https:\/\/arealorcaradio.es\/wp-content\/uploads\/2025\/09\/20250924_164501-scaled.jpg","contentUrl":"https:\/\/arealorcaradio.es\/wp-content\/uploads\/2025\/09\/20250924_164501-scaled.jpg","width":2560,"height":1920},{"@type":"BreadcrumbList","@id":"https:\/\/arealorcaradio.es\/index.php\/2025\/09\/24\/la-escuela-de-futbol-del-lorca-deportiva-arranca-la-temporada-con-nuevos-objetivos\/#breadcrumb","itemListElement":[{"@type":"ListItem","position":1,"name":"Portada","item":"https:\/\/arealorcaradio.es\/"},{"@type":"ListItem","position":2,"name":"La Escuela de F\u00fatbol del Lorca Deportiva arranca la temporada con nuevos objetivos"}]},{"@type":"WebSite","@id":"https:\/\/arealorcaradio.es\/#website","url":"https:\/\/arealorcaradio.es\/","name":"AREA LORCA RADIO","description":"Descubre la programaci\u00f3n actual en \u00c1rea Lorca Radio, tu fuente de entrenamiento y noticias locales. Sintoniza ahora y mantente conectado online.","potentialAction":[{"@type":"SearchAction","target":{"@type":"EntryPoint","urlTemplate":"https:\/\/arealorcaradio.es\/?s={search_term_string}"},"query-input":{"@type":"PropertyValueSpecification","valueRequired":true,"valueName":"search_term_string"}}],"inLanguage":"es"},{"@type":"Person","@id":"https:\/\/arealorcaradio.es\/#\/schema\/person\/9fae605fc25b0f2c83c1ab207139bd27","name":"Paco S\u00e1nchez","image":{"@type":"ImageObject","inLanguage":"es","@id":"https:\/\/secure.gravatar.com\/avatar\/d67144e966420fb74aa84c9f2a0103be4724fd14db52b52d3b6bca749f257e79?s=96&d=mm&r=g","url":"https:\/\/secure.gravatar.com\/avatar\/d67144e966420fb74aa84c9f2a0103be4724fd14db52b52d3b6bca749f257e79?s=96&d=mm&r=g","contentUrl":"https:\/\/secure.gravatar.com\/avatar\/d67144e966420fb74aa84c9f2a0103be4724fd14db52b52d3b6bca749f257e79?s=96&d=mm&r=g","caption":"Paco S\u00e1nchez"},"sameAs":["https:\/\/arealorcaradio.es"],"url":"https:\/\/arealorcaradio.es\/index.php\/author\/admin_alorcaradio\/"}]}},"_links":{"self":[{"href":"https:\/\/arealorcaradio.es\/index.php\/wp-json\/wp\/v2\/posts\/7967","targetHints":{"allow":["GET"]}}],"collection":[{"href":"https:\/\/arealorcaradio.es\/index.php\/wp-json\/wp\/v2\/posts"}],"about":[{"href":"https:\/\/arealorcaradio.es\/index.php\/wp-json\/wp\/v2\/types\/post"}],"author":[{"embeddable":true,"href":"https:\/\/arealorcaradio.es\/index.php\/wp-json\/wp\/v2\/users\/1"}],"replies":[{"embeddable":true,"href":"https:\/\/arealorcaradio.es\/index.php\/wp-json\/wp\/v2\/comments?post=7967"}],"version-history":[{"count":2,"href":"https:\/\/arealorcaradio.es\/index.php\/wp-json\/wp\/v2\/posts\/7967\/revisions"}],"predecessor-version":[{"id":7972,"href":"https:\/\/arealorcaradio.es\/index.php\/wp-json\/wp\/v2\/posts\/7967\/revisions\/7972"}],"wp:featuredmedia":[{"embeddable":true,"href":"https:\/\/arealorcaradio.es\/index.php\/wp-json\/wp\/v2\/media\/7969"}],"wp:attachment":[{"href":"https:\/\/arealorcaradio.es\/index.php\/wp-json\/wp\/v2\/media?parent=7967"}],"wp:term":[{"taxonomy":"category","embeddable":true,"href":"https:\/\/arealorcaradio.es\/index.php\/wp-json\/wp\/v2\/categories?post=7967"},{"taxonomy":"post_tag","embeddable":true,"href":"https:\/\/arealorcaradio.es\/index.php\/wp-json\/wp\/v2\/tags?post=7967"}],"curies":[{"name":"wp","href":"https:\/\/api.w.org\/{rel}","templated":true}]}}