{"id":7954,"date":"2025-09-24T17:35:07","date_gmt":"2025-09-24T17:35:07","guid":{"rendered":"https:\/\/arealorcaradio.es\/?p=7954"},"modified":"2025-09-24T20:10:20","modified_gmt":"2025-09-24T20:10:20","slug":"los-oyentes-de-area-lorca-radio-continuan-valorando-con-sus-votos-el-trabajo-de-los-jugadores-del-lorca-deportiva","status":"publish","type":"post","link":"https:\/\/arealorcaradio.es\/index.php\/2025\/09\/24\/los-oyentes-de-area-lorca-radio-continuan-valorando-con-sus-votos-el-trabajo-de-los-jugadores-del-lorca-deportiva\/","title":{"rendered":"Los oyentes de \u00c1rea Lorca Radio contin\u00faan valorando con sus votos el trabajo de los jugadores del Lorca Deportiva"},"content":{"rendered":"<p><strong>\u00c1REA LORCA RADIO. Deportes.\u00a0<\/strong><\/p>\n<p>Escucha aqu\u00ed el repaso de los ganadores de los diferentes trofeos de \u00c1rea Lorca Radio que valoran el trabajo desarrollado por los blanquiazules en la tercera jornada, partido que enfrent\u00f3 al Lorca Deportiva y La Uni\u00f3n Atl\u00e9tico (CD Uni\u00f3n Malacitano).<\/p>\n<audio class=\"wp-audio-shortcode\" id=\"audio-7954-1\" preload=\"none\" style=\"width: 100%;\" controls=\"controls\"><source type=\"audio\/mpeg\" src=\"https:\/\/arealorcaradio.es\/wp-content\/uploads\/2025\/09\/240925-TROFEOS-EL-MEJOR.-JORNADA-3.mp3?_=1\" \/><a href=\"https:\/\/arealorcaradio.es\/wp-content\/uploads\/2025\/09\/240925-TROFEOS-EL-MEJOR.-JORNADA-3.mp3\">https:\/\/arealorcaradio.es\/wp-content\/uploads\/2025\/09\/240925-TROFEOS-EL-MEJOR.-JORNADA-3.mp3<\/a><\/audio>\n<p>&nbsp;<\/p>\n","protected":false},"excerpt":{"rendered":"<p>\u00c1REA LORCA RADIO. Deportes.\u00a0 Escucha aqu\u00ed el repaso de los ganadores de los diferentes trofeos de \u00c1rea Lorca Radio que valoran el trabajo desarrollado por los blanquiazules en la tercera jornada, partido que enfrent\u00f3 al Lorca Deportiva y La Uni\u00f3n Atl\u00e9tico (CD Uni\u00f3n Malacitano). &nbsp;<\/p>\n","protected":false},"author":1,"featured_media":7979,"comment_status":"open","ping_status":"open","sticky":false,"template":"","format":"standard","meta":{"iawp_total_views":29,"footnotes":""},"categories":[4,7],"tags":[],"class_list":["post-7954","post","type-post","status-publish","format-standard","has-post-thumbnail","hentry","category-deportes","category-lorca"],"yoast_head":"<!-- This site is optimized with the Yoast SEO plugin v27.5 - https:\/\/yoast.com\/product\/yoast-seo-wordpress\/ -->\n<title>Los oyentes de \u00c1rea Lorca Radio contin\u00faan valorando con sus votos el trabajo de los jugadores del Lorca Deportiva - AREA LORCA RADIO<\/title>\n<meta name=\"robots\" content=\"index, follow, max-snippet:-1, max-image-preview:large, max-video-preview:-1\" \/>\n<link rel=\"canonical\" href=\"https:\/\/arealorcaradio.es\/index.php\/2025\/09\/24\/los-oyentes-de-area-lorca-radio-continuan-valorando-con-sus-votos-el-trabajo-de-los-jugadores-del-lorca-deportiva\/\" \/>\n<meta property=\"og:locale\" content=\"es_ES\" \/>\n<meta property=\"og:type\" content=\"article\" \/>\n<meta property=\"og:title\" content=\"Los oyentes de \u00c1rea Lorca Radio contin\u00faan valorando con sus votos el trabajo de los jugadores del Lorca Deportiva - AREA LORCA RADIO\" \/>\n<meta property=\"og:description\" content=\"\u00c1REA LORCA RADIO. Deportes.\u00a0 Escucha aqu\u00ed el repaso de los ganadores de los diferentes trofeos de \u00c1rea Lorca Radio que valoran el trabajo desarrollado por los blanquiazules en la tercera jornada, partido que enfrent\u00f3 al Lorca Deportiva y La Uni\u00f3n Atl\u00e9tico (CD Uni\u00f3n Malacitano). &nbsp;\" \/>\n<meta property=\"og:url\" content=\"https:\/\/arealorcaradio.es\/index.php\/2025\/09\/24\/los-oyentes-de-area-lorca-radio-continuan-valorando-con-sus-votos-el-trabajo-de-los-jugadores-del-lorca-deportiva\/\" \/>\n<meta property=\"og:site_name\" content=\"AREA LORCA RADIO\" \/>\n<meta property=\"article:published_time\" content=\"2025-09-24T17:35:07+00:00\" \/>\n<meta property=\"article:modified_time\" content=\"2025-09-24T20:10:20+00:00\" \/>\n<meta property=\"og:image\" content=\"https:\/\/arealorcaradio.es\/wp-content\/uploads\/2025\/09\/Diseno-Trofeos-Bueno-1024x480.png\" \/>\n\t<meta property=\"og:image:width\" content=\"1024\" \/>\n\t<meta property=\"og:image:height\" content=\"480\" \/>\n\t<meta property=\"og:image:type\" content=\"image\/png\" \/>\n<meta name=\"author\" content=\"Paco S\u00e1nchez\" \/>\n<meta name=\"twitter:card\" content=\"summary_large_image\" \/>\n<meta name=\"twitter:label1\" content=\"Escrito por\" \/>\n\t<meta name=\"twitter:data1\" content=\"Paco S\u00e1nchez\" \/>\n\t<meta name=\"twitter:label2\" content=\"Tiempo de lectura\" \/>\n\t<meta name=\"twitter:data2\" content=\"1 minuto\" \/>\n<script type=\"application\/ld+json\" class=\"yoast-schema-graph\">{\"@context\":\"https:\\\/\\\/schema.org\",\"@graph\":[{\"@type\":\"Article\",\"@id\":\"https:\\\/\\\/arealorcaradio.es\\\/index.php\\\/2025\\\/09\\\/24\\\/los-oyentes-de-area-lorca-radio-continuan-valorando-con-sus-votos-el-trabajo-de-los-jugadores-del-lorca-deportiva\\\/#article\",\"isPartOf\":{\"@id\":\"https:\\\/\\\/arealorcaradio.es\\\/index.php\\\/2025\\\/09\\\/24\\\/los-oyentes-de-area-lorca-radio-continuan-valorando-con-sus-votos-el-trabajo-de-los-jugadores-del-lorca-deportiva\\\/\"},\"author\":{\"name\":\"Paco S\u00e1nchez\",\"@id\":\"https:\\\/\\\/arealorcaradio.es\\\/#\\\/schema\\\/person\\\/9fae605fc25b0f2c83c1ab207139bd27\"},\"headline\":\"Los oyentes de \u00c1rea Lorca Radio contin\u00faan valorando con sus votos el trabajo de los jugadores del Lorca Deportiva\",\"datePublished\":\"2025-09-24T17:35:07+00:00\",\"dateModified\":\"2025-09-24T20:10:20+00:00\",\"mainEntityOfPage\":{\"@id\":\"https:\\\/\\\/arealorcaradio.es\\\/index.php\\\/2025\\\/09\\\/24\\\/los-oyentes-de-area-lorca-radio-continuan-valorando-con-sus-votos-el-trabajo-de-los-jugadores-del-lorca-deportiva\\\/\"},\"wordCount\":79,\"commentCount\":0,\"image\":{\"@id\":\"https:\\\/\\\/arealorcaradio.es\\\/index.php\\\/2025\\\/09\\\/24\\\/los-oyentes-de-area-lorca-radio-continuan-valorando-con-sus-votos-el-trabajo-de-los-jugadores-del-lorca-deportiva\\\/#primaryimage\"},\"thumbnailUrl\":\"https:\\\/\\\/arealorcaradio.es\\\/wp-content\\\/uploads\\\/2025\\\/09\\\/Diseno-Trofeos-Bueno.png\",\"articleSection\":[\"DEPORTES\",\"LORCA\"],\"inLanguage\":\"es\",\"potentialAction\":[{\"@type\":\"CommentAction\",\"name\":\"Comment\",\"target\":[\"https:\\\/\\\/arealorcaradio.es\\\/index.php\\\/2025\\\/09\\\/24\\\/los-oyentes-de-area-lorca-radio-continuan-valorando-con-sus-votos-el-trabajo-de-los-jugadores-del-lorca-deportiva\\\/#respond\"]}]},{\"@type\":\"WebPage\",\"@id\":\"https:\\\/\\\/arealorcaradio.es\\\/index.php\\\/2025\\\/09\\\/24\\\/los-oyentes-de-area-lorca-radio-continuan-valorando-con-sus-votos-el-trabajo-de-los-jugadores-del-lorca-deportiva\\\/\",\"url\":\"https:\\\/\\\/arealorcaradio.es\\\/index.php\\\/2025\\\/09\\\/24\\\/los-oyentes-de-area-lorca-radio-continuan-valorando-con-sus-votos-el-trabajo-de-los-jugadores-del-lorca-deportiva\\\/\",\"name\":\"Los oyentes de \u00c1rea Lorca Radio contin\u00faan valorando con sus votos el trabajo de los jugadores del Lorca Deportiva - AREA LORCA RADIO\",\"isPartOf\":{\"@id\":\"https:\\\/\\\/arealorcaradio.es\\\/#website\"},\"primaryImageOfPage\":{\"@id\":\"https:\\\/\\\/arealorcaradio.es\\\/index.php\\\/2025\\\/09\\\/24\\\/los-oyentes-de-area-lorca-radio-continuan-valorando-con-sus-votos-el-trabajo-de-los-jugadores-del-lorca-deportiva\\\/#primaryimage\"},\"image\":{\"@id\":\"https:\\\/\\\/arealorcaradio.es\\\/index.php\\\/2025\\\/09\\\/24\\\/los-oyentes-de-area-lorca-radio-continuan-valorando-con-sus-votos-el-trabajo-de-los-jugadores-del-lorca-deportiva\\\/#primaryimage\"},\"thumbnailUrl\":\"https:\\\/\\\/arealorcaradio.es\\\/wp-content\\\/uploads\\\/2025\\\/09\\\/Diseno-Trofeos-Bueno.png\",\"datePublished\":\"2025-09-24T17:35:07+00:00\",\"dateModified\":\"2025-09-24T20:10:20+00:00\",\"author\":{\"@id\":\"https:\\\/\\\/arealorcaradio.es\\\/#\\\/schema\\\/person\\\/9fae605fc25b0f2c83c1ab207139bd27\"},\"breadcrumb\":{\"@id\":\"https:\\\/\\\/arealorcaradio.es\\\/index.php\\\/2025\\\/09\\\/24\\\/los-oyentes-de-area-lorca-radio-continuan-valorando-con-sus-votos-el-trabajo-de-los-jugadores-del-lorca-deportiva\\\/#breadcrumb\"},\"inLanguage\":\"es\",\"potentialAction\":[{\"@type\":\"ReadAction\",\"target\":[\"https:\\\/\\\/arealorcaradio.es\\\/index.php\\\/2025\\\/09\\\/24\\\/los-oyentes-de-area-lorca-radio-continuan-valorando-con-sus-votos-el-trabajo-de-los-jugadores-del-lorca-deportiva\\\/\"]}]},{\"@type\":\"ImageObject\",\"inLanguage\":\"es\",\"@id\":\"https:\\\/\\\/arealorcaradio.es\\\/index.php\\\/2025\\\/09\\\/24\\\/los-oyentes-de-area-lorca-radio-continuan-valorando-con-sus-votos-el-trabajo-de-los-jugadores-del-lorca-deportiva\\\/#primaryimage\",\"url\":\"https:\\\/\\\/arealorcaradio.es\\\/wp-content\\\/uploads\\\/2025\\\/09\\\/Diseno-Trofeos-Bueno.png\",\"contentUrl\":\"https:\\\/\\\/arealorcaradio.es\\\/wp-content\\\/uploads\\\/2025\\\/09\\\/Diseno-Trofeos-Bueno.png\",\"width\":2560,\"height\":1200},{\"@type\":\"BreadcrumbList\",\"@id\":\"https:\\\/\\\/arealorcaradio.es\\\/index.php\\\/2025\\\/09\\\/24\\\/los-oyentes-de-area-lorca-radio-continuan-valorando-con-sus-votos-el-trabajo-de-los-jugadores-del-lorca-deportiva\\\/#breadcrumb\",\"itemListElement\":[{\"@type\":\"ListItem\",\"position\":1,\"name\":\"Portada\",\"item\":\"https:\\\/\\\/arealorcaradio.es\\\/\"},{\"@type\":\"ListItem\",\"position\":2,\"name\":\"Los oyentes de \u00c1rea Lorca Radio contin\u00faan valorando con sus votos el trabajo de los jugadores del Lorca Deportiva\"}]},{\"@type\":\"WebSite\",\"@id\":\"https:\\\/\\\/arealorcaradio.es\\\/#website\",\"url\":\"https:\\\/\\\/arealorcaradio.es\\\/\",\"name\":\"AREA LORCA RADIO\",\"description\":\"Descubre la programaci\u00f3n actual en \u00c1rea Lorca Radio, tu fuente de entrenamiento y noticias locales. Sintoniza ahora y mantente conectado online.\",\"potentialAction\":[{\"@type\":\"SearchAction\",\"target\":{\"@type\":\"EntryPoint\",\"urlTemplate\":\"https:\\\/\\\/arealorcaradio.es\\\/?s={search_term_string}\"},\"query-input\":{\"@type\":\"PropertyValueSpecification\",\"valueRequired\":true,\"valueName\":\"search_term_string\"}}],\"inLanguage\":\"es\"},{\"@type\":\"Person\",\"@id\":\"https:\\\/\\\/arealorcaradio.es\\\/#\\\/schema\\\/person\\\/9fae605fc25b0f2c83c1ab207139bd27\",\"name\":\"Paco S\u00e1nchez\",\"image\":{\"@type\":\"ImageObject\",\"inLanguage\":\"es\",\"@id\":\"https:\\\/\\\/secure.gravatar.com\\\/avatar\\\/d67144e966420fb74aa84c9f2a0103be4724fd14db52b52d3b6bca749f257e79?s=96&d=mm&r=g\",\"url\":\"https:\\\/\\\/secure.gravatar.com\\\/avatar\\\/d67144e966420fb74aa84c9f2a0103be4724fd14db52b52d3b6bca749f257e79?s=96&d=mm&r=g\",\"contentUrl\":\"https:\\\/\\\/secure.gravatar.com\\\/avatar\\\/d67144e966420fb74aa84c9f2a0103be4724fd14db52b52d3b6bca749f257e79?s=96&d=mm&r=g\",\"caption\":\"Paco S\u00e1nchez\"},\"sameAs\":[\"https:\\\/\\\/arealorcaradio.es\"],\"url\":\"https:\\\/\\\/arealorcaradio.es\\\/index.php\\\/author\\\/admin_alorcaradio\\\/\"}]}<\/script>\n<!-- \/ Yoast SEO plugin. -->","yoast_head_json":{"title":"Los oyentes de \u00c1rea Lorca Radio contin\u00faan valorando con sus votos el trabajo de los jugadores del Lorca Deportiva - AREA LORCA RADIO","robots":{"index":"index","follow":"follow","max-snippet":"max-snippet:-1","max-image-preview":"max-image-preview:large","max-video-preview":"max-video-preview:-1"},"canonical":"https:\/\/arealorcaradio.es\/index.php\/2025\/09\/24\/los-oyentes-de-area-lorca-radio-continuan-valorando-con-sus-votos-el-trabajo-de-los-jugadores-del-lorca-deportiva\/","og_locale":"es_ES","og_type":"article","og_title":"Los oyentes de \u00c1rea Lorca Radio contin\u00faan valorando con sus votos el trabajo de los jugadores del Lorca Deportiva - AREA LORCA RADIO","og_description":"\u00c1REA LORCA RADIO. Deportes.\u00a0 Escucha aqu\u00ed el repaso de los ganadores de los diferentes trofeos de \u00c1rea Lorca Radio que valoran el trabajo desarrollado por los blanquiazules en la tercera jornada, partido que enfrent\u00f3 al Lorca Deportiva y La Uni\u00f3n Atl\u00e9tico (CD Uni\u00f3n Malacitano). &nbsp;","og_url":"https:\/\/arealorcaradio.es\/index.php\/2025\/09\/24\/los-oyentes-de-area-lorca-radio-continuan-valorando-con-sus-votos-el-trabajo-de-los-jugadores-del-lorca-deportiva\/","og_site_name":"AREA LORCA RADIO","article_published_time":"2025-09-24T17:35:07+00:00","article_modified_time":"2025-09-24T20:10:20+00:00","og_image":[{"width":1024,"height":480,"url":"https:\/\/arealorcaradio.es\/wp-content\/uploads\/2025\/09\/Diseno-Trofeos-Bueno-1024x480.png","type":"image\/png"}],"author":"Paco S\u00e1nchez","twitter_card":"summary_large_image","twitter_misc":{"Escrito por":"Paco S\u00e1nchez","Tiempo de lectura":"1 minuto"},"schema":{"@context":"https:\/\/schema.org","@graph":[{"@type":"Article","@id":"https:\/\/arealorcaradio.es\/index.php\/2025\/09\/24\/los-oyentes-de-area-lorca-radio-continuan-valorando-con-sus-votos-el-trabajo-de-los-jugadores-del-lorca-deportiva\/#article","isPartOf":{"@id":"https:\/\/arealorcaradio.es\/index.php\/2025\/09\/24\/los-oyentes-de-area-lorca-radio-continuan-valorando-con-sus-votos-el-trabajo-de-los-jugadores-del-lorca-deportiva\/"},"author":{"name":"Paco S\u00e1nchez","@id":"https:\/\/arealorcaradio.es\/#\/schema\/person\/9fae605fc25b0f2c83c1ab207139bd27"},"headline":"Los oyentes de \u00c1rea Lorca Radio contin\u00faan valorando con sus votos el trabajo de los jugadores del Lorca Deportiva","datePublished":"2025-09-24T17:35:07+00:00","dateModified":"2025-09-24T20:10:20+00:00","mainEntityOfPage":{"@id":"https:\/\/arealorcaradio.es\/index.php\/2025\/09\/24\/los-oyentes-de-area-lorca-radio-continuan-valorando-con-sus-votos-el-trabajo-de-los-jugadores-del-lorca-deportiva\/"},"wordCount":79,"commentCount":0,"image":{"@id":"https:\/\/arealorcaradio.es\/index.php\/2025\/09\/24\/los-oyentes-de-area-lorca-radio-continuan-valorando-con-sus-votos-el-trabajo-de-los-jugadores-del-lorca-deportiva\/#primaryimage"},"thumbnailUrl":"https:\/\/arealorcaradio.es\/wp-content\/uploads\/2025\/09\/Diseno-Trofeos-Bueno.png","articleSection":["DEPORTES","LORCA"],"inLanguage":"es","potentialAction":[{"@type":"CommentAction","name":"Comment","target":["https:\/\/arealorcaradio.es\/index.php\/2025\/09\/24\/los-oyentes-de-area-lorca-radio-continuan-valorando-con-sus-votos-el-trabajo-de-los-jugadores-del-lorca-deportiva\/#respond"]}]},{"@type":"WebPage","@id":"https:\/\/arealorcaradio.es\/index.php\/2025\/09\/24\/los-oyentes-de-area-lorca-radio-continuan-valorando-con-sus-votos-el-trabajo-de-los-jugadores-del-lorca-deportiva\/","url":"https:\/\/arealorcaradio.es\/index.php\/2025\/09\/24\/los-oyentes-de-area-lorca-radio-continuan-valorando-con-sus-votos-el-trabajo-de-los-jugadores-del-lorca-deportiva\/","name":"Los oyentes de \u00c1rea Lorca Radio contin\u00faan valorando con sus votos el trabajo de los jugadores del Lorca Deportiva - AREA LORCA RADIO","isPartOf":{"@id":"https:\/\/arealorcaradio.es\/#website"},"primaryImageOfPage":{"@id":"https:\/\/arealorcaradio.es\/index.php\/2025\/09\/24\/los-oyentes-de-area-lorca-radio-continuan-valorando-con-sus-votos-el-trabajo-de-los-jugadores-del-lorca-deportiva\/#primaryimage"},"image":{"@id":"https:\/\/arealorcaradio.es\/index.php\/2025\/09\/24\/los-oyentes-de-area-lorca-radio-continuan-valorando-con-sus-votos-el-trabajo-de-los-jugadores-del-lorca-deportiva\/#primaryimage"},"thumbnailUrl":"https:\/\/arealorcaradio.es\/wp-content\/uploads\/2025\/09\/Diseno-Trofeos-Bueno.png","datePublished":"2025-09-24T17:35:07+00:00","dateModified":"2025-09-24T20:10:20+00:00","author":{"@id":"https:\/\/arealorcaradio.es\/#\/schema\/person\/9fae605fc25b0f2c83c1ab207139bd27"},"breadcrumb":{"@id":"https:\/\/arealorcaradio.es\/index.php\/2025\/09\/24\/los-oyentes-de-area-lorca-radio-continuan-valorando-con-sus-votos-el-trabajo-de-los-jugadores-del-lorca-deportiva\/#breadcrumb"},"inLanguage":"es","potentialAction":[{"@type":"ReadAction","target":["https:\/\/arealorcaradio.es\/index.php\/2025\/09\/24\/los-oyentes-de-area-lorca-radio-continuan-valorando-con-sus-votos-el-trabajo-de-los-jugadores-del-lorca-deportiva\/"]}]},{"@type":"ImageObject","inLanguage":"es","@id":"https:\/\/arealorcaradio.es\/index.php\/2025\/09\/24\/los-oyentes-de-area-lorca-radio-continuan-valorando-con-sus-votos-el-trabajo-de-los-jugadores-del-lorca-deportiva\/#primaryimage","url":"https:\/\/arealorcaradio.es\/wp-content\/uploads\/2025\/09\/Diseno-Trofeos-Bueno.png","contentUrl":"https:\/\/arealorcaradio.es\/wp-content\/uploads\/2025\/09\/Diseno-Trofeos-Bueno.png","width":2560,"height":1200},{"@type":"BreadcrumbList","@id":"https:\/\/arealorcaradio.es\/index.php\/2025\/09\/24\/los-oyentes-de-area-lorca-radio-continuan-valorando-con-sus-votos-el-trabajo-de-los-jugadores-del-lorca-deportiva\/#breadcrumb","itemListElement":[{"@type":"ListItem","position":1,"name":"Portada","item":"https:\/\/arealorcaradio.es\/"},{"@type":"ListItem","position":2,"name":"Los oyentes de \u00c1rea Lorca Radio contin\u00faan valorando con sus votos el trabajo de los jugadores del Lorca Deportiva"}]},{"@type":"WebSite","@id":"https:\/\/arealorcaradio.es\/#website","url":"https:\/\/arealorcaradio.es\/","name":"AREA LORCA RADIO","description":"Descubre la programaci\u00f3n actual en \u00c1rea Lorca Radio, tu fuente de entrenamiento y noticias locales. Sintoniza ahora y mantente conectado online.","potentialAction":[{"@type":"SearchAction","target":{"@type":"EntryPoint","urlTemplate":"https:\/\/arealorcaradio.es\/?s={search_term_string}"},"query-input":{"@type":"PropertyValueSpecification","valueRequired":true,"valueName":"search_term_string"}}],"inLanguage":"es"},{"@type":"Person","@id":"https:\/\/arealorcaradio.es\/#\/schema\/person\/9fae605fc25b0f2c83c1ab207139bd27","name":"Paco S\u00e1nchez","image":{"@type":"ImageObject","inLanguage":"es","@id":"https:\/\/secure.gravatar.com\/avatar\/d67144e966420fb74aa84c9f2a0103be4724fd14db52b52d3b6bca749f257e79?s=96&d=mm&r=g","url":"https:\/\/secure.gravatar.com\/avatar\/d67144e966420fb74aa84c9f2a0103be4724fd14db52b52d3b6bca749f257e79?s=96&d=mm&r=g","contentUrl":"https:\/\/secure.gravatar.com\/avatar\/d67144e966420fb74aa84c9f2a0103be4724fd14db52b52d3b6bca749f257e79?s=96&d=mm&r=g","caption":"Paco S\u00e1nchez"},"sameAs":["https:\/\/arealorcaradio.es"],"url":"https:\/\/arealorcaradio.es\/index.php\/author\/admin_alorcaradio\/"}]}},"_links":{"self":[{"href":"https:\/\/arealorcaradio.es\/index.php\/wp-json\/wp\/v2\/posts\/7954","targetHints":{"allow":["GET"]}}],"collection":[{"href":"https:\/\/arealorcaradio.es\/index.php\/wp-json\/wp\/v2\/posts"}],"about":[{"href":"https:\/\/arealorcaradio.es\/index.php\/wp-json\/wp\/v2\/types\/post"}],"author":[{"embeddable":true,"href":"https:\/\/arealorcaradio.es\/index.php\/wp-json\/wp\/v2\/users\/1"}],"replies":[{"embeddable":true,"href":"https:\/\/arealorcaradio.es\/index.php\/wp-json\/wp\/v2\/comments?post=7954"}],"version-history":[{"count":4,"href":"https:\/\/arealorcaradio.es\/index.php\/wp-json\/wp\/v2\/posts\/7954\/revisions"}],"predecessor-version":[{"id":7978,"href":"https:\/\/arealorcaradio.es\/index.php\/wp-json\/wp\/v2\/posts\/7954\/revisions\/7978"}],"wp:featuredmedia":[{"embeddable":true,"href":"https:\/\/arealorcaradio.es\/index.php\/wp-json\/wp\/v2\/media\/7979"}],"wp:attachment":[{"href":"https:\/\/arealorcaradio.es\/index.php\/wp-json\/wp\/v2\/media?parent=7954"}],"wp:term":[{"taxonomy":"category","embeddable":true,"href":"https:\/\/arealorcaradio.es\/index.php\/wp-json\/wp\/v2\/categories?post=7954"},{"taxonomy":"post_tag","embeddable":true,"href":"https:\/\/arealorcaradio.es\/index.php\/wp-json\/wp\/v2\/tags?post=7954"}],"curies":[{"name":"wp","href":"https:\/\/api.w.org\/{rel}","templated":true}]}}