{"id":7915,"date":"2025-09-19T16:07:09","date_gmt":"2025-09-19T16:07:09","guid":{"rendered":"https:\/\/arealorcaradio.es\/?p=7915"},"modified":"2025-09-19T16:07:09","modified_gmt":"2025-09-19T16:07:09","slug":"fulgencio-gil-anuncia-un-nuevo-hito-en-la-pedania-de-la-hoya-que-albergara-nuevas-instalaciones-para-la-imparticion-de-la-ensenanza-secundaria-obligatoria","status":"publish","type":"post","link":"https:\/\/arealorcaradio.es\/index.php\/2025\/09\/19\/fulgencio-gil-anuncia-un-nuevo-hito-en-la-pedania-de-la-hoya-que-albergara-nuevas-instalaciones-para-la-imparticion-de-la-ensenanza-secundaria-obligatoria\/","title":{"rendered":"Fulgencio Gil anuncia un nuevo hito en la pedan\u00eda de La Hoya, que albergar\u00e1 nuevas instalaciones para la impartici\u00f3n de la Ense\u00f1anza Secundaria Obligatoria"},"content":{"rendered":"<p><strong>\u00c1REA LORCA RADIO. Educaci\u00f3n en pedan\u00edas.<\/strong><\/p>\n<p class=\"v1MsoNormal\"><b><span lang=\"es\">Lorca, 19 de septiembre de 2025.\u00a0<\/span><\/b><span lang=\"es\">\u00abEstamos ante un nuevo hito en nuestro municipio que toma como eje protagonista la pedan\u00eda de La Hoya, que contar\u00e1 con nuevas instalaciones educativas donde se impartir\u00e1n lo cursos correspondientes a la Ense\u00f1anza Secundaria Obligatoria, un paso m\u00e1s del Gobierno de Lorca de cara a la optimizaci\u00f3n de los servicios, la mejora de las infraestructuras y la ampliaci\u00f3n de la oferta de formaci\u00f3n y educaci\u00f3n en todo el territorio; pero tambi\u00e9n una respuesta directa a una demanda hist\u00f3rica por parte de los residentes de la pedan\u00eda y la comunidad educativa en su conjunto\u00bb.<\/span><\/p>\n<p class=\"v1MsoNormal\"><span lang=\"es\">As\u00ed lo ha trasladado el alcalde de Lorca, Fulgencio Gil, junto a las ediles de Educaci\u00f3n e Urbanismo, Rosa Mar\u00eda Medina, y Mar\u00eda Hern\u00e1ndez, en una comparecencia en la que ha explicado que ser\u00e1 en el pr\u00f3ximo Pleno cuando se acepte el inicio de los tr\u00e1mites urban\u00edsticos para poder implantar m\u00e1s adelante una nueva oferta educativa, permitiendo que los alumnos salgan de las instalaciones habiendo terminado 4\u00ba de la ESO.<\/span><\/p>\n<p class=\"v1MsoNormal\"><span lang=\"es\"><img loading=\"lazy\" decoding=\"async\" class=\"alignnone size-medium wp-image-7916\" src=\"https:\/\/arealorcaradio.es\/wp-content\/uploads\/2025\/09\/FOTO1-66-300x200.jpeg\" alt=\"\" width=\"300\" height=\"200\" srcset=\"https:\/\/arealorcaradio.es\/wp-content\/uploads\/2025\/09\/FOTO1-66-300x200.jpeg 300w, https:\/\/arealorcaradio.es\/wp-content\/uploads\/2025\/09\/FOTO1-66-768x512.jpeg 768w, https:\/\/arealorcaradio.es\/wp-content\/uploads\/2025\/09\/FOTO1-66.jpeg 1024w\" sizes=\"auto, (max-width: 300px) 100vw, 300px\" \/> <img loading=\"lazy\" decoding=\"async\" class=\"alignnone size-medium wp-image-7917\" src=\"https:\/\/arealorcaradio.es\/wp-content\/uploads\/2025\/09\/PLANO-2-300x169.jpeg\" alt=\"\" width=\"300\" height=\"169\" srcset=\"https:\/\/arealorcaradio.es\/wp-content\/uploads\/2025\/09\/PLANO-2-300x169.jpeg 300w, https:\/\/arealorcaradio.es\/wp-content\/uploads\/2025\/09\/PLANO-2-1024x576.jpeg 1024w, https:\/\/arealorcaradio.es\/wp-content\/uploads\/2025\/09\/PLANO-2-768x432.jpeg 768w, https:\/\/arealorcaradio.es\/wp-content\/uploads\/2025\/09\/PLANO-2-1536x864.jpeg 1536w, https:\/\/arealorcaradio.es\/wp-content\/uploads\/2025\/09\/PLANO-2.jpeg 1600w\" sizes=\"auto, (max-width: 300px) 100vw, 300px\" \/>\u00a0<\/span><\/p>\n<p class=\"v1MsoNormal\"><span lang=\"es\">\u00abEsta iniciativa no s\u00f3lo constituye un nuevo enclave donde se imparta la ESO, supone que centenares de alumnos no tendr\u00e1n que desplazarse a otros lugares del municipio, pudiendo permanecer en la pedan\u00eda, al lado -adem\u00e1s- de su colegio, favoreciendo, al mismo tiempo, la tan deseada conciliaci\u00f3n familiar. Adem\u00e1s de ser un revulsivo m\u00e1s para La Hoya, sin ninguna duda\u00bb, ha rese\u00f1ado Gil J\u00f3dar.<\/span><\/p>\n<p class=\"v1MsoNormal\"><span lang=\"es\">En total, hablamos de 8 nuevas aulas, a las que se suman todos los espacios tipo aseos, pasillos, etc.<\/span><\/p>\n<p class=\"v1MsoNormal\"><span lang=\"es\">Fundamental, destacar que la ubicaci\u00f3n donde se desarrollar\u00e1n las tareas de construcci\u00f3n se encuentra en las inmediaciones del Polideportivo y el CEIP Juan Navarro Garc\u00eda; dando como resultado todo un complejo integrado, de la mano, adem\u00e1s de un nuevo vial.<\/span><\/p>\n<p class=\"v1MsoNormal\"><span lang=\"es\">Concretamente, la parcela al efecto, que ser\u00e1 cedida por el Ayuntamiento a la Consejer\u00eda para el comienzo de las obras, cuenta con un total de 3.522 m\u00b2 atendiendo a que, seg\u00fan traslad\u00f3 la propia Consejer\u00eda, el solar donde se realicen debe tener una extensi\u00f3n que permita una superficie construida aproximada de 1.200 m\u00b2 y una ocupaci\u00f3n en planta de unos 750 m\u00b2.<\/span><\/p>\n<p class=\"v1MsoNormal\"><span lang=\"es\">En lo que respecta a los terrenos previstos para su ubicaci\u00f3n est\u00e1n calificados en el Plan General como suelo urbanizable sin sectorizar SUZE HUERTA y suponen poco m\u00e1s de 5.500 m\u00b2, que ser\u00e1n obtenidos por el Ayuntamiento mediante un procedimiento de expropiaci\u00f3n por tasaci\u00f3n conjunta dada la dimensi\u00f3n de inter\u00e9s p\u00fablico de la iniciativa; y en ellos se contempla, adem\u00e1s de la nueva sede educativa, la construcci\u00f3n del vial que integrar\u00e1 las nuevas instalaciones.<\/span><\/p>\n<p class=\"v1MsoNormal\"><span lang=\"es\">\u00abQuiero agradecer a la Consejer\u00eda de Educaci\u00f3n y al Gobierno Regional su compromiso con Lorca, y que queda patente gracias a todas y cada una de las estrategias, actuaciones e inversiones dirigidas al desarrollo en nuestro municipio y que contribuyen a la mejora general de la educaci\u00f3n y la\u00a0formaci\u00f3n; pero no s\u00f3lo con la ampliaci\u00f3n de la cartera con nuevas plazas docentes, sino tambi\u00e9n con estrategias dirigidas al aumento de los ciclos y la optimizaci\u00f3n de las infraestructuras en el municipio y en toda la Regi\u00f3n\u00bb.<\/span><\/p>\n<p class=\"v1MsoNormal\"><span lang=\"es\">\u00abEsta actuaci\u00f3n va a repercutir en la prosperidad de los vecinos de La Hoya y supone una muestra m\u00e1s del compromiso de este Gobierno por promover una educaci\u00f3n de calidad, &#8216;para todos&#8217;, independientemente del lugar donde residan, porque as\u00ed entendemos este mandato y nuestro modelo de municipio, donde prima el bienestar a todos los niveles, a lo largo y ancho del territorio, seg\u00fan nuestro compromiso Marco 2032&#8242;\u00bb, ha concluido el primer edil.<\/span><\/p>\n","protected":false},"excerpt":{"rendered":"<p>\u00c1REA LORCA RADIO. Educaci\u00f3n en pedan\u00edas. Lorca, 19 de septiembre de 2025.\u00a0\u00abEstamos ante un nuevo hito en nuestro municipio que toma como eje protagonista la pedan\u00eda de La Hoya, que contar\u00e1 con nuevas instalaciones educativas donde se impartir\u00e1n lo cursos correspondientes a la Ense\u00f1anza Secundaria Obligatoria, un paso m\u00e1s del Gobierno de Lorca de cara [&hellip;]<\/p>\n","protected":false},"author":1,"featured_media":7918,"comment_status":"open","ping_status":"open","sticky":false,"template":"","format":"standard","meta":{"iawp_total_views":16,"footnotes":""},"categories":[5,7],"tags":[],"class_list":["post-7915","post","type-post","status-publish","format-standard","has-post-thumbnail","hentry","category-actualidad","category-lorca"],"yoast_head":"<!-- This site is optimized with the Yoast SEO plugin v27.5 - https:\/\/yoast.com\/product\/yoast-seo-wordpress\/ -->\n<title>Fulgencio Gil anuncia un nuevo hito en la pedan\u00eda de La Hoya, que albergar\u00e1 nuevas instalaciones para la impartici\u00f3n de la Ense\u00f1anza Secundaria Obligatoria - AREA LORCA RADIO<\/title>\n<meta name=\"robots\" content=\"index, follow, max-snippet:-1, max-image-preview:large, max-video-preview:-1\" \/>\n<link rel=\"canonical\" href=\"https:\/\/arealorcaradio.es\/index.php\/2025\/09\/19\/fulgencio-gil-anuncia-un-nuevo-hito-en-la-pedania-de-la-hoya-que-albergara-nuevas-instalaciones-para-la-imparticion-de-la-ensenanza-secundaria-obligatoria\/\" \/>\n<meta property=\"og:locale\" content=\"es_ES\" \/>\n<meta property=\"og:type\" content=\"article\" \/>\n<meta property=\"og:title\" content=\"Fulgencio Gil anuncia un nuevo hito en la pedan\u00eda de La Hoya, que albergar\u00e1 nuevas instalaciones para la impartici\u00f3n de la Ense\u00f1anza Secundaria Obligatoria - AREA LORCA RADIO\" \/>\n<meta property=\"og:description\" content=\"\u00c1REA LORCA RADIO. Educaci\u00f3n en pedan\u00edas. Lorca, 19 de septiembre de 2025.\u00a0\u00abEstamos ante un nuevo hito en nuestro municipio que toma como eje protagonista la pedan\u00eda de La Hoya, que contar\u00e1 con nuevas instalaciones educativas donde se impartir\u00e1n lo cursos correspondientes a la Ense\u00f1anza Secundaria Obligatoria, un paso m\u00e1s del Gobierno de Lorca de cara [&hellip;]\" \/>\n<meta property=\"og:url\" content=\"https:\/\/arealorcaradio.es\/index.php\/2025\/09\/19\/fulgencio-gil-anuncia-un-nuevo-hito-en-la-pedania-de-la-hoya-que-albergara-nuevas-instalaciones-para-la-imparticion-de-la-ensenanza-secundaria-obligatoria\/\" \/>\n<meta property=\"og:site_name\" content=\"AREA LORCA RADIO\" \/>\n<meta property=\"article:published_time\" content=\"2025-09-19T16:07:09+00:00\" \/>\n<meta property=\"og:image\" content=\"https:\/\/arealorcaradio.es\/wp-content\/uploads\/2025\/09\/FOTO2-40.jpeg\" \/>\n\t<meta property=\"og:image:width\" content=\"1024\" \/>\n\t<meta property=\"og:image:height\" content=\"682\" \/>\n\t<meta property=\"og:image:type\" content=\"image\/jpeg\" \/>\n<meta name=\"author\" content=\"Paco S\u00e1nchez\" \/>\n<meta name=\"twitter:card\" content=\"summary_large_image\" \/>\n<meta name=\"twitter:label1\" content=\"Escrito por\" \/>\n\t<meta name=\"twitter:data1\" content=\"Paco S\u00e1nchez\" \/>\n\t<meta name=\"twitter:label2\" content=\"Tiempo de lectura\" \/>\n\t<meta name=\"twitter:data2\" content=\"4 minutos\" \/>\n<script type=\"application\/ld+json\" class=\"yoast-schema-graph\">{\"@context\":\"https:\\\/\\\/schema.org\",\"@graph\":[{\"@type\":\"Article\",\"@id\":\"https:\\\/\\\/arealorcaradio.es\\\/index.php\\\/2025\\\/09\\\/19\\\/fulgencio-gil-anuncia-un-nuevo-hito-en-la-pedania-de-la-hoya-que-albergara-nuevas-instalaciones-para-la-imparticion-de-la-ensenanza-secundaria-obligatoria\\\/#article\",\"isPartOf\":{\"@id\":\"https:\\\/\\\/arealorcaradio.es\\\/index.php\\\/2025\\\/09\\\/19\\\/fulgencio-gil-anuncia-un-nuevo-hito-en-la-pedania-de-la-hoya-que-albergara-nuevas-instalaciones-para-la-imparticion-de-la-ensenanza-secundaria-obligatoria\\\/\"},\"author\":{\"name\":\"Paco S\u00e1nchez\",\"@id\":\"https:\\\/\\\/arealorcaradio.es\\\/#\\\/schema\\\/person\\\/9fae605fc25b0f2c83c1ab207139bd27\"},\"headline\":\"Fulgencio Gil anuncia un nuevo hito en la pedan\u00eda de La Hoya, que albergar\u00e1 nuevas instalaciones para la impartici\u00f3n de la Ense\u00f1anza Secundaria Obligatoria\",\"datePublished\":\"2025-09-19T16:07:09+00:00\",\"mainEntityOfPage\":{\"@id\":\"https:\\\/\\\/arealorcaradio.es\\\/index.php\\\/2025\\\/09\\\/19\\\/fulgencio-gil-anuncia-un-nuevo-hito-en-la-pedania-de-la-hoya-que-albergara-nuevas-instalaciones-para-la-imparticion-de-la-ensenanza-secundaria-obligatoria\\\/\"},\"wordCount\":674,\"commentCount\":0,\"image\":{\"@id\":\"https:\\\/\\\/arealorcaradio.es\\\/index.php\\\/2025\\\/09\\\/19\\\/fulgencio-gil-anuncia-un-nuevo-hito-en-la-pedania-de-la-hoya-que-albergara-nuevas-instalaciones-para-la-imparticion-de-la-ensenanza-secundaria-obligatoria\\\/#primaryimage\"},\"thumbnailUrl\":\"https:\\\/\\\/arealorcaradio.es\\\/wp-content\\\/uploads\\\/2025\\\/09\\\/FOTO2-40.jpeg\",\"articleSection\":[\"ACTUALIDAD\",\"LORCA\"],\"inLanguage\":\"es\",\"potentialAction\":[{\"@type\":\"CommentAction\",\"name\":\"Comment\",\"target\":[\"https:\\\/\\\/arealorcaradio.es\\\/index.php\\\/2025\\\/09\\\/19\\\/fulgencio-gil-anuncia-un-nuevo-hito-en-la-pedania-de-la-hoya-que-albergara-nuevas-instalaciones-para-la-imparticion-de-la-ensenanza-secundaria-obligatoria\\\/#respond\"]}]},{\"@type\":\"WebPage\",\"@id\":\"https:\\\/\\\/arealorcaradio.es\\\/index.php\\\/2025\\\/09\\\/19\\\/fulgencio-gil-anuncia-un-nuevo-hito-en-la-pedania-de-la-hoya-que-albergara-nuevas-instalaciones-para-la-imparticion-de-la-ensenanza-secundaria-obligatoria\\\/\",\"url\":\"https:\\\/\\\/arealorcaradio.es\\\/index.php\\\/2025\\\/09\\\/19\\\/fulgencio-gil-anuncia-un-nuevo-hito-en-la-pedania-de-la-hoya-que-albergara-nuevas-instalaciones-para-la-imparticion-de-la-ensenanza-secundaria-obligatoria\\\/\",\"name\":\"Fulgencio Gil anuncia un nuevo hito en la pedan\u00eda de La Hoya, que albergar\u00e1 nuevas instalaciones para la impartici\u00f3n de la Ense\u00f1anza Secundaria Obligatoria - AREA LORCA RADIO\",\"isPartOf\":{\"@id\":\"https:\\\/\\\/arealorcaradio.es\\\/#website\"},\"primaryImageOfPage\":{\"@id\":\"https:\\\/\\\/arealorcaradio.es\\\/index.php\\\/2025\\\/09\\\/19\\\/fulgencio-gil-anuncia-un-nuevo-hito-en-la-pedania-de-la-hoya-que-albergara-nuevas-instalaciones-para-la-imparticion-de-la-ensenanza-secundaria-obligatoria\\\/#primaryimage\"},\"image\":{\"@id\":\"https:\\\/\\\/arealorcaradio.es\\\/index.php\\\/2025\\\/09\\\/19\\\/fulgencio-gil-anuncia-un-nuevo-hito-en-la-pedania-de-la-hoya-que-albergara-nuevas-instalaciones-para-la-imparticion-de-la-ensenanza-secundaria-obligatoria\\\/#primaryimage\"},\"thumbnailUrl\":\"https:\\\/\\\/arealorcaradio.es\\\/wp-content\\\/uploads\\\/2025\\\/09\\\/FOTO2-40.jpeg\",\"datePublished\":\"2025-09-19T16:07:09+00:00\",\"author\":{\"@id\":\"https:\\\/\\\/arealorcaradio.es\\\/#\\\/schema\\\/person\\\/9fae605fc25b0f2c83c1ab207139bd27\"},\"breadcrumb\":{\"@id\":\"https:\\\/\\\/arealorcaradio.es\\\/index.php\\\/2025\\\/09\\\/19\\\/fulgencio-gil-anuncia-un-nuevo-hito-en-la-pedania-de-la-hoya-que-albergara-nuevas-instalaciones-para-la-imparticion-de-la-ensenanza-secundaria-obligatoria\\\/#breadcrumb\"},\"inLanguage\":\"es\",\"potentialAction\":[{\"@type\":\"ReadAction\",\"target\":[\"https:\\\/\\\/arealorcaradio.es\\\/index.php\\\/2025\\\/09\\\/19\\\/fulgencio-gil-anuncia-un-nuevo-hito-en-la-pedania-de-la-hoya-que-albergara-nuevas-instalaciones-para-la-imparticion-de-la-ensenanza-secundaria-obligatoria\\\/\"]}]},{\"@type\":\"ImageObject\",\"inLanguage\":\"es\",\"@id\":\"https:\\\/\\\/arealorcaradio.es\\\/index.php\\\/2025\\\/09\\\/19\\\/fulgencio-gil-anuncia-un-nuevo-hito-en-la-pedania-de-la-hoya-que-albergara-nuevas-instalaciones-para-la-imparticion-de-la-ensenanza-secundaria-obligatoria\\\/#primaryimage\",\"url\":\"https:\\\/\\\/arealorcaradio.es\\\/wp-content\\\/uploads\\\/2025\\\/09\\\/FOTO2-40.jpeg\",\"contentUrl\":\"https:\\\/\\\/arealorcaradio.es\\\/wp-content\\\/uploads\\\/2025\\\/09\\\/FOTO2-40.jpeg\",\"width\":1024,\"height\":682},{\"@type\":\"BreadcrumbList\",\"@id\":\"https:\\\/\\\/arealorcaradio.es\\\/index.php\\\/2025\\\/09\\\/19\\\/fulgencio-gil-anuncia-un-nuevo-hito-en-la-pedania-de-la-hoya-que-albergara-nuevas-instalaciones-para-la-imparticion-de-la-ensenanza-secundaria-obligatoria\\\/#breadcrumb\",\"itemListElement\":[{\"@type\":\"ListItem\",\"position\":1,\"name\":\"Portada\",\"item\":\"https:\\\/\\\/arealorcaradio.es\\\/\"},{\"@type\":\"ListItem\",\"position\":2,\"name\":\"Fulgencio Gil anuncia un nuevo hito en la pedan\u00eda de La Hoya, que albergar\u00e1 nuevas instalaciones para la impartici\u00f3n de la Ense\u00f1anza Secundaria Obligatoria\"}]},{\"@type\":\"WebSite\",\"@id\":\"https:\\\/\\\/arealorcaradio.es\\\/#website\",\"url\":\"https:\\\/\\\/arealorcaradio.es\\\/\",\"name\":\"AREA LORCA RADIO\",\"description\":\"Descubre la programaci\u00f3n actual en \u00c1rea Lorca Radio, tu fuente de entrenamiento y noticias locales. Sintoniza ahora y mantente conectado online.\",\"potentialAction\":[{\"@type\":\"SearchAction\",\"target\":{\"@type\":\"EntryPoint\",\"urlTemplate\":\"https:\\\/\\\/arealorcaradio.es\\\/?s={search_term_string}\"},\"query-input\":{\"@type\":\"PropertyValueSpecification\",\"valueRequired\":true,\"valueName\":\"search_term_string\"}}],\"inLanguage\":\"es\"},{\"@type\":\"Person\",\"@id\":\"https:\\\/\\\/arealorcaradio.es\\\/#\\\/schema\\\/person\\\/9fae605fc25b0f2c83c1ab207139bd27\",\"name\":\"Paco S\u00e1nchez\",\"image\":{\"@type\":\"ImageObject\",\"inLanguage\":\"es\",\"@id\":\"https:\\\/\\\/secure.gravatar.com\\\/avatar\\\/d67144e966420fb74aa84c9f2a0103be4724fd14db52b52d3b6bca749f257e79?s=96&d=mm&r=g\",\"url\":\"https:\\\/\\\/secure.gravatar.com\\\/avatar\\\/d67144e966420fb74aa84c9f2a0103be4724fd14db52b52d3b6bca749f257e79?s=96&d=mm&r=g\",\"contentUrl\":\"https:\\\/\\\/secure.gravatar.com\\\/avatar\\\/d67144e966420fb74aa84c9f2a0103be4724fd14db52b52d3b6bca749f257e79?s=96&d=mm&r=g\",\"caption\":\"Paco S\u00e1nchez\"},\"sameAs\":[\"https:\\\/\\\/arealorcaradio.es\"],\"url\":\"https:\\\/\\\/arealorcaradio.es\\\/index.php\\\/author\\\/admin_alorcaradio\\\/\"}]}<\/script>\n<!-- \/ Yoast SEO plugin. -->","yoast_head_json":{"title":"Fulgencio Gil anuncia un nuevo hito en la pedan\u00eda de La Hoya, que albergar\u00e1 nuevas instalaciones para la impartici\u00f3n de la Ense\u00f1anza Secundaria Obligatoria - AREA LORCA RADIO","robots":{"index":"index","follow":"follow","max-snippet":"max-snippet:-1","max-image-preview":"max-image-preview:large","max-video-preview":"max-video-preview:-1"},"canonical":"https:\/\/arealorcaradio.es\/index.php\/2025\/09\/19\/fulgencio-gil-anuncia-un-nuevo-hito-en-la-pedania-de-la-hoya-que-albergara-nuevas-instalaciones-para-la-imparticion-de-la-ensenanza-secundaria-obligatoria\/","og_locale":"es_ES","og_type":"article","og_title":"Fulgencio Gil anuncia un nuevo hito en la pedan\u00eda de La Hoya, que albergar\u00e1 nuevas instalaciones para la impartici\u00f3n de la Ense\u00f1anza Secundaria Obligatoria - AREA LORCA RADIO","og_description":"\u00c1REA LORCA RADIO. Educaci\u00f3n en pedan\u00edas. Lorca, 19 de septiembre de 2025.\u00a0\u00abEstamos ante un nuevo hito en nuestro municipio que toma como eje protagonista la pedan\u00eda de La Hoya, que contar\u00e1 con nuevas instalaciones educativas donde se impartir\u00e1n lo cursos correspondientes a la Ense\u00f1anza Secundaria Obligatoria, un paso m\u00e1s del Gobierno de Lorca de cara [&hellip;]","og_url":"https:\/\/arealorcaradio.es\/index.php\/2025\/09\/19\/fulgencio-gil-anuncia-un-nuevo-hito-en-la-pedania-de-la-hoya-que-albergara-nuevas-instalaciones-para-la-imparticion-de-la-ensenanza-secundaria-obligatoria\/","og_site_name":"AREA LORCA RADIO","article_published_time":"2025-09-19T16:07:09+00:00","og_image":[{"width":1024,"height":682,"url":"https:\/\/arealorcaradio.es\/wp-content\/uploads\/2025\/09\/FOTO2-40.jpeg","type":"image\/jpeg"}],"author":"Paco S\u00e1nchez","twitter_card":"summary_large_image","twitter_misc":{"Escrito por":"Paco S\u00e1nchez","Tiempo de lectura":"4 minutos"},"schema":{"@context":"https:\/\/schema.org","@graph":[{"@type":"Article","@id":"https:\/\/arealorcaradio.es\/index.php\/2025\/09\/19\/fulgencio-gil-anuncia-un-nuevo-hito-en-la-pedania-de-la-hoya-que-albergara-nuevas-instalaciones-para-la-imparticion-de-la-ensenanza-secundaria-obligatoria\/#article","isPartOf":{"@id":"https:\/\/arealorcaradio.es\/index.php\/2025\/09\/19\/fulgencio-gil-anuncia-un-nuevo-hito-en-la-pedania-de-la-hoya-que-albergara-nuevas-instalaciones-para-la-imparticion-de-la-ensenanza-secundaria-obligatoria\/"},"author":{"name":"Paco S\u00e1nchez","@id":"https:\/\/arealorcaradio.es\/#\/schema\/person\/9fae605fc25b0f2c83c1ab207139bd27"},"headline":"Fulgencio Gil anuncia un nuevo hito en la pedan\u00eda de La Hoya, que albergar\u00e1 nuevas instalaciones para la impartici\u00f3n de la Ense\u00f1anza Secundaria Obligatoria","datePublished":"2025-09-19T16:07:09+00:00","mainEntityOfPage":{"@id":"https:\/\/arealorcaradio.es\/index.php\/2025\/09\/19\/fulgencio-gil-anuncia-un-nuevo-hito-en-la-pedania-de-la-hoya-que-albergara-nuevas-instalaciones-para-la-imparticion-de-la-ensenanza-secundaria-obligatoria\/"},"wordCount":674,"commentCount":0,"image":{"@id":"https:\/\/arealorcaradio.es\/index.php\/2025\/09\/19\/fulgencio-gil-anuncia-un-nuevo-hito-en-la-pedania-de-la-hoya-que-albergara-nuevas-instalaciones-para-la-imparticion-de-la-ensenanza-secundaria-obligatoria\/#primaryimage"},"thumbnailUrl":"https:\/\/arealorcaradio.es\/wp-content\/uploads\/2025\/09\/FOTO2-40.jpeg","articleSection":["ACTUALIDAD","LORCA"],"inLanguage":"es","potentialAction":[{"@type":"CommentAction","name":"Comment","target":["https:\/\/arealorcaradio.es\/index.php\/2025\/09\/19\/fulgencio-gil-anuncia-un-nuevo-hito-en-la-pedania-de-la-hoya-que-albergara-nuevas-instalaciones-para-la-imparticion-de-la-ensenanza-secundaria-obligatoria\/#respond"]}]},{"@type":"WebPage","@id":"https:\/\/arealorcaradio.es\/index.php\/2025\/09\/19\/fulgencio-gil-anuncia-un-nuevo-hito-en-la-pedania-de-la-hoya-que-albergara-nuevas-instalaciones-para-la-imparticion-de-la-ensenanza-secundaria-obligatoria\/","url":"https:\/\/arealorcaradio.es\/index.php\/2025\/09\/19\/fulgencio-gil-anuncia-un-nuevo-hito-en-la-pedania-de-la-hoya-que-albergara-nuevas-instalaciones-para-la-imparticion-de-la-ensenanza-secundaria-obligatoria\/","name":"Fulgencio Gil anuncia un nuevo hito en la pedan\u00eda de La Hoya, que albergar\u00e1 nuevas instalaciones para la impartici\u00f3n de la Ense\u00f1anza Secundaria Obligatoria - AREA LORCA RADIO","isPartOf":{"@id":"https:\/\/arealorcaradio.es\/#website"},"primaryImageOfPage":{"@id":"https:\/\/arealorcaradio.es\/index.php\/2025\/09\/19\/fulgencio-gil-anuncia-un-nuevo-hito-en-la-pedania-de-la-hoya-que-albergara-nuevas-instalaciones-para-la-imparticion-de-la-ensenanza-secundaria-obligatoria\/#primaryimage"},"image":{"@id":"https:\/\/arealorcaradio.es\/index.php\/2025\/09\/19\/fulgencio-gil-anuncia-un-nuevo-hito-en-la-pedania-de-la-hoya-que-albergara-nuevas-instalaciones-para-la-imparticion-de-la-ensenanza-secundaria-obligatoria\/#primaryimage"},"thumbnailUrl":"https:\/\/arealorcaradio.es\/wp-content\/uploads\/2025\/09\/FOTO2-40.jpeg","datePublished":"2025-09-19T16:07:09+00:00","author":{"@id":"https:\/\/arealorcaradio.es\/#\/schema\/person\/9fae605fc25b0f2c83c1ab207139bd27"},"breadcrumb":{"@id":"https:\/\/arealorcaradio.es\/index.php\/2025\/09\/19\/fulgencio-gil-anuncia-un-nuevo-hito-en-la-pedania-de-la-hoya-que-albergara-nuevas-instalaciones-para-la-imparticion-de-la-ensenanza-secundaria-obligatoria\/#breadcrumb"},"inLanguage":"es","potentialAction":[{"@type":"ReadAction","target":["https:\/\/arealorcaradio.es\/index.php\/2025\/09\/19\/fulgencio-gil-anuncia-un-nuevo-hito-en-la-pedania-de-la-hoya-que-albergara-nuevas-instalaciones-para-la-imparticion-de-la-ensenanza-secundaria-obligatoria\/"]}]},{"@type":"ImageObject","inLanguage":"es","@id":"https:\/\/arealorcaradio.es\/index.php\/2025\/09\/19\/fulgencio-gil-anuncia-un-nuevo-hito-en-la-pedania-de-la-hoya-que-albergara-nuevas-instalaciones-para-la-imparticion-de-la-ensenanza-secundaria-obligatoria\/#primaryimage","url":"https:\/\/arealorcaradio.es\/wp-content\/uploads\/2025\/09\/FOTO2-40.jpeg","contentUrl":"https:\/\/arealorcaradio.es\/wp-content\/uploads\/2025\/09\/FOTO2-40.jpeg","width":1024,"height":682},{"@type":"BreadcrumbList","@id":"https:\/\/arealorcaradio.es\/index.php\/2025\/09\/19\/fulgencio-gil-anuncia-un-nuevo-hito-en-la-pedania-de-la-hoya-que-albergara-nuevas-instalaciones-para-la-imparticion-de-la-ensenanza-secundaria-obligatoria\/#breadcrumb","itemListElement":[{"@type":"ListItem","position":1,"name":"Portada","item":"https:\/\/arealorcaradio.es\/"},{"@type":"ListItem","position":2,"name":"Fulgencio Gil anuncia un nuevo hito en la pedan\u00eda de La Hoya, que albergar\u00e1 nuevas instalaciones para la impartici\u00f3n de la Ense\u00f1anza Secundaria Obligatoria"}]},{"@type":"WebSite","@id":"https:\/\/arealorcaradio.es\/#website","url":"https:\/\/arealorcaradio.es\/","name":"AREA LORCA RADIO","description":"Descubre la programaci\u00f3n actual en \u00c1rea Lorca Radio, tu fuente de entrenamiento y noticias locales. Sintoniza ahora y mantente conectado online.","potentialAction":[{"@type":"SearchAction","target":{"@type":"EntryPoint","urlTemplate":"https:\/\/arealorcaradio.es\/?s={search_term_string}"},"query-input":{"@type":"PropertyValueSpecification","valueRequired":true,"valueName":"search_term_string"}}],"inLanguage":"es"},{"@type":"Person","@id":"https:\/\/arealorcaradio.es\/#\/schema\/person\/9fae605fc25b0f2c83c1ab207139bd27","name":"Paco S\u00e1nchez","image":{"@type":"ImageObject","inLanguage":"es","@id":"https:\/\/secure.gravatar.com\/avatar\/d67144e966420fb74aa84c9f2a0103be4724fd14db52b52d3b6bca749f257e79?s=96&d=mm&r=g","url":"https:\/\/secure.gravatar.com\/avatar\/d67144e966420fb74aa84c9f2a0103be4724fd14db52b52d3b6bca749f257e79?s=96&d=mm&r=g","contentUrl":"https:\/\/secure.gravatar.com\/avatar\/d67144e966420fb74aa84c9f2a0103be4724fd14db52b52d3b6bca749f257e79?s=96&d=mm&r=g","caption":"Paco S\u00e1nchez"},"sameAs":["https:\/\/arealorcaradio.es"],"url":"https:\/\/arealorcaradio.es\/index.php\/author\/admin_alorcaradio\/"}]}},"_links":{"self":[{"href":"https:\/\/arealorcaradio.es\/index.php\/wp-json\/wp\/v2\/posts\/7915","targetHints":{"allow":["GET"]}}],"collection":[{"href":"https:\/\/arealorcaradio.es\/index.php\/wp-json\/wp\/v2\/posts"}],"about":[{"href":"https:\/\/arealorcaradio.es\/index.php\/wp-json\/wp\/v2\/types\/post"}],"author":[{"embeddable":true,"href":"https:\/\/arealorcaradio.es\/index.php\/wp-json\/wp\/v2\/users\/1"}],"replies":[{"embeddable":true,"href":"https:\/\/arealorcaradio.es\/index.php\/wp-json\/wp\/v2\/comments?post=7915"}],"version-history":[{"count":1,"href":"https:\/\/arealorcaradio.es\/index.php\/wp-json\/wp\/v2\/posts\/7915\/revisions"}],"predecessor-version":[{"id":7919,"href":"https:\/\/arealorcaradio.es\/index.php\/wp-json\/wp\/v2\/posts\/7915\/revisions\/7919"}],"wp:featuredmedia":[{"embeddable":true,"href":"https:\/\/arealorcaradio.es\/index.php\/wp-json\/wp\/v2\/media\/7918"}],"wp:attachment":[{"href":"https:\/\/arealorcaradio.es\/index.php\/wp-json\/wp\/v2\/media?parent=7915"}],"wp:term":[{"taxonomy":"category","embeddable":true,"href":"https:\/\/arealorcaradio.es\/index.php\/wp-json\/wp\/v2\/categories?post=7915"},{"taxonomy":"post_tag","embeddable":true,"href":"https:\/\/arealorcaradio.es\/index.php\/wp-json\/wp\/v2\/tags?post=7915"}],"curies":[{"name":"wp","href":"https:\/\/api.w.org\/{rel}","templated":true}]}}