{"id":7892,"date":"2025-09-18T17:06:11","date_gmt":"2025-09-18T17:06:11","guid":{"rendered":"https:\/\/arealorcaradio.es\/?p=7892"},"modified":"2025-09-18T17:06:27","modified_gmt":"2025-09-18T17:06:27","slug":"nace-la-plataforma-movimiento-ciudadano-de-apoyo-a-la-banda-municipal-de-musica-de-lorca","status":"publish","type":"post","link":"https:\/\/arealorcaradio.es\/index.php\/2025\/09\/18\/nace-la-plataforma-movimiento-ciudadano-de-apoyo-a-la-banda-municipal-de-musica-de-lorca\/","title":{"rendered":"Nace la Plataforma \u00abMovimiento ciudadano de apoyo a la Banda Municipal de M\u00fasica de Lorca\u00bb"},"content":{"rendered":"<p><strong>\u00c1REA LORCA RADIO. Cultura.<\/strong><\/p>\n<p>Escucha aqu\u00ed la entrevista que ha realizado Paco S\u00e1nchez a Antonio Manzanera, uno de los coordinadores de esta Plataforma.<\/p>\n<audio class=\"wp-audio-shortcode\" id=\"audio-7892-1\" preload=\"none\" style=\"width: 100%;\" controls=\"controls\"><source type=\"audio\/mpeg\" src=\"https:\/\/arealorcaradio.es\/wp-content\/uploads\/2025\/09\/180925-ANTONIO-MANZANERA.-PLATAFORMA-MUSICAL.mp3?_=1\" \/><a href=\"https:\/\/arealorcaradio.es\/wp-content\/uploads\/2025\/09\/180925-ANTONIO-MANZANERA.-PLATAFORMA-MUSICAL.mp3\">https:\/\/arealorcaradio.es\/wp-content\/uploads\/2025\/09\/180925-ANTONIO-MANZANERA.-PLATAFORMA-MUSICAL.mp3<\/a><\/audio>\n<p>En su intervenci\u00f3n, Manzanera ha enumerado algunas de las reivindicaciones y los actos que van a desarrollar pr\u00f3ximamente entre los que se encuentran, pedir al Ayuntamiento de Lorca que vuelva a cubrir la plaza de director de la Banda, el mi\u00e9rcoles 1 de octubre se celebrar\u00e1 un acto\u00a0 en la Plaza de Espa\u00f1a con motivo del D\u00eda Internacional de la M\u00fasica por el Consejo Internacional de la M\u00fasica en 1975 (se pretende realizar un acto mensualmente, preparan la celebraci\u00f3n del centenario que se cumplir\u00e1 el 31 de enero de 2027 y tambi\u00e9n iniciar\u00e1n una campa\u00f1a de recogida de firmas que pidan y exijan sin dilaci\u00f3n la nueva puesta en funcionamiento de la Banda Municipal de M\u00fasica de Lorca y su Escuela.<\/p>\n","protected":false},"excerpt":{"rendered":"<p>\u00c1REA LORCA RADIO. Cultura. Escucha aqu\u00ed la entrevista que ha realizado Paco S\u00e1nchez a Antonio Manzanera, uno de los coordinadores de esta Plataforma. En su intervenci\u00f3n, Manzanera ha enumerado algunas de las reivindicaciones y los actos que van a desarrollar pr\u00f3ximamente entre los que se encuentran, pedir al Ayuntamiento de Lorca que vuelva a cubrir [&hellip;]<\/p>\n","protected":false},"author":1,"featured_media":7904,"comment_status":"open","ping_status":"open","sticky":false,"template":"","format":"standard","meta":{"iawp_total_views":25,"footnotes":""},"categories":[5,7],"tags":[],"class_list":["post-7892","post","type-post","status-publish","format-standard","has-post-thumbnail","hentry","category-actualidad","category-lorca"],"yoast_head":"<!-- This site is optimized with the Yoast SEO plugin v27.5 - https:\/\/yoast.com\/product\/yoast-seo-wordpress\/ -->\n<title>Nace la Plataforma &quot;Movimiento ciudadano de apoyo a la Banda Municipal de M\u00fasica de Lorca&quot; - AREA LORCA RADIO<\/title>\n<meta name=\"robots\" content=\"index, follow, max-snippet:-1, max-image-preview:large, max-video-preview:-1\" \/>\n<link rel=\"canonical\" href=\"https:\/\/arealorcaradio.es\/index.php\/2025\/09\/18\/nace-la-plataforma-movimiento-ciudadano-de-apoyo-a-la-banda-municipal-de-musica-de-lorca\/\" \/>\n<meta property=\"og:locale\" content=\"es_ES\" \/>\n<meta property=\"og:type\" content=\"article\" \/>\n<meta property=\"og:title\" content=\"Nace la Plataforma &quot;Movimiento ciudadano de apoyo a la Banda Municipal de M\u00fasica de Lorca&quot; - AREA LORCA RADIO\" \/>\n<meta property=\"og:description\" content=\"\u00c1REA LORCA RADIO. Cultura. Escucha aqu\u00ed la entrevista que ha realizado Paco S\u00e1nchez a Antonio Manzanera, uno de los coordinadores de esta Plataforma. En su intervenci\u00f3n, Manzanera ha enumerado algunas de las reivindicaciones y los actos que van a desarrollar pr\u00f3ximamente entre los que se encuentran, pedir al Ayuntamiento de Lorca que vuelva a cubrir [&hellip;]\" \/>\n<meta property=\"og:url\" content=\"https:\/\/arealorcaradio.es\/index.php\/2025\/09\/18\/nace-la-plataforma-movimiento-ciudadano-de-apoyo-a-la-banda-municipal-de-musica-de-lorca\/\" \/>\n<meta property=\"og:site_name\" content=\"AREA LORCA RADIO\" \/>\n<meta property=\"article:published_time\" content=\"2025-09-18T17:06:11+00:00\" \/>\n<meta property=\"article:modified_time\" content=\"2025-09-18T17:06:27+00:00\" \/>\n<meta property=\"og:image\" content=\"https:\/\/arealorcaradio.es\/wp-content\/uploads\/2025\/09\/20250918_111920-scaled.jpg\" \/>\n\t<meta property=\"og:image:width\" content=\"2560\" \/>\n\t<meta property=\"og:image:height\" content=\"1920\" \/>\n\t<meta property=\"og:image:type\" content=\"image\/jpeg\" \/>\n<meta name=\"author\" content=\"Paco S\u00e1nchez\" \/>\n<meta name=\"twitter:card\" content=\"summary_large_image\" \/>\n<meta name=\"twitter:label1\" content=\"Escrito por\" \/>\n\t<meta name=\"twitter:data1\" content=\"Paco S\u00e1nchez\" \/>\n\t<meta name=\"twitter:label2\" content=\"Tiempo de lectura\" \/>\n\t<meta name=\"twitter:data2\" content=\"1 minuto\" \/>\n<script type=\"application\/ld+json\" class=\"yoast-schema-graph\">{\"@context\":\"https:\\\/\\\/schema.org\",\"@graph\":[{\"@type\":\"Article\",\"@id\":\"https:\\\/\\\/arealorcaradio.es\\\/index.php\\\/2025\\\/09\\\/18\\\/nace-la-plataforma-movimiento-ciudadano-de-apoyo-a-la-banda-municipal-de-musica-de-lorca\\\/#article\",\"isPartOf\":{\"@id\":\"https:\\\/\\\/arealorcaradio.es\\\/index.php\\\/2025\\\/09\\\/18\\\/nace-la-plataforma-movimiento-ciudadano-de-apoyo-a-la-banda-municipal-de-musica-de-lorca\\\/\"},\"author\":{\"name\":\"Paco S\u00e1nchez\",\"@id\":\"https:\\\/\\\/arealorcaradio.es\\\/#\\\/schema\\\/person\\\/9fae605fc25b0f2c83c1ab207139bd27\"},\"headline\":\"Nace la Plataforma \u00abMovimiento ciudadano de apoyo a la Banda Municipal de M\u00fasica de Lorca\u00bb\",\"datePublished\":\"2025-09-18T17:06:11+00:00\",\"dateModified\":\"2025-09-18T17:06:27+00:00\",\"mainEntityOfPage\":{\"@id\":\"https:\\\/\\\/arealorcaradio.es\\\/index.php\\\/2025\\\/09\\\/18\\\/nace-la-plataforma-movimiento-ciudadano-de-apoyo-a-la-banda-municipal-de-musica-de-lorca\\\/\"},\"wordCount\":181,\"commentCount\":0,\"image\":{\"@id\":\"https:\\\/\\\/arealorcaradio.es\\\/index.php\\\/2025\\\/09\\\/18\\\/nace-la-plataforma-movimiento-ciudadano-de-apoyo-a-la-banda-municipal-de-musica-de-lorca\\\/#primaryimage\"},\"thumbnailUrl\":\"https:\\\/\\\/arealorcaradio.es\\\/wp-content\\\/uploads\\\/2025\\\/09\\\/20250918_111920-scaled.jpg\",\"articleSection\":[\"ACTUALIDAD\",\"LORCA\"],\"inLanguage\":\"es\",\"potentialAction\":[{\"@type\":\"CommentAction\",\"name\":\"Comment\",\"target\":[\"https:\\\/\\\/arealorcaradio.es\\\/index.php\\\/2025\\\/09\\\/18\\\/nace-la-plataforma-movimiento-ciudadano-de-apoyo-a-la-banda-municipal-de-musica-de-lorca\\\/#respond\"]}]},{\"@type\":\"WebPage\",\"@id\":\"https:\\\/\\\/arealorcaradio.es\\\/index.php\\\/2025\\\/09\\\/18\\\/nace-la-plataforma-movimiento-ciudadano-de-apoyo-a-la-banda-municipal-de-musica-de-lorca\\\/\",\"url\":\"https:\\\/\\\/arealorcaradio.es\\\/index.php\\\/2025\\\/09\\\/18\\\/nace-la-plataforma-movimiento-ciudadano-de-apoyo-a-la-banda-municipal-de-musica-de-lorca\\\/\",\"name\":\"Nace la Plataforma \\\"Movimiento ciudadano de apoyo a la Banda Municipal de M\u00fasica de Lorca\\\" - AREA LORCA RADIO\",\"isPartOf\":{\"@id\":\"https:\\\/\\\/arealorcaradio.es\\\/#website\"},\"primaryImageOfPage\":{\"@id\":\"https:\\\/\\\/arealorcaradio.es\\\/index.php\\\/2025\\\/09\\\/18\\\/nace-la-plataforma-movimiento-ciudadano-de-apoyo-a-la-banda-municipal-de-musica-de-lorca\\\/#primaryimage\"},\"image\":{\"@id\":\"https:\\\/\\\/arealorcaradio.es\\\/index.php\\\/2025\\\/09\\\/18\\\/nace-la-plataforma-movimiento-ciudadano-de-apoyo-a-la-banda-municipal-de-musica-de-lorca\\\/#primaryimage\"},\"thumbnailUrl\":\"https:\\\/\\\/arealorcaradio.es\\\/wp-content\\\/uploads\\\/2025\\\/09\\\/20250918_111920-scaled.jpg\",\"datePublished\":\"2025-09-18T17:06:11+00:00\",\"dateModified\":\"2025-09-18T17:06:27+00:00\",\"author\":{\"@id\":\"https:\\\/\\\/arealorcaradio.es\\\/#\\\/schema\\\/person\\\/9fae605fc25b0f2c83c1ab207139bd27\"},\"breadcrumb\":{\"@id\":\"https:\\\/\\\/arealorcaradio.es\\\/index.php\\\/2025\\\/09\\\/18\\\/nace-la-plataforma-movimiento-ciudadano-de-apoyo-a-la-banda-municipal-de-musica-de-lorca\\\/#breadcrumb\"},\"inLanguage\":\"es\",\"potentialAction\":[{\"@type\":\"ReadAction\",\"target\":[\"https:\\\/\\\/arealorcaradio.es\\\/index.php\\\/2025\\\/09\\\/18\\\/nace-la-plataforma-movimiento-ciudadano-de-apoyo-a-la-banda-municipal-de-musica-de-lorca\\\/\"]}]},{\"@type\":\"ImageObject\",\"inLanguage\":\"es\",\"@id\":\"https:\\\/\\\/arealorcaradio.es\\\/index.php\\\/2025\\\/09\\\/18\\\/nace-la-plataforma-movimiento-ciudadano-de-apoyo-a-la-banda-municipal-de-musica-de-lorca\\\/#primaryimage\",\"url\":\"https:\\\/\\\/arealorcaradio.es\\\/wp-content\\\/uploads\\\/2025\\\/09\\\/20250918_111920-scaled.jpg\",\"contentUrl\":\"https:\\\/\\\/arealorcaradio.es\\\/wp-content\\\/uploads\\\/2025\\\/09\\\/20250918_111920-scaled.jpg\",\"width\":2560,\"height\":1920},{\"@type\":\"BreadcrumbList\",\"@id\":\"https:\\\/\\\/arealorcaradio.es\\\/index.php\\\/2025\\\/09\\\/18\\\/nace-la-plataforma-movimiento-ciudadano-de-apoyo-a-la-banda-municipal-de-musica-de-lorca\\\/#breadcrumb\",\"itemListElement\":[{\"@type\":\"ListItem\",\"position\":1,\"name\":\"Portada\",\"item\":\"https:\\\/\\\/arealorcaradio.es\\\/\"},{\"@type\":\"ListItem\",\"position\":2,\"name\":\"Nace la Plataforma \u00abMovimiento ciudadano de apoyo a la Banda Municipal de M\u00fasica de Lorca\u00bb\"}]},{\"@type\":\"WebSite\",\"@id\":\"https:\\\/\\\/arealorcaradio.es\\\/#website\",\"url\":\"https:\\\/\\\/arealorcaradio.es\\\/\",\"name\":\"AREA LORCA RADIO\",\"description\":\"Descubre la programaci\u00f3n actual en \u00c1rea Lorca Radio, tu fuente de entrenamiento y noticias locales. Sintoniza ahora y mantente conectado online.\",\"potentialAction\":[{\"@type\":\"SearchAction\",\"target\":{\"@type\":\"EntryPoint\",\"urlTemplate\":\"https:\\\/\\\/arealorcaradio.es\\\/?s={search_term_string}\"},\"query-input\":{\"@type\":\"PropertyValueSpecification\",\"valueRequired\":true,\"valueName\":\"search_term_string\"}}],\"inLanguage\":\"es\"},{\"@type\":\"Person\",\"@id\":\"https:\\\/\\\/arealorcaradio.es\\\/#\\\/schema\\\/person\\\/9fae605fc25b0f2c83c1ab207139bd27\",\"name\":\"Paco S\u00e1nchez\",\"image\":{\"@type\":\"ImageObject\",\"inLanguage\":\"es\",\"@id\":\"https:\\\/\\\/secure.gravatar.com\\\/avatar\\\/d67144e966420fb74aa84c9f2a0103be4724fd14db52b52d3b6bca749f257e79?s=96&d=mm&r=g\",\"url\":\"https:\\\/\\\/secure.gravatar.com\\\/avatar\\\/d67144e966420fb74aa84c9f2a0103be4724fd14db52b52d3b6bca749f257e79?s=96&d=mm&r=g\",\"contentUrl\":\"https:\\\/\\\/secure.gravatar.com\\\/avatar\\\/d67144e966420fb74aa84c9f2a0103be4724fd14db52b52d3b6bca749f257e79?s=96&d=mm&r=g\",\"caption\":\"Paco S\u00e1nchez\"},\"sameAs\":[\"https:\\\/\\\/arealorcaradio.es\"],\"url\":\"https:\\\/\\\/arealorcaradio.es\\\/index.php\\\/author\\\/admin_alorcaradio\\\/\"}]}<\/script>\n<!-- \/ Yoast SEO plugin. -->","yoast_head_json":{"title":"Nace la Plataforma \"Movimiento ciudadano de apoyo a la Banda Municipal de M\u00fasica de Lorca\" - AREA LORCA RADIO","robots":{"index":"index","follow":"follow","max-snippet":"max-snippet:-1","max-image-preview":"max-image-preview:large","max-video-preview":"max-video-preview:-1"},"canonical":"https:\/\/arealorcaradio.es\/index.php\/2025\/09\/18\/nace-la-plataforma-movimiento-ciudadano-de-apoyo-a-la-banda-municipal-de-musica-de-lorca\/","og_locale":"es_ES","og_type":"article","og_title":"Nace la Plataforma \"Movimiento ciudadano de apoyo a la Banda Municipal de M\u00fasica de Lorca\" - AREA LORCA RADIO","og_description":"\u00c1REA LORCA RADIO. Cultura. Escucha aqu\u00ed la entrevista que ha realizado Paco S\u00e1nchez a Antonio Manzanera, uno de los coordinadores de esta Plataforma. En su intervenci\u00f3n, Manzanera ha enumerado algunas de las reivindicaciones y los actos que van a desarrollar pr\u00f3ximamente entre los que se encuentran, pedir al Ayuntamiento de Lorca que vuelva a cubrir [&hellip;]","og_url":"https:\/\/arealorcaradio.es\/index.php\/2025\/09\/18\/nace-la-plataforma-movimiento-ciudadano-de-apoyo-a-la-banda-municipal-de-musica-de-lorca\/","og_site_name":"AREA LORCA RADIO","article_published_time":"2025-09-18T17:06:11+00:00","article_modified_time":"2025-09-18T17:06:27+00:00","og_image":[{"width":2560,"height":1920,"url":"https:\/\/arealorcaradio.es\/wp-content\/uploads\/2025\/09\/20250918_111920-scaled.jpg","type":"image\/jpeg"}],"author":"Paco S\u00e1nchez","twitter_card":"summary_large_image","twitter_misc":{"Escrito por":"Paco S\u00e1nchez","Tiempo de lectura":"1 minuto"},"schema":{"@context":"https:\/\/schema.org","@graph":[{"@type":"Article","@id":"https:\/\/arealorcaradio.es\/index.php\/2025\/09\/18\/nace-la-plataforma-movimiento-ciudadano-de-apoyo-a-la-banda-municipal-de-musica-de-lorca\/#article","isPartOf":{"@id":"https:\/\/arealorcaradio.es\/index.php\/2025\/09\/18\/nace-la-plataforma-movimiento-ciudadano-de-apoyo-a-la-banda-municipal-de-musica-de-lorca\/"},"author":{"name":"Paco S\u00e1nchez","@id":"https:\/\/arealorcaradio.es\/#\/schema\/person\/9fae605fc25b0f2c83c1ab207139bd27"},"headline":"Nace la Plataforma \u00abMovimiento ciudadano de apoyo a la Banda Municipal de M\u00fasica de Lorca\u00bb","datePublished":"2025-09-18T17:06:11+00:00","dateModified":"2025-09-18T17:06:27+00:00","mainEntityOfPage":{"@id":"https:\/\/arealorcaradio.es\/index.php\/2025\/09\/18\/nace-la-plataforma-movimiento-ciudadano-de-apoyo-a-la-banda-municipal-de-musica-de-lorca\/"},"wordCount":181,"commentCount":0,"image":{"@id":"https:\/\/arealorcaradio.es\/index.php\/2025\/09\/18\/nace-la-plataforma-movimiento-ciudadano-de-apoyo-a-la-banda-municipal-de-musica-de-lorca\/#primaryimage"},"thumbnailUrl":"https:\/\/arealorcaradio.es\/wp-content\/uploads\/2025\/09\/20250918_111920-scaled.jpg","articleSection":["ACTUALIDAD","LORCA"],"inLanguage":"es","potentialAction":[{"@type":"CommentAction","name":"Comment","target":["https:\/\/arealorcaradio.es\/index.php\/2025\/09\/18\/nace-la-plataforma-movimiento-ciudadano-de-apoyo-a-la-banda-municipal-de-musica-de-lorca\/#respond"]}]},{"@type":"WebPage","@id":"https:\/\/arealorcaradio.es\/index.php\/2025\/09\/18\/nace-la-plataforma-movimiento-ciudadano-de-apoyo-a-la-banda-municipal-de-musica-de-lorca\/","url":"https:\/\/arealorcaradio.es\/index.php\/2025\/09\/18\/nace-la-plataforma-movimiento-ciudadano-de-apoyo-a-la-banda-municipal-de-musica-de-lorca\/","name":"Nace la Plataforma \"Movimiento ciudadano de apoyo a la Banda Municipal de M\u00fasica de Lorca\" - AREA LORCA RADIO","isPartOf":{"@id":"https:\/\/arealorcaradio.es\/#website"},"primaryImageOfPage":{"@id":"https:\/\/arealorcaradio.es\/index.php\/2025\/09\/18\/nace-la-plataforma-movimiento-ciudadano-de-apoyo-a-la-banda-municipal-de-musica-de-lorca\/#primaryimage"},"image":{"@id":"https:\/\/arealorcaradio.es\/index.php\/2025\/09\/18\/nace-la-plataforma-movimiento-ciudadano-de-apoyo-a-la-banda-municipal-de-musica-de-lorca\/#primaryimage"},"thumbnailUrl":"https:\/\/arealorcaradio.es\/wp-content\/uploads\/2025\/09\/20250918_111920-scaled.jpg","datePublished":"2025-09-18T17:06:11+00:00","dateModified":"2025-09-18T17:06:27+00:00","author":{"@id":"https:\/\/arealorcaradio.es\/#\/schema\/person\/9fae605fc25b0f2c83c1ab207139bd27"},"breadcrumb":{"@id":"https:\/\/arealorcaradio.es\/index.php\/2025\/09\/18\/nace-la-plataforma-movimiento-ciudadano-de-apoyo-a-la-banda-municipal-de-musica-de-lorca\/#breadcrumb"},"inLanguage":"es","potentialAction":[{"@type":"ReadAction","target":["https:\/\/arealorcaradio.es\/index.php\/2025\/09\/18\/nace-la-plataforma-movimiento-ciudadano-de-apoyo-a-la-banda-municipal-de-musica-de-lorca\/"]}]},{"@type":"ImageObject","inLanguage":"es","@id":"https:\/\/arealorcaradio.es\/index.php\/2025\/09\/18\/nace-la-plataforma-movimiento-ciudadano-de-apoyo-a-la-banda-municipal-de-musica-de-lorca\/#primaryimage","url":"https:\/\/arealorcaradio.es\/wp-content\/uploads\/2025\/09\/20250918_111920-scaled.jpg","contentUrl":"https:\/\/arealorcaradio.es\/wp-content\/uploads\/2025\/09\/20250918_111920-scaled.jpg","width":2560,"height":1920},{"@type":"BreadcrumbList","@id":"https:\/\/arealorcaradio.es\/index.php\/2025\/09\/18\/nace-la-plataforma-movimiento-ciudadano-de-apoyo-a-la-banda-municipal-de-musica-de-lorca\/#breadcrumb","itemListElement":[{"@type":"ListItem","position":1,"name":"Portada","item":"https:\/\/arealorcaradio.es\/"},{"@type":"ListItem","position":2,"name":"Nace la Plataforma \u00abMovimiento ciudadano de apoyo a la Banda Municipal de M\u00fasica de Lorca\u00bb"}]},{"@type":"WebSite","@id":"https:\/\/arealorcaradio.es\/#website","url":"https:\/\/arealorcaradio.es\/","name":"AREA LORCA RADIO","description":"Descubre la programaci\u00f3n actual en \u00c1rea Lorca Radio, tu fuente de entrenamiento y noticias locales. Sintoniza ahora y mantente conectado online.","potentialAction":[{"@type":"SearchAction","target":{"@type":"EntryPoint","urlTemplate":"https:\/\/arealorcaradio.es\/?s={search_term_string}"},"query-input":{"@type":"PropertyValueSpecification","valueRequired":true,"valueName":"search_term_string"}}],"inLanguage":"es"},{"@type":"Person","@id":"https:\/\/arealorcaradio.es\/#\/schema\/person\/9fae605fc25b0f2c83c1ab207139bd27","name":"Paco S\u00e1nchez","image":{"@type":"ImageObject","inLanguage":"es","@id":"https:\/\/secure.gravatar.com\/avatar\/d67144e966420fb74aa84c9f2a0103be4724fd14db52b52d3b6bca749f257e79?s=96&d=mm&r=g","url":"https:\/\/secure.gravatar.com\/avatar\/d67144e966420fb74aa84c9f2a0103be4724fd14db52b52d3b6bca749f257e79?s=96&d=mm&r=g","contentUrl":"https:\/\/secure.gravatar.com\/avatar\/d67144e966420fb74aa84c9f2a0103be4724fd14db52b52d3b6bca749f257e79?s=96&d=mm&r=g","caption":"Paco S\u00e1nchez"},"sameAs":["https:\/\/arealorcaradio.es"],"url":"https:\/\/arealorcaradio.es\/index.php\/author\/admin_alorcaradio\/"}]}},"_links":{"self":[{"href":"https:\/\/arealorcaradio.es\/index.php\/wp-json\/wp\/v2\/posts\/7892","targetHints":{"allow":["GET"]}}],"collection":[{"href":"https:\/\/arealorcaradio.es\/index.php\/wp-json\/wp\/v2\/posts"}],"about":[{"href":"https:\/\/arealorcaradio.es\/index.php\/wp-json\/wp\/v2\/types\/post"}],"author":[{"embeddable":true,"href":"https:\/\/arealorcaradio.es\/index.php\/wp-json\/wp\/v2\/users\/1"}],"replies":[{"embeddable":true,"href":"https:\/\/arealorcaradio.es\/index.php\/wp-json\/wp\/v2\/comments?post=7892"}],"version-history":[{"count":3,"href":"https:\/\/arealorcaradio.es\/index.php\/wp-json\/wp\/v2\/posts\/7892\/revisions"}],"predecessor-version":[{"id":7906,"href":"https:\/\/arealorcaradio.es\/index.php\/wp-json\/wp\/v2\/posts\/7892\/revisions\/7906"}],"wp:featuredmedia":[{"embeddable":true,"href":"https:\/\/arealorcaradio.es\/index.php\/wp-json\/wp\/v2\/media\/7904"}],"wp:attachment":[{"href":"https:\/\/arealorcaradio.es\/index.php\/wp-json\/wp\/v2\/media?parent=7892"}],"wp:term":[{"taxonomy":"category","embeddable":true,"href":"https:\/\/arealorcaradio.es\/index.php\/wp-json\/wp\/v2\/categories?post=7892"},{"taxonomy":"post_tag","embeddable":true,"href":"https:\/\/arealorcaradio.es\/index.php\/wp-json\/wp\/v2\/tags?post=7892"}],"curies":[{"name":"wp","href":"https:\/\/api.w.org\/{rel}","templated":true}]}}