{"id":7884,"date":"2025-09-18T17:09:09","date_gmt":"2025-09-18T17:09:09","guid":{"rendered":"https:\/\/arealorcaradio.es\/?p=7884"},"modified":"2025-09-18T17:09:09","modified_gmt":"2025-09-18T17:09:09","slug":"el-ayuntamiento-felicita-a-coros-y-danzas-de-lorca-por-su-contribucion-a-la-promocion-del-comercio-local-a-traves-de-una-nueva-iniciativa-en-colaboracion-con-la-camara-de-comercio","status":"publish","type":"post","link":"https:\/\/arealorcaradio.es\/index.php\/2025\/09\/18\/el-ayuntamiento-felicita-a-coros-y-danzas-de-lorca-por-su-contribucion-a-la-promocion-del-comercio-local-a-traves-de-una-nueva-iniciativa-en-colaboracion-con-la-camara-de-comercio\/","title":{"rendered":"El Ayuntamiento felicita a Coros y Danzas de Lorca por su contribuci\u00f3n a la promoci\u00f3n del comercio local a trav\u00e9s de una nueva iniciativa en colaboraci\u00f3n con la C\u00e1mara de Comercio"},"content":{"rendered":"<p><strong>\u00c1REA LORCA RADIO. Tradiciones.<\/strong><\/p>\n<p>Escucha aqu\u00ed la entrevista que ha concedido la presidenta de Coros y Danzas de Lorca, Antonia Mart\u00ednez a Paco S\u00e1nchez en el magazine de \u00c1rea Lorca Radio.<\/p>\n<audio class=\"wp-audio-shortcode\" id=\"audio-7884-1\" preload=\"none\" style=\"width: 100%;\" controls=\"controls\"><source type=\"audio\/mpeg\" src=\"https:\/\/arealorcaradio.es\/wp-content\/uploads\/2025\/09\/180925-ANTONIA-MARTINEZ.-FESTIVAL-DE-FOLKLORE.mp3?_=1\" \/><a href=\"https:\/\/arealorcaradio.es\/wp-content\/uploads\/2025\/09\/180925-ANTONIA-MARTINEZ.-FESTIVAL-DE-FOLKLORE.mp3\">https:\/\/arealorcaradio.es\/wp-content\/uploads\/2025\/09\/180925-ANTONIA-MARTINEZ.-FESTIVAL-DE-FOLKLORE.mp3<\/a><\/audio>\n<p class=\"v1MsoNormal\"><b><span lang=\"es\">Lorca, 18 de septiembre de 2025.<\/span><\/b><span lang=\"es\">\u00a0La edil de Comercio del Ayuntamiento de Lorca, Mayte Mart\u00ednez, junto al presidente de la C\u00e1mara de Comercio de Lorca, Juan Francisco G\u00f3mez, y la presidenta de Coros y Danzas de Lorca, Antonia Mart\u00ednez, ha presentado la exposici\u00f3n conmemorativa organizada con motivo del 80 Aniversario de la agrupaci\u00f3n, titulada \u00ab80 a\u00f1os, un mundo de culturas\u00bb, enmarcada -a su vez- dentro de la celebraci\u00f3n de la 36\u00aa edici\u00f3n del Festival Internacional de Folklore\u00a0&#8216;Ciudad de Lorca&#8217;.<\/span><\/p>\n<p class=\"v1MsoNormal\"><span lang=\"es\"><img loading=\"lazy\" decoding=\"async\" class=\"alignnone size-medium wp-image-7885\" src=\"https:\/\/arealorcaradio.es\/wp-content\/uploads\/2025\/09\/cOROS-Y-dANZAS-300x200.jpeg\" alt=\"\" width=\"300\" height=\"200\" srcset=\"https:\/\/arealorcaradio.es\/wp-content\/uploads\/2025\/09\/cOROS-Y-dANZAS-300x200.jpeg 300w, https:\/\/arealorcaradio.es\/wp-content\/uploads\/2025\/09\/cOROS-Y-dANZAS-1024x682.jpeg 1024w, https:\/\/arealorcaradio.es\/wp-content\/uploads\/2025\/09\/cOROS-Y-dANZAS-768x512.jpeg 768w, https:\/\/arealorcaradio.es\/wp-content\/uploads\/2025\/09\/cOROS-Y-dANZAS-1536x1023.jpeg 1536w, https:\/\/arealorcaradio.es\/wp-content\/uploads\/2025\/09\/cOROS-Y-dANZAS.jpeg 1600w\" sizes=\"auto, (max-width: 300px) 100vw, 300px\" \/>\u00a0<\/span><\/p>\n<p class=\"v1MsoNormal\"><span lang=\"es\">\u00abA trav\u00e9s de esta innovadora activaci\u00f3n, lorquinos y visitantes van a poder contemplar, desde hoy y hasta el 5 de octubre, premios, distinciones y recuerdos\u00a0de la historia de la entidad en escaparates de diversos\u00a0 establecimientos del centro de la ciudad, con el objetivo no s\u00f3lo de inaugurar el certamen y homenajear la efem\u00e9ride, sino tambi\u00e9n de promocionar el comercio local a trav\u00e9s de la muestra p\u00fablica de parte de nuestras tradiciones m\u00e1s ancestrales y que mejor nos definen, como es la expresi\u00f3n cultural del folklore de la mano de uno de los grupos referentes dentro del panorama nacional, pero tambi\u00e9n internacional, algo que queda patente -precisamente- con esta muestra\u00bb, ha rese\u00f1ado la edil.<\/span><\/p>\n<p class=\"v1MsoNormal\"><span lang=\"es\">Los comercios que participan son: librer\u00eda Futuro Imperfecto, Ins\u00f3lita,\u00a0Tejidos Dayenu, A mi Aire, Gredecor, Golfitos y \u00d3ptica Siroco; en ellos se podr\u00e1n admirar, seg\u00fan tem\u00e1tica, libros, complementos, mu\u00f1ecos del mundo, una parte de sus premios y distinciones recibidas en los festivales m\u00e1s prestigiosos en el \u00e1mbito internacional o piezas de cer\u00e1mica y cristal, entre otros.<\/span><\/p>\n<p class=\"v1MsoNormal\"><span lang=\"es\">Por su parte, <strong>Antonia Mart\u00ednez<\/strong> ha trasladado que \u00abesta iniciativa demuestra la estrecha relaci\u00f3n entre la C\u00e1mara de Comercio de Lorca y la agrupaci\u00f3n, y su apoyo al grupo al comercio local\u00bb, recordando, entre otros hitos, por ejemplo, la muestra de indumentaria tradicional expuesta en 2019 tambi\u00e9n en comercios de Lorca, y el Folk Fusi\u00f3n Solidario, que tuvo lugar el a\u00f1o pasado\u00bb.<\/span><\/p>\n<p class=\"v1MsoNormal\"><span lang=\"es\"><strong>Juan Francisco G\u00f3mez<\/strong>, ha querido destacar que \u00abla cultura y el comercio son dos pilares fundamentales que fortalecen nuestra identidad y dinamizan la ciudad. Seguiremos colaborando porque Juntos acercamos la riqueza de Lorca, a la vida cotidiana de vecinos y visitantes. Gracias a los comercios que nos han abierto sus puertas, porque esta exposici\u00f3n embellece nuestros escaparates y la ciudad. Y gracias a Coros y Danzas por su apoyo al comercio local\u00bb.<\/span><\/p>\n<p class=\"v1MsoNormal\"><span lang=\"es\"><strong>Mayte Mart\u00ednez<\/strong> ha aprovechado la ocasi\u00f3n para invitar \u00aba toda la ciudadan\u00eda a disfrutar de esta exposici\u00f3n, a trav\u00e9s de la cual se podr\u00e1n conocer y descubrir algunos de los recuerdos m\u00e1s destacados y las aportaciones m\u00e1s distintivas recibidas por Coros y Danzas de Lorca, a la vez que supone un revulsivo y un atractivo de cara a la promoci\u00f3n de las compras de proximidad\u00bb, agradeciendo \u00abla participaci\u00f3n de los establecimientos adheridos, que han cedido parte de su espacio exterior para la muestra\u00bb.<\/span><\/p>\n<p class=\"v1MsoNormal\"><span lang=\"es\">\u00abEl Festival Internacional de Folklore \u00abCiudad de Lorca\u00bb, ha recordado la edil, llega este 2025 consolid\u00e1ndose como uno de los principales eventos art\u00edsticos del programa cultural lorquino, precisamente recuperando este a\u00f1o sus fechas de celebraci\u00f3n originales, en plena Feria de Lorca; volviendo a posicionar a nuestra ciudad como epicentro de grandes citas a nivel internacional; un acontecimiento convertido ya en un hito dentro de la Agenda Anual de Eventos, y que se desarrollar\u00e1 desde hoy mismo\u00a0hasta el lunes 22 de septiembre con\u00a0actividades todo tipo y actuaciones para todos los p\u00fablicos, haciendo que el municipio sea en estos d\u00edas festivos un amplio mosaico de culturas y tradiciones; sumando, adem\u00e1s de muestras folkl\u00f3ricas, talleres, degustaciones gastron\u00f3micas, conferencias, exposiciones, y un largo etc\u00e9tera; contando con la participaci\u00f3n especial de agrupaciones\u00a0de Polonia, Senegal, Teruel y Murcia, y, como no pod\u00eda ser de otra manera, de Lorca\u00bb, ha concluido la concejal.\u00a0<\/span><\/p>\n","protected":false},"excerpt":{"rendered":"<p>\u00c1REA LORCA RADIO. Tradiciones. Escucha aqu\u00ed la entrevista que ha concedido la presidenta de Coros y Danzas de Lorca, Antonia Mart\u00ednez a Paco S\u00e1nchez en el magazine de \u00c1rea Lorca Radio. Lorca, 18 de septiembre de 2025.\u00a0La edil de Comercio del Ayuntamiento de Lorca, Mayte Mart\u00ednez, junto al presidente de la C\u00e1mara de Comercio de [&hellip;]<\/p>\n","protected":false},"author":1,"featured_media":7909,"comment_status":"open","ping_status":"open","sticky":false,"template":"","format":"standard","meta":{"iawp_total_views":13,"footnotes":""},"categories":[5,7],"tags":[],"class_list":["post-7884","post","type-post","status-publish","format-standard","has-post-thumbnail","hentry","category-actualidad","category-lorca"],"yoast_head":"<!-- This site is optimized with the Yoast SEO plugin v27.5 - https:\/\/yoast.com\/product\/yoast-seo-wordpress\/ -->\n<title>El Ayuntamiento felicita a Coros y Danzas de Lorca por su contribuci\u00f3n a la promoci\u00f3n del comercio local a trav\u00e9s de una nueva iniciativa en colaboraci\u00f3n con la C\u00e1mara de Comercio - AREA LORCA RADIO<\/title>\n<meta name=\"robots\" content=\"index, follow, max-snippet:-1, max-image-preview:large, max-video-preview:-1\" \/>\n<link rel=\"canonical\" href=\"https:\/\/arealorcaradio.es\/index.php\/2025\/09\/18\/el-ayuntamiento-felicita-a-coros-y-danzas-de-lorca-por-su-contribucion-a-la-promocion-del-comercio-local-a-traves-de-una-nueva-iniciativa-en-colaboracion-con-la-camara-de-comercio\/\" \/>\n<meta property=\"og:locale\" content=\"es_ES\" \/>\n<meta property=\"og:type\" content=\"article\" \/>\n<meta property=\"og:title\" content=\"El Ayuntamiento felicita a Coros y Danzas de Lorca por su contribuci\u00f3n a la promoci\u00f3n del comercio local a trav\u00e9s de una nueva iniciativa en colaboraci\u00f3n con la C\u00e1mara de Comercio - AREA LORCA RADIO\" \/>\n<meta property=\"og:description\" content=\"\u00c1REA LORCA RADIO. Tradiciones. Escucha aqu\u00ed la entrevista que ha concedido la presidenta de Coros y Danzas de Lorca, Antonia Mart\u00ednez a Paco S\u00e1nchez en el magazine de \u00c1rea Lorca Radio. Lorca, 18 de septiembre de 2025.\u00a0La edil de Comercio del Ayuntamiento de Lorca, Mayte Mart\u00ednez, junto al presidente de la C\u00e1mara de Comercio de [&hellip;]\" \/>\n<meta property=\"og:url\" content=\"https:\/\/arealorcaradio.es\/index.php\/2025\/09\/18\/el-ayuntamiento-felicita-a-coros-y-danzas-de-lorca-por-su-contribucion-a-la-promocion-del-comercio-local-a-traves-de-una-nueva-iniciativa-en-colaboracion-con-la-camara-de-comercio\/\" \/>\n<meta property=\"og:site_name\" content=\"AREA LORCA RADIO\" \/>\n<meta property=\"article:published_time\" content=\"2025-09-18T17:09:09+00:00\" \/>\n<meta property=\"og:image\" content=\"https:\/\/arealorcaradio.es\/wp-content\/uploads\/2025\/09\/20250918_113753-scaled.jpg\" \/>\n\t<meta property=\"og:image:width\" content=\"2560\" \/>\n\t<meta property=\"og:image:height\" content=\"1920\" \/>\n\t<meta property=\"og:image:type\" content=\"image\/jpeg\" \/>\n<meta name=\"author\" content=\"Paco S\u00e1nchez\" \/>\n<meta name=\"twitter:card\" content=\"summary_large_image\" \/>\n<meta name=\"twitter:label1\" content=\"Escrito por\" \/>\n\t<meta name=\"twitter:data1\" content=\"Paco S\u00e1nchez\" \/>\n\t<meta name=\"twitter:label2\" content=\"Tiempo de lectura\" \/>\n\t<meta name=\"twitter:data2\" content=\"4 minutos\" \/>\n<script type=\"application\/ld+json\" class=\"yoast-schema-graph\">{\"@context\":\"https:\\\/\\\/schema.org\",\"@graph\":[{\"@type\":\"Article\",\"@id\":\"https:\\\/\\\/arealorcaradio.es\\\/index.php\\\/2025\\\/09\\\/18\\\/el-ayuntamiento-felicita-a-coros-y-danzas-de-lorca-por-su-contribucion-a-la-promocion-del-comercio-local-a-traves-de-una-nueva-iniciativa-en-colaboracion-con-la-camara-de-comercio\\\/#article\",\"isPartOf\":{\"@id\":\"https:\\\/\\\/arealorcaradio.es\\\/index.php\\\/2025\\\/09\\\/18\\\/el-ayuntamiento-felicita-a-coros-y-danzas-de-lorca-por-su-contribucion-a-la-promocion-del-comercio-local-a-traves-de-una-nueva-iniciativa-en-colaboracion-con-la-camara-de-comercio\\\/\"},\"author\":{\"name\":\"Paco S\u00e1nchez\",\"@id\":\"https:\\\/\\\/arealorcaradio.es\\\/#\\\/schema\\\/person\\\/9fae605fc25b0f2c83c1ab207139bd27\"},\"headline\":\"El Ayuntamiento felicita a Coros y Danzas de Lorca por su contribuci\u00f3n a la promoci\u00f3n del comercio local a trav\u00e9s de una nueva iniciativa en colaboraci\u00f3n con la C\u00e1mara de Comercio\",\"datePublished\":\"2025-09-18T17:09:09+00:00\",\"mainEntityOfPage\":{\"@id\":\"https:\\\/\\\/arealorcaradio.es\\\/index.php\\\/2025\\\/09\\\/18\\\/el-ayuntamiento-felicita-a-coros-y-danzas-de-lorca-por-su-contribucion-a-la-promocion-del-comercio-local-a-traves-de-una-nueva-iniciativa-en-colaboracion-con-la-camara-de-comercio\\\/\"},\"wordCount\":747,\"commentCount\":0,\"image\":{\"@id\":\"https:\\\/\\\/arealorcaradio.es\\\/index.php\\\/2025\\\/09\\\/18\\\/el-ayuntamiento-felicita-a-coros-y-danzas-de-lorca-por-su-contribucion-a-la-promocion-del-comercio-local-a-traves-de-una-nueva-iniciativa-en-colaboracion-con-la-camara-de-comercio\\\/#primaryimage\"},\"thumbnailUrl\":\"https:\\\/\\\/arealorcaradio.es\\\/wp-content\\\/uploads\\\/2025\\\/09\\\/20250918_113753-scaled.jpg\",\"articleSection\":[\"ACTUALIDAD\",\"LORCA\"],\"inLanguage\":\"es\",\"potentialAction\":[{\"@type\":\"CommentAction\",\"name\":\"Comment\",\"target\":[\"https:\\\/\\\/arealorcaradio.es\\\/index.php\\\/2025\\\/09\\\/18\\\/el-ayuntamiento-felicita-a-coros-y-danzas-de-lorca-por-su-contribucion-a-la-promocion-del-comercio-local-a-traves-de-una-nueva-iniciativa-en-colaboracion-con-la-camara-de-comercio\\\/#respond\"]}]},{\"@type\":\"WebPage\",\"@id\":\"https:\\\/\\\/arealorcaradio.es\\\/index.php\\\/2025\\\/09\\\/18\\\/el-ayuntamiento-felicita-a-coros-y-danzas-de-lorca-por-su-contribucion-a-la-promocion-del-comercio-local-a-traves-de-una-nueva-iniciativa-en-colaboracion-con-la-camara-de-comercio\\\/\",\"url\":\"https:\\\/\\\/arealorcaradio.es\\\/index.php\\\/2025\\\/09\\\/18\\\/el-ayuntamiento-felicita-a-coros-y-danzas-de-lorca-por-su-contribucion-a-la-promocion-del-comercio-local-a-traves-de-una-nueva-iniciativa-en-colaboracion-con-la-camara-de-comercio\\\/\",\"name\":\"El Ayuntamiento felicita a Coros y Danzas de Lorca por su contribuci\u00f3n a la promoci\u00f3n del comercio local a trav\u00e9s de una nueva iniciativa en colaboraci\u00f3n con la C\u00e1mara de Comercio - AREA LORCA RADIO\",\"isPartOf\":{\"@id\":\"https:\\\/\\\/arealorcaradio.es\\\/#website\"},\"primaryImageOfPage\":{\"@id\":\"https:\\\/\\\/arealorcaradio.es\\\/index.php\\\/2025\\\/09\\\/18\\\/el-ayuntamiento-felicita-a-coros-y-danzas-de-lorca-por-su-contribucion-a-la-promocion-del-comercio-local-a-traves-de-una-nueva-iniciativa-en-colaboracion-con-la-camara-de-comercio\\\/#primaryimage\"},\"image\":{\"@id\":\"https:\\\/\\\/arealorcaradio.es\\\/index.php\\\/2025\\\/09\\\/18\\\/el-ayuntamiento-felicita-a-coros-y-danzas-de-lorca-por-su-contribucion-a-la-promocion-del-comercio-local-a-traves-de-una-nueva-iniciativa-en-colaboracion-con-la-camara-de-comercio\\\/#primaryimage\"},\"thumbnailUrl\":\"https:\\\/\\\/arealorcaradio.es\\\/wp-content\\\/uploads\\\/2025\\\/09\\\/20250918_113753-scaled.jpg\",\"datePublished\":\"2025-09-18T17:09:09+00:00\",\"author\":{\"@id\":\"https:\\\/\\\/arealorcaradio.es\\\/#\\\/schema\\\/person\\\/9fae605fc25b0f2c83c1ab207139bd27\"},\"breadcrumb\":{\"@id\":\"https:\\\/\\\/arealorcaradio.es\\\/index.php\\\/2025\\\/09\\\/18\\\/el-ayuntamiento-felicita-a-coros-y-danzas-de-lorca-por-su-contribucion-a-la-promocion-del-comercio-local-a-traves-de-una-nueva-iniciativa-en-colaboracion-con-la-camara-de-comercio\\\/#breadcrumb\"},\"inLanguage\":\"es\",\"potentialAction\":[{\"@type\":\"ReadAction\",\"target\":[\"https:\\\/\\\/arealorcaradio.es\\\/index.php\\\/2025\\\/09\\\/18\\\/el-ayuntamiento-felicita-a-coros-y-danzas-de-lorca-por-su-contribucion-a-la-promocion-del-comercio-local-a-traves-de-una-nueva-iniciativa-en-colaboracion-con-la-camara-de-comercio\\\/\"]}]},{\"@type\":\"ImageObject\",\"inLanguage\":\"es\",\"@id\":\"https:\\\/\\\/arealorcaradio.es\\\/index.php\\\/2025\\\/09\\\/18\\\/el-ayuntamiento-felicita-a-coros-y-danzas-de-lorca-por-su-contribucion-a-la-promocion-del-comercio-local-a-traves-de-una-nueva-iniciativa-en-colaboracion-con-la-camara-de-comercio\\\/#primaryimage\",\"url\":\"https:\\\/\\\/arealorcaradio.es\\\/wp-content\\\/uploads\\\/2025\\\/09\\\/20250918_113753-scaled.jpg\",\"contentUrl\":\"https:\\\/\\\/arealorcaradio.es\\\/wp-content\\\/uploads\\\/2025\\\/09\\\/20250918_113753-scaled.jpg\",\"width\":2560,\"height\":1920},{\"@type\":\"BreadcrumbList\",\"@id\":\"https:\\\/\\\/arealorcaradio.es\\\/index.php\\\/2025\\\/09\\\/18\\\/el-ayuntamiento-felicita-a-coros-y-danzas-de-lorca-por-su-contribucion-a-la-promocion-del-comercio-local-a-traves-de-una-nueva-iniciativa-en-colaboracion-con-la-camara-de-comercio\\\/#breadcrumb\",\"itemListElement\":[{\"@type\":\"ListItem\",\"position\":1,\"name\":\"Portada\",\"item\":\"https:\\\/\\\/arealorcaradio.es\\\/\"},{\"@type\":\"ListItem\",\"position\":2,\"name\":\"El Ayuntamiento felicita a Coros y Danzas de Lorca por su contribuci\u00f3n a la promoci\u00f3n del comercio local a trav\u00e9s de una nueva iniciativa en colaboraci\u00f3n con la C\u00e1mara de Comercio\"}]},{\"@type\":\"WebSite\",\"@id\":\"https:\\\/\\\/arealorcaradio.es\\\/#website\",\"url\":\"https:\\\/\\\/arealorcaradio.es\\\/\",\"name\":\"AREA LORCA RADIO\",\"description\":\"Descubre la programaci\u00f3n actual en \u00c1rea Lorca Radio, tu fuente de entrenamiento y noticias locales. Sintoniza ahora y mantente conectado online.\",\"potentialAction\":[{\"@type\":\"SearchAction\",\"target\":{\"@type\":\"EntryPoint\",\"urlTemplate\":\"https:\\\/\\\/arealorcaradio.es\\\/?s={search_term_string}\"},\"query-input\":{\"@type\":\"PropertyValueSpecification\",\"valueRequired\":true,\"valueName\":\"search_term_string\"}}],\"inLanguage\":\"es\"},{\"@type\":\"Person\",\"@id\":\"https:\\\/\\\/arealorcaradio.es\\\/#\\\/schema\\\/person\\\/9fae605fc25b0f2c83c1ab207139bd27\",\"name\":\"Paco S\u00e1nchez\",\"image\":{\"@type\":\"ImageObject\",\"inLanguage\":\"es\",\"@id\":\"https:\\\/\\\/secure.gravatar.com\\\/avatar\\\/d67144e966420fb74aa84c9f2a0103be4724fd14db52b52d3b6bca749f257e79?s=96&d=mm&r=g\",\"url\":\"https:\\\/\\\/secure.gravatar.com\\\/avatar\\\/d67144e966420fb74aa84c9f2a0103be4724fd14db52b52d3b6bca749f257e79?s=96&d=mm&r=g\",\"contentUrl\":\"https:\\\/\\\/secure.gravatar.com\\\/avatar\\\/d67144e966420fb74aa84c9f2a0103be4724fd14db52b52d3b6bca749f257e79?s=96&d=mm&r=g\",\"caption\":\"Paco S\u00e1nchez\"},\"sameAs\":[\"https:\\\/\\\/arealorcaradio.es\"],\"url\":\"https:\\\/\\\/arealorcaradio.es\\\/index.php\\\/author\\\/admin_alorcaradio\\\/\"}]}<\/script>\n<!-- \/ Yoast SEO plugin. -->","yoast_head_json":{"title":"El Ayuntamiento felicita a Coros y Danzas de Lorca por su contribuci\u00f3n a la promoci\u00f3n del comercio local a trav\u00e9s de una nueva iniciativa en colaboraci\u00f3n con la C\u00e1mara de Comercio - AREA LORCA RADIO","robots":{"index":"index","follow":"follow","max-snippet":"max-snippet:-1","max-image-preview":"max-image-preview:large","max-video-preview":"max-video-preview:-1"},"canonical":"https:\/\/arealorcaradio.es\/index.php\/2025\/09\/18\/el-ayuntamiento-felicita-a-coros-y-danzas-de-lorca-por-su-contribucion-a-la-promocion-del-comercio-local-a-traves-de-una-nueva-iniciativa-en-colaboracion-con-la-camara-de-comercio\/","og_locale":"es_ES","og_type":"article","og_title":"El Ayuntamiento felicita a Coros y Danzas de Lorca por su contribuci\u00f3n a la promoci\u00f3n del comercio local a trav\u00e9s de una nueva iniciativa en colaboraci\u00f3n con la C\u00e1mara de Comercio - AREA LORCA RADIO","og_description":"\u00c1REA LORCA RADIO. Tradiciones. Escucha aqu\u00ed la entrevista que ha concedido la presidenta de Coros y Danzas de Lorca, Antonia Mart\u00ednez a Paco S\u00e1nchez en el magazine de \u00c1rea Lorca Radio. Lorca, 18 de septiembre de 2025.\u00a0La edil de Comercio del Ayuntamiento de Lorca, Mayte Mart\u00ednez, junto al presidente de la C\u00e1mara de Comercio de [&hellip;]","og_url":"https:\/\/arealorcaradio.es\/index.php\/2025\/09\/18\/el-ayuntamiento-felicita-a-coros-y-danzas-de-lorca-por-su-contribucion-a-la-promocion-del-comercio-local-a-traves-de-una-nueva-iniciativa-en-colaboracion-con-la-camara-de-comercio\/","og_site_name":"AREA LORCA RADIO","article_published_time":"2025-09-18T17:09:09+00:00","og_image":[{"width":2560,"height":1920,"url":"https:\/\/arealorcaradio.es\/wp-content\/uploads\/2025\/09\/20250918_113753-scaled.jpg","type":"image\/jpeg"}],"author":"Paco S\u00e1nchez","twitter_card":"summary_large_image","twitter_misc":{"Escrito por":"Paco S\u00e1nchez","Tiempo de lectura":"4 minutos"},"schema":{"@context":"https:\/\/schema.org","@graph":[{"@type":"Article","@id":"https:\/\/arealorcaradio.es\/index.php\/2025\/09\/18\/el-ayuntamiento-felicita-a-coros-y-danzas-de-lorca-por-su-contribucion-a-la-promocion-del-comercio-local-a-traves-de-una-nueva-iniciativa-en-colaboracion-con-la-camara-de-comercio\/#article","isPartOf":{"@id":"https:\/\/arealorcaradio.es\/index.php\/2025\/09\/18\/el-ayuntamiento-felicita-a-coros-y-danzas-de-lorca-por-su-contribucion-a-la-promocion-del-comercio-local-a-traves-de-una-nueva-iniciativa-en-colaboracion-con-la-camara-de-comercio\/"},"author":{"name":"Paco S\u00e1nchez","@id":"https:\/\/arealorcaradio.es\/#\/schema\/person\/9fae605fc25b0f2c83c1ab207139bd27"},"headline":"El Ayuntamiento felicita a Coros y Danzas de Lorca por su contribuci\u00f3n a la promoci\u00f3n del comercio local a trav\u00e9s de una nueva iniciativa en colaboraci\u00f3n con la C\u00e1mara de Comercio","datePublished":"2025-09-18T17:09:09+00:00","mainEntityOfPage":{"@id":"https:\/\/arealorcaradio.es\/index.php\/2025\/09\/18\/el-ayuntamiento-felicita-a-coros-y-danzas-de-lorca-por-su-contribucion-a-la-promocion-del-comercio-local-a-traves-de-una-nueva-iniciativa-en-colaboracion-con-la-camara-de-comercio\/"},"wordCount":747,"commentCount":0,"image":{"@id":"https:\/\/arealorcaradio.es\/index.php\/2025\/09\/18\/el-ayuntamiento-felicita-a-coros-y-danzas-de-lorca-por-su-contribucion-a-la-promocion-del-comercio-local-a-traves-de-una-nueva-iniciativa-en-colaboracion-con-la-camara-de-comercio\/#primaryimage"},"thumbnailUrl":"https:\/\/arealorcaradio.es\/wp-content\/uploads\/2025\/09\/20250918_113753-scaled.jpg","articleSection":["ACTUALIDAD","LORCA"],"inLanguage":"es","potentialAction":[{"@type":"CommentAction","name":"Comment","target":["https:\/\/arealorcaradio.es\/index.php\/2025\/09\/18\/el-ayuntamiento-felicita-a-coros-y-danzas-de-lorca-por-su-contribucion-a-la-promocion-del-comercio-local-a-traves-de-una-nueva-iniciativa-en-colaboracion-con-la-camara-de-comercio\/#respond"]}]},{"@type":"WebPage","@id":"https:\/\/arealorcaradio.es\/index.php\/2025\/09\/18\/el-ayuntamiento-felicita-a-coros-y-danzas-de-lorca-por-su-contribucion-a-la-promocion-del-comercio-local-a-traves-de-una-nueva-iniciativa-en-colaboracion-con-la-camara-de-comercio\/","url":"https:\/\/arealorcaradio.es\/index.php\/2025\/09\/18\/el-ayuntamiento-felicita-a-coros-y-danzas-de-lorca-por-su-contribucion-a-la-promocion-del-comercio-local-a-traves-de-una-nueva-iniciativa-en-colaboracion-con-la-camara-de-comercio\/","name":"El Ayuntamiento felicita a Coros y Danzas de Lorca por su contribuci\u00f3n a la promoci\u00f3n del comercio local a trav\u00e9s de una nueva iniciativa en colaboraci\u00f3n con la C\u00e1mara de Comercio - AREA LORCA RADIO","isPartOf":{"@id":"https:\/\/arealorcaradio.es\/#website"},"primaryImageOfPage":{"@id":"https:\/\/arealorcaradio.es\/index.php\/2025\/09\/18\/el-ayuntamiento-felicita-a-coros-y-danzas-de-lorca-por-su-contribucion-a-la-promocion-del-comercio-local-a-traves-de-una-nueva-iniciativa-en-colaboracion-con-la-camara-de-comercio\/#primaryimage"},"image":{"@id":"https:\/\/arealorcaradio.es\/index.php\/2025\/09\/18\/el-ayuntamiento-felicita-a-coros-y-danzas-de-lorca-por-su-contribucion-a-la-promocion-del-comercio-local-a-traves-de-una-nueva-iniciativa-en-colaboracion-con-la-camara-de-comercio\/#primaryimage"},"thumbnailUrl":"https:\/\/arealorcaradio.es\/wp-content\/uploads\/2025\/09\/20250918_113753-scaled.jpg","datePublished":"2025-09-18T17:09:09+00:00","author":{"@id":"https:\/\/arealorcaradio.es\/#\/schema\/person\/9fae605fc25b0f2c83c1ab207139bd27"},"breadcrumb":{"@id":"https:\/\/arealorcaradio.es\/index.php\/2025\/09\/18\/el-ayuntamiento-felicita-a-coros-y-danzas-de-lorca-por-su-contribucion-a-la-promocion-del-comercio-local-a-traves-de-una-nueva-iniciativa-en-colaboracion-con-la-camara-de-comercio\/#breadcrumb"},"inLanguage":"es","potentialAction":[{"@type":"ReadAction","target":["https:\/\/arealorcaradio.es\/index.php\/2025\/09\/18\/el-ayuntamiento-felicita-a-coros-y-danzas-de-lorca-por-su-contribucion-a-la-promocion-del-comercio-local-a-traves-de-una-nueva-iniciativa-en-colaboracion-con-la-camara-de-comercio\/"]}]},{"@type":"ImageObject","inLanguage":"es","@id":"https:\/\/arealorcaradio.es\/index.php\/2025\/09\/18\/el-ayuntamiento-felicita-a-coros-y-danzas-de-lorca-por-su-contribucion-a-la-promocion-del-comercio-local-a-traves-de-una-nueva-iniciativa-en-colaboracion-con-la-camara-de-comercio\/#primaryimage","url":"https:\/\/arealorcaradio.es\/wp-content\/uploads\/2025\/09\/20250918_113753-scaled.jpg","contentUrl":"https:\/\/arealorcaradio.es\/wp-content\/uploads\/2025\/09\/20250918_113753-scaled.jpg","width":2560,"height":1920},{"@type":"BreadcrumbList","@id":"https:\/\/arealorcaradio.es\/index.php\/2025\/09\/18\/el-ayuntamiento-felicita-a-coros-y-danzas-de-lorca-por-su-contribucion-a-la-promocion-del-comercio-local-a-traves-de-una-nueva-iniciativa-en-colaboracion-con-la-camara-de-comercio\/#breadcrumb","itemListElement":[{"@type":"ListItem","position":1,"name":"Portada","item":"https:\/\/arealorcaradio.es\/"},{"@type":"ListItem","position":2,"name":"El Ayuntamiento felicita a Coros y Danzas de Lorca por su contribuci\u00f3n a la promoci\u00f3n del comercio local a trav\u00e9s de una nueva iniciativa en colaboraci\u00f3n con la C\u00e1mara de Comercio"}]},{"@type":"WebSite","@id":"https:\/\/arealorcaradio.es\/#website","url":"https:\/\/arealorcaradio.es\/","name":"AREA LORCA RADIO","description":"Descubre la programaci\u00f3n actual en \u00c1rea Lorca Radio, tu fuente de entrenamiento y noticias locales. Sintoniza ahora y mantente conectado online.","potentialAction":[{"@type":"SearchAction","target":{"@type":"EntryPoint","urlTemplate":"https:\/\/arealorcaradio.es\/?s={search_term_string}"},"query-input":{"@type":"PropertyValueSpecification","valueRequired":true,"valueName":"search_term_string"}}],"inLanguage":"es"},{"@type":"Person","@id":"https:\/\/arealorcaradio.es\/#\/schema\/person\/9fae605fc25b0f2c83c1ab207139bd27","name":"Paco S\u00e1nchez","image":{"@type":"ImageObject","inLanguage":"es","@id":"https:\/\/secure.gravatar.com\/avatar\/d67144e966420fb74aa84c9f2a0103be4724fd14db52b52d3b6bca749f257e79?s=96&d=mm&r=g","url":"https:\/\/secure.gravatar.com\/avatar\/d67144e966420fb74aa84c9f2a0103be4724fd14db52b52d3b6bca749f257e79?s=96&d=mm&r=g","contentUrl":"https:\/\/secure.gravatar.com\/avatar\/d67144e966420fb74aa84c9f2a0103be4724fd14db52b52d3b6bca749f257e79?s=96&d=mm&r=g","caption":"Paco S\u00e1nchez"},"sameAs":["https:\/\/arealorcaradio.es"],"url":"https:\/\/arealorcaradio.es\/index.php\/author\/admin_alorcaradio\/"}]}},"_links":{"self":[{"href":"https:\/\/arealorcaradio.es\/index.php\/wp-json\/wp\/v2\/posts\/7884","targetHints":{"allow":["GET"]}}],"collection":[{"href":"https:\/\/arealorcaradio.es\/index.php\/wp-json\/wp\/v2\/posts"}],"about":[{"href":"https:\/\/arealorcaradio.es\/index.php\/wp-json\/wp\/v2\/types\/post"}],"author":[{"embeddable":true,"href":"https:\/\/arealorcaradio.es\/index.php\/wp-json\/wp\/v2\/users\/1"}],"replies":[{"embeddable":true,"href":"https:\/\/arealorcaradio.es\/index.php\/wp-json\/wp\/v2\/comments?post=7884"}],"version-history":[{"count":2,"href":"https:\/\/arealorcaradio.es\/index.php\/wp-json\/wp\/v2\/posts\/7884\/revisions"}],"predecessor-version":[{"id":7910,"href":"https:\/\/arealorcaradio.es\/index.php\/wp-json\/wp\/v2\/posts\/7884\/revisions\/7910"}],"wp:featuredmedia":[{"embeddable":true,"href":"https:\/\/arealorcaradio.es\/index.php\/wp-json\/wp\/v2\/media\/7909"}],"wp:attachment":[{"href":"https:\/\/arealorcaradio.es\/index.php\/wp-json\/wp\/v2\/media?parent=7884"}],"wp:term":[{"taxonomy":"category","embeddable":true,"href":"https:\/\/arealorcaradio.es\/index.php\/wp-json\/wp\/v2\/categories?post=7884"},{"taxonomy":"post_tag","embeddable":true,"href":"https:\/\/arealorcaradio.es\/index.php\/wp-json\/wp\/v2\/tags?post=7884"}],"curies":[{"name":"wp","href":"https:\/\/api.w.org\/{rel}","templated":true}]}}