{"id":7866,"date":"2025-09-18T07:25:15","date_gmt":"2025-09-18T07:25:15","guid":{"rendered":"https:\/\/arealorcaradio.es\/?p=7866"},"modified":"2025-09-18T07:25:15","modified_gmt":"2025-09-18T07:25:15","slug":"drones-con-vision-nocturna-velaran-por-la-seguridad-durante-los-diez-dias-de-la-feria-y-fiestas-de-septiembre-en-lorca","status":"publish","type":"post","link":"https:\/\/arealorcaradio.es\/index.php\/2025\/09\/18\/drones-con-vision-nocturna-velaran-por-la-seguridad-durante-los-diez-dias-de-la-feria-y-fiestas-de-septiembre-en-lorca\/","title":{"rendered":"Drones con visi\u00f3n nocturna velar\u00e1n por la seguridad durante los diez d\u00edas de la Feria y Fiestas de septiembre en Lorca"},"content":{"rendered":"<p><strong>\u00c1REA LORCA RADIO.<\/strong> <b>Seguridad Ciudadana<\/b><\/p>\n<div>\n<p class=\"v1MsoNormal\"><b>Jueves, 18 de septiembre de 2025. <\/b>El dispositivo especial de seguridad y emergencias que va a desplegar el Ayuntamiento en los pr\u00f3ximos d\u00edas \u00abes el mayor operativo de seguridad puesto en marcha durante la Feria de septiembre para velar por el cumplimiento de las ordenanzas en todo el territorio y con un reto a\u00f1adido, el de &#8216;salvar&#8217; las obras de soterramiento de la trama urbana de la Ciudad que ejecuta Adif para llegar a todos los escenarios\u00bb. As\u00ed lo ha manifestado el alcalde, Fulgencio Gil J\u00f3dar, tras presidir la celebraci\u00f3n de la Junta Local de Seguridad en la que han participado los mandos y responsables de los distintos cuerpos de seguridad y emergencias que estos d\u00edas integrar\u00e1n el Plan Especial de Vigilancia, Seguridad y Emergencias, adem\u00e1s de otras \u00e1reas implicadas como el Servicio El\u00e9ctrico Municipal, Limusa y Aguas de Lorca.<\/p>\n<p class=\"v1MsoNormal\"><img loading=\"lazy\" decoding=\"async\" class=\"alignnone size-medium wp-image-7868\" src=\"https:\/\/arealorcaradio.es\/wp-content\/uploads\/2025\/09\/WhatsApp-Image-2025-09-16-at-12.15.30-2-300x200.jpeg\" alt=\"\" width=\"300\" height=\"200\" srcset=\"https:\/\/arealorcaradio.es\/wp-content\/uploads\/2025\/09\/WhatsApp-Image-2025-09-16-at-12.15.30-2-300x200.jpeg 300w, https:\/\/arealorcaradio.es\/wp-content\/uploads\/2025\/09\/WhatsApp-Image-2025-09-16-at-12.15.30-2-1024x682.jpeg 1024w, https:\/\/arealorcaradio.es\/wp-content\/uploads\/2025\/09\/WhatsApp-Image-2025-09-16-at-12.15.30-2-768x512.jpeg 768w, https:\/\/arealorcaradio.es\/wp-content\/uploads\/2025\/09\/WhatsApp-Image-2025-09-16-at-12.15.30-2-1536x1023.jpeg 1536w, https:\/\/arealorcaradio.es\/wp-content\/uploads\/2025\/09\/WhatsApp-Image-2025-09-16-at-12.15.30-2.jpeg 1600w\" sizes=\"auto, (max-width: 300px) 100vw, 300px\" \/><\/p>\n<p class=\"v1MsoNormal\">El operativo incluir\u00e1 drones con visi\u00f3n nocturna \u00abque vigilar\u00e1n las aglomeraciones desde las alturas. A ellos, se sumar\u00e1n las nuevas c\u00e1maras de videovigilancia repartidas por todo el territorio para controlar la afluencia multitudinaria que se prev\u00e9 durante los pr\u00f3ximos d\u00edas. El dispositivo est\u00e1 dirigido a velar por la seguridad, la movilidad y la convivencia c\u00edvica. Se han habilitado casi una treintena de aparcamientos que permitir\u00e1n unas 9.000 plazas. Todas ellas, situadas en zonas estrat\u00e9gicas para posibilitar a lorquinos y visitantes llegar c\u00f3modamente a todos los lugares en que se llevar\u00e1n a cabo los acontecimientos que se dar\u00e1n cita estos d\u00edas\u00bb.<\/p>\n<p class=\"v1MsoNormal\">Durante los pr\u00f3ximos d\u00edas, ha rese\u00f1ado, se llevar\u00e1n a cabo 1.000 servicios, a cargo de efectivos del Cuerpo Nacional de Polic\u00eda, Guardia Civil y Polic\u00eda Local, adem\u00e1s de seguridad privada, Servicio de Emergencias Municipal, Agrupaci\u00f3n de Voluntarios de Protecci\u00f3n Civil, Consorcio de Extinci\u00f3n de Incendios y Salvamento, Cruz Roja y 061. A ellos, se sumar\u00e1n los t\u00e9cnicos del Servicio El\u00e9ctrico Municipal, la Empresa Municipal de Limpieza Limusa y Aguas de Lorca. Estos efectivos estar\u00e1n apoyados por m\u00e1s de un centenar de veh\u00edculos de seguridad y emergencias y la Unidad Equina de la Polic\u00eda Local.<\/p>\n<p class=\"v1MsoNormal\">La plantilla de la Polic\u00eda Local en su totalidad, 131 agentes, integrar\u00e1 el operativo en el que tambi\u00e9n se dar\u00e1n cita agentes de Polic\u00eda Nacional y Guardia Civil. Se encargar\u00e1n del servicio ordinario, pero tambi\u00e9n de los servicios especiales con motivo de la Feria y Fiestas de septiembre. Participar\u00e1n con despliegues adecuados a cada uno de los eventos que se llevar\u00e1n a cabo en las distintas zonas, con previsi\u00f3n de se\u00f1alizaci\u00f3n, cortes, desv\u00edos, despejes y habilitaci\u00f3n de zonas de aparcamientos.<\/p>\n<p class=\"v1MsoNormal\">Los servicios crecen en n\u00famero desde la fase previa hasta la de desarrollo de eventos y actos que se ejecutar\u00e1n en el casco antiguo, Feria de Mediod\u00eda; Huerto de la Rueda, atracciones, Feria de Noche y conciertos; y Coso de Sutullena, conciertos, encierro infantil, corrida de toros, espect\u00e1culo infantil y Exhibici\u00f3n de Enganches. Se prev\u00e9 como d\u00edas de mayor afluencia, jueves, viernes y s\u00e1bado. Se pondr\u00e1 especial \u00e9nfasis en la vigilancia de la convivencia evitando comportamientos inc\u00edvicos como micciones en la v\u00eda p\u00fablica y &#8216;botell\u00f3n&#8217;.<\/p>\n<p class=\"v1MsoNormal\">Los horarios de finalizaci\u00f3n de eventos ser\u00e1n las 21 horas, para la Feria de Mediod\u00eda; 4 de la madrugada, en la carpa del Recinto Ferial del Huerto de la Rueda; y 6 de la madrugada, la ampliaci\u00f3n del horario en la carpa del Recinto Ferial del Huerto de la Rueda (jueves, viernes y s\u00e1bado). El Huerto de la Rueda, en su espacio exterior, contar\u00e1 con un Parque de Emergencias, con reserva de espacio para los servicios m\u00e9dicos y asistenciales, as\u00ed como para los servicios de extinci\u00f3n de incendios, emergencias, Protecci\u00f3n Civil y Fuerzas y Cuerpos de Seguridad.<\/p>\n<p class=\"v1MsoNormal\">Los viales de los Barrios Altos y Ronda Sur permanecer\u00e1n abiertos para convertirse en los accesos principales para lorquinos y visitantes. Durante el operativo se contempla la alerta antiterrorista. Se tiene en cuenta el Nivel 4 de alerta para los despliegues y colocaci\u00f3n t\u00e1ctica de veh\u00edculos en zonas de acceso a eventos, concentraciones y p\u00fablico.<\/p>\n<p class=\"v1MsoNormal\">Gil J\u00f3dar ha pedido la colaboraci\u00f3n de todos. \u00abTenemos que ser ejemplo de civismo, apelo a la conciencia de todos, a la vez que pido comprensi\u00f3n por las especiales circunstancias del tr\u00e1fico rodado que vamos a vivir estos d\u00edas\u00bb.<\/p>\n<p class=\"v1MsoNormal\">Por \u00faltimo, ha agradecido a todos los efectivos su esfuerzo. \u00abEs un operativo que tiene un trabajo previo muy intenso y en el que van a participar casi medio millar de efectivos de los distintos cuerpos de seguridad y emergencias durante las 24 horas de los diez d\u00edas de la Feria y Fiestas de Septiembre. Hay que tener en cuenta que, a su labor diaria, se suma el operativo especial en cada uno de los acontecimientos. Su labor es fundamental y su trabajo intenso, por lo que quiero agradecerles su implicaci\u00f3n para que todos, lorquinos y visitantes, tengamos la mejor de las ferias\u00bb.<\/p>\n<\/div>\n<div><\/div>\n","protected":false},"excerpt":{"rendered":"<p>\u00c1REA LORCA RADIO. Seguridad Ciudadana Jueves, 18 de septiembre de 2025. El dispositivo especial de seguridad y emergencias que va a desplegar el Ayuntamiento en los pr\u00f3ximos d\u00edas \u00abes el mayor operativo de seguridad puesto en marcha durante la Feria de septiembre para velar por el cumplimiento de las ordenanzas en todo el territorio y [&hellip;]<\/p>\n","protected":false},"author":1,"featured_media":7869,"comment_status":"open","ping_status":"open","sticky":false,"template":"","format":"standard","meta":{"iawp_total_views":6,"footnotes":""},"categories":[5,7],"tags":[],"class_list":["post-7866","post","type-post","status-publish","format-standard","has-post-thumbnail","hentry","category-actualidad","category-lorca"],"yoast_head":"<!-- This site is optimized with the Yoast SEO plugin v27.5 - https:\/\/yoast.com\/product\/yoast-seo-wordpress\/ -->\n<title>Drones con visi\u00f3n nocturna velar\u00e1n por la seguridad durante los diez d\u00edas de la Feria y Fiestas de septiembre en Lorca - AREA LORCA RADIO<\/title>\n<meta name=\"robots\" content=\"index, follow, max-snippet:-1, max-image-preview:large, max-video-preview:-1\" \/>\n<link rel=\"canonical\" href=\"https:\/\/arealorcaradio.es\/index.php\/2025\/09\/18\/drones-con-vision-nocturna-velaran-por-la-seguridad-durante-los-diez-dias-de-la-feria-y-fiestas-de-septiembre-en-lorca\/\" \/>\n<meta property=\"og:locale\" content=\"es_ES\" \/>\n<meta property=\"og:type\" content=\"article\" \/>\n<meta property=\"og:title\" content=\"Drones con visi\u00f3n nocturna velar\u00e1n por la seguridad durante los diez d\u00edas de la Feria y Fiestas de septiembre en Lorca - AREA LORCA RADIO\" \/>\n<meta property=\"og:description\" content=\"\u00c1REA LORCA RADIO. Seguridad Ciudadana Jueves, 18 de septiembre de 2025. El dispositivo especial de seguridad y emergencias que va a desplegar el Ayuntamiento en los pr\u00f3ximos d\u00edas \u00abes el mayor operativo de seguridad puesto en marcha durante la Feria de septiembre para velar por el cumplimiento de las ordenanzas en todo el territorio y [&hellip;]\" \/>\n<meta property=\"og:url\" content=\"https:\/\/arealorcaradio.es\/index.php\/2025\/09\/18\/drones-con-vision-nocturna-velaran-por-la-seguridad-durante-los-diez-dias-de-la-feria-y-fiestas-de-septiembre-en-lorca\/\" \/>\n<meta property=\"og:site_name\" content=\"AREA LORCA RADIO\" \/>\n<meta property=\"article:published_time\" content=\"2025-09-18T07:25:15+00:00\" \/>\n<meta property=\"og:image\" content=\"https:\/\/arealorcaradio.es\/wp-content\/uploads\/2025\/09\/WhatsApp-Image-2025-09-16-at-09.59.41-2-1.jpeg\" \/>\n\t<meta property=\"og:image:width\" content=\"1600\" \/>\n\t<meta property=\"og:image:height\" content=\"1066\" \/>\n\t<meta property=\"og:image:type\" content=\"image\/jpeg\" \/>\n<meta name=\"author\" content=\"Paco S\u00e1nchez\" \/>\n<meta name=\"twitter:card\" content=\"summary_large_image\" \/>\n<meta name=\"twitter:label1\" content=\"Escrito por\" \/>\n\t<meta name=\"twitter:data1\" content=\"Paco S\u00e1nchez\" \/>\n\t<meta name=\"twitter:label2\" content=\"Tiempo de lectura\" \/>\n\t<meta name=\"twitter:data2\" content=\"5 minutos\" \/>\n<script type=\"application\/ld+json\" class=\"yoast-schema-graph\">{\"@context\":\"https:\\\/\\\/schema.org\",\"@graph\":[{\"@type\":\"Article\",\"@id\":\"https:\\\/\\\/arealorcaradio.es\\\/index.php\\\/2025\\\/09\\\/18\\\/drones-con-vision-nocturna-velaran-por-la-seguridad-durante-los-diez-dias-de-la-feria-y-fiestas-de-septiembre-en-lorca\\\/#article\",\"isPartOf\":{\"@id\":\"https:\\\/\\\/arealorcaradio.es\\\/index.php\\\/2025\\\/09\\\/18\\\/drones-con-vision-nocturna-velaran-por-la-seguridad-durante-los-diez-dias-de-la-feria-y-fiestas-de-septiembre-en-lorca\\\/\"},\"author\":{\"name\":\"Paco S\u00e1nchez\",\"@id\":\"https:\\\/\\\/arealorcaradio.es\\\/#\\\/schema\\\/person\\\/9fae605fc25b0f2c83c1ab207139bd27\"},\"headline\":\"Drones con visi\u00f3n nocturna velar\u00e1n por la seguridad durante los diez d\u00edas de la Feria y Fiestas de septiembre en Lorca\",\"datePublished\":\"2025-09-18T07:25:15+00:00\",\"mainEntityOfPage\":{\"@id\":\"https:\\\/\\\/arealorcaradio.es\\\/index.php\\\/2025\\\/09\\\/18\\\/drones-con-vision-nocturna-velaran-por-la-seguridad-durante-los-diez-dias-de-la-feria-y-fiestas-de-septiembre-en-lorca\\\/\"},\"wordCount\":894,\"commentCount\":0,\"image\":{\"@id\":\"https:\\\/\\\/arealorcaradio.es\\\/index.php\\\/2025\\\/09\\\/18\\\/drones-con-vision-nocturna-velaran-por-la-seguridad-durante-los-diez-dias-de-la-feria-y-fiestas-de-septiembre-en-lorca\\\/#primaryimage\"},\"thumbnailUrl\":\"https:\\\/\\\/arealorcaradio.es\\\/wp-content\\\/uploads\\\/2025\\\/09\\\/WhatsApp-Image-2025-09-16-at-09.59.41-2-1.jpeg\",\"articleSection\":[\"ACTUALIDAD\",\"LORCA\"],\"inLanguage\":\"es\",\"potentialAction\":[{\"@type\":\"CommentAction\",\"name\":\"Comment\",\"target\":[\"https:\\\/\\\/arealorcaradio.es\\\/index.php\\\/2025\\\/09\\\/18\\\/drones-con-vision-nocturna-velaran-por-la-seguridad-durante-los-diez-dias-de-la-feria-y-fiestas-de-septiembre-en-lorca\\\/#respond\"]}]},{\"@type\":\"WebPage\",\"@id\":\"https:\\\/\\\/arealorcaradio.es\\\/index.php\\\/2025\\\/09\\\/18\\\/drones-con-vision-nocturna-velaran-por-la-seguridad-durante-los-diez-dias-de-la-feria-y-fiestas-de-septiembre-en-lorca\\\/\",\"url\":\"https:\\\/\\\/arealorcaradio.es\\\/index.php\\\/2025\\\/09\\\/18\\\/drones-con-vision-nocturna-velaran-por-la-seguridad-durante-los-diez-dias-de-la-feria-y-fiestas-de-septiembre-en-lorca\\\/\",\"name\":\"Drones con visi\u00f3n nocturna velar\u00e1n por la seguridad durante los diez d\u00edas de la Feria y Fiestas de septiembre en Lorca - AREA LORCA RADIO\",\"isPartOf\":{\"@id\":\"https:\\\/\\\/arealorcaradio.es\\\/#website\"},\"primaryImageOfPage\":{\"@id\":\"https:\\\/\\\/arealorcaradio.es\\\/index.php\\\/2025\\\/09\\\/18\\\/drones-con-vision-nocturna-velaran-por-la-seguridad-durante-los-diez-dias-de-la-feria-y-fiestas-de-septiembre-en-lorca\\\/#primaryimage\"},\"image\":{\"@id\":\"https:\\\/\\\/arealorcaradio.es\\\/index.php\\\/2025\\\/09\\\/18\\\/drones-con-vision-nocturna-velaran-por-la-seguridad-durante-los-diez-dias-de-la-feria-y-fiestas-de-septiembre-en-lorca\\\/#primaryimage\"},\"thumbnailUrl\":\"https:\\\/\\\/arealorcaradio.es\\\/wp-content\\\/uploads\\\/2025\\\/09\\\/WhatsApp-Image-2025-09-16-at-09.59.41-2-1.jpeg\",\"datePublished\":\"2025-09-18T07:25:15+00:00\",\"author\":{\"@id\":\"https:\\\/\\\/arealorcaradio.es\\\/#\\\/schema\\\/person\\\/9fae605fc25b0f2c83c1ab207139bd27\"},\"breadcrumb\":{\"@id\":\"https:\\\/\\\/arealorcaradio.es\\\/index.php\\\/2025\\\/09\\\/18\\\/drones-con-vision-nocturna-velaran-por-la-seguridad-durante-los-diez-dias-de-la-feria-y-fiestas-de-septiembre-en-lorca\\\/#breadcrumb\"},\"inLanguage\":\"es\",\"potentialAction\":[{\"@type\":\"ReadAction\",\"target\":[\"https:\\\/\\\/arealorcaradio.es\\\/index.php\\\/2025\\\/09\\\/18\\\/drones-con-vision-nocturna-velaran-por-la-seguridad-durante-los-diez-dias-de-la-feria-y-fiestas-de-septiembre-en-lorca\\\/\"]}]},{\"@type\":\"ImageObject\",\"inLanguage\":\"es\",\"@id\":\"https:\\\/\\\/arealorcaradio.es\\\/index.php\\\/2025\\\/09\\\/18\\\/drones-con-vision-nocturna-velaran-por-la-seguridad-durante-los-diez-dias-de-la-feria-y-fiestas-de-septiembre-en-lorca\\\/#primaryimage\",\"url\":\"https:\\\/\\\/arealorcaradio.es\\\/wp-content\\\/uploads\\\/2025\\\/09\\\/WhatsApp-Image-2025-09-16-at-09.59.41-2-1.jpeg\",\"contentUrl\":\"https:\\\/\\\/arealorcaradio.es\\\/wp-content\\\/uploads\\\/2025\\\/09\\\/WhatsApp-Image-2025-09-16-at-09.59.41-2-1.jpeg\",\"width\":1600,\"height\":1066},{\"@type\":\"BreadcrumbList\",\"@id\":\"https:\\\/\\\/arealorcaradio.es\\\/index.php\\\/2025\\\/09\\\/18\\\/drones-con-vision-nocturna-velaran-por-la-seguridad-durante-los-diez-dias-de-la-feria-y-fiestas-de-septiembre-en-lorca\\\/#breadcrumb\",\"itemListElement\":[{\"@type\":\"ListItem\",\"position\":1,\"name\":\"Portada\",\"item\":\"https:\\\/\\\/arealorcaradio.es\\\/\"},{\"@type\":\"ListItem\",\"position\":2,\"name\":\"Drones con visi\u00f3n nocturna velar\u00e1n por la seguridad durante los diez d\u00edas de la Feria y Fiestas de septiembre en Lorca\"}]},{\"@type\":\"WebSite\",\"@id\":\"https:\\\/\\\/arealorcaradio.es\\\/#website\",\"url\":\"https:\\\/\\\/arealorcaradio.es\\\/\",\"name\":\"AREA LORCA RADIO\",\"description\":\"Descubre la programaci\u00f3n actual en \u00c1rea Lorca Radio, tu fuente de entrenamiento y noticias locales. Sintoniza ahora y mantente conectado online.\",\"potentialAction\":[{\"@type\":\"SearchAction\",\"target\":{\"@type\":\"EntryPoint\",\"urlTemplate\":\"https:\\\/\\\/arealorcaradio.es\\\/?s={search_term_string}\"},\"query-input\":{\"@type\":\"PropertyValueSpecification\",\"valueRequired\":true,\"valueName\":\"search_term_string\"}}],\"inLanguage\":\"es\"},{\"@type\":\"Person\",\"@id\":\"https:\\\/\\\/arealorcaradio.es\\\/#\\\/schema\\\/person\\\/9fae605fc25b0f2c83c1ab207139bd27\",\"name\":\"Paco S\u00e1nchez\",\"image\":{\"@type\":\"ImageObject\",\"inLanguage\":\"es\",\"@id\":\"https:\\\/\\\/secure.gravatar.com\\\/avatar\\\/d67144e966420fb74aa84c9f2a0103be4724fd14db52b52d3b6bca749f257e79?s=96&d=mm&r=g\",\"url\":\"https:\\\/\\\/secure.gravatar.com\\\/avatar\\\/d67144e966420fb74aa84c9f2a0103be4724fd14db52b52d3b6bca749f257e79?s=96&d=mm&r=g\",\"contentUrl\":\"https:\\\/\\\/secure.gravatar.com\\\/avatar\\\/d67144e966420fb74aa84c9f2a0103be4724fd14db52b52d3b6bca749f257e79?s=96&d=mm&r=g\",\"caption\":\"Paco S\u00e1nchez\"},\"sameAs\":[\"https:\\\/\\\/arealorcaradio.es\"],\"url\":\"https:\\\/\\\/arealorcaradio.es\\\/index.php\\\/author\\\/admin_alorcaradio\\\/\"}]}<\/script>\n<!-- \/ Yoast SEO plugin. -->","yoast_head_json":{"title":"Drones con visi\u00f3n nocturna velar\u00e1n por la seguridad durante los diez d\u00edas de la Feria y Fiestas de septiembre en Lorca - AREA LORCA RADIO","robots":{"index":"index","follow":"follow","max-snippet":"max-snippet:-1","max-image-preview":"max-image-preview:large","max-video-preview":"max-video-preview:-1"},"canonical":"https:\/\/arealorcaradio.es\/index.php\/2025\/09\/18\/drones-con-vision-nocturna-velaran-por-la-seguridad-durante-los-diez-dias-de-la-feria-y-fiestas-de-septiembre-en-lorca\/","og_locale":"es_ES","og_type":"article","og_title":"Drones con visi\u00f3n nocturna velar\u00e1n por la seguridad durante los diez d\u00edas de la Feria y Fiestas de septiembre en Lorca - AREA LORCA RADIO","og_description":"\u00c1REA LORCA RADIO. Seguridad Ciudadana Jueves, 18 de septiembre de 2025. El dispositivo especial de seguridad y emergencias que va a desplegar el Ayuntamiento en los pr\u00f3ximos d\u00edas \u00abes el mayor operativo de seguridad puesto en marcha durante la Feria de septiembre para velar por el cumplimiento de las ordenanzas en todo el territorio y [&hellip;]","og_url":"https:\/\/arealorcaradio.es\/index.php\/2025\/09\/18\/drones-con-vision-nocturna-velaran-por-la-seguridad-durante-los-diez-dias-de-la-feria-y-fiestas-de-septiembre-en-lorca\/","og_site_name":"AREA LORCA RADIO","article_published_time":"2025-09-18T07:25:15+00:00","og_image":[{"width":1600,"height":1066,"url":"https:\/\/arealorcaradio.es\/wp-content\/uploads\/2025\/09\/WhatsApp-Image-2025-09-16-at-09.59.41-2-1.jpeg","type":"image\/jpeg"}],"author":"Paco S\u00e1nchez","twitter_card":"summary_large_image","twitter_misc":{"Escrito por":"Paco S\u00e1nchez","Tiempo de lectura":"5 minutos"},"schema":{"@context":"https:\/\/schema.org","@graph":[{"@type":"Article","@id":"https:\/\/arealorcaradio.es\/index.php\/2025\/09\/18\/drones-con-vision-nocturna-velaran-por-la-seguridad-durante-los-diez-dias-de-la-feria-y-fiestas-de-septiembre-en-lorca\/#article","isPartOf":{"@id":"https:\/\/arealorcaradio.es\/index.php\/2025\/09\/18\/drones-con-vision-nocturna-velaran-por-la-seguridad-durante-los-diez-dias-de-la-feria-y-fiestas-de-septiembre-en-lorca\/"},"author":{"name":"Paco S\u00e1nchez","@id":"https:\/\/arealorcaradio.es\/#\/schema\/person\/9fae605fc25b0f2c83c1ab207139bd27"},"headline":"Drones con visi\u00f3n nocturna velar\u00e1n por la seguridad durante los diez d\u00edas de la Feria y Fiestas de septiembre en Lorca","datePublished":"2025-09-18T07:25:15+00:00","mainEntityOfPage":{"@id":"https:\/\/arealorcaradio.es\/index.php\/2025\/09\/18\/drones-con-vision-nocturna-velaran-por-la-seguridad-durante-los-diez-dias-de-la-feria-y-fiestas-de-septiembre-en-lorca\/"},"wordCount":894,"commentCount":0,"image":{"@id":"https:\/\/arealorcaradio.es\/index.php\/2025\/09\/18\/drones-con-vision-nocturna-velaran-por-la-seguridad-durante-los-diez-dias-de-la-feria-y-fiestas-de-septiembre-en-lorca\/#primaryimage"},"thumbnailUrl":"https:\/\/arealorcaradio.es\/wp-content\/uploads\/2025\/09\/WhatsApp-Image-2025-09-16-at-09.59.41-2-1.jpeg","articleSection":["ACTUALIDAD","LORCA"],"inLanguage":"es","potentialAction":[{"@type":"CommentAction","name":"Comment","target":["https:\/\/arealorcaradio.es\/index.php\/2025\/09\/18\/drones-con-vision-nocturna-velaran-por-la-seguridad-durante-los-diez-dias-de-la-feria-y-fiestas-de-septiembre-en-lorca\/#respond"]}]},{"@type":"WebPage","@id":"https:\/\/arealorcaradio.es\/index.php\/2025\/09\/18\/drones-con-vision-nocturna-velaran-por-la-seguridad-durante-los-diez-dias-de-la-feria-y-fiestas-de-septiembre-en-lorca\/","url":"https:\/\/arealorcaradio.es\/index.php\/2025\/09\/18\/drones-con-vision-nocturna-velaran-por-la-seguridad-durante-los-diez-dias-de-la-feria-y-fiestas-de-septiembre-en-lorca\/","name":"Drones con visi\u00f3n nocturna velar\u00e1n por la seguridad durante los diez d\u00edas de la Feria y Fiestas de septiembre en Lorca - AREA LORCA RADIO","isPartOf":{"@id":"https:\/\/arealorcaradio.es\/#website"},"primaryImageOfPage":{"@id":"https:\/\/arealorcaradio.es\/index.php\/2025\/09\/18\/drones-con-vision-nocturna-velaran-por-la-seguridad-durante-los-diez-dias-de-la-feria-y-fiestas-de-septiembre-en-lorca\/#primaryimage"},"image":{"@id":"https:\/\/arealorcaradio.es\/index.php\/2025\/09\/18\/drones-con-vision-nocturna-velaran-por-la-seguridad-durante-los-diez-dias-de-la-feria-y-fiestas-de-septiembre-en-lorca\/#primaryimage"},"thumbnailUrl":"https:\/\/arealorcaradio.es\/wp-content\/uploads\/2025\/09\/WhatsApp-Image-2025-09-16-at-09.59.41-2-1.jpeg","datePublished":"2025-09-18T07:25:15+00:00","author":{"@id":"https:\/\/arealorcaradio.es\/#\/schema\/person\/9fae605fc25b0f2c83c1ab207139bd27"},"breadcrumb":{"@id":"https:\/\/arealorcaradio.es\/index.php\/2025\/09\/18\/drones-con-vision-nocturna-velaran-por-la-seguridad-durante-los-diez-dias-de-la-feria-y-fiestas-de-septiembre-en-lorca\/#breadcrumb"},"inLanguage":"es","potentialAction":[{"@type":"ReadAction","target":["https:\/\/arealorcaradio.es\/index.php\/2025\/09\/18\/drones-con-vision-nocturna-velaran-por-la-seguridad-durante-los-diez-dias-de-la-feria-y-fiestas-de-septiembre-en-lorca\/"]}]},{"@type":"ImageObject","inLanguage":"es","@id":"https:\/\/arealorcaradio.es\/index.php\/2025\/09\/18\/drones-con-vision-nocturna-velaran-por-la-seguridad-durante-los-diez-dias-de-la-feria-y-fiestas-de-septiembre-en-lorca\/#primaryimage","url":"https:\/\/arealorcaradio.es\/wp-content\/uploads\/2025\/09\/WhatsApp-Image-2025-09-16-at-09.59.41-2-1.jpeg","contentUrl":"https:\/\/arealorcaradio.es\/wp-content\/uploads\/2025\/09\/WhatsApp-Image-2025-09-16-at-09.59.41-2-1.jpeg","width":1600,"height":1066},{"@type":"BreadcrumbList","@id":"https:\/\/arealorcaradio.es\/index.php\/2025\/09\/18\/drones-con-vision-nocturna-velaran-por-la-seguridad-durante-los-diez-dias-de-la-feria-y-fiestas-de-septiembre-en-lorca\/#breadcrumb","itemListElement":[{"@type":"ListItem","position":1,"name":"Portada","item":"https:\/\/arealorcaradio.es\/"},{"@type":"ListItem","position":2,"name":"Drones con visi\u00f3n nocturna velar\u00e1n por la seguridad durante los diez d\u00edas de la Feria y Fiestas de septiembre en Lorca"}]},{"@type":"WebSite","@id":"https:\/\/arealorcaradio.es\/#website","url":"https:\/\/arealorcaradio.es\/","name":"AREA LORCA RADIO","description":"Descubre la programaci\u00f3n actual en \u00c1rea Lorca Radio, tu fuente de entrenamiento y noticias locales. Sintoniza ahora y mantente conectado online.","potentialAction":[{"@type":"SearchAction","target":{"@type":"EntryPoint","urlTemplate":"https:\/\/arealorcaradio.es\/?s={search_term_string}"},"query-input":{"@type":"PropertyValueSpecification","valueRequired":true,"valueName":"search_term_string"}}],"inLanguage":"es"},{"@type":"Person","@id":"https:\/\/arealorcaradio.es\/#\/schema\/person\/9fae605fc25b0f2c83c1ab207139bd27","name":"Paco S\u00e1nchez","image":{"@type":"ImageObject","inLanguage":"es","@id":"https:\/\/secure.gravatar.com\/avatar\/d67144e966420fb74aa84c9f2a0103be4724fd14db52b52d3b6bca749f257e79?s=96&d=mm&r=g","url":"https:\/\/secure.gravatar.com\/avatar\/d67144e966420fb74aa84c9f2a0103be4724fd14db52b52d3b6bca749f257e79?s=96&d=mm&r=g","contentUrl":"https:\/\/secure.gravatar.com\/avatar\/d67144e966420fb74aa84c9f2a0103be4724fd14db52b52d3b6bca749f257e79?s=96&d=mm&r=g","caption":"Paco S\u00e1nchez"},"sameAs":["https:\/\/arealorcaradio.es"],"url":"https:\/\/arealorcaradio.es\/index.php\/author\/admin_alorcaradio\/"}]}},"_links":{"self":[{"href":"https:\/\/arealorcaradio.es\/index.php\/wp-json\/wp\/v2\/posts\/7866","targetHints":{"allow":["GET"]}}],"collection":[{"href":"https:\/\/arealorcaradio.es\/index.php\/wp-json\/wp\/v2\/posts"}],"about":[{"href":"https:\/\/arealorcaradio.es\/index.php\/wp-json\/wp\/v2\/types\/post"}],"author":[{"embeddable":true,"href":"https:\/\/arealorcaradio.es\/index.php\/wp-json\/wp\/v2\/users\/1"}],"replies":[{"embeddable":true,"href":"https:\/\/arealorcaradio.es\/index.php\/wp-json\/wp\/v2\/comments?post=7866"}],"version-history":[{"count":2,"href":"https:\/\/arealorcaradio.es\/index.php\/wp-json\/wp\/v2\/posts\/7866\/revisions"}],"predecessor-version":[{"id":7871,"href":"https:\/\/arealorcaradio.es\/index.php\/wp-json\/wp\/v2\/posts\/7866\/revisions\/7871"}],"wp:featuredmedia":[{"embeddable":true,"href":"https:\/\/arealorcaradio.es\/index.php\/wp-json\/wp\/v2\/media\/7869"}],"wp:attachment":[{"href":"https:\/\/arealorcaradio.es\/index.php\/wp-json\/wp\/v2\/media?parent=7866"}],"wp:term":[{"taxonomy":"category","embeddable":true,"href":"https:\/\/arealorcaradio.es\/index.php\/wp-json\/wp\/v2\/categories?post=7866"},{"taxonomy":"post_tag","embeddable":true,"href":"https:\/\/arealorcaradio.es\/index.php\/wp-json\/wp\/v2\/tags?post=7866"}],"curies":[{"name":"wp","href":"https:\/\/api.w.org\/{rel}","templated":true}]}}