{"id":7848,"date":"2025-09-16T17:37:11","date_gmt":"2025-09-16T17:37:11","guid":{"rendered":"https:\/\/arealorcaradio.es\/?p=7848"},"modified":"2025-09-16T17:37:11","modified_gmt":"2025-09-16T17:37:11","slug":"charlie-blue-lanza-el-videoclip-que-hablen-tercer-single-de-su-album-el-viaje","status":"publish","type":"post","link":"https:\/\/arealorcaradio.es\/index.php\/2025\/09\/16\/charlie-blue-lanza-el-videoclip-que-hablen-tercer-single-de-su-album-el-viaje\/","title":{"rendered":"Charlie Blue lanza el videoclip \u00abQue hablen\u00bb, tercer single de su \u00e1lbum \u00abEl viaje\u00bb"},"content":{"rendered":"<p><strong>\u00c1REA LORCA RADIO. M\u00fasica.<\/strong><\/p>\n<p>Escucha aqu\u00ed la entrevista que ha realizado Paco S\u00e1nchez a Jos\u00e9 Carlos Alcolea Tom\u00e1s \u00abCharlie Blue\u00bb en el programa magazine de \u00c1rea Lorca Radio.<\/p>\n<audio class=\"wp-audio-shortcode\" id=\"audio-7848-1\" preload=\"none\" style=\"width: 100%;\" controls=\"controls\"><source type=\"audio\/mpeg\" src=\"https:\/\/arealorcaradio.es\/wp-content\/uploads\/2025\/09\/160925-CHARLIE-BLUE.-PRESENTA-QUE-HABLEN.mp3?_=1\" \/><a href=\"https:\/\/arealorcaradio.es\/wp-content\/uploads\/2025\/09\/160925-CHARLIE-BLUE.-PRESENTA-QUE-HABLEN.mp3\">https:\/\/arealorcaradio.es\/wp-content\/uploads\/2025\/09\/160925-CHARLIE-BLUE.-PRESENTA-QUE-HABLEN.mp3<\/a><\/audio>\n<p>El videoclip de \u00abQue hablen\u00bb, es el tercer single adelanto del \u00e1lbum debut de \u00abCharlie Blue\u00bb (Jos\u00e9 Carlos Alcolea Tom\u00e1s); \u00abEl viaje\u00bb. Su mejor tema hasta la fecha.<\/p>\n<p><img loading=\"lazy\" decoding=\"async\" class=\"alignnone size-medium wp-image-7851\" src=\"https:\/\/arealorcaradio.es\/wp-content\/uploads\/2025\/09\/IMG-20250916-WA0070-268x300.jpg\" alt=\"\" width=\"268\" height=\"300\" srcset=\"https:\/\/arealorcaradio.es\/wp-content\/uploads\/2025\/09\/IMG-20250916-WA0070-268x300.jpg 268w, https:\/\/arealorcaradio.es\/wp-content\/uploads\/2025\/09\/IMG-20250916-WA0070-768x860.jpg 768w, https:\/\/arealorcaradio.es\/wp-content\/uploads\/2025\/09\/IMG-20250916-WA0070.jpg 899w\" sizes=\"auto, (max-width: 268px) 100vw, 268px\" \/><\/p>\n<p>El videoclip est\u00e1 rodado \u00edntegramente en la \u00abCiudad del Sol\u00bb, en lugares emblem\u00e1ticos como las Alamedas y el Teatro Guerra, a cargo de los filmmaker Giuseppe Constantino (Valeulab) e Ismael Mi\u00f1arro. Los actores participantes fueron Cysco, Lorena, Mariado, Marina, Sole, Manolo, Miriam y Bartolo.<\/p>\n<p>El tema est\u00e1 producido por el tambi\u00e9n cantautor local L\u00e1zaro Manzanares Garc\u00eda \u00abLaza\u00bb, que participa adem\u00e1s en los coros junto a Noelia Hern\u00e1ndez, y masterizado por el prestigioso productor e ingeniero de sonido Carlos Due\u00f1as, responsable tanto como Ingeniero de Estudio, Grabaci\u00f3n, Mezcla o Productor de artistas como Rosal\u00eda, Miss Caffeina, Zahara, Las Migas, Delaf\u00e9 y las Flores Azules, Malm\u00f6 040 o Maren, entre otros.<\/p>\n<p>La letra de \u00abQue hablen\u00bb es un viaje introspectivo que nos invita a reflexionar sobre la vida, la creatividad y la b\u00fasqueda de la identidad, de la autenticidad y con\u00a0un mensaje claro en este sentido: \u00abAhora que hablen, que hablen de todos, que hablen de m\u00ed\u00bb.<\/p>\n<p>La historia detr\u00e1s de la composici\u00f3n de la canci\u00f3n, en la playa de Santiago de la Ribera (Regi\u00f3n de Murcia) a las 2 de la madrugada despu\u00e9s de salir de trabajar, a\u00f1ade un toque de intimidad y simbolismo muy presentes en el tema. La luna y el mar parecen haber sido los catalizadores perfectos para que Charlie Blue pudiera explorar sus pensamientos y emociones m\u00e1s profundos. Una\u00a0obra que resonar\u00e1 en el coraz\u00f3n de los oyentes, y que ser\u00e1 publicada en las plataformas digitales pr\u00f3ximamente.<\/p>\n<p>El pasado verano, Charlie tuvo la oportunidad de subirse al escenario principal del \u00abFortaleza Sound\u00bb en Lorca acompa\u00f1ando a Neverland Bari y al del \u00abFestival Mediterr\u00e1nea\u00bb en Gand\u00eda junto a \u00d1eku, y en los pr\u00f3ximos meses conoceremos m\u00e1s detalles de su prometedor proyecto musical de manera independiente y autogestionada.<\/p>\n","protected":false},"excerpt":{"rendered":"<p>\u00c1REA LORCA RADIO. M\u00fasica. Escucha aqu\u00ed la entrevista que ha realizado Paco S\u00e1nchez a Jos\u00e9 Carlos Alcolea Tom\u00e1s \u00abCharlie Blue\u00bb en el programa magazine de \u00c1rea Lorca Radio. El videoclip de \u00abQue hablen\u00bb, es el tercer single adelanto del \u00e1lbum debut de \u00abCharlie Blue\u00bb (Jos\u00e9 Carlos Alcolea Tom\u00e1s); \u00abEl viaje\u00bb. Su mejor tema hasta la [&hellip;]<\/p>\n","protected":false},"author":1,"featured_media":7854,"comment_status":"open","ping_status":"open","sticky":false,"template":"","format":"standard","meta":{"iawp_total_views":74,"footnotes":""},"categories":[5,7,1],"tags":[],"class_list":["post-7848","post","type-post","status-publish","format-standard","has-post-thumbnail","hentry","category-actualidad","category-lorca","category-videoclips"],"yoast_head":"<!-- This site is optimized with the Yoast SEO plugin v27.5 - https:\/\/yoast.com\/product\/yoast-seo-wordpress\/ -->\n<title>Charlie Blue lanza el videoclip &quot;Que hablen&quot;, tercer single de su \u00e1lbum &quot;El viaje&quot; - AREA LORCA RADIO<\/title>\n<meta name=\"robots\" content=\"index, follow, max-snippet:-1, max-image-preview:large, max-video-preview:-1\" \/>\n<link rel=\"canonical\" href=\"https:\/\/arealorcaradio.es\/index.php\/2025\/09\/16\/charlie-blue-lanza-el-videoclip-que-hablen-tercer-single-de-su-album-el-viaje\/\" \/>\n<meta property=\"og:locale\" content=\"es_ES\" \/>\n<meta property=\"og:type\" content=\"article\" \/>\n<meta property=\"og:title\" content=\"Charlie Blue lanza el videoclip &quot;Que hablen&quot;, tercer single de su \u00e1lbum &quot;El viaje&quot; - AREA LORCA RADIO\" \/>\n<meta property=\"og:description\" content=\"\u00c1REA LORCA RADIO. M\u00fasica. Escucha aqu\u00ed la entrevista que ha realizado Paco S\u00e1nchez a Jos\u00e9 Carlos Alcolea Tom\u00e1s \u00abCharlie Blue\u00bb en el programa magazine de \u00c1rea Lorca Radio. El videoclip de \u00abQue hablen\u00bb, es el tercer single adelanto del \u00e1lbum debut de \u00abCharlie Blue\u00bb (Jos\u00e9 Carlos Alcolea Tom\u00e1s); \u00abEl viaje\u00bb. Su mejor tema hasta la [&hellip;]\" \/>\n<meta property=\"og:url\" content=\"https:\/\/arealorcaradio.es\/index.php\/2025\/09\/16\/charlie-blue-lanza-el-videoclip-que-hablen-tercer-single-de-su-album-el-viaje\/\" \/>\n<meta property=\"og:site_name\" content=\"AREA LORCA RADIO\" \/>\n<meta property=\"article:published_time\" content=\"2025-09-16T17:37:11+00:00\" \/>\n<meta property=\"og:image\" content=\"https:\/\/arealorcaradio.es\/wp-content\/uploads\/2025\/09\/20250916_173516-scaled.jpg\" \/>\n\t<meta property=\"og:image:width\" content=\"2560\" \/>\n\t<meta property=\"og:image:height\" content=\"1920\" \/>\n\t<meta property=\"og:image:type\" content=\"image\/jpeg\" \/>\n<meta name=\"author\" content=\"Paco S\u00e1nchez\" \/>\n<meta name=\"twitter:card\" content=\"summary_large_image\" \/>\n<meta name=\"twitter:label1\" content=\"Escrito por\" \/>\n\t<meta name=\"twitter:data1\" content=\"Paco S\u00e1nchez\" \/>\n\t<meta name=\"twitter:label2\" content=\"Tiempo de lectura\" \/>\n\t<meta name=\"twitter:data2\" content=\"2 minutos\" \/>\n<script type=\"application\/ld+json\" class=\"yoast-schema-graph\">{\"@context\":\"https:\\\/\\\/schema.org\",\"@graph\":[{\"@type\":\"Article\",\"@id\":\"https:\\\/\\\/arealorcaradio.es\\\/index.php\\\/2025\\\/09\\\/16\\\/charlie-blue-lanza-el-videoclip-que-hablen-tercer-single-de-su-album-el-viaje\\\/#article\",\"isPartOf\":{\"@id\":\"https:\\\/\\\/arealorcaradio.es\\\/index.php\\\/2025\\\/09\\\/16\\\/charlie-blue-lanza-el-videoclip-que-hablen-tercer-single-de-su-album-el-viaje\\\/\"},\"author\":{\"name\":\"Paco S\u00e1nchez\",\"@id\":\"https:\\\/\\\/arealorcaradio.es\\\/#\\\/schema\\\/person\\\/9fae605fc25b0f2c83c1ab207139bd27\"},\"headline\":\"Charlie Blue lanza el videoclip \u00abQue hablen\u00bb, tercer single de su \u00e1lbum \u00abEl viaje\u00bb\",\"datePublished\":\"2025-09-16T17:37:11+00:00\",\"mainEntityOfPage\":{\"@id\":\"https:\\\/\\\/arealorcaradio.es\\\/index.php\\\/2025\\\/09\\\/16\\\/charlie-blue-lanza-el-videoclip-que-hablen-tercer-single-de-su-album-el-viaje\\\/\"},\"wordCount\":398,\"commentCount\":0,\"image\":{\"@id\":\"https:\\\/\\\/arealorcaradio.es\\\/index.php\\\/2025\\\/09\\\/16\\\/charlie-blue-lanza-el-videoclip-que-hablen-tercer-single-de-su-album-el-viaje\\\/#primaryimage\"},\"thumbnailUrl\":\"https:\\\/\\\/arealorcaradio.es\\\/wp-content\\\/uploads\\\/2025\\\/09\\\/20250916_173516-scaled.jpg\",\"articleSection\":[\"ACTUALIDAD\",\"LORCA\",\"Videoclips\"],\"inLanguage\":\"es\",\"potentialAction\":[{\"@type\":\"CommentAction\",\"name\":\"Comment\",\"target\":[\"https:\\\/\\\/arealorcaradio.es\\\/index.php\\\/2025\\\/09\\\/16\\\/charlie-blue-lanza-el-videoclip-que-hablen-tercer-single-de-su-album-el-viaje\\\/#respond\"]}]},{\"@type\":\"WebPage\",\"@id\":\"https:\\\/\\\/arealorcaradio.es\\\/index.php\\\/2025\\\/09\\\/16\\\/charlie-blue-lanza-el-videoclip-que-hablen-tercer-single-de-su-album-el-viaje\\\/\",\"url\":\"https:\\\/\\\/arealorcaradio.es\\\/index.php\\\/2025\\\/09\\\/16\\\/charlie-blue-lanza-el-videoclip-que-hablen-tercer-single-de-su-album-el-viaje\\\/\",\"name\":\"Charlie Blue lanza el videoclip \\\"Que hablen\\\", tercer single de su \u00e1lbum \\\"El viaje\\\" - AREA LORCA RADIO\",\"isPartOf\":{\"@id\":\"https:\\\/\\\/arealorcaradio.es\\\/#website\"},\"primaryImageOfPage\":{\"@id\":\"https:\\\/\\\/arealorcaradio.es\\\/index.php\\\/2025\\\/09\\\/16\\\/charlie-blue-lanza-el-videoclip-que-hablen-tercer-single-de-su-album-el-viaje\\\/#primaryimage\"},\"image\":{\"@id\":\"https:\\\/\\\/arealorcaradio.es\\\/index.php\\\/2025\\\/09\\\/16\\\/charlie-blue-lanza-el-videoclip-que-hablen-tercer-single-de-su-album-el-viaje\\\/#primaryimage\"},\"thumbnailUrl\":\"https:\\\/\\\/arealorcaradio.es\\\/wp-content\\\/uploads\\\/2025\\\/09\\\/20250916_173516-scaled.jpg\",\"datePublished\":\"2025-09-16T17:37:11+00:00\",\"author\":{\"@id\":\"https:\\\/\\\/arealorcaradio.es\\\/#\\\/schema\\\/person\\\/9fae605fc25b0f2c83c1ab207139bd27\"},\"breadcrumb\":{\"@id\":\"https:\\\/\\\/arealorcaradio.es\\\/index.php\\\/2025\\\/09\\\/16\\\/charlie-blue-lanza-el-videoclip-que-hablen-tercer-single-de-su-album-el-viaje\\\/#breadcrumb\"},\"inLanguage\":\"es\",\"potentialAction\":[{\"@type\":\"ReadAction\",\"target\":[\"https:\\\/\\\/arealorcaradio.es\\\/index.php\\\/2025\\\/09\\\/16\\\/charlie-blue-lanza-el-videoclip-que-hablen-tercer-single-de-su-album-el-viaje\\\/\"]}]},{\"@type\":\"ImageObject\",\"inLanguage\":\"es\",\"@id\":\"https:\\\/\\\/arealorcaradio.es\\\/index.php\\\/2025\\\/09\\\/16\\\/charlie-blue-lanza-el-videoclip-que-hablen-tercer-single-de-su-album-el-viaje\\\/#primaryimage\",\"url\":\"https:\\\/\\\/arealorcaradio.es\\\/wp-content\\\/uploads\\\/2025\\\/09\\\/20250916_173516-scaled.jpg\",\"contentUrl\":\"https:\\\/\\\/arealorcaradio.es\\\/wp-content\\\/uploads\\\/2025\\\/09\\\/20250916_173516-scaled.jpg\",\"width\":2560,\"height\":1920},{\"@type\":\"BreadcrumbList\",\"@id\":\"https:\\\/\\\/arealorcaradio.es\\\/index.php\\\/2025\\\/09\\\/16\\\/charlie-blue-lanza-el-videoclip-que-hablen-tercer-single-de-su-album-el-viaje\\\/#breadcrumb\",\"itemListElement\":[{\"@type\":\"ListItem\",\"position\":1,\"name\":\"Portada\",\"item\":\"https:\\\/\\\/arealorcaradio.es\\\/\"},{\"@type\":\"ListItem\",\"position\":2,\"name\":\"Charlie Blue lanza el videoclip \u00abQue hablen\u00bb, tercer single de su \u00e1lbum \u00abEl viaje\u00bb\"}]},{\"@type\":\"WebSite\",\"@id\":\"https:\\\/\\\/arealorcaradio.es\\\/#website\",\"url\":\"https:\\\/\\\/arealorcaradio.es\\\/\",\"name\":\"AREA LORCA RADIO\",\"description\":\"Descubre la programaci\u00f3n actual en \u00c1rea Lorca Radio, tu fuente de entrenamiento y noticias locales. Sintoniza ahora y mantente conectado online.\",\"potentialAction\":[{\"@type\":\"SearchAction\",\"target\":{\"@type\":\"EntryPoint\",\"urlTemplate\":\"https:\\\/\\\/arealorcaradio.es\\\/?s={search_term_string}\"},\"query-input\":{\"@type\":\"PropertyValueSpecification\",\"valueRequired\":true,\"valueName\":\"search_term_string\"}}],\"inLanguage\":\"es\"},{\"@type\":\"Person\",\"@id\":\"https:\\\/\\\/arealorcaradio.es\\\/#\\\/schema\\\/person\\\/9fae605fc25b0f2c83c1ab207139bd27\",\"name\":\"Paco S\u00e1nchez\",\"image\":{\"@type\":\"ImageObject\",\"inLanguage\":\"es\",\"@id\":\"https:\\\/\\\/secure.gravatar.com\\\/avatar\\\/d67144e966420fb74aa84c9f2a0103be4724fd14db52b52d3b6bca749f257e79?s=96&d=mm&r=g\",\"url\":\"https:\\\/\\\/secure.gravatar.com\\\/avatar\\\/d67144e966420fb74aa84c9f2a0103be4724fd14db52b52d3b6bca749f257e79?s=96&d=mm&r=g\",\"contentUrl\":\"https:\\\/\\\/secure.gravatar.com\\\/avatar\\\/d67144e966420fb74aa84c9f2a0103be4724fd14db52b52d3b6bca749f257e79?s=96&d=mm&r=g\",\"caption\":\"Paco S\u00e1nchez\"},\"sameAs\":[\"https:\\\/\\\/arealorcaradio.es\"],\"url\":\"https:\\\/\\\/arealorcaradio.es\\\/index.php\\\/author\\\/admin_alorcaradio\\\/\"}]}<\/script>\n<!-- \/ Yoast SEO plugin. -->","yoast_head_json":{"title":"Charlie Blue lanza el videoclip \"Que hablen\", tercer single de su \u00e1lbum \"El viaje\" - AREA LORCA RADIO","robots":{"index":"index","follow":"follow","max-snippet":"max-snippet:-1","max-image-preview":"max-image-preview:large","max-video-preview":"max-video-preview:-1"},"canonical":"https:\/\/arealorcaradio.es\/index.php\/2025\/09\/16\/charlie-blue-lanza-el-videoclip-que-hablen-tercer-single-de-su-album-el-viaje\/","og_locale":"es_ES","og_type":"article","og_title":"Charlie Blue lanza el videoclip \"Que hablen\", tercer single de su \u00e1lbum \"El viaje\" - AREA LORCA RADIO","og_description":"\u00c1REA LORCA RADIO. M\u00fasica. Escucha aqu\u00ed la entrevista que ha realizado Paco S\u00e1nchez a Jos\u00e9 Carlos Alcolea Tom\u00e1s \u00abCharlie Blue\u00bb en el programa magazine de \u00c1rea Lorca Radio. El videoclip de \u00abQue hablen\u00bb, es el tercer single adelanto del \u00e1lbum debut de \u00abCharlie Blue\u00bb (Jos\u00e9 Carlos Alcolea Tom\u00e1s); \u00abEl viaje\u00bb. Su mejor tema hasta la [&hellip;]","og_url":"https:\/\/arealorcaradio.es\/index.php\/2025\/09\/16\/charlie-blue-lanza-el-videoclip-que-hablen-tercer-single-de-su-album-el-viaje\/","og_site_name":"AREA LORCA RADIO","article_published_time":"2025-09-16T17:37:11+00:00","og_image":[{"width":2560,"height":1920,"url":"https:\/\/arealorcaradio.es\/wp-content\/uploads\/2025\/09\/20250916_173516-scaled.jpg","type":"image\/jpeg"}],"author":"Paco S\u00e1nchez","twitter_card":"summary_large_image","twitter_misc":{"Escrito por":"Paco S\u00e1nchez","Tiempo de lectura":"2 minutos"},"schema":{"@context":"https:\/\/schema.org","@graph":[{"@type":"Article","@id":"https:\/\/arealorcaradio.es\/index.php\/2025\/09\/16\/charlie-blue-lanza-el-videoclip-que-hablen-tercer-single-de-su-album-el-viaje\/#article","isPartOf":{"@id":"https:\/\/arealorcaradio.es\/index.php\/2025\/09\/16\/charlie-blue-lanza-el-videoclip-que-hablen-tercer-single-de-su-album-el-viaje\/"},"author":{"name":"Paco S\u00e1nchez","@id":"https:\/\/arealorcaradio.es\/#\/schema\/person\/9fae605fc25b0f2c83c1ab207139bd27"},"headline":"Charlie Blue lanza el videoclip \u00abQue hablen\u00bb, tercer single de su \u00e1lbum \u00abEl viaje\u00bb","datePublished":"2025-09-16T17:37:11+00:00","mainEntityOfPage":{"@id":"https:\/\/arealorcaradio.es\/index.php\/2025\/09\/16\/charlie-blue-lanza-el-videoclip-que-hablen-tercer-single-de-su-album-el-viaje\/"},"wordCount":398,"commentCount":0,"image":{"@id":"https:\/\/arealorcaradio.es\/index.php\/2025\/09\/16\/charlie-blue-lanza-el-videoclip-que-hablen-tercer-single-de-su-album-el-viaje\/#primaryimage"},"thumbnailUrl":"https:\/\/arealorcaradio.es\/wp-content\/uploads\/2025\/09\/20250916_173516-scaled.jpg","articleSection":["ACTUALIDAD","LORCA","Videoclips"],"inLanguage":"es","potentialAction":[{"@type":"CommentAction","name":"Comment","target":["https:\/\/arealorcaradio.es\/index.php\/2025\/09\/16\/charlie-blue-lanza-el-videoclip-que-hablen-tercer-single-de-su-album-el-viaje\/#respond"]}]},{"@type":"WebPage","@id":"https:\/\/arealorcaradio.es\/index.php\/2025\/09\/16\/charlie-blue-lanza-el-videoclip-que-hablen-tercer-single-de-su-album-el-viaje\/","url":"https:\/\/arealorcaradio.es\/index.php\/2025\/09\/16\/charlie-blue-lanza-el-videoclip-que-hablen-tercer-single-de-su-album-el-viaje\/","name":"Charlie Blue lanza el videoclip \"Que hablen\", tercer single de su \u00e1lbum \"El viaje\" - AREA LORCA RADIO","isPartOf":{"@id":"https:\/\/arealorcaradio.es\/#website"},"primaryImageOfPage":{"@id":"https:\/\/arealorcaradio.es\/index.php\/2025\/09\/16\/charlie-blue-lanza-el-videoclip-que-hablen-tercer-single-de-su-album-el-viaje\/#primaryimage"},"image":{"@id":"https:\/\/arealorcaradio.es\/index.php\/2025\/09\/16\/charlie-blue-lanza-el-videoclip-que-hablen-tercer-single-de-su-album-el-viaje\/#primaryimage"},"thumbnailUrl":"https:\/\/arealorcaradio.es\/wp-content\/uploads\/2025\/09\/20250916_173516-scaled.jpg","datePublished":"2025-09-16T17:37:11+00:00","author":{"@id":"https:\/\/arealorcaradio.es\/#\/schema\/person\/9fae605fc25b0f2c83c1ab207139bd27"},"breadcrumb":{"@id":"https:\/\/arealorcaradio.es\/index.php\/2025\/09\/16\/charlie-blue-lanza-el-videoclip-que-hablen-tercer-single-de-su-album-el-viaje\/#breadcrumb"},"inLanguage":"es","potentialAction":[{"@type":"ReadAction","target":["https:\/\/arealorcaradio.es\/index.php\/2025\/09\/16\/charlie-blue-lanza-el-videoclip-que-hablen-tercer-single-de-su-album-el-viaje\/"]}]},{"@type":"ImageObject","inLanguage":"es","@id":"https:\/\/arealorcaradio.es\/index.php\/2025\/09\/16\/charlie-blue-lanza-el-videoclip-que-hablen-tercer-single-de-su-album-el-viaje\/#primaryimage","url":"https:\/\/arealorcaradio.es\/wp-content\/uploads\/2025\/09\/20250916_173516-scaled.jpg","contentUrl":"https:\/\/arealorcaradio.es\/wp-content\/uploads\/2025\/09\/20250916_173516-scaled.jpg","width":2560,"height":1920},{"@type":"BreadcrumbList","@id":"https:\/\/arealorcaradio.es\/index.php\/2025\/09\/16\/charlie-blue-lanza-el-videoclip-que-hablen-tercer-single-de-su-album-el-viaje\/#breadcrumb","itemListElement":[{"@type":"ListItem","position":1,"name":"Portada","item":"https:\/\/arealorcaradio.es\/"},{"@type":"ListItem","position":2,"name":"Charlie Blue lanza el videoclip \u00abQue hablen\u00bb, tercer single de su \u00e1lbum \u00abEl viaje\u00bb"}]},{"@type":"WebSite","@id":"https:\/\/arealorcaradio.es\/#website","url":"https:\/\/arealorcaradio.es\/","name":"AREA LORCA RADIO","description":"Descubre la programaci\u00f3n actual en \u00c1rea Lorca Radio, tu fuente de entrenamiento y noticias locales. Sintoniza ahora y mantente conectado online.","potentialAction":[{"@type":"SearchAction","target":{"@type":"EntryPoint","urlTemplate":"https:\/\/arealorcaradio.es\/?s={search_term_string}"},"query-input":{"@type":"PropertyValueSpecification","valueRequired":true,"valueName":"search_term_string"}}],"inLanguage":"es"},{"@type":"Person","@id":"https:\/\/arealorcaradio.es\/#\/schema\/person\/9fae605fc25b0f2c83c1ab207139bd27","name":"Paco S\u00e1nchez","image":{"@type":"ImageObject","inLanguage":"es","@id":"https:\/\/secure.gravatar.com\/avatar\/d67144e966420fb74aa84c9f2a0103be4724fd14db52b52d3b6bca749f257e79?s=96&d=mm&r=g","url":"https:\/\/secure.gravatar.com\/avatar\/d67144e966420fb74aa84c9f2a0103be4724fd14db52b52d3b6bca749f257e79?s=96&d=mm&r=g","contentUrl":"https:\/\/secure.gravatar.com\/avatar\/d67144e966420fb74aa84c9f2a0103be4724fd14db52b52d3b6bca749f257e79?s=96&d=mm&r=g","caption":"Paco S\u00e1nchez"},"sameAs":["https:\/\/arealorcaradio.es"],"url":"https:\/\/arealorcaradio.es\/index.php\/author\/admin_alorcaradio\/"}]}},"_links":{"self":[{"href":"https:\/\/arealorcaradio.es\/index.php\/wp-json\/wp\/v2\/posts\/7848","targetHints":{"allow":["GET"]}}],"collection":[{"href":"https:\/\/arealorcaradio.es\/index.php\/wp-json\/wp\/v2\/posts"}],"about":[{"href":"https:\/\/arealorcaradio.es\/index.php\/wp-json\/wp\/v2\/types\/post"}],"author":[{"embeddable":true,"href":"https:\/\/arealorcaradio.es\/index.php\/wp-json\/wp\/v2\/users\/1"}],"replies":[{"embeddable":true,"href":"https:\/\/arealorcaradio.es\/index.php\/wp-json\/wp\/v2\/comments?post=7848"}],"version-history":[{"count":3,"href":"https:\/\/arealorcaradio.es\/index.php\/wp-json\/wp\/v2\/posts\/7848\/revisions"}],"predecessor-version":[{"id":7856,"href":"https:\/\/arealorcaradio.es\/index.php\/wp-json\/wp\/v2\/posts\/7848\/revisions\/7856"}],"wp:featuredmedia":[{"embeddable":true,"href":"https:\/\/arealorcaradio.es\/index.php\/wp-json\/wp\/v2\/media\/7854"}],"wp:attachment":[{"href":"https:\/\/arealorcaradio.es\/index.php\/wp-json\/wp\/v2\/media?parent=7848"}],"wp:term":[{"taxonomy":"category","embeddable":true,"href":"https:\/\/arealorcaradio.es\/index.php\/wp-json\/wp\/v2\/categories?post=7848"},{"taxonomy":"post_tag","embeddable":true,"href":"https:\/\/arealorcaradio.es\/index.php\/wp-json\/wp\/v2\/tags?post=7848"}],"curies":[{"name":"wp","href":"https:\/\/api.w.org\/{rel}","templated":true}]}}