{"id":7836,"date":"2025-09-16T17:36:45","date_gmt":"2025-09-16T17:36:45","guid":{"rendered":"https:\/\/arealorcaradio.es\/?p=7836"},"modified":"2025-09-16T17:36:45","modified_gmt":"2025-09-16T17:36:45","slug":"una-veintena-de-carruajes-mostraran-sus-habilidades-y-patrimonio-en-la-exhibicion-de-enganches-en-el-coso-de-sutullena","status":"publish","type":"post","link":"https:\/\/arealorcaradio.es\/index.php\/2025\/09\/16\/una-veintena-de-carruajes-mostraran-sus-habilidades-y-patrimonio-en-la-exhibicion-de-enganches-en-el-coso-de-sutullena\/","title":{"rendered":"Una veintena de carruajes mostrar\u00e1n sus habilidades y patrimonio en la exhibici\u00f3n de enganches en el Coso de Sutullena"},"content":{"rendered":"<p><strong>\u00c1REA LORCA RADIO. Tradiciones.<\/strong><\/p>\n<p>Escucha aqu\u00ed la intervenci\u00f3n de la presidenta de la Asociaci\u00f3n de Enganches de Lorca Ciudad del Sol, Lola S\u00e1nchez Arcas, en el magazine de \u00c1rea Lorca Radio, donde ha contado a Paco S\u00e1nchez todos los detalles de esta Exhibici\u00f3n de Enganches del domingo 28 de septiembre a las 12 horas en el Coso de Sutullena.<\/p>\n<audio class=\"wp-audio-shortcode\" id=\"audio-7836-1\" preload=\"none\" style=\"width: 100%;\" controls=\"controls\"><source type=\"audio\/mpeg\" src=\"https:\/\/arealorcaradio.es\/wp-content\/uploads\/2025\/09\/160925-LOLA-SANCHEZ-ARCAS.-ENGANCHES.mp3?_=1\" \/><a href=\"https:\/\/arealorcaradio.es\/wp-content\/uploads\/2025\/09\/160925-LOLA-SANCHEZ-ARCAS.-ENGANCHES.mp3\">https:\/\/arealorcaradio.es\/wp-content\/uploads\/2025\/09\/160925-LOLA-SANCHEZ-ARCAS.-ENGANCHES.mp3<\/a><\/audio>\n<p class=\"v1MsoNormal\"><b>Martes, 16 de septiembre de 2025.\u00a0<\/b>El Coso de Sutullena volver\u00e1 a acoger la Exhibici\u00f3n de Enganches de la Feria y Fiestas de septiembre, despu\u00e9s de que la edici\u00f3n anterior recuperara su lugar de celebraci\u00f3n, abandonando el recinto de las Alamedas Nuevas, donde se celebr\u00f3 durante la rehabilitaci\u00f3n de la Plaza de Toros. Algo m\u00e1s de una veintena de carruajes exhibir\u00e1n sus habilidades y patrimonio durante la celebraci\u00f3n de la d\u00e9cimo novena edici\u00f3n, que tendr\u00e1 lugar el domingo, 28, a las doce del mediod\u00eda. \u00abLos amantes de los carruajes y de los caballos tienen dos citas ineludibles, este s\u00e1bado, en el tradicional Paseo a Caballo, por las principales calles de la ciudad, y el domingo, 28, en la Exhibici\u00f3n de Enganches en el Coso de Sutullena\u00bb, ha afirmado este martes el alcalde, Fulgencio Gil J\u00f3dar.<\/p>\n<p class=\"v1MsoNormal\"><img loading=\"lazy\" decoding=\"async\" class=\"alignnone size-medium wp-image-7838\" src=\"https:\/\/arealorcaradio.es\/wp-content\/uploads\/2025\/09\/IMG-20250916-WA0009-2-214x300.jpg\" alt=\"\" width=\"214\" height=\"300\" srcset=\"https:\/\/arealorcaradio.es\/wp-content\/uploads\/2025\/09\/IMG-20250916-WA0009-2-214x300.jpg 214w, https:\/\/arealorcaradio.es\/wp-content\/uploads\/2025\/09\/IMG-20250916-WA0009-2.jpg 643w\" sizes=\"auto, (max-width: 214px) 100vw, 214px\" \/><\/p>\n<p class=\"v1MsoNormal\">Junto a la presidenta de la Asociaci\u00f3n de Enganches de Lorca Ciudad del Sol, Lola S\u00e1nchez Arcas, y la edil de Festejos, Mar\u00eda de las Huertas Garc\u00eda P\u00e9rez, ha presentado los acontecimientos ecuestres que se dar\u00e1n cita en los pr\u00f3ximos d\u00edas, durante la Feria y Fiestas de septiembre. \u00abLa importancia de la Exhibici\u00f3n de Enganches queda constatada con la presencia de m\u00e1s de una veintena de carruajes. Enganches en tronco, t\u00e1ndem, potencia, limonera, tresillos y cuartos, que acudir\u00e1n de Lorca, Murcia, Cartagena, Almer\u00eda y Sevilla. Es una oportunidad \u00fanica contemplar verdaderas reliquias. Piezas, muchas de ellas de museo, en las que se cuida hasta el m\u00e1s m\u00ednimo detalle, coche, presencia de caballos, guarniciones y atuendos de quienes las dirigen o acompa\u00f1an\u00bb, ha a\u00f1adido.<\/p>\n<p class=\"v1MsoNormal\"><img loading=\"lazy\" decoding=\"async\" class=\"alignnone size-medium wp-image-7837\" src=\"https:\/\/arealorcaradio.es\/wp-content\/uploads\/2025\/09\/WhatsApp-Image-2025-09-16-at-12.16.11-4-300x200.jpeg\" alt=\"\" width=\"300\" height=\"200\" srcset=\"https:\/\/arealorcaradio.es\/wp-content\/uploads\/2025\/09\/WhatsApp-Image-2025-09-16-at-12.16.11-4-300x200.jpeg 300w, https:\/\/arealorcaradio.es\/wp-content\/uploads\/2025\/09\/WhatsApp-Image-2025-09-16-at-12.16.11-4-1024x682.jpeg 1024w, https:\/\/arealorcaradio.es\/wp-content\/uploads\/2025\/09\/WhatsApp-Image-2025-09-16-at-12.16.11-4-768x512.jpeg 768w, https:\/\/arealorcaradio.es\/wp-content\/uploads\/2025\/09\/WhatsApp-Image-2025-09-16-at-12.16.11-4-1536x1023.jpeg 1536w, https:\/\/arealorcaradio.es\/wp-content\/uploads\/2025\/09\/WhatsApp-Image-2025-09-16-at-12.16.11-4.jpeg 1600w\" sizes=\"auto, (max-width: 300px) 100vw, 300px\" \/><\/p>\n<p class=\"v1MsoNormal\">Cada uno de los participantes, ha destacado la presidenta de la Asociaci\u00f3n de Enganches de Lorca Ciudad del Sol, realizan una importante labor previa. \u00abNo cuesti\u00f3n de un d\u00eda. Mantener estos carruajes como los exhiben lleva consigo un constante trabajo de limpieza de metales para lograr que brillen como lo hacen, pero tambi\u00e9n hay que tener el cuero bien engrasado y contar con las vestimentas acordes para cada uno de los carros, tanto para quienes lo dirigen, como quienes participan como acompa\u00f1antes. Ning\u00fan detalle se deja a la improvisaci\u00f3n, desde guantes, chisteras, mantillas, pamelas, sombreros y copetes. Insisto, no es labor de un \u00fanico d\u00eda. Detr\u00e1s de la presencia de cada enganche hay un trabajo muy meticuloso durante todo el a\u00f1o. Te tiene que gustar mucho esto, porque hay que echarle muchas horas\u00bb.<\/p>\n<p class=\"v1MsoNormal\">El alcalde ha significado la importancia de la Exhibici\u00f3n de Enganches en nuestra ciudad. \u00abEs uno de los acontecimientos m\u00e1s importantes de nuestra Feria y Fiestas de septiembre. Durante a\u00f1os se vio relegado a celebrarse en las Alamedas Nuevas. Desde el a\u00f1o pasado disfrutamos de un escenario \u00fanico, el Coso de Sutullena, que como se est\u00e1 comprobando en un espacio vers\u00e1til capaz de acoger cualquier tipo de acontecimiento. La exhibici\u00f3n ha ganado en vistosidad, pero tambi\u00e9n permite una mayor presencia de p\u00fablico que puede hacerlo de forma m\u00e1s c\u00f3moda\u00bb.<\/p>\n<p class=\"v1MsoNormal\">Lola S\u00e1nchez Arcas ha recordado que desde la pasada edici\u00f3n la Exhibici\u00f3n de Enganches cuenta con una Madrina de Honor. \u00abLa escultora Lola Arcas fue la primera madrina y este a\u00f1o volveremos a contar con la presencia de un personaje destacado que ejercer\u00e1 esa labor. Nuestra intenci\u00f3n es darla a conocer en los pr\u00f3ximos d\u00edas. La primera fue una mujer, pero no descartamos que tambi\u00e9n pueda asumir ese honor un hombre\u00bb. La lorquina invitaba a los asistentes a lucir sus mantones en este acontecimiento que se ha convertido en un cl\u00e1sico durante la Feria y Fiestas de septiembre. \u00abEs una oportunidad \u00fanica para lucirlos, como tambi\u00e9n esos abanicos que tenemos guardados de nuestras madres, de nuestras abuelas\u00bb.<\/p>\n<p class=\"v1MsoNormal\">Una semana antes de la Exhibici\u00f3n de Enganches, este s\u00e1bado, a la una de la tarde, se celebrar\u00e1 el tradicional Paseo a caballo. \u00abEs otro cl\u00e1sico de nuestras fiestas. Este a\u00f1o, por las obras de soterramiento de la trama urbana del Ave con nuevo recorrido, pero incluyendo, como siempre, las principales calles de la ciudad. Es una oportunidad para que los aficionados al caballo, que son muchos en nuestro municipio, puedan disfrutar de una jornada \u00fanica\u00bb, ha apuntado el alcalde.<\/p>\n<p class=\"v1MsoNormal\">Por \u00faltimo, ha invitado a todos a participar no s\u00f3lo de estos eventos en torno al mundo del caballo, sino tambi\u00e9n a todos los acontecimientos que se dar\u00e1n cita durante la celebraci\u00f3n de la Feria y Fiestas de Septiembre. \u00abHay acontecimientos para todos, en distintos escenarios, que permiten mostrar una ciudad \u00fanica. El Recinto Ferial del Huerto de la Rueda, el Palacio de Ferias y Congresos de Ifelor, el Coso de Sutullena y la mayor parte de plazas del casco antiguo de la Ciudad, se visten de fiesta para acoger a lorquinos y visitantes durante las celebraciones. Estos d\u00edas recibiremos a miles de ciudadanos de poblaciones lim\u00edtrofes por lo que todo est\u00e1 listo para darles la mejor de las bienvenidas\u00bb.<\/p>\n","protected":false},"excerpt":{"rendered":"<p>\u00c1REA LORCA RADIO. Tradiciones. Escucha aqu\u00ed la intervenci\u00f3n de la presidenta de la Asociaci\u00f3n de Enganches de Lorca Ciudad del Sol, Lola S\u00e1nchez Arcas, en el magazine de \u00c1rea Lorca Radio, donde ha contado a Paco S\u00e1nchez todos los detalles de esta Exhibici\u00f3n de Enganches del domingo 28 de septiembre a las 12 horas en [&hellip;]<\/p>\n","protected":false},"author":1,"featured_media":7841,"comment_status":"open","ping_status":"open","sticky":false,"template":"","format":"standard","meta":{"iawp_total_views":8,"footnotes":""},"categories":[5,7],"tags":[],"class_list":["post-7836","post","type-post","status-publish","format-standard","has-post-thumbnail","hentry","category-actualidad","category-lorca"],"yoast_head":"<!-- This site is optimized with the Yoast SEO plugin v27.5 - https:\/\/yoast.com\/product\/yoast-seo-wordpress\/ -->\n<title>Una veintena de carruajes mostrar\u00e1n sus habilidades y patrimonio en la exhibici\u00f3n de enganches en el Coso de Sutullena - AREA LORCA RADIO<\/title>\n<meta name=\"robots\" content=\"index, follow, max-snippet:-1, max-image-preview:large, max-video-preview:-1\" \/>\n<link rel=\"canonical\" href=\"https:\/\/arealorcaradio.es\/index.php\/2025\/09\/16\/una-veintena-de-carruajes-mostraran-sus-habilidades-y-patrimonio-en-la-exhibicion-de-enganches-en-el-coso-de-sutullena\/\" \/>\n<meta property=\"og:locale\" content=\"es_ES\" \/>\n<meta property=\"og:type\" content=\"article\" \/>\n<meta property=\"og:title\" content=\"Una veintena de carruajes mostrar\u00e1n sus habilidades y patrimonio en la exhibici\u00f3n de enganches en el Coso de Sutullena - AREA LORCA RADIO\" \/>\n<meta property=\"og:description\" content=\"\u00c1REA LORCA RADIO. Tradiciones. Escucha aqu\u00ed la intervenci\u00f3n de la presidenta de la Asociaci\u00f3n de Enganches de Lorca Ciudad del Sol, Lola S\u00e1nchez Arcas, en el magazine de \u00c1rea Lorca Radio, donde ha contado a Paco S\u00e1nchez todos los detalles de esta Exhibici\u00f3n de Enganches del domingo 28 de septiembre a las 12 horas en [&hellip;]\" \/>\n<meta property=\"og:url\" content=\"https:\/\/arealorcaradio.es\/index.php\/2025\/09\/16\/una-veintena-de-carruajes-mostraran-sus-habilidades-y-patrimonio-en-la-exhibicion-de-enganches-en-el-coso-de-sutullena\/\" \/>\n<meta property=\"og:site_name\" content=\"AREA LORCA RADIO\" \/>\n<meta property=\"article:published_time\" content=\"2025-09-16T17:36:45+00:00\" \/>\n<meta property=\"og:image\" content=\"https:\/\/arealorcaradio.es\/wp-content\/uploads\/2025\/09\/20250916_120249-scaled.jpg\" \/>\n\t<meta property=\"og:image:width\" content=\"2560\" \/>\n\t<meta property=\"og:image:height\" content=\"1920\" \/>\n\t<meta property=\"og:image:type\" content=\"image\/jpeg\" \/>\n<meta name=\"author\" content=\"Paco S\u00e1nchez\" \/>\n<meta name=\"twitter:card\" content=\"summary_large_image\" \/>\n<meta name=\"twitter:label1\" content=\"Escrito por\" \/>\n\t<meta name=\"twitter:data1\" content=\"Paco S\u00e1nchez\" \/>\n\t<meta name=\"twitter:label2\" content=\"Tiempo de lectura\" \/>\n\t<meta name=\"twitter:data2\" content=\"5 minutos\" \/>\n<script type=\"application\/ld+json\" class=\"yoast-schema-graph\">{\"@context\":\"https:\\\/\\\/schema.org\",\"@graph\":[{\"@type\":\"Article\",\"@id\":\"https:\\\/\\\/arealorcaradio.es\\\/index.php\\\/2025\\\/09\\\/16\\\/una-veintena-de-carruajes-mostraran-sus-habilidades-y-patrimonio-en-la-exhibicion-de-enganches-en-el-coso-de-sutullena\\\/#article\",\"isPartOf\":{\"@id\":\"https:\\\/\\\/arealorcaradio.es\\\/index.php\\\/2025\\\/09\\\/16\\\/una-veintena-de-carruajes-mostraran-sus-habilidades-y-patrimonio-en-la-exhibicion-de-enganches-en-el-coso-de-sutullena\\\/\"},\"author\":{\"name\":\"Paco S\u00e1nchez\",\"@id\":\"https:\\\/\\\/arealorcaradio.es\\\/#\\\/schema\\\/person\\\/9fae605fc25b0f2c83c1ab207139bd27\"},\"headline\":\"Una veintena de carruajes mostrar\u00e1n sus habilidades y patrimonio en la exhibici\u00f3n de enganches en el Coso de Sutullena\",\"datePublished\":\"2025-09-16T17:36:45+00:00\",\"mainEntityOfPage\":{\"@id\":\"https:\\\/\\\/arealorcaradio.es\\\/index.php\\\/2025\\\/09\\\/16\\\/una-veintena-de-carruajes-mostraran-sus-habilidades-y-patrimonio-en-la-exhibicion-de-enganches-en-el-coso-de-sutullena\\\/\"},\"wordCount\":958,\"commentCount\":0,\"image\":{\"@id\":\"https:\\\/\\\/arealorcaradio.es\\\/index.php\\\/2025\\\/09\\\/16\\\/una-veintena-de-carruajes-mostraran-sus-habilidades-y-patrimonio-en-la-exhibicion-de-enganches-en-el-coso-de-sutullena\\\/#primaryimage\"},\"thumbnailUrl\":\"https:\\\/\\\/arealorcaradio.es\\\/wp-content\\\/uploads\\\/2025\\\/09\\\/20250916_120249-scaled.jpg\",\"articleSection\":[\"ACTUALIDAD\",\"LORCA\"],\"inLanguage\":\"es\",\"potentialAction\":[{\"@type\":\"CommentAction\",\"name\":\"Comment\",\"target\":[\"https:\\\/\\\/arealorcaradio.es\\\/index.php\\\/2025\\\/09\\\/16\\\/una-veintena-de-carruajes-mostraran-sus-habilidades-y-patrimonio-en-la-exhibicion-de-enganches-en-el-coso-de-sutullena\\\/#respond\"]}]},{\"@type\":\"WebPage\",\"@id\":\"https:\\\/\\\/arealorcaradio.es\\\/index.php\\\/2025\\\/09\\\/16\\\/una-veintena-de-carruajes-mostraran-sus-habilidades-y-patrimonio-en-la-exhibicion-de-enganches-en-el-coso-de-sutullena\\\/\",\"url\":\"https:\\\/\\\/arealorcaradio.es\\\/index.php\\\/2025\\\/09\\\/16\\\/una-veintena-de-carruajes-mostraran-sus-habilidades-y-patrimonio-en-la-exhibicion-de-enganches-en-el-coso-de-sutullena\\\/\",\"name\":\"Una veintena de carruajes mostrar\u00e1n sus habilidades y patrimonio en la exhibici\u00f3n de enganches en el Coso de Sutullena - AREA LORCA RADIO\",\"isPartOf\":{\"@id\":\"https:\\\/\\\/arealorcaradio.es\\\/#website\"},\"primaryImageOfPage\":{\"@id\":\"https:\\\/\\\/arealorcaradio.es\\\/index.php\\\/2025\\\/09\\\/16\\\/una-veintena-de-carruajes-mostraran-sus-habilidades-y-patrimonio-en-la-exhibicion-de-enganches-en-el-coso-de-sutullena\\\/#primaryimage\"},\"image\":{\"@id\":\"https:\\\/\\\/arealorcaradio.es\\\/index.php\\\/2025\\\/09\\\/16\\\/una-veintena-de-carruajes-mostraran-sus-habilidades-y-patrimonio-en-la-exhibicion-de-enganches-en-el-coso-de-sutullena\\\/#primaryimage\"},\"thumbnailUrl\":\"https:\\\/\\\/arealorcaradio.es\\\/wp-content\\\/uploads\\\/2025\\\/09\\\/20250916_120249-scaled.jpg\",\"datePublished\":\"2025-09-16T17:36:45+00:00\",\"author\":{\"@id\":\"https:\\\/\\\/arealorcaradio.es\\\/#\\\/schema\\\/person\\\/9fae605fc25b0f2c83c1ab207139bd27\"},\"breadcrumb\":{\"@id\":\"https:\\\/\\\/arealorcaradio.es\\\/index.php\\\/2025\\\/09\\\/16\\\/una-veintena-de-carruajes-mostraran-sus-habilidades-y-patrimonio-en-la-exhibicion-de-enganches-en-el-coso-de-sutullena\\\/#breadcrumb\"},\"inLanguage\":\"es\",\"potentialAction\":[{\"@type\":\"ReadAction\",\"target\":[\"https:\\\/\\\/arealorcaradio.es\\\/index.php\\\/2025\\\/09\\\/16\\\/una-veintena-de-carruajes-mostraran-sus-habilidades-y-patrimonio-en-la-exhibicion-de-enganches-en-el-coso-de-sutullena\\\/\"]}]},{\"@type\":\"ImageObject\",\"inLanguage\":\"es\",\"@id\":\"https:\\\/\\\/arealorcaradio.es\\\/index.php\\\/2025\\\/09\\\/16\\\/una-veintena-de-carruajes-mostraran-sus-habilidades-y-patrimonio-en-la-exhibicion-de-enganches-en-el-coso-de-sutullena\\\/#primaryimage\",\"url\":\"https:\\\/\\\/arealorcaradio.es\\\/wp-content\\\/uploads\\\/2025\\\/09\\\/20250916_120249-scaled.jpg\",\"contentUrl\":\"https:\\\/\\\/arealorcaradio.es\\\/wp-content\\\/uploads\\\/2025\\\/09\\\/20250916_120249-scaled.jpg\",\"width\":2560,\"height\":1920},{\"@type\":\"BreadcrumbList\",\"@id\":\"https:\\\/\\\/arealorcaradio.es\\\/index.php\\\/2025\\\/09\\\/16\\\/una-veintena-de-carruajes-mostraran-sus-habilidades-y-patrimonio-en-la-exhibicion-de-enganches-en-el-coso-de-sutullena\\\/#breadcrumb\",\"itemListElement\":[{\"@type\":\"ListItem\",\"position\":1,\"name\":\"Portada\",\"item\":\"https:\\\/\\\/arealorcaradio.es\\\/\"},{\"@type\":\"ListItem\",\"position\":2,\"name\":\"Una veintena de carruajes mostrar\u00e1n sus habilidades y patrimonio en la exhibici\u00f3n de enganches en el Coso de Sutullena\"}]},{\"@type\":\"WebSite\",\"@id\":\"https:\\\/\\\/arealorcaradio.es\\\/#website\",\"url\":\"https:\\\/\\\/arealorcaradio.es\\\/\",\"name\":\"AREA LORCA RADIO\",\"description\":\"Descubre la programaci\u00f3n actual en \u00c1rea Lorca Radio, tu fuente de entrenamiento y noticias locales. Sintoniza ahora y mantente conectado online.\",\"potentialAction\":[{\"@type\":\"SearchAction\",\"target\":{\"@type\":\"EntryPoint\",\"urlTemplate\":\"https:\\\/\\\/arealorcaradio.es\\\/?s={search_term_string}\"},\"query-input\":{\"@type\":\"PropertyValueSpecification\",\"valueRequired\":true,\"valueName\":\"search_term_string\"}}],\"inLanguage\":\"es\"},{\"@type\":\"Person\",\"@id\":\"https:\\\/\\\/arealorcaradio.es\\\/#\\\/schema\\\/person\\\/9fae605fc25b0f2c83c1ab207139bd27\",\"name\":\"Paco S\u00e1nchez\",\"image\":{\"@type\":\"ImageObject\",\"inLanguage\":\"es\",\"@id\":\"https:\\\/\\\/secure.gravatar.com\\\/avatar\\\/d67144e966420fb74aa84c9f2a0103be4724fd14db52b52d3b6bca749f257e79?s=96&d=mm&r=g\",\"url\":\"https:\\\/\\\/secure.gravatar.com\\\/avatar\\\/d67144e966420fb74aa84c9f2a0103be4724fd14db52b52d3b6bca749f257e79?s=96&d=mm&r=g\",\"contentUrl\":\"https:\\\/\\\/secure.gravatar.com\\\/avatar\\\/d67144e966420fb74aa84c9f2a0103be4724fd14db52b52d3b6bca749f257e79?s=96&d=mm&r=g\",\"caption\":\"Paco S\u00e1nchez\"},\"sameAs\":[\"https:\\\/\\\/arealorcaradio.es\"],\"url\":\"https:\\\/\\\/arealorcaradio.es\\\/index.php\\\/author\\\/admin_alorcaradio\\\/\"}]}<\/script>\n<!-- \/ Yoast SEO plugin. -->","yoast_head_json":{"title":"Una veintena de carruajes mostrar\u00e1n sus habilidades y patrimonio en la exhibici\u00f3n de enganches en el Coso de Sutullena - AREA LORCA RADIO","robots":{"index":"index","follow":"follow","max-snippet":"max-snippet:-1","max-image-preview":"max-image-preview:large","max-video-preview":"max-video-preview:-1"},"canonical":"https:\/\/arealorcaradio.es\/index.php\/2025\/09\/16\/una-veintena-de-carruajes-mostraran-sus-habilidades-y-patrimonio-en-la-exhibicion-de-enganches-en-el-coso-de-sutullena\/","og_locale":"es_ES","og_type":"article","og_title":"Una veintena de carruajes mostrar\u00e1n sus habilidades y patrimonio en la exhibici\u00f3n de enganches en el Coso de Sutullena - AREA LORCA RADIO","og_description":"\u00c1REA LORCA RADIO. Tradiciones. Escucha aqu\u00ed la intervenci\u00f3n de la presidenta de la Asociaci\u00f3n de Enganches de Lorca Ciudad del Sol, Lola S\u00e1nchez Arcas, en el magazine de \u00c1rea Lorca Radio, donde ha contado a Paco S\u00e1nchez todos los detalles de esta Exhibici\u00f3n de Enganches del domingo 28 de septiembre a las 12 horas en [&hellip;]","og_url":"https:\/\/arealorcaradio.es\/index.php\/2025\/09\/16\/una-veintena-de-carruajes-mostraran-sus-habilidades-y-patrimonio-en-la-exhibicion-de-enganches-en-el-coso-de-sutullena\/","og_site_name":"AREA LORCA RADIO","article_published_time":"2025-09-16T17:36:45+00:00","og_image":[{"width":2560,"height":1920,"url":"https:\/\/arealorcaradio.es\/wp-content\/uploads\/2025\/09\/20250916_120249-scaled.jpg","type":"image\/jpeg"}],"author":"Paco S\u00e1nchez","twitter_card":"summary_large_image","twitter_misc":{"Escrito por":"Paco S\u00e1nchez","Tiempo de lectura":"5 minutos"},"schema":{"@context":"https:\/\/schema.org","@graph":[{"@type":"Article","@id":"https:\/\/arealorcaradio.es\/index.php\/2025\/09\/16\/una-veintena-de-carruajes-mostraran-sus-habilidades-y-patrimonio-en-la-exhibicion-de-enganches-en-el-coso-de-sutullena\/#article","isPartOf":{"@id":"https:\/\/arealorcaradio.es\/index.php\/2025\/09\/16\/una-veintena-de-carruajes-mostraran-sus-habilidades-y-patrimonio-en-la-exhibicion-de-enganches-en-el-coso-de-sutullena\/"},"author":{"name":"Paco S\u00e1nchez","@id":"https:\/\/arealorcaradio.es\/#\/schema\/person\/9fae605fc25b0f2c83c1ab207139bd27"},"headline":"Una veintena de carruajes mostrar\u00e1n sus habilidades y patrimonio en la exhibici\u00f3n de enganches en el Coso de Sutullena","datePublished":"2025-09-16T17:36:45+00:00","mainEntityOfPage":{"@id":"https:\/\/arealorcaradio.es\/index.php\/2025\/09\/16\/una-veintena-de-carruajes-mostraran-sus-habilidades-y-patrimonio-en-la-exhibicion-de-enganches-en-el-coso-de-sutullena\/"},"wordCount":958,"commentCount":0,"image":{"@id":"https:\/\/arealorcaradio.es\/index.php\/2025\/09\/16\/una-veintena-de-carruajes-mostraran-sus-habilidades-y-patrimonio-en-la-exhibicion-de-enganches-en-el-coso-de-sutullena\/#primaryimage"},"thumbnailUrl":"https:\/\/arealorcaradio.es\/wp-content\/uploads\/2025\/09\/20250916_120249-scaled.jpg","articleSection":["ACTUALIDAD","LORCA"],"inLanguage":"es","potentialAction":[{"@type":"CommentAction","name":"Comment","target":["https:\/\/arealorcaradio.es\/index.php\/2025\/09\/16\/una-veintena-de-carruajes-mostraran-sus-habilidades-y-patrimonio-en-la-exhibicion-de-enganches-en-el-coso-de-sutullena\/#respond"]}]},{"@type":"WebPage","@id":"https:\/\/arealorcaradio.es\/index.php\/2025\/09\/16\/una-veintena-de-carruajes-mostraran-sus-habilidades-y-patrimonio-en-la-exhibicion-de-enganches-en-el-coso-de-sutullena\/","url":"https:\/\/arealorcaradio.es\/index.php\/2025\/09\/16\/una-veintena-de-carruajes-mostraran-sus-habilidades-y-patrimonio-en-la-exhibicion-de-enganches-en-el-coso-de-sutullena\/","name":"Una veintena de carruajes mostrar\u00e1n sus habilidades y patrimonio en la exhibici\u00f3n de enganches en el Coso de Sutullena - AREA LORCA RADIO","isPartOf":{"@id":"https:\/\/arealorcaradio.es\/#website"},"primaryImageOfPage":{"@id":"https:\/\/arealorcaradio.es\/index.php\/2025\/09\/16\/una-veintena-de-carruajes-mostraran-sus-habilidades-y-patrimonio-en-la-exhibicion-de-enganches-en-el-coso-de-sutullena\/#primaryimage"},"image":{"@id":"https:\/\/arealorcaradio.es\/index.php\/2025\/09\/16\/una-veintena-de-carruajes-mostraran-sus-habilidades-y-patrimonio-en-la-exhibicion-de-enganches-en-el-coso-de-sutullena\/#primaryimage"},"thumbnailUrl":"https:\/\/arealorcaradio.es\/wp-content\/uploads\/2025\/09\/20250916_120249-scaled.jpg","datePublished":"2025-09-16T17:36:45+00:00","author":{"@id":"https:\/\/arealorcaradio.es\/#\/schema\/person\/9fae605fc25b0f2c83c1ab207139bd27"},"breadcrumb":{"@id":"https:\/\/arealorcaradio.es\/index.php\/2025\/09\/16\/una-veintena-de-carruajes-mostraran-sus-habilidades-y-patrimonio-en-la-exhibicion-de-enganches-en-el-coso-de-sutullena\/#breadcrumb"},"inLanguage":"es","potentialAction":[{"@type":"ReadAction","target":["https:\/\/arealorcaradio.es\/index.php\/2025\/09\/16\/una-veintena-de-carruajes-mostraran-sus-habilidades-y-patrimonio-en-la-exhibicion-de-enganches-en-el-coso-de-sutullena\/"]}]},{"@type":"ImageObject","inLanguage":"es","@id":"https:\/\/arealorcaradio.es\/index.php\/2025\/09\/16\/una-veintena-de-carruajes-mostraran-sus-habilidades-y-patrimonio-en-la-exhibicion-de-enganches-en-el-coso-de-sutullena\/#primaryimage","url":"https:\/\/arealorcaradio.es\/wp-content\/uploads\/2025\/09\/20250916_120249-scaled.jpg","contentUrl":"https:\/\/arealorcaradio.es\/wp-content\/uploads\/2025\/09\/20250916_120249-scaled.jpg","width":2560,"height":1920},{"@type":"BreadcrumbList","@id":"https:\/\/arealorcaradio.es\/index.php\/2025\/09\/16\/una-veintena-de-carruajes-mostraran-sus-habilidades-y-patrimonio-en-la-exhibicion-de-enganches-en-el-coso-de-sutullena\/#breadcrumb","itemListElement":[{"@type":"ListItem","position":1,"name":"Portada","item":"https:\/\/arealorcaradio.es\/"},{"@type":"ListItem","position":2,"name":"Una veintena de carruajes mostrar\u00e1n sus habilidades y patrimonio en la exhibici\u00f3n de enganches en el Coso de Sutullena"}]},{"@type":"WebSite","@id":"https:\/\/arealorcaradio.es\/#website","url":"https:\/\/arealorcaradio.es\/","name":"AREA LORCA RADIO","description":"Descubre la programaci\u00f3n actual en \u00c1rea Lorca Radio, tu fuente de entrenamiento y noticias locales. Sintoniza ahora y mantente conectado online.","potentialAction":[{"@type":"SearchAction","target":{"@type":"EntryPoint","urlTemplate":"https:\/\/arealorcaradio.es\/?s={search_term_string}"},"query-input":{"@type":"PropertyValueSpecification","valueRequired":true,"valueName":"search_term_string"}}],"inLanguage":"es"},{"@type":"Person","@id":"https:\/\/arealorcaradio.es\/#\/schema\/person\/9fae605fc25b0f2c83c1ab207139bd27","name":"Paco S\u00e1nchez","image":{"@type":"ImageObject","inLanguage":"es","@id":"https:\/\/secure.gravatar.com\/avatar\/d67144e966420fb74aa84c9f2a0103be4724fd14db52b52d3b6bca749f257e79?s=96&d=mm&r=g","url":"https:\/\/secure.gravatar.com\/avatar\/d67144e966420fb74aa84c9f2a0103be4724fd14db52b52d3b6bca749f257e79?s=96&d=mm&r=g","contentUrl":"https:\/\/secure.gravatar.com\/avatar\/d67144e966420fb74aa84c9f2a0103be4724fd14db52b52d3b6bca749f257e79?s=96&d=mm&r=g","caption":"Paco S\u00e1nchez"},"sameAs":["https:\/\/arealorcaradio.es"],"url":"https:\/\/arealorcaradio.es\/index.php\/author\/admin_alorcaradio\/"}]}},"_links":{"self":[{"href":"https:\/\/arealorcaradio.es\/index.php\/wp-json\/wp\/v2\/posts\/7836","targetHints":{"allow":["GET"]}}],"collection":[{"href":"https:\/\/arealorcaradio.es\/index.php\/wp-json\/wp\/v2\/posts"}],"about":[{"href":"https:\/\/arealorcaradio.es\/index.php\/wp-json\/wp\/v2\/types\/post"}],"author":[{"embeddable":true,"href":"https:\/\/arealorcaradio.es\/index.php\/wp-json\/wp\/v2\/users\/1"}],"replies":[{"embeddable":true,"href":"https:\/\/arealorcaradio.es\/index.php\/wp-json\/wp\/v2\/comments?post=7836"}],"version-history":[{"count":1,"href":"https:\/\/arealorcaradio.es\/index.php\/wp-json\/wp\/v2\/posts\/7836\/revisions"}],"predecessor-version":[{"id":7840,"href":"https:\/\/arealorcaradio.es\/index.php\/wp-json\/wp\/v2\/posts\/7836\/revisions\/7840"}],"wp:featuredmedia":[{"embeddable":true,"href":"https:\/\/arealorcaradio.es\/index.php\/wp-json\/wp\/v2\/media\/7841"}],"wp:attachment":[{"href":"https:\/\/arealorcaradio.es\/index.php\/wp-json\/wp\/v2\/media?parent=7836"}],"wp:term":[{"taxonomy":"category","embeddable":true,"href":"https:\/\/arealorcaradio.es\/index.php\/wp-json\/wp\/v2\/categories?post=7836"},{"taxonomy":"post_tag","embeddable":true,"href":"https:\/\/arealorcaradio.es\/index.php\/wp-json\/wp\/v2\/tags?post=7836"}],"curies":[{"name":"wp","href":"https:\/\/api.w.org\/{rel}","templated":true}]}}