{"id":7833,"date":"2025-09-16T08:50:43","date_gmt":"2025-09-16T08:50:43","guid":{"rendered":"https:\/\/arealorcaradio.es\/?p=7833"},"modified":"2025-09-16T08:50:43","modified_gmt":"2025-09-16T08:50:43","slug":"el-ejercito-del-aire-y-del-espacio-alerta-a-la-poblacion-de-vuelos-supersonicos-con-estampido-perceptible-a-nivel-de-superficie","status":"publish","type":"post","link":"https:\/\/arealorcaradio.es\/index.php\/2025\/09\/16\/el-ejercito-del-aire-y-del-espacio-alerta-a-la-poblacion-de-vuelos-supersonicos-con-estampido-perceptible-a-nivel-de-superficie\/","title":{"rendered":"El Ej\u00e9rcito del Aire y del Espacio alerta a la poblaci\u00f3n de vuelos supers\u00f3nicos con estampido perceptible a nivel de superficie"},"content":{"rendered":"<p><strong>\u00c1REA LORCA RADIO. Actualidad.<\/strong><\/p>\n<p class=\"v1MsoNormal\"><b><span lang=\"es\">Lorca, 16 de septiembre de 2025<\/span><\/b><span lang=\"es\">. El Ej\u00e9rcito del Aire y del Espacio ha alertado de maniobras militares en el t\u00e9rmino municipal de Lorca que pueden provocar \u00abestampidos s\u00f3nicos\u00bb, que ser\u00e1n perceptibles entre las 15.30 y 17.30 horas, desde el pr\u00f3ximo 22 de septiembre hasta el d\u00eda 2 de octubre de este a\u00f1o, excluyendo el fin de semana.<\/span><\/p>\n<p class=\"v1MsoNormal\"><span lang=\"es\">El Programa de Liderazgo T\u00e1ctico (TLP), de la Base A\u00e9rea de Albacete, est\u00e1 preparando el itinerario para el curso de vuelo\u00a0<b>FC 2025-3<\/b>, en el que se contempla la realizaci\u00f3n de misiones con la utilizaci\u00f3n de \u00abradares de defensa a\u00e9rea\u00bb. Por este motivo, se est\u00e1 llevando a cabo el despliegue de determinados medios, como camiones y veh\u00edculos todoterreno.<\/span><\/p>\n<p class=\"v1MsoNormal\"><span lang=\"es\">Durante la ejecuci\u00f3n de estas misiones, est\u00e1 autorizada la realizaci\u00f3n de vuelos supers\u00f3nicos por lo que, a pesar de las medidas de mitigaci\u00f3n puestas en marcha y de las limitaciones que ya se ven\u00edan aplicando a este tipo de maniobras, es posible que se produzca alg\u00fan \u00abestampido s\u00f3nico\u00bb perceptible a nivel de superficie. Asimismo, desde el Programa de Liderazgo T\u00e1ctico, se ha trasladado que las delegaciones de Defensa y del Gobierno de la Regi\u00f3n de Murcia han sido puntualmente informadas al respecto, al igual que los propietarios de las fincas afectadas, los cuales han concedido permiso para su utilizaci\u00f3n. Desde el TPL se velar\u00e1 por el cumplimiento de todas las normas medioambientales existentes, manteniendo la zona en perfectas condiciones.<\/span><\/p>\n","protected":false},"excerpt":{"rendered":"<p>\u00c1REA LORCA RADIO. Actualidad. Lorca, 16 de septiembre de 2025. El Ej\u00e9rcito del Aire y del Espacio ha alertado de maniobras militares en el t\u00e9rmino municipal de Lorca que pueden provocar \u00abestampidos s\u00f3nicos\u00bb, que ser\u00e1n perceptibles entre las 15.30 y 17.30 horas, desde el pr\u00f3ximo 22 de septiembre hasta el d\u00eda 2 de octubre de [&hellip;]<\/p>\n","protected":false},"author":1,"featured_media":7834,"comment_status":"open","ping_status":"open","sticky":false,"template":"","format":"standard","meta":{"iawp_total_views":11,"footnotes":""},"categories":[5,7],"tags":[],"class_list":["post-7833","post","type-post","status-publish","format-standard","has-post-thumbnail","hentry","category-actualidad","category-lorca"],"yoast_head":"<!-- This site is optimized with the Yoast SEO plugin v27.5 - https:\/\/yoast.com\/product\/yoast-seo-wordpress\/ -->\n<title>El Ej\u00e9rcito del Aire y del Espacio alerta a la poblaci\u00f3n de vuelos supers\u00f3nicos con estampido perceptible a nivel de superficie - AREA LORCA RADIO<\/title>\n<meta name=\"robots\" content=\"index, follow, max-snippet:-1, max-image-preview:large, max-video-preview:-1\" \/>\n<link rel=\"canonical\" href=\"https:\/\/arealorcaradio.es\/index.php\/2025\/09\/16\/el-ejercito-del-aire-y-del-espacio-alerta-a-la-poblacion-de-vuelos-supersonicos-con-estampido-perceptible-a-nivel-de-superficie\/\" \/>\n<meta property=\"og:locale\" content=\"es_ES\" \/>\n<meta property=\"og:type\" content=\"article\" \/>\n<meta property=\"og:title\" content=\"El Ej\u00e9rcito del Aire y del Espacio alerta a la poblaci\u00f3n de vuelos supers\u00f3nicos con estampido perceptible a nivel de superficie - AREA LORCA RADIO\" \/>\n<meta property=\"og:description\" content=\"\u00c1REA LORCA RADIO. Actualidad. Lorca, 16 de septiembre de 2025. El Ej\u00e9rcito del Aire y del Espacio ha alertado de maniobras militares en el t\u00e9rmino municipal de Lorca que pueden provocar \u00abestampidos s\u00f3nicos\u00bb, que ser\u00e1n perceptibles entre las 15.30 y 17.30 horas, desde el pr\u00f3ximo 22 de septiembre hasta el d\u00eda 2 de octubre de [&hellip;]\" \/>\n<meta property=\"og:url\" content=\"https:\/\/arealorcaradio.es\/index.php\/2025\/09\/16\/el-ejercito-del-aire-y-del-espacio-alerta-a-la-poblacion-de-vuelos-supersonicos-con-estampido-perceptible-a-nivel-de-superficie\/\" \/>\n<meta property=\"og:site_name\" content=\"AREA LORCA RADIO\" \/>\n<meta property=\"article:published_time\" content=\"2025-09-16T08:50:43+00:00\" \/>\n<meta property=\"og:image\" content=\"https:\/\/arealorcaradio.es\/wp-content\/uploads\/2025\/09\/FOTO.webp\" \/>\n\t<meta property=\"og:image:width\" content=\"1200\" \/>\n\t<meta property=\"og:image:height\" content=\"840\" \/>\n\t<meta property=\"og:image:type\" content=\"image\/webp\" \/>\n<meta name=\"author\" content=\"Paco S\u00e1nchez\" \/>\n<meta name=\"twitter:card\" content=\"summary_large_image\" \/>\n<meta name=\"twitter:label1\" content=\"Escrito por\" \/>\n\t<meta name=\"twitter:data1\" content=\"Paco S\u00e1nchez\" \/>\n\t<meta name=\"twitter:label2\" content=\"Tiempo de lectura\" \/>\n\t<meta name=\"twitter:data2\" content=\"2 minutos\" \/>\n<script type=\"application\/ld+json\" class=\"yoast-schema-graph\">{\"@context\":\"https:\\\/\\\/schema.org\",\"@graph\":[{\"@type\":\"Article\",\"@id\":\"https:\\\/\\\/arealorcaradio.es\\\/index.php\\\/2025\\\/09\\\/16\\\/el-ejercito-del-aire-y-del-espacio-alerta-a-la-poblacion-de-vuelos-supersonicos-con-estampido-perceptible-a-nivel-de-superficie\\\/#article\",\"isPartOf\":{\"@id\":\"https:\\\/\\\/arealorcaradio.es\\\/index.php\\\/2025\\\/09\\\/16\\\/el-ejercito-del-aire-y-del-espacio-alerta-a-la-poblacion-de-vuelos-supersonicos-con-estampido-perceptible-a-nivel-de-superficie\\\/\"},\"author\":{\"name\":\"Paco S\u00e1nchez\",\"@id\":\"https:\\\/\\\/arealorcaradio.es\\\/#\\\/schema\\\/person\\\/9fae605fc25b0f2c83c1ab207139bd27\"},\"headline\":\"El Ej\u00e9rcito del Aire y del Espacio alerta a la poblaci\u00f3n de vuelos supers\u00f3nicos con estampido perceptible a nivel de superficie\",\"datePublished\":\"2025-09-16T08:50:43+00:00\",\"mainEntityOfPage\":{\"@id\":\"https:\\\/\\\/arealorcaradio.es\\\/index.php\\\/2025\\\/09\\\/16\\\/el-ejercito-del-aire-y-del-espacio-alerta-a-la-poblacion-de-vuelos-supersonicos-con-estampido-perceptible-a-nivel-de-superficie\\\/\"},\"wordCount\":280,\"commentCount\":0,\"image\":{\"@id\":\"https:\\\/\\\/arealorcaradio.es\\\/index.php\\\/2025\\\/09\\\/16\\\/el-ejercito-del-aire-y-del-espacio-alerta-a-la-poblacion-de-vuelos-supersonicos-con-estampido-perceptible-a-nivel-de-superficie\\\/#primaryimage\"},\"thumbnailUrl\":\"https:\\\/\\\/arealorcaradio.es\\\/wp-content\\\/uploads\\\/2025\\\/09\\\/FOTO.webp\",\"articleSection\":[\"ACTUALIDAD\",\"LORCA\"],\"inLanguage\":\"es\",\"potentialAction\":[{\"@type\":\"CommentAction\",\"name\":\"Comment\",\"target\":[\"https:\\\/\\\/arealorcaradio.es\\\/index.php\\\/2025\\\/09\\\/16\\\/el-ejercito-del-aire-y-del-espacio-alerta-a-la-poblacion-de-vuelos-supersonicos-con-estampido-perceptible-a-nivel-de-superficie\\\/#respond\"]}]},{\"@type\":\"WebPage\",\"@id\":\"https:\\\/\\\/arealorcaradio.es\\\/index.php\\\/2025\\\/09\\\/16\\\/el-ejercito-del-aire-y-del-espacio-alerta-a-la-poblacion-de-vuelos-supersonicos-con-estampido-perceptible-a-nivel-de-superficie\\\/\",\"url\":\"https:\\\/\\\/arealorcaradio.es\\\/index.php\\\/2025\\\/09\\\/16\\\/el-ejercito-del-aire-y-del-espacio-alerta-a-la-poblacion-de-vuelos-supersonicos-con-estampido-perceptible-a-nivel-de-superficie\\\/\",\"name\":\"El Ej\u00e9rcito del Aire y del Espacio alerta a la poblaci\u00f3n de vuelos supers\u00f3nicos con estampido perceptible a nivel de superficie - AREA LORCA RADIO\",\"isPartOf\":{\"@id\":\"https:\\\/\\\/arealorcaradio.es\\\/#website\"},\"primaryImageOfPage\":{\"@id\":\"https:\\\/\\\/arealorcaradio.es\\\/index.php\\\/2025\\\/09\\\/16\\\/el-ejercito-del-aire-y-del-espacio-alerta-a-la-poblacion-de-vuelos-supersonicos-con-estampido-perceptible-a-nivel-de-superficie\\\/#primaryimage\"},\"image\":{\"@id\":\"https:\\\/\\\/arealorcaradio.es\\\/index.php\\\/2025\\\/09\\\/16\\\/el-ejercito-del-aire-y-del-espacio-alerta-a-la-poblacion-de-vuelos-supersonicos-con-estampido-perceptible-a-nivel-de-superficie\\\/#primaryimage\"},\"thumbnailUrl\":\"https:\\\/\\\/arealorcaradio.es\\\/wp-content\\\/uploads\\\/2025\\\/09\\\/FOTO.webp\",\"datePublished\":\"2025-09-16T08:50:43+00:00\",\"author\":{\"@id\":\"https:\\\/\\\/arealorcaradio.es\\\/#\\\/schema\\\/person\\\/9fae605fc25b0f2c83c1ab207139bd27\"},\"breadcrumb\":{\"@id\":\"https:\\\/\\\/arealorcaradio.es\\\/index.php\\\/2025\\\/09\\\/16\\\/el-ejercito-del-aire-y-del-espacio-alerta-a-la-poblacion-de-vuelos-supersonicos-con-estampido-perceptible-a-nivel-de-superficie\\\/#breadcrumb\"},\"inLanguage\":\"es\",\"potentialAction\":[{\"@type\":\"ReadAction\",\"target\":[\"https:\\\/\\\/arealorcaradio.es\\\/index.php\\\/2025\\\/09\\\/16\\\/el-ejercito-del-aire-y-del-espacio-alerta-a-la-poblacion-de-vuelos-supersonicos-con-estampido-perceptible-a-nivel-de-superficie\\\/\"]}]},{\"@type\":\"ImageObject\",\"inLanguage\":\"es\",\"@id\":\"https:\\\/\\\/arealorcaradio.es\\\/index.php\\\/2025\\\/09\\\/16\\\/el-ejercito-del-aire-y-del-espacio-alerta-a-la-poblacion-de-vuelos-supersonicos-con-estampido-perceptible-a-nivel-de-superficie\\\/#primaryimage\",\"url\":\"https:\\\/\\\/arealorcaradio.es\\\/wp-content\\\/uploads\\\/2025\\\/09\\\/FOTO.webp\",\"contentUrl\":\"https:\\\/\\\/arealorcaradio.es\\\/wp-content\\\/uploads\\\/2025\\\/09\\\/FOTO.webp\",\"width\":1200,\"height\":840},{\"@type\":\"BreadcrumbList\",\"@id\":\"https:\\\/\\\/arealorcaradio.es\\\/index.php\\\/2025\\\/09\\\/16\\\/el-ejercito-del-aire-y-del-espacio-alerta-a-la-poblacion-de-vuelos-supersonicos-con-estampido-perceptible-a-nivel-de-superficie\\\/#breadcrumb\",\"itemListElement\":[{\"@type\":\"ListItem\",\"position\":1,\"name\":\"Portada\",\"item\":\"https:\\\/\\\/arealorcaradio.es\\\/\"},{\"@type\":\"ListItem\",\"position\":2,\"name\":\"El Ej\u00e9rcito del Aire y del Espacio alerta a la poblaci\u00f3n de vuelos supers\u00f3nicos con estampido perceptible a nivel de superficie\"}]},{\"@type\":\"WebSite\",\"@id\":\"https:\\\/\\\/arealorcaradio.es\\\/#website\",\"url\":\"https:\\\/\\\/arealorcaradio.es\\\/\",\"name\":\"AREA LORCA RADIO\",\"description\":\"Descubre la programaci\u00f3n actual en \u00c1rea Lorca Radio, tu fuente de entrenamiento y noticias locales. Sintoniza ahora y mantente conectado online.\",\"potentialAction\":[{\"@type\":\"SearchAction\",\"target\":{\"@type\":\"EntryPoint\",\"urlTemplate\":\"https:\\\/\\\/arealorcaradio.es\\\/?s={search_term_string}\"},\"query-input\":{\"@type\":\"PropertyValueSpecification\",\"valueRequired\":true,\"valueName\":\"search_term_string\"}}],\"inLanguage\":\"es\"},{\"@type\":\"Person\",\"@id\":\"https:\\\/\\\/arealorcaradio.es\\\/#\\\/schema\\\/person\\\/9fae605fc25b0f2c83c1ab207139bd27\",\"name\":\"Paco S\u00e1nchez\",\"image\":{\"@type\":\"ImageObject\",\"inLanguage\":\"es\",\"@id\":\"https:\\\/\\\/secure.gravatar.com\\\/avatar\\\/d67144e966420fb74aa84c9f2a0103be4724fd14db52b52d3b6bca749f257e79?s=96&d=mm&r=g\",\"url\":\"https:\\\/\\\/secure.gravatar.com\\\/avatar\\\/d67144e966420fb74aa84c9f2a0103be4724fd14db52b52d3b6bca749f257e79?s=96&d=mm&r=g\",\"contentUrl\":\"https:\\\/\\\/secure.gravatar.com\\\/avatar\\\/d67144e966420fb74aa84c9f2a0103be4724fd14db52b52d3b6bca749f257e79?s=96&d=mm&r=g\",\"caption\":\"Paco S\u00e1nchez\"},\"sameAs\":[\"https:\\\/\\\/arealorcaradio.es\"],\"url\":\"https:\\\/\\\/arealorcaradio.es\\\/index.php\\\/author\\\/admin_alorcaradio\\\/\"}]}<\/script>\n<!-- \/ Yoast SEO plugin. -->","yoast_head_json":{"title":"El Ej\u00e9rcito del Aire y del Espacio alerta a la poblaci\u00f3n de vuelos supers\u00f3nicos con estampido perceptible a nivel de superficie - AREA LORCA RADIO","robots":{"index":"index","follow":"follow","max-snippet":"max-snippet:-1","max-image-preview":"max-image-preview:large","max-video-preview":"max-video-preview:-1"},"canonical":"https:\/\/arealorcaradio.es\/index.php\/2025\/09\/16\/el-ejercito-del-aire-y-del-espacio-alerta-a-la-poblacion-de-vuelos-supersonicos-con-estampido-perceptible-a-nivel-de-superficie\/","og_locale":"es_ES","og_type":"article","og_title":"El Ej\u00e9rcito del Aire y del Espacio alerta a la poblaci\u00f3n de vuelos supers\u00f3nicos con estampido perceptible a nivel de superficie - AREA LORCA RADIO","og_description":"\u00c1REA LORCA RADIO. Actualidad. Lorca, 16 de septiembre de 2025. El Ej\u00e9rcito del Aire y del Espacio ha alertado de maniobras militares en el t\u00e9rmino municipal de Lorca que pueden provocar \u00abestampidos s\u00f3nicos\u00bb, que ser\u00e1n perceptibles entre las 15.30 y 17.30 horas, desde el pr\u00f3ximo 22 de septiembre hasta el d\u00eda 2 de octubre de [&hellip;]","og_url":"https:\/\/arealorcaradio.es\/index.php\/2025\/09\/16\/el-ejercito-del-aire-y-del-espacio-alerta-a-la-poblacion-de-vuelos-supersonicos-con-estampido-perceptible-a-nivel-de-superficie\/","og_site_name":"AREA LORCA RADIO","article_published_time":"2025-09-16T08:50:43+00:00","og_image":[{"width":1200,"height":840,"url":"https:\/\/arealorcaradio.es\/wp-content\/uploads\/2025\/09\/FOTO.webp","type":"image\/webp"}],"author":"Paco S\u00e1nchez","twitter_card":"summary_large_image","twitter_misc":{"Escrito por":"Paco S\u00e1nchez","Tiempo de lectura":"2 minutos"},"schema":{"@context":"https:\/\/schema.org","@graph":[{"@type":"Article","@id":"https:\/\/arealorcaradio.es\/index.php\/2025\/09\/16\/el-ejercito-del-aire-y-del-espacio-alerta-a-la-poblacion-de-vuelos-supersonicos-con-estampido-perceptible-a-nivel-de-superficie\/#article","isPartOf":{"@id":"https:\/\/arealorcaradio.es\/index.php\/2025\/09\/16\/el-ejercito-del-aire-y-del-espacio-alerta-a-la-poblacion-de-vuelos-supersonicos-con-estampido-perceptible-a-nivel-de-superficie\/"},"author":{"name":"Paco S\u00e1nchez","@id":"https:\/\/arealorcaradio.es\/#\/schema\/person\/9fae605fc25b0f2c83c1ab207139bd27"},"headline":"El Ej\u00e9rcito del Aire y del Espacio alerta a la poblaci\u00f3n de vuelos supers\u00f3nicos con estampido perceptible a nivel de superficie","datePublished":"2025-09-16T08:50:43+00:00","mainEntityOfPage":{"@id":"https:\/\/arealorcaradio.es\/index.php\/2025\/09\/16\/el-ejercito-del-aire-y-del-espacio-alerta-a-la-poblacion-de-vuelos-supersonicos-con-estampido-perceptible-a-nivel-de-superficie\/"},"wordCount":280,"commentCount":0,"image":{"@id":"https:\/\/arealorcaradio.es\/index.php\/2025\/09\/16\/el-ejercito-del-aire-y-del-espacio-alerta-a-la-poblacion-de-vuelos-supersonicos-con-estampido-perceptible-a-nivel-de-superficie\/#primaryimage"},"thumbnailUrl":"https:\/\/arealorcaradio.es\/wp-content\/uploads\/2025\/09\/FOTO.webp","articleSection":["ACTUALIDAD","LORCA"],"inLanguage":"es","potentialAction":[{"@type":"CommentAction","name":"Comment","target":["https:\/\/arealorcaradio.es\/index.php\/2025\/09\/16\/el-ejercito-del-aire-y-del-espacio-alerta-a-la-poblacion-de-vuelos-supersonicos-con-estampido-perceptible-a-nivel-de-superficie\/#respond"]}]},{"@type":"WebPage","@id":"https:\/\/arealorcaradio.es\/index.php\/2025\/09\/16\/el-ejercito-del-aire-y-del-espacio-alerta-a-la-poblacion-de-vuelos-supersonicos-con-estampido-perceptible-a-nivel-de-superficie\/","url":"https:\/\/arealorcaradio.es\/index.php\/2025\/09\/16\/el-ejercito-del-aire-y-del-espacio-alerta-a-la-poblacion-de-vuelos-supersonicos-con-estampido-perceptible-a-nivel-de-superficie\/","name":"El Ej\u00e9rcito del Aire y del Espacio alerta a la poblaci\u00f3n de vuelos supers\u00f3nicos con estampido perceptible a nivel de superficie - AREA LORCA RADIO","isPartOf":{"@id":"https:\/\/arealorcaradio.es\/#website"},"primaryImageOfPage":{"@id":"https:\/\/arealorcaradio.es\/index.php\/2025\/09\/16\/el-ejercito-del-aire-y-del-espacio-alerta-a-la-poblacion-de-vuelos-supersonicos-con-estampido-perceptible-a-nivel-de-superficie\/#primaryimage"},"image":{"@id":"https:\/\/arealorcaradio.es\/index.php\/2025\/09\/16\/el-ejercito-del-aire-y-del-espacio-alerta-a-la-poblacion-de-vuelos-supersonicos-con-estampido-perceptible-a-nivel-de-superficie\/#primaryimage"},"thumbnailUrl":"https:\/\/arealorcaradio.es\/wp-content\/uploads\/2025\/09\/FOTO.webp","datePublished":"2025-09-16T08:50:43+00:00","author":{"@id":"https:\/\/arealorcaradio.es\/#\/schema\/person\/9fae605fc25b0f2c83c1ab207139bd27"},"breadcrumb":{"@id":"https:\/\/arealorcaradio.es\/index.php\/2025\/09\/16\/el-ejercito-del-aire-y-del-espacio-alerta-a-la-poblacion-de-vuelos-supersonicos-con-estampido-perceptible-a-nivel-de-superficie\/#breadcrumb"},"inLanguage":"es","potentialAction":[{"@type":"ReadAction","target":["https:\/\/arealorcaradio.es\/index.php\/2025\/09\/16\/el-ejercito-del-aire-y-del-espacio-alerta-a-la-poblacion-de-vuelos-supersonicos-con-estampido-perceptible-a-nivel-de-superficie\/"]}]},{"@type":"ImageObject","inLanguage":"es","@id":"https:\/\/arealorcaradio.es\/index.php\/2025\/09\/16\/el-ejercito-del-aire-y-del-espacio-alerta-a-la-poblacion-de-vuelos-supersonicos-con-estampido-perceptible-a-nivel-de-superficie\/#primaryimage","url":"https:\/\/arealorcaradio.es\/wp-content\/uploads\/2025\/09\/FOTO.webp","contentUrl":"https:\/\/arealorcaradio.es\/wp-content\/uploads\/2025\/09\/FOTO.webp","width":1200,"height":840},{"@type":"BreadcrumbList","@id":"https:\/\/arealorcaradio.es\/index.php\/2025\/09\/16\/el-ejercito-del-aire-y-del-espacio-alerta-a-la-poblacion-de-vuelos-supersonicos-con-estampido-perceptible-a-nivel-de-superficie\/#breadcrumb","itemListElement":[{"@type":"ListItem","position":1,"name":"Portada","item":"https:\/\/arealorcaradio.es\/"},{"@type":"ListItem","position":2,"name":"El Ej\u00e9rcito del Aire y del Espacio alerta a la poblaci\u00f3n de vuelos supers\u00f3nicos con estampido perceptible a nivel de superficie"}]},{"@type":"WebSite","@id":"https:\/\/arealorcaradio.es\/#website","url":"https:\/\/arealorcaradio.es\/","name":"AREA LORCA RADIO","description":"Descubre la programaci\u00f3n actual en \u00c1rea Lorca Radio, tu fuente de entrenamiento y noticias locales. Sintoniza ahora y mantente conectado online.","potentialAction":[{"@type":"SearchAction","target":{"@type":"EntryPoint","urlTemplate":"https:\/\/arealorcaradio.es\/?s={search_term_string}"},"query-input":{"@type":"PropertyValueSpecification","valueRequired":true,"valueName":"search_term_string"}}],"inLanguage":"es"},{"@type":"Person","@id":"https:\/\/arealorcaradio.es\/#\/schema\/person\/9fae605fc25b0f2c83c1ab207139bd27","name":"Paco S\u00e1nchez","image":{"@type":"ImageObject","inLanguage":"es","@id":"https:\/\/secure.gravatar.com\/avatar\/d67144e966420fb74aa84c9f2a0103be4724fd14db52b52d3b6bca749f257e79?s=96&d=mm&r=g","url":"https:\/\/secure.gravatar.com\/avatar\/d67144e966420fb74aa84c9f2a0103be4724fd14db52b52d3b6bca749f257e79?s=96&d=mm&r=g","contentUrl":"https:\/\/secure.gravatar.com\/avatar\/d67144e966420fb74aa84c9f2a0103be4724fd14db52b52d3b6bca749f257e79?s=96&d=mm&r=g","caption":"Paco S\u00e1nchez"},"sameAs":["https:\/\/arealorcaradio.es"],"url":"https:\/\/arealorcaradio.es\/index.php\/author\/admin_alorcaradio\/"}]}},"_links":{"self":[{"href":"https:\/\/arealorcaradio.es\/index.php\/wp-json\/wp\/v2\/posts\/7833","targetHints":{"allow":["GET"]}}],"collection":[{"href":"https:\/\/arealorcaradio.es\/index.php\/wp-json\/wp\/v2\/posts"}],"about":[{"href":"https:\/\/arealorcaradio.es\/index.php\/wp-json\/wp\/v2\/types\/post"}],"author":[{"embeddable":true,"href":"https:\/\/arealorcaradio.es\/index.php\/wp-json\/wp\/v2\/users\/1"}],"replies":[{"embeddable":true,"href":"https:\/\/arealorcaradio.es\/index.php\/wp-json\/wp\/v2\/comments?post=7833"}],"version-history":[{"count":1,"href":"https:\/\/arealorcaradio.es\/index.php\/wp-json\/wp\/v2\/posts\/7833\/revisions"}],"predecessor-version":[{"id":7835,"href":"https:\/\/arealorcaradio.es\/index.php\/wp-json\/wp\/v2\/posts\/7833\/revisions\/7835"}],"wp:featuredmedia":[{"embeddable":true,"href":"https:\/\/arealorcaradio.es\/index.php\/wp-json\/wp\/v2\/media\/7834"}],"wp:attachment":[{"href":"https:\/\/arealorcaradio.es\/index.php\/wp-json\/wp\/v2\/media?parent=7833"}],"wp:term":[{"taxonomy":"category","embeddable":true,"href":"https:\/\/arealorcaradio.es\/index.php\/wp-json\/wp\/v2\/categories?post=7833"},{"taxonomy":"post_tag","embeddable":true,"href":"https:\/\/arealorcaradio.es\/index.php\/wp-json\/wp\/v2\/tags?post=7833"}],"curies":[{"name":"wp","href":"https:\/\/api.w.org\/{rel}","templated":true}]}}