{"id":7828,"date":"2025-09-15T16:16:56","date_gmt":"2025-09-15T16:16:56","guid":{"rendered":"https:\/\/arealorcaradio.es\/?p=7828"},"modified":"2025-09-15T16:16:56","modified_gmt":"2025-09-15T16:16:56","slug":"el-tradicional-encierro-infantil-de-la-feria-de-lorca-regresa-el-proximo-21-de-septiembre","status":"publish","type":"post","link":"https:\/\/arealorcaradio.es\/index.php\/2025\/09\/15\/el-tradicional-encierro-infantil-de-la-feria-de-lorca-regresa-el-proximo-21-de-septiembre\/","title":{"rendered":"El tradicional &#8216;Encierro Infantil&#8217; de la Feria de Lorca regresa el pr\u00f3ximo 21 de septiembre"},"content":{"rendered":"<p><strong>\u00c1REA LORCA RADIO. Cultura.<\/strong><\/p>\n<p class=\"v1MsoNormal\"><b><span lang=\"es\">Lorca, 15 de septiembre de 2025<\/span><\/b><span lang=\"es\">. Un a\u00f1o m\u00e1s, regresa el tradicional \u00abEncierro Infantil\u00bb en el que los toros hinchables recorren las calles de la ciudad, dando como resultado un divertido recorrido en el que los peque\u00f1os de la familia son los protagonistas, corriendo a un lado y al otro de los \u00abastados\u00bb.<\/span><\/p>\n<p class=\"v1MsoNormal\"><span lang=\"es\">As\u00ed lo ha trasladado la edil de Feria y Fiestas del Ayuntamiento de Lorca, Mar\u00eda de las Huertas Garc\u00eda, junto a Juan Coronel, presidente del Club Taurino de Lorca, en la presentaci\u00f3n de la celebraci\u00f3n de este tradicional encuentro, que se incluye en el programa de la Feria y Fiestas de septiembre y que se celebrar\u00e1 el domingo 21, a partir de las 11 horas, teniendo el Coso de Sutullena, por segundo a\u00f1o consecutivo tras su reapertura, como espacio protagonista.<\/span><\/p>\n<p class=\"v1MsoNormal\"><span lang=\"es\"><img loading=\"lazy\" decoding=\"async\" class=\"alignnone size-medium wp-image-7829\" src=\"https:\/\/arealorcaradio.es\/wp-content\/uploads\/2025\/09\/IMG-20250915-WA0034-212x300.jpg\" alt=\"\" width=\"212\" height=\"300\" srcset=\"https:\/\/arealorcaradio.es\/wp-content\/uploads\/2025\/09\/IMG-20250915-WA0034-212x300.jpg 212w, https:\/\/arealorcaradio.es\/wp-content\/uploads\/2025\/09\/IMG-20250915-WA0034-724x1024.jpg 724w, https:\/\/arealorcaradio.es\/wp-content\/uploads\/2025\/09\/IMG-20250915-WA0034-768x1086.jpg 768w, https:\/\/arealorcaradio.es\/wp-content\/uploads\/2025\/09\/IMG-20250915-WA0034-1086x1536.jpg 1086w, https:\/\/arealorcaradio.es\/wp-content\/uploads\/2025\/09\/IMG-20250915-WA0034.jpg 1131w\" sizes=\"auto, (max-width: 212px) 100vw, 212px\" \/>\u00a0 <img loading=\"lazy\" decoding=\"async\" class=\"alignnone size-medium wp-image-7830\" src=\"https:\/\/arealorcaradio.es\/wp-content\/uploads\/2025\/09\/IMG-20250915-WA0010-300x200.jpg\" alt=\"\" width=\"300\" height=\"200\" srcset=\"https:\/\/arealorcaradio.es\/wp-content\/uploads\/2025\/09\/IMG-20250915-WA0010-300x200.jpg 300w, https:\/\/arealorcaradio.es\/wp-content\/uploads\/2025\/09\/IMG-20250915-WA0010-1024x683.jpg 1024w, https:\/\/arealorcaradio.es\/wp-content\/uploads\/2025\/09\/IMG-20250915-WA0010-768x512.jpg 768w, https:\/\/arealorcaradio.es\/wp-content\/uploads\/2025\/09\/IMG-20250915-WA0010.jpg 1500w\" sizes=\"auto, (max-width: 300px) 100vw, 300px\" \/><\/span><\/p>\n<p class=\"v1MsoNormal\"><span lang=\"es\">\u00abEsta jornada familiar es una de las m\u00e1s esperadas. Se ha convertido ya en una aut\u00e9ntica tradici\u00f3n. A\u00f1o tras a\u00f1o, son m\u00e1s los ni\u00f1os que asisten, junto a sus familias y acompa\u00f1ados por amigos, a este espect\u00e1culo, que contar\u00e1 con la habitual entrega de los &#8216;pa\u00f1uelicos&#8217; con la imagen del encierro\u00bb, ha indicado Mar\u00eda de las Huertas.<\/span><\/p>\n<p class=\"v1MsoNormal\"><span lang=\"es\">El chupinazo y la posterior salida de los &#8216;astados&#8217; ser\u00e1 a las 11 horas. El trayecto, como en 2024, partir\u00e1 desde la Plaza de Espa\u00f1a, recorriendo: calles \u00c1lamo, Corredera, P\u00edo XII, Emilio Garc\u00eda, Alameda de la Constituci\u00f3n, Alameda Corregidor Lapuente, hasta finalizar en la Plaza de Toros, donde continuar\u00e1 la actividad con animaci\u00f3n infantil y con otras muchas sorpresas y regalos para los ni\u00f1os que asistan.<\/span><\/p>\n<p class=\"v1MsoNormal\"><span lang=\"es\">Garc\u00eda ha tenido unas palabras para el Club Taurino de Lorca por \u00absu apuesta por el fomento de la tauromaquia, incluyendo al p\u00fablico infantil\u00bb. Por su parte, Juan Coronel ha destacado que \u00abvalores como el del respeto al toro bravo desde su nacimiento hasta su lidia, el compa\u00f1erismo o la capacidad de superaci\u00f3n ante las dificultades y adversidades son s\u00f3lo algunas de las premisas que intentamos trasladar desde el \u00e1mbito profesional a los m\u00e1s peque\u00f1os en relaci\u00f3n al mundo del toro y del toreo\u00bb.\u00a0<\/span><\/p>\n","protected":false},"excerpt":{"rendered":"<p>\u00c1REA LORCA RADIO. Cultura. Lorca, 15 de septiembre de 2025. Un a\u00f1o m\u00e1s, regresa el tradicional \u00abEncierro Infantil\u00bb en el que los toros hinchables recorren las calles de la ciudad, dando como resultado un divertido recorrido en el que los peque\u00f1os de la familia son los protagonistas, corriendo a un lado y al otro de [&hellip;]<\/p>\n","protected":false},"author":1,"featured_media":7831,"comment_status":"open","ping_status":"open","sticky":false,"template":"","format":"standard","meta":{"iawp_total_views":14,"footnotes":""},"categories":[5,7],"tags":[],"class_list":["post-7828","post","type-post","status-publish","format-standard","has-post-thumbnail","hentry","category-actualidad","category-lorca"],"yoast_head":"<!-- This site is optimized with the Yoast SEO plugin v27.5 - https:\/\/yoast.com\/product\/yoast-seo-wordpress\/ -->\n<title>El tradicional &#039;Encierro Infantil&#039; de la Feria de Lorca regresa el pr\u00f3ximo 21 de septiembre - AREA LORCA RADIO<\/title>\n<meta name=\"robots\" content=\"index, follow, max-snippet:-1, max-image-preview:large, max-video-preview:-1\" \/>\n<link rel=\"canonical\" href=\"https:\/\/arealorcaradio.es\/index.php\/2025\/09\/15\/el-tradicional-encierro-infantil-de-la-feria-de-lorca-regresa-el-proximo-21-de-septiembre\/\" \/>\n<meta property=\"og:locale\" content=\"es_ES\" \/>\n<meta property=\"og:type\" content=\"article\" \/>\n<meta property=\"og:title\" content=\"El tradicional &#039;Encierro Infantil&#039; de la Feria de Lorca regresa el pr\u00f3ximo 21 de septiembre - AREA LORCA RADIO\" \/>\n<meta property=\"og:description\" content=\"\u00c1REA LORCA RADIO. Cultura. Lorca, 15 de septiembre de 2025. Un a\u00f1o m\u00e1s, regresa el tradicional \u00abEncierro Infantil\u00bb en el que los toros hinchables recorren las calles de la ciudad, dando como resultado un divertido recorrido en el que los peque\u00f1os de la familia son los protagonistas, corriendo a un lado y al otro de [&hellip;]\" \/>\n<meta property=\"og:url\" content=\"https:\/\/arealorcaradio.es\/index.php\/2025\/09\/15\/el-tradicional-encierro-infantil-de-la-feria-de-lorca-regresa-el-proximo-21-de-septiembre\/\" \/>\n<meta property=\"og:site_name\" content=\"AREA LORCA RADIO\" \/>\n<meta property=\"article:published_time\" content=\"2025-09-15T16:16:56+00:00\" \/>\n<meta property=\"og:image\" content=\"https:\/\/arealorcaradio.es\/wp-content\/uploads\/2025\/09\/FOTO1-63.jpeg\" \/>\n\t<meta property=\"og:image:width\" content=\"1500\" \/>\n\t<meta property=\"og:image:height\" content=\"1000\" \/>\n\t<meta property=\"og:image:type\" content=\"image\/jpeg\" \/>\n<meta name=\"author\" content=\"Paco S\u00e1nchez\" \/>\n<meta name=\"twitter:card\" content=\"summary_large_image\" \/>\n<meta name=\"twitter:label1\" content=\"Escrito por\" \/>\n\t<meta name=\"twitter:data1\" content=\"Paco S\u00e1nchez\" \/>\n\t<meta name=\"twitter:label2\" content=\"Tiempo de lectura\" \/>\n\t<meta name=\"twitter:data2\" content=\"3 minutos\" \/>\n<script type=\"application\/ld+json\" class=\"yoast-schema-graph\">{\"@context\":\"https:\\\/\\\/schema.org\",\"@graph\":[{\"@type\":\"Article\",\"@id\":\"https:\\\/\\\/arealorcaradio.es\\\/index.php\\\/2025\\\/09\\\/15\\\/el-tradicional-encierro-infantil-de-la-feria-de-lorca-regresa-el-proximo-21-de-septiembre\\\/#article\",\"isPartOf\":{\"@id\":\"https:\\\/\\\/arealorcaradio.es\\\/index.php\\\/2025\\\/09\\\/15\\\/el-tradicional-encierro-infantil-de-la-feria-de-lorca-regresa-el-proximo-21-de-septiembre\\\/\"},\"author\":{\"name\":\"Paco S\u00e1nchez\",\"@id\":\"https:\\\/\\\/arealorcaradio.es\\\/#\\\/schema\\\/person\\\/9fae605fc25b0f2c83c1ab207139bd27\"},\"headline\":\"El tradicional &#8216;Encierro Infantil&#8217; de la Feria de Lorca regresa el pr\u00f3ximo 21 de septiembre\",\"datePublished\":\"2025-09-15T16:16:56+00:00\",\"mainEntityOfPage\":{\"@id\":\"https:\\\/\\\/arealorcaradio.es\\\/index.php\\\/2025\\\/09\\\/15\\\/el-tradicional-encierro-infantil-de-la-feria-de-lorca-regresa-el-proximo-21-de-septiembre\\\/\"},\"wordCount\":386,\"commentCount\":0,\"image\":{\"@id\":\"https:\\\/\\\/arealorcaradio.es\\\/index.php\\\/2025\\\/09\\\/15\\\/el-tradicional-encierro-infantil-de-la-feria-de-lorca-regresa-el-proximo-21-de-septiembre\\\/#primaryimage\"},\"thumbnailUrl\":\"https:\\\/\\\/arealorcaradio.es\\\/wp-content\\\/uploads\\\/2025\\\/09\\\/FOTO1-63.jpeg\",\"articleSection\":[\"ACTUALIDAD\",\"LORCA\"],\"inLanguage\":\"es\",\"potentialAction\":[{\"@type\":\"CommentAction\",\"name\":\"Comment\",\"target\":[\"https:\\\/\\\/arealorcaradio.es\\\/index.php\\\/2025\\\/09\\\/15\\\/el-tradicional-encierro-infantil-de-la-feria-de-lorca-regresa-el-proximo-21-de-septiembre\\\/#respond\"]}]},{\"@type\":\"WebPage\",\"@id\":\"https:\\\/\\\/arealorcaradio.es\\\/index.php\\\/2025\\\/09\\\/15\\\/el-tradicional-encierro-infantil-de-la-feria-de-lorca-regresa-el-proximo-21-de-septiembre\\\/\",\"url\":\"https:\\\/\\\/arealorcaradio.es\\\/index.php\\\/2025\\\/09\\\/15\\\/el-tradicional-encierro-infantil-de-la-feria-de-lorca-regresa-el-proximo-21-de-septiembre\\\/\",\"name\":\"El tradicional 'Encierro Infantil' de la Feria de Lorca regresa el pr\u00f3ximo 21 de septiembre - AREA LORCA RADIO\",\"isPartOf\":{\"@id\":\"https:\\\/\\\/arealorcaradio.es\\\/#website\"},\"primaryImageOfPage\":{\"@id\":\"https:\\\/\\\/arealorcaradio.es\\\/index.php\\\/2025\\\/09\\\/15\\\/el-tradicional-encierro-infantil-de-la-feria-de-lorca-regresa-el-proximo-21-de-septiembre\\\/#primaryimage\"},\"image\":{\"@id\":\"https:\\\/\\\/arealorcaradio.es\\\/index.php\\\/2025\\\/09\\\/15\\\/el-tradicional-encierro-infantil-de-la-feria-de-lorca-regresa-el-proximo-21-de-septiembre\\\/#primaryimage\"},\"thumbnailUrl\":\"https:\\\/\\\/arealorcaradio.es\\\/wp-content\\\/uploads\\\/2025\\\/09\\\/FOTO1-63.jpeg\",\"datePublished\":\"2025-09-15T16:16:56+00:00\",\"author\":{\"@id\":\"https:\\\/\\\/arealorcaradio.es\\\/#\\\/schema\\\/person\\\/9fae605fc25b0f2c83c1ab207139bd27\"},\"breadcrumb\":{\"@id\":\"https:\\\/\\\/arealorcaradio.es\\\/index.php\\\/2025\\\/09\\\/15\\\/el-tradicional-encierro-infantil-de-la-feria-de-lorca-regresa-el-proximo-21-de-septiembre\\\/#breadcrumb\"},\"inLanguage\":\"es\",\"potentialAction\":[{\"@type\":\"ReadAction\",\"target\":[\"https:\\\/\\\/arealorcaradio.es\\\/index.php\\\/2025\\\/09\\\/15\\\/el-tradicional-encierro-infantil-de-la-feria-de-lorca-regresa-el-proximo-21-de-septiembre\\\/\"]}]},{\"@type\":\"ImageObject\",\"inLanguage\":\"es\",\"@id\":\"https:\\\/\\\/arealorcaradio.es\\\/index.php\\\/2025\\\/09\\\/15\\\/el-tradicional-encierro-infantil-de-la-feria-de-lorca-regresa-el-proximo-21-de-septiembre\\\/#primaryimage\",\"url\":\"https:\\\/\\\/arealorcaradio.es\\\/wp-content\\\/uploads\\\/2025\\\/09\\\/FOTO1-63.jpeg\",\"contentUrl\":\"https:\\\/\\\/arealorcaradio.es\\\/wp-content\\\/uploads\\\/2025\\\/09\\\/FOTO1-63.jpeg\",\"width\":1500,\"height\":1000},{\"@type\":\"BreadcrumbList\",\"@id\":\"https:\\\/\\\/arealorcaradio.es\\\/index.php\\\/2025\\\/09\\\/15\\\/el-tradicional-encierro-infantil-de-la-feria-de-lorca-regresa-el-proximo-21-de-septiembre\\\/#breadcrumb\",\"itemListElement\":[{\"@type\":\"ListItem\",\"position\":1,\"name\":\"Portada\",\"item\":\"https:\\\/\\\/arealorcaradio.es\\\/\"},{\"@type\":\"ListItem\",\"position\":2,\"name\":\"El tradicional &#8216;Encierro Infantil&#8217; de la Feria de Lorca regresa el pr\u00f3ximo 21 de septiembre\"}]},{\"@type\":\"WebSite\",\"@id\":\"https:\\\/\\\/arealorcaradio.es\\\/#website\",\"url\":\"https:\\\/\\\/arealorcaradio.es\\\/\",\"name\":\"AREA LORCA RADIO\",\"description\":\"Descubre la programaci\u00f3n actual en \u00c1rea Lorca Radio, tu fuente de entrenamiento y noticias locales. Sintoniza ahora y mantente conectado online.\",\"potentialAction\":[{\"@type\":\"SearchAction\",\"target\":{\"@type\":\"EntryPoint\",\"urlTemplate\":\"https:\\\/\\\/arealorcaradio.es\\\/?s={search_term_string}\"},\"query-input\":{\"@type\":\"PropertyValueSpecification\",\"valueRequired\":true,\"valueName\":\"search_term_string\"}}],\"inLanguage\":\"es\"},{\"@type\":\"Person\",\"@id\":\"https:\\\/\\\/arealorcaradio.es\\\/#\\\/schema\\\/person\\\/9fae605fc25b0f2c83c1ab207139bd27\",\"name\":\"Paco S\u00e1nchez\",\"image\":{\"@type\":\"ImageObject\",\"inLanguage\":\"es\",\"@id\":\"https:\\\/\\\/secure.gravatar.com\\\/avatar\\\/d67144e966420fb74aa84c9f2a0103be4724fd14db52b52d3b6bca749f257e79?s=96&d=mm&r=g\",\"url\":\"https:\\\/\\\/secure.gravatar.com\\\/avatar\\\/d67144e966420fb74aa84c9f2a0103be4724fd14db52b52d3b6bca749f257e79?s=96&d=mm&r=g\",\"contentUrl\":\"https:\\\/\\\/secure.gravatar.com\\\/avatar\\\/d67144e966420fb74aa84c9f2a0103be4724fd14db52b52d3b6bca749f257e79?s=96&d=mm&r=g\",\"caption\":\"Paco S\u00e1nchez\"},\"sameAs\":[\"https:\\\/\\\/arealorcaradio.es\"],\"url\":\"https:\\\/\\\/arealorcaradio.es\\\/index.php\\\/author\\\/admin_alorcaradio\\\/\"}]}<\/script>\n<!-- \/ Yoast SEO plugin. -->","yoast_head_json":{"title":"El tradicional 'Encierro Infantil' de la Feria de Lorca regresa el pr\u00f3ximo 21 de septiembre - AREA LORCA RADIO","robots":{"index":"index","follow":"follow","max-snippet":"max-snippet:-1","max-image-preview":"max-image-preview:large","max-video-preview":"max-video-preview:-1"},"canonical":"https:\/\/arealorcaradio.es\/index.php\/2025\/09\/15\/el-tradicional-encierro-infantil-de-la-feria-de-lorca-regresa-el-proximo-21-de-septiembre\/","og_locale":"es_ES","og_type":"article","og_title":"El tradicional 'Encierro Infantil' de la Feria de Lorca regresa el pr\u00f3ximo 21 de septiembre - AREA LORCA RADIO","og_description":"\u00c1REA LORCA RADIO. Cultura. Lorca, 15 de septiembre de 2025. Un a\u00f1o m\u00e1s, regresa el tradicional \u00abEncierro Infantil\u00bb en el que los toros hinchables recorren las calles de la ciudad, dando como resultado un divertido recorrido en el que los peque\u00f1os de la familia son los protagonistas, corriendo a un lado y al otro de [&hellip;]","og_url":"https:\/\/arealorcaradio.es\/index.php\/2025\/09\/15\/el-tradicional-encierro-infantil-de-la-feria-de-lorca-regresa-el-proximo-21-de-septiembre\/","og_site_name":"AREA LORCA RADIO","article_published_time":"2025-09-15T16:16:56+00:00","og_image":[{"width":1500,"height":1000,"url":"https:\/\/arealorcaradio.es\/wp-content\/uploads\/2025\/09\/FOTO1-63.jpeg","type":"image\/jpeg"}],"author":"Paco S\u00e1nchez","twitter_card":"summary_large_image","twitter_misc":{"Escrito por":"Paco S\u00e1nchez","Tiempo de lectura":"3 minutos"},"schema":{"@context":"https:\/\/schema.org","@graph":[{"@type":"Article","@id":"https:\/\/arealorcaradio.es\/index.php\/2025\/09\/15\/el-tradicional-encierro-infantil-de-la-feria-de-lorca-regresa-el-proximo-21-de-septiembre\/#article","isPartOf":{"@id":"https:\/\/arealorcaradio.es\/index.php\/2025\/09\/15\/el-tradicional-encierro-infantil-de-la-feria-de-lorca-regresa-el-proximo-21-de-septiembre\/"},"author":{"name":"Paco S\u00e1nchez","@id":"https:\/\/arealorcaradio.es\/#\/schema\/person\/9fae605fc25b0f2c83c1ab207139bd27"},"headline":"El tradicional &#8216;Encierro Infantil&#8217; de la Feria de Lorca regresa el pr\u00f3ximo 21 de septiembre","datePublished":"2025-09-15T16:16:56+00:00","mainEntityOfPage":{"@id":"https:\/\/arealorcaradio.es\/index.php\/2025\/09\/15\/el-tradicional-encierro-infantil-de-la-feria-de-lorca-regresa-el-proximo-21-de-septiembre\/"},"wordCount":386,"commentCount":0,"image":{"@id":"https:\/\/arealorcaradio.es\/index.php\/2025\/09\/15\/el-tradicional-encierro-infantil-de-la-feria-de-lorca-regresa-el-proximo-21-de-septiembre\/#primaryimage"},"thumbnailUrl":"https:\/\/arealorcaradio.es\/wp-content\/uploads\/2025\/09\/FOTO1-63.jpeg","articleSection":["ACTUALIDAD","LORCA"],"inLanguage":"es","potentialAction":[{"@type":"CommentAction","name":"Comment","target":["https:\/\/arealorcaradio.es\/index.php\/2025\/09\/15\/el-tradicional-encierro-infantil-de-la-feria-de-lorca-regresa-el-proximo-21-de-septiembre\/#respond"]}]},{"@type":"WebPage","@id":"https:\/\/arealorcaradio.es\/index.php\/2025\/09\/15\/el-tradicional-encierro-infantil-de-la-feria-de-lorca-regresa-el-proximo-21-de-septiembre\/","url":"https:\/\/arealorcaradio.es\/index.php\/2025\/09\/15\/el-tradicional-encierro-infantil-de-la-feria-de-lorca-regresa-el-proximo-21-de-septiembre\/","name":"El tradicional 'Encierro Infantil' de la Feria de Lorca regresa el pr\u00f3ximo 21 de septiembre - AREA LORCA RADIO","isPartOf":{"@id":"https:\/\/arealorcaradio.es\/#website"},"primaryImageOfPage":{"@id":"https:\/\/arealorcaradio.es\/index.php\/2025\/09\/15\/el-tradicional-encierro-infantil-de-la-feria-de-lorca-regresa-el-proximo-21-de-septiembre\/#primaryimage"},"image":{"@id":"https:\/\/arealorcaradio.es\/index.php\/2025\/09\/15\/el-tradicional-encierro-infantil-de-la-feria-de-lorca-regresa-el-proximo-21-de-septiembre\/#primaryimage"},"thumbnailUrl":"https:\/\/arealorcaradio.es\/wp-content\/uploads\/2025\/09\/FOTO1-63.jpeg","datePublished":"2025-09-15T16:16:56+00:00","author":{"@id":"https:\/\/arealorcaradio.es\/#\/schema\/person\/9fae605fc25b0f2c83c1ab207139bd27"},"breadcrumb":{"@id":"https:\/\/arealorcaradio.es\/index.php\/2025\/09\/15\/el-tradicional-encierro-infantil-de-la-feria-de-lorca-regresa-el-proximo-21-de-septiembre\/#breadcrumb"},"inLanguage":"es","potentialAction":[{"@type":"ReadAction","target":["https:\/\/arealorcaradio.es\/index.php\/2025\/09\/15\/el-tradicional-encierro-infantil-de-la-feria-de-lorca-regresa-el-proximo-21-de-septiembre\/"]}]},{"@type":"ImageObject","inLanguage":"es","@id":"https:\/\/arealorcaradio.es\/index.php\/2025\/09\/15\/el-tradicional-encierro-infantil-de-la-feria-de-lorca-regresa-el-proximo-21-de-septiembre\/#primaryimage","url":"https:\/\/arealorcaradio.es\/wp-content\/uploads\/2025\/09\/FOTO1-63.jpeg","contentUrl":"https:\/\/arealorcaradio.es\/wp-content\/uploads\/2025\/09\/FOTO1-63.jpeg","width":1500,"height":1000},{"@type":"BreadcrumbList","@id":"https:\/\/arealorcaradio.es\/index.php\/2025\/09\/15\/el-tradicional-encierro-infantil-de-la-feria-de-lorca-regresa-el-proximo-21-de-septiembre\/#breadcrumb","itemListElement":[{"@type":"ListItem","position":1,"name":"Portada","item":"https:\/\/arealorcaradio.es\/"},{"@type":"ListItem","position":2,"name":"El tradicional &#8216;Encierro Infantil&#8217; de la Feria de Lorca regresa el pr\u00f3ximo 21 de septiembre"}]},{"@type":"WebSite","@id":"https:\/\/arealorcaradio.es\/#website","url":"https:\/\/arealorcaradio.es\/","name":"AREA LORCA RADIO","description":"Descubre la programaci\u00f3n actual en \u00c1rea Lorca Radio, tu fuente de entrenamiento y noticias locales. Sintoniza ahora y mantente conectado online.","potentialAction":[{"@type":"SearchAction","target":{"@type":"EntryPoint","urlTemplate":"https:\/\/arealorcaradio.es\/?s={search_term_string}"},"query-input":{"@type":"PropertyValueSpecification","valueRequired":true,"valueName":"search_term_string"}}],"inLanguage":"es"},{"@type":"Person","@id":"https:\/\/arealorcaradio.es\/#\/schema\/person\/9fae605fc25b0f2c83c1ab207139bd27","name":"Paco S\u00e1nchez","image":{"@type":"ImageObject","inLanguage":"es","@id":"https:\/\/secure.gravatar.com\/avatar\/d67144e966420fb74aa84c9f2a0103be4724fd14db52b52d3b6bca749f257e79?s=96&d=mm&r=g","url":"https:\/\/secure.gravatar.com\/avatar\/d67144e966420fb74aa84c9f2a0103be4724fd14db52b52d3b6bca749f257e79?s=96&d=mm&r=g","contentUrl":"https:\/\/secure.gravatar.com\/avatar\/d67144e966420fb74aa84c9f2a0103be4724fd14db52b52d3b6bca749f257e79?s=96&d=mm&r=g","caption":"Paco S\u00e1nchez"},"sameAs":["https:\/\/arealorcaradio.es"],"url":"https:\/\/arealorcaradio.es\/index.php\/author\/admin_alorcaradio\/"}]}},"_links":{"self":[{"href":"https:\/\/arealorcaradio.es\/index.php\/wp-json\/wp\/v2\/posts\/7828","targetHints":{"allow":["GET"]}}],"collection":[{"href":"https:\/\/arealorcaradio.es\/index.php\/wp-json\/wp\/v2\/posts"}],"about":[{"href":"https:\/\/arealorcaradio.es\/index.php\/wp-json\/wp\/v2\/types\/post"}],"author":[{"embeddable":true,"href":"https:\/\/arealorcaradio.es\/index.php\/wp-json\/wp\/v2\/users\/1"}],"replies":[{"embeddable":true,"href":"https:\/\/arealorcaradio.es\/index.php\/wp-json\/wp\/v2\/comments?post=7828"}],"version-history":[{"count":1,"href":"https:\/\/arealorcaradio.es\/index.php\/wp-json\/wp\/v2\/posts\/7828\/revisions"}],"predecessor-version":[{"id":7832,"href":"https:\/\/arealorcaradio.es\/index.php\/wp-json\/wp\/v2\/posts\/7828\/revisions\/7832"}],"wp:featuredmedia":[{"embeddable":true,"href":"https:\/\/arealorcaradio.es\/index.php\/wp-json\/wp\/v2\/media\/7831"}],"wp:attachment":[{"href":"https:\/\/arealorcaradio.es\/index.php\/wp-json\/wp\/v2\/media?parent=7828"}],"wp:term":[{"taxonomy":"category","embeddable":true,"href":"https:\/\/arealorcaradio.es\/index.php\/wp-json\/wp\/v2\/categories?post=7828"},{"taxonomy":"post_tag","embeddable":true,"href":"https:\/\/arealorcaradio.es\/index.php\/wp-json\/wp\/v2\/tags?post=7828"}],"curies":[{"name":"wp","href":"https:\/\/api.w.org\/{rel}","templated":true}]}}