{"id":7825,"date":"2025-09-15T16:07:20","date_gmt":"2025-09-15T16:07:20","guid":{"rendered":"https:\/\/arealorcaradio.es\/?p=7825"},"modified":"2025-09-15T16:07:20","modified_gmt":"2025-09-15T16:07:20","slug":"una-exposicion-inedita-muestra-los-bocetos-que-dieron-lugar-a-bordados-carros-tronos-e-imagenes-del-paso-azul-de-la-semana-santa-de-lorca","status":"publish","type":"post","link":"https:\/\/arealorcaradio.es\/index.php\/2025\/09\/15\/una-exposicion-inedita-muestra-los-bocetos-que-dieron-lugar-a-bordados-carros-tronos-e-imagenes-del-paso-azul-de-la-semana-santa-de-lorca\/","title":{"rendered":"Una exposici\u00f3n in\u00e9dita muestra los bocetos que dieron lugar a bordados, carros, tronos e im\u00e1genes del Paso Azul de la Semana Santa de Lorca"},"content":{"rendered":"<p><strong>\u00c1REA LORCA RADIO. Cultura.<\/strong><\/p>\n<div class=\"v1elementToProof\"><strong>Lorca, 15 septiembre de 2025.<\/strong> La muestra, que se enmarca en el programa organizado por el Paso Azul y la Asociaci\u00f3n de Nuestra Se\u00f1ora de los Dolores con motivo de la festividad de los Dolores Gloriosos y el XXVIII aniversario de la coronaci\u00f3n can\u00f3nica de la Virgen, re\u00fane una selecci\u00f3n de material gr\u00e1fico, pict\u00f3rico y escult\u00f3rico empleado en el proceso creativo de bordados, carros, im\u00e1genes y tronos del Paso Azul de la Semana Santa de Lorca. Con ello, la exposici\u00f3n ofrece al visitante la oportunidad de conocer una faceta esencial y poco divulgada del patrimonio art\u00edstico de la hermandad.<\/div>\n<div><\/div>\n<div class=\"v1elementToProof\">El director del Instituto de Turismo de la Regi\u00f3n de Murcia (Itrem), Juan Francisco Mart\u00ednez, que asisti\u00f3 a la inauguraci\u00f3n, destac\u00f3 que \u00abel componente art\u00edstico de las procesiones lorquinas constituye uno de los rasgos m\u00e1s singulares y valiosos de esta celebraci\u00f3n. As\u00ed, esta exposici\u00f3n pone el foco en el valor del trabajo que precede a cada una de las piezas procesionales, especialmente los bordados que engalanan t\u00fanicas, estandartes y mantos\u00bb.<\/div>\n<div><\/div>\n<div class=\"v1elementToProof\">A trav\u00e9s de las piezas expuestas, los visitantes podr\u00e1n conocer en detalle cada una de las fases de elaboraci\u00f3n y tener una visi\u00f3n completa del proceso mediante el cual surgen las obras que, en carrera, despiertan la admiraci\u00f3n de miles de visitantes. El recorrido expositivo recoge una variada muestra de estos bocetos (desde apuntes iniciales y estudios de color o composici\u00f3n hasta esbozos m\u00e1s elaborados) que ilustran los temas y estilos del cortejo azul, como la iconograf\u00eda del Antiguo Egipto, el mundo cl\u00e1sico o el adorno de im\u00e1genes religiosas. Las obras abarcan t\u00e9cnicas diversas aplicadas a bordados, metalister\u00eda, orfebrer\u00eda y talla ornamental.<\/div>\n<div><\/div>\n<div class=\"v1elementToProof\">La exposici\u00f3n tambi\u00e9n reivindica la aportaci\u00f3n de destacados artistas al desarrollo de la procesi\u00f3n azul, desde la figura de Francisco Cayuela S\u00e1nchez hasta directores actuales, pasando por nombres de gran relevancia como Emiliano Rojo S\u00e1nchez, Joaqu\u00edn Gimeno Moulia\u00e1 o Joaqu\u00edn Castellar Gallego, cuyos trabajos han dado forma a grupos, carrozas y bordados hoy convertidos en emblemas de la hermandad.<\/div>\n","protected":false},"excerpt":{"rendered":"<p>\u00c1REA LORCA RADIO. Cultura. Lorca, 15 septiembre de 2025. La muestra, que se enmarca en el programa organizado por el Paso Azul y la Asociaci\u00f3n de Nuestra Se\u00f1ora de los Dolores con motivo de la festividad de los Dolores Gloriosos y el XXVIII aniversario de la coronaci\u00f3n can\u00f3nica de la Virgen, re\u00fane una selecci\u00f3n de [&hellip;]<\/p>\n","protected":false},"author":1,"featured_media":7826,"comment_status":"open","ping_status":"open","sticky":false,"template":"","format":"standard","meta":{"iawp_total_views":13,"footnotes":""},"categories":[5,7],"tags":[],"class_list":["post-7825","post","type-post","status-publish","format-standard","has-post-thumbnail","hentry","category-actualidad","category-lorca"],"yoast_head":"<!-- This site is optimized with the Yoast SEO plugin v27.5 - https:\/\/yoast.com\/product\/yoast-seo-wordpress\/ -->\n<title>Una exposici\u00f3n in\u00e9dita muestra los bocetos que dieron lugar a bordados, carros, tronos e im\u00e1genes del Paso Azul de la Semana Santa de Lorca - AREA LORCA RADIO<\/title>\n<meta name=\"robots\" content=\"index, follow, max-snippet:-1, max-image-preview:large, max-video-preview:-1\" \/>\n<link rel=\"canonical\" href=\"https:\/\/arealorcaradio.es\/index.php\/2025\/09\/15\/una-exposicion-inedita-muestra-los-bocetos-que-dieron-lugar-a-bordados-carros-tronos-e-imagenes-del-paso-azul-de-la-semana-santa-de-lorca\/\" \/>\n<meta property=\"og:locale\" content=\"es_ES\" \/>\n<meta property=\"og:type\" content=\"article\" \/>\n<meta property=\"og:title\" content=\"Una exposici\u00f3n in\u00e9dita muestra los bocetos que dieron lugar a bordados, carros, tronos e im\u00e1genes del Paso Azul de la Semana Santa de Lorca - AREA LORCA RADIO\" \/>\n<meta property=\"og:description\" content=\"\u00c1REA LORCA RADIO. Cultura. Lorca, 15 septiembre de 2025. La muestra, que se enmarca en el programa organizado por el Paso Azul y la Asociaci\u00f3n de Nuestra Se\u00f1ora de los Dolores con motivo de la festividad de los Dolores Gloriosos y el XXVIII aniversario de la coronaci\u00f3n can\u00f3nica de la Virgen, re\u00fane una selecci\u00f3n de [&hellip;]\" \/>\n<meta property=\"og:url\" content=\"https:\/\/arealorcaradio.es\/index.php\/2025\/09\/15\/una-exposicion-inedita-muestra-los-bocetos-que-dieron-lugar-a-bordados-carros-tronos-e-imagenes-del-paso-azul-de-la-semana-santa-de-lorca\/\" \/>\n<meta property=\"og:site_name\" content=\"AREA LORCA RADIO\" \/>\n<meta property=\"article:published_time\" content=\"2025-09-15T16:07:20+00:00\" \/>\n<meta property=\"og:image\" content=\"https:\/\/arealorcaradio.es\/wp-content\/uploads\/2025\/09\/20250914Exposicion-Paso-Azul.jpg\" \/>\n\t<meta property=\"og:image:width\" content=\"1450\" \/>\n\t<meta property=\"og:image:height\" content=\"945\" \/>\n\t<meta property=\"og:image:type\" content=\"image\/jpeg\" \/>\n<meta name=\"author\" content=\"Paco S\u00e1nchez\" \/>\n<meta name=\"twitter:card\" content=\"summary_large_image\" \/>\n<meta name=\"twitter:label1\" content=\"Escrito por\" \/>\n\t<meta name=\"twitter:data1\" content=\"Paco S\u00e1nchez\" \/>\n\t<meta name=\"twitter:label2\" content=\"Tiempo de lectura\" \/>\n\t<meta name=\"twitter:data2\" content=\"2 minutos\" \/>\n<script type=\"application\/ld+json\" class=\"yoast-schema-graph\">{\"@context\":\"https:\\\/\\\/schema.org\",\"@graph\":[{\"@type\":\"Article\",\"@id\":\"https:\\\/\\\/arealorcaradio.es\\\/index.php\\\/2025\\\/09\\\/15\\\/una-exposicion-inedita-muestra-los-bocetos-que-dieron-lugar-a-bordados-carros-tronos-e-imagenes-del-paso-azul-de-la-semana-santa-de-lorca\\\/#article\",\"isPartOf\":{\"@id\":\"https:\\\/\\\/arealorcaradio.es\\\/index.php\\\/2025\\\/09\\\/15\\\/una-exposicion-inedita-muestra-los-bocetos-que-dieron-lugar-a-bordados-carros-tronos-e-imagenes-del-paso-azul-de-la-semana-santa-de-lorca\\\/\"},\"author\":{\"name\":\"Paco S\u00e1nchez\",\"@id\":\"https:\\\/\\\/arealorcaradio.es\\\/#\\\/schema\\\/person\\\/9fae605fc25b0f2c83c1ab207139bd27\"},\"headline\":\"Una exposici\u00f3n in\u00e9dita muestra los bocetos que dieron lugar a bordados, carros, tronos e im\u00e1genes del Paso Azul de la Semana Santa de Lorca\",\"datePublished\":\"2025-09-15T16:07:20+00:00\",\"mainEntityOfPage\":{\"@id\":\"https:\\\/\\\/arealorcaradio.es\\\/index.php\\\/2025\\\/09\\\/15\\\/una-exposicion-inedita-muestra-los-bocetos-que-dieron-lugar-a-bordados-carros-tronos-e-imagenes-del-paso-azul-de-la-semana-santa-de-lorca\\\/\"},\"wordCount\":400,\"commentCount\":0,\"image\":{\"@id\":\"https:\\\/\\\/arealorcaradio.es\\\/index.php\\\/2025\\\/09\\\/15\\\/una-exposicion-inedita-muestra-los-bocetos-que-dieron-lugar-a-bordados-carros-tronos-e-imagenes-del-paso-azul-de-la-semana-santa-de-lorca\\\/#primaryimage\"},\"thumbnailUrl\":\"https:\\\/\\\/arealorcaradio.es\\\/wp-content\\\/uploads\\\/2025\\\/09\\\/20250914Exposicion-Paso-Azul.jpg\",\"articleSection\":[\"ACTUALIDAD\",\"LORCA\"],\"inLanguage\":\"es\",\"potentialAction\":[{\"@type\":\"CommentAction\",\"name\":\"Comment\",\"target\":[\"https:\\\/\\\/arealorcaradio.es\\\/index.php\\\/2025\\\/09\\\/15\\\/una-exposicion-inedita-muestra-los-bocetos-que-dieron-lugar-a-bordados-carros-tronos-e-imagenes-del-paso-azul-de-la-semana-santa-de-lorca\\\/#respond\"]}]},{\"@type\":\"WebPage\",\"@id\":\"https:\\\/\\\/arealorcaradio.es\\\/index.php\\\/2025\\\/09\\\/15\\\/una-exposicion-inedita-muestra-los-bocetos-que-dieron-lugar-a-bordados-carros-tronos-e-imagenes-del-paso-azul-de-la-semana-santa-de-lorca\\\/\",\"url\":\"https:\\\/\\\/arealorcaradio.es\\\/index.php\\\/2025\\\/09\\\/15\\\/una-exposicion-inedita-muestra-los-bocetos-que-dieron-lugar-a-bordados-carros-tronos-e-imagenes-del-paso-azul-de-la-semana-santa-de-lorca\\\/\",\"name\":\"Una exposici\u00f3n in\u00e9dita muestra los bocetos que dieron lugar a bordados, carros, tronos e im\u00e1genes del Paso Azul de la Semana Santa de Lorca - AREA LORCA RADIO\",\"isPartOf\":{\"@id\":\"https:\\\/\\\/arealorcaradio.es\\\/#website\"},\"primaryImageOfPage\":{\"@id\":\"https:\\\/\\\/arealorcaradio.es\\\/index.php\\\/2025\\\/09\\\/15\\\/una-exposicion-inedita-muestra-los-bocetos-que-dieron-lugar-a-bordados-carros-tronos-e-imagenes-del-paso-azul-de-la-semana-santa-de-lorca\\\/#primaryimage\"},\"image\":{\"@id\":\"https:\\\/\\\/arealorcaradio.es\\\/index.php\\\/2025\\\/09\\\/15\\\/una-exposicion-inedita-muestra-los-bocetos-que-dieron-lugar-a-bordados-carros-tronos-e-imagenes-del-paso-azul-de-la-semana-santa-de-lorca\\\/#primaryimage\"},\"thumbnailUrl\":\"https:\\\/\\\/arealorcaradio.es\\\/wp-content\\\/uploads\\\/2025\\\/09\\\/20250914Exposicion-Paso-Azul.jpg\",\"datePublished\":\"2025-09-15T16:07:20+00:00\",\"author\":{\"@id\":\"https:\\\/\\\/arealorcaradio.es\\\/#\\\/schema\\\/person\\\/9fae605fc25b0f2c83c1ab207139bd27\"},\"breadcrumb\":{\"@id\":\"https:\\\/\\\/arealorcaradio.es\\\/index.php\\\/2025\\\/09\\\/15\\\/una-exposicion-inedita-muestra-los-bocetos-que-dieron-lugar-a-bordados-carros-tronos-e-imagenes-del-paso-azul-de-la-semana-santa-de-lorca\\\/#breadcrumb\"},\"inLanguage\":\"es\",\"potentialAction\":[{\"@type\":\"ReadAction\",\"target\":[\"https:\\\/\\\/arealorcaradio.es\\\/index.php\\\/2025\\\/09\\\/15\\\/una-exposicion-inedita-muestra-los-bocetos-que-dieron-lugar-a-bordados-carros-tronos-e-imagenes-del-paso-azul-de-la-semana-santa-de-lorca\\\/\"]}]},{\"@type\":\"ImageObject\",\"inLanguage\":\"es\",\"@id\":\"https:\\\/\\\/arealorcaradio.es\\\/index.php\\\/2025\\\/09\\\/15\\\/una-exposicion-inedita-muestra-los-bocetos-que-dieron-lugar-a-bordados-carros-tronos-e-imagenes-del-paso-azul-de-la-semana-santa-de-lorca\\\/#primaryimage\",\"url\":\"https:\\\/\\\/arealorcaradio.es\\\/wp-content\\\/uploads\\\/2025\\\/09\\\/20250914Exposicion-Paso-Azul.jpg\",\"contentUrl\":\"https:\\\/\\\/arealorcaradio.es\\\/wp-content\\\/uploads\\\/2025\\\/09\\\/20250914Exposicion-Paso-Azul.jpg\",\"width\":1450,\"height\":945},{\"@type\":\"BreadcrumbList\",\"@id\":\"https:\\\/\\\/arealorcaradio.es\\\/index.php\\\/2025\\\/09\\\/15\\\/una-exposicion-inedita-muestra-los-bocetos-que-dieron-lugar-a-bordados-carros-tronos-e-imagenes-del-paso-azul-de-la-semana-santa-de-lorca\\\/#breadcrumb\",\"itemListElement\":[{\"@type\":\"ListItem\",\"position\":1,\"name\":\"Portada\",\"item\":\"https:\\\/\\\/arealorcaradio.es\\\/\"},{\"@type\":\"ListItem\",\"position\":2,\"name\":\"Una exposici\u00f3n in\u00e9dita muestra los bocetos que dieron lugar a bordados, carros, tronos e im\u00e1genes del Paso Azul de la Semana Santa de Lorca\"}]},{\"@type\":\"WebSite\",\"@id\":\"https:\\\/\\\/arealorcaradio.es\\\/#website\",\"url\":\"https:\\\/\\\/arealorcaradio.es\\\/\",\"name\":\"AREA LORCA RADIO\",\"description\":\"Descubre la programaci\u00f3n actual en \u00c1rea Lorca Radio, tu fuente de entrenamiento y noticias locales. Sintoniza ahora y mantente conectado online.\",\"potentialAction\":[{\"@type\":\"SearchAction\",\"target\":{\"@type\":\"EntryPoint\",\"urlTemplate\":\"https:\\\/\\\/arealorcaradio.es\\\/?s={search_term_string}\"},\"query-input\":{\"@type\":\"PropertyValueSpecification\",\"valueRequired\":true,\"valueName\":\"search_term_string\"}}],\"inLanguage\":\"es\"},{\"@type\":\"Person\",\"@id\":\"https:\\\/\\\/arealorcaradio.es\\\/#\\\/schema\\\/person\\\/9fae605fc25b0f2c83c1ab207139bd27\",\"name\":\"Paco S\u00e1nchez\",\"image\":{\"@type\":\"ImageObject\",\"inLanguage\":\"es\",\"@id\":\"https:\\\/\\\/secure.gravatar.com\\\/avatar\\\/d67144e966420fb74aa84c9f2a0103be4724fd14db52b52d3b6bca749f257e79?s=96&d=mm&r=g\",\"url\":\"https:\\\/\\\/secure.gravatar.com\\\/avatar\\\/d67144e966420fb74aa84c9f2a0103be4724fd14db52b52d3b6bca749f257e79?s=96&d=mm&r=g\",\"contentUrl\":\"https:\\\/\\\/secure.gravatar.com\\\/avatar\\\/d67144e966420fb74aa84c9f2a0103be4724fd14db52b52d3b6bca749f257e79?s=96&d=mm&r=g\",\"caption\":\"Paco S\u00e1nchez\"},\"sameAs\":[\"https:\\\/\\\/arealorcaradio.es\"],\"url\":\"https:\\\/\\\/arealorcaradio.es\\\/index.php\\\/author\\\/admin_alorcaradio\\\/\"}]}<\/script>\n<!-- \/ Yoast SEO plugin. -->","yoast_head_json":{"title":"Una exposici\u00f3n in\u00e9dita muestra los bocetos que dieron lugar a bordados, carros, tronos e im\u00e1genes del Paso Azul de la Semana Santa de Lorca - AREA LORCA RADIO","robots":{"index":"index","follow":"follow","max-snippet":"max-snippet:-1","max-image-preview":"max-image-preview:large","max-video-preview":"max-video-preview:-1"},"canonical":"https:\/\/arealorcaradio.es\/index.php\/2025\/09\/15\/una-exposicion-inedita-muestra-los-bocetos-que-dieron-lugar-a-bordados-carros-tronos-e-imagenes-del-paso-azul-de-la-semana-santa-de-lorca\/","og_locale":"es_ES","og_type":"article","og_title":"Una exposici\u00f3n in\u00e9dita muestra los bocetos que dieron lugar a bordados, carros, tronos e im\u00e1genes del Paso Azul de la Semana Santa de Lorca - AREA LORCA RADIO","og_description":"\u00c1REA LORCA RADIO. Cultura. Lorca, 15 septiembre de 2025. La muestra, que se enmarca en el programa organizado por el Paso Azul y la Asociaci\u00f3n de Nuestra Se\u00f1ora de los Dolores con motivo de la festividad de los Dolores Gloriosos y el XXVIII aniversario de la coronaci\u00f3n can\u00f3nica de la Virgen, re\u00fane una selecci\u00f3n de [&hellip;]","og_url":"https:\/\/arealorcaradio.es\/index.php\/2025\/09\/15\/una-exposicion-inedita-muestra-los-bocetos-que-dieron-lugar-a-bordados-carros-tronos-e-imagenes-del-paso-azul-de-la-semana-santa-de-lorca\/","og_site_name":"AREA LORCA RADIO","article_published_time":"2025-09-15T16:07:20+00:00","og_image":[{"width":1450,"height":945,"url":"https:\/\/arealorcaradio.es\/wp-content\/uploads\/2025\/09\/20250914Exposicion-Paso-Azul.jpg","type":"image\/jpeg"}],"author":"Paco S\u00e1nchez","twitter_card":"summary_large_image","twitter_misc":{"Escrito por":"Paco S\u00e1nchez","Tiempo de lectura":"2 minutos"},"schema":{"@context":"https:\/\/schema.org","@graph":[{"@type":"Article","@id":"https:\/\/arealorcaradio.es\/index.php\/2025\/09\/15\/una-exposicion-inedita-muestra-los-bocetos-que-dieron-lugar-a-bordados-carros-tronos-e-imagenes-del-paso-azul-de-la-semana-santa-de-lorca\/#article","isPartOf":{"@id":"https:\/\/arealorcaradio.es\/index.php\/2025\/09\/15\/una-exposicion-inedita-muestra-los-bocetos-que-dieron-lugar-a-bordados-carros-tronos-e-imagenes-del-paso-azul-de-la-semana-santa-de-lorca\/"},"author":{"name":"Paco S\u00e1nchez","@id":"https:\/\/arealorcaradio.es\/#\/schema\/person\/9fae605fc25b0f2c83c1ab207139bd27"},"headline":"Una exposici\u00f3n in\u00e9dita muestra los bocetos que dieron lugar a bordados, carros, tronos e im\u00e1genes del Paso Azul de la Semana Santa de Lorca","datePublished":"2025-09-15T16:07:20+00:00","mainEntityOfPage":{"@id":"https:\/\/arealorcaradio.es\/index.php\/2025\/09\/15\/una-exposicion-inedita-muestra-los-bocetos-que-dieron-lugar-a-bordados-carros-tronos-e-imagenes-del-paso-azul-de-la-semana-santa-de-lorca\/"},"wordCount":400,"commentCount":0,"image":{"@id":"https:\/\/arealorcaradio.es\/index.php\/2025\/09\/15\/una-exposicion-inedita-muestra-los-bocetos-que-dieron-lugar-a-bordados-carros-tronos-e-imagenes-del-paso-azul-de-la-semana-santa-de-lorca\/#primaryimage"},"thumbnailUrl":"https:\/\/arealorcaradio.es\/wp-content\/uploads\/2025\/09\/20250914Exposicion-Paso-Azul.jpg","articleSection":["ACTUALIDAD","LORCA"],"inLanguage":"es","potentialAction":[{"@type":"CommentAction","name":"Comment","target":["https:\/\/arealorcaradio.es\/index.php\/2025\/09\/15\/una-exposicion-inedita-muestra-los-bocetos-que-dieron-lugar-a-bordados-carros-tronos-e-imagenes-del-paso-azul-de-la-semana-santa-de-lorca\/#respond"]}]},{"@type":"WebPage","@id":"https:\/\/arealorcaradio.es\/index.php\/2025\/09\/15\/una-exposicion-inedita-muestra-los-bocetos-que-dieron-lugar-a-bordados-carros-tronos-e-imagenes-del-paso-azul-de-la-semana-santa-de-lorca\/","url":"https:\/\/arealorcaradio.es\/index.php\/2025\/09\/15\/una-exposicion-inedita-muestra-los-bocetos-que-dieron-lugar-a-bordados-carros-tronos-e-imagenes-del-paso-azul-de-la-semana-santa-de-lorca\/","name":"Una exposici\u00f3n in\u00e9dita muestra los bocetos que dieron lugar a bordados, carros, tronos e im\u00e1genes del Paso Azul de la Semana Santa de Lorca - AREA LORCA RADIO","isPartOf":{"@id":"https:\/\/arealorcaradio.es\/#website"},"primaryImageOfPage":{"@id":"https:\/\/arealorcaradio.es\/index.php\/2025\/09\/15\/una-exposicion-inedita-muestra-los-bocetos-que-dieron-lugar-a-bordados-carros-tronos-e-imagenes-del-paso-azul-de-la-semana-santa-de-lorca\/#primaryimage"},"image":{"@id":"https:\/\/arealorcaradio.es\/index.php\/2025\/09\/15\/una-exposicion-inedita-muestra-los-bocetos-que-dieron-lugar-a-bordados-carros-tronos-e-imagenes-del-paso-azul-de-la-semana-santa-de-lorca\/#primaryimage"},"thumbnailUrl":"https:\/\/arealorcaradio.es\/wp-content\/uploads\/2025\/09\/20250914Exposicion-Paso-Azul.jpg","datePublished":"2025-09-15T16:07:20+00:00","author":{"@id":"https:\/\/arealorcaradio.es\/#\/schema\/person\/9fae605fc25b0f2c83c1ab207139bd27"},"breadcrumb":{"@id":"https:\/\/arealorcaradio.es\/index.php\/2025\/09\/15\/una-exposicion-inedita-muestra-los-bocetos-que-dieron-lugar-a-bordados-carros-tronos-e-imagenes-del-paso-azul-de-la-semana-santa-de-lorca\/#breadcrumb"},"inLanguage":"es","potentialAction":[{"@type":"ReadAction","target":["https:\/\/arealorcaradio.es\/index.php\/2025\/09\/15\/una-exposicion-inedita-muestra-los-bocetos-que-dieron-lugar-a-bordados-carros-tronos-e-imagenes-del-paso-azul-de-la-semana-santa-de-lorca\/"]}]},{"@type":"ImageObject","inLanguage":"es","@id":"https:\/\/arealorcaradio.es\/index.php\/2025\/09\/15\/una-exposicion-inedita-muestra-los-bocetos-que-dieron-lugar-a-bordados-carros-tronos-e-imagenes-del-paso-azul-de-la-semana-santa-de-lorca\/#primaryimage","url":"https:\/\/arealorcaradio.es\/wp-content\/uploads\/2025\/09\/20250914Exposicion-Paso-Azul.jpg","contentUrl":"https:\/\/arealorcaradio.es\/wp-content\/uploads\/2025\/09\/20250914Exposicion-Paso-Azul.jpg","width":1450,"height":945},{"@type":"BreadcrumbList","@id":"https:\/\/arealorcaradio.es\/index.php\/2025\/09\/15\/una-exposicion-inedita-muestra-los-bocetos-que-dieron-lugar-a-bordados-carros-tronos-e-imagenes-del-paso-azul-de-la-semana-santa-de-lorca\/#breadcrumb","itemListElement":[{"@type":"ListItem","position":1,"name":"Portada","item":"https:\/\/arealorcaradio.es\/"},{"@type":"ListItem","position":2,"name":"Una exposici\u00f3n in\u00e9dita muestra los bocetos que dieron lugar a bordados, carros, tronos e im\u00e1genes del Paso Azul de la Semana Santa de Lorca"}]},{"@type":"WebSite","@id":"https:\/\/arealorcaradio.es\/#website","url":"https:\/\/arealorcaradio.es\/","name":"AREA LORCA RADIO","description":"Descubre la programaci\u00f3n actual en \u00c1rea Lorca Radio, tu fuente de entrenamiento y noticias locales. Sintoniza ahora y mantente conectado online.","potentialAction":[{"@type":"SearchAction","target":{"@type":"EntryPoint","urlTemplate":"https:\/\/arealorcaradio.es\/?s={search_term_string}"},"query-input":{"@type":"PropertyValueSpecification","valueRequired":true,"valueName":"search_term_string"}}],"inLanguage":"es"},{"@type":"Person","@id":"https:\/\/arealorcaradio.es\/#\/schema\/person\/9fae605fc25b0f2c83c1ab207139bd27","name":"Paco S\u00e1nchez","image":{"@type":"ImageObject","inLanguage":"es","@id":"https:\/\/secure.gravatar.com\/avatar\/d67144e966420fb74aa84c9f2a0103be4724fd14db52b52d3b6bca749f257e79?s=96&d=mm&r=g","url":"https:\/\/secure.gravatar.com\/avatar\/d67144e966420fb74aa84c9f2a0103be4724fd14db52b52d3b6bca749f257e79?s=96&d=mm&r=g","contentUrl":"https:\/\/secure.gravatar.com\/avatar\/d67144e966420fb74aa84c9f2a0103be4724fd14db52b52d3b6bca749f257e79?s=96&d=mm&r=g","caption":"Paco S\u00e1nchez"},"sameAs":["https:\/\/arealorcaradio.es"],"url":"https:\/\/arealorcaradio.es\/index.php\/author\/admin_alorcaradio\/"}]}},"_links":{"self":[{"href":"https:\/\/arealorcaradio.es\/index.php\/wp-json\/wp\/v2\/posts\/7825","targetHints":{"allow":["GET"]}}],"collection":[{"href":"https:\/\/arealorcaradio.es\/index.php\/wp-json\/wp\/v2\/posts"}],"about":[{"href":"https:\/\/arealorcaradio.es\/index.php\/wp-json\/wp\/v2\/types\/post"}],"author":[{"embeddable":true,"href":"https:\/\/arealorcaradio.es\/index.php\/wp-json\/wp\/v2\/users\/1"}],"replies":[{"embeddable":true,"href":"https:\/\/arealorcaradio.es\/index.php\/wp-json\/wp\/v2\/comments?post=7825"}],"version-history":[{"count":1,"href":"https:\/\/arealorcaradio.es\/index.php\/wp-json\/wp\/v2\/posts\/7825\/revisions"}],"predecessor-version":[{"id":7827,"href":"https:\/\/arealorcaradio.es\/index.php\/wp-json\/wp\/v2\/posts\/7825\/revisions\/7827"}],"wp:featuredmedia":[{"embeddable":true,"href":"https:\/\/arealorcaradio.es\/index.php\/wp-json\/wp\/v2\/media\/7826"}],"wp:attachment":[{"href":"https:\/\/arealorcaradio.es\/index.php\/wp-json\/wp\/v2\/media?parent=7825"}],"wp:term":[{"taxonomy":"category","embeddable":true,"href":"https:\/\/arealorcaradio.es\/index.php\/wp-json\/wp\/v2\/categories?post=7825"},{"taxonomy":"post_tag","embeddable":true,"href":"https:\/\/arealorcaradio.es\/index.php\/wp-json\/wp\/v2\/tags?post=7825"}],"curies":[{"name":"wp","href":"https:\/\/api.w.org\/{rel}","templated":true}]}}