{"id":7821,"date":"2025-09-15T15:54:36","date_gmt":"2025-09-15T15:54:36","guid":{"rendered":"https:\/\/arealorcaradio.es\/?p=7821"},"modified":"2025-09-16T16:13:38","modified_gmt":"2025-09-16T16:13:38","slug":"el-paso-blanco-apuesta-por-la-cultura-y-la-vanguardia-artistica-con-dos-exposiciones-historicas","status":"publish","type":"post","link":"https:\/\/arealorcaradio.es\/index.php\/2025\/09\/15\/el-paso-blanco-apuesta-por-la-cultura-y-la-vanguardia-artistica-con-dos-exposiciones-historicas\/","title":{"rendered":"El Paso Blanco apuesta por la cultura y la vanguardia art\u00edstica con dos exposiciones hist\u00f3ricas"},"content":{"rendered":"<p><strong>\u00c1REA LORCA RADIO. Cultura.<\/strong><\/p>\n<p>Escucha aqu\u00ed la entrevista que ha concedido a Paco S\u00e1nchez en el magazine de \u00c1rea Lorca Radio, el presidente del Paso Blanco, Ram\u00f3n Mateos Padilla.<\/p>\n<audio class=\"wp-audio-shortcode\" id=\"audio-7821-1\" preload=\"none\" style=\"width: 100%;\" controls=\"controls\"><source type=\"audio\/mpeg\" src=\"https:\/\/arealorcaradio.es\/wp-content\/uploads\/2025\/09\/160925-RAMON-MATEOS.-LOPEZ-MIRAS-Y-EXPOSICIONES.mp3?_=1\" \/><a href=\"https:\/\/arealorcaradio.es\/wp-content\/uploads\/2025\/09\/160925-RAMON-MATEOS.-LOPEZ-MIRAS-Y-EXPOSICIONES.mp3\">https:\/\/arealorcaradio.es\/wp-content\/uploads\/2025\/09\/160925-RAMON-MATEOS.-LOPEZ-MIRAS-Y-EXPOSICIONES.mp3<\/a><\/audio>\n<p class=\"v1MsoNormal\"><b><span lang=\"es\">Lorca, 16 de septiembre de 2025<\/span><\/b><span lang=\"es\">. El concejal de Cultura del Ayuntamiento de Lorca, Santiago Parra, ha asistido este lunes a la presentaci\u00f3n por parte del Museo de Bordados del Paso Blanco (MuBBla) y el Coro de Damas de la Virgen de la Amargura de sendas exposiciones \u00abque destacan por su valor hist\u00f3rico y creativo, demostrando -una vez m\u00e1s- que Lorca es sin\u00f3nimo de excelencia en cultura y tradiciones\u00bb.<\/span><\/p>\n<p class=\"v1MsoNormal\"><span lang=\"es\"><img loading=\"lazy\" decoding=\"async\" class=\"alignnone size-medium wp-image-7822\" src=\"https:\/\/arealorcaradio.es\/wp-content\/uploads\/2025\/09\/CARTEL-6-212x300.jpeg\" alt=\"\" width=\"212\" height=\"300\" srcset=\"https:\/\/arealorcaradio.es\/wp-content\/uploads\/2025\/09\/CARTEL-6-212x300.jpeg 212w, https:\/\/arealorcaradio.es\/wp-content\/uploads\/2025\/09\/CARTEL-6-724x1024.jpeg 724w, https:\/\/arealorcaradio.es\/wp-content\/uploads\/2025\/09\/CARTEL-6-768x1086.jpeg 768w, https:\/\/arealorcaradio.es\/wp-content\/uploads\/2025\/09\/CARTEL-6-1086x1536.jpeg 1086w, https:\/\/arealorcaradio.es\/wp-content\/uploads\/2025\/09\/CARTEL-6.jpeg 1131w\" sizes=\"auto, (max-width: 212px) 100vw, 212px\" \/> <img loading=\"lazy\" decoding=\"async\" class=\"alignnone size-medium wp-image-7842\" src=\"https:\/\/arealorcaradio.es\/wp-content\/uploads\/2025\/09\/20250916_162414-225x300.jpg\" alt=\"\" width=\"225\" height=\"300\" srcset=\"https:\/\/arealorcaradio.es\/wp-content\/uploads\/2025\/09\/20250916_162414-225x300.jpg 225w, https:\/\/arealorcaradio.es\/wp-content\/uploads\/2025\/09\/20250916_162414-768x1024.jpg 768w, https:\/\/arealorcaradio.es\/wp-content\/uploads\/2025\/09\/20250916_162414-1152x1536.jpg 1152w, https:\/\/arealorcaradio.es\/wp-content\/uploads\/2025\/09\/20250916_162414-1536x2048.jpg 1536w, https:\/\/arealorcaradio.es\/wp-content\/uploads\/2025\/09\/20250916_162414-scaled.jpg 1920w\" sizes=\"auto, (max-width: 225px) 100vw, 225px\" \/>\u00a0<\/span><\/p>\n<p class=\"v1MsoNormal\"><span lang=\"es\">Concretamente,\u00a0<b>en el marco del XXX aniversario del MuBBla, l<\/b>a exposici\u00f3n \u00abLos Tres Felices\u00bb re\u00fane 46 piezas y un valioso legado documental que abarcan 121 a\u00f1os de historia (1891\u20132012). La muestra permite recorrer la evoluci\u00f3n art\u00edstica del Paso Blanco a trav\u00e9s de los trabajos de Antonio Felices L\u00f3pez, Emilio Felices Barnes y Antonio Felices Iglesias, tres generaciones que marcaron la identidad de la cofrad\u00eda blanca. Se inaugurar\u00e1 el viernes 19 de septiembre a las 20 horas y podr\u00e1 disfrutarse hasta el 9 de noviembre.<\/span><\/p>\n<p class=\"v1MsoNormal\"><b><span lang=\"es\">Antonio Felices L\u00f3pez (1891\u20131908)<\/span><\/b><span lang=\"es\">: dirigi\u00f3 los primeros modelos de la procesi\u00f3n, incluyendo el Estandarte del Rosario, la t\u00fanica bordada de Eliodoro Puche y los trajes de ni\u00f1o guerrero del Grupo de Antioco y la invicta madre de los Macabeos. Su trabajo sent\u00f3 las bases de una tradici\u00f3n que perdura hasta hoy.<\/span><\/p>\n<p class=\"v1MsoNormal\"><b><span lang=\"es\">Emilio Felices Barnes (1903\u20131947)<\/span><\/b><span lang=\"es\">: renov\u00f3 todos los grupos de la procesi\u00f3n y fue el responsable del\u00a0<\/span><span lang=\"es\">pa\u00f1o de\u00a0La Oraci\u00f3n en el Huerto (1918) y del n\u00facleo central de bordados del entorno de la Virgen de la Amargura: el palio, y parte del manto de la Virgen de la Amargura, Bienes de Inter\u00e9s Cultural. Su legado incluye figuras b\u00edblicas como Nabucodonosor II y Salom\u00f3n\u00a0y\u00a0la t\u00e9cnica del punto corto o punto espa\u00f1ol Felices, que revolucion\u00f3 el bordado lorquino por su precisi\u00f3n y riqueza decorativa.<\/span><\/p>\n<p class=\"v1MsoNormal\"><b><span lang=\"es\">Antonio Felices Iglesias (1987\u20132006)<\/span><\/b><span lang=\"es\">: enriqueci\u00f3 el entorno de la Virgen con bordados en oro y seda, marcados por un estilo inconfundible que, en palabras de D\u00aa Carmina Aguirre Soubrier, \u00abrompe moldes y va m\u00e1s all\u00e1 de la percepci\u00f3n habitual\u00bb. La pieza m\u00e1s reciente de la exposici\u00f3n es uno de los Nazareno del Cabildo (2012), que refleja la continuidad y vigencia del legado familiar.<\/span><\/p>\n<p class=\"v1MsoNormal\"><span lang=\"es\">El presidente del Paso Blanco, Ram\u00f3n Mateos, ha subrayado que \u00abLos Felices ha sido una familia que, durante m\u00e1s de un siglo, ha estado ligada art\u00edsticamente al Paso Blanco: algo inaudito. Gracias a ellos, nuestro patrimonio de bordados es reconocido internacionalmente por su belleza y t\u00e9cnica\u00bb.<\/span><\/p>\n<p class=\"v1MsoNormal\"><span lang=\"es\"> <img loading=\"lazy\" decoding=\"async\" class=\"alignnone size-medium wp-image-7845\" src=\"https:\/\/arealorcaradio.es\/wp-content\/uploads\/2025\/09\/FOTO1-62-300x200-1.jpeg\" alt=\"\" width=\"300\" height=\"200\" \/><\/span><\/p>\n<p class=\"v1MsoNormal\"><span lang=\"es\">Adem\u00e1s, la exposici\u00f3n incluye bocetos, maquetas y documentos hist\u00f3ricos donados por los herederos de Emilio Felices Barnes y Antonio Felices Iglesias, incorpor\u00e1ndose al patrimonio del MuBBla para su conservaci\u00f3n, estudio y futura exhibici\u00f3n.<\/span><\/p>\n<p class=\"v1MsoNormal\"><span lang=\"es\">Por su parte, e<b>l Coro de Damas de la Virgen de la Amargura presenta \u00abDi\u00e1logos\u00bb,<\/b>\u00a0una exposici\u00f3n de escultura que re\u00fane las obras de Luis Ramos y Antonio Mart\u00ednez. La inauguraci\u00f3n ser\u00e1 el jueves 18 de septiembre, a las 20:00 horas, en el Aula Cultural de Cajamurcia en Lorca.<\/span><\/p>\n<p class=\"v1MsoNormal\"><b><span lang=\"es\">Luis Ramos<\/span><\/b><span lang=\"es\">\u00a0(Olula del R\u00edo, 1956) combina una trayectoria internacional con proyectos en M\u00e9xico, Estados Unidos, Italia, Canad\u00e1 y Espa\u00f1a. Su serie m\u00e1s reciente,\u00a0<i>Aperturas Temporales<\/i>, se basa en la teor\u00eda del f\u00edsico JP Garnier Malet.<\/span><\/p>\n<p class=\"v1MsoNormal\"><b><span lang=\"es\">Antonio Mart\u00ednez<\/span><\/b><span lang=\"es\">\u00a0(Albox, 1955) inici\u00f3 su trayectoria art\u00edstica a principios de los a\u00f1os 2000, trabajando principalmente la madera con inspiraci\u00f3n en Picasso, Guayasam\u00edn y las L\u00edneas de Nazca. Actualmente desarrolla la l\u00ednea de esculturas\u00a0<b>\u00ab\u00d3xido\u00bb<\/b>.<\/span><\/p>\n<p class=\"v1MsoNormal\"><span lang=\"es\">\u00abDi\u00e1logos\u00bb permite al p\u00fablico contemplar c\u00f3mo dos artistas de estilos distintos entablan un di\u00e1logo creativo mediante sus esculturas, generando un espacio de reflexi\u00f3n sobre la forma, el material y la expresi\u00f3n art\u00edstica.<\/span><\/p>\n<p class=\"v1MsoNormal\"><b><span lang=\"es\">Horarios de visita:<\/span><\/b><\/p>\n<p class=\"v1MsoNormal\"><span lang=\"es\">\u25cf\u00a0\u00a0\u00a0\u00a0\u00a0\u00a0\u00a0\u00a0<\/span><i><span lang=\"es\">Los Tres Felices<\/span><\/i><span lang=\"es\">: del viernes 19 de septiembre al domingo 9 de noviembre en el horario habitual del muBBla.<\/span><\/p>\n<p class=\"v1MsoNormal\"><span lang=\"es\">\u25cf\u00a0\u00a0\u00a0\u00a0\u00a0\u00a0\u00a0\u00a0<\/span><i><span lang=\"es\">Di\u00e1logos<\/span><\/i><span lang=\"es\">: del jueves 18 al s\u00e1bado 27 de septiembre, de 11:30 a 13:30 y de 17:30 a 20:30 horas, en el Aula Cultural de Cajamurcia.<\/span><\/p>\n","protected":false},"excerpt":{"rendered":"<p>\u00c1REA LORCA RADIO. Cultura. Escucha aqu\u00ed la entrevista que ha concedido a Paco S\u00e1nchez en el magazine de \u00c1rea Lorca Radio, el presidente del Paso Blanco, Ram\u00f3n Mateos Padilla. Lorca, 16 de septiembre de 2025. El concejal de Cultura del Ayuntamiento de Lorca, Santiago Parra, ha asistido este lunes a la presentaci\u00f3n por parte del [&hellip;]<\/p>\n","protected":false},"author":1,"featured_media":7844,"comment_status":"open","ping_status":"open","sticky":false,"template":"","format":"standard","meta":{"iawp_total_views":15,"footnotes":""},"categories":[5,7],"tags":[],"class_list":["post-7821","post","type-post","status-publish","format-standard","has-post-thumbnail","hentry","category-actualidad","category-lorca"],"yoast_head":"<!-- This site is optimized with the Yoast SEO plugin v27.5 - https:\/\/yoast.com\/product\/yoast-seo-wordpress\/ -->\n<title>El Paso Blanco apuesta por la cultura y la vanguardia art\u00edstica con dos exposiciones hist\u00f3ricas - AREA LORCA RADIO<\/title>\n<meta name=\"robots\" content=\"index, follow, max-snippet:-1, max-image-preview:large, max-video-preview:-1\" \/>\n<link rel=\"canonical\" href=\"https:\/\/arealorcaradio.es\/index.php\/2025\/09\/15\/el-paso-blanco-apuesta-por-la-cultura-y-la-vanguardia-artistica-con-dos-exposiciones-historicas\/\" \/>\n<meta property=\"og:locale\" content=\"es_ES\" \/>\n<meta property=\"og:type\" content=\"article\" \/>\n<meta property=\"og:title\" content=\"El Paso Blanco apuesta por la cultura y la vanguardia art\u00edstica con dos exposiciones hist\u00f3ricas - AREA LORCA RADIO\" \/>\n<meta property=\"og:description\" content=\"\u00c1REA LORCA RADIO. Cultura. Escucha aqu\u00ed la entrevista que ha concedido a Paco S\u00e1nchez en el magazine de \u00c1rea Lorca Radio, el presidente del Paso Blanco, Ram\u00f3n Mateos Padilla. Lorca, 16 de septiembre de 2025. El concejal de Cultura del Ayuntamiento de Lorca, Santiago Parra, ha asistido este lunes a la presentaci\u00f3n por parte del [&hellip;]\" \/>\n<meta property=\"og:url\" content=\"https:\/\/arealorcaradio.es\/index.php\/2025\/09\/15\/el-paso-blanco-apuesta-por-la-cultura-y-la-vanguardia-artistica-con-dos-exposiciones-historicas\/\" \/>\n<meta property=\"og:site_name\" content=\"AREA LORCA RADIO\" \/>\n<meta property=\"article:published_time\" content=\"2025-09-15T15:54:36+00:00\" \/>\n<meta property=\"article:modified_time\" content=\"2025-09-16T16:13:38+00:00\" \/>\n<meta property=\"og:image\" content=\"https:\/\/arealorcaradio.es\/wp-content\/uploads\/2025\/09\/20250916_162410-scaled.jpg\" \/>\n\t<meta property=\"og:image:width\" content=\"2560\" \/>\n\t<meta property=\"og:image:height\" content=\"1920\" \/>\n\t<meta property=\"og:image:type\" content=\"image\/jpeg\" \/>\n<meta name=\"author\" content=\"Paco S\u00e1nchez\" \/>\n<meta name=\"twitter:card\" content=\"summary_large_image\" \/>\n<meta name=\"twitter:label1\" content=\"Escrito por\" \/>\n\t<meta name=\"twitter:data1\" content=\"Paco S\u00e1nchez\" \/>\n\t<meta name=\"twitter:label2\" content=\"Tiempo de lectura\" \/>\n\t<meta name=\"twitter:data2\" content=\"4 minutos\" \/>\n<script type=\"application\/ld+json\" class=\"yoast-schema-graph\">{\"@context\":\"https:\\\/\\\/schema.org\",\"@graph\":[{\"@type\":\"Article\",\"@id\":\"https:\\\/\\\/arealorcaradio.es\\\/index.php\\\/2025\\\/09\\\/15\\\/el-paso-blanco-apuesta-por-la-cultura-y-la-vanguardia-artistica-con-dos-exposiciones-historicas\\\/#article\",\"isPartOf\":{\"@id\":\"https:\\\/\\\/arealorcaradio.es\\\/index.php\\\/2025\\\/09\\\/15\\\/el-paso-blanco-apuesta-por-la-cultura-y-la-vanguardia-artistica-con-dos-exposiciones-historicas\\\/\"},\"author\":{\"name\":\"Paco S\u00e1nchez\",\"@id\":\"https:\\\/\\\/arealorcaradio.es\\\/#\\\/schema\\\/person\\\/9fae605fc25b0f2c83c1ab207139bd27\"},\"headline\":\"El Paso Blanco apuesta por la cultura y la vanguardia art\u00edstica con dos exposiciones hist\u00f3ricas\",\"datePublished\":\"2025-09-15T15:54:36+00:00\",\"dateModified\":\"2025-09-16T16:13:38+00:00\",\"mainEntityOfPage\":{\"@id\":\"https:\\\/\\\/arealorcaradio.es\\\/index.php\\\/2025\\\/09\\\/15\\\/el-paso-blanco-apuesta-por-la-cultura-y-la-vanguardia-artistica-con-dos-exposiciones-historicas\\\/\"},\"wordCount\":731,\"commentCount\":0,\"image\":{\"@id\":\"https:\\\/\\\/arealorcaradio.es\\\/index.php\\\/2025\\\/09\\\/15\\\/el-paso-blanco-apuesta-por-la-cultura-y-la-vanguardia-artistica-con-dos-exposiciones-historicas\\\/#primaryimage\"},\"thumbnailUrl\":\"https:\\\/\\\/arealorcaradio.es\\\/wp-content\\\/uploads\\\/2025\\\/09\\\/20250916_162410-scaled.jpg\",\"articleSection\":[\"ACTUALIDAD\",\"LORCA\"],\"inLanguage\":\"es\",\"potentialAction\":[{\"@type\":\"CommentAction\",\"name\":\"Comment\",\"target\":[\"https:\\\/\\\/arealorcaradio.es\\\/index.php\\\/2025\\\/09\\\/15\\\/el-paso-blanco-apuesta-por-la-cultura-y-la-vanguardia-artistica-con-dos-exposiciones-historicas\\\/#respond\"]}]},{\"@type\":\"WebPage\",\"@id\":\"https:\\\/\\\/arealorcaradio.es\\\/index.php\\\/2025\\\/09\\\/15\\\/el-paso-blanco-apuesta-por-la-cultura-y-la-vanguardia-artistica-con-dos-exposiciones-historicas\\\/\",\"url\":\"https:\\\/\\\/arealorcaradio.es\\\/index.php\\\/2025\\\/09\\\/15\\\/el-paso-blanco-apuesta-por-la-cultura-y-la-vanguardia-artistica-con-dos-exposiciones-historicas\\\/\",\"name\":\"El Paso Blanco apuesta por la cultura y la vanguardia art\u00edstica con dos exposiciones hist\u00f3ricas - AREA LORCA RADIO\",\"isPartOf\":{\"@id\":\"https:\\\/\\\/arealorcaradio.es\\\/#website\"},\"primaryImageOfPage\":{\"@id\":\"https:\\\/\\\/arealorcaradio.es\\\/index.php\\\/2025\\\/09\\\/15\\\/el-paso-blanco-apuesta-por-la-cultura-y-la-vanguardia-artistica-con-dos-exposiciones-historicas\\\/#primaryimage\"},\"image\":{\"@id\":\"https:\\\/\\\/arealorcaradio.es\\\/index.php\\\/2025\\\/09\\\/15\\\/el-paso-blanco-apuesta-por-la-cultura-y-la-vanguardia-artistica-con-dos-exposiciones-historicas\\\/#primaryimage\"},\"thumbnailUrl\":\"https:\\\/\\\/arealorcaradio.es\\\/wp-content\\\/uploads\\\/2025\\\/09\\\/20250916_162410-scaled.jpg\",\"datePublished\":\"2025-09-15T15:54:36+00:00\",\"dateModified\":\"2025-09-16T16:13:38+00:00\",\"author\":{\"@id\":\"https:\\\/\\\/arealorcaradio.es\\\/#\\\/schema\\\/person\\\/9fae605fc25b0f2c83c1ab207139bd27\"},\"breadcrumb\":{\"@id\":\"https:\\\/\\\/arealorcaradio.es\\\/index.php\\\/2025\\\/09\\\/15\\\/el-paso-blanco-apuesta-por-la-cultura-y-la-vanguardia-artistica-con-dos-exposiciones-historicas\\\/#breadcrumb\"},\"inLanguage\":\"es\",\"potentialAction\":[{\"@type\":\"ReadAction\",\"target\":[\"https:\\\/\\\/arealorcaradio.es\\\/index.php\\\/2025\\\/09\\\/15\\\/el-paso-blanco-apuesta-por-la-cultura-y-la-vanguardia-artistica-con-dos-exposiciones-historicas\\\/\"]}]},{\"@type\":\"ImageObject\",\"inLanguage\":\"es\",\"@id\":\"https:\\\/\\\/arealorcaradio.es\\\/index.php\\\/2025\\\/09\\\/15\\\/el-paso-blanco-apuesta-por-la-cultura-y-la-vanguardia-artistica-con-dos-exposiciones-historicas\\\/#primaryimage\",\"url\":\"https:\\\/\\\/arealorcaradio.es\\\/wp-content\\\/uploads\\\/2025\\\/09\\\/20250916_162410-scaled.jpg\",\"contentUrl\":\"https:\\\/\\\/arealorcaradio.es\\\/wp-content\\\/uploads\\\/2025\\\/09\\\/20250916_162410-scaled.jpg\",\"width\":2560,\"height\":1920},{\"@type\":\"BreadcrumbList\",\"@id\":\"https:\\\/\\\/arealorcaradio.es\\\/index.php\\\/2025\\\/09\\\/15\\\/el-paso-blanco-apuesta-por-la-cultura-y-la-vanguardia-artistica-con-dos-exposiciones-historicas\\\/#breadcrumb\",\"itemListElement\":[{\"@type\":\"ListItem\",\"position\":1,\"name\":\"Portada\",\"item\":\"https:\\\/\\\/arealorcaradio.es\\\/\"},{\"@type\":\"ListItem\",\"position\":2,\"name\":\"El Paso Blanco apuesta por la cultura y la vanguardia art\u00edstica con dos exposiciones hist\u00f3ricas\"}]},{\"@type\":\"WebSite\",\"@id\":\"https:\\\/\\\/arealorcaradio.es\\\/#website\",\"url\":\"https:\\\/\\\/arealorcaradio.es\\\/\",\"name\":\"AREA LORCA RADIO\",\"description\":\"Descubre la programaci\u00f3n actual en \u00c1rea Lorca Radio, tu fuente de entrenamiento y noticias locales. Sintoniza ahora y mantente conectado online.\",\"potentialAction\":[{\"@type\":\"SearchAction\",\"target\":{\"@type\":\"EntryPoint\",\"urlTemplate\":\"https:\\\/\\\/arealorcaradio.es\\\/?s={search_term_string}\"},\"query-input\":{\"@type\":\"PropertyValueSpecification\",\"valueRequired\":true,\"valueName\":\"search_term_string\"}}],\"inLanguage\":\"es\"},{\"@type\":\"Person\",\"@id\":\"https:\\\/\\\/arealorcaradio.es\\\/#\\\/schema\\\/person\\\/9fae605fc25b0f2c83c1ab207139bd27\",\"name\":\"Paco S\u00e1nchez\",\"image\":{\"@type\":\"ImageObject\",\"inLanguage\":\"es\",\"@id\":\"https:\\\/\\\/secure.gravatar.com\\\/avatar\\\/d67144e966420fb74aa84c9f2a0103be4724fd14db52b52d3b6bca749f257e79?s=96&d=mm&r=g\",\"url\":\"https:\\\/\\\/secure.gravatar.com\\\/avatar\\\/d67144e966420fb74aa84c9f2a0103be4724fd14db52b52d3b6bca749f257e79?s=96&d=mm&r=g\",\"contentUrl\":\"https:\\\/\\\/secure.gravatar.com\\\/avatar\\\/d67144e966420fb74aa84c9f2a0103be4724fd14db52b52d3b6bca749f257e79?s=96&d=mm&r=g\",\"caption\":\"Paco S\u00e1nchez\"},\"sameAs\":[\"https:\\\/\\\/arealorcaradio.es\"],\"url\":\"https:\\\/\\\/arealorcaradio.es\\\/index.php\\\/author\\\/admin_alorcaradio\\\/\"}]}<\/script>\n<!-- \/ Yoast SEO plugin. -->","yoast_head_json":{"title":"El Paso Blanco apuesta por la cultura y la vanguardia art\u00edstica con dos exposiciones hist\u00f3ricas - AREA LORCA RADIO","robots":{"index":"index","follow":"follow","max-snippet":"max-snippet:-1","max-image-preview":"max-image-preview:large","max-video-preview":"max-video-preview:-1"},"canonical":"https:\/\/arealorcaradio.es\/index.php\/2025\/09\/15\/el-paso-blanco-apuesta-por-la-cultura-y-la-vanguardia-artistica-con-dos-exposiciones-historicas\/","og_locale":"es_ES","og_type":"article","og_title":"El Paso Blanco apuesta por la cultura y la vanguardia art\u00edstica con dos exposiciones hist\u00f3ricas - AREA LORCA RADIO","og_description":"\u00c1REA LORCA RADIO. Cultura. Escucha aqu\u00ed la entrevista que ha concedido a Paco S\u00e1nchez en el magazine de \u00c1rea Lorca Radio, el presidente del Paso Blanco, Ram\u00f3n Mateos Padilla. Lorca, 16 de septiembre de 2025. El concejal de Cultura del Ayuntamiento de Lorca, Santiago Parra, ha asistido este lunes a la presentaci\u00f3n por parte del [&hellip;]","og_url":"https:\/\/arealorcaradio.es\/index.php\/2025\/09\/15\/el-paso-blanco-apuesta-por-la-cultura-y-la-vanguardia-artistica-con-dos-exposiciones-historicas\/","og_site_name":"AREA LORCA RADIO","article_published_time":"2025-09-15T15:54:36+00:00","article_modified_time":"2025-09-16T16:13:38+00:00","og_image":[{"width":2560,"height":1920,"url":"https:\/\/arealorcaradio.es\/wp-content\/uploads\/2025\/09\/20250916_162410-scaled.jpg","type":"image\/jpeg"}],"author":"Paco S\u00e1nchez","twitter_card":"summary_large_image","twitter_misc":{"Escrito por":"Paco S\u00e1nchez","Tiempo de lectura":"4 minutos"},"schema":{"@context":"https:\/\/schema.org","@graph":[{"@type":"Article","@id":"https:\/\/arealorcaradio.es\/index.php\/2025\/09\/15\/el-paso-blanco-apuesta-por-la-cultura-y-la-vanguardia-artistica-con-dos-exposiciones-historicas\/#article","isPartOf":{"@id":"https:\/\/arealorcaradio.es\/index.php\/2025\/09\/15\/el-paso-blanco-apuesta-por-la-cultura-y-la-vanguardia-artistica-con-dos-exposiciones-historicas\/"},"author":{"name":"Paco S\u00e1nchez","@id":"https:\/\/arealorcaradio.es\/#\/schema\/person\/9fae605fc25b0f2c83c1ab207139bd27"},"headline":"El Paso Blanco apuesta por la cultura y la vanguardia art\u00edstica con dos exposiciones hist\u00f3ricas","datePublished":"2025-09-15T15:54:36+00:00","dateModified":"2025-09-16T16:13:38+00:00","mainEntityOfPage":{"@id":"https:\/\/arealorcaradio.es\/index.php\/2025\/09\/15\/el-paso-blanco-apuesta-por-la-cultura-y-la-vanguardia-artistica-con-dos-exposiciones-historicas\/"},"wordCount":731,"commentCount":0,"image":{"@id":"https:\/\/arealorcaradio.es\/index.php\/2025\/09\/15\/el-paso-blanco-apuesta-por-la-cultura-y-la-vanguardia-artistica-con-dos-exposiciones-historicas\/#primaryimage"},"thumbnailUrl":"https:\/\/arealorcaradio.es\/wp-content\/uploads\/2025\/09\/20250916_162410-scaled.jpg","articleSection":["ACTUALIDAD","LORCA"],"inLanguage":"es","potentialAction":[{"@type":"CommentAction","name":"Comment","target":["https:\/\/arealorcaradio.es\/index.php\/2025\/09\/15\/el-paso-blanco-apuesta-por-la-cultura-y-la-vanguardia-artistica-con-dos-exposiciones-historicas\/#respond"]}]},{"@type":"WebPage","@id":"https:\/\/arealorcaradio.es\/index.php\/2025\/09\/15\/el-paso-blanco-apuesta-por-la-cultura-y-la-vanguardia-artistica-con-dos-exposiciones-historicas\/","url":"https:\/\/arealorcaradio.es\/index.php\/2025\/09\/15\/el-paso-blanco-apuesta-por-la-cultura-y-la-vanguardia-artistica-con-dos-exposiciones-historicas\/","name":"El Paso Blanco apuesta por la cultura y la vanguardia art\u00edstica con dos exposiciones hist\u00f3ricas - AREA LORCA RADIO","isPartOf":{"@id":"https:\/\/arealorcaradio.es\/#website"},"primaryImageOfPage":{"@id":"https:\/\/arealorcaradio.es\/index.php\/2025\/09\/15\/el-paso-blanco-apuesta-por-la-cultura-y-la-vanguardia-artistica-con-dos-exposiciones-historicas\/#primaryimage"},"image":{"@id":"https:\/\/arealorcaradio.es\/index.php\/2025\/09\/15\/el-paso-blanco-apuesta-por-la-cultura-y-la-vanguardia-artistica-con-dos-exposiciones-historicas\/#primaryimage"},"thumbnailUrl":"https:\/\/arealorcaradio.es\/wp-content\/uploads\/2025\/09\/20250916_162410-scaled.jpg","datePublished":"2025-09-15T15:54:36+00:00","dateModified":"2025-09-16T16:13:38+00:00","author":{"@id":"https:\/\/arealorcaradio.es\/#\/schema\/person\/9fae605fc25b0f2c83c1ab207139bd27"},"breadcrumb":{"@id":"https:\/\/arealorcaradio.es\/index.php\/2025\/09\/15\/el-paso-blanco-apuesta-por-la-cultura-y-la-vanguardia-artistica-con-dos-exposiciones-historicas\/#breadcrumb"},"inLanguage":"es","potentialAction":[{"@type":"ReadAction","target":["https:\/\/arealorcaradio.es\/index.php\/2025\/09\/15\/el-paso-blanco-apuesta-por-la-cultura-y-la-vanguardia-artistica-con-dos-exposiciones-historicas\/"]}]},{"@type":"ImageObject","inLanguage":"es","@id":"https:\/\/arealorcaradio.es\/index.php\/2025\/09\/15\/el-paso-blanco-apuesta-por-la-cultura-y-la-vanguardia-artistica-con-dos-exposiciones-historicas\/#primaryimage","url":"https:\/\/arealorcaradio.es\/wp-content\/uploads\/2025\/09\/20250916_162410-scaled.jpg","contentUrl":"https:\/\/arealorcaradio.es\/wp-content\/uploads\/2025\/09\/20250916_162410-scaled.jpg","width":2560,"height":1920},{"@type":"BreadcrumbList","@id":"https:\/\/arealorcaradio.es\/index.php\/2025\/09\/15\/el-paso-blanco-apuesta-por-la-cultura-y-la-vanguardia-artistica-con-dos-exposiciones-historicas\/#breadcrumb","itemListElement":[{"@type":"ListItem","position":1,"name":"Portada","item":"https:\/\/arealorcaradio.es\/"},{"@type":"ListItem","position":2,"name":"El Paso Blanco apuesta por la cultura y la vanguardia art\u00edstica con dos exposiciones hist\u00f3ricas"}]},{"@type":"WebSite","@id":"https:\/\/arealorcaradio.es\/#website","url":"https:\/\/arealorcaradio.es\/","name":"AREA LORCA RADIO","description":"Descubre la programaci\u00f3n actual en \u00c1rea Lorca Radio, tu fuente de entrenamiento y noticias locales. Sintoniza ahora y mantente conectado online.","potentialAction":[{"@type":"SearchAction","target":{"@type":"EntryPoint","urlTemplate":"https:\/\/arealorcaradio.es\/?s={search_term_string}"},"query-input":{"@type":"PropertyValueSpecification","valueRequired":true,"valueName":"search_term_string"}}],"inLanguage":"es"},{"@type":"Person","@id":"https:\/\/arealorcaradio.es\/#\/schema\/person\/9fae605fc25b0f2c83c1ab207139bd27","name":"Paco S\u00e1nchez","image":{"@type":"ImageObject","inLanguage":"es","@id":"https:\/\/secure.gravatar.com\/avatar\/d67144e966420fb74aa84c9f2a0103be4724fd14db52b52d3b6bca749f257e79?s=96&d=mm&r=g","url":"https:\/\/secure.gravatar.com\/avatar\/d67144e966420fb74aa84c9f2a0103be4724fd14db52b52d3b6bca749f257e79?s=96&d=mm&r=g","contentUrl":"https:\/\/secure.gravatar.com\/avatar\/d67144e966420fb74aa84c9f2a0103be4724fd14db52b52d3b6bca749f257e79?s=96&d=mm&r=g","caption":"Paco S\u00e1nchez"},"sameAs":["https:\/\/arealorcaradio.es"],"url":"https:\/\/arealorcaradio.es\/index.php\/author\/admin_alorcaradio\/"}]}},"_links":{"self":[{"href":"https:\/\/arealorcaradio.es\/index.php\/wp-json\/wp\/v2\/posts\/7821","targetHints":{"allow":["GET"]}}],"collection":[{"href":"https:\/\/arealorcaradio.es\/index.php\/wp-json\/wp\/v2\/posts"}],"about":[{"href":"https:\/\/arealorcaradio.es\/index.php\/wp-json\/wp\/v2\/types\/post"}],"author":[{"embeddable":true,"href":"https:\/\/arealorcaradio.es\/index.php\/wp-json\/wp\/v2\/users\/1"}],"replies":[{"embeddable":true,"href":"https:\/\/arealorcaradio.es\/index.php\/wp-json\/wp\/v2\/comments?post=7821"}],"version-history":[{"count":3,"href":"https:\/\/arealorcaradio.es\/index.php\/wp-json\/wp\/v2\/posts\/7821\/revisions"}],"predecessor-version":[{"id":7847,"href":"https:\/\/arealorcaradio.es\/index.php\/wp-json\/wp\/v2\/posts\/7821\/revisions\/7847"}],"wp:featuredmedia":[{"embeddable":true,"href":"https:\/\/arealorcaradio.es\/index.php\/wp-json\/wp\/v2\/media\/7844"}],"wp:attachment":[{"href":"https:\/\/arealorcaradio.es\/index.php\/wp-json\/wp\/v2\/media?parent=7821"}],"wp:term":[{"taxonomy":"category","embeddable":true,"href":"https:\/\/arealorcaradio.es\/index.php\/wp-json\/wp\/v2\/categories?post=7821"},{"taxonomy":"post_tag","embeddable":true,"href":"https:\/\/arealorcaradio.es\/index.php\/wp-json\/wp\/v2\/tags?post=7821"}],"curies":[{"name":"wp","href":"https:\/\/api.w.org\/{rel}","templated":true}]}}