{"id":7816,"date":"2025-09-12T14:59:19","date_gmt":"2025-09-12T14:59:19","guid":{"rendered":"https:\/\/arealorcaradio.es\/?p=7816"},"modified":"2025-09-12T14:59:19","modified_gmt":"2025-09-12T14:59:19","slug":"el-festival-internacional-de-folklore-ciudad-de-lorca-recupera-sus-fechas-originales-de-celebracion-con-motivo-del-80-aniversario-del-grupo-coros-y-danzas-de-lorca","status":"publish","type":"post","link":"https:\/\/arealorcaradio.es\/index.php\/2025\/09\/12\/el-festival-internacional-de-folklore-ciudad-de-lorca-recupera-sus-fechas-originales-de-celebracion-con-motivo-del-80-aniversario-del-grupo-coros-y-danzas-de-lorca\/","title":{"rendered":"El Festival Internacional de Folklore \u00abCiudad de Lorca\u00bb recupera sus fechas\u00a0originales de celebraci\u00f3n con motivo del 80 Aniversario del Grupo Coros y Danzas de Lorca"},"content":{"rendered":"<p><strong>\u00c1REA LORCA RADIO. Tradiciones.<\/strong><\/p>\n<p class=\"v1MsoNormal\"><b><span lang=\"es\">Lorca, 12 de septiembre de 2025.<\/span><\/b><span lang=\"es\">\u00a0El Festival Internacional de Folklore \u00abCiudad de Lorca\u00bb llega este 2025 a su trig\u00e9simo sexta edici\u00f3n, consolid\u00e1ndose como uno de los principales eventos art\u00edsticos y culturales del programa cultural lorquino, volviendo a posicionar a la ciudad de Lorca como epicentro de grandes citas a nivel internacional.<\/span><\/p>\n<p class=\"v1MsoNormal\"><span lang=\"es\">As\u00ed lo ha trasladado el concejal de Cultura del Ayuntamiento de Lorca, Santiago Parra, en la presentaci\u00f3n de este acontecimiento convertido ya en un hito dentro de la Agenda Anual de Eventos, en la que ha estado acompa\u00f1ado por el director general del ITREM, Juan Francisco Mart\u00ednez, y la presidenta de la agrupaci\u00f3n Coros y Danzas de Lorca, Antonia Mart\u00ednez, y en la que han informado de las novedades y distintas actividades que se llevar\u00e1n a cabo en el municipio durante su celebraci\u00f3n.<\/span><\/p>\n<p class=\"v1MsoNormal\"><span lang=\"es\"><img loading=\"lazy\" decoding=\"async\" class=\"alignnone size-medium wp-image-7817\" src=\"https:\/\/arealorcaradio.es\/wp-content\/uploads\/2025\/09\/foto2-38-300x200.jpeg\" alt=\"\" width=\"300\" height=\"200\" srcset=\"https:\/\/arealorcaradio.es\/wp-content\/uploads\/2025\/09\/foto2-38-300x200.jpeg 300w, https:\/\/arealorcaradio.es\/wp-content\/uploads\/2025\/09\/foto2-38-1024x683.jpeg 1024w, https:\/\/arealorcaradio.es\/wp-content\/uploads\/2025\/09\/foto2-38-768x512.jpeg 768w, https:\/\/arealorcaradio.es\/wp-content\/uploads\/2025\/09\/foto2-38.jpeg 1500w\" sizes=\"auto, (max-width: 300px) 100vw, 300px\" \/> <img loading=\"lazy\" decoding=\"async\" class=\"alignnone size-medium wp-image-7818\" src=\"https:\/\/arealorcaradio.es\/wp-content\/uploads\/2025\/09\/foto3-41-300x200.jpeg\" alt=\"\" width=\"300\" height=\"200\" srcset=\"https:\/\/arealorcaradio.es\/wp-content\/uploads\/2025\/09\/foto3-41-300x200.jpeg 300w, https:\/\/arealorcaradio.es\/wp-content\/uploads\/2025\/09\/foto3-41-1024x683.jpeg 1024w, https:\/\/arealorcaradio.es\/wp-content\/uploads\/2025\/09\/foto3-41-768x512.jpeg 768w, https:\/\/arealorcaradio.es\/wp-content\/uploads\/2025\/09\/foto3-41.jpeg 1500w\" sizes=\"auto, (max-width: 300px) 100vw, 300px\" \/><\/span><span lang=\"es\">\u00a0<\/span><\/p>\n<p class=\"v1MsoNormal\"><span lang=\"es\">\u00abEn este a\u00f1o, con motivo del 80 aniversario del grupo de Coros y Danzas de Lorca,\u00a0la entidad recupera\u00a0las fechas originales del\u00a0Festival, para hacerlo coincidir con la\u00a0Feria y Fiestas de Lorca\u00a0y el desarrollo del mismo tendr\u00e1 lugar desde el jueves 18 hasta el lunes 22 de septiembre de 2025\u00bb, ha concretado el edil.<\/span><\/p>\n<p class=\"v1MsoNormal\"><span lang=\"es\">En estos treinta y cinco a\u00f1os de celebraci\u00f3n del Festival Internacional, han pasado por Lorca grupos folkl\u00f3ricos de m\u00e1s de setenta pa\u00edses de todo el mundo y de pr\u00e1cticamente todas las Comunidades Aut\u00f3nomas Espa\u00f1olas, haciendo de la ciudad en esos d\u00edas un lugar de encuentro y amistad entre las diferentes culturas del mundo.<\/span><\/p>\n<p class=\"v1MsoNormal\"><span lang=\"es\">Este a\u00f1o en concreto, se podr\u00e1n ver las agrupaciones:\u00a0<b>The Student Song and Dance Ensemble, de Polonia; Ballet Jammu, de Senegal; Agrupaci\u00f3n Art\u00edstica \u00abAmigos de la Jota\u00bb, de Teruel; La Cuadrilla de Aguaderas y a Coros y Danzas de Lorca.<\/b><\/span><\/p>\n<p class=\"v1MsoNormal\"><span lang=\"es\">Incluye en sus actividades todo tipo de muestras folkl\u00f3ricas y actuaciones para todos los p\u00fablicos (personas mayores, discapacitados, muestras espont\u00e1neas de folklore en la calle en las que el p\u00fablico participa con los grupos de una manera informal, espect\u00e1culos teatrales perfectamente elaborados, actuaciones en calles y plazas, etc), que hacen que la ciudad sea en estos d\u00edas festivos un amplio mosaico de culturas y tradiciones. Adem\u00e1s, durante el mismo se celebran talleres, muestras gastron\u00f3micas, conferencias, exposiciones, etc.<\/span><\/p>\n<p class=\"v1MsoNormal\"><span lang=\"es\">Pero los grupos que llegan hasta Lorca tambi\u00e9n vienen a disfrutar de su tiempo libre: visitar\u00e1n nuestros museos de Semana Santa y principales monumentos, el recinto ferial y participar\u00e1n en una fiesta de bienvenida y demostraci\u00f3n gastron\u00f3mica.<\/span><\/p>\n<p class=\"v1MsoNormal\"><span lang=\"es\">El Festival se dedica cada a\u00f1o a una actividad artesanal de folklore, para dar un toque peculiar y especial al mismo; y, en esta ocasi\u00f3n, el protagonista es Juan Meca, lorquino dedicado a la elaboraci\u00f3n artesanal de postizas. Partiendo de un tronco de jinjolero y gracias a su labor de investigaci\u00f3n, Juan ha conseguido recuperar un oficio casi perdido.\u00a0<\/span><\/p>\n<p class=\"v1MsoNormal\"><span lang=\"es\">Para todos aquellos que no puedan sumarse, pero est\u00e9n interesados pueden seguir en directo la mayor parte de las actividades programadas desde cualquier parte del mundo, a trav\u00e9s de las redes sociales de la agrupaci\u00f3n:<\/span><\/p>\n<p class=\"v1MsoNormal\"><span lang=\"es\">YouTube: Coros y Danzas de Lorca.<\/span><\/p>\n<p class=\"v1MsoNormal\"><span lang=\"es\">Facebook: Coros y Danzas de Lorca.<\/span><\/p>\n<p class=\"v1MsoNormal\"><span lang=\"es\">Instagram: @cydlorca.<\/span><\/p>\n<p class=\"v1MsoNormal\"><span lang=\"es\">Twitter: @cydlorca.<\/span><\/p>\n<p class=\"v1MsoNormal\"><span lang=\"es\">TikTok: @cydlorca.<\/span><\/p>\n<p class=\"v1MsoNormal\"><span lang=\"es\">\u00abDesde aqu\u00ed, quiero invitar a todos los lorquinos, as\u00ed como a todas aquellas personas que se animen a visitar nuestra ciudad durante estos d\u00edas, a participar en las actividades propuestas, llenando nuestras calles de color y alegr\u00eda, para demostrar que el lenguaje universal de la m\u00fasica y la danza popular es una de las mejores formas de promover la paz entre las diversas naciones\u00bb, ha indicado el edil.<\/span><\/p>\n<p class=\"v1MsoNormal\"><span lang=\"es\">Por su parte, Juan Francisco Mart\u00ednez, ha rese\u00f1ado que \u00abel Festival Internacional de Folklore Ciudad de Lorca enriquece nuestra feria con su celebraci\u00f3n y refuerza nuestra identidad. Cultura popular y tradici\u00f3n se suman a la amplia propuesta gastron\u00f3mica, festiva y musical que lorquinos y visitantes disfrutaremos en los pr\u00f3ximos d\u00edas, siendo un revulsivo total dentro del apartado tur\u00edstico\u00bb.<\/span><\/p>\n<p class=\"v1MsoNormal\"><span lang=\"es\">Antonia Mart\u00ednez ha querido destacar \u00abnuestro agradecimiento al Ayuntamiento de Lorca, en especial a las Concejal\u00edas de Cultura, Turismo y Feria y Fiestas; al Instituto de Turismo y al Instituto de las Industrias Culturales y las Artes de la Regi\u00f3n de Murcia, a la C\u00e1mara de Comercio de Lorca y, por supuesto, a todos los organismos y patrocinadores que de una u otra manera colaboran con nosotros\u00bb.<\/span><\/p>\n<p class=\"v1MsoNormal\"><span lang=\"es\">El \u00abCiudad de Lorca\u00bb pertenece como miembro de pleno derecho a CIOFF (Consejo Internacional de Organizaciones de Festivales de Folklore y de las Artes Tradicionales), organismo perteneciente a la UNESCO, que avala al Festival de Lorca como uno de los m\u00e1s prestigiosos de nuestra Regi\u00f3n de Murcia.<\/span><\/p>\n<p class=\"v1MsoNormal\"><b><span lang=\"es\">Detalle del programa:<\/span><\/b><b><\/b><\/p>\n<p class=\"v1gmail-MsoTitle\"><span lang=\"es\">Jueves, 18 de septiembre<\/span><\/p>\n<p class=\"v1gmail-MsoTitle\"><span lang=\"es\">I<\/span><span lang=\"es\">nauguraci\u00f3n exposici\u00f3n conmemorativa del 80 aniversario de Coros y Danzas de Lorca, que comprende una parte de los premios, distinciones y regalos que el grupo ha recibido a lo largo de su historia. Ser\u00e1 en horario de ma\u00f1ana, en lugar y hora por determinar y se realiza en colaboraci\u00f3n con la C\u00e1mara de Comercio de Lorca.<\/span><\/p>\n<p class=\"v1gmail-MsoTitle\"><span lang=\"es\">Viernes, 19 de septiembre<\/span><\/p>\n<p class=\"v1MsoNormal\"><b><span lang=\"es\">12:00 h.<\/span><\/b><span lang=\"es\">\u00a0en Plaza de Espa\u00f1a.\u00a0<b>Taller de juegos populares<\/b>.<\/span><\/p>\n<p class=\"v1MsoNormal\"><b><span lang=\"es\">20:00 h.<\/span><\/b><span lang=\"es\">\u00a0en Ifelor.\u00a0<b>Recepci\u00f3n oficial por parte del Excmo. Ayuntamiento de Lorca.<\/b><\/span><\/p>\n<p class=\"v1MsoNormal\"><b><span lang=\"es\">Desfile<\/span><\/b><span lang=\"es\">\u00a0de los grupos participantes desde Ifelor hasta la Alameda de la Constituci\u00f3n.<\/span><\/p>\n<p class=\"v1MsoNormal\"><b><span lang=\"es\">21:00 h.<\/span><\/b><span lang=\"es\">\u00a0en Alameda de la Constituci\u00f3n.\u00a0<b>Gala del Festival Internacional de Folklore \u00abCiudad de Lorca\u00bb.<\/b><\/span><\/p>\n<p>&nbsp;<\/p>\n<p class=\"v1gmail-MsoTitle\"><span lang=\"es\">S\u00e1bado, 20 de septiembre<\/span><\/p>\n<p class=\"v1MsoNormal\"><b><span lang=\"es\">11:30 h.<\/span><\/b><span lang=\"es\">\u00a0en Plaza Calder\u00f3n.\u00a0<b>Conferencia<\/b>\u00a0<b>\u00abTradiciones del Mundo\u00bb<\/b>.<\/span><\/p>\n<p class=\"v1MsoNormal\"><b><span lang=\"es\">12:30 h.<\/span><\/b><span lang=\"es\">\u00a0en Plaza Calder\u00f3n.\u00a0<b>Ven a Bailar<\/b>, es una de las actividades m\u00e1s populares de nuestro Festival, donde el p\u00fablico se convierte en protagonista, ya que los distintos grupos participantes les ense\u00f1an las danzas de sus lugares.<\/span><\/p>\n<p class=\"v1MsoNormal\"><b><span lang=\"es\">13:30 h.<\/span><\/b><span lang=\"es\">\u00a0en Plaza Calder\u00f3n.\u00a0<b>Secci\u00f3n de folklore vivo<\/b> con la Cuadrilla de Aguaderas<\/span><\/p>\n<p class=\"v1MsoNormal\"><b><span lang=\"es\">20:00 h.<\/span><\/b><span lang=\"es\">\u00a0en el Centro Comercial Parque Almenara.\u00a0<b>Desfile y actuaci\u00f3n<\/b> de los grupos participantes. <\/span><\/p>\n<p class=\"v1MsoNormal\"><span lang=\"es\">Domingo, 21 de septiembre<\/span><\/p>\n<p class=\"v1MsoNormal\"><i><\/i><b><span lang=\"es\">12:00 h<\/span><\/b><span lang=\"es\">\u00a0en San Mateo.\u00a0<b>Misa de las Naciones<\/b>, con motivo de la llegada a dicha parroquia de Santa Mar\u00eda La Real de las Huertas, Patrona de Lorca.<\/span><\/p>\n<p class=\"v1MsoNormal\"><b><span lang=\"es\">19:00 h<\/span><\/b><span lang=\"es\">\u00a0en Aledo.\u00a0<b>Actuaci\u00f3n<\/b>\u00a0de los grupos participantes en el pueblo de Aledo, con el objetivo de acercar el Festival a otras localidades vecinas.<\/span><\/p>\n<p class=\"v1MsoNormal\"><a name=\"v1_heading=h.j2udmyudvas5\"><\/a><\/p>\n<p class=\"v1MsoNormal\"><span lang=\"es\">Lunes, 22 de septiembre<\/span><i><\/i><\/p>\n<p class=\"v1MsoNormal\"><span lang=\"es\">Actuaci\u00f3n informal en residencias de mayores y discapacitados de la Ciudad de Lorca.<b><i><\/i><\/b><\/span><\/p>\n<p class=\"v1MsoNormal\"><span lang=\"es\">\u00a0<\/span><\/p>\n<p class=\"v1MsoNormal\"><span lang=\"es\">\u00a0<\/span><\/p>\n<p class=\"v1MsoNormal\">\n","protected":false},"excerpt":{"rendered":"<p>\u00c1REA LORCA RADIO. Tradiciones. Lorca, 12 de septiembre de 2025.\u00a0El Festival Internacional de Folklore \u00abCiudad de Lorca\u00bb llega este 2025 a su trig\u00e9simo sexta edici\u00f3n, consolid\u00e1ndose como uno de los principales eventos art\u00edsticos y culturales del programa cultural lorquino, volviendo a posicionar a la ciudad de Lorca como epicentro de grandes citas a nivel internacional. [&hellip;]<\/p>\n","protected":false},"author":1,"featured_media":7819,"comment_status":"open","ping_status":"open","sticky":false,"template":"","format":"standard","meta":{"iawp_total_views":17,"footnotes":""},"categories":[5],"tags":[],"class_list":["post-7816","post","type-post","status-publish","format-standard","has-post-thumbnail","hentry","category-actualidad"],"yoast_head":"<!-- This site is optimized with the Yoast SEO plugin v27.5 - https:\/\/yoast.com\/product\/yoast-seo-wordpress\/ -->\n<title>El Festival Internacional de Folklore &quot;Ciudad de Lorca&quot; recupera sus fechas\u00a0originales de celebraci\u00f3n con motivo del 80 Aniversario del Grupo Coros y Danzas de Lorca - AREA LORCA RADIO<\/title>\n<meta name=\"robots\" content=\"index, follow, max-snippet:-1, max-image-preview:large, max-video-preview:-1\" \/>\n<link rel=\"canonical\" href=\"https:\/\/arealorcaradio.es\/index.php\/2025\/09\/12\/el-festival-internacional-de-folklore-ciudad-de-lorca-recupera-sus-fechas-originales-de-celebracion-con-motivo-del-80-aniversario-del-grupo-coros-y-danzas-de-lorca\/\" \/>\n<meta property=\"og:locale\" content=\"es_ES\" \/>\n<meta property=\"og:type\" content=\"article\" \/>\n<meta property=\"og:title\" content=\"El Festival Internacional de Folklore &quot;Ciudad de Lorca&quot; recupera sus fechas\u00a0originales de celebraci\u00f3n con motivo del 80 Aniversario del Grupo Coros y Danzas de Lorca - AREA LORCA RADIO\" \/>\n<meta property=\"og:description\" content=\"\u00c1REA LORCA RADIO. Tradiciones. Lorca, 12 de septiembre de 2025.\u00a0El Festival Internacional de Folklore \u00abCiudad de Lorca\u00bb llega este 2025 a su trig\u00e9simo sexta edici\u00f3n, consolid\u00e1ndose como uno de los principales eventos art\u00edsticos y culturales del programa cultural lorquino, volviendo a posicionar a la ciudad de Lorca como epicentro de grandes citas a nivel internacional. [&hellip;]\" \/>\n<meta property=\"og:url\" content=\"https:\/\/arealorcaradio.es\/index.php\/2025\/09\/12\/el-festival-internacional-de-folklore-ciudad-de-lorca-recupera-sus-fechas-originales-de-celebracion-con-motivo-del-80-aniversario-del-grupo-coros-y-danzas-de-lorca\/\" \/>\n<meta property=\"og:site_name\" content=\"AREA LORCA RADIO\" \/>\n<meta property=\"article:published_time\" content=\"2025-09-12T14:59:19+00:00\" \/>\n<meta property=\"og:image\" content=\"https:\/\/arealorcaradio.es\/wp-content\/uploads\/2025\/09\/foto1-61.jpeg\" \/>\n\t<meta property=\"og:image:width\" content=\"1500\" \/>\n\t<meta property=\"og:image:height\" content=\"1000\" \/>\n\t<meta property=\"og:image:type\" content=\"image\/jpeg\" \/>\n<meta name=\"author\" content=\"Paco S\u00e1nchez\" \/>\n<meta name=\"twitter:card\" content=\"summary_large_image\" \/>\n<meta name=\"twitter:label1\" content=\"Escrito por\" \/>\n\t<meta name=\"twitter:data1\" content=\"Paco S\u00e1nchez\" \/>\n\t<meta name=\"twitter:label2\" content=\"Tiempo de lectura\" \/>\n\t<meta name=\"twitter:data2\" content=\"6 minutos\" \/>\n<script type=\"application\/ld+json\" class=\"yoast-schema-graph\">{\"@context\":\"https:\\\/\\\/schema.org\",\"@graph\":[{\"@type\":\"Article\",\"@id\":\"https:\\\/\\\/arealorcaradio.es\\\/index.php\\\/2025\\\/09\\\/12\\\/el-festival-internacional-de-folklore-ciudad-de-lorca-recupera-sus-fechas-originales-de-celebracion-con-motivo-del-80-aniversario-del-grupo-coros-y-danzas-de-lorca\\\/#article\",\"isPartOf\":{\"@id\":\"https:\\\/\\\/arealorcaradio.es\\\/index.php\\\/2025\\\/09\\\/12\\\/el-festival-internacional-de-folklore-ciudad-de-lorca-recupera-sus-fechas-originales-de-celebracion-con-motivo-del-80-aniversario-del-grupo-coros-y-danzas-de-lorca\\\/\"},\"author\":{\"name\":\"Paco S\u00e1nchez\",\"@id\":\"https:\\\/\\\/arealorcaradio.es\\\/#\\\/schema\\\/person\\\/9fae605fc25b0f2c83c1ab207139bd27\"},\"headline\":\"El Festival Internacional de Folklore \u00abCiudad de Lorca\u00bb recupera sus fechas\u00a0originales de celebraci\u00f3n con motivo del 80 Aniversario del Grupo Coros y Danzas de Lorca\",\"datePublished\":\"2025-09-12T14:59:19+00:00\",\"mainEntityOfPage\":{\"@id\":\"https:\\\/\\\/arealorcaradio.es\\\/index.php\\\/2025\\\/09\\\/12\\\/el-festival-internacional-de-folklore-ciudad-de-lorca-recupera-sus-fechas-originales-de-celebracion-con-motivo-del-80-aniversario-del-grupo-coros-y-danzas-de-lorca\\\/\"},\"wordCount\":1117,\"commentCount\":0,\"image\":{\"@id\":\"https:\\\/\\\/arealorcaradio.es\\\/index.php\\\/2025\\\/09\\\/12\\\/el-festival-internacional-de-folklore-ciudad-de-lorca-recupera-sus-fechas-originales-de-celebracion-con-motivo-del-80-aniversario-del-grupo-coros-y-danzas-de-lorca\\\/#primaryimage\"},\"thumbnailUrl\":\"https:\\\/\\\/arealorcaradio.es\\\/wp-content\\\/uploads\\\/2025\\\/09\\\/foto1-61.jpeg\",\"articleSection\":[\"ACTUALIDAD\"],\"inLanguage\":\"es\",\"potentialAction\":[{\"@type\":\"CommentAction\",\"name\":\"Comment\",\"target\":[\"https:\\\/\\\/arealorcaradio.es\\\/index.php\\\/2025\\\/09\\\/12\\\/el-festival-internacional-de-folklore-ciudad-de-lorca-recupera-sus-fechas-originales-de-celebracion-con-motivo-del-80-aniversario-del-grupo-coros-y-danzas-de-lorca\\\/#respond\"]}]},{\"@type\":\"WebPage\",\"@id\":\"https:\\\/\\\/arealorcaradio.es\\\/index.php\\\/2025\\\/09\\\/12\\\/el-festival-internacional-de-folklore-ciudad-de-lorca-recupera-sus-fechas-originales-de-celebracion-con-motivo-del-80-aniversario-del-grupo-coros-y-danzas-de-lorca\\\/\",\"url\":\"https:\\\/\\\/arealorcaradio.es\\\/index.php\\\/2025\\\/09\\\/12\\\/el-festival-internacional-de-folklore-ciudad-de-lorca-recupera-sus-fechas-originales-de-celebracion-con-motivo-del-80-aniversario-del-grupo-coros-y-danzas-de-lorca\\\/\",\"name\":\"El Festival Internacional de Folklore \\\"Ciudad de Lorca\\\" recupera sus fechas\u00a0originales de celebraci\u00f3n con motivo del 80 Aniversario del Grupo Coros y Danzas de Lorca - AREA LORCA RADIO\",\"isPartOf\":{\"@id\":\"https:\\\/\\\/arealorcaradio.es\\\/#website\"},\"primaryImageOfPage\":{\"@id\":\"https:\\\/\\\/arealorcaradio.es\\\/index.php\\\/2025\\\/09\\\/12\\\/el-festival-internacional-de-folklore-ciudad-de-lorca-recupera-sus-fechas-originales-de-celebracion-con-motivo-del-80-aniversario-del-grupo-coros-y-danzas-de-lorca\\\/#primaryimage\"},\"image\":{\"@id\":\"https:\\\/\\\/arealorcaradio.es\\\/index.php\\\/2025\\\/09\\\/12\\\/el-festival-internacional-de-folklore-ciudad-de-lorca-recupera-sus-fechas-originales-de-celebracion-con-motivo-del-80-aniversario-del-grupo-coros-y-danzas-de-lorca\\\/#primaryimage\"},\"thumbnailUrl\":\"https:\\\/\\\/arealorcaradio.es\\\/wp-content\\\/uploads\\\/2025\\\/09\\\/foto1-61.jpeg\",\"datePublished\":\"2025-09-12T14:59:19+00:00\",\"author\":{\"@id\":\"https:\\\/\\\/arealorcaradio.es\\\/#\\\/schema\\\/person\\\/9fae605fc25b0f2c83c1ab207139bd27\"},\"breadcrumb\":{\"@id\":\"https:\\\/\\\/arealorcaradio.es\\\/index.php\\\/2025\\\/09\\\/12\\\/el-festival-internacional-de-folklore-ciudad-de-lorca-recupera-sus-fechas-originales-de-celebracion-con-motivo-del-80-aniversario-del-grupo-coros-y-danzas-de-lorca\\\/#breadcrumb\"},\"inLanguage\":\"es\",\"potentialAction\":[{\"@type\":\"ReadAction\",\"target\":[\"https:\\\/\\\/arealorcaradio.es\\\/index.php\\\/2025\\\/09\\\/12\\\/el-festival-internacional-de-folklore-ciudad-de-lorca-recupera-sus-fechas-originales-de-celebracion-con-motivo-del-80-aniversario-del-grupo-coros-y-danzas-de-lorca\\\/\"]}]},{\"@type\":\"ImageObject\",\"inLanguage\":\"es\",\"@id\":\"https:\\\/\\\/arealorcaradio.es\\\/index.php\\\/2025\\\/09\\\/12\\\/el-festival-internacional-de-folklore-ciudad-de-lorca-recupera-sus-fechas-originales-de-celebracion-con-motivo-del-80-aniversario-del-grupo-coros-y-danzas-de-lorca\\\/#primaryimage\",\"url\":\"https:\\\/\\\/arealorcaradio.es\\\/wp-content\\\/uploads\\\/2025\\\/09\\\/foto1-61.jpeg\",\"contentUrl\":\"https:\\\/\\\/arealorcaradio.es\\\/wp-content\\\/uploads\\\/2025\\\/09\\\/foto1-61.jpeg\",\"width\":1500,\"height\":1000},{\"@type\":\"BreadcrumbList\",\"@id\":\"https:\\\/\\\/arealorcaradio.es\\\/index.php\\\/2025\\\/09\\\/12\\\/el-festival-internacional-de-folklore-ciudad-de-lorca-recupera-sus-fechas-originales-de-celebracion-con-motivo-del-80-aniversario-del-grupo-coros-y-danzas-de-lorca\\\/#breadcrumb\",\"itemListElement\":[{\"@type\":\"ListItem\",\"position\":1,\"name\":\"Portada\",\"item\":\"https:\\\/\\\/arealorcaradio.es\\\/\"},{\"@type\":\"ListItem\",\"position\":2,\"name\":\"El Festival Internacional de Folklore \u00abCiudad de Lorca\u00bb recupera sus fechas\u00a0originales de celebraci\u00f3n con motivo del 80 Aniversario del Grupo Coros y Danzas de Lorca\"}]},{\"@type\":\"WebSite\",\"@id\":\"https:\\\/\\\/arealorcaradio.es\\\/#website\",\"url\":\"https:\\\/\\\/arealorcaradio.es\\\/\",\"name\":\"AREA LORCA RADIO\",\"description\":\"Descubre la programaci\u00f3n actual en \u00c1rea Lorca Radio, tu fuente de entrenamiento y noticias locales. Sintoniza ahora y mantente conectado online.\",\"potentialAction\":[{\"@type\":\"SearchAction\",\"target\":{\"@type\":\"EntryPoint\",\"urlTemplate\":\"https:\\\/\\\/arealorcaradio.es\\\/?s={search_term_string}\"},\"query-input\":{\"@type\":\"PropertyValueSpecification\",\"valueRequired\":true,\"valueName\":\"search_term_string\"}}],\"inLanguage\":\"es\"},{\"@type\":\"Person\",\"@id\":\"https:\\\/\\\/arealorcaradio.es\\\/#\\\/schema\\\/person\\\/9fae605fc25b0f2c83c1ab207139bd27\",\"name\":\"Paco S\u00e1nchez\",\"image\":{\"@type\":\"ImageObject\",\"inLanguage\":\"es\",\"@id\":\"https:\\\/\\\/secure.gravatar.com\\\/avatar\\\/d67144e966420fb74aa84c9f2a0103be4724fd14db52b52d3b6bca749f257e79?s=96&d=mm&r=g\",\"url\":\"https:\\\/\\\/secure.gravatar.com\\\/avatar\\\/d67144e966420fb74aa84c9f2a0103be4724fd14db52b52d3b6bca749f257e79?s=96&d=mm&r=g\",\"contentUrl\":\"https:\\\/\\\/secure.gravatar.com\\\/avatar\\\/d67144e966420fb74aa84c9f2a0103be4724fd14db52b52d3b6bca749f257e79?s=96&d=mm&r=g\",\"caption\":\"Paco S\u00e1nchez\"},\"sameAs\":[\"https:\\\/\\\/arealorcaradio.es\"],\"url\":\"https:\\\/\\\/arealorcaradio.es\\\/index.php\\\/author\\\/admin_alorcaradio\\\/\"}]}<\/script>\n<!-- \/ Yoast SEO plugin. -->","yoast_head_json":{"title":"El Festival Internacional de Folklore \"Ciudad de Lorca\" recupera sus fechas\u00a0originales de celebraci\u00f3n con motivo del 80 Aniversario del Grupo Coros y Danzas de Lorca - AREA LORCA RADIO","robots":{"index":"index","follow":"follow","max-snippet":"max-snippet:-1","max-image-preview":"max-image-preview:large","max-video-preview":"max-video-preview:-1"},"canonical":"https:\/\/arealorcaradio.es\/index.php\/2025\/09\/12\/el-festival-internacional-de-folklore-ciudad-de-lorca-recupera-sus-fechas-originales-de-celebracion-con-motivo-del-80-aniversario-del-grupo-coros-y-danzas-de-lorca\/","og_locale":"es_ES","og_type":"article","og_title":"El Festival Internacional de Folklore \"Ciudad de Lorca\" recupera sus fechas\u00a0originales de celebraci\u00f3n con motivo del 80 Aniversario del Grupo Coros y Danzas de Lorca - AREA LORCA RADIO","og_description":"\u00c1REA LORCA RADIO. Tradiciones. Lorca, 12 de septiembre de 2025.\u00a0El Festival Internacional de Folklore \u00abCiudad de Lorca\u00bb llega este 2025 a su trig\u00e9simo sexta edici\u00f3n, consolid\u00e1ndose como uno de los principales eventos art\u00edsticos y culturales del programa cultural lorquino, volviendo a posicionar a la ciudad de Lorca como epicentro de grandes citas a nivel internacional. [&hellip;]","og_url":"https:\/\/arealorcaradio.es\/index.php\/2025\/09\/12\/el-festival-internacional-de-folklore-ciudad-de-lorca-recupera-sus-fechas-originales-de-celebracion-con-motivo-del-80-aniversario-del-grupo-coros-y-danzas-de-lorca\/","og_site_name":"AREA LORCA RADIO","article_published_time":"2025-09-12T14:59:19+00:00","og_image":[{"width":1500,"height":1000,"url":"https:\/\/arealorcaradio.es\/wp-content\/uploads\/2025\/09\/foto1-61.jpeg","type":"image\/jpeg"}],"author":"Paco S\u00e1nchez","twitter_card":"summary_large_image","twitter_misc":{"Escrito por":"Paco S\u00e1nchez","Tiempo de lectura":"6 minutos"},"schema":{"@context":"https:\/\/schema.org","@graph":[{"@type":"Article","@id":"https:\/\/arealorcaradio.es\/index.php\/2025\/09\/12\/el-festival-internacional-de-folklore-ciudad-de-lorca-recupera-sus-fechas-originales-de-celebracion-con-motivo-del-80-aniversario-del-grupo-coros-y-danzas-de-lorca\/#article","isPartOf":{"@id":"https:\/\/arealorcaradio.es\/index.php\/2025\/09\/12\/el-festival-internacional-de-folklore-ciudad-de-lorca-recupera-sus-fechas-originales-de-celebracion-con-motivo-del-80-aniversario-del-grupo-coros-y-danzas-de-lorca\/"},"author":{"name":"Paco S\u00e1nchez","@id":"https:\/\/arealorcaradio.es\/#\/schema\/person\/9fae605fc25b0f2c83c1ab207139bd27"},"headline":"El Festival Internacional de Folklore \u00abCiudad de Lorca\u00bb recupera sus fechas\u00a0originales de celebraci\u00f3n con motivo del 80 Aniversario del Grupo Coros y Danzas de Lorca","datePublished":"2025-09-12T14:59:19+00:00","mainEntityOfPage":{"@id":"https:\/\/arealorcaradio.es\/index.php\/2025\/09\/12\/el-festival-internacional-de-folklore-ciudad-de-lorca-recupera-sus-fechas-originales-de-celebracion-con-motivo-del-80-aniversario-del-grupo-coros-y-danzas-de-lorca\/"},"wordCount":1117,"commentCount":0,"image":{"@id":"https:\/\/arealorcaradio.es\/index.php\/2025\/09\/12\/el-festival-internacional-de-folklore-ciudad-de-lorca-recupera-sus-fechas-originales-de-celebracion-con-motivo-del-80-aniversario-del-grupo-coros-y-danzas-de-lorca\/#primaryimage"},"thumbnailUrl":"https:\/\/arealorcaradio.es\/wp-content\/uploads\/2025\/09\/foto1-61.jpeg","articleSection":["ACTUALIDAD"],"inLanguage":"es","potentialAction":[{"@type":"CommentAction","name":"Comment","target":["https:\/\/arealorcaradio.es\/index.php\/2025\/09\/12\/el-festival-internacional-de-folklore-ciudad-de-lorca-recupera-sus-fechas-originales-de-celebracion-con-motivo-del-80-aniversario-del-grupo-coros-y-danzas-de-lorca\/#respond"]}]},{"@type":"WebPage","@id":"https:\/\/arealorcaradio.es\/index.php\/2025\/09\/12\/el-festival-internacional-de-folklore-ciudad-de-lorca-recupera-sus-fechas-originales-de-celebracion-con-motivo-del-80-aniversario-del-grupo-coros-y-danzas-de-lorca\/","url":"https:\/\/arealorcaradio.es\/index.php\/2025\/09\/12\/el-festival-internacional-de-folklore-ciudad-de-lorca-recupera-sus-fechas-originales-de-celebracion-con-motivo-del-80-aniversario-del-grupo-coros-y-danzas-de-lorca\/","name":"El Festival Internacional de Folklore \"Ciudad de Lorca\" recupera sus fechas\u00a0originales de celebraci\u00f3n con motivo del 80 Aniversario del Grupo Coros y Danzas de Lorca - AREA LORCA RADIO","isPartOf":{"@id":"https:\/\/arealorcaradio.es\/#website"},"primaryImageOfPage":{"@id":"https:\/\/arealorcaradio.es\/index.php\/2025\/09\/12\/el-festival-internacional-de-folklore-ciudad-de-lorca-recupera-sus-fechas-originales-de-celebracion-con-motivo-del-80-aniversario-del-grupo-coros-y-danzas-de-lorca\/#primaryimage"},"image":{"@id":"https:\/\/arealorcaradio.es\/index.php\/2025\/09\/12\/el-festival-internacional-de-folklore-ciudad-de-lorca-recupera-sus-fechas-originales-de-celebracion-con-motivo-del-80-aniversario-del-grupo-coros-y-danzas-de-lorca\/#primaryimage"},"thumbnailUrl":"https:\/\/arealorcaradio.es\/wp-content\/uploads\/2025\/09\/foto1-61.jpeg","datePublished":"2025-09-12T14:59:19+00:00","author":{"@id":"https:\/\/arealorcaradio.es\/#\/schema\/person\/9fae605fc25b0f2c83c1ab207139bd27"},"breadcrumb":{"@id":"https:\/\/arealorcaradio.es\/index.php\/2025\/09\/12\/el-festival-internacional-de-folklore-ciudad-de-lorca-recupera-sus-fechas-originales-de-celebracion-con-motivo-del-80-aniversario-del-grupo-coros-y-danzas-de-lorca\/#breadcrumb"},"inLanguage":"es","potentialAction":[{"@type":"ReadAction","target":["https:\/\/arealorcaradio.es\/index.php\/2025\/09\/12\/el-festival-internacional-de-folklore-ciudad-de-lorca-recupera-sus-fechas-originales-de-celebracion-con-motivo-del-80-aniversario-del-grupo-coros-y-danzas-de-lorca\/"]}]},{"@type":"ImageObject","inLanguage":"es","@id":"https:\/\/arealorcaradio.es\/index.php\/2025\/09\/12\/el-festival-internacional-de-folklore-ciudad-de-lorca-recupera-sus-fechas-originales-de-celebracion-con-motivo-del-80-aniversario-del-grupo-coros-y-danzas-de-lorca\/#primaryimage","url":"https:\/\/arealorcaradio.es\/wp-content\/uploads\/2025\/09\/foto1-61.jpeg","contentUrl":"https:\/\/arealorcaradio.es\/wp-content\/uploads\/2025\/09\/foto1-61.jpeg","width":1500,"height":1000},{"@type":"BreadcrumbList","@id":"https:\/\/arealorcaradio.es\/index.php\/2025\/09\/12\/el-festival-internacional-de-folklore-ciudad-de-lorca-recupera-sus-fechas-originales-de-celebracion-con-motivo-del-80-aniversario-del-grupo-coros-y-danzas-de-lorca\/#breadcrumb","itemListElement":[{"@type":"ListItem","position":1,"name":"Portada","item":"https:\/\/arealorcaradio.es\/"},{"@type":"ListItem","position":2,"name":"El Festival Internacional de Folklore \u00abCiudad de Lorca\u00bb recupera sus fechas\u00a0originales de celebraci\u00f3n con motivo del 80 Aniversario del Grupo Coros y Danzas de Lorca"}]},{"@type":"WebSite","@id":"https:\/\/arealorcaradio.es\/#website","url":"https:\/\/arealorcaradio.es\/","name":"AREA LORCA RADIO","description":"Descubre la programaci\u00f3n actual en \u00c1rea Lorca Radio, tu fuente de entrenamiento y noticias locales. Sintoniza ahora y mantente conectado online.","potentialAction":[{"@type":"SearchAction","target":{"@type":"EntryPoint","urlTemplate":"https:\/\/arealorcaradio.es\/?s={search_term_string}"},"query-input":{"@type":"PropertyValueSpecification","valueRequired":true,"valueName":"search_term_string"}}],"inLanguage":"es"},{"@type":"Person","@id":"https:\/\/arealorcaradio.es\/#\/schema\/person\/9fae605fc25b0f2c83c1ab207139bd27","name":"Paco S\u00e1nchez","image":{"@type":"ImageObject","inLanguage":"es","@id":"https:\/\/secure.gravatar.com\/avatar\/d67144e966420fb74aa84c9f2a0103be4724fd14db52b52d3b6bca749f257e79?s=96&d=mm&r=g","url":"https:\/\/secure.gravatar.com\/avatar\/d67144e966420fb74aa84c9f2a0103be4724fd14db52b52d3b6bca749f257e79?s=96&d=mm&r=g","contentUrl":"https:\/\/secure.gravatar.com\/avatar\/d67144e966420fb74aa84c9f2a0103be4724fd14db52b52d3b6bca749f257e79?s=96&d=mm&r=g","caption":"Paco S\u00e1nchez"},"sameAs":["https:\/\/arealorcaradio.es"],"url":"https:\/\/arealorcaradio.es\/index.php\/author\/admin_alorcaradio\/"}]}},"_links":{"self":[{"href":"https:\/\/arealorcaradio.es\/index.php\/wp-json\/wp\/v2\/posts\/7816","targetHints":{"allow":["GET"]}}],"collection":[{"href":"https:\/\/arealorcaradio.es\/index.php\/wp-json\/wp\/v2\/posts"}],"about":[{"href":"https:\/\/arealorcaradio.es\/index.php\/wp-json\/wp\/v2\/types\/post"}],"author":[{"embeddable":true,"href":"https:\/\/arealorcaradio.es\/index.php\/wp-json\/wp\/v2\/users\/1"}],"replies":[{"embeddable":true,"href":"https:\/\/arealorcaradio.es\/index.php\/wp-json\/wp\/v2\/comments?post=7816"}],"version-history":[{"count":1,"href":"https:\/\/arealorcaradio.es\/index.php\/wp-json\/wp\/v2\/posts\/7816\/revisions"}],"predecessor-version":[{"id":7820,"href":"https:\/\/arealorcaradio.es\/index.php\/wp-json\/wp\/v2\/posts\/7816\/revisions\/7820"}],"wp:featuredmedia":[{"embeddable":true,"href":"https:\/\/arealorcaradio.es\/index.php\/wp-json\/wp\/v2\/media\/7819"}],"wp:attachment":[{"href":"https:\/\/arealorcaradio.es\/index.php\/wp-json\/wp\/v2\/media?parent=7816"}],"wp:term":[{"taxonomy":"category","embeddable":true,"href":"https:\/\/arealorcaradio.es\/index.php\/wp-json\/wp\/v2\/categories?post=7816"},{"taxonomy":"post_tag","embeddable":true,"href":"https:\/\/arealorcaradio.es\/index.php\/wp-json\/wp\/v2\/tags?post=7816"}],"curies":[{"name":"wp","href":"https:\/\/api.w.org\/{rel}","templated":true}]}}