{"id":7809,"date":"2025-09-12T12:01:39","date_gmt":"2025-09-12T12:01:39","guid":{"rendered":"https:\/\/arealorcaradio.es\/?p=7809"},"modified":"2025-09-12T12:01:39","modified_gmt":"2025-09-12T12:01:39","slug":"el-lorca-deportiva-presenta-su-equipo-inclusivo-gol-de-corazon-infinito","status":"publish","type":"post","link":"https:\/\/arealorcaradio.es\/index.php\/2025\/09\/12\/el-lorca-deportiva-presenta-su-equipo-inclusivo-gol-de-corazon-infinito\/","title":{"rendered":"El Lorca Deportiva presenta su equipo inclusivo: \u00abGol de Coraz\u00f3n Infinito\u00bb"},"content":{"rendered":"<p><strong>\u00c1REA LORCA RADIO. Deporte inclusivo.<\/strong><\/p>\n<p>El Lorca Deportiva contin\u00faa su firme compromiso con el deporte base, la igualdad y la inclusi\u00f3n. El 13 de septiembre, el club comienza oficialmente de su Escuela de F\u00fatbol, un proyecto que tiene el prop\u00f3sito de formar a j\u00f3venes deportistas desde la base, inculcando valores como el esfuerzo, el respeto y el trabajo en equipo.<\/p>\n<div class=\"v1io-ox-signature\">\n<div>La escuela estar\u00e1 dirigida por\u00a0<strong>Juan Jos\u00e9 Carrillo y Ra\u00fal Amor\u00f3s<\/strong>, dos referentes del f\u00fatbol lorquino que aportan experiencia, pasi\u00f3n y una visi\u00f3n formativa centrada en el desarrollo integral de cada jugador. Bajo su liderazgo, la escuela ofrecer\u00e1 formaci\u00f3n t\u00e9cnica, t\u00e1ctica y humana desde prebenjamines hasta juveniles, con entrenadores especializados y una metodolog\u00eda moderna y participativa.<\/div>\n<div><img loading=\"lazy\" decoding=\"async\" class=\"alignnone size-medium wp-image-7810\" src=\"https:\/\/arealorcaradio.es\/wp-content\/uploads\/2025\/09\/IMG_7656-300x225.jpg\" alt=\"\" width=\"300\" height=\"225\" srcset=\"https:\/\/arealorcaradio.es\/wp-content\/uploads\/2025\/09\/IMG_7656-300x225.jpg 300w, https:\/\/arealorcaradio.es\/wp-content\/uploads\/2025\/09\/IMG_7656-1024x768.jpg 1024w, https:\/\/arealorcaradio.es\/wp-content\/uploads\/2025\/09\/IMG_7656-768x576.jpg 768w, https:\/\/arealorcaradio.es\/wp-content\/uploads\/2025\/09\/IMG_7656-1536x1152.jpg 1536w, https:\/\/arealorcaradio.es\/wp-content\/uploads\/2025\/09\/IMG_7656-2048x1536.jpg 2048w, https:\/\/arealorcaradio.es\/wp-content\/uploads\/2025\/09\/IMG_7656-86x64.jpg 86w\" sizes=\"auto, (max-width: 300px) 100vw, 300px\" \/> <img loading=\"lazy\" decoding=\"async\" class=\"alignnone size-medium wp-image-7811\" src=\"https:\/\/arealorcaradio.es\/wp-content\/uploads\/2025\/09\/IMG_7663-300x225.jpg\" alt=\"\" width=\"300\" height=\"225\" srcset=\"https:\/\/arealorcaradio.es\/wp-content\/uploads\/2025\/09\/IMG_7663-300x225.jpg 300w, https:\/\/arealorcaradio.es\/wp-content\/uploads\/2025\/09\/IMG_7663-1024x768.jpg 1024w, https:\/\/arealorcaradio.es\/wp-content\/uploads\/2025\/09\/IMG_7663-768x576.jpg 768w, https:\/\/arealorcaradio.es\/wp-content\/uploads\/2025\/09\/IMG_7663-1536x1152.jpg 1536w, https:\/\/arealorcaradio.es\/wp-content\/uploads\/2025\/09\/IMG_7663-2048x1536.jpg 2048w, https:\/\/arealorcaradio.es\/wp-content\/uploads\/2025\/09\/IMG_7663-86x64.jpg 86w\" sizes=\"auto, (max-width: 300px) 100vw, 300px\" \/><\/div>\n<div>Este nuevo paso se suma al anuncio previo de la secci\u00f3n femenina, ya en marcha bajo la coordinaci\u00f3n de\u00a0<strong>Laura Mart\u00ednez<\/strong>, una profesional comprometida con el crecimiento del f\u00fatbol femenino en la Regi\u00f3n de Murcia. La secci\u00f3n contar\u00e1 con equipos en categor\u00edas base y aspira a consolidarse como referente en la competici\u00f3n regional.<\/div>\n<div><img loading=\"lazy\" decoding=\"async\" class=\"alignnone size-medium wp-image-7812\" src=\"https:\/\/arealorcaradio.es\/wp-content\/uploads\/2025\/09\/CARTEL-INCLUSIVO-225x300.png\" alt=\"\" width=\"225\" height=\"300\" srcset=\"https:\/\/arealorcaradio.es\/wp-content\/uploads\/2025\/09\/CARTEL-INCLUSIVO-225x300.png 225w, https:\/\/arealorcaradio.es\/wp-content\/uploads\/2025\/09\/CARTEL-INCLUSIVO-768x1024.png 768w, https:\/\/arealorcaradio.es\/wp-content\/uploads\/2025\/09\/CARTEL-INCLUSIVO-1152x1536.png 1152w, https:\/\/arealorcaradio.es\/wp-content\/uploads\/2025\/09\/CARTEL-INCLUSIVO.png 1240w\" sizes=\"auto, (max-width: 225px) 100vw, 225px\" \/> <img loading=\"lazy\" decoding=\"async\" class=\"alignnone size-medium wp-image-7813\" src=\"https:\/\/arealorcaradio.es\/wp-content\/uploads\/2025\/09\/IMG_7669-300x225.jpg\" alt=\"\" width=\"300\" height=\"225\" srcset=\"https:\/\/arealorcaradio.es\/wp-content\/uploads\/2025\/09\/IMG_7669-300x225.jpg 300w, https:\/\/arealorcaradio.es\/wp-content\/uploads\/2025\/09\/IMG_7669-1024x768.jpg 1024w, https:\/\/arealorcaradio.es\/wp-content\/uploads\/2025\/09\/IMG_7669-768x576.jpg 768w, https:\/\/arealorcaradio.es\/wp-content\/uploads\/2025\/09\/IMG_7669-1536x1152.jpg 1536w, https:\/\/arealorcaradio.es\/wp-content\/uploads\/2025\/09\/IMG_7669-2048x1536.jpg 2048w, https:\/\/arealorcaradio.es\/wp-content\/uploads\/2025\/09\/IMG_7669-86x64.jpg 86w\" sizes=\"auto, (max-width: 300px) 100vw, 300px\" \/><\/div>\n<div><\/div>\n<div><strong>LORCA DEPORTIVA INCLUSIVO<\/strong><\/div>\n<div><\/div>\n<div>Como gran novedad, el club presenta su iniciativa m\u00e1s emotiva: el equipo inclusivo \u00abGol de Coraz\u00f3n Infinito\u00bb, formado por jugadores y jugadoras con diversidad funcional. Este equipo representa el alma del deporte: inclusi\u00f3n, compa\u00f1erismo y superaci\u00f3n personal. Estar\u00e1 dirigido por\u00a0<strong>Gin\u00e9s Carlos<\/strong>, entrenador especializado en inclusi\u00f3n social con una dilatada experiencia en proyectos deportivos integradores. Su sensibilidad y conocimiento ser\u00e1n clave para que este equipo se convierta en un ejemplo de convivencia y respeto dentro y fuera del campo.<\/div>\n<div><\/div>\n<div>El 13 de septiembre no solo inauguramos una escuela, sino un espacio donde cada ni\u00f1o, cada ni\u00f1a y cada persona con ganas de jugar encuentra su lugar.\u00a0<strong>&#8216;Gol de Coraz\u00f3n Infinito&#8217;<\/strong>\u00a0es nuestro homenaje a la fuerza del f\u00fatbol como motor de integraci\u00f3n\u00bb.<\/div>\n<div><\/div>\n<div>El Lorca Deportiva invita a toda la ciudad a sumarse a esta nueva etapa, donde cada gol ser\u00e1 un latido, y cada paso en el campo, una historia de coraz\u00f3n infinito.<\/div>\n<\/div>\n","protected":false},"excerpt":{"rendered":"<p>\u00c1REA LORCA RADIO. Deporte inclusivo. El Lorca Deportiva contin\u00faa su firme compromiso con el deporte base, la igualdad y la inclusi\u00f3n. El 13 de septiembre, el club comienza oficialmente de su Escuela de F\u00fatbol, un proyecto que tiene el prop\u00f3sito de formar a j\u00f3venes deportistas desde la base, inculcando valores como el esfuerzo, el respeto [&hellip;]<\/p>\n","protected":false},"author":1,"featured_media":7814,"comment_status":"open","ping_status":"open","sticky":false,"template":"","format":"standard","meta":{"iawp_total_views":5,"footnotes":""},"categories":[4,7],"tags":[],"class_list":["post-7809","post","type-post","status-publish","format-standard","has-post-thumbnail","hentry","category-deportes","category-lorca"],"yoast_head":"<!-- This site is optimized with the Yoast SEO plugin v27.5 - https:\/\/yoast.com\/product\/yoast-seo-wordpress\/ -->\n<title>El Lorca Deportiva presenta su equipo inclusivo: &quot;Gol de Coraz\u00f3n Infinito&quot; - AREA LORCA RADIO<\/title>\n<meta name=\"robots\" content=\"index, follow, max-snippet:-1, max-image-preview:large, max-video-preview:-1\" \/>\n<link rel=\"canonical\" href=\"https:\/\/arealorcaradio.es\/index.php\/2025\/09\/12\/el-lorca-deportiva-presenta-su-equipo-inclusivo-gol-de-corazon-infinito\/\" \/>\n<meta property=\"og:locale\" content=\"es_ES\" \/>\n<meta property=\"og:type\" content=\"article\" \/>\n<meta property=\"og:title\" content=\"El Lorca Deportiva presenta su equipo inclusivo: &quot;Gol de Coraz\u00f3n Infinito&quot; - AREA LORCA RADIO\" \/>\n<meta property=\"og:description\" content=\"\u00c1REA LORCA RADIO. Deporte inclusivo. El Lorca Deportiva contin\u00faa su firme compromiso con el deporte base, la igualdad y la inclusi\u00f3n. El 13 de septiembre, el club comienza oficialmente de su Escuela de F\u00fatbol, un proyecto que tiene el prop\u00f3sito de formar a j\u00f3venes deportistas desde la base, inculcando valores como el esfuerzo, el respeto [&hellip;]\" \/>\n<meta property=\"og:url\" content=\"https:\/\/arealorcaradio.es\/index.php\/2025\/09\/12\/el-lorca-deportiva-presenta-su-equipo-inclusivo-gol-de-corazon-infinito\/\" \/>\n<meta property=\"og:site_name\" content=\"AREA LORCA RADIO\" \/>\n<meta property=\"article:published_time\" content=\"2025-09-12T12:01:39+00:00\" \/>\n<meta property=\"og:image\" content=\"https:\/\/arealorcaradio.es\/wp-content\/uploads\/2025\/09\/IMG_7670-scaled.jpg\" \/>\n\t<meta property=\"og:image:width\" content=\"2560\" \/>\n\t<meta property=\"og:image:height\" content=\"1920\" \/>\n\t<meta property=\"og:image:type\" content=\"image\/jpeg\" \/>\n<meta name=\"author\" content=\"Paco S\u00e1nchez\" \/>\n<meta name=\"twitter:card\" content=\"summary_large_image\" \/>\n<meta name=\"twitter:label1\" content=\"Escrito por\" \/>\n\t<meta name=\"twitter:data1\" content=\"Paco S\u00e1nchez\" \/>\n\t<meta name=\"twitter:label2\" content=\"Tiempo de lectura\" \/>\n\t<meta name=\"twitter:data2\" content=\"3 minutos\" \/>\n<script type=\"application\/ld+json\" class=\"yoast-schema-graph\">{\"@context\":\"https:\\\/\\\/schema.org\",\"@graph\":[{\"@type\":\"Article\",\"@id\":\"https:\\\/\\\/arealorcaradio.es\\\/index.php\\\/2025\\\/09\\\/12\\\/el-lorca-deportiva-presenta-su-equipo-inclusivo-gol-de-corazon-infinito\\\/#article\",\"isPartOf\":{\"@id\":\"https:\\\/\\\/arealorcaradio.es\\\/index.php\\\/2025\\\/09\\\/12\\\/el-lorca-deportiva-presenta-su-equipo-inclusivo-gol-de-corazon-infinito\\\/\"},\"author\":{\"name\":\"Paco S\u00e1nchez\",\"@id\":\"https:\\\/\\\/arealorcaradio.es\\\/#\\\/schema\\\/person\\\/9fae605fc25b0f2c83c1ab207139bd27\"},\"headline\":\"El Lorca Deportiva presenta su equipo inclusivo: \u00abGol de Coraz\u00f3n Infinito\u00bb\",\"datePublished\":\"2025-09-12T12:01:39+00:00\",\"mainEntityOfPage\":{\"@id\":\"https:\\\/\\\/arealorcaradio.es\\\/index.php\\\/2025\\\/09\\\/12\\\/el-lorca-deportiva-presenta-su-equipo-inclusivo-gol-de-corazon-infinito\\\/\"},\"wordCount\":371,\"commentCount\":0,\"image\":{\"@id\":\"https:\\\/\\\/arealorcaradio.es\\\/index.php\\\/2025\\\/09\\\/12\\\/el-lorca-deportiva-presenta-su-equipo-inclusivo-gol-de-corazon-infinito\\\/#primaryimage\"},\"thumbnailUrl\":\"https:\\\/\\\/arealorcaradio.es\\\/wp-content\\\/uploads\\\/2025\\\/09\\\/IMG_7670-scaled.jpg\",\"articleSection\":[\"DEPORTES\",\"LORCA\"],\"inLanguage\":\"es\",\"potentialAction\":[{\"@type\":\"CommentAction\",\"name\":\"Comment\",\"target\":[\"https:\\\/\\\/arealorcaradio.es\\\/index.php\\\/2025\\\/09\\\/12\\\/el-lorca-deportiva-presenta-su-equipo-inclusivo-gol-de-corazon-infinito\\\/#respond\"]}]},{\"@type\":\"WebPage\",\"@id\":\"https:\\\/\\\/arealorcaradio.es\\\/index.php\\\/2025\\\/09\\\/12\\\/el-lorca-deportiva-presenta-su-equipo-inclusivo-gol-de-corazon-infinito\\\/\",\"url\":\"https:\\\/\\\/arealorcaradio.es\\\/index.php\\\/2025\\\/09\\\/12\\\/el-lorca-deportiva-presenta-su-equipo-inclusivo-gol-de-corazon-infinito\\\/\",\"name\":\"El Lorca Deportiva presenta su equipo inclusivo: \\\"Gol de Coraz\u00f3n Infinito\\\" - AREA LORCA RADIO\",\"isPartOf\":{\"@id\":\"https:\\\/\\\/arealorcaradio.es\\\/#website\"},\"primaryImageOfPage\":{\"@id\":\"https:\\\/\\\/arealorcaradio.es\\\/index.php\\\/2025\\\/09\\\/12\\\/el-lorca-deportiva-presenta-su-equipo-inclusivo-gol-de-corazon-infinito\\\/#primaryimage\"},\"image\":{\"@id\":\"https:\\\/\\\/arealorcaradio.es\\\/index.php\\\/2025\\\/09\\\/12\\\/el-lorca-deportiva-presenta-su-equipo-inclusivo-gol-de-corazon-infinito\\\/#primaryimage\"},\"thumbnailUrl\":\"https:\\\/\\\/arealorcaradio.es\\\/wp-content\\\/uploads\\\/2025\\\/09\\\/IMG_7670-scaled.jpg\",\"datePublished\":\"2025-09-12T12:01:39+00:00\",\"author\":{\"@id\":\"https:\\\/\\\/arealorcaradio.es\\\/#\\\/schema\\\/person\\\/9fae605fc25b0f2c83c1ab207139bd27\"},\"breadcrumb\":{\"@id\":\"https:\\\/\\\/arealorcaradio.es\\\/index.php\\\/2025\\\/09\\\/12\\\/el-lorca-deportiva-presenta-su-equipo-inclusivo-gol-de-corazon-infinito\\\/#breadcrumb\"},\"inLanguage\":\"es\",\"potentialAction\":[{\"@type\":\"ReadAction\",\"target\":[\"https:\\\/\\\/arealorcaradio.es\\\/index.php\\\/2025\\\/09\\\/12\\\/el-lorca-deportiva-presenta-su-equipo-inclusivo-gol-de-corazon-infinito\\\/\"]}]},{\"@type\":\"ImageObject\",\"inLanguage\":\"es\",\"@id\":\"https:\\\/\\\/arealorcaradio.es\\\/index.php\\\/2025\\\/09\\\/12\\\/el-lorca-deportiva-presenta-su-equipo-inclusivo-gol-de-corazon-infinito\\\/#primaryimage\",\"url\":\"https:\\\/\\\/arealorcaradio.es\\\/wp-content\\\/uploads\\\/2025\\\/09\\\/IMG_7670-scaled.jpg\",\"contentUrl\":\"https:\\\/\\\/arealorcaradio.es\\\/wp-content\\\/uploads\\\/2025\\\/09\\\/IMG_7670-scaled.jpg\",\"width\":2560,\"height\":1920},{\"@type\":\"BreadcrumbList\",\"@id\":\"https:\\\/\\\/arealorcaradio.es\\\/index.php\\\/2025\\\/09\\\/12\\\/el-lorca-deportiva-presenta-su-equipo-inclusivo-gol-de-corazon-infinito\\\/#breadcrumb\",\"itemListElement\":[{\"@type\":\"ListItem\",\"position\":1,\"name\":\"Portada\",\"item\":\"https:\\\/\\\/arealorcaradio.es\\\/\"},{\"@type\":\"ListItem\",\"position\":2,\"name\":\"El Lorca Deportiva presenta su equipo inclusivo: \u00abGol de Coraz\u00f3n Infinito\u00bb\"}]},{\"@type\":\"WebSite\",\"@id\":\"https:\\\/\\\/arealorcaradio.es\\\/#website\",\"url\":\"https:\\\/\\\/arealorcaradio.es\\\/\",\"name\":\"AREA LORCA RADIO\",\"description\":\"Descubre la programaci\u00f3n actual en \u00c1rea Lorca Radio, tu fuente de entrenamiento y noticias locales. Sintoniza ahora y mantente conectado online.\",\"potentialAction\":[{\"@type\":\"SearchAction\",\"target\":{\"@type\":\"EntryPoint\",\"urlTemplate\":\"https:\\\/\\\/arealorcaradio.es\\\/?s={search_term_string}\"},\"query-input\":{\"@type\":\"PropertyValueSpecification\",\"valueRequired\":true,\"valueName\":\"search_term_string\"}}],\"inLanguage\":\"es\"},{\"@type\":\"Person\",\"@id\":\"https:\\\/\\\/arealorcaradio.es\\\/#\\\/schema\\\/person\\\/9fae605fc25b0f2c83c1ab207139bd27\",\"name\":\"Paco S\u00e1nchez\",\"image\":{\"@type\":\"ImageObject\",\"inLanguage\":\"es\",\"@id\":\"https:\\\/\\\/secure.gravatar.com\\\/avatar\\\/d67144e966420fb74aa84c9f2a0103be4724fd14db52b52d3b6bca749f257e79?s=96&d=mm&r=g\",\"url\":\"https:\\\/\\\/secure.gravatar.com\\\/avatar\\\/d67144e966420fb74aa84c9f2a0103be4724fd14db52b52d3b6bca749f257e79?s=96&d=mm&r=g\",\"contentUrl\":\"https:\\\/\\\/secure.gravatar.com\\\/avatar\\\/d67144e966420fb74aa84c9f2a0103be4724fd14db52b52d3b6bca749f257e79?s=96&d=mm&r=g\",\"caption\":\"Paco S\u00e1nchez\"},\"sameAs\":[\"https:\\\/\\\/arealorcaradio.es\"],\"url\":\"https:\\\/\\\/arealorcaradio.es\\\/index.php\\\/author\\\/admin_alorcaradio\\\/\"}]}<\/script>\n<!-- \/ Yoast SEO plugin. -->","yoast_head_json":{"title":"El Lorca Deportiva presenta su equipo inclusivo: \"Gol de Coraz\u00f3n Infinito\" - AREA LORCA RADIO","robots":{"index":"index","follow":"follow","max-snippet":"max-snippet:-1","max-image-preview":"max-image-preview:large","max-video-preview":"max-video-preview:-1"},"canonical":"https:\/\/arealorcaradio.es\/index.php\/2025\/09\/12\/el-lorca-deportiva-presenta-su-equipo-inclusivo-gol-de-corazon-infinito\/","og_locale":"es_ES","og_type":"article","og_title":"El Lorca Deportiva presenta su equipo inclusivo: \"Gol de Coraz\u00f3n Infinito\" - AREA LORCA RADIO","og_description":"\u00c1REA LORCA RADIO. Deporte inclusivo. El Lorca Deportiva contin\u00faa su firme compromiso con el deporte base, la igualdad y la inclusi\u00f3n. El 13 de septiembre, el club comienza oficialmente de su Escuela de F\u00fatbol, un proyecto que tiene el prop\u00f3sito de formar a j\u00f3venes deportistas desde la base, inculcando valores como el esfuerzo, el respeto [&hellip;]","og_url":"https:\/\/arealorcaradio.es\/index.php\/2025\/09\/12\/el-lorca-deportiva-presenta-su-equipo-inclusivo-gol-de-corazon-infinito\/","og_site_name":"AREA LORCA RADIO","article_published_time":"2025-09-12T12:01:39+00:00","og_image":[{"width":2560,"height":1920,"url":"https:\/\/arealorcaradio.es\/wp-content\/uploads\/2025\/09\/IMG_7670-scaled.jpg","type":"image\/jpeg"}],"author":"Paco S\u00e1nchez","twitter_card":"summary_large_image","twitter_misc":{"Escrito por":"Paco S\u00e1nchez","Tiempo de lectura":"3 minutos"},"schema":{"@context":"https:\/\/schema.org","@graph":[{"@type":"Article","@id":"https:\/\/arealorcaradio.es\/index.php\/2025\/09\/12\/el-lorca-deportiva-presenta-su-equipo-inclusivo-gol-de-corazon-infinito\/#article","isPartOf":{"@id":"https:\/\/arealorcaradio.es\/index.php\/2025\/09\/12\/el-lorca-deportiva-presenta-su-equipo-inclusivo-gol-de-corazon-infinito\/"},"author":{"name":"Paco S\u00e1nchez","@id":"https:\/\/arealorcaradio.es\/#\/schema\/person\/9fae605fc25b0f2c83c1ab207139bd27"},"headline":"El Lorca Deportiva presenta su equipo inclusivo: \u00abGol de Coraz\u00f3n Infinito\u00bb","datePublished":"2025-09-12T12:01:39+00:00","mainEntityOfPage":{"@id":"https:\/\/arealorcaradio.es\/index.php\/2025\/09\/12\/el-lorca-deportiva-presenta-su-equipo-inclusivo-gol-de-corazon-infinito\/"},"wordCount":371,"commentCount":0,"image":{"@id":"https:\/\/arealorcaradio.es\/index.php\/2025\/09\/12\/el-lorca-deportiva-presenta-su-equipo-inclusivo-gol-de-corazon-infinito\/#primaryimage"},"thumbnailUrl":"https:\/\/arealorcaradio.es\/wp-content\/uploads\/2025\/09\/IMG_7670-scaled.jpg","articleSection":["DEPORTES","LORCA"],"inLanguage":"es","potentialAction":[{"@type":"CommentAction","name":"Comment","target":["https:\/\/arealorcaradio.es\/index.php\/2025\/09\/12\/el-lorca-deportiva-presenta-su-equipo-inclusivo-gol-de-corazon-infinito\/#respond"]}]},{"@type":"WebPage","@id":"https:\/\/arealorcaradio.es\/index.php\/2025\/09\/12\/el-lorca-deportiva-presenta-su-equipo-inclusivo-gol-de-corazon-infinito\/","url":"https:\/\/arealorcaradio.es\/index.php\/2025\/09\/12\/el-lorca-deportiva-presenta-su-equipo-inclusivo-gol-de-corazon-infinito\/","name":"El Lorca Deportiva presenta su equipo inclusivo: \"Gol de Coraz\u00f3n Infinito\" - AREA LORCA RADIO","isPartOf":{"@id":"https:\/\/arealorcaradio.es\/#website"},"primaryImageOfPage":{"@id":"https:\/\/arealorcaradio.es\/index.php\/2025\/09\/12\/el-lorca-deportiva-presenta-su-equipo-inclusivo-gol-de-corazon-infinito\/#primaryimage"},"image":{"@id":"https:\/\/arealorcaradio.es\/index.php\/2025\/09\/12\/el-lorca-deportiva-presenta-su-equipo-inclusivo-gol-de-corazon-infinito\/#primaryimage"},"thumbnailUrl":"https:\/\/arealorcaradio.es\/wp-content\/uploads\/2025\/09\/IMG_7670-scaled.jpg","datePublished":"2025-09-12T12:01:39+00:00","author":{"@id":"https:\/\/arealorcaradio.es\/#\/schema\/person\/9fae605fc25b0f2c83c1ab207139bd27"},"breadcrumb":{"@id":"https:\/\/arealorcaradio.es\/index.php\/2025\/09\/12\/el-lorca-deportiva-presenta-su-equipo-inclusivo-gol-de-corazon-infinito\/#breadcrumb"},"inLanguage":"es","potentialAction":[{"@type":"ReadAction","target":["https:\/\/arealorcaradio.es\/index.php\/2025\/09\/12\/el-lorca-deportiva-presenta-su-equipo-inclusivo-gol-de-corazon-infinito\/"]}]},{"@type":"ImageObject","inLanguage":"es","@id":"https:\/\/arealorcaradio.es\/index.php\/2025\/09\/12\/el-lorca-deportiva-presenta-su-equipo-inclusivo-gol-de-corazon-infinito\/#primaryimage","url":"https:\/\/arealorcaradio.es\/wp-content\/uploads\/2025\/09\/IMG_7670-scaled.jpg","contentUrl":"https:\/\/arealorcaradio.es\/wp-content\/uploads\/2025\/09\/IMG_7670-scaled.jpg","width":2560,"height":1920},{"@type":"BreadcrumbList","@id":"https:\/\/arealorcaradio.es\/index.php\/2025\/09\/12\/el-lorca-deportiva-presenta-su-equipo-inclusivo-gol-de-corazon-infinito\/#breadcrumb","itemListElement":[{"@type":"ListItem","position":1,"name":"Portada","item":"https:\/\/arealorcaradio.es\/"},{"@type":"ListItem","position":2,"name":"El Lorca Deportiva presenta su equipo inclusivo: \u00abGol de Coraz\u00f3n Infinito\u00bb"}]},{"@type":"WebSite","@id":"https:\/\/arealorcaradio.es\/#website","url":"https:\/\/arealorcaradio.es\/","name":"AREA LORCA RADIO","description":"Descubre la programaci\u00f3n actual en \u00c1rea Lorca Radio, tu fuente de entrenamiento y noticias locales. Sintoniza ahora y mantente conectado online.","potentialAction":[{"@type":"SearchAction","target":{"@type":"EntryPoint","urlTemplate":"https:\/\/arealorcaradio.es\/?s={search_term_string}"},"query-input":{"@type":"PropertyValueSpecification","valueRequired":true,"valueName":"search_term_string"}}],"inLanguage":"es"},{"@type":"Person","@id":"https:\/\/arealorcaradio.es\/#\/schema\/person\/9fae605fc25b0f2c83c1ab207139bd27","name":"Paco S\u00e1nchez","image":{"@type":"ImageObject","inLanguage":"es","@id":"https:\/\/secure.gravatar.com\/avatar\/d67144e966420fb74aa84c9f2a0103be4724fd14db52b52d3b6bca749f257e79?s=96&d=mm&r=g","url":"https:\/\/secure.gravatar.com\/avatar\/d67144e966420fb74aa84c9f2a0103be4724fd14db52b52d3b6bca749f257e79?s=96&d=mm&r=g","contentUrl":"https:\/\/secure.gravatar.com\/avatar\/d67144e966420fb74aa84c9f2a0103be4724fd14db52b52d3b6bca749f257e79?s=96&d=mm&r=g","caption":"Paco S\u00e1nchez"},"sameAs":["https:\/\/arealorcaradio.es"],"url":"https:\/\/arealorcaradio.es\/index.php\/author\/admin_alorcaradio\/"}]}},"_links":{"self":[{"href":"https:\/\/arealorcaradio.es\/index.php\/wp-json\/wp\/v2\/posts\/7809","targetHints":{"allow":["GET"]}}],"collection":[{"href":"https:\/\/arealorcaradio.es\/index.php\/wp-json\/wp\/v2\/posts"}],"about":[{"href":"https:\/\/arealorcaradio.es\/index.php\/wp-json\/wp\/v2\/types\/post"}],"author":[{"embeddable":true,"href":"https:\/\/arealorcaradio.es\/index.php\/wp-json\/wp\/v2\/users\/1"}],"replies":[{"embeddable":true,"href":"https:\/\/arealorcaradio.es\/index.php\/wp-json\/wp\/v2\/comments?post=7809"}],"version-history":[{"count":1,"href":"https:\/\/arealorcaradio.es\/index.php\/wp-json\/wp\/v2\/posts\/7809\/revisions"}],"predecessor-version":[{"id":7815,"href":"https:\/\/arealorcaradio.es\/index.php\/wp-json\/wp\/v2\/posts\/7809\/revisions\/7815"}],"wp:featuredmedia":[{"embeddable":true,"href":"https:\/\/arealorcaradio.es\/index.php\/wp-json\/wp\/v2\/media\/7814"}],"wp:attachment":[{"href":"https:\/\/arealorcaradio.es\/index.php\/wp-json\/wp\/v2\/media?parent=7809"}],"wp:term":[{"taxonomy":"category","embeddable":true,"href":"https:\/\/arealorcaradio.es\/index.php\/wp-json\/wp\/v2\/categories?post=7809"},{"taxonomy":"post_tag","embeddable":true,"href":"https:\/\/arealorcaradio.es\/index.php\/wp-json\/wp\/v2\/tags?post=7809"}],"curies":[{"name":"wp","href":"https:\/\/api.w.org\/{rel}","templated":true}]}}