{"id":7798,"date":"2025-09-12T08:56:05","date_gmt":"2025-09-12T08:56:05","guid":{"rendered":"https:\/\/arealorcaradio.es\/?p=7798"},"modified":"2025-09-12T08:56:05","modified_gmt":"2025-09-12T08:56:05","slug":"el-ayuntamiento-celebra-la-adjudicacion-de-las-obras-de-restauracion-de-la-iglesia-de-san-juan-y-confia-en-que-puedan-comenzar-de-inmediato","status":"publish","type":"post","link":"https:\/\/arealorcaradio.es\/index.php\/2025\/09\/12\/el-ayuntamiento-celebra-la-adjudicacion-de-las-obras-de-restauracion-de-la-iglesia-de-san-juan-y-confia-en-que-puedan-comenzar-de-inmediato\/","title":{"rendered":"El Ayuntamiento celebra la adjudicaci\u00f3n de las obras de restauraci\u00f3n de la iglesia de San Juan y conf\u00eda en que puedan comenzar de inmediato"},"content":{"rendered":"<p><strong>\u00c1REA LORCA RADIO. <\/strong><b>Patrimonio Hist\u00f3rico.<\/b><\/p>\n<p class=\"v1MsoNormal\"><b>Viernes, 12 de septiembre de 2025. <\/b>La iglesia de San Juan, el \u00faltimo templo de los Barrios Altos que quedaba por recuperar, ser\u00e1 restaurado en los pr\u00f3ximos meses. Las obras, como han anunciado este jueves la edil de Fomento, Rosa Mar\u00eda Medina M\u00ednguez, y la de Urbanismo, Mar\u00eda Hern\u00e1ndez Ben\u00edtez, se iniciar\u00e1n de inmediato, despu\u00e9s de que el pasado 22 de julio se levantara acta de la Mesa de Contrataci\u00f3n donde se adjudicaba a la UTE Patrimonio Inteligente-Flores y Mart\u00ednez. \u00abEn los pr\u00f3ximos d\u00edas se firmar\u00e1 el contrato y podr\u00e1n iniciarse las obras. Nos congratulamos de la decisi\u00f3n del Ministerio de Vivienda y Agenda Urbana, del Gobierno de Espa\u00f1a, que ha actuado con la mayor celeridad posible, despu\u00e9s de que se les indicara el grave riesgo que corr\u00eda el monumento tras las lluvias torrenciales de la pasada primavera que provocaron varios derrumbes\u00bb, ha asegurado la edil de Fomento.<\/p>\n<p class=\"v1MsoNormal\"><img loading=\"lazy\" decoding=\"async\" class=\"alignnone size-medium wp-image-7799\" src=\"https:\/\/arealorcaradio.es\/wp-content\/uploads\/2025\/09\/WhatsApp-Image-2025-09-11-at-13.30.17-300x200.jpeg\" alt=\"\" width=\"300\" height=\"200\" srcset=\"https:\/\/arealorcaradio.es\/wp-content\/uploads\/2025\/09\/WhatsApp-Image-2025-09-11-at-13.30.17-300x200.jpeg 300w, https:\/\/arealorcaradio.es\/wp-content\/uploads\/2025\/09\/WhatsApp-Image-2025-09-11-at-13.30.17-1024x682.jpeg 1024w, https:\/\/arealorcaradio.es\/wp-content\/uploads\/2025\/09\/WhatsApp-Image-2025-09-11-at-13.30.17-768x512.jpeg 768w, https:\/\/arealorcaradio.es\/wp-content\/uploads\/2025\/09\/WhatsApp-Image-2025-09-11-at-13.30.17-1536x1023.jpeg 1536w, https:\/\/arealorcaradio.es\/wp-content\/uploads\/2025\/09\/WhatsApp-Image-2025-09-11-at-13.30.17.jpeg 1600w\" sizes=\"auto, (max-width: 300px) 100vw, 300px\" \/> <img loading=\"lazy\" decoding=\"async\" class=\"alignnone size-medium wp-image-7800\" src=\"https:\/\/arealorcaradio.es\/wp-content\/uploads\/2025\/09\/WhatsApp-Image-2025-09-11-at-13.30.17-2-300x200.jpeg\" alt=\"\" width=\"300\" height=\"200\" srcset=\"https:\/\/arealorcaradio.es\/wp-content\/uploads\/2025\/09\/WhatsApp-Image-2025-09-11-at-13.30.17-2-300x200.jpeg 300w, https:\/\/arealorcaradio.es\/wp-content\/uploads\/2025\/09\/WhatsApp-Image-2025-09-11-at-13.30.17-2-1024x682.jpeg 1024w, https:\/\/arealorcaradio.es\/wp-content\/uploads\/2025\/09\/WhatsApp-Image-2025-09-11-at-13.30.17-2-768x512.jpeg 768w, https:\/\/arealorcaradio.es\/wp-content\/uploads\/2025\/09\/WhatsApp-Image-2025-09-11-at-13.30.17-2-1536x1023.jpeg 1536w, https:\/\/arealorcaradio.es\/wp-content\/uploads\/2025\/09\/WhatsApp-Image-2025-09-11-at-13.30.17-2.jpeg 1600w\" sizes=\"auto, (max-width: 300px) 100vw, 300px\" \/><\/p>\n<p class=\"v1MsoNormal\">La actuaci\u00f3n, ha insistido la edil de Fomento, \u00abera necesaria que se ejecutara de urgencia. A la falta generalizada de cubiertas, salvo en la c\u00fapula y torre, y las b\u00f3vedas centrales que han desaparecido, se suman los da\u00f1os como consecuencia de las lluvias torrenciales. Los t\u00e9cnicos insist\u00edan en la necesidad de actuar con celeridad, porque a\u00fan es recuperable buena parte de su magn\u00edfica arquitectura interior y de su decoraci\u00f3n barroca, incluso las pinturas murales que a\u00fan se conservan. Es sorprendente que, a pesar de estar durante tantos a\u00f1os expuesta a la intemperie, cuente con tantos elementos originales conservados y que pueden ser puestos en valor\u00bb.<\/p>\n<p class=\"v1MsoNormal\">Las manifestaciones las realizaban durante la visita que han llevado a cabo junto a la jefa de Planeamiento de la Concejal\u00eda de Urbanismo, Mar\u00eda Garc\u00eda. Durante el recorrido han constatado la necesidad de actuaci\u00f3n inmediata para recuperar su arquitectura interior con decoraci\u00f3n barroca. \u00abTodo est\u00e1 previsto para que las obras se inicien cuanto antes y recuperemos un monumento de crucial importancia no s\u00f3lo patrimonial, sino porque en sus or\u00edgenes, siglo XV, el Concejo se reun\u00eda en su atrio\u00bb, ha dicho Mar\u00eda Hern\u00e1ndez Ben\u00edtez.<\/p>\n<p class=\"v1MsoNormal\">Medina M\u00ednguez, ha insistido en que \u00abse trata de uno de los \u00faltimos monumentos que quedaban por recuperar en la ciudad tras los terremotos de mayo de 2011. Una referencia para los lorquinos, que contribuir\u00e1 a diversificar la econom\u00eda no s\u00f3lo en la zona, y que pretende acoger, tras su recuperaci\u00f3n y puesta en valor, al Foro Casco Antiguo, que cuenta con un proyecto muy ambicioso que pudimos conocer hace algunos meses. Es el resultado de la apuesta decidida del Gobierno de Lorca por recuperar el patrimonio. Con la recuperaci\u00f3n de San Juan se materializa pr\u00e1cticamente la totalidad de la puesta en valor de los monumentos de la ciudad que se vieron afectados por los terremotos de mayo de 2011\u00bb.<\/p>\n<p class=\"v1MsoNormal\">El importe de adjudicaci\u00f3n de los trabajos asciende a 1,8 millones de euros. El proyecto b\u00e1sico y de ejecuci\u00f3n, redactado por el arquitecto Francisco Jurado, con un coste de 18.150 euros, ha sido financiado por el Ayuntamiento que tambi\u00e9n se har\u00e1 cargo del montante de la direcci\u00f3n de la obra que supone un total de 44.770 euros.<\/p>\n<p class=\"v1MsoNormal\">El proyecto contempla la consolidaci\u00f3n, restauraci\u00f3n y rehabilitaci\u00f3n del monumento y su entorno para usos culturales. Se encuentra en la Zona I del centro hist\u00f3rico de Lorca, en el entorno de protecci\u00f3n del Castillo, en el camino de subida a la Alcazaba, ubicaci\u00f3n trascendental para todas las visuales y perspectivas desde la Ciudad y desde el propio Castillo, han significado.<\/p>\n<p class=\"v1MsoNormal\">El templo est\u00e1 incluido en el Cat\u00e1logo de Bienes Protegidos con el n\u00famero 6 del Plan General Municipal de Ordenaci\u00f3n Urbana de Lorca y Protecci\u00f3n Grado 2 de la Consejer\u00eda de Cultura, por lo que las obras permitidas son las de consolidaci\u00f3n, conservaci\u00f3n, restauraci\u00f3n, reforma, derribos parciales y reconstrucci\u00f3n y derribos parciales y obra nueva. Es del siglo XV y fue reconstruida en el XVII. La edil de Fomento ha recordado que \u00abes de cruz latina, levantada en piedra y ladrillo. En el crucero hay una c\u00fapula octogonal con grandes huecos y una cubierta de teja vidriada azul en buen estado. Esta misma teja corona la torre, situada a los pies, con base circular y remate octogonal\u00bb, ha remarcado la edil de Urbanismo.<\/p>\n<p class=\"v1MsoNormal\">La preocupaci\u00f3n del Gobierno de Lorca llevaba a que nada m\u00e1s llegar a la Alcald\u00eda presentara el proyecto de ejecuci\u00f3n de las obras que pretend\u00edan la consolidaci\u00f3n, restauraci\u00f3n y rehabilitaci\u00f3n del monumento y su entorno para usos culturales. Las lluvias torrenciales de primavera agravaban su estado, por lo que de inmediato se iniciaron los tr\u00e1mites administrativos necesarios para agilizar el inicio de las obras. \u00abEl templo est\u00e1 bastante deteriorado. Tiene refuerzos y a\u00f1adidos realizados con perfiles met\u00e1licos, bloques de hormig\u00f3n y cubierta de fibrocemento. Inicialmente perteneci\u00f3 al g\u00f3tico tard\u00edo, pero no presenta ning\u00fan rasgo de aquella \u00e9poca porque tuvo que ser reconstruida tras el terremoto que sufri\u00f3 Lorca en 1647\u00bb, ha a\u00f1adido la edil de Fomento.<\/p>\n<p class=\"v1MsoNormal\">Tiene una especial importancia para la Ciudad, ha detallado, no s\u00f3lo por tratarse de un monumento de consideraci\u00f3n, sino porque en sus or\u00edgenes, siglo XV, el Concejo se reun\u00eda en su atrio, aunque de la primitiva iglesia g\u00f3tica s\u00f3lo queda su torre cil\u00edndrica, que era una torre de vigilancia almenada hasta la segunda mitad del siglo XVIII, que fue posteriormente adaptada como campanario.<\/p>\n<p class=\"v1MsoNormal\">A mediados del XVII sufri\u00f3 reformaos su Capilla Mayor, coro y torre, siendo gravemente afectada por el terremoto de 1647 que derribar\u00eda parte de las parroquias altas y una parte importante de la Ciudad, arruinando la cercana ermita de San Indalecio, construida en el siglo XVI.<\/p>\n<p class=\"v1MsoNormal\">Se han producido distintos intentos no de recuperaci\u00f3n, pero s\u00ed de consolidaci\u00f3n. Tras el terremoto del 11 de mayo de 2011 sufre una serie de da\u00f1os adicionales a los que ya de por s\u00ed arrastraba y se ejecuta el zunchado de la torre campanario, mediante perfiles y pletinas met\u00e1licos, apeo y refuerzo de muros y tabicado de huecos.<\/p>\n<p class=\"v1MsoNormal\">Por \u00faltimo, ha vuelto a agradecer la \u00abceleridad y la sensibilidad\u00bb del Gobierno de Espa\u00f1a por agilizar los tr\u00e1mites administrativos para que en las pr\u00f3ximas semanas puedan iniciar las obras de rehabilitaci\u00f3n de la iglesia de San Juan.<\/p>\n","protected":false},"excerpt":{"rendered":"<p>\u00c1REA LORCA RADIO. Patrimonio Hist\u00f3rico. Viernes, 12 de septiembre de 2025. La iglesia de San Juan, el \u00faltimo templo de los Barrios Altos que quedaba por recuperar, ser\u00e1 restaurado en los pr\u00f3ximos meses. Las obras, como han anunciado este jueves la edil de Fomento, Rosa Mar\u00eda Medina M\u00ednguez, y la de Urbanismo, Mar\u00eda Hern\u00e1ndez Ben\u00edtez, [&hellip;]<\/p>\n","protected":false},"author":1,"featured_media":7801,"comment_status":"open","ping_status":"open","sticky":false,"template":"","format":"standard","meta":{"iawp_total_views":9,"footnotes":""},"categories":[5,7],"tags":[],"class_list":["post-7798","post","type-post","status-publish","format-standard","has-post-thumbnail","hentry","category-actualidad","category-lorca"],"yoast_head":"<!-- This site is optimized with the Yoast SEO plugin v27.5 - https:\/\/yoast.com\/product\/yoast-seo-wordpress\/ -->\n<title>El Ayuntamiento celebra la adjudicaci\u00f3n de las obras de restauraci\u00f3n de la iglesia de San Juan y conf\u00eda en que puedan comenzar de inmediato - AREA LORCA RADIO<\/title>\n<meta name=\"robots\" content=\"index, follow, max-snippet:-1, max-image-preview:large, max-video-preview:-1\" \/>\n<link rel=\"canonical\" href=\"https:\/\/arealorcaradio.es\/index.php\/2025\/09\/12\/el-ayuntamiento-celebra-la-adjudicacion-de-las-obras-de-restauracion-de-la-iglesia-de-san-juan-y-confia-en-que-puedan-comenzar-de-inmediato\/\" \/>\n<meta property=\"og:locale\" content=\"es_ES\" \/>\n<meta property=\"og:type\" content=\"article\" \/>\n<meta property=\"og:title\" content=\"El Ayuntamiento celebra la adjudicaci\u00f3n de las obras de restauraci\u00f3n de la iglesia de San Juan y conf\u00eda en que puedan comenzar de inmediato - AREA LORCA RADIO\" \/>\n<meta property=\"og:description\" content=\"\u00c1REA LORCA RADIO. Patrimonio Hist\u00f3rico. Viernes, 12 de septiembre de 2025. La iglesia de San Juan, el \u00faltimo templo de los Barrios Altos que quedaba por recuperar, ser\u00e1 restaurado en los pr\u00f3ximos meses. Las obras, como han anunciado este jueves la edil de Fomento, Rosa Mar\u00eda Medina M\u00ednguez, y la de Urbanismo, Mar\u00eda Hern\u00e1ndez Ben\u00edtez, [&hellip;]\" \/>\n<meta property=\"og:url\" content=\"https:\/\/arealorcaradio.es\/index.php\/2025\/09\/12\/el-ayuntamiento-celebra-la-adjudicacion-de-las-obras-de-restauracion-de-la-iglesia-de-san-juan-y-confia-en-que-puedan-comenzar-de-inmediato\/\" \/>\n<meta property=\"og:site_name\" content=\"AREA LORCA RADIO\" \/>\n<meta property=\"article:published_time\" content=\"2025-09-12T08:56:05+00:00\" \/>\n<meta property=\"og:image\" content=\"https:\/\/arealorcaradio.es\/wp-content\/uploads\/2025\/09\/WhatsApp-Image-2025-09-11-at-13.30.17-3.jpeg\" \/>\n\t<meta property=\"og:image:width\" content=\"1600\" \/>\n\t<meta property=\"og:image:height\" content=\"1066\" \/>\n\t<meta property=\"og:image:type\" content=\"image\/jpeg\" \/>\n<meta name=\"author\" content=\"Paco S\u00e1nchez\" \/>\n<meta name=\"twitter:card\" content=\"summary_large_image\" \/>\n<meta name=\"twitter:label1\" content=\"Escrito por\" \/>\n\t<meta name=\"twitter:data1\" content=\"Paco S\u00e1nchez\" \/>\n\t<meta name=\"twitter:label2\" content=\"Tiempo de lectura\" \/>\n\t<meta name=\"twitter:data2\" content=\"6 minutos\" \/>\n<script type=\"application\/ld+json\" class=\"yoast-schema-graph\">{\"@context\":\"https:\\\/\\\/schema.org\",\"@graph\":[{\"@type\":\"Article\",\"@id\":\"https:\\\/\\\/arealorcaradio.es\\\/index.php\\\/2025\\\/09\\\/12\\\/el-ayuntamiento-celebra-la-adjudicacion-de-las-obras-de-restauracion-de-la-iglesia-de-san-juan-y-confia-en-que-puedan-comenzar-de-inmediato\\\/#article\",\"isPartOf\":{\"@id\":\"https:\\\/\\\/arealorcaradio.es\\\/index.php\\\/2025\\\/09\\\/12\\\/el-ayuntamiento-celebra-la-adjudicacion-de-las-obras-de-restauracion-de-la-iglesia-de-san-juan-y-confia-en-que-puedan-comenzar-de-inmediato\\\/\"},\"author\":{\"name\":\"Paco S\u00e1nchez\",\"@id\":\"https:\\\/\\\/arealorcaradio.es\\\/#\\\/schema\\\/person\\\/9fae605fc25b0f2c83c1ab207139bd27\"},\"headline\":\"El Ayuntamiento celebra la adjudicaci\u00f3n de las obras de restauraci\u00f3n de la iglesia de San Juan y conf\u00eda en que puedan comenzar de inmediato\",\"datePublished\":\"2025-09-12T08:56:05+00:00\",\"mainEntityOfPage\":{\"@id\":\"https:\\\/\\\/arealorcaradio.es\\\/index.php\\\/2025\\\/09\\\/12\\\/el-ayuntamiento-celebra-la-adjudicacion-de-las-obras-de-restauracion-de-la-iglesia-de-san-juan-y-confia-en-que-puedan-comenzar-de-inmediato\\\/\"},\"wordCount\":1134,\"commentCount\":0,\"image\":{\"@id\":\"https:\\\/\\\/arealorcaradio.es\\\/index.php\\\/2025\\\/09\\\/12\\\/el-ayuntamiento-celebra-la-adjudicacion-de-las-obras-de-restauracion-de-la-iglesia-de-san-juan-y-confia-en-que-puedan-comenzar-de-inmediato\\\/#primaryimage\"},\"thumbnailUrl\":\"https:\\\/\\\/arealorcaradio.es\\\/wp-content\\\/uploads\\\/2025\\\/09\\\/WhatsApp-Image-2025-09-11-at-13.30.17-3.jpeg\",\"articleSection\":[\"ACTUALIDAD\",\"LORCA\"],\"inLanguage\":\"es\",\"potentialAction\":[{\"@type\":\"CommentAction\",\"name\":\"Comment\",\"target\":[\"https:\\\/\\\/arealorcaradio.es\\\/index.php\\\/2025\\\/09\\\/12\\\/el-ayuntamiento-celebra-la-adjudicacion-de-las-obras-de-restauracion-de-la-iglesia-de-san-juan-y-confia-en-que-puedan-comenzar-de-inmediato\\\/#respond\"]}]},{\"@type\":\"WebPage\",\"@id\":\"https:\\\/\\\/arealorcaradio.es\\\/index.php\\\/2025\\\/09\\\/12\\\/el-ayuntamiento-celebra-la-adjudicacion-de-las-obras-de-restauracion-de-la-iglesia-de-san-juan-y-confia-en-que-puedan-comenzar-de-inmediato\\\/\",\"url\":\"https:\\\/\\\/arealorcaradio.es\\\/index.php\\\/2025\\\/09\\\/12\\\/el-ayuntamiento-celebra-la-adjudicacion-de-las-obras-de-restauracion-de-la-iglesia-de-san-juan-y-confia-en-que-puedan-comenzar-de-inmediato\\\/\",\"name\":\"El Ayuntamiento celebra la adjudicaci\u00f3n de las obras de restauraci\u00f3n de la iglesia de San Juan y conf\u00eda en que puedan comenzar de inmediato - AREA LORCA RADIO\",\"isPartOf\":{\"@id\":\"https:\\\/\\\/arealorcaradio.es\\\/#website\"},\"primaryImageOfPage\":{\"@id\":\"https:\\\/\\\/arealorcaradio.es\\\/index.php\\\/2025\\\/09\\\/12\\\/el-ayuntamiento-celebra-la-adjudicacion-de-las-obras-de-restauracion-de-la-iglesia-de-san-juan-y-confia-en-que-puedan-comenzar-de-inmediato\\\/#primaryimage\"},\"image\":{\"@id\":\"https:\\\/\\\/arealorcaradio.es\\\/index.php\\\/2025\\\/09\\\/12\\\/el-ayuntamiento-celebra-la-adjudicacion-de-las-obras-de-restauracion-de-la-iglesia-de-san-juan-y-confia-en-que-puedan-comenzar-de-inmediato\\\/#primaryimage\"},\"thumbnailUrl\":\"https:\\\/\\\/arealorcaradio.es\\\/wp-content\\\/uploads\\\/2025\\\/09\\\/WhatsApp-Image-2025-09-11-at-13.30.17-3.jpeg\",\"datePublished\":\"2025-09-12T08:56:05+00:00\",\"author\":{\"@id\":\"https:\\\/\\\/arealorcaradio.es\\\/#\\\/schema\\\/person\\\/9fae605fc25b0f2c83c1ab207139bd27\"},\"breadcrumb\":{\"@id\":\"https:\\\/\\\/arealorcaradio.es\\\/index.php\\\/2025\\\/09\\\/12\\\/el-ayuntamiento-celebra-la-adjudicacion-de-las-obras-de-restauracion-de-la-iglesia-de-san-juan-y-confia-en-que-puedan-comenzar-de-inmediato\\\/#breadcrumb\"},\"inLanguage\":\"es\",\"potentialAction\":[{\"@type\":\"ReadAction\",\"target\":[\"https:\\\/\\\/arealorcaradio.es\\\/index.php\\\/2025\\\/09\\\/12\\\/el-ayuntamiento-celebra-la-adjudicacion-de-las-obras-de-restauracion-de-la-iglesia-de-san-juan-y-confia-en-que-puedan-comenzar-de-inmediato\\\/\"]}]},{\"@type\":\"ImageObject\",\"inLanguage\":\"es\",\"@id\":\"https:\\\/\\\/arealorcaradio.es\\\/index.php\\\/2025\\\/09\\\/12\\\/el-ayuntamiento-celebra-la-adjudicacion-de-las-obras-de-restauracion-de-la-iglesia-de-san-juan-y-confia-en-que-puedan-comenzar-de-inmediato\\\/#primaryimage\",\"url\":\"https:\\\/\\\/arealorcaradio.es\\\/wp-content\\\/uploads\\\/2025\\\/09\\\/WhatsApp-Image-2025-09-11-at-13.30.17-3.jpeg\",\"contentUrl\":\"https:\\\/\\\/arealorcaradio.es\\\/wp-content\\\/uploads\\\/2025\\\/09\\\/WhatsApp-Image-2025-09-11-at-13.30.17-3.jpeg\",\"width\":1600,\"height\":1066},{\"@type\":\"BreadcrumbList\",\"@id\":\"https:\\\/\\\/arealorcaradio.es\\\/index.php\\\/2025\\\/09\\\/12\\\/el-ayuntamiento-celebra-la-adjudicacion-de-las-obras-de-restauracion-de-la-iglesia-de-san-juan-y-confia-en-que-puedan-comenzar-de-inmediato\\\/#breadcrumb\",\"itemListElement\":[{\"@type\":\"ListItem\",\"position\":1,\"name\":\"Portada\",\"item\":\"https:\\\/\\\/arealorcaradio.es\\\/\"},{\"@type\":\"ListItem\",\"position\":2,\"name\":\"El Ayuntamiento celebra la adjudicaci\u00f3n de las obras de restauraci\u00f3n de la iglesia de San Juan y conf\u00eda en que puedan comenzar de inmediato\"}]},{\"@type\":\"WebSite\",\"@id\":\"https:\\\/\\\/arealorcaradio.es\\\/#website\",\"url\":\"https:\\\/\\\/arealorcaradio.es\\\/\",\"name\":\"AREA LORCA RADIO\",\"description\":\"Descubre la programaci\u00f3n actual en \u00c1rea Lorca Radio, tu fuente de entrenamiento y noticias locales. Sintoniza ahora y mantente conectado online.\",\"potentialAction\":[{\"@type\":\"SearchAction\",\"target\":{\"@type\":\"EntryPoint\",\"urlTemplate\":\"https:\\\/\\\/arealorcaradio.es\\\/?s={search_term_string}\"},\"query-input\":{\"@type\":\"PropertyValueSpecification\",\"valueRequired\":true,\"valueName\":\"search_term_string\"}}],\"inLanguage\":\"es\"},{\"@type\":\"Person\",\"@id\":\"https:\\\/\\\/arealorcaradio.es\\\/#\\\/schema\\\/person\\\/9fae605fc25b0f2c83c1ab207139bd27\",\"name\":\"Paco S\u00e1nchez\",\"image\":{\"@type\":\"ImageObject\",\"inLanguage\":\"es\",\"@id\":\"https:\\\/\\\/secure.gravatar.com\\\/avatar\\\/d67144e966420fb74aa84c9f2a0103be4724fd14db52b52d3b6bca749f257e79?s=96&d=mm&r=g\",\"url\":\"https:\\\/\\\/secure.gravatar.com\\\/avatar\\\/d67144e966420fb74aa84c9f2a0103be4724fd14db52b52d3b6bca749f257e79?s=96&d=mm&r=g\",\"contentUrl\":\"https:\\\/\\\/secure.gravatar.com\\\/avatar\\\/d67144e966420fb74aa84c9f2a0103be4724fd14db52b52d3b6bca749f257e79?s=96&d=mm&r=g\",\"caption\":\"Paco S\u00e1nchez\"},\"sameAs\":[\"https:\\\/\\\/arealorcaradio.es\"],\"url\":\"https:\\\/\\\/arealorcaradio.es\\\/index.php\\\/author\\\/admin_alorcaradio\\\/\"}]}<\/script>\n<!-- \/ Yoast SEO plugin. -->","yoast_head_json":{"title":"El Ayuntamiento celebra la adjudicaci\u00f3n de las obras de restauraci\u00f3n de la iglesia de San Juan y conf\u00eda en que puedan comenzar de inmediato - AREA LORCA RADIO","robots":{"index":"index","follow":"follow","max-snippet":"max-snippet:-1","max-image-preview":"max-image-preview:large","max-video-preview":"max-video-preview:-1"},"canonical":"https:\/\/arealorcaradio.es\/index.php\/2025\/09\/12\/el-ayuntamiento-celebra-la-adjudicacion-de-las-obras-de-restauracion-de-la-iglesia-de-san-juan-y-confia-en-que-puedan-comenzar-de-inmediato\/","og_locale":"es_ES","og_type":"article","og_title":"El Ayuntamiento celebra la adjudicaci\u00f3n de las obras de restauraci\u00f3n de la iglesia de San Juan y conf\u00eda en que puedan comenzar de inmediato - AREA LORCA RADIO","og_description":"\u00c1REA LORCA RADIO. Patrimonio Hist\u00f3rico. Viernes, 12 de septiembre de 2025. La iglesia de San Juan, el \u00faltimo templo de los Barrios Altos que quedaba por recuperar, ser\u00e1 restaurado en los pr\u00f3ximos meses. Las obras, como han anunciado este jueves la edil de Fomento, Rosa Mar\u00eda Medina M\u00ednguez, y la de Urbanismo, Mar\u00eda Hern\u00e1ndez Ben\u00edtez, [&hellip;]","og_url":"https:\/\/arealorcaradio.es\/index.php\/2025\/09\/12\/el-ayuntamiento-celebra-la-adjudicacion-de-las-obras-de-restauracion-de-la-iglesia-de-san-juan-y-confia-en-que-puedan-comenzar-de-inmediato\/","og_site_name":"AREA LORCA RADIO","article_published_time":"2025-09-12T08:56:05+00:00","og_image":[{"width":1600,"height":1066,"url":"https:\/\/arealorcaradio.es\/wp-content\/uploads\/2025\/09\/WhatsApp-Image-2025-09-11-at-13.30.17-3.jpeg","type":"image\/jpeg"}],"author":"Paco S\u00e1nchez","twitter_card":"summary_large_image","twitter_misc":{"Escrito por":"Paco S\u00e1nchez","Tiempo de lectura":"6 minutos"},"schema":{"@context":"https:\/\/schema.org","@graph":[{"@type":"Article","@id":"https:\/\/arealorcaradio.es\/index.php\/2025\/09\/12\/el-ayuntamiento-celebra-la-adjudicacion-de-las-obras-de-restauracion-de-la-iglesia-de-san-juan-y-confia-en-que-puedan-comenzar-de-inmediato\/#article","isPartOf":{"@id":"https:\/\/arealorcaradio.es\/index.php\/2025\/09\/12\/el-ayuntamiento-celebra-la-adjudicacion-de-las-obras-de-restauracion-de-la-iglesia-de-san-juan-y-confia-en-que-puedan-comenzar-de-inmediato\/"},"author":{"name":"Paco S\u00e1nchez","@id":"https:\/\/arealorcaradio.es\/#\/schema\/person\/9fae605fc25b0f2c83c1ab207139bd27"},"headline":"El Ayuntamiento celebra la adjudicaci\u00f3n de las obras de restauraci\u00f3n de la iglesia de San Juan y conf\u00eda en que puedan comenzar de inmediato","datePublished":"2025-09-12T08:56:05+00:00","mainEntityOfPage":{"@id":"https:\/\/arealorcaradio.es\/index.php\/2025\/09\/12\/el-ayuntamiento-celebra-la-adjudicacion-de-las-obras-de-restauracion-de-la-iglesia-de-san-juan-y-confia-en-que-puedan-comenzar-de-inmediato\/"},"wordCount":1134,"commentCount":0,"image":{"@id":"https:\/\/arealorcaradio.es\/index.php\/2025\/09\/12\/el-ayuntamiento-celebra-la-adjudicacion-de-las-obras-de-restauracion-de-la-iglesia-de-san-juan-y-confia-en-que-puedan-comenzar-de-inmediato\/#primaryimage"},"thumbnailUrl":"https:\/\/arealorcaradio.es\/wp-content\/uploads\/2025\/09\/WhatsApp-Image-2025-09-11-at-13.30.17-3.jpeg","articleSection":["ACTUALIDAD","LORCA"],"inLanguage":"es","potentialAction":[{"@type":"CommentAction","name":"Comment","target":["https:\/\/arealorcaradio.es\/index.php\/2025\/09\/12\/el-ayuntamiento-celebra-la-adjudicacion-de-las-obras-de-restauracion-de-la-iglesia-de-san-juan-y-confia-en-que-puedan-comenzar-de-inmediato\/#respond"]}]},{"@type":"WebPage","@id":"https:\/\/arealorcaradio.es\/index.php\/2025\/09\/12\/el-ayuntamiento-celebra-la-adjudicacion-de-las-obras-de-restauracion-de-la-iglesia-de-san-juan-y-confia-en-que-puedan-comenzar-de-inmediato\/","url":"https:\/\/arealorcaradio.es\/index.php\/2025\/09\/12\/el-ayuntamiento-celebra-la-adjudicacion-de-las-obras-de-restauracion-de-la-iglesia-de-san-juan-y-confia-en-que-puedan-comenzar-de-inmediato\/","name":"El Ayuntamiento celebra la adjudicaci\u00f3n de las obras de restauraci\u00f3n de la iglesia de San Juan y conf\u00eda en que puedan comenzar de inmediato - AREA LORCA RADIO","isPartOf":{"@id":"https:\/\/arealorcaradio.es\/#website"},"primaryImageOfPage":{"@id":"https:\/\/arealorcaradio.es\/index.php\/2025\/09\/12\/el-ayuntamiento-celebra-la-adjudicacion-de-las-obras-de-restauracion-de-la-iglesia-de-san-juan-y-confia-en-que-puedan-comenzar-de-inmediato\/#primaryimage"},"image":{"@id":"https:\/\/arealorcaradio.es\/index.php\/2025\/09\/12\/el-ayuntamiento-celebra-la-adjudicacion-de-las-obras-de-restauracion-de-la-iglesia-de-san-juan-y-confia-en-que-puedan-comenzar-de-inmediato\/#primaryimage"},"thumbnailUrl":"https:\/\/arealorcaradio.es\/wp-content\/uploads\/2025\/09\/WhatsApp-Image-2025-09-11-at-13.30.17-3.jpeg","datePublished":"2025-09-12T08:56:05+00:00","author":{"@id":"https:\/\/arealorcaradio.es\/#\/schema\/person\/9fae605fc25b0f2c83c1ab207139bd27"},"breadcrumb":{"@id":"https:\/\/arealorcaradio.es\/index.php\/2025\/09\/12\/el-ayuntamiento-celebra-la-adjudicacion-de-las-obras-de-restauracion-de-la-iglesia-de-san-juan-y-confia-en-que-puedan-comenzar-de-inmediato\/#breadcrumb"},"inLanguage":"es","potentialAction":[{"@type":"ReadAction","target":["https:\/\/arealorcaradio.es\/index.php\/2025\/09\/12\/el-ayuntamiento-celebra-la-adjudicacion-de-las-obras-de-restauracion-de-la-iglesia-de-san-juan-y-confia-en-que-puedan-comenzar-de-inmediato\/"]}]},{"@type":"ImageObject","inLanguage":"es","@id":"https:\/\/arealorcaradio.es\/index.php\/2025\/09\/12\/el-ayuntamiento-celebra-la-adjudicacion-de-las-obras-de-restauracion-de-la-iglesia-de-san-juan-y-confia-en-que-puedan-comenzar-de-inmediato\/#primaryimage","url":"https:\/\/arealorcaradio.es\/wp-content\/uploads\/2025\/09\/WhatsApp-Image-2025-09-11-at-13.30.17-3.jpeg","contentUrl":"https:\/\/arealorcaradio.es\/wp-content\/uploads\/2025\/09\/WhatsApp-Image-2025-09-11-at-13.30.17-3.jpeg","width":1600,"height":1066},{"@type":"BreadcrumbList","@id":"https:\/\/arealorcaradio.es\/index.php\/2025\/09\/12\/el-ayuntamiento-celebra-la-adjudicacion-de-las-obras-de-restauracion-de-la-iglesia-de-san-juan-y-confia-en-que-puedan-comenzar-de-inmediato\/#breadcrumb","itemListElement":[{"@type":"ListItem","position":1,"name":"Portada","item":"https:\/\/arealorcaradio.es\/"},{"@type":"ListItem","position":2,"name":"El Ayuntamiento celebra la adjudicaci\u00f3n de las obras de restauraci\u00f3n de la iglesia de San Juan y conf\u00eda en que puedan comenzar de inmediato"}]},{"@type":"WebSite","@id":"https:\/\/arealorcaradio.es\/#website","url":"https:\/\/arealorcaradio.es\/","name":"AREA LORCA RADIO","description":"Descubre la programaci\u00f3n actual en \u00c1rea Lorca Radio, tu fuente de entrenamiento y noticias locales. Sintoniza ahora y mantente conectado online.","potentialAction":[{"@type":"SearchAction","target":{"@type":"EntryPoint","urlTemplate":"https:\/\/arealorcaradio.es\/?s={search_term_string}"},"query-input":{"@type":"PropertyValueSpecification","valueRequired":true,"valueName":"search_term_string"}}],"inLanguage":"es"},{"@type":"Person","@id":"https:\/\/arealorcaradio.es\/#\/schema\/person\/9fae605fc25b0f2c83c1ab207139bd27","name":"Paco S\u00e1nchez","image":{"@type":"ImageObject","inLanguage":"es","@id":"https:\/\/secure.gravatar.com\/avatar\/d67144e966420fb74aa84c9f2a0103be4724fd14db52b52d3b6bca749f257e79?s=96&d=mm&r=g","url":"https:\/\/secure.gravatar.com\/avatar\/d67144e966420fb74aa84c9f2a0103be4724fd14db52b52d3b6bca749f257e79?s=96&d=mm&r=g","contentUrl":"https:\/\/secure.gravatar.com\/avatar\/d67144e966420fb74aa84c9f2a0103be4724fd14db52b52d3b6bca749f257e79?s=96&d=mm&r=g","caption":"Paco S\u00e1nchez"},"sameAs":["https:\/\/arealorcaradio.es"],"url":"https:\/\/arealorcaradio.es\/index.php\/author\/admin_alorcaradio\/"}]}},"_links":{"self":[{"href":"https:\/\/arealorcaradio.es\/index.php\/wp-json\/wp\/v2\/posts\/7798","targetHints":{"allow":["GET"]}}],"collection":[{"href":"https:\/\/arealorcaradio.es\/index.php\/wp-json\/wp\/v2\/posts"}],"about":[{"href":"https:\/\/arealorcaradio.es\/index.php\/wp-json\/wp\/v2\/types\/post"}],"author":[{"embeddable":true,"href":"https:\/\/arealorcaradio.es\/index.php\/wp-json\/wp\/v2\/users\/1"}],"replies":[{"embeddable":true,"href":"https:\/\/arealorcaradio.es\/index.php\/wp-json\/wp\/v2\/comments?post=7798"}],"version-history":[{"count":1,"href":"https:\/\/arealorcaradio.es\/index.php\/wp-json\/wp\/v2\/posts\/7798\/revisions"}],"predecessor-version":[{"id":7802,"href":"https:\/\/arealorcaradio.es\/index.php\/wp-json\/wp\/v2\/posts\/7798\/revisions\/7802"}],"wp:featuredmedia":[{"embeddable":true,"href":"https:\/\/arealorcaradio.es\/index.php\/wp-json\/wp\/v2\/media\/7801"}],"wp:attachment":[{"href":"https:\/\/arealorcaradio.es\/index.php\/wp-json\/wp\/v2\/media?parent=7798"}],"wp:term":[{"taxonomy":"category","embeddable":true,"href":"https:\/\/arealorcaradio.es\/index.php\/wp-json\/wp\/v2\/categories?post=7798"},{"taxonomy":"post_tag","embeddable":true,"href":"https:\/\/arealorcaradio.es\/index.php\/wp-json\/wp\/v2\/tags?post=7798"}],"curies":[{"name":"wp","href":"https:\/\/api.w.org\/{rel}","templated":true}]}}