{"id":7775,"date":"2025-09-11T17:15:54","date_gmt":"2025-09-11T17:15:54","guid":{"rendered":"https:\/\/arealorcaradio.es\/?p=7775"},"modified":"2025-09-11T17:25:47","modified_gmt":"2025-09-11T17:25:47","slug":"luis-torres-del-alcazar-lorca-es-la-unica-ciudad-de-espana-que-pone-en-valor-el-patrimonio-judio-a-traves-de-la-sociedad-civil-en-este-caso-a-traves-de-la-federacion-san-clemente","status":"publish","type":"post","link":"https:\/\/arealorcaradio.es\/index.php\/2025\/09\/11\/luis-torres-del-alcazar-lorca-es-la-unica-ciudad-de-espana-que-pone-en-valor-el-patrimonio-judio-a-traves-de-la-sociedad-civil-en-este-caso-a-traves-de-la-federacion-san-clemente\/","title":{"rendered":"Luis Torres del Alc\u00e1zar: \u00abLorca es la \u00fanica ciudad de Espa\u00f1a que pone en valor el patrimonio jud\u00edo a trav\u00e9s de la sociedad civil, en este caso a trav\u00e9s de la Federaci\u00f3n San Clemente\u00bb"},"content":{"rendered":"<p><strong>\u00c1REA LORCA RADIO. Actualidad.<\/strong><\/p>\n<p>Escucha aqu\u00ed la entrevista que ha concedido a Paco S\u00e1nchez en el magazine \u00c1rea Lorca Radio, el presidente de la Federaci\u00f3n San Clemente, Luis Torres del Alc\u00e1zar.<\/p>\n<audio class=\"wp-audio-shortcode\" id=\"audio-7775-1\" preload=\"none\" style=\"width: 100%;\" controls=\"controls\"><source type=\"audio\/mpeg\" src=\"https:\/\/arealorcaradio.es\/wp-content\/uploads\/2025\/09\/110925-LUIS-TORRES-DEL-ALCAZAR.-DIALOGOS-JANUKKIA.mp3?_=1\" \/><a href=\"https:\/\/arealorcaradio.es\/wp-content\/uploads\/2025\/09\/110925-LUIS-TORRES-DEL-ALCAZAR.-DIALOGOS-JANUKKIA.mp3\">https:\/\/arealorcaradio.es\/wp-content\/uploads\/2025\/09\/110925-LUIS-TORRES-DEL-ALCAZAR.-DIALOGOS-JANUKKIA.mp3<\/a><\/audio>\n<p class=\"v1MsoNormal\"><b><span lang=\"es\"><img loading=\"lazy\" decoding=\"async\" class=\"alignnone size-medium wp-image-7778\" src=\"https:\/\/arealorcaradio.es\/wp-content\/uploads\/2025\/09\/WhatsApp-Image-2025-09-11-at-18.39.46-300x225.jpeg\" alt=\"\" width=\"300\" height=\"225\" srcset=\"https:\/\/arealorcaradio.es\/wp-content\/uploads\/2025\/09\/WhatsApp-Image-2025-09-11-at-18.39.46-300x225.jpeg 300w, https:\/\/arealorcaradio.es\/wp-content\/uploads\/2025\/09\/WhatsApp-Image-2025-09-11-at-18.39.46-1024x768.jpeg 1024w, https:\/\/arealorcaradio.es\/wp-content\/uploads\/2025\/09\/WhatsApp-Image-2025-09-11-at-18.39.46-768x576.jpeg 768w, https:\/\/arealorcaradio.es\/wp-content\/uploads\/2025\/09\/WhatsApp-Image-2025-09-11-at-18.39.46-1536x1152.jpeg 1536w, https:\/\/arealorcaradio.es\/wp-content\/uploads\/2025\/09\/WhatsApp-Image-2025-09-11-at-18.39.46-86x64.jpeg 86w, https:\/\/arealorcaradio.es\/wp-content\/uploads\/2025\/09\/WhatsApp-Image-2025-09-11-at-18.39.46.jpeg 1600w\" sizes=\"auto, (max-width: 300px) 100vw, 300px\" \/><\/span><\/b><\/p>\n<p class=\"v1MsoNormal\"><b><span lang=\"es\">Lorca, 11 de septiembre de 2025.<\/span><\/b><span lang=\"es\">\u00a0El concejal de Cultura, Santiago Parra, ha anunciado junto a Luis Torres del Alc\u00e1zar, presidente de la Federaci\u00f3n San Clemente de Lorca, una nueva iniciativa enmarcada dentro de la programaci\u00f3n de las Jornada Europeas de la Cultura Jud\u00eda, que se desarrollan este mes en nuestra ciudad y que llega bajo el nombre \u00abDi\u00e1logos en el ciuFRONT: Janukkia, la Jarra de Jacob\u00bb.<\/span><\/p>\n<p class=\"v1MsoNormal\"><span lang=\"es\"><img loading=\"lazy\" decoding=\"async\" class=\"alignnone size-medium wp-image-7787\" src=\"https:\/\/arealorcaradio.es\/wp-content\/uploads\/2025\/09\/foto3-40-300x200.jpeg\" alt=\"\" width=\"300\" height=\"200\" srcset=\"https:\/\/arealorcaradio.es\/wp-content\/uploads\/2025\/09\/foto3-40-300x200.jpeg 300w, https:\/\/arealorcaradio.es\/wp-content\/uploads\/2025\/09\/foto3-40-1024x683.jpeg 1024w, https:\/\/arealorcaradio.es\/wp-content\/uploads\/2025\/09\/foto3-40-768x512.jpeg 768w, https:\/\/arealorcaradio.es\/wp-content\/uploads\/2025\/09\/foto3-40.jpeg 1500w\" sizes=\"auto, (max-width: 300px) 100vw, 300px\" \/><\/span><\/p>\n<p class=\"v1MsoNormal\"><span lang=\"es\">Esta actividad, que emprende el Museo Medieval de Lorca en colaboraci\u00f3n con el Ayuntamiento, se desarrollar\u00e1 el s\u00e1bado 13 de septiembre, en horario de ma\u00f1ana y supone el acercamiento y divulgaci\u00f3n de sus obras, mediante un dialogo ameno, donde la interacci\u00f3n de los ponentes est\u00e1 asegurada.<\/span><\/p>\n<p class=\"v1MsoNormal\"><span lang=\"es\">Durante la sesi\u00f3n, se ir\u00e1n exponiendo la raz\u00f3n, las an\u00e9cdotas\u00a0 y las peculiaridades de las obras expuestas en el Museo, centr\u00e1ndose, en esta ocasi\u00f3n, en las dos Janukk\u00edas que atesora la Federaci\u00f3n San Clemente. \u00abTambi\u00e9n se aludir\u00e1 al porqu\u00e9 de la celebraci\u00f3n de la fiesta de las Luces en Lorca y que relaci\u00f3n guarda con la &#8216;Jarra de Jacob'\u00bb, ha a\u00f1adido Luis Torres del Alc\u00e1zar.<\/span><\/p>\n<p class=\"v1MsoNormal\"><span lang=\"es\">Santiago Parra ha querido \u00abinvitar a todos, lorquinos y visitantes, a sumarse a este encuentro en el que se pondr\u00e1n de manifiesto los misterios, las realidades y la historia que unen la cultura jud\u00eda con las ra\u00edces del mundo occidental que disfrutamos\u00bb.<\/span><\/p>\n<p class=\"v1MsoNormal\"><span lang=\"es\">Asimismo, ha recordado que \u00abesta iniciativa se suma al resto de la programaci\u00f3n prevista en Lorca de mano de estas Jornadas, que llegan con el objetivo de promover y visibilizar el rico legado jud\u00edo que forma parte esencial de la historia y la identidad europea, consolidando a Lorca como un referente nacional en la difusi\u00f3n del legado sefard\u00ed\u00bb.\u00a0<\/span><\/p>\n","protected":false},"excerpt":{"rendered":"<p>\u00c1REA LORCA RADIO. Actualidad. Escucha aqu\u00ed la entrevista que ha concedido a Paco S\u00e1nchez en el magazine \u00c1rea Lorca Radio, el presidente de la Federaci\u00f3n San Clemente, Luis Torres del Alc\u00e1zar. Lorca, 11 de septiembre de 2025.\u00a0El concejal de Cultura, Santiago Parra, ha anunciado junto a Luis Torres del Alc\u00e1zar, presidente de la Federaci\u00f3n San [&hellip;]<\/p>\n","protected":false},"author":1,"featured_media":7777,"comment_status":"open","ping_status":"open","sticky":false,"template":"","format":"standard","meta":{"iawp_total_views":27,"footnotes":""},"categories":[5,7],"tags":[],"class_list":["post-7775","post","type-post","status-publish","format-standard","has-post-thumbnail","hentry","category-actualidad","category-lorca"],"yoast_head":"<!-- This site is optimized with the Yoast SEO plugin v27.5 - https:\/\/yoast.com\/product\/yoast-seo-wordpress\/ -->\n<title>Luis Torres del Alc\u00e1zar: &quot;Lorca es la \u00fanica ciudad de Espa\u00f1a que pone en valor el patrimonio jud\u00edo a trav\u00e9s de la sociedad civil, en este caso a trav\u00e9s de la Federaci\u00f3n San Clemente&quot; - AREA LORCA RADIO<\/title>\n<meta name=\"robots\" content=\"index, follow, max-snippet:-1, max-image-preview:large, max-video-preview:-1\" \/>\n<link rel=\"canonical\" href=\"https:\/\/arealorcaradio.es\/index.php\/2025\/09\/11\/luis-torres-del-alcazar-lorca-es-la-unica-ciudad-de-espana-que-pone-en-valor-el-patrimonio-judio-a-traves-de-la-sociedad-civil-en-este-caso-a-traves-de-la-federacion-san-clemente\/\" \/>\n<meta property=\"og:locale\" content=\"es_ES\" \/>\n<meta property=\"og:type\" content=\"article\" \/>\n<meta property=\"og:title\" content=\"Luis Torres del Alc\u00e1zar: &quot;Lorca es la \u00fanica ciudad de Espa\u00f1a que pone en valor el patrimonio jud\u00edo a trav\u00e9s de la sociedad civil, en este caso a trav\u00e9s de la Federaci\u00f3n San Clemente&quot; - AREA LORCA RADIO\" \/>\n<meta property=\"og:description\" content=\"\u00c1REA LORCA RADIO. Actualidad. Escucha aqu\u00ed la entrevista que ha concedido a Paco S\u00e1nchez en el magazine \u00c1rea Lorca Radio, el presidente de la Federaci\u00f3n San Clemente, Luis Torres del Alc\u00e1zar. Lorca, 11 de septiembre de 2025.\u00a0El concejal de Cultura, Santiago Parra, ha anunciado junto a Luis Torres del Alc\u00e1zar, presidente de la Federaci\u00f3n San [&hellip;]\" \/>\n<meta property=\"og:url\" content=\"https:\/\/arealorcaradio.es\/index.php\/2025\/09\/11\/luis-torres-del-alcazar-lorca-es-la-unica-ciudad-de-espana-que-pone-en-valor-el-patrimonio-judio-a-traves-de-la-sociedad-civil-en-este-caso-a-traves-de-la-federacion-san-clemente\/\" \/>\n<meta property=\"og:site_name\" content=\"AREA LORCA RADIO\" \/>\n<meta property=\"article:published_time\" content=\"2025-09-11T17:15:54+00:00\" \/>\n<meta property=\"article:modified_time\" content=\"2025-09-11T17:25:47+00:00\" \/>\n<meta property=\"og:image\" content=\"https:\/\/arealorcaradio.es\/wp-content\/uploads\/2025\/09\/WhatsApp-Image-2025-09-11-at-18.39.46-1.jpeg\" \/>\n\t<meta property=\"og:image:width\" content=\"1600\" \/>\n\t<meta property=\"og:image:height\" content=\"1200\" \/>\n\t<meta property=\"og:image:type\" content=\"image\/jpeg\" \/>\n<meta name=\"author\" content=\"Paco S\u00e1nchez\" \/>\n<meta name=\"twitter:card\" content=\"summary_large_image\" \/>\n<meta name=\"twitter:label1\" content=\"Escrito por\" \/>\n\t<meta name=\"twitter:data1\" content=\"Paco S\u00e1nchez\" \/>\n\t<meta name=\"twitter:label2\" content=\"Tiempo de lectura\" \/>\n\t<meta name=\"twitter:data2\" content=\"3 minutos\" \/>\n<script type=\"application\/ld+json\" class=\"yoast-schema-graph\">{\"@context\":\"https:\\\/\\\/schema.org\",\"@graph\":[{\"@type\":\"Article\",\"@id\":\"https:\\\/\\\/arealorcaradio.es\\\/index.php\\\/2025\\\/09\\\/11\\\/luis-torres-del-alcazar-lorca-es-la-unica-ciudad-de-espana-que-pone-en-valor-el-patrimonio-judio-a-traves-de-la-sociedad-civil-en-este-caso-a-traves-de-la-federacion-san-clemente\\\/#article\",\"isPartOf\":{\"@id\":\"https:\\\/\\\/arealorcaradio.es\\\/index.php\\\/2025\\\/09\\\/11\\\/luis-torres-del-alcazar-lorca-es-la-unica-ciudad-de-espana-que-pone-en-valor-el-patrimonio-judio-a-traves-de-la-sociedad-civil-en-este-caso-a-traves-de-la-federacion-san-clemente\\\/\"},\"author\":{\"name\":\"Paco S\u00e1nchez\",\"@id\":\"https:\\\/\\\/arealorcaradio.es\\\/#\\\/schema\\\/person\\\/9fae605fc25b0f2c83c1ab207139bd27\"},\"headline\":\"Luis Torres del Alc\u00e1zar: \u00abLorca es la \u00fanica ciudad de Espa\u00f1a que pone en valor el patrimonio jud\u00edo a trav\u00e9s de la sociedad civil, en este caso a trav\u00e9s de la Federaci\u00f3n San Clemente\u00bb\",\"datePublished\":\"2025-09-11T17:15:54+00:00\",\"dateModified\":\"2025-09-11T17:25:47+00:00\",\"mainEntityOfPage\":{\"@id\":\"https:\\\/\\\/arealorcaradio.es\\\/index.php\\\/2025\\\/09\\\/11\\\/luis-torres-del-alcazar-lorca-es-la-unica-ciudad-de-espana-que-pone-en-valor-el-patrimonio-judio-a-traves-de-la-sociedad-civil-en-este-caso-a-traves-de-la-federacion-san-clemente\\\/\"},\"wordCount\":389,\"commentCount\":0,\"image\":{\"@id\":\"https:\\\/\\\/arealorcaradio.es\\\/index.php\\\/2025\\\/09\\\/11\\\/luis-torres-del-alcazar-lorca-es-la-unica-ciudad-de-espana-que-pone-en-valor-el-patrimonio-judio-a-traves-de-la-sociedad-civil-en-este-caso-a-traves-de-la-federacion-san-clemente\\\/#primaryimage\"},\"thumbnailUrl\":\"https:\\\/\\\/arealorcaradio.es\\\/wp-content\\\/uploads\\\/2025\\\/09\\\/WhatsApp-Image-2025-09-11-at-18.39.46-1.jpeg\",\"articleSection\":[\"ACTUALIDAD\",\"LORCA\"],\"inLanguage\":\"es\",\"potentialAction\":[{\"@type\":\"CommentAction\",\"name\":\"Comment\",\"target\":[\"https:\\\/\\\/arealorcaradio.es\\\/index.php\\\/2025\\\/09\\\/11\\\/luis-torres-del-alcazar-lorca-es-la-unica-ciudad-de-espana-que-pone-en-valor-el-patrimonio-judio-a-traves-de-la-sociedad-civil-en-este-caso-a-traves-de-la-federacion-san-clemente\\\/#respond\"]}]},{\"@type\":\"WebPage\",\"@id\":\"https:\\\/\\\/arealorcaradio.es\\\/index.php\\\/2025\\\/09\\\/11\\\/luis-torres-del-alcazar-lorca-es-la-unica-ciudad-de-espana-que-pone-en-valor-el-patrimonio-judio-a-traves-de-la-sociedad-civil-en-este-caso-a-traves-de-la-federacion-san-clemente\\\/\",\"url\":\"https:\\\/\\\/arealorcaradio.es\\\/index.php\\\/2025\\\/09\\\/11\\\/luis-torres-del-alcazar-lorca-es-la-unica-ciudad-de-espana-que-pone-en-valor-el-patrimonio-judio-a-traves-de-la-sociedad-civil-en-este-caso-a-traves-de-la-federacion-san-clemente\\\/\",\"name\":\"Luis Torres del Alc\u00e1zar: \\\"Lorca es la \u00fanica ciudad de Espa\u00f1a que pone en valor el patrimonio jud\u00edo a trav\u00e9s de la sociedad civil, en este caso a trav\u00e9s de la Federaci\u00f3n San Clemente\\\" - AREA LORCA RADIO\",\"isPartOf\":{\"@id\":\"https:\\\/\\\/arealorcaradio.es\\\/#website\"},\"primaryImageOfPage\":{\"@id\":\"https:\\\/\\\/arealorcaradio.es\\\/index.php\\\/2025\\\/09\\\/11\\\/luis-torres-del-alcazar-lorca-es-la-unica-ciudad-de-espana-que-pone-en-valor-el-patrimonio-judio-a-traves-de-la-sociedad-civil-en-este-caso-a-traves-de-la-federacion-san-clemente\\\/#primaryimage\"},\"image\":{\"@id\":\"https:\\\/\\\/arealorcaradio.es\\\/index.php\\\/2025\\\/09\\\/11\\\/luis-torres-del-alcazar-lorca-es-la-unica-ciudad-de-espana-que-pone-en-valor-el-patrimonio-judio-a-traves-de-la-sociedad-civil-en-este-caso-a-traves-de-la-federacion-san-clemente\\\/#primaryimage\"},\"thumbnailUrl\":\"https:\\\/\\\/arealorcaradio.es\\\/wp-content\\\/uploads\\\/2025\\\/09\\\/WhatsApp-Image-2025-09-11-at-18.39.46-1.jpeg\",\"datePublished\":\"2025-09-11T17:15:54+00:00\",\"dateModified\":\"2025-09-11T17:25:47+00:00\",\"author\":{\"@id\":\"https:\\\/\\\/arealorcaradio.es\\\/#\\\/schema\\\/person\\\/9fae605fc25b0f2c83c1ab207139bd27\"},\"breadcrumb\":{\"@id\":\"https:\\\/\\\/arealorcaradio.es\\\/index.php\\\/2025\\\/09\\\/11\\\/luis-torres-del-alcazar-lorca-es-la-unica-ciudad-de-espana-que-pone-en-valor-el-patrimonio-judio-a-traves-de-la-sociedad-civil-en-este-caso-a-traves-de-la-federacion-san-clemente\\\/#breadcrumb\"},\"inLanguage\":\"es\",\"potentialAction\":[{\"@type\":\"ReadAction\",\"target\":[\"https:\\\/\\\/arealorcaradio.es\\\/index.php\\\/2025\\\/09\\\/11\\\/luis-torres-del-alcazar-lorca-es-la-unica-ciudad-de-espana-que-pone-en-valor-el-patrimonio-judio-a-traves-de-la-sociedad-civil-en-este-caso-a-traves-de-la-federacion-san-clemente\\\/\"]}]},{\"@type\":\"ImageObject\",\"inLanguage\":\"es\",\"@id\":\"https:\\\/\\\/arealorcaradio.es\\\/index.php\\\/2025\\\/09\\\/11\\\/luis-torres-del-alcazar-lorca-es-la-unica-ciudad-de-espana-que-pone-en-valor-el-patrimonio-judio-a-traves-de-la-sociedad-civil-en-este-caso-a-traves-de-la-federacion-san-clemente\\\/#primaryimage\",\"url\":\"https:\\\/\\\/arealorcaradio.es\\\/wp-content\\\/uploads\\\/2025\\\/09\\\/WhatsApp-Image-2025-09-11-at-18.39.46-1.jpeg\",\"contentUrl\":\"https:\\\/\\\/arealorcaradio.es\\\/wp-content\\\/uploads\\\/2025\\\/09\\\/WhatsApp-Image-2025-09-11-at-18.39.46-1.jpeg\",\"width\":1600,\"height\":1200},{\"@type\":\"BreadcrumbList\",\"@id\":\"https:\\\/\\\/arealorcaradio.es\\\/index.php\\\/2025\\\/09\\\/11\\\/luis-torres-del-alcazar-lorca-es-la-unica-ciudad-de-espana-que-pone-en-valor-el-patrimonio-judio-a-traves-de-la-sociedad-civil-en-este-caso-a-traves-de-la-federacion-san-clemente\\\/#breadcrumb\",\"itemListElement\":[{\"@type\":\"ListItem\",\"position\":1,\"name\":\"Portada\",\"item\":\"https:\\\/\\\/arealorcaradio.es\\\/\"},{\"@type\":\"ListItem\",\"position\":2,\"name\":\"Luis Torres del Alc\u00e1zar: \u00abLorca es la \u00fanica ciudad de Espa\u00f1a que pone en valor el patrimonio jud\u00edo a trav\u00e9s de la sociedad civil, en este caso a trav\u00e9s de la Federaci\u00f3n San Clemente\u00bb\"}]},{\"@type\":\"WebSite\",\"@id\":\"https:\\\/\\\/arealorcaradio.es\\\/#website\",\"url\":\"https:\\\/\\\/arealorcaradio.es\\\/\",\"name\":\"AREA LORCA RADIO\",\"description\":\"Descubre la programaci\u00f3n actual en \u00c1rea Lorca Radio, tu fuente de entrenamiento y noticias locales. Sintoniza ahora y mantente conectado online.\",\"potentialAction\":[{\"@type\":\"SearchAction\",\"target\":{\"@type\":\"EntryPoint\",\"urlTemplate\":\"https:\\\/\\\/arealorcaradio.es\\\/?s={search_term_string}\"},\"query-input\":{\"@type\":\"PropertyValueSpecification\",\"valueRequired\":true,\"valueName\":\"search_term_string\"}}],\"inLanguage\":\"es\"},{\"@type\":\"Person\",\"@id\":\"https:\\\/\\\/arealorcaradio.es\\\/#\\\/schema\\\/person\\\/9fae605fc25b0f2c83c1ab207139bd27\",\"name\":\"Paco S\u00e1nchez\",\"image\":{\"@type\":\"ImageObject\",\"inLanguage\":\"es\",\"@id\":\"https:\\\/\\\/secure.gravatar.com\\\/avatar\\\/d67144e966420fb74aa84c9f2a0103be4724fd14db52b52d3b6bca749f257e79?s=96&d=mm&r=g\",\"url\":\"https:\\\/\\\/secure.gravatar.com\\\/avatar\\\/d67144e966420fb74aa84c9f2a0103be4724fd14db52b52d3b6bca749f257e79?s=96&d=mm&r=g\",\"contentUrl\":\"https:\\\/\\\/secure.gravatar.com\\\/avatar\\\/d67144e966420fb74aa84c9f2a0103be4724fd14db52b52d3b6bca749f257e79?s=96&d=mm&r=g\",\"caption\":\"Paco S\u00e1nchez\"},\"sameAs\":[\"https:\\\/\\\/arealorcaradio.es\"],\"url\":\"https:\\\/\\\/arealorcaradio.es\\\/index.php\\\/author\\\/admin_alorcaradio\\\/\"}]}<\/script>\n<!-- \/ Yoast SEO plugin. -->","yoast_head_json":{"title":"Luis Torres del Alc\u00e1zar: \"Lorca es la \u00fanica ciudad de Espa\u00f1a que pone en valor el patrimonio jud\u00edo a trav\u00e9s de la sociedad civil, en este caso a trav\u00e9s de la Federaci\u00f3n San Clemente\" - AREA LORCA RADIO","robots":{"index":"index","follow":"follow","max-snippet":"max-snippet:-1","max-image-preview":"max-image-preview:large","max-video-preview":"max-video-preview:-1"},"canonical":"https:\/\/arealorcaradio.es\/index.php\/2025\/09\/11\/luis-torres-del-alcazar-lorca-es-la-unica-ciudad-de-espana-que-pone-en-valor-el-patrimonio-judio-a-traves-de-la-sociedad-civil-en-este-caso-a-traves-de-la-federacion-san-clemente\/","og_locale":"es_ES","og_type":"article","og_title":"Luis Torres del Alc\u00e1zar: \"Lorca es la \u00fanica ciudad de Espa\u00f1a que pone en valor el patrimonio jud\u00edo a trav\u00e9s de la sociedad civil, en este caso a trav\u00e9s de la Federaci\u00f3n San Clemente\" - AREA LORCA RADIO","og_description":"\u00c1REA LORCA RADIO. Actualidad. Escucha aqu\u00ed la entrevista que ha concedido a Paco S\u00e1nchez en el magazine \u00c1rea Lorca Radio, el presidente de la Federaci\u00f3n San Clemente, Luis Torres del Alc\u00e1zar. Lorca, 11 de septiembre de 2025.\u00a0El concejal de Cultura, Santiago Parra, ha anunciado junto a Luis Torres del Alc\u00e1zar, presidente de la Federaci\u00f3n San [&hellip;]","og_url":"https:\/\/arealorcaradio.es\/index.php\/2025\/09\/11\/luis-torres-del-alcazar-lorca-es-la-unica-ciudad-de-espana-que-pone-en-valor-el-patrimonio-judio-a-traves-de-la-sociedad-civil-en-este-caso-a-traves-de-la-federacion-san-clemente\/","og_site_name":"AREA LORCA RADIO","article_published_time":"2025-09-11T17:15:54+00:00","article_modified_time":"2025-09-11T17:25:47+00:00","og_image":[{"width":1600,"height":1200,"url":"https:\/\/arealorcaradio.es\/wp-content\/uploads\/2025\/09\/WhatsApp-Image-2025-09-11-at-18.39.46-1.jpeg","type":"image\/jpeg"}],"author":"Paco S\u00e1nchez","twitter_card":"summary_large_image","twitter_misc":{"Escrito por":"Paco S\u00e1nchez","Tiempo de lectura":"3 minutos"},"schema":{"@context":"https:\/\/schema.org","@graph":[{"@type":"Article","@id":"https:\/\/arealorcaradio.es\/index.php\/2025\/09\/11\/luis-torres-del-alcazar-lorca-es-la-unica-ciudad-de-espana-que-pone-en-valor-el-patrimonio-judio-a-traves-de-la-sociedad-civil-en-este-caso-a-traves-de-la-federacion-san-clemente\/#article","isPartOf":{"@id":"https:\/\/arealorcaradio.es\/index.php\/2025\/09\/11\/luis-torres-del-alcazar-lorca-es-la-unica-ciudad-de-espana-que-pone-en-valor-el-patrimonio-judio-a-traves-de-la-sociedad-civil-en-este-caso-a-traves-de-la-federacion-san-clemente\/"},"author":{"name":"Paco S\u00e1nchez","@id":"https:\/\/arealorcaradio.es\/#\/schema\/person\/9fae605fc25b0f2c83c1ab207139bd27"},"headline":"Luis Torres del Alc\u00e1zar: \u00abLorca es la \u00fanica ciudad de Espa\u00f1a que pone en valor el patrimonio jud\u00edo a trav\u00e9s de la sociedad civil, en este caso a trav\u00e9s de la Federaci\u00f3n San Clemente\u00bb","datePublished":"2025-09-11T17:15:54+00:00","dateModified":"2025-09-11T17:25:47+00:00","mainEntityOfPage":{"@id":"https:\/\/arealorcaradio.es\/index.php\/2025\/09\/11\/luis-torres-del-alcazar-lorca-es-la-unica-ciudad-de-espana-que-pone-en-valor-el-patrimonio-judio-a-traves-de-la-sociedad-civil-en-este-caso-a-traves-de-la-federacion-san-clemente\/"},"wordCount":389,"commentCount":0,"image":{"@id":"https:\/\/arealorcaradio.es\/index.php\/2025\/09\/11\/luis-torres-del-alcazar-lorca-es-la-unica-ciudad-de-espana-que-pone-en-valor-el-patrimonio-judio-a-traves-de-la-sociedad-civil-en-este-caso-a-traves-de-la-federacion-san-clemente\/#primaryimage"},"thumbnailUrl":"https:\/\/arealorcaradio.es\/wp-content\/uploads\/2025\/09\/WhatsApp-Image-2025-09-11-at-18.39.46-1.jpeg","articleSection":["ACTUALIDAD","LORCA"],"inLanguage":"es","potentialAction":[{"@type":"CommentAction","name":"Comment","target":["https:\/\/arealorcaradio.es\/index.php\/2025\/09\/11\/luis-torres-del-alcazar-lorca-es-la-unica-ciudad-de-espana-que-pone-en-valor-el-patrimonio-judio-a-traves-de-la-sociedad-civil-en-este-caso-a-traves-de-la-federacion-san-clemente\/#respond"]}]},{"@type":"WebPage","@id":"https:\/\/arealorcaradio.es\/index.php\/2025\/09\/11\/luis-torres-del-alcazar-lorca-es-la-unica-ciudad-de-espana-que-pone-en-valor-el-patrimonio-judio-a-traves-de-la-sociedad-civil-en-este-caso-a-traves-de-la-federacion-san-clemente\/","url":"https:\/\/arealorcaradio.es\/index.php\/2025\/09\/11\/luis-torres-del-alcazar-lorca-es-la-unica-ciudad-de-espana-que-pone-en-valor-el-patrimonio-judio-a-traves-de-la-sociedad-civil-en-este-caso-a-traves-de-la-federacion-san-clemente\/","name":"Luis Torres del Alc\u00e1zar: \"Lorca es la \u00fanica ciudad de Espa\u00f1a que pone en valor el patrimonio jud\u00edo a trav\u00e9s de la sociedad civil, en este caso a trav\u00e9s de la Federaci\u00f3n San Clemente\" - AREA LORCA RADIO","isPartOf":{"@id":"https:\/\/arealorcaradio.es\/#website"},"primaryImageOfPage":{"@id":"https:\/\/arealorcaradio.es\/index.php\/2025\/09\/11\/luis-torres-del-alcazar-lorca-es-la-unica-ciudad-de-espana-que-pone-en-valor-el-patrimonio-judio-a-traves-de-la-sociedad-civil-en-este-caso-a-traves-de-la-federacion-san-clemente\/#primaryimage"},"image":{"@id":"https:\/\/arealorcaradio.es\/index.php\/2025\/09\/11\/luis-torres-del-alcazar-lorca-es-la-unica-ciudad-de-espana-que-pone-en-valor-el-patrimonio-judio-a-traves-de-la-sociedad-civil-en-este-caso-a-traves-de-la-federacion-san-clemente\/#primaryimage"},"thumbnailUrl":"https:\/\/arealorcaradio.es\/wp-content\/uploads\/2025\/09\/WhatsApp-Image-2025-09-11-at-18.39.46-1.jpeg","datePublished":"2025-09-11T17:15:54+00:00","dateModified":"2025-09-11T17:25:47+00:00","author":{"@id":"https:\/\/arealorcaradio.es\/#\/schema\/person\/9fae605fc25b0f2c83c1ab207139bd27"},"breadcrumb":{"@id":"https:\/\/arealorcaradio.es\/index.php\/2025\/09\/11\/luis-torres-del-alcazar-lorca-es-la-unica-ciudad-de-espana-que-pone-en-valor-el-patrimonio-judio-a-traves-de-la-sociedad-civil-en-este-caso-a-traves-de-la-federacion-san-clemente\/#breadcrumb"},"inLanguage":"es","potentialAction":[{"@type":"ReadAction","target":["https:\/\/arealorcaradio.es\/index.php\/2025\/09\/11\/luis-torres-del-alcazar-lorca-es-la-unica-ciudad-de-espana-que-pone-en-valor-el-patrimonio-judio-a-traves-de-la-sociedad-civil-en-este-caso-a-traves-de-la-federacion-san-clemente\/"]}]},{"@type":"ImageObject","inLanguage":"es","@id":"https:\/\/arealorcaradio.es\/index.php\/2025\/09\/11\/luis-torres-del-alcazar-lorca-es-la-unica-ciudad-de-espana-que-pone-en-valor-el-patrimonio-judio-a-traves-de-la-sociedad-civil-en-este-caso-a-traves-de-la-federacion-san-clemente\/#primaryimage","url":"https:\/\/arealorcaradio.es\/wp-content\/uploads\/2025\/09\/WhatsApp-Image-2025-09-11-at-18.39.46-1.jpeg","contentUrl":"https:\/\/arealorcaradio.es\/wp-content\/uploads\/2025\/09\/WhatsApp-Image-2025-09-11-at-18.39.46-1.jpeg","width":1600,"height":1200},{"@type":"BreadcrumbList","@id":"https:\/\/arealorcaradio.es\/index.php\/2025\/09\/11\/luis-torres-del-alcazar-lorca-es-la-unica-ciudad-de-espana-que-pone-en-valor-el-patrimonio-judio-a-traves-de-la-sociedad-civil-en-este-caso-a-traves-de-la-federacion-san-clemente\/#breadcrumb","itemListElement":[{"@type":"ListItem","position":1,"name":"Portada","item":"https:\/\/arealorcaradio.es\/"},{"@type":"ListItem","position":2,"name":"Luis Torres del Alc\u00e1zar: \u00abLorca es la \u00fanica ciudad de Espa\u00f1a que pone en valor el patrimonio jud\u00edo a trav\u00e9s de la sociedad civil, en este caso a trav\u00e9s de la Federaci\u00f3n San Clemente\u00bb"}]},{"@type":"WebSite","@id":"https:\/\/arealorcaradio.es\/#website","url":"https:\/\/arealorcaradio.es\/","name":"AREA LORCA RADIO","description":"Descubre la programaci\u00f3n actual en \u00c1rea Lorca Radio, tu fuente de entrenamiento y noticias locales. Sintoniza ahora y mantente conectado online.","potentialAction":[{"@type":"SearchAction","target":{"@type":"EntryPoint","urlTemplate":"https:\/\/arealorcaradio.es\/?s={search_term_string}"},"query-input":{"@type":"PropertyValueSpecification","valueRequired":true,"valueName":"search_term_string"}}],"inLanguage":"es"},{"@type":"Person","@id":"https:\/\/arealorcaradio.es\/#\/schema\/person\/9fae605fc25b0f2c83c1ab207139bd27","name":"Paco S\u00e1nchez","image":{"@type":"ImageObject","inLanguage":"es","@id":"https:\/\/secure.gravatar.com\/avatar\/d67144e966420fb74aa84c9f2a0103be4724fd14db52b52d3b6bca749f257e79?s=96&d=mm&r=g","url":"https:\/\/secure.gravatar.com\/avatar\/d67144e966420fb74aa84c9f2a0103be4724fd14db52b52d3b6bca749f257e79?s=96&d=mm&r=g","contentUrl":"https:\/\/secure.gravatar.com\/avatar\/d67144e966420fb74aa84c9f2a0103be4724fd14db52b52d3b6bca749f257e79?s=96&d=mm&r=g","caption":"Paco S\u00e1nchez"},"sameAs":["https:\/\/arealorcaradio.es"],"url":"https:\/\/arealorcaradio.es\/index.php\/author\/admin_alorcaradio\/"}]}},"_links":{"self":[{"href":"https:\/\/arealorcaradio.es\/index.php\/wp-json\/wp\/v2\/posts\/7775","targetHints":{"allow":["GET"]}}],"collection":[{"href":"https:\/\/arealorcaradio.es\/index.php\/wp-json\/wp\/v2\/posts"}],"about":[{"href":"https:\/\/arealorcaradio.es\/index.php\/wp-json\/wp\/v2\/types\/post"}],"author":[{"embeddable":true,"href":"https:\/\/arealorcaradio.es\/index.php\/wp-json\/wp\/v2\/users\/1"}],"replies":[{"embeddable":true,"href":"https:\/\/arealorcaradio.es\/index.php\/wp-json\/wp\/v2\/comments?post=7775"}],"version-history":[{"count":2,"href":"https:\/\/arealorcaradio.es\/index.php\/wp-json\/wp\/v2\/posts\/7775\/revisions"}],"predecessor-version":[{"id":7788,"href":"https:\/\/arealorcaradio.es\/index.php\/wp-json\/wp\/v2\/posts\/7775\/revisions\/7788"}],"wp:featuredmedia":[{"embeddable":true,"href":"https:\/\/arealorcaradio.es\/index.php\/wp-json\/wp\/v2\/media\/7777"}],"wp:attachment":[{"href":"https:\/\/arealorcaradio.es\/index.php\/wp-json\/wp\/v2\/media?parent=7775"}],"wp:term":[{"taxonomy":"category","embeddable":true,"href":"https:\/\/arealorcaradio.es\/index.php\/wp-json\/wp\/v2\/categories?post=7775"},{"taxonomy":"post_tag","embeddable":true,"href":"https:\/\/arealorcaradio.es\/index.php\/wp-json\/wp\/v2\/tags?post=7775"}],"curies":[{"name":"wp","href":"https:\/\/api.w.org\/{rel}","templated":true}]}}