{"id":7757,"date":"2025-09-10T16:59:23","date_gmt":"2025-09-10T16:59:23","guid":{"rendered":"https:\/\/arealorcaradio.es\/?p=7757"},"modified":"2025-09-10T16:59:23","modified_gmt":"2025-09-10T16:59:23","slug":"lorca-se-posiciona-a-la-vanguardia-en-la-gestion-de-residuos-con-la-modernizacion-de-su-flota-de-camiones-recolectores","status":"publish","type":"post","link":"https:\/\/arealorcaradio.es\/index.php\/2025\/09\/10\/lorca-se-posiciona-a-la-vanguardia-en-la-gestion-de-residuos-con-la-modernizacion-de-su-flota-de-camiones-recolectores\/","title":{"rendered":"Lorca se posiciona a la vanguardia en la gesti\u00f3n de residuos con la modernizaci\u00f3n de su flota de camiones recolectores"},"content":{"rendered":"<p><strong>\u00c1REA LORCA RADIO. Actualidad.<\/strong><\/p>\n<p class=\"v1MsoNormal\"><b><span lang=\"es\">Lorca, 10 de septiembre de 2025<\/span><\/b><span lang=\"es\">. \u00abEl Gobierno de Lorca cumple y el municipio se posiciona como referente regional en la gesti\u00f3n de residuos\u00bb. As\u00ed lo ha trasladado el alcalde de Lorca, Fulgencio Gil, al anunciar nuevas incorporaciones al parque m\u00f3vil de Limusa, con tres nuevos veh\u00edculos de recogida de residuos, dos de 24 m<sup>3\u00a0<\/sup>de capacidad de carga y otro de 30 m<sup>3\u00a0<\/sup>y cuatro ejes.<\/span><\/p>\n<p class=\"v1MsoNormal\"><span lang=\"es\"><img loading=\"lazy\" decoding=\"async\" class=\"alignnone size-medium wp-image-7760\" src=\"https:\/\/arealorcaradio.es\/wp-content\/uploads\/2025\/09\/foto3-39-300x225.jpeg\" alt=\"\" width=\"300\" height=\"225\" srcset=\"https:\/\/arealorcaradio.es\/wp-content\/uploads\/2025\/09\/foto3-39-300x225.jpeg 300w, https:\/\/arealorcaradio.es\/wp-content\/uploads\/2025\/09\/foto3-39-1024x768.jpeg 1024w, https:\/\/arealorcaradio.es\/wp-content\/uploads\/2025\/09\/foto3-39-768x576.jpeg 768w, https:\/\/arealorcaradio.es\/wp-content\/uploads\/2025\/09\/foto3-39-1536x1152.jpeg 1536w, https:\/\/arealorcaradio.es\/wp-content\/uploads\/2025\/09\/foto3-39-86x64.jpeg 86w, https:\/\/arealorcaradio.es\/wp-content\/uploads\/2025\/09\/foto3-39.jpeg 1600w\" sizes=\"auto, (max-width: 300px) 100vw, 300px\" \/> <img loading=\"lazy\" decoding=\"async\" class=\"alignnone size-medium wp-image-7761\" src=\"https:\/\/arealorcaradio.es\/wp-content\/uploads\/2025\/09\/foto2-37-300x225.jpeg\" alt=\"\" width=\"300\" height=\"225\" srcset=\"https:\/\/arealorcaradio.es\/wp-content\/uploads\/2025\/09\/foto2-37-300x225.jpeg 300w, https:\/\/arealorcaradio.es\/wp-content\/uploads\/2025\/09\/foto2-37-1024x768.jpeg 1024w, https:\/\/arealorcaradio.es\/wp-content\/uploads\/2025\/09\/foto2-37-768x576.jpeg 768w, https:\/\/arealorcaradio.es\/wp-content\/uploads\/2025\/09\/foto2-37-1536x1152.jpeg 1536w, https:\/\/arealorcaradio.es\/wp-content\/uploads\/2025\/09\/foto2-37-86x64.jpeg 86w, https:\/\/arealorcaradio.es\/wp-content\/uploads\/2025\/09\/foto2-37.jpeg 1600w\" sizes=\"auto, (max-width: 300px) 100vw, 300px\" \/><\/span><span lang=\"es\">\u00a0<\/span><\/p>\n<p class=\"v1MsoNormal\"><span lang=\"es\">\u00abCon estas tres incorporaciones, este 2025 se produce la mayor renovaci\u00f3n de camiones recolectores de la historia en la empresa municipal. Este verano, present\u00e1bamos tres nuevas unidades de 9, 16 y 24 m<sup>3\u00a0<\/sup>de capacidad para recogida de contenedores de carga trasera, ahora estos y, para finales de a\u00f1o, se ha contratado uno m\u00e1s, \u00e9ste 100% el\u00e9ctrico para la recogida exclusiva de biorresiduos; lo que supone la modernizaci\u00f3n de toda la flota y el refuerzo del operativo en todo el municipio\u00bb, ha rese\u00f1ado Fulgencio Gil.<\/span><\/p>\n<p class=\"v1MsoNormal\"><span lang=\"es\">\u00abEl Gobierno de Lorca cumple as\u00ed en s\u00f3lo dos a\u00f1os una demanda hist\u00f3rica de la plantilla que buscaba la renovaci\u00f3n de todos los veh\u00edculos recolectores que utilizan como medio de trabajo a diario; y es que, desde que entramos en el Ayuntamiento, nuestra apuesta ha sido trabajar para ofrecer a los lorquinos un entorno m\u00e1s limpio, saludable y sostenible, potenciando la inversi\u00f3n para mejorar la limpieza en todo el municipio, lo que conlleva un elevado esfuerzo econ\u00f3mico municipal\u00bb.<\/span><\/p>\n<p class=\"v1MsoNormal\"><span lang=\"es\">\u00abHemos incrementado la plantilla en 15 trabajadores, hemos duplicado el servicio en pedan\u00edas, hemos implementado m\u00e1s maquinaria, con furgonetas, barredoras, etc., hemos puesto en marcha acciones pioneras para mejorar la recogida selectiva, hemos activado numerosas campa\u00f1as de concienciaci\u00f3n y sensibilizaci\u00f3n&#8230;, y por ese camino vamos a seguir, posicionando a Lorca en la vanguardia en la gesti\u00f3n de residuos\u00bb, ha sumado Gil J\u00f3dar.<\/span><\/p>\n<p class=\"v1MsoNormal\"><span lang=\"es\">En cuanto a inversi\u00f3n, el coste de renting por cinco a\u00f1os de las dos nuevas unidades para contenedores del tipo carga lateral de 24 m<sup>3\u00a0<\/sup>de capacidad de recogida asciende a 966.000 euros y el cami\u00f3n de 30 m<sup>3\u00a0<\/sup>a 642.000 euros, lo que suman algo m\u00e1s de 1,6 millones de euros. \u00abEn total, s\u00f3lo para renovar la flota de recolectores al completo la inversi\u00f3n realizada ronda los 3,2 millones de euros\u00bb.<\/span><\/p>\n<p class=\"v1MsoNormal\"><span lang=\"es\">En el plano operativo, estas nuevas unidades se destinar\u00e1n a realizar las rutas de las pedan\u00edas de Lorca y parte de la periferia urbana, adem\u00e1s de unas zonas determinadas de la ciudad. Se pueden visualizar las zonas de trabajo por la ubicaci\u00f3n de contenedores de color gris, que son su objeto de recogida.<\/span><\/p>\n<p class=\"v1MsoNormal\"><span lang=\"es\">\u00abSe podr\u00e1n ver los nuevos camiones por Tercia, La Hoya, Marchena, Almendricos, Purias, Campillo, Torrecilla o Cazalla, por citar algunas. Estas nuevas unidades son f\u00e1cilmente identificables por su dise\u00f1o exclusivo mediante inteligencia artificial aludiendo al dep\u00f3sito correcto de las distintas fracciones de residuos que generamos en el hogar en sus contenedores correspondientes\u00bb.<\/span><\/p>\n<p class=\"v1MsoNormal\"><span lang=\"es\">En el aspecto t\u00e9cnico, las unidades de 24 m<sup>3<\/sup>\u00a0cuentan con motor de 360 CV y 3 ejes con el tercer eje elevable de rueda sencilla y direccional con cumplimiento normativa Euro VI garantizado. El veh\u00edculo tiene cambio autom\u00e1tico con convertidor, cabina climatizada, sistema de lectura de CAN-BUS que permita la lectura de revoluciones, autodiagn\u00f3stico y detecci\u00f3n de aver\u00edas de motor, consumo de combustible, control de pesajes; y sistema de posicionamiento GPS que permite llevar a cabo estudios de estilos de conducci\u00f3n con el objetivo de ahorro de combustible.<\/span><\/p>\n<p class=\"v1MsoNormal\"><span lang=\"es\">El brazo elevador de contenedores se encuentra en el lado derecho en el sentido de la marcha. Puede manipular contenedores de 1.700, 2.400 y 3.200 litros de capacidad, con potencia de elevaci\u00f3n de 1.200 kilos y sensor ultra sonoro para la detecci\u00f3n de la distancia del contenedor. El ciclo elevador se estima en 35 segundos por unidad.<\/span><\/p>\n<p class=\"v1MsoNormal\"><span lang=\"es\">El veh\u00edculo con caja de 30 m<sup>3<\/sup>\u00a0presenta un cuarto eje direccional para mismo motor de las otras dos unidades hermanas. Esto le permite, adem\u00e1s, contar con un elevador extra polivalente adaptado para descarga adicional de los contenedores nuevo modelo Contenur, formato verde con y sin bul\u00f3n en tapa, asim\u00e9tricos de 3.200 y 2.200 litros (tipo Barcelona), o contenedores de 1.100 litros con tapa curvada, lo cual le confiere una mayor versatilidad que los anteriores.<\/span><\/p>\n<p class=\"v1MsoNormal\"><span lang=\"es\">\u00a0<\/span><\/p>\n","protected":false},"excerpt":{"rendered":"<p>\u00c1REA LORCA RADIO. Actualidad. Lorca, 10 de septiembre de 2025. \u00abEl Gobierno de Lorca cumple y el municipio se posiciona como referente regional en la gesti\u00f3n de residuos\u00bb. As\u00ed lo ha trasladado el alcalde de Lorca, Fulgencio Gil, al anunciar nuevas incorporaciones al parque m\u00f3vil de Limusa, con tres nuevos veh\u00edculos de recogida de residuos, [&hellip;]<\/p>\n","protected":false},"author":1,"featured_media":7758,"comment_status":"open","ping_status":"open","sticky":false,"template":"","format":"standard","meta":{"iawp_total_views":7,"footnotes":""},"categories":[5,7],"tags":[],"class_list":["post-7757","post","type-post","status-publish","format-standard","has-post-thumbnail","hentry","category-actualidad","category-lorca"],"yoast_head":"<!-- This site is optimized with the Yoast SEO plugin v27.5 - https:\/\/yoast.com\/product\/yoast-seo-wordpress\/ -->\n<title>Lorca se posiciona a la vanguardia en la gesti\u00f3n de residuos con la modernizaci\u00f3n de su flota de camiones recolectores - AREA LORCA RADIO<\/title>\n<meta name=\"robots\" content=\"index, follow, max-snippet:-1, max-image-preview:large, max-video-preview:-1\" \/>\n<link rel=\"canonical\" href=\"https:\/\/arealorcaradio.es\/index.php\/2025\/09\/10\/lorca-se-posiciona-a-la-vanguardia-en-la-gestion-de-residuos-con-la-modernizacion-de-su-flota-de-camiones-recolectores\/\" \/>\n<meta property=\"og:locale\" content=\"es_ES\" \/>\n<meta property=\"og:type\" content=\"article\" \/>\n<meta property=\"og:title\" content=\"Lorca se posiciona a la vanguardia en la gesti\u00f3n de residuos con la modernizaci\u00f3n de su flota de camiones recolectores - AREA LORCA RADIO\" \/>\n<meta property=\"og:description\" content=\"\u00c1REA LORCA RADIO. Actualidad. Lorca, 10 de septiembre de 2025. \u00abEl Gobierno de Lorca cumple y el municipio se posiciona como referente regional en la gesti\u00f3n de residuos\u00bb. As\u00ed lo ha trasladado el alcalde de Lorca, Fulgencio Gil, al anunciar nuevas incorporaciones al parque m\u00f3vil de Limusa, con tres nuevos veh\u00edculos de recogida de residuos, [&hellip;]\" \/>\n<meta property=\"og:url\" content=\"https:\/\/arealorcaradio.es\/index.php\/2025\/09\/10\/lorca-se-posiciona-a-la-vanguardia-en-la-gestion-de-residuos-con-la-modernizacion-de-su-flota-de-camiones-recolectores\/\" \/>\n<meta property=\"og:site_name\" content=\"AREA LORCA RADIO\" \/>\n<meta property=\"article:published_time\" content=\"2025-09-10T16:59:23+00:00\" \/>\n<meta property=\"og:image\" content=\"https:\/\/arealorcaradio.es\/wp-content\/uploads\/2025\/09\/foto1-58.jpeg\" \/>\n\t<meta property=\"og:image:width\" content=\"1600\" \/>\n\t<meta property=\"og:image:height\" content=\"1199\" \/>\n\t<meta property=\"og:image:type\" content=\"image\/jpeg\" \/>\n<meta name=\"author\" content=\"Paco S\u00e1nchez\" \/>\n<meta name=\"twitter:card\" content=\"summary_large_image\" \/>\n<meta name=\"twitter:label1\" content=\"Escrito por\" \/>\n\t<meta name=\"twitter:data1\" content=\"Paco S\u00e1nchez\" \/>\n\t<meta name=\"twitter:label2\" content=\"Tiempo de lectura\" \/>\n\t<meta name=\"twitter:data2\" content=\"4 minutos\" \/>\n<script type=\"application\/ld+json\" class=\"yoast-schema-graph\">{\"@context\":\"https:\\\/\\\/schema.org\",\"@graph\":[{\"@type\":\"Article\",\"@id\":\"https:\\\/\\\/arealorcaradio.es\\\/index.php\\\/2025\\\/09\\\/10\\\/lorca-se-posiciona-a-la-vanguardia-en-la-gestion-de-residuos-con-la-modernizacion-de-su-flota-de-camiones-recolectores\\\/#article\",\"isPartOf\":{\"@id\":\"https:\\\/\\\/arealorcaradio.es\\\/index.php\\\/2025\\\/09\\\/10\\\/lorca-se-posiciona-a-la-vanguardia-en-la-gestion-de-residuos-con-la-modernizacion-de-su-flota-de-camiones-recolectores\\\/\"},\"author\":{\"name\":\"Paco S\u00e1nchez\",\"@id\":\"https:\\\/\\\/arealorcaradio.es\\\/#\\\/schema\\\/person\\\/9fae605fc25b0f2c83c1ab207139bd27\"},\"headline\":\"Lorca se posiciona a la vanguardia en la gesti\u00f3n de residuos con la modernizaci\u00f3n de su flota de camiones recolectores\",\"datePublished\":\"2025-09-10T16:59:23+00:00\",\"mainEntityOfPage\":{\"@id\":\"https:\\\/\\\/arealorcaradio.es\\\/index.php\\\/2025\\\/09\\\/10\\\/lorca-se-posiciona-a-la-vanguardia-en-la-gestion-de-residuos-con-la-modernizacion-de-su-flota-de-camiones-recolectores\\\/\"},\"wordCount\":740,\"commentCount\":0,\"image\":{\"@id\":\"https:\\\/\\\/arealorcaradio.es\\\/index.php\\\/2025\\\/09\\\/10\\\/lorca-se-posiciona-a-la-vanguardia-en-la-gestion-de-residuos-con-la-modernizacion-de-su-flota-de-camiones-recolectores\\\/#primaryimage\"},\"thumbnailUrl\":\"https:\\\/\\\/arealorcaradio.es\\\/wp-content\\\/uploads\\\/2025\\\/09\\\/foto1-58.jpeg\",\"articleSection\":[\"ACTUALIDAD\",\"LORCA\"],\"inLanguage\":\"es\",\"potentialAction\":[{\"@type\":\"CommentAction\",\"name\":\"Comment\",\"target\":[\"https:\\\/\\\/arealorcaradio.es\\\/index.php\\\/2025\\\/09\\\/10\\\/lorca-se-posiciona-a-la-vanguardia-en-la-gestion-de-residuos-con-la-modernizacion-de-su-flota-de-camiones-recolectores\\\/#respond\"]}]},{\"@type\":\"WebPage\",\"@id\":\"https:\\\/\\\/arealorcaradio.es\\\/index.php\\\/2025\\\/09\\\/10\\\/lorca-se-posiciona-a-la-vanguardia-en-la-gestion-de-residuos-con-la-modernizacion-de-su-flota-de-camiones-recolectores\\\/\",\"url\":\"https:\\\/\\\/arealorcaradio.es\\\/index.php\\\/2025\\\/09\\\/10\\\/lorca-se-posiciona-a-la-vanguardia-en-la-gestion-de-residuos-con-la-modernizacion-de-su-flota-de-camiones-recolectores\\\/\",\"name\":\"Lorca se posiciona a la vanguardia en la gesti\u00f3n de residuos con la modernizaci\u00f3n de su flota de camiones recolectores - AREA LORCA RADIO\",\"isPartOf\":{\"@id\":\"https:\\\/\\\/arealorcaradio.es\\\/#website\"},\"primaryImageOfPage\":{\"@id\":\"https:\\\/\\\/arealorcaradio.es\\\/index.php\\\/2025\\\/09\\\/10\\\/lorca-se-posiciona-a-la-vanguardia-en-la-gestion-de-residuos-con-la-modernizacion-de-su-flota-de-camiones-recolectores\\\/#primaryimage\"},\"image\":{\"@id\":\"https:\\\/\\\/arealorcaradio.es\\\/index.php\\\/2025\\\/09\\\/10\\\/lorca-se-posiciona-a-la-vanguardia-en-la-gestion-de-residuos-con-la-modernizacion-de-su-flota-de-camiones-recolectores\\\/#primaryimage\"},\"thumbnailUrl\":\"https:\\\/\\\/arealorcaradio.es\\\/wp-content\\\/uploads\\\/2025\\\/09\\\/foto1-58.jpeg\",\"datePublished\":\"2025-09-10T16:59:23+00:00\",\"author\":{\"@id\":\"https:\\\/\\\/arealorcaradio.es\\\/#\\\/schema\\\/person\\\/9fae605fc25b0f2c83c1ab207139bd27\"},\"breadcrumb\":{\"@id\":\"https:\\\/\\\/arealorcaradio.es\\\/index.php\\\/2025\\\/09\\\/10\\\/lorca-se-posiciona-a-la-vanguardia-en-la-gestion-de-residuos-con-la-modernizacion-de-su-flota-de-camiones-recolectores\\\/#breadcrumb\"},\"inLanguage\":\"es\",\"potentialAction\":[{\"@type\":\"ReadAction\",\"target\":[\"https:\\\/\\\/arealorcaradio.es\\\/index.php\\\/2025\\\/09\\\/10\\\/lorca-se-posiciona-a-la-vanguardia-en-la-gestion-de-residuos-con-la-modernizacion-de-su-flota-de-camiones-recolectores\\\/\"]}]},{\"@type\":\"ImageObject\",\"inLanguage\":\"es\",\"@id\":\"https:\\\/\\\/arealorcaradio.es\\\/index.php\\\/2025\\\/09\\\/10\\\/lorca-se-posiciona-a-la-vanguardia-en-la-gestion-de-residuos-con-la-modernizacion-de-su-flota-de-camiones-recolectores\\\/#primaryimage\",\"url\":\"https:\\\/\\\/arealorcaradio.es\\\/wp-content\\\/uploads\\\/2025\\\/09\\\/foto1-58.jpeg\",\"contentUrl\":\"https:\\\/\\\/arealorcaradio.es\\\/wp-content\\\/uploads\\\/2025\\\/09\\\/foto1-58.jpeg\",\"width\":1600,\"height\":1199},{\"@type\":\"BreadcrumbList\",\"@id\":\"https:\\\/\\\/arealorcaradio.es\\\/index.php\\\/2025\\\/09\\\/10\\\/lorca-se-posiciona-a-la-vanguardia-en-la-gestion-de-residuos-con-la-modernizacion-de-su-flota-de-camiones-recolectores\\\/#breadcrumb\",\"itemListElement\":[{\"@type\":\"ListItem\",\"position\":1,\"name\":\"Portada\",\"item\":\"https:\\\/\\\/arealorcaradio.es\\\/\"},{\"@type\":\"ListItem\",\"position\":2,\"name\":\"Lorca se posiciona a la vanguardia en la gesti\u00f3n de residuos con la modernizaci\u00f3n de su flota de camiones recolectores\"}]},{\"@type\":\"WebSite\",\"@id\":\"https:\\\/\\\/arealorcaradio.es\\\/#website\",\"url\":\"https:\\\/\\\/arealorcaradio.es\\\/\",\"name\":\"AREA LORCA RADIO\",\"description\":\"Descubre la programaci\u00f3n actual en \u00c1rea Lorca Radio, tu fuente de entrenamiento y noticias locales. Sintoniza ahora y mantente conectado online.\",\"potentialAction\":[{\"@type\":\"SearchAction\",\"target\":{\"@type\":\"EntryPoint\",\"urlTemplate\":\"https:\\\/\\\/arealorcaradio.es\\\/?s={search_term_string}\"},\"query-input\":{\"@type\":\"PropertyValueSpecification\",\"valueRequired\":true,\"valueName\":\"search_term_string\"}}],\"inLanguage\":\"es\"},{\"@type\":\"Person\",\"@id\":\"https:\\\/\\\/arealorcaradio.es\\\/#\\\/schema\\\/person\\\/9fae605fc25b0f2c83c1ab207139bd27\",\"name\":\"Paco S\u00e1nchez\",\"image\":{\"@type\":\"ImageObject\",\"inLanguage\":\"es\",\"@id\":\"https:\\\/\\\/secure.gravatar.com\\\/avatar\\\/d67144e966420fb74aa84c9f2a0103be4724fd14db52b52d3b6bca749f257e79?s=96&d=mm&r=g\",\"url\":\"https:\\\/\\\/secure.gravatar.com\\\/avatar\\\/d67144e966420fb74aa84c9f2a0103be4724fd14db52b52d3b6bca749f257e79?s=96&d=mm&r=g\",\"contentUrl\":\"https:\\\/\\\/secure.gravatar.com\\\/avatar\\\/d67144e966420fb74aa84c9f2a0103be4724fd14db52b52d3b6bca749f257e79?s=96&d=mm&r=g\",\"caption\":\"Paco S\u00e1nchez\"},\"sameAs\":[\"https:\\\/\\\/arealorcaradio.es\"],\"url\":\"https:\\\/\\\/arealorcaradio.es\\\/index.php\\\/author\\\/admin_alorcaradio\\\/\"}]}<\/script>\n<!-- \/ Yoast SEO plugin. -->","yoast_head_json":{"title":"Lorca se posiciona a la vanguardia en la gesti\u00f3n de residuos con la modernizaci\u00f3n de su flota de camiones recolectores - AREA LORCA RADIO","robots":{"index":"index","follow":"follow","max-snippet":"max-snippet:-1","max-image-preview":"max-image-preview:large","max-video-preview":"max-video-preview:-1"},"canonical":"https:\/\/arealorcaradio.es\/index.php\/2025\/09\/10\/lorca-se-posiciona-a-la-vanguardia-en-la-gestion-de-residuos-con-la-modernizacion-de-su-flota-de-camiones-recolectores\/","og_locale":"es_ES","og_type":"article","og_title":"Lorca se posiciona a la vanguardia en la gesti\u00f3n de residuos con la modernizaci\u00f3n de su flota de camiones recolectores - AREA LORCA RADIO","og_description":"\u00c1REA LORCA RADIO. Actualidad. Lorca, 10 de septiembre de 2025. \u00abEl Gobierno de Lorca cumple y el municipio se posiciona como referente regional en la gesti\u00f3n de residuos\u00bb. As\u00ed lo ha trasladado el alcalde de Lorca, Fulgencio Gil, al anunciar nuevas incorporaciones al parque m\u00f3vil de Limusa, con tres nuevos veh\u00edculos de recogida de residuos, [&hellip;]","og_url":"https:\/\/arealorcaradio.es\/index.php\/2025\/09\/10\/lorca-se-posiciona-a-la-vanguardia-en-la-gestion-de-residuos-con-la-modernizacion-de-su-flota-de-camiones-recolectores\/","og_site_name":"AREA LORCA RADIO","article_published_time":"2025-09-10T16:59:23+00:00","og_image":[{"width":1600,"height":1199,"url":"https:\/\/arealorcaradio.es\/wp-content\/uploads\/2025\/09\/foto1-58.jpeg","type":"image\/jpeg"}],"author":"Paco S\u00e1nchez","twitter_card":"summary_large_image","twitter_misc":{"Escrito por":"Paco S\u00e1nchez","Tiempo de lectura":"4 minutos"},"schema":{"@context":"https:\/\/schema.org","@graph":[{"@type":"Article","@id":"https:\/\/arealorcaradio.es\/index.php\/2025\/09\/10\/lorca-se-posiciona-a-la-vanguardia-en-la-gestion-de-residuos-con-la-modernizacion-de-su-flota-de-camiones-recolectores\/#article","isPartOf":{"@id":"https:\/\/arealorcaradio.es\/index.php\/2025\/09\/10\/lorca-se-posiciona-a-la-vanguardia-en-la-gestion-de-residuos-con-la-modernizacion-de-su-flota-de-camiones-recolectores\/"},"author":{"name":"Paco S\u00e1nchez","@id":"https:\/\/arealorcaradio.es\/#\/schema\/person\/9fae605fc25b0f2c83c1ab207139bd27"},"headline":"Lorca se posiciona a la vanguardia en la gesti\u00f3n de residuos con la modernizaci\u00f3n de su flota de camiones recolectores","datePublished":"2025-09-10T16:59:23+00:00","mainEntityOfPage":{"@id":"https:\/\/arealorcaradio.es\/index.php\/2025\/09\/10\/lorca-se-posiciona-a-la-vanguardia-en-la-gestion-de-residuos-con-la-modernizacion-de-su-flota-de-camiones-recolectores\/"},"wordCount":740,"commentCount":0,"image":{"@id":"https:\/\/arealorcaradio.es\/index.php\/2025\/09\/10\/lorca-se-posiciona-a-la-vanguardia-en-la-gestion-de-residuos-con-la-modernizacion-de-su-flota-de-camiones-recolectores\/#primaryimage"},"thumbnailUrl":"https:\/\/arealorcaradio.es\/wp-content\/uploads\/2025\/09\/foto1-58.jpeg","articleSection":["ACTUALIDAD","LORCA"],"inLanguage":"es","potentialAction":[{"@type":"CommentAction","name":"Comment","target":["https:\/\/arealorcaradio.es\/index.php\/2025\/09\/10\/lorca-se-posiciona-a-la-vanguardia-en-la-gestion-de-residuos-con-la-modernizacion-de-su-flota-de-camiones-recolectores\/#respond"]}]},{"@type":"WebPage","@id":"https:\/\/arealorcaradio.es\/index.php\/2025\/09\/10\/lorca-se-posiciona-a-la-vanguardia-en-la-gestion-de-residuos-con-la-modernizacion-de-su-flota-de-camiones-recolectores\/","url":"https:\/\/arealorcaradio.es\/index.php\/2025\/09\/10\/lorca-se-posiciona-a-la-vanguardia-en-la-gestion-de-residuos-con-la-modernizacion-de-su-flota-de-camiones-recolectores\/","name":"Lorca se posiciona a la vanguardia en la gesti\u00f3n de residuos con la modernizaci\u00f3n de su flota de camiones recolectores - AREA LORCA RADIO","isPartOf":{"@id":"https:\/\/arealorcaradio.es\/#website"},"primaryImageOfPage":{"@id":"https:\/\/arealorcaradio.es\/index.php\/2025\/09\/10\/lorca-se-posiciona-a-la-vanguardia-en-la-gestion-de-residuos-con-la-modernizacion-de-su-flota-de-camiones-recolectores\/#primaryimage"},"image":{"@id":"https:\/\/arealorcaradio.es\/index.php\/2025\/09\/10\/lorca-se-posiciona-a-la-vanguardia-en-la-gestion-de-residuos-con-la-modernizacion-de-su-flota-de-camiones-recolectores\/#primaryimage"},"thumbnailUrl":"https:\/\/arealorcaradio.es\/wp-content\/uploads\/2025\/09\/foto1-58.jpeg","datePublished":"2025-09-10T16:59:23+00:00","author":{"@id":"https:\/\/arealorcaradio.es\/#\/schema\/person\/9fae605fc25b0f2c83c1ab207139bd27"},"breadcrumb":{"@id":"https:\/\/arealorcaradio.es\/index.php\/2025\/09\/10\/lorca-se-posiciona-a-la-vanguardia-en-la-gestion-de-residuos-con-la-modernizacion-de-su-flota-de-camiones-recolectores\/#breadcrumb"},"inLanguage":"es","potentialAction":[{"@type":"ReadAction","target":["https:\/\/arealorcaradio.es\/index.php\/2025\/09\/10\/lorca-se-posiciona-a-la-vanguardia-en-la-gestion-de-residuos-con-la-modernizacion-de-su-flota-de-camiones-recolectores\/"]}]},{"@type":"ImageObject","inLanguage":"es","@id":"https:\/\/arealorcaradio.es\/index.php\/2025\/09\/10\/lorca-se-posiciona-a-la-vanguardia-en-la-gestion-de-residuos-con-la-modernizacion-de-su-flota-de-camiones-recolectores\/#primaryimage","url":"https:\/\/arealorcaradio.es\/wp-content\/uploads\/2025\/09\/foto1-58.jpeg","contentUrl":"https:\/\/arealorcaradio.es\/wp-content\/uploads\/2025\/09\/foto1-58.jpeg","width":1600,"height":1199},{"@type":"BreadcrumbList","@id":"https:\/\/arealorcaradio.es\/index.php\/2025\/09\/10\/lorca-se-posiciona-a-la-vanguardia-en-la-gestion-de-residuos-con-la-modernizacion-de-su-flota-de-camiones-recolectores\/#breadcrumb","itemListElement":[{"@type":"ListItem","position":1,"name":"Portada","item":"https:\/\/arealorcaradio.es\/"},{"@type":"ListItem","position":2,"name":"Lorca se posiciona a la vanguardia en la gesti\u00f3n de residuos con la modernizaci\u00f3n de su flota de camiones recolectores"}]},{"@type":"WebSite","@id":"https:\/\/arealorcaradio.es\/#website","url":"https:\/\/arealorcaradio.es\/","name":"AREA LORCA RADIO","description":"Descubre la programaci\u00f3n actual en \u00c1rea Lorca Radio, tu fuente de entrenamiento y noticias locales. Sintoniza ahora y mantente conectado online.","potentialAction":[{"@type":"SearchAction","target":{"@type":"EntryPoint","urlTemplate":"https:\/\/arealorcaradio.es\/?s={search_term_string}"},"query-input":{"@type":"PropertyValueSpecification","valueRequired":true,"valueName":"search_term_string"}}],"inLanguage":"es"},{"@type":"Person","@id":"https:\/\/arealorcaradio.es\/#\/schema\/person\/9fae605fc25b0f2c83c1ab207139bd27","name":"Paco S\u00e1nchez","image":{"@type":"ImageObject","inLanguage":"es","@id":"https:\/\/secure.gravatar.com\/avatar\/d67144e966420fb74aa84c9f2a0103be4724fd14db52b52d3b6bca749f257e79?s=96&d=mm&r=g","url":"https:\/\/secure.gravatar.com\/avatar\/d67144e966420fb74aa84c9f2a0103be4724fd14db52b52d3b6bca749f257e79?s=96&d=mm&r=g","contentUrl":"https:\/\/secure.gravatar.com\/avatar\/d67144e966420fb74aa84c9f2a0103be4724fd14db52b52d3b6bca749f257e79?s=96&d=mm&r=g","caption":"Paco S\u00e1nchez"},"sameAs":["https:\/\/arealorcaradio.es"],"url":"https:\/\/arealorcaradio.es\/index.php\/author\/admin_alorcaradio\/"}]}},"_links":{"self":[{"href":"https:\/\/arealorcaradio.es\/index.php\/wp-json\/wp\/v2\/posts\/7757","targetHints":{"allow":["GET"]}}],"collection":[{"href":"https:\/\/arealorcaradio.es\/index.php\/wp-json\/wp\/v2\/posts"}],"about":[{"href":"https:\/\/arealorcaradio.es\/index.php\/wp-json\/wp\/v2\/types\/post"}],"author":[{"embeddable":true,"href":"https:\/\/arealorcaradio.es\/index.php\/wp-json\/wp\/v2\/users\/1"}],"replies":[{"embeddable":true,"href":"https:\/\/arealorcaradio.es\/index.php\/wp-json\/wp\/v2\/comments?post=7757"}],"version-history":[{"count":2,"href":"https:\/\/arealorcaradio.es\/index.php\/wp-json\/wp\/v2\/posts\/7757\/revisions"}],"predecessor-version":[{"id":7762,"href":"https:\/\/arealorcaradio.es\/index.php\/wp-json\/wp\/v2\/posts\/7757\/revisions\/7762"}],"wp:featuredmedia":[{"embeddable":true,"href":"https:\/\/arealorcaradio.es\/index.php\/wp-json\/wp\/v2\/media\/7758"}],"wp:attachment":[{"href":"https:\/\/arealorcaradio.es\/index.php\/wp-json\/wp\/v2\/media?parent=7757"}],"wp:term":[{"taxonomy":"category","embeddable":true,"href":"https:\/\/arealorcaradio.es\/index.php\/wp-json\/wp\/v2\/categories?post=7757"},{"taxonomy":"post_tag","embeddable":true,"href":"https:\/\/arealorcaradio.es\/index.php\/wp-json\/wp\/v2\/tags?post=7757"}],"curies":[{"name":"wp","href":"https:\/\/api.w.org\/{rel}","templated":true}]}}