{"id":7669,"date":"2025-09-03T17:01:13","date_gmt":"2025-09-03T17:01:13","guid":{"rendered":"https:\/\/arealorcaradio.es\/?p=7669"},"modified":"2025-09-03T17:13:23","modified_gmt":"2025-09-03T17:13:23","slug":"manu-garcia-desde-el-equipo-ciclista-brocoli-mecanico-nuestro-objetivo-es-formar-tanto-a-chicos-como-chicas-y-lo-estamos-consiguiendo","status":"publish","type":"post","link":"https:\/\/arealorcaradio.es\/index.php\/2025\/09\/03\/manu-garcia-desde-el-equipo-ciclista-brocoli-mecanico-nuestro-objetivo-es-formar-tanto-a-chicos-como-chicas-y-lo-estamos-consiguiendo\/","title":{"rendered":"Manu Garc\u00eda: \u00abDesde el equipo ciclista Br\u00f3coli Mec\u00e1nico nuestro objetivo es formar tanto a chicos como chicas y lo estamos consiguiendo\u00bb"},"content":{"rendered":"<p><strong>\u00c1REA LORCA RADIO. Deportes.<\/strong><\/p>\n<p>Escucha aqu\u00ed la entrevista que ha concedido a Paco S\u00e1nchez, el director deportivo y ejecutivo del Br\u00f3coli Mec\u00e1nico Sakata Lorca, Manu Garc\u00eda qui\u00e9n habla de los j\u00f3venes valores que vienen apuntando muy alto como son Luz M\u00e1rquez, el juvenil Salvador Ayala y el cadete Juan Bastida. Manu Garc\u00eda tambi\u00e9n ha comentado en su intervenci\u00f3n que la delegaci\u00f3n Organizadora de Pruebas deportivas de la que forma parte y que organiza la Vuelta Ciclista al Guadalent\u00edn ha recibido una importante llamada de la Federaci\u00f3n Espa\u00f1ola de Ciclismo ofreci\u00e9ndole la organizaci\u00f3n de una importante prueba. En un futuro cercano se crea una nueva Supercopa de Espa\u00f1a en la que muy posible participar\u00e1 el Br\u00f3coli Mec\u00e1nico, la Vuelta al Guadalent\u00edn esta propuesta para que pase a categor\u00eda a 2.2 profesional, por lo que posiblemente pasar\u00e1 a tener cuatro etapas si finalmente se confirma. En este sentido Manu Garc\u00eda se muestra ilusionado y falta lo importante, el tema econ\u00f3mico con la aportaci\u00f3n de los patrocinadores.<\/p>\n<audio class=\"wp-audio-shortcode\" id=\"audio-7669-1\" preload=\"none\" style=\"width: 100%;\" controls=\"controls\"><source type=\"audio\/mpeg\" src=\"https:\/\/arealorcaradio.es\/wp-content\/uploads\/2025\/09\/030925-MANU-GARCIA.-BROCOLI-MECANICO.mp3?_=1\" \/><a href=\"https:\/\/arealorcaradio.es\/wp-content\/uploads\/2025\/09\/030925-MANU-GARCIA.-BROCOLI-MECANICO.mp3\">https:\/\/arealorcaradio.es\/wp-content\/uploads\/2025\/09\/030925-MANU-GARCIA.-BROCOLI-MECANICO.mp3<\/a><\/audio>\n<p><img loading=\"lazy\" decoding=\"async\" class=\"alignnone size-medium wp-image-7671\" src=\"https:\/\/arealorcaradio.es\/wp-content\/uploads\/2025\/09\/brocoli-mecanico-300x169.jpg\" alt=\"\" width=\"300\" height=\"169\" srcset=\"https:\/\/arealorcaradio.es\/wp-content\/uploads\/2025\/09\/brocoli-mecanico-300x169.jpg 300w, https:\/\/arealorcaradio.es\/wp-content\/uploads\/2025\/09\/brocoli-mecanico-1024x576.jpg 1024w, https:\/\/arealorcaradio.es\/wp-content\/uploads\/2025\/09\/brocoli-mecanico-768x432.jpg 768w, https:\/\/arealorcaradio.es\/wp-content\/uploads\/2025\/09\/brocoli-mecanico-1536x864.jpg 1536w, https:\/\/arealorcaradio.es\/wp-content\/uploads\/2025\/09\/brocoli-mecanico.jpg 1600w\" sizes=\"auto, (max-width: 300px) 100vw, 300px\" \/><\/p>\n","protected":false},"excerpt":{"rendered":"<p>\u00c1REA LORCA RADIO. Deportes. Escucha aqu\u00ed la entrevista que ha concedido a Paco S\u00e1nchez, el director deportivo y ejecutivo del Br\u00f3coli Mec\u00e1nico Sakata Lorca, Manu Garc\u00eda qui\u00e9n habla de los j\u00f3venes valores que vienen apuntando muy alto como son Luz M\u00e1rquez, el juvenil Salvador Ayala y el cadete Juan Bastida. Manu Garc\u00eda tambi\u00e9n ha comentado [&hellip;]<\/p>\n","protected":false},"author":1,"featured_media":7672,"comment_status":"open","ping_status":"open","sticky":false,"template":"","format":"standard","meta":{"iawp_total_views":88,"footnotes":""},"categories":[4,7],"tags":[],"class_list":["post-7669","post","type-post","status-publish","format-standard","has-post-thumbnail","hentry","category-deportes","category-lorca"],"yoast_head":"<!-- This site is optimized with the Yoast SEO plugin v27.4 - https:\/\/yoast.com\/product\/yoast-seo-wordpress\/ -->\n<title>Manu Garc\u00eda: &quot;Desde el equipo ciclista Br\u00f3coli Mec\u00e1nico nuestro objetivo es formar tanto a chicos como chicas y lo estamos consiguiendo&quot; - AREA LORCA RADIO<\/title>\n<meta name=\"robots\" content=\"index, follow, max-snippet:-1, max-image-preview:large, max-video-preview:-1\" \/>\n<link rel=\"canonical\" href=\"https:\/\/arealorcaradio.es\/index.php\/2025\/09\/03\/manu-garcia-desde-el-equipo-ciclista-brocoli-mecanico-nuestro-objetivo-es-formar-tanto-a-chicos-como-chicas-y-lo-estamos-consiguiendo\/\" \/>\n<meta property=\"og:locale\" content=\"es_ES\" \/>\n<meta property=\"og:type\" content=\"article\" \/>\n<meta property=\"og:title\" content=\"Manu Garc\u00eda: &quot;Desde el equipo ciclista Br\u00f3coli Mec\u00e1nico nuestro objetivo es formar tanto a chicos como chicas y lo estamos consiguiendo&quot; - AREA LORCA RADIO\" \/>\n<meta property=\"og:description\" content=\"\u00c1REA LORCA RADIO. Deportes. Escucha aqu\u00ed la entrevista que ha concedido a Paco S\u00e1nchez, el director deportivo y ejecutivo del Br\u00f3coli Mec\u00e1nico Sakata Lorca, Manu Garc\u00eda qui\u00e9n habla de los j\u00f3venes valores que vienen apuntando muy alto como son Luz M\u00e1rquez, el juvenil Salvador Ayala y el cadete Juan Bastida. Manu Garc\u00eda tambi\u00e9n ha comentado [&hellip;]\" \/>\n<meta property=\"og:url\" content=\"https:\/\/arealorcaradio.es\/index.php\/2025\/09\/03\/manu-garcia-desde-el-equipo-ciclista-brocoli-mecanico-nuestro-objetivo-es-formar-tanto-a-chicos-como-chicas-y-lo-estamos-consiguiendo\/\" \/>\n<meta property=\"og:site_name\" content=\"AREA LORCA RADIO\" \/>\n<meta property=\"article:published_time\" content=\"2025-09-03T17:01:13+00:00\" \/>\n<meta property=\"article:modified_time\" content=\"2025-09-03T17:13:23+00:00\" \/>\n<meta property=\"og:image\" content=\"https:\/\/arealorcaradio.es\/wp-content\/uploads\/2025\/09\/Manu-Garcia.-Brocoli-scaled.jpg\" \/>\n\t<meta property=\"og:image:width\" content=\"2560\" \/>\n\t<meta property=\"og:image:height\" content=\"1920\" \/>\n\t<meta property=\"og:image:type\" content=\"image\/jpeg\" \/>\n<meta name=\"author\" content=\"Paco S\u00e1nchez\" \/>\n<meta name=\"twitter:card\" content=\"summary_large_image\" \/>\n<meta name=\"twitter:label1\" content=\"Escrito por\" \/>\n\t<meta name=\"twitter:data1\" content=\"Paco S\u00e1nchez\" \/>\n\t<meta name=\"twitter:label2\" content=\"Tiempo de lectura\" \/>\n\t<meta name=\"twitter:data2\" content=\"2 minutos\" \/>\n<script type=\"application\/ld+json\" class=\"yoast-schema-graph\">{\"@context\":\"https:\\\/\\\/schema.org\",\"@graph\":[{\"@type\":\"Article\",\"@id\":\"https:\\\/\\\/arealorcaradio.es\\\/index.php\\\/2025\\\/09\\\/03\\\/manu-garcia-desde-el-equipo-ciclista-brocoli-mecanico-nuestro-objetivo-es-formar-tanto-a-chicos-como-chicas-y-lo-estamos-consiguiendo\\\/#article\",\"isPartOf\":{\"@id\":\"https:\\\/\\\/arealorcaradio.es\\\/index.php\\\/2025\\\/09\\\/03\\\/manu-garcia-desde-el-equipo-ciclista-brocoli-mecanico-nuestro-objetivo-es-formar-tanto-a-chicos-como-chicas-y-lo-estamos-consiguiendo\\\/\"},\"author\":{\"name\":\"Paco S\u00e1nchez\",\"@id\":\"https:\\\/\\\/arealorcaradio.es\\\/#\\\/schema\\\/person\\\/9fae605fc25b0f2c83c1ab207139bd27\"},\"headline\":\"Manu Garc\u00eda: \u00abDesde el equipo ciclista Br\u00f3coli Mec\u00e1nico nuestro objetivo es formar tanto a chicos como chicas y lo estamos consiguiendo\u00bb\",\"datePublished\":\"2025-09-03T17:01:13+00:00\",\"dateModified\":\"2025-09-03T17:13:23+00:00\",\"mainEntityOfPage\":{\"@id\":\"https:\\\/\\\/arealorcaradio.es\\\/index.php\\\/2025\\\/09\\\/03\\\/manu-garcia-desde-el-equipo-ciclista-brocoli-mecanico-nuestro-objetivo-es-formar-tanto-a-chicos-como-chicas-y-lo-estamos-consiguiendo\\\/\"},\"wordCount\":222,\"commentCount\":0,\"image\":{\"@id\":\"https:\\\/\\\/arealorcaradio.es\\\/index.php\\\/2025\\\/09\\\/03\\\/manu-garcia-desde-el-equipo-ciclista-brocoli-mecanico-nuestro-objetivo-es-formar-tanto-a-chicos-como-chicas-y-lo-estamos-consiguiendo\\\/#primaryimage\"},\"thumbnailUrl\":\"https:\\\/\\\/arealorcaradio.es\\\/wp-content\\\/uploads\\\/2025\\\/09\\\/Manu-Garcia.-Brocoli-scaled.jpg\",\"articleSection\":[\"DEPORTES\",\"LORCA\"],\"inLanguage\":\"es\",\"potentialAction\":[{\"@type\":\"CommentAction\",\"name\":\"Comment\",\"target\":[\"https:\\\/\\\/arealorcaradio.es\\\/index.php\\\/2025\\\/09\\\/03\\\/manu-garcia-desde-el-equipo-ciclista-brocoli-mecanico-nuestro-objetivo-es-formar-tanto-a-chicos-como-chicas-y-lo-estamos-consiguiendo\\\/#respond\"]}]},{\"@type\":\"WebPage\",\"@id\":\"https:\\\/\\\/arealorcaradio.es\\\/index.php\\\/2025\\\/09\\\/03\\\/manu-garcia-desde-el-equipo-ciclista-brocoli-mecanico-nuestro-objetivo-es-formar-tanto-a-chicos-como-chicas-y-lo-estamos-consiguiendo\\\/\",\"url\":\"https:\\\/\\\/arealorcaradio.es\\\/index.php\\\/2025\\\/09\\\/03\\\/manu-garcia-desde-el-equipo-ciclista-brocoli-mecanico-nuestro-objetivo-es-formar-tanto-a-chicos-como-chicas-y-lo-estamos-consiguiendo\\\/\",\"name\":\"Manu Garc\u00eda: \\\"Desde el equipo ciclista Br\u00f3coli Mec\u00e1nico nuestro objetivo es formar tanto a chicos como chicas y lo estamos consiguiendo\\\" - AREA LORCA RADIO\",\"isPartOf\":{\"@id\":\"https:\\\/\\\/arealorcaradio.es\\\/#website\"},\"primaryImageOfPage\":{\"@id\":\"https:\\\/\\\/arealorcaradio.es\\\/index.php\\\/2025\\\/09\\\/03\\\/manu-garcia-desde-el-equipo-ciclista-brocoli-mecanico-nuestro-objetivo-es-formar-tanto-a-chicos-como-chicas-y-lo-estamos-consiguiendo\\\/#primaryimage\"},\"image\":{\"@id\":\"https:\\\/\\\/arealorcaradio.es\\\/index.php\\\/2025\\\/09\\\/03\\\/manu-garcia-desde-el-equipo-ciclista-brocoli-mecanico-nuestro-objetivo-es-formar-tanto-a-chicos-como-chicas-y-lo-estamos-consiguiendo\\\/#primaryimage\"},\"thumbnailUrl\":\"https:\\\/\\\/arealorcaradio.es\\\/wp-content\\\/uploads\\\/2025\\\/09\\\/Manu-Garcia.-Brocoli-scaled.jpg\",\"datePublished\":\"2025-09-03T17:01:13+00:00\",\"dateModified\":\"2025-09-03T17:13:23+00:00\",\"author\":{\"@id\":\"https:\\\/\\\/arealorcaradio.es\\\/#\\\/schema\\\/person\\\/9fae605fc25b0f2c83c1ab207139bd27\"},\"breadcrumb\":{\"@id\":\"https:\\\/\\\/arealorcaradio.es\\\/index.php\\\/2025\\\/09\\\/03\\\/manu-garcia-desde-el-equipo-ciclista-brocoli-mecanico-nuestro-objetivo-es-formar-tanto-a-chicos-como-chicas-y-lo-estamos-consiguiendo\\\/#breadcrumb\"},\"inLanguage\":\"es\",\"potentialAction\":[{\"@type\":\"ReadAction\",\"target\":[\"https:\\\/\\\/arealorcaradio.es\\\/index.php\\\/2025\\\/09\\\/03\\\/manu-garcia-desde-el-equipo-ciclista-brocoli-mecanico-nuestro-objetivo-es-formar-tanto-a-chicos-como-chicas-y-lo-estamos-consiguiendo\\\/\"]}]},{\"@type\":\"ImageObject\",\"inLanguage\":\"es\",\"@id\":\"https:\\\/\\\/arealorcaradio.es\\\/index.php\\\/2025\\\/09\\\/03\\\/manu-garcia-desde-el-equipo-ciclista-brocoli-mecanico-nuestro-objetivo-es-formar-tanto-a-chicos-como-chicas-y-lo-estamos-consiguiendo\\\/#primaryimage\",\"url\":\"https:\\\/\\\/arealorcaradio.es\\\/wp-content\\\/uploads\\\/2025\\\/09\\\/Manu-Garcia.-Brocoli-scaled.jpg\",\"contentUrl\":\"https:\\\/\\\/arealorcaradio.es\\\/wp-content\\\/uploads\\\/2025\\\/09\\\/Manu-Garcia.-Brocoli-scaled.jpg\",\"width\":2560,\"height\":1920},{\"@type\":\"BreadcrumbList\",\"@id\":\"https:\\\/\\\/arealorcaradio.es\\\/index.php\\\/2025\\\/09\\\/03\\\/manu-garcia-desde-el-equipo-ciclista-brocoli-mecanico-nuestro-objetivo-es-formar-tanto-a-chicos-como-chicas-y-lo-estamos-consiguiendo\\\/#breadcrumb\",\"itemListElement\":[{\"@type\":\"ListItem\",\"position\":1,\"name\":\"Portada\",\"item\":\"https:\\\/\\\/arealorcaradio.es\\\/\"},{\"@type\":\"ListItem\",\"position\":2,\"name\":\"Manu Garc\u00eda: \u00abDesde el equipo ciclista Br\u00f3coli Mec\u00e1nico nuestro objetivo es formar tanto a chicos como chicas y lo estamos consiguiendo\u00bb\"}]},{\"@type\":\"WebSite\",\"@id\":\"https:\\\/\\\/arealorcaradio.es\\\/#website\",\"url\":\"https:\\\/\\\/arealorcaradio.es\\\/\",\"name\":\"AREA LORCA RADIO\",\"description\":\"Descubre la programaci\u00f3n actual en \u00c1rea Lorca Radio, tu fuente de entrenamiento y noticias locales. Sintoniza ahora y mantente conectado online.\",\"potentialAction\":[{\"@type\":\"SearchAction\",\"target\":{\"@type\":\"EntryPoint\",\"urlTemplate\":\"https:\\\/\\\/arealorcaradio.es\\\/?s={search_term_string}\"},\"query-input\":{\"@type\":\"PropertyValueSpecification\",\"valueRequired\":true,\"valueName\":\"search_term_string\"}}],\"inLanguage\":\"es\"},{\"@type\":\"Person\",\"@id\":\"https:\\\/\\\/arealorcaradio.es\\\/#\\\/schema\\\/person\\\/9fae605fc25b0f2c83c1ab207139bd27\",\"name\":\"Paco S\u00e1nchez\",\"image\":{\"@type\":\"ImageObject\",\"inLanguage\":\"es\",\"@id\":\"https:\\\/\\\/secure.gravatar.com\\\/avatar\\\/d67144e966420fb74aa84c9f2a0103be4724fd14db52b52d3b6bca749f257e79?s=96&d=mm&r=g\",\"url\":\"https:\\\/\\\/secure.gravatar.com\\\/avatar\\\/d67144e966420fb74aa84c9f2a0103be4724fd14db52b52d3b6bca749f257e79?s=96&d=mm&r=g\",\"contentUrl\":\"https:\\\/\\\/secure.gravatar.com\\\/avatar\\\/d67144e966420fb74aa84c9f2a0103be4724fd14db52b52d3b6bca749f257e79?s=96&d=mm&r=g\",\"caption\":\"Paco S\u00e1nchez\"},\"sameAs\":[\"https:\\\/\\\/arealorcaradio.es\"],\"url\":\"https:\\\/\\\/arealorcaradio.es\\\/index.php\\\/author\\\/admin_alorcaradio\\\/\"}]}<\/script>\n<!-- \/ Yoast SEO plugin. -->","yoast_head_json":{"title":"Manu Garc\u00eda: \"Desde el equipo ciclista Br\u00f3coli Mec\u00e1nico nuestro objetivo es formar tanto a chicos como chicas y lo estamos consiguiendo\" - AREA LORCA RADIO","robots":{"index":"index","follow":"follow","max-snippet":"max-snippet:-1","max-image-preview":"max-image-preview:large","max-video-preview":"max-video-preview:-1"},"canonical":"https:\/\/arealorcaradio.es\/index.php\/2025\/09\/03\/manu-garcia-desde-el-equipo-ciclista-brocoli-mecanico-nuestro-objetivo-es-formar-tanto-a-chicos-como-chicas-y-lo-estamos-consiguiendo\/","og_locale":"es_ES","og_type":"article","og_title":"Manu Garc\u00eda: \"Desde el equipo ciclista Br\u00f3coli Mec\u00e1nico nuestro objetivo es formar tanto a chicos como chicas y lo estamos consiguiendo\" - AREA LORCA RADIO","og_description":"\u00c1REA LORCA RADIO. Deportes. Escucha aqu\u00ed la entrevista que ha concedido a Paco S\u00e1nchez, el director deportivo y ejecutivo del Br\u00f3coli Mec\u00e1nico Sakata Lorca, Manu Garc\u00eda qui\u00e9n habla de los j\u00f3venes valores que vienen apuntando muy alto como son Luz M\u00e1rquez, el juvenil Salvador Ayala y el cadete Juan Bastida. Manu Garc\u00eda tambi\u00e9n ha comentado [&hellip;]","og_url":"https:\/\/arealorcaradio.es\/index.php\/2025\/09\/03\/manu-garcia-desde-el-equipo-ciclista-brocoli-mecanico-nuestro-objetivo-es-formar-tanto-a-chicos-como-chicas-y-lo-estamos-consiguiendo\/","og_site_name":"AREA LORCA RADIO","article_published_time":"2025-09-03T17:01:13+00:00","article_modified_time":"2025-09-03T17:13:23+00:00","og_image":[{"width":2560,"height":1920,"url":"https:\/\/arealorcaradio.es\/wp-content\/uploads\/2025\/09\/Manu-Garcia.-Brocoli-scaled.jpg","type":"image\/jpeg"}],"author":"Paco S\u00e1nchez","twitter_card":"summary_large_image","twitter_misc":{"Escrito por":"Paco S\u00e1nchez","Tiempo de lectura":"2 minutos"},"schema":{"@context":"https:\/\/schema.org","@graph":[{"@type":"Article","@id":"https:\/\/arealorcaradio.es\/index.php\/2025\/09\/03\/manu-garcia-desde-el-equipo-ciclista-brocoli-mecanico-nuestro-objetivo-es-formar-tanto-a-chicos-como-chicas-y-lo-estamos-consiguiendo\/#article","isPartOf":{"@id":"https:\/\/arealorcaradio.es\/index.php\/2025\/09\/03\/manu-garcia-desde-el-equipo-ciclista-brocoli-mecanico-nuestro-objetivo-es-formar-tanto-a-chicos-como-chicas-y-lo-estamos-consiguiendo\/"},"author":{"name":"Paco S\u00e1nchez","@id":"https:\/\/arealorcaradio.es\/#\/schema\/person\/9fae605fc25b0f2c83c1ab207139bd27"},"headline":"Manu Garc\u00eda: \u00abDesde el equipo ciclista Br\u00f3coli Mec\u00e1nico nuestro objetivo es formar tanto a chicos como chicas y lo estamos consiguiendo\u00bb","datePublished":"2025-09-03T17:01:13+00:00","dateModified":"2025-09-03T17:13:23+00:00","mainEntityOfPage":{"@id":"https:\/\/arealorcaradio.es\/index.php\/2025\/09\/03\/manu-garcia-desde-el-equipo-ciclista-brocoli-mecanico-nuestro-objetivo-es-formar-tanto-a-chicos-como-chicas-y-lo-estamos-consiguiendo\/"},"wordCount":222,"commentCount":0,"image":{"@id":"https:\/\/arealorcaradio.es\/index.php\/2025\/09\/03\/manu-garcia-desde-el-equipo-ciclista-brocoli-mecanico-nuestro-objetivo-es-formar-tanto-a-chicos-como-chicas-y-lo-estamos-consiguiendo\/#primaryimage"},"thumbnailUrl":"https:\/\/arealorcaradio.es\/wp-content\/uploads\/2025\/09\/Manu-Garcia.-Brocoli-scaled.jpg","articleSection":["DEPORTES","LORCA"],"inLanguage":"es","potentialAction":[{"@type":"CommentAction","name":"Comment","target":["https:\/\/arealorcaradio.es\/index.php\/2025\/09\/03\/manu-garcia-desde-el-equipo-ciclista-brocoli-mecanico-nuestro-objetivo-es-formar-tanto-a-chicos-como-chicas-y-lo-estamos-consiguiendo\/#respond"]}]},{"@type":"WebPage","@id":"https:\/\/arealorcaradio.es\/index.php\/2025\/09\/03\/manu-garcia-desde-el-equipo-ciclista-brocoli-mecanico-nuestro-objetivo-es-formar-tanto-a-chicos-como-chicas-y-lo-estamos-consiguiendo\/","url":"https:\/\/arealorcaradio.es\/index.php\/2025\/09\/03\/manu-garcia-desde-el-equipo-ciclista-brocoli-mecanico-nuestro-objetivo-es-formar-tanto-a-chicos-como-chicas-y-lo-estamos-consiguiendo\/","name":"Manu Garc\u00eda: \"Desde el equipo ciclista Br\u00f3coli Mec\u00e1nico nuestro objetivo es formar tanto a chicos como chicas y lo estamos consiguiendo\" - AREA LORCA RADIO","isPartOf":{"@id":"https:\/\/arealorcaradio.es\/#website"},"primaryImageOfPage":{"@id":"https:\/\/arealorcaradio.es\/index.php\/2025\/09\/03\/manu-garcia-desde-el-equipo-ciclista-brocoli-mecanico-nuestro-objetivo-es-formar-tanto-a-chicos-como-chicas-y-lo-estamos-consiguiendo\/#primaryimage"},"image":{"@id":"https:\/\/arealorcaradio.es\/index.php\/2025\/09\/03\/manu-garcia-desde-el-equipo-ciclista-brocoli-mecanico-nuestro-objetivo-es-formar-tanto-a-chicos-como-chicas-y-lo-estamos-consiguiendo\/#primaryimage"},"thumbnailUrl":"https:\/\/arealorcaradio.es\/wp-content\/uploads\/2025\/09\/Manu-Garcia.-Brocoli-scaled.jpg","datePublished":"2025-09-03T17:01:13+00:00","dateModified":"2025-09-03T17:13:23+00:00","author":{"@id":"https:\/\/arealorcaradio.es\/#\/schema\/person\/9fae605fc25b0f2c83c1ab207139bd27"},"breadcrumb":{"@id":"https:\/\/arealorcaradio.es\/index.php\/2025\/09\/03\/manu-garcia-desde-el-equipo-ciclista-brocoli-mecanico-nuestro-objetivo-es-formar-tanto-a-chicos-como-chicas-y-lo-estamos-consiguiendo\/#breadcrumb"},"inLanguage":"es","potentialAction":[{"@type":"ReadAction","target":["https:\/\/arealorcaradio.es\/index.php\/2025\/09\/03\/manu-garcia-desde-el-equipo-ciclista-brocoli-mecanico-nuestro-objetivo-es-formar-tanto-a-chicos-como-chicas-y-lo-estamos-consiguiendo\/"]}]},{"@type":"ImageObject","inLanguage":"es","@id":"https:\/\/arealorcaradio.es\/index.php\/2025\/09\/03\/manu-garcia-desde-el-equipo-ciclista-brocoli-mecanico-nuestro-objetivo-es-formar-tanto-a-chicos-como-chicas-y-lo-estamos-consiguiendo\/#primaryimage","url":"https:\/\/arealorcaradio.es\/wp-content\/uploads\/2025\/09\/Manu-Garcia.-Brocoli-scaled.jpg","contentUrl":"https:\/\/arealorcaradio.es\/wp-content\/uploads\/2025\/09\/Manu-Garcia.-Brocoli-scaled.jpg","width":2560,"height":1920},{"@type":"BreadcrumbList","@id":"https:\/\/arealorcaradio.es\/index.php\/2025\/09\/03\/manu-garcia-desde-el-equipo-ciclista-brocoli-mecanico-nuestro-objetivo-es-formar-tanto-a-chicos-como-chicas-y-lo-estamos-consiguiendo\/#breadcrumb","itemListElement":[{"@type":"ListItem","position":1,"name":"Portada","item":"https:\/\/arealorcaradio.es\/"},{"@type":"ListItem","position":2,"name":"Manu Garc\u00eda: \u00abDesde el equipo ciclista Br\u00f3coli Mec\u00e1nico nuestro objetivo es formar tanto a chicos como chicas y lo estamos consiguiendo\u00bb"}]},{"@type":"WebSite","@id":"https:\/\/arealorcaradio.es\/#website","url":"https:\/\/arealorcaradio.es\/","name":"AREA LORCA RADIO","description":"Descubre la programaci\u00f3n actual en \u00c1rea Lorca Radio, tu fuente de entrenamiento y noticias locales. Sintoniza ahora y mantente conectado online.","potentialAction":[{"@type":"SearchAction","target":{"@type":"EntryPoint","urlTemplate":"https:\/\/arealorcaradio.es\/?s={search_term_string}"},"query-input":{"@type":"PropertyValueSpecification","valueRequired":true,"valueName":"search_term_string"}}],"inLanguage":"es"},{"@type":"Person","@id":"https:\/\/arealorcaradio.es\/#\/schema\/person\/9fae605fc25b0f2c83c1ab207139bd27","name":"Paco S\u00e1nchez","image":{"@type":"ImageObject","inLanguage":"es","@id":"https:\/\/secure.gravatar.com\/avatar\/d67144e966420fb74aa84c9f2a0103be4724fd14db52b52d3b6bca749f257e79?s=96&d=mm&r=g","url":"https:\/\/secure.gravatar.com\/avatar\/d67144e966420fb74aa84c9f2a0103be4724fd14db52b52d3b6bca749f257e79?s=96&d=mm&r=g","contentUrl":"https:\/\/secure.gravatar.com\/avatar\/d67144e966420fb74aa84c9f2a0103be4724fd14db52b52d3b6bca749f257e79?s=96&d=mm&r=g","caption":"Paco S\u00e1nchez"},"sameAs":["https:\/\/arealorcaradio.es"],"url":"https:\/\/arealorcaradio.es\/index.php\/author\/admin_alorcaradio\/"}]}},"_links":{"self":[{"href":"https:\/\/arealorcaradio.es\/index.php\/wp-json\/wp\/v2\/posts\/7669","targetHints":{"allow":["GET"]}}],"collection":[{"href":"https:\/\/arealorcaradio.es\/index.php\/wp-json\/wp\/v2\/posts"}],"about":[{"href":"https:\/\/arealorcaradio.es\/index.php\/wp-json\/wp\/v2\/types\/post"}],"author":[{"embeddable":true,"href":"https:\/\/arealorcaradio.es\/index.php\/wp-json\/wp\/v2\/users\/1"}],"replies":[{"embeddable":true,"href":"https:\/\/arealorcaradio.es\/index.php\/wp-json\/wp\/v2\/comments?post=7669"}],"version-history":[{"count":2,"href":"https:\/\/arealorcaradio.es\/index.php\/wp-json\/wp\/v2\/posts\/7669\/revisions"}],"predecessor-version":[{"id":7674,"href":"https:\/\/arealorcaradio.es\/index.php\/wp-json\/wp\/v2\/posts\/7669\/revisions\/7674"}],"wp:featuredmedia":[{"embeddable":true,"href":"https:\/\/arealorcaradio.es\/index.php\/wp-json\/wp\/v2\/media\/7672"}],"wp:attachment":[{"href":"https:\/\/arealorcaradio.es\/index.php\/wp-json\/wp\/v2\/media?parent=7669"}],"wp:term":[{"taxonomy":"category","embeddable":true,"href":"https:\/\/arealorcaradio.es\/index.php\/wp-json\/wp\/v2\/categories?post=7669"},{"taxonomy":"post_tag","embeddable":true,"href":"https:\/\/arealorcaradio.es\/index.php\/wp-json\/wp\/v2\/tags?post=7669"}],"curies":[{"name":"wp","href":"https:\/\/api.w.org\/{rel}","templated":true}]}}