{"id":7665,"date":"2025-09-03T16:32:43","date_gmt":"2025-09-03T16:32:43","guid":{"rendered":"https:\/\/arealorcaradio.es\/?p=7665"},"modified":"2025-09-03T16:32:43","modified_gmt":"2025-09-03T16:32:43","slug":"las-obras-de-rehabilitacion-del-edificio-de-la-camara-agraria-concluiran-antes-de-acabar-el-ano-lo-que-supone-un-hito-historico-y-un-fuerte-impulso-para-la-revitalizacion-del-casco-antiguo","status":"publish","type":"post","link":"https:\/\/arealorcaradio.es\/index.php\/2025\/09\/03\/las-obras-de-rehabilitacion-del-edificio-de-la-camara-agraria-concluiran-antes-de-acabar-el-ano-lo-que-supone-un-hito-historico-y-un-fuerte-impulso-para-la-revitalizacion-del-casco-antiguo\/","title":{"rendered":"Las obras de rehabilitaci\u00f3n del edificio de la C\u00e1mara Agraria concluir\u00e1n antes de acabar el a\u00f1o, lo que supone \u00abun hito hist\u00f3rico y un fuerte impulso para la revitalizaci\u00f3n del casco antiguo\u00bb"},"content":{"rendered":"<p><strong>\u00c1REA LORCA RADIO.<\/strong><\/p>\n<p><b><span lang=\"es\">Lorca, 3 de septiembre de 2025<\/span><\/b><span lang=\"es\">. El alcalde de Lorca, Fulgencio Gil, junto al presidente de la Comunidad Aut\u00f3noma, Fernando L\u00f3pez Miras, han visitado esta ma\u00f1ana las obras del edificio de la antigua C\u00e1mara Agraria, ubicado en la calle Corredera, que entran en su fase final de adecuaci\u00f3n y reforma con el objetivo de destinarlo a Museo de las C\u00e1maras Agrarias y sede del Gobierno regional en la ciudad, lo que supone \u00abno s\u00f3lo un paso m\u00e1s en la revitalizaci\u00f3n del casco antiguo, que se suma a las iniciativas promovidas por el Gobierno de Lorca con el objetivo de que los lorquinos vayan recuperando la vieja ciudad, sino tambi\u00e9n un aut\u00e9ntico hito en el municipio, ya que supone la recuperaci\u00f3n de un inmueble de gran importancia hist\u00f3rica, art\u00edstica y social para Lorca\u00bb.<\/span><\/p>\n<p class=\"v1MsoNormal\"><span lang=\"es\"><img loading=\"lazy\" decoding=\"async\" class=\"alignnone size-medium wp-image-7666\" src=\"https:\/\/arealorcaradio.es\/wp-content\/uploads\/2025\/09\/foto3-37-300x200.jpeg\" alt=\"\" width=\"300\" height=\"200\" srcset=\"https:\/\/arealorcaradio.es\/wp-content\/uploads\/2025\/09\/foto3-37-300x200.jpeg 300w, https:\/\/arealorcaradio.es\/wp-content\/uploads\/2025\/09\/foto3-37-1024x682.jpeg 1024w, https:\/\/arealorcaradio.es\/wp-content\/uploads\/2025\/09\/foto3-37-768x512.jpeg 768w, https:\/\/arealorcaradio.es\/wp-content\/uploads\/2025\/09\/foto3-37-1536x1023.jpeg 1536w, https:\/\/arealorcaradio.es\/wp-content\/uploads\/2025\/09\/foto3-37.jpeg 1600w\" sizes=\"auto, (max-width: 300px) 100vw, 300px\" \/>\u00a0<\/span><\/p>\n<p class=\"v1MsoNormal\"><span lang=\"es\">\u00abCumplimos con el compromiso que trasladamos a los lorquinos, y que se enmarca en la rehabilitaci\u00f3n de este emblem\u00e1tico edificio, ubicado en pleno casco hist\u00f3rico y construido en 1919 y que servir\u00e1 para homenajear a una instituci\u00f3n que impuls\u00f3 y defendi\u00f3 a los agricultores, y que desempe\u00f1ar\u00e1 en breve su funci\u00f3n como sede del Gobierno regional, permitiendo atender las demandas y necesidades de los lorquinos con mayor celeridad y eficiencia\u00bb, ha afirmado Gil J\u00f3dar, que ha querido destacar \u00abel paso important\u00edsimo que supone esta intervenci\u00f3n dentro de las actuaciones de rehabilitaci\u00f3n del casco hist\u00f3rico que est\u00e1 impulsando el Ayuntamiento\u00bb, agradeciendo al Gobierno regional \u00absu apoyo continuo en este objetivo\u00bb.<\/span><\/p>\n<p class=\"v1MsoNormal\"><span lang=\"es\">Por su parte, Fernando L\u00f3pez Miras ha destacado \u00abel buen ritmo de los trabajos, as\u00ed como la elevada calidad de los mismos y el minucioso cuidado con el que se est\u00e1 actuando para poner en valor una infraestructura de gran significado para Lorca; definitiva, una iniciativa que no s\u00f3lo va a permitir recuperarla, sino que va a contribuir a revitalizar la actividad comercial, social y tur\u00edstica en el centro de la ciudad\u00bb.<\/span><\/p>\n<p class=\"v1MsoNormal\"><span lang=\"es\">Las tareas, que avanzan a buen ritmo, han permitido ya concluir fases esenciales como la consolidaci\u00f3n de muros y trasdosados o la instalaci\u00f3n de fontaner\u00eda y saneamiento, la instalaci\u00f3n el\u00e9ctrica o los elementos de seguridad y c\u00e1maras de vigilancia.<\/span><\/p>\n<p class=\"v1MsoNormal\"><span lang=\"es\">En la actualidad, las obras de rehabilitaci\u00f3n y adecuaci\u00f3n alcanzan un 95 por ciento de ejecuci\u00f3n en el cap\u00edtulo de alba\u00f1iler\u00eda, mientras que los trabajos de climatizaci\u00f3n, instalaci\u00f3n el\u00e9ctrica y ventilaci\u00f3n est\u00e1n completamente concluidos, avances\u00a0<b>que permiten situar la finalizaci\u00f3n del proyecto antes de que acabe el a\u00f1o.<\/b><\/span><\/p>\n<p class=\"v1MsoNormal\"><span lang=\"es\">Durante esta fase, se ha tenido especial cuidado en recuperar y respetar los elementos originales del edificio, como vigas de madera a las que se ha retirado el revestimiento de yeso para darle valor, limpi\u00e1ndolas y aplic\u00e1ndoles un tratamiento fungicida para su mayor durabilidad.<\/span><\/p>\n<p class=\"v1MsoNormal\"><span lang=\"es\">Esta misma semana, se ha iniciado la ejecuci\u00f3n del sistema de aplacados y revestimientos de madera, considerado como uno de los cap\u00edtulos m\u00e1s relevantes y sensibles de la obra.<\/span><\/p>\n<p class=\"v1MsoNormal\"><span lang=\"es\">Una vez que concluya esta parte, se proceder\u00e1 a la instalaci\u00f3n de carpinter\u00edas para, posteriormente, acometer los trabajos finales de iluminaci\u00f3n y musealizaci\u00f3n y concluir as\u00ed la recuperaci\u00f3n del inmueble dentro de los plazos previstos.\u00a0<\/span><\/p>\n<p class=\"v1MsoNormal\"><span lang=\"es\">La intervenci\u00f3n incluye, adem\u00e1s, la instalaci\u00f3n de un ascensor con capacidad para seis personas y la recuperaci\u00f3n de otro elemento de gran valor arquitect\u00f3nico, como es la escalera y su balaustrada, tambi\u00e9n de hierro fundido y ejemplo de estilo modernista.<\/span><\/p>\n<p class=\"v1MsoNormal\"><span lang=\"es\">Cabe destacar que el edificio es el \u00fanico ejemplo de arquitectura modernista en la ciudad y los trabajos mantienen elementos originales de gran valor como las columnas de hierro fundido, las vigas de madera del techo o las molduras de este estilo.\u00a0 Las columnas, en concreto, han sido sometidas a un profundo tratamiento de limpieza para eliminar las sucesivas capas con las que hab\u00edan sido repintadas y devolverlas a su estado original. En el caso de las molduras, se han empleado los restos conservados de tres de ellas para replicarlos e integrarlos en el techo, en el que quedar\u00e1n tambi\u00e9n a la vista las vigas originales.<\/span><\/p>\n<p class=\"v1MsoNormal\"><span lang=\"es\">El proyecto de obra est\u00e1 formado por tres plantas, una planta baja destinada a albergar una exposici\u00f3n permanente sobre las C\u00e1maras Agrarias de la Regi\u00f3n de Murcia; una primera planta destinada a zona administrativa y despachos y que actuar\u00e1 como sede del Gobierno regional y una segunda planta en la que se ha dise\u00f1ado una sala di\u00e1fana de usos m\u00faltiples en la que se podr\u00e1n realizar exposiciones, conferencias, charlas o proyecciones.<\/span><\/p>\n<p class=\"v1MsoNormal\"><span lang=\"es\">\u00a0<\/span><\/p>\n","protected":false},"excerpt":{"rendered":"<p>\u00c1REA LORCA RADIO. Lorca, 3 de septiembre de 2025. El alcalde de Lorca, Fulgencio Gil, junto al presidente de la Comunidad Aut\u00f3noma, Fernando L\u00f3pez Miras, han visitado esta ma\u00f1ana las obras del edificio de la antigua C\u00e1mara Agraria, ubicado en la calle Corredera, que entran en su fase final de adecuaci\u00f3n y reforma con el [&hellip;]<\/p>\n","protected":false},"author":1,"featured_media":7667,"comment_status":"open","ping_status":"open","sticky":false,"template":"","format":"standard","meta":{"iawp_total_views":4,"footnotes":""},"categories":[5,7],"tags":[],"class_list":["post-7665","post","type-post","status-publish","format-standard","has-post-thumbnail","hentry","category-actualidad","category-lorca"],"yoast_head":"<!-- This site is optimized with the Yoast SEO plugin v27.4 - https:\/\/yoast.com\/product\/yoast-seo-wordpress\/ -->\n<title>Las obras de rehabilitaci\u00f3n del edificio de la C\u00e1mara Agraria concluir\u00e1n antes de acabar el a\u00f1o, lo que supone &quot;un hito hist\u00f3rico y un fuerte impulso para la revitalizaci\u00f3n del casco antiguo&quot; - AREA LORCA RADIO<\/title>\n<meta name=\"robots\" content=\"index, follow, max-snippet:-1, max-image-preview:large, max-video-preview:-1\" \/>\n<link rel=\"canonical\" href=\"https:\/\/arealorcaradio.es\/index.php\/2025\/09\/03\/las-obras-de-rehabilitacion-del-edificio-de-la-camara-agraria-concluiran-antes-de-acabar-el-ano-lo-que-supone-un-hito-historico-y-un-fuerte-impulso-para-la-revitalizacion-del-casco-antiguo\/\" \/>\n<meta property=\"og:locale\" content=\"es_ES\" \/>\n<meta property=\"og:type\" content=\"article\" \/>\n<meta property=\"og:title\" content=\"Las obras de rehabilitaci\u00f3n del edificio de la C\u00e1mara Agraria concluir\u00e1n antes de acabar el a\u00f1o, lo que supone &quot;un hito hist\u00f3rico y un fuerte impulso para la revitalizaci\u00f3n del casco antiguo&quot; - AREA LORCA RADIO\" \/>\n<meta property=\"og:description\" content=\"\u00c1REA LORCA RADIO. Lorca, 3 de septiembre de 2025. El alcalde de Lorca, Fulgencio Gil, junto al presidente de la Comunidad Aut\u00f3noma, Fernando L\u00f3pez Miras, han visitado esta ma\u00f1ana las obras del edificio de la antigua C\u00e1mara Agraria, ubicado en la calle Corredera, que entran en su fase final de adecuaci\u00f3n y reforma con el [&hellip;]\" \/>\n<meta property=\"og:url\" content=\"https:\/\/arealorcaradio.es\/index.php\/2025\/09\/03\/las-obras-de-rehabilitacion-del-edificio-de-la-camara-agraria-concluiran-antes-de-acabar-el-ano-lo-que-supone-un-hito-historico-y-un-fuerte-impulso-para-la-revitalizacion-del-casco-antiguo\/\" \/>\n<meta property=\"og:site_name\" content=\"AREA LORCA RADIO\" \/>\n<meta property=\"article:published_time\" content=\"2025-09-03T16:32:43+00:00\" \/>\n<meta property=\"og:image\" content=\"https:\/\/arealorcaradio.es\/wp-content\/uploads\/2025\/09\/foto1-55.jpeg\" \/>\n\t<meta property=\"og:image:width\" content=\"1600\" \/>\n\t<meta property=\"og:image:height\" content=\"1066\" \/>\n\t<meta property=\"og:image:type\" content=\"image\/jpeg\" \/>\n<meta name=\"author\" content=\"Paco S\u00e1nchez\" \/>\n<meta name=\"twitter:card\" content=\"summary_large_image\" \/>\n<meta name=\"twitter:label1\" content=\"Escrito por\" \/>\n\t<meta name=\"twitter:data1\" content=\"Paco S\u00e1nchez\" \/>\n\t<meta name=\"twitter:label2\" content=\"Tiempo de lectura\" \/>\n\t<meta name=\"twitter:data2\" content=\"4 minutos\" \/>\n<script type=\"application\/ld+json\" class=\"yoast-schema-graph\">{\"@context\":\"https:\\\/\\\/schema.org\",\"@graph\":[{\"@type\":\"Article\",\"@id\":\"https:\\\/\\\/arealorcaradio.es\\\/index.php\\\/2025\\\/09\\\/03\\\/las-obras-de-rehabilitacion-del-edificio-de-la-camara-agraria-concluiran-antes-de-acabar-el-ano-lo-que-supone-un-hito-historico-y-un-fuerte-impulso-para-la-revitalizacion-del-casco-antiguo\\\/#article\",\"isPartOf\":{\"@id\":\"https:\\\/\\\/arealorcaradio.es\\\/index.php\\\/2025\\\/09\\\/03\\\/las-obras-de-rehabilitacion-del-edificio-de-la-camara-agraria-concluiran-antes-de-acabar-el-ano-lo-que-supone-un-hito-historico-y-un-fuerte-impulso-para-la-revitalizacion-del-casco-antiguo\\\/\"},\"author\":{\"name\":\"Paco S\u00e1nchez\",\"@id\":\"https:\\\/\\\/arealorcaradio.es\\\/#\\\/schema\\\/person\\\/9fae605fc25b0f2c83c1ab207139bd27\"},\"headline\":\"Las obras de rehabilitaci\u00f3n del edificio de la C\u00e1mara Agraria concluir\u00e1n antes de acabar el a\u00f1o, lo que supone \u00abun hito hist\u00f3rico y un fuerte impulso para la revitalizaci\u00f3n del casco antiguo\u00bb\",\"datePublished\":\"2025-09-03T16:32:43+00:00\",\"mainEntityOfPage\":{\"@id\":\"https:\\\/\\\/arealorcaradio.es\\\/index.php\\\/2025\\\/09\\\/03\\\/las-obras-de-rehabilitacion-del-edificio-de-la-camara-agraria-concluiran-antes-de-acabar-el-ano-lo-que-supone-un-hito-historico-y-un-fuerte-impulso-para-la-revitalizacion-del-casco-antiguo\\\/\"},\"wordCount\":835,\"commentCount\":0,\"image\":{\"@id\":\"https:\\\/\\\/arealorcaradio.es\\\/index.php\\\/2025\\\/09\\\/03\\\/las-obras-de-rehabilitacion-del-edificio-de-la-camara-agraria-concluiran-antes-de-acabar-el-ano-lo-que-supone-un-hito-historico-y-un-fuerte-impulso-para-la-revitalizacion-del-casco-antiguo\\\/#primaryimage\"},\"thumbnailUrl\":\"https:\\\/\\\/arealorcaradio.es\\\/wp-content\\\/uploads\\\/2025\\\/09\\\/foto1-55.jpeg\",\"articleSection\":[\"ACTUALIDAD\",\"LORCA\"],\"inLanguage\":\"es\",\"potentialAction\":[{\"@type\":\"CommentAction\",\"name\":\"Comment\",\"target\":[\"https:\\\/\\\/arealorcaradio.es\\\/index.php\\\/2025\\\/09\\\/03\\\/las-obras-de-rehabilitacion-del-edificio-de-la-camara-agraria-concluiran-antes-de-acabar-el-ano-lo-que-supone-un-hito-historico-y-un-fuerte-impulso-para-la-revitalizacion-del-casco-antiguo\\\/#respond\"]}]},{\"@type\":\"WebPage\",\"@id\":\"https:\\\/\\\/arealorcaradio.es\\\/index.php\\\/2025\\\/09\\\/03\\\/las-obras-de-rehabilitacion-del-edificio-de-la-camara-agraria-concluiran-antes-de-acabar-el-ano-lo-que-supone-un-hito-historico-y-un-fuerte-impulso-para-la-revitalizacion-del-casco-antiguo\\\/\",\"url\":\"https:\\\/\\\/arealorcaradio.es\\\/index.php\\\/2025\\\/09\\\/03\\\/las-obras-de-rehabilitacion-del-edificio-de-la-camara-agraria-concluiran-antes-de-acabar-el-ano-lo-que-supone-un-hito-historico-y-un-fuerte-impulso-para-la-revitalizacion-del-casco-antiguo\\\/\",\"name\":\"Las obras de rehabilitaci\u00f3n del edificio de la C\u00e1mara Agraria concluir\u00e1n antes de acabar el a\u00f1o, lo que supone \\\"un hito hist\u00f3rico y un fuerte impulso para la revitalizaci\u00f3n del casco antiguo\\\" - AREA LORCA RADIO\",\"isPartOf\":{\"@id\":\"https:\\\/\\\/arealorcaradio.es\\\/#website\"},\"primaryImageOfPage\":{\"@id\":\"https:\\\/\\\/arealorcaradio.es\\\/index.php\\\/2025\\\/09\\\/03\\\/las-obras-de-rehabilitacion-del-edificio-de-la-camara-agraria-concluiran-antes-de-acabar-el-ano-lo-que-supone-un-hito-historico-y-un-fuerte-impulso-para-la-revitalizacion-del-casco-antiguo\\\/#primaryimage\"},\"image\":{\"@id\":\"https:\\\/\\\/arealorcaradio.es\\\/index.php\\\/2025\\\/09\\\/03\\\/las-obras-de-rehabilitacion-del-edificio-de-la-camara-agraria-concluiran-antes-de-acabar-el-ano-lo-que-supone-un-hito-historico-y-un-fuerte-impulso-para-la-revitalizacion-del-casco-antiguo\\\/#primaryimage\"},\"thumbnailUrl\":\"https:\\\/\\\/arealorcaradio.es\\\/wp-content\\\/uploads\\\/2025\\\/09\\\/foto1-55.jpeg\",\"datePublished\":\"2025-09-03T16:32:43+00:00\",\"author\":{\"@id\":\"https:\\\/\\\/arealorcaradio.es\\\/#\\\/schema\\\/person\\\/9fae605fc25b0f2c83c1ab207139bd27\"},\"breadcrumb\":{\"@id\":\"https:\\\/\\\/arealorcaradio.es\\\/index.php\\\/2025\\\/09\\\/03\\\/las-obras-de-rehabilitacion-del-edificio-de-la-camara-agraria-concluiran-antes-de-acabar-el-ano-lo-que-supone-un-hito-historico-y-un-fuerte-impulso-para-la-revitalizacion-del-casco-antiguo\\\/#breadcrumb\"},\"inLanguage\":\"es\",\"potentialAction\":[{\"@type\":\"ReadAction\",\"target\":[\"https:\\\/\\\/arealorcaradio.es\\\/index.php\\\/2025\\\/09\\\/03\\\/las-obras-de-rehabilitacion-del-edificio-de-la-camara-agraria-concluiran-antes-de-acabar-el-ano-lo-que-supone-un-hito-historico-y-un-fuerte-impulso-para-la-revitalizacion-del-casco-antiguo\\\/\"]}]},{\"@type\":\"ImageObject\",\"inLanguage\":\"es\",\"@id\":\"https:\\\/\\\/arealorcaradio.es\\\/index.php\\\/2025\\\/09\\\/03\\\/las-obras-de-rehabilitacion-del-edificio-de-la-camara-agraria-concluiran-antes-de-acabar-el-ano-lo-que-supone-un-hito-historico-y-un-fuerte-impulso-para-la-revitalizacion-del-casco-antiguo\\\/#primaryimage\",\"url\":\"https:\\\/\\\/arealorcaradio.es\\\/wp-content\\\/uploads\\\/2025\\\/09\\\/foto1-55.jpeg\",\"contentUrl\":\"https:\\\/\\\/arealorcaradio.es\\\/wp-content\\\/uploads\\\/2025\\\/09\\\/foto1-55.jpeg\",\"width\":1600,\"height\":1066},{\"@type\":\"BreadcrumbList\",\"@id\":\"https:\\\/\\\/arealorcaradio.es\\\/index.php\\\/2025\\\/09\\\/03\\\/las-obras-de-rehabilitacion-del-edificio-de-la-camara-agraria-concluiran-antes-de-acabar-el-ano-lo-que-supone-un-hito-historico-y-un-fuerte-impulso-para-la-revitalizacion-del-casco-antiguo\\\/#breadcrumb\",\"itemListElement\":[{\"@type\":\"ListItem\",\"position\":1,\"name\":\"Portada\",\"item\":\"https:\\\/\\\/arealorcaradio.es\\\/\"},{\"@type\":\"ListItem\",\"position\":2,\"name\":\"Las obras de rehabilitaci\u00f3n del edificio de la C\u00e1mara Agraria concluir\u00e1n antes de acabar el a\u00f1o, lo que supone \u00abun hito hist\u00f3rico y un fuerte impulso para la revitalizaci\u00f3n del casco antiguo\u00bb\"}]},{\"@type\":\"WebSite\",\"@id\":\"https:\\\/\\\/arealorcaradio.es\\\/#website\",\"url\":\"https:\\\/\\\/arealorcaradio.es\\\/\",\"name\":\"AREA LORCA RADIO\",\"description\":\"Descubre la programaci\u00f3n actual en \u00c1rea Lorca Radio, tu fuente de entrenamiento y noticias locales. Sintoniza ahora y mantente conectado online.\",\"potentialAction\":[{\"@type\":\"SearchAction\",\"target\":{\"@type\":\"EntryPoint\",\"urlTemplate\":\"https:\\\/\\\/arealorcaradio.es\\\/?s={search_term_string}\"},\"query-input\":{\"@type\":\"PropertyValueSpecification\",\"valueRequired\":true,\"valueName\":\"search_term_string\"}}],\"inLanguage\":\"es\"},{\"@type\":\"Person\",\"@id\":\"https:\\\/\\\/arealorcaradio.es\\\/#\\\/schema\\\/person\\\/9fae605fc25b0f2c83c1ab207139bd27\",\"name\":\"Paco S\u00e1nchez\",\"image\":{\"@type\":\"ImageObject\",\"inLanguage\":\"es\",\"@id\":\"https:\\\/\\\/secure.gravatar.com\\\/avatar\\\/d67144e966420fb74aa84c9f2a0103be4724fd14db52b52d3b6bca749f257e79?s=96&d=mm&r=g\",\"url\":\"https:\\\/\\\/secure.gravatar.com\\\/avatar\\\/d67144e966420fb74aa84c9f2a0103be4724fd14db52b52d3b6bca749f257e79?s=96&d=mm&r=g\",\"contentUrl\":\"https:\\\/\\\/secure.gravatar.com\\\/avatar\\\/d67144e966420fb74aa84c9f2a0103be4724fd14db52b52d3b6bca749f257e79?s=96&d=mm&r=g\",\"caption\":\"Paco S\u00e1nchez\"},\"sameAs\":[\"https:\\\/\\\/arealorcaradio.es\"],\"url\":\"https:\\\/\\\/arealorcaradio.es\\\/index.php\\\/author\\\/admin_alorcaradio\\\/\"}]}<\/script>\n<!-- \/ Yoast SEO plugin. -->","yoast_head_json":{"title":"Las obras de rehabilitaci\u00f3n del edificio de la C\u00e1mara Agraria concluir\u00e1n antes de acabar el a\u00f1o, lo que supone \"un hito hist\u00f3rico y un fuerte impulso para la revitalizaci\u00f3n del casco antiguo\" - AREA LORCA RADIO","robots":{"index":"index","follow":"follow","max-snippet":"max-snippet:-1","max-image-preview":"max-image-preview:large","max-video-preview":"max-video-preview:-1"},"canonical":"https:\/\/arealorcaradio.es\/index.php\/2025\/09\/03\/las-obras-de-rehabilitacion-del-edificio-de-la-camara-agraria-concluiran-antes-de-acabar-el-ano-lo-que-supone-un-hito-historico-y-un-fuerte-impulso-para-la-revitalizacion-del-casco-antiguo\/","og_locale":"es_ES","og_type":"article","og_title":"Las obras de rehabilitaci\u00f3n del edificio de la C\u00e1mara Agraria concluir\u00e1n antes de acabar el a\u00f1o, lo que supone \"un hito hist\u00f3rico y un fuerte impulso para la revitalizaci\u00f3n del casco antiguo\" - AREA LORCA RADIO","og_description":"\u00c1REA LORCA RADIO. Lorca, 3 de septiembre de 2025. El alcalde de Lorca, Fulgencio Gil, junto al presidente de la Comunidad Aut\u00f3noma, Fernando L\u00f3pez Miras, han visitado esta ma\u00f1ana las obras del edificio de la antigua C\u00e1mara Agraria, ubicado en la calle Corredera, que entran en su fase final de adecuaci\u00f3n y reforma con el [&hellip;]","og_url":"https:\/\/arealorcaradio.es\/index.php\/2025\/09\/03\/las-obras-de-rehabilitacion-del-edificio-de-la-camara-agraria-concluiran-antes-de-acabar-el-ano-lo-que-supone-un-hito-historico-y-un-fuerte-impulso-para-la-revitalizacion-del-casco-antiguo\/","og_site_name":"AREA LORCA RADIO","article_published_time":"2025-09-03T16:32:43+00:00","og_image":[{"width":1600,"height":1066,"url":"https:\/\/arealorcaradio.es\/wp-content\/uploads\/2025\/09\/foto1-55.jpeg","type":"image\/jpeg"}],"author":"Paco S\u00e1nchez","twitter_card":"summary_large_image","twitter_misc":{"Escrito por":"Paco S\u00e1nchez","Tiempo de lectura":"4 minutos"},"schema":{"@context":"https:\/\/schema.org","@graph":[{"@type":"Article","@id":"https:\/\/arealorcaradio.es\/index.php\/2025\/09\/03\/las-obras-de-rehabilitacion-del-edificio-de-la-camara-agraria-concluiran-antes-de-acabar-el-ano-lo-que-supone-un-hito-historico-y-un-fuerte-impulso-para-la-revitalizacion-del-casco-antiguo\/#article","isPartOf":{"@id":"https:\/\/arealorcaradio.es\/index.php\/2025\/09\/03\/las-obras-de-rehabilitacion-del-edificio-de-la-camara-agraria-concluiran-antes-de-acabar-el-ano-lo-que-supone-un-hito-historico-y-un-fuerte-impulso-para-la-revitalizacion-del-casco-antiguo\/"},"author":{"name":"Paco S\u00e1nchez","@id":"https:\/\/arealorcaradio.es\/#\/schema\/person\/9fae605fc25b0f2c83c1ab207139bd27"},"headline":"Las obras de rehabilitaci\u00f3n del edificio de la C\u00e1mara Agraria concluir\u00e1n antes de acabar el a\u00f1o, lo que supone \u00abun hito hist\u00f3rico y un fuerte impulso para la revitalizaci\u00f3n del casco antiguo\u00bb","datePublished":"2025-09-03T16:32:43+00:00","mainEntityOfPage":{"@id":"https:\/\/arealorcaradio.es\/index.php\/2025\/09\/03\/las-obras-de-rehabilitacion-del-edificio-de-la-camara-agraria-concluiran-antes-de-acabar-el-ano-lo-que-supone-un-hito-historico-y-un-fuerte-impulso-para-la-revitalizacion-del-casco-antiguo\/"},"wordCount":835,"commentCount":0,"image":{"@id":"https:\/\/arealorcaradio.es\/index.php\/2025\/09\/03\/las-obras-de-rehabilitacion-del-edificio-de-la-camara-agraria-concluiran-antes-de-acabar-el-ano-lo-que-supone-un-hito-historico-y-un-fuerte-impulso-para-la-revitalizacion-del-casco-antiguo\/#primaryimage"},"thumbnailUrl":"https:\/\/arealorcaradio.es\/wp-content\/uploads\/2025\/09\/foto1-55.jpeg","articleSection":["ACTUALIDAD","LORCA"],"inLanguage":"es","potentialAction":[{"@type":"CommentAction","name":"Comment","target":["https:\/\/arealorcaradio.es\/index.php\/2025\/09\/03\/las-obras-de-rehabilitacion-del-edificio-de-la-camara-agraria-concluiran-antes-de-acabar-el-ano-lo-que-supone-un-hito-historico-y-un-fuerte-impulso-para-la-revitalizacion-del-casco-antiguo\/#respond"]}]},{"@type":"WebPage","@id":"https:\/\/arealorcaradio.es\/index.php\/2025\/09\/03\/las-obras-de-rehabilitacion-del-edificio-de-la-camara-agraria-concluiran-antes-de-acabar-el-ano-lo-que-supone-un-hito-historico-y-un-fuerte-impulso-para-la-revitalizacion-del-casco-antiguo\/","url":"https:\/\/arealorcaradio.es\/index.php\/2025\/09\/03\/las-obras-de-rehabilitacion-del-edificio-de-la-camara-agraria-concluiran-antes-de-acabar-el-ano-lo-que-supone-un-hito-historico-y-un-fuerte-impulso-para-la-revitalizacion-del-casco-antiguo\/","name":"Las obras de rehabilitaci\u00f3n del edificio de la C\u00e1mara Agraria concluir\u00e1n antes de acabar el a\u00f1o, lo que supone \"un hito hist\u00f3rico y un fuerte impulso para la revitalizaci\u00f3n del casco antiguo\" - AREA LORCA RADIO","isPartOf":{"@id":"https:\/\/arealorcaradio.es\/#website"},"primaryImageOfPage":{"@id":"https:\/\/arealorcaradio.es\/index.php\/2025\/09\/03\/las-obras-de-rehabilitacion-del-edificio-de-la-camara-agraria-concluiran-antes-de-acabar-el-ano-lo-que-supone-un-hito-historico-y-un-fuerte-impulso-para-la-revitalizacion-del-casco-antiguo\/#primaryimage"},"image":{"@id":"https:\/\/arealorcaradio.es\/index.php\/2025\/09\/03\/las-obras-de-rehabilitacion-del-edificio-de-la-camara-agraria-concluiran-antes-de-acabar-el-ano-lo-que-supone-un-hito-historico-y-un-fuerte-impulso-para-la-revitalizacion-del-casco-antiguo\/#primaryimage"},"thumbnailUrl":"https:\/\/arealorcaradio.es\/wp-content\/uploads\/2025\/09\/foto1-55.jpeg","datePublished":"2025-09-03T16:32:43+00:00","author":{"@id":"https:\/\/arealorcaradio.es\/#\/schema\/person\/9fae605fc25b0f2c83c1ab207139bd27"},"breadcrumb":{"@id":"https:\/\/arealorcaradio.es\/index.php\/2025\/09\/03\/las-obras-de-rehabilitacion-del-edificio-de-la-camara-agraria-concluiran-antes-de-acabar-el-ano-lo-que-supone-un-hito-historico-y-un-fuerte-impulso-para-la-revitalizacion-del-casco-antiguo\/#breadcrumb"},"inLanguage":"es","potentialAction":[{"@type":"ReadAction","target":["https:\/\/arealorcaradio.es\/index.php\/2025\/09\/03\/las-obras-de-rehabilitacion-del-edificio-de-la-camara-agraria-concluiran-antes-de-acabar-el-ano-lo-que-supone-un-hito-historico-y-un-fuerte-impulso-para-la-revitalizacion-del-casco-antiguo\/"]}]},{"@type":"ImageObject","inLanguage":"es","@id":"https:\/\/arealorcaradio.es\/index.php\/2025\/09\/03\/las-obras-de-rehabilitacion-del-edificio-de-la-camara-agraria-concluiran-antes-de-acabar-el-ano-lo-que-supone-un-hito-historico-y-un-fuerte-impulso-para-la-revitalizacion-del-casco-antiguo\/#primaryimage","url":"https:\/\/arealorcaradio.es\/wp-content\/uploads\/2025\/09\/foto1-55.jpeg","contentUrl":"https:\/\/arealorcaradio.es\/wp-content\/uploads\/2025\/09\/foto1-55.jpeg","width":1600,"height":1066},{"@type":"BreadcrumbList","@id":"https:\/\/arealorcaradio.es\/index.php\/2025\/09\/03\/las-obras-de-rehabilitacion-del-edificio-de-la-camara-agraria-concluiran-antes-de-acabar-el-ano-lo-que-supone-un-hito-historico-y-un-fuerte-impulso-para-la-revitalizacion-del-casco-antiguo\/#breadcrumb","itemListElement":[{"@type":"ListItem","position":1,"name":"Portada","item":"https:\/\/arealorcaradio.es\/"},{"@type":"ListItem","position":2,"name":"Las obras de rehabilitaci\u00f3n del edificio de la C\u00e1mara Agraria concluir\u00e1n antes de acabar el a\u00f1o, lo que supone \u00abun hito hist\u00f3rico y un fuerte impulso para la revitalizaci\u00f3n del casco antiguo\u00bb"}]},{"@type":"WebSite","@id":"https:\/\/arealorcaradio.es\/#website","url":"https:\/\/arealorcaradio.es\/","name":"AREA LORCA RADIO","description":"Descubre la programaci\u00f3n actual en \u00c1rea Lorca Radio, tu fuente de entrenamiento y noticias locales. Sintoniza ahora y mantente conectado online.","potentialAction":[{"@type":"SearchAction","target":{"@type":"EntryPoint","urlTemplate":"https:\/\/arealorcaradio.es\/?s={search_term_string}"},"query-input":{"@type":"PropertyValueSpecification","valueRequired":true,"valueName":"search_term_string"}}],"inLanguage":"es"},{"@type":"Person","@id":"https:\/\/arealorcaradio.es\/#\/schema\/person\/9fae605fc25b0f2c83c1ab207139bd27","name":"Paco S\u00e1nchez","image":{"@type":"ImageObject","inLanguage":"es","@id":"https:\/\/secure.gravatar.com\/avatar\/d67144e966420fb74aa84c9f2a0103be4724fd14db52b52d3b6bca749f257e79?s=96&d=mm&r=g","url":"https:\/\/secure.gravatar.com\/avatar\/d67144e966420fb74aa84c9f2a0103be4724fd14db52b52d3b6bca749f257e79?s=96&d=mm&r=g","contentUrl":"https:\/\/secure.gravatar.com\/avatar\/d67144e966420fb74aa84c9f2a0103be4724fd14db52b52d3b6bca749f257e79?s=96&d=mm&r=g","caption":"Paco S\u00e1nchez"},"sameAs":["https:\/\/arealorcaradio.es"],"url":"https:\/\/arealorcaradio.es\/index.php\/author\/admin_alorcaradio\/"}]}},"_links":{"self":[{"href":"https:\/\/arealorcaradio.es\/index.php\/wp-json\/wp\/v2\/posts\/7665","targetHints":{"allow":["GET"]}}],"collection":[{"href":"https:\/\/arealorcaradio.es\/index.php\/wp-json\/wp\/v2\/posts"}],"about":[{"href":"https:\/\/arealorcaradio.es\/index.php\/wp-json\/wp\/v2\/types\/post"}],"author":[{"embeddable":true,"href":"https:\/\/arealorcaradio.es\/index.php\/wp-json\/wp\/v2\/users\/1"}],"replies":[{"embeddable":true,"href":"https:\/\/arealorcaradio.es\/index.php\/wp-json\/wp\/v2\/comments?post=7665"}],"version-history":[{"count":1,"href":"https:\/\/arealorcaradio.es\/index.php\/wp-json\/wp\/v2\/posts\/7665\/revisions"}],"predecessor-version":[{"id":7668,"href":"https:\/\/arealorcaradio.es\/index.php\/wp-json\/wp\/v2\/posts\/7665\/revisions\/7668"}],"wp:featuredmedia":[{"embeddable":true,"href":"https:\/\/arealorcaradio.es\/index.php\/wp-json\/wp\/v2\/media\/7667"}],"wp:attachment":[{"href":"https:\/\/arealorcaradio.es\/index.php\/wp-json\/wp\/v2\/media?parent=7665"}],"wp:term":[{"taxonomy":"category","embeddable":true,"href":"https:\/\/arealorcaradio.es\/index.php\/wp-json\/wp\/v2\/categories?post=7665"},{"taxonomy":"post_tag","embeddable":true,"href":"https:\/\/arealorcaradio.es\/index.php\/wp-json\/wp\/v2\/tags?post=7665"}],"curies":[{"name":"wp","href":"https:\/\/api.w.org\/{rel}","templated":true}]}}