{"id":7659,"date":"2025-09-03T10:42:40","date_gmt":"2025-09-03T10:42:40","guid":{"rendered":"https:\/\/arealorcaradio.es\/?p=7659"},"modified":"2025-09-03T10:42:40","modified_gmt":"2025-09-03T10:42:40","slug":"lorca-recupera-la-historica-linea-de-autobus-a-la-parroquia-y-amplia-el-servicio-a-mas-pedanias","status":"publish","type":"post","link":"https:\/\/arealorcaradio.es\/index.php\/2025\/09\/03\/lorca-recupera-la-historica-linea-de-autobus-a-la-parroquia-y-amplia-el-servicio-a-mas-pedanias\/","title":{"rendered":"Lorca recupera la hist\u00f3rica l\u00ednea de autob\u00fas a La Parroquia y ampl\u00eda el servicio a m\u00e1s pedan\u00edas"},"content":{"rendered":"<p><strong>\u00c1REA LORCA RADIO. Pedan\u00edas.<\/strong><\/p>\n<p class=\"v1MsoNormal\"><b><span lang=\"es\">Lorca, 3 de septiembre de 2025.<\/span><\/b><span lang=\"es\">\u00a0La Concejal\u00eda de Vertebraci\u00f3n del Territorio y Lucha contra la Despoblaci\u00f3n ha puesto en marcha la recuperaci\u00f3n de la hist\u00f3rica l\u00ednea de autob\u00fas que conecta la ciudad con la pedan\u00eda de La Parroquia. Adem\u00e1s, el servicio se ampl\u00eda en este nuevo modelo para dar cobertura a otras pedan\u00edas del municipio: El Consejero, Zarcilla de Ramos y La Paca.<\/span><\/p>\n<p class=\"v1MsoNormal\"><span lang=\"es\"><img loading=\"lazy\" decoding=\"async\" class=\"alignnone size-medium wp-image-7660\" src=\"https:\/\/arealorcaradio.es\/wp-content\/uploads\/2025\/09\/PLANO-1-300x212.jpeg\" alt=\"\" width=\"300\" height=\"212\" srcset=\"https:\/\/arealorcaradio.es\/wp-content\/uploads\/2025\/09\/PLANO-1-300x212.jpeg 300w, https:\/\/arealorcaradio.es\/wp-content\/uploads\/2025\/09\/PLANO-1-1024x724.jpeg 1024w, https:\/\/arealorcaradio.es\/wp-content\/uploads\/2025\/09\/PLANO-1-768x543.jpeg 768w, https:\/\/arealorcaradio.es\/wp-content\/uploads\/2025\/09\/PLANO-1-1536x1086.jpeg 1536w, https:\/\/arealorcaradio.es\/wp-content\/uploads\/2025\/09\/PLANO-1.jpeg 1600w\" sizes=\"auto, (max-width: 300px) 100vw, 300px\" \/><\/span><\/p>\n<p class=\"v1MsoNormal\"><span lang=\"es\">De este modo, se garantiza que los vecinos de estas zonas rurales dispongan de un medio de transporte p\u00fablico estable, seguro y con vocaci\u00f3n de permanencia. El autob\u00fas funcionar\u00e1 todos los jueves y permitir\u00e1 enlazar el casco urbano con varias pedan\u00edas, facilitando los desplazamientos y reforzando la conexi\u00f3n entre los vecinos y los servicios de la ciudad.<\/span><\/p>\n<p class=\"v1MsoNormal\"><span lang=\"es\">La concejal responsable del \u00e1rea<b>,\u00a0<\/b>Carmen Mendui\u00f1a<b>,\u00a0<\/b>ha informado que el nuevo dise\u00f1o del servicio no s\u00f3lo recupera la tradicional conexi\u00f3n con La Parroquia, sino que multiplica su alcance con m\u00e1s paradas y mayor cobertura que en etapas anteriores.<\/span><\/p>\n<p class=\"v1MsoNormal\"><span lang=\"es\"><img loading=\"lazy\" decoding=\"async\" class=\"alignnone size-medium wp-image-7661\" src=\"https:\/\/arealorcaradio.es\/wp-content\/uploads\/2025\/09\/FOTO3-35-300x225.jpeg\" alt=\"\" width=\"300\" height=\"225\" srcset=\"https:\/\/arealorcaradio.es\/wp-content\/uploads\/2025\/09\/FOTO3-35-300x225.jpeg 300w, https:\/\/arealorcaradio.es\/wp-content\/uploads\/2025\/09\/FOTO3-35-1024x768.jpeg 1024w, https:\/\/arealorcaradio.es\/wp-content\/uploads\/2025\/09\/FOTO3-35-768x576.jpeg 768w, https:\/\/arealorcaradio.es\/wp-content\/uploads\/2025\/09\/FOTO3-35-1536x1152.jpeg 1536w, https:\/\/arealorcaradio.es\/wp-content\/uploads\/2025\/09\/FOTO3-35-86x64.jpeg 86w, https:\/\/arealorcaradio.es\/wp-content\/uploads\/2025\/09\/FOTO3-35.jpeg 2048w\" sizes=\"auto, (max-width: 300px) 100vw, 300px\" \/>\u00a0<\/span><\/p>\n<p class=\"v1MsoNormal\"><span lang=\"es\">\u00abNuestra prioridad ha sido devolver este servicio a los vecinos. Lo hacemos con previsi\u00f3n de futuro y en condiciones \u00f3ptimas, tras haber superado todas las trabas heredadas. Recuperamos la l\u00ednea de La Parroquia y la ampliamos para llegar tambi\u00e9n a otras pedan\u00edas. Con ello, garantizamos un transporte p\u00fablico digno y estable, que se convierte adem\u00e1s en una herramienta clave en la lucha contra la despoblaci\u00f3n. Queremos que vivir en una pedan\u00eda no suponga una desventaja, sino una elecci\u00f3n en igualdad de condiciones\u00bb, ha subrayado Mendui\u00f1a.<\/span><\/p>\n<p class=\"v1MsoNormal\"><span lang=\"es\">El servicio funcionar\u00e1 como una ruta circular<b>,<\/b>\u00a0con salida y llegada en el \u00d3valo de Santa Paula (Lorca), y con paradas intermedias en El Consejero, La Parroquia, Zarcilla de Ramos y La Paca.<\/span><\/p>\n<p class=\"v1MsoNormal\"><span lang=\"es\">Este sistema permite que, en una misma jornada, los vecinos de estas pedan\u00edas puedan desplazarse a la ciudad para realizar gestiones, acceder a servicios sanitarios, administrativos, comerciales o culturales, y regresar a mediod\u00eda a sus localidades de origen.<\/span><\/p>\n<p class=\"v1MsoNormal\"><span lang=\"es\">Los horarios son los siguientes: (Todos los jueves)<\/span><\/p>\n<p class=\"v1MsoNormal\"><span lang=\"es\">\u25cf\u00a0\u00a0\u00a0\u00a0\u00a0\u00a0\u00a0\u00a0<\/span><span lang=\"es\">08:00 h \/ 13:00 h &#8211; Salida desde el \u00d3valo (Lorca)<\/span><\/p>\n<p class=\"v1MsoNormal\"><span lang=\"es\">\u25cf\u00a0\u00a0\u00a0\u00a0\u00a0\u00a0\u00a0\u00a0<\/span><span lang=\"es\">08:15 h \/ 13:15 h &#8211; El Consejero<\/span><\/p>\n<p class=\"v1MsoNormal\"><span lang=\"es\">\u25cf\u00a0\u00a0\u00a0\u00a0\u00a0\u00a0\u00a0\u00a0<\/span><span lang=\"es\">08:30 h \/ 13:30 \u2013 La Parroquia<\/span><\/p>\n<p class=\"v1MsoNormal\"><span lang=\"es\">\u25cf\u00a0\u00a0\u00a0\u00a0\u00a0\u00a0\u00a0\u00a0<\/span><span lang=\"es\">09:00 h \/ 14:00 h \u2013 Zarcilla de Ramos<\/span><\/p>\n<p class=\"v1MsoNormal\"><span lang=\"es\">\u25cf\u00a0\u00a0\u00a0\u00a0\u00a0\u00a0\u00a0\u00a0<\/span><span lang=\"es\">09:15 h \/ 14:15 h \u2013 La Paca<\/span><\/p>\n<p class=\"v1MsoNormal\"><span lang=\"es\">\u25cf\u00a0\u00a0\u00a0\u00a0\u00a0\u00a0\u00a0\u00a0<\/span><span lang=\"es\">09:45 h \/ 14:45 \u2013 Llegada a Lorca<\/span><\/p>\n<p class=\"v1MsoNormal\"><span lang=\"es\">Desde la Concejal\u00eda de Vertebraci\u00f3n del Territorio subrayan que \u00abla recuperaci\u00f3n y ampliaci\u00f3n de esta l\u00ednea de autob\u00fas forma parte del plan municipal para acercar servicios esenciales a las pedan\u00edas y luchar contra la despoblaci\u00f3n, un reto prioritario para el municipio\u00bb.<\/span><\/p>\n<p class=\"v1MsoNormal\"><span lang=\"es\">Asimismo, destacan que \u00abdisponer de un transporte p\u00fablico regular no s\u00f3lo facilita la vida diaria de los vecinos, sino que ayuda a mantener la poblaci\u00f3n en las pedan\u00edas, impulsa su actividad econ\u00f3mica y contribuye a que estos n\u00facleos rurales sigan estando vivos y conectados con la ciudad\u00bb.<\/span><\/p>\n<p class=\"v1MsoNormal\"><span lang=\"es\">\u00abCon esta medida damos un paso importante para mejorar la movilidad y reforzar el v\u00ednculo de las pedan\u00edas con el centro urbano. Nuestro compromiso es seguir ampliando y consolidando servicios que garanticen la igualdad de oportunidades para todos los lorquinos, independientemente de d\u00f3nde vivan\u00bb, ha concluido Mendui\u00f1a.<\/span><\/p>\n","protected":false},"excerpt":{"rendered":"<p>\u00c1REA LORCA RADIO. Pedan\u00edas. Lorca, 3 de septiembre de 2025.\u00a0La Concejal\u00eda de Vertebraci\u00f3n del Territorio y Lucha contra la Despoblaci\u00f3n ha puesto en marcha la recuperaci\u00f3n de la hist\u00f3rica l\u00ednea de autob\u00fas que conecta la ciudad con la pedan\u00eda de La Parroquia. Adem\u00e1s, el servicio se ampl\u00eda en este nuevo modelo para dar cobertura a [&hellip;]<\/p>\n","protected":false},"author":1,"featured_media":7662,"comment_status":"open","ping_status":"open","sticky":false,"template":"","format":"standard","meta":{"iawp_total_views":8,"footnotes":""},"categories":[5,7],"tags":[],"class_list":["post-7659","post","type-post","status-publish","format-standard","has-post-thumbnail","hentry","category-actualidad","category-lorca"],"yoast_head":"<!-- This site is optimized with the Yoast SEO plugin v27.4 - https:\/\/yoast.com\/product\/yoast-seo-wordpress\/ -->\n<title>Lorca recupera la hist\u00f3rica l\u00ednea de autob\u00fas a La Parroquia y ampl\u00eda el servicio a m\u00e1s pedan\u00edas - AREA LORCA RADIO<\/title>\n<meta name=\"robots\" content=\"index, follow, max-snippet:-1, max-image-preview:large, max-video-preview:-1\" \/>\n<link rel=\"canonical\" href=\"https:\/\/arealorcaradio.es\/index.php\/2025\/09\/03\/lorca-recupera-la-historica-linea-de-autobus-a-la-parroquia-y-amplia-el-servicio-a-mas-pedanias\/\" \/>\n<meta property=\"og:locale\" content=\"es_ES\" \/>\n<meta property=\"og:type\" content=\"article\" \/>\n<meta property=\"og:title\" content=\"Lorca recupera la hist\u00f3rica l\u00ednea de autob\u00fas a La Parroquia y ampl\u00eda el servicio a m\u00e1s pedan\u00edas - AREA LORCA RADIO\" \/>\n<meta property=\"og:description\" content=\"\u00c1REA LORCA RADIO. Pedan\u00edas. Lorca, 3 de septiembre de 2025.\u00a0La Concejal\u00eda de Vertebraci\u00f3n del Territorio y Lucha contra la Despoblaci\u00f3n ha puesto en marcha la recuperaci\u00f3n de la hist\u00f3rica l\u00ednea de autob\u00fas que conecta la ciudad con la pedan\u00eda de La Parroquia. Adem\u00e1s, el servicio se ampl\u00eda en este nuevo modelo para dar cobertura a [&hellip;]\" \/>\n<meta property=\"og:url\" content=\"https:\/\/arealorcaradio.es\/index.php\/2025\/09\/03\/lorca-recupera-la-historica-linea-de-autobus-a-la-parroquia-y-amplia-el-servicio-a-mas-pedanias\/\" \/>\n<meta property=\"og:site_name\" content=\"AREA LORCA RADIO\" \/>\n<meta property=\"article:published_time\" content=\"2025-09-03T10:42:40+00:00\" \/>\n<meta property=\"og:image\" content=\"https:\/\/arealorcaradio.es\/wp-content\/uploads\/2025\/09\/FOTO1-54.jpeg\" \/>\n\t<meta property=\"og:image:width\" content=\"2048\" \/>\n\t<meta property=\"og:image:height\" content=\"1536\" \/>\n\t<meta property=\"og:image:type\" content=\"image\/jpeg\" \/>\n<meta name=\"author\" content=\"Paco S\u00e1nchez\" \/>\n<meta name=\"twitter:card\" content=\"summary_large_image\" \/>\n<meta name=\"twitter:label1\" content=\"Escrito por\" \/>\n\t<meta name=\"twitter:data1\" content=\"Paco S\u00e1nchez\" \/>\n\t<meta name=\"twitter:label2\" content=\"Tiempo de lectura\" \/>\n\t<meta name=\"twitter:data2\" content=\"3 minutos\" \/>\n<script type=\"application\/ld+json\" class=\"yoast-schema-graph\">{\"@context\":\"https:\\\/\\\/schema.org\",\"@graph\":[{\"@type\":\"Article\",\"@id\":\"https:\\\/\\\/arealorcaradio.es\\\/index.php\\\/2025\\\/09\\\/03\\\/lorca-recupera-la-historica-linea-de-autobus-a-la-parroquia-y-amplia-el-servicio-a-mas-pedanias\\\/#article\",\"isPartOf\":{\"@id\":\"https:\\\/\\\/arealorcaradio.es\\\/index.php\\\/2025\\\/09\\\/03\\\/lorca-recupera-la-historica-linea-de-autobus-a-la-parroquia-y-amplia-el-servicio-a-mas-pedanias\\\/\"},\"author\":{\"name\":\"Paco S\u00e1nchez\",\"@id\":\"https:\\\/\\\/arealorcaradio.es\\\/#\\\/schema\\\/person\\\/9fae605fc25b0f2c83c1ab207139bd27\"},\"headline\":\"Lorca recupera la hist\u00f3rica l\u00ednea de autob\u00fas a La Parroquia y ampl\u00eda el servicio a m\u00e1s pedan\u00edas\",\"datePublished\":\"2025-09-03T10:42:40+00:00\",\"mainEntityOfPage\":{\"@id\":\"https:\\\/\\\/arealorcaradio.es\\\/index.php\\\/2025\\\/09\\\/03\\\/lorca-recupera-la-historica-linea-de-autobus-a-la-parroquia-y-amplia-el-servicio-a-mas-pedanias\\\/\"},\"wordCount\":565,\"commentCount\":0,\"image\":{\"@id\":\"https:\\\/\\\/arealorcaradio.es\\\/index.php\\\/2025\\\/09\\\/03\\\/lorca-recupera-la-historica-linea-de-autobus-a-la-parroquia-y-amplia-el-servicio-a-mas-pedanias\\\/#primaryimage\"},\"thumbnailUrl\":\"https:\\\/\\\/arealorcaradio.es\\\/wp-content\\\/uploads\\\/2025\\\/09\\\/FOTO1-54.jpeg\",\"articleSection\":[\"ACTUALIDAD\",\"LORCA\"],\"inLanguage\":\"es\",\"potentialAction\":[{\"@type\":\"CommentAction\",\"name\":\"Comment\",\"target\":[\"https:\\\/\\\/arealorcaradio.es\\\/index.php\\\/2025\\\/09\\\/03\\\/lorca-recupera-la-historica-linea-de-autobus-a-la-parroquia-y-amplia-el-servicio-a-mas-pedanias\\\/#respond\"]}]},{\"@type\":\"WebPage\",\"@id\":\"https:\\\/\\\/arealorcaradio.es\\\/index.php\\\/2025\\\/09\\\/03\\\/lorca-recupera-la-historica-linea-de-autobus-a-la-parroquia-y-amplia-el-servicio-a-mas-pedanias\\\/\",\"url\":\"https:\\\/\\\/arealorcaradio.es\\\/index.php\\\/2025\\\/09\\\/03\\\/lorca-recupera-la-historica-linea-de-autobus-a-la-parroquia-y-amplia-el-servicio-a-mas-pedanias\\\/\",\"name\":\"Lorca recupera la hist\u00f3rica l\u00ednea de autob\u00fas a La Parroquia y ampl\u00eda el servicio a m\u00e1s pedan\u00edas - AREA LORCA RADIO\",\"isPartOf\":{\"@id\":\"https:\\\/\\\/arealorcaradio.es\\\/#website\"},\"primaryImageOfPage\":{\"@id\":\"https:\\\/\\\/arealorcaradio.es\\\/index.php\\\/2025\\\/09\\\/03\\\/lorca-recupera-la-historica-linea-de-autobus-a-la-parroquia-y-amplia-el-servicio-a-mas-pedanias\\\/#primaryimage\"},\"image\":{\"@id\":\"https:\\\/\\\/arealorcaradio.es\\\/index.php\\\/2025\\\/09\\\/03\\\/lorca-recupera-la-historica-linea-de-autobus-a-la-parroquia-y-amplia-el-servicio-a-mas-pedanias\\\/#primaryimage\"},\"thumbnailUrl\":\"https:\\\/\\\/arealorcaradio.es\\\/wp-content\\\/uploads\\\/2025\\\/09\\\/FOTO1-54.jpeg\",\"datePublished\":\"2025-09-03T10:42:40+00:00\",\"author\":{\"@id\":\"https:\\\/\\\/arealorcaradio.es\\\/#\\\/schema\\\/person\\\/9fae605fc25b0f2c83c1ab207139bd27\"},\"breadcrumb\":{\"@id\":\"https:\\\/\\\/arealorcaradio.es\\\/index.php\\\/2025\\\/09\\\/03\\\/lorca-recupera-la-historica-linea-de-autobus-a-la-parroquia-y-amplia-el-servicio-a-mas-pedanias\\\/#breadcrumb\"},\"inLanguage\":\"es\",\"potentialAction\":[{\"@type\":\"ReadAction\",\"target\":[\"https:\\\/\\\/arealorcaradio.es\\\/index.php\\\/2025\\\/09\\\/03\\\/lorca-recupera-la-historica-linea-de-autobus-a-la-parroquia-y-amplia-el-servicio-a-mas-pedanias\\\/\"]}]},{\"@type\":\"ImageObject\",\"inLanguage\":\"es\",\"@id\":\"https:\\\/\\\/arealorcaradio.es\\\/index.php\\\/2025\\\/09\\\/03\\\/lorca-recupera-la-historica-linea-de-autobus-a-la-parroquia-y-amplia-el-servicio-a-mas-pedanias\\\/#primaryimage\",\"url\":\"https:\\\/\\\/arealorcaradio.es\\\/wp-content\\\/uploads\\\/2025\\\/09\\\/FOTO1-54.jpeg\",\"contentUrl\":\"https:\\\/\\\/arealorcaradio.es\\\/wp-content\\\/uploads\\\/2025\\\/09\\\/FOTO1-54.jpeg\",\"width\":2048,\"height\":1536},{\"@type\":\"BreadcrumbList\",\"@id\":\"https:\\\/\\\/arealorcaradio.es\\\/index.php\\\/2025\\\/09\\\/03\\\/lorca-recupera-la-historica-linea-de-autobus-a-la-parroquia-y-amplia-el-servicio-a-mas-pedanias\\\/#breadcrumb\",\"itemListElement\":[{\"@type\":\"ListItem\",\"position\":1,\"name\":\"Portada\",\"item\":\"https:\\\/\\\/arealorcaradio.es\\\/\"},{\"@type\":\"ListItem\",\"position\":2,\"name\":\"Lorca recupera la hist\u00f3rica l\u00ednea de autob\u00fas a La Parroquia y ampl\u00eda el servicio a m\u00e1s pedan\u00edas\"}]},{\"@type\":\"WebSite\",\"@id\":\"https:\\\/\\\/arealorcaradio.es\\\/#website\",\"url\":\"https:\\\/\\\/arealorcaradio.es\\\/\",\"name\":\"AREA LORCA RADIO\",\"description\":\"Descubre la programaci\u00f3n actual en \u00c1rea Lorca Radio, tu fuente de entrenamiento y noticias locales. Sintoniza ahora y mantente conectado online.\",\"potentialAction\":[{\"@type\":\"SearchAction\",\"target\":{\"@type\":\"EntryPoint\",\"urlTemplate\":\"https:\\\/\\\/arealorcaradio.es\\\/?s={search_term_string}\"},\"query-input\":{\"@type\":\"PropertyValueSpecification\",\"valueRequired\":true,\"valueName\":\"search_term_string\"}}],\"inLanguage\":\"es\"},{\"@type\":\"Person\",\"@id\":\"https:\\\/\\\/arealorcaradio.es\\\/#\\\/schema\\\/person\\\/9fae605fc25b0f2c83c1ab207139bd27\",\"name\":\"Paco S\u00e1nchez\",\"image\":{\"@type\":\"ImageObject\",\"inLanguage\":\"es\",\"@id\":\"https:\\\/\\\/secure.gravatar.com\\\/avatar\\\/d67144e966420fb74aa84c9f2a0103be4724fd14db52b52d3b6bca749f257e79?s=96&d=mm&r=g\",\"url\":\"https:\\\/\\\/secure.gravatar.com\\\/avatar\\\/d67144e966420fb74aa84c9f2a0103be4724fd14db52b52d3b6bca749f257e79?s=96&d=mm&r=g\",\"contentUrl\":\"https:\\\/\\\/secure.gravatar.com\\\/avatar\\\/d67144e966420fb74aa84c9f2a0103be4724fd14db52b52d3b6bca749f257e79?s=96&d=mm&r=g\",\"caption\":\"Paco S\u00e1nchez\"},\"sameAs\":[\"https:\\\/\\\/arealorcaradio.es\"],\"url\":\"https:\\\/\\\/arealorcaradio.es\\\/index.php\\\/author\\\/admin_alorcaradio\\\/\"}]}<\/script>\n<!-- \/ Yoast SEO plugin. -->","yoast_head_json":{"title":"Lorca recupera la hist\u00f3rica l\u00ednea de autob\u00fas a La Parroquia y ampl\u00eda el servicio a m\u00e1s pedan\u00edas - AREA LORCA RADIO","robots":{"index":"index","follow":"follow","max-snippet":"max-snippet:-1","max-image-preview":"max-image-preview:large","max-video-preview":"max-video-preview:-1"},"canonical":"https:\/\/arealorcaradio.es\/index.php\/2025\/09\/03\/lorca-recupera-la-historica-linea-de-autobus-a-la-parroquia-y-amplia-el-servicio-a-mas-pedanias\/","og_locale":"es_ES","og_type":"article","og_title":"Lorca recupera la hist\u00f3rica l\u00ednea de autob\u00fas a La Parroquia y ampl\u00eda el servicio a m\u00e1s pedan\u00edas - AREA LORCA RADIO","og_description":"\u00c1REA LORCA RADIO. Pedan\u00edas. Lorca, 3 de septiembre de 2025.\u00a0La Concejal\u00eda de Vertebraci\u00f3n del Territorio y Lucha contra la Despoblaci\u00f3n ha puesto en marcha la recuperaci\u00f3n de la hist\u00f3rica l\u00ednea de autob\u00fas que conecta la ciudad con la pedan\u00eda de La Parroquia. Adem\u00e1s, el servicio se ampl\u00eda en este nuevo modelo para dar cobertura a [&hellip;]","og_url":"https:\/\/arealorcaradio.es\/index.php\/2025\/09\/03\/lorca-recupera-la-historica-linea-de-autobus-a-la-parroquia-y-amplia-el-servicio-a-mas-pedanias\/","og_site_name":"AREA LORCA RADIO","article_published_time":"2025-09-03T10:42:40+00:00","og_image":[{"width":2048,"height":1536,"url":"https:\/\/arealorcaradio.es\/wp-content\/uploads\/2025\/09\/FOTO1-54.jpeg","type":"image\/jpeg"}],"author":"Paco S\u00e1nchez","twitter_card":"summary_large_image","twitter_misc":{"Escrito por":"Paco S\u00e1nchez","Tiempo de lectura":"3 minutos"},"schema":{"@context":"https:\/\/schema.org","@graph":[{"@type":"Article","@id":"https:\/\/arealorcaradio.es\/index.php\/2025\/09\/03\/lorca-recupera-la-historica-linea-de-autobus-a-la-parroquia-y-amplia-el-servicio-a-mas-pedanias\/#article","isPartOf":{"@id":"https:\/\/arealorcaradio.es\/index.php\/2025\/09\/03\/lorca-recupera-la-historica-linea-de-autobus-a-la-parroquia-y-amplia-el-servicio-a-mas-pedanias\/"},"author":{"name":"Paco S\u00e1nchez","@id":"https:\/\/arealorcaradio.es\/#\/schema\/person\/9fae605fc25b0f2c83c1ab207139bd27"},"headline":"Lorca recupera la hist\u00f3rica l\u00ednea de autob\u00fas a La Parroquia y ampl\u00eda el servicio a m\u00e1s pedan\u00edas","datePublished":"2025-09-03T10:42:40+00:00","mainEntityOfPage":{"@id":"https:\/\/arealorcaradio.es\/index.php\/2025\/09\/03\/lorca-recupera-la-historica-linea-de-autobus-a-la-parroquia-y-amplia-el-servicio-a-mas-pedanias\/"},"wordCount":565,"commentCount":0,"image":{"@id":"https:\/\/arealorcaradio.es\/index.php\/2025\/09\/03\/lorca-recupera-la-historica-linea-de-autobus-a-la-parroquia-y-amplia-el-servicio-a-mas-pedanias\/#primaryimage"},"thumbnailUrl":"https:\/\/arealorcaradio.es\/wp-content\/uploads\/2025\/09\/FOTO1-54.jpeg","articleSection":["ACTUALIDAD","LORCA"],"inLanguage":"es","potentialAction":[{"@type":"CommentAction","name":"Comment","target":["https:\/\/arealorcaradio.es\/index.php\/2025\/09\/03\/lorca-recupera-la-historica-linea-de-autobus-a-la-parroquia-y-amplia-el-servicio-a-mas-pedanias\/#respond"]}]},{"@type":"WebPage","@id":"https:\/\/arealorcaradio.es\/index.php\/2025\/09\/03\/lorca-recupera-la-historica-linea-de-autobus-a-la-parroquia-y-amplia-el-servicio-a-mas-pedanias\/","url":"https:\/\/arealorcaradio.es\/index.php\/2025\/09\/03\/lorca-recupera-la-historica-linea-de-autobus-a-la-parroquia-y-amplia-el-servicio-a-mas-pedanias\/","name":"Lorca recupera la hist\u00f3rica l\u00ednea de autob\u00fas a La Parroquia y ampl\u00eda el servicio a m\u00e1s pedan\u00edas - AREA LORCA RADIO","isPartOf":{"@id":"https:\/\/arealorcaradio.es\/#website"},"primaryImageOfPage":{"@id":"https:\/\/arealorcaradio.es\/index.php\/2025\/09\/03\/lorca-recupera-la-historica-linea-de-autobus-a-la-parroquia-y-amplia-el-servicio-a-mas-pedanias\/#primaryimage"},"image":{"@id":"https:\/\/arealorcaradio.es\/index.php\/2025\/09\/03\/lorca-recupera-la-historica-linea-de-autobus-a-la-parroquia-y-amplia-el-servicio-a-mas-pedanias\/#primaryimage"},"thumbnailUrl":"https:\/\/arealorcaradio.es\/wp-content\/uploads\/2025\/09\/FOTO1-54.jpeg","datePublished":"2025-09-03T10:42:40+00:00","author":{"@id":"https:\/\/arealorcaradio.es\/#\/schema\/person\/9fae605fc25b0f2c83c1ab207139bd27"},"breadcrumb":{"@id":"https:\/\/arealorcaradio.es\/index.php\/2025\/09\/03\/lorca-recupera-la-historica-linea-de-autobus-a-la-parroquia-y-amplia-el-servicio-a-mas-pedanias\/#breadcrumb"},"inLanguage":"es","potentialAction":[{"@type":"ReadAction","target":["https:\/\/arealorcaradio.es\/index.php\/2025\/09\/03\/lorca-recupera-la-historica-linea-de-autobus-a-la-parroquia-y-amplia-el-servicio-a-mas-pedanias\/"]}]},{"@type":"ImageObject","inLanguage":"es","@id":"https:\/\/arealorcaradio.es\/index.php\/2025\/09\/03\/lorca-recupera-la-historica-linea-de-autobus-a-la-parroquia-y-amplia-el-servicio-a-mas-pedanias\/#primaryimage","url":"https:\/\/arealorcaradio.es\/wp-content\/uploads\/2025\/09\/FOTO1-54.jpeg","contentUrl":"https:\/\/arealorcaradio.es\/wp-content\/uploads\/2025\/09\/FOTO1-54.jpeg","width":2048,"height":1536},{"@type":"BreadcrumbList","@id":"https:\/\/arealorcaradio.es\/index.php\/2025\/09\/03\/lorca-recupera-la-historica-linea-de-autobus-a-la-parroquia-y-amplia-el-servicio-a-mas-pedanias\/#breadcrumb","itemListElement":[{"@type":"ListItem","position":1,"name":"Portada","item":"https:\/\/arealorcaradio.es\/"},{"@type":"ListItem","position":2,"name":"Lorca recupera la hist\u00f3rica l\u00ednea de autob\u00fas a La Parroquia y ampl\u00eda el servicio a m\u00e1s pedan\u00edas"}]},{"@type":"WebSite","@id":"https:\/\/arealorcaradio.es\/#website","url":"https:\/\/arealorcaradio.es\/","name":"AREA LORCA RADIO","description":"Descubre la programaci\u00f3n actual en \u00c1rea Lorca Radio, tu fuente de entrenamiento y noticias locales. Sintoniza ahora y mantente conectado online.","potentialAction":[{"@type":"SearchAction","target":{"@type":"EntryPoint","urlTemplate":"https:\/\/arealorcaradio.es\/?s={search_term_string}"},"query-input":{"@type":"PropertyValueSpecification","valueRequired":true,"valueName":"search_term_string"}}],"inLanguage":"es"},{"@type":"Person","@id":"https:\/\/arealorcaradio.es\/#\/schema\/person\/9fae605fc25b0f2c83c1ab207139bd27","name":"Paco S\u00e1nchez","image":{"@type":"ImageObject","inLanguage":"es","@id":"https:\/\/secure.gravatar.com\/avatar\/d67144e966420fb74aa84c9f2a0103be4724fd14db52b52d3b6bca749f257e79?s=96&d=mm&r=g","url":"https:\/\/secure.gravatar.com\/avatar\/d67144e966420fb74aa84c9f2a0103be4724fd14db52b52d3b6bca749f257e79?s=96&d=mm&r=g","contentUrl":"https:\/\/secure.gravatar.com\/avatar\/d67144e966420fb74aa84c9f2a0103be4724fd14db52b52d3b6bca749f257e79?s=96&d=mm&r=g","caption":"Paco S\u00e1nchez"},"sameAs":["https:\/\/arealorcaradio.es"],"url":"https:\/\/arealorcaradio.es\/index.php\/author\/admin_alorcaradio\/"}]}},"_links":{"self":[{"href":"https:\/\/arealorcaradio.es\/index.php\/wp-json\/wp\/v2\/posts\/7659","targetHints":{"allow":["GET"]}}],"collection":[{"href":"https:\/\/arealorcaradio.es\/index.php\/wp-json\/wp\/v2\/posts"}],"about":[{"href":"https:\/\/arealorcaradio.es\/index.php\/wp-json\/wp\/v2\/types\/post"}],"author":[{"embeddable":true,"href":"https:\/\/arealorcaradio.es\/index.php\/wp-json\/wp\/v2\/users\/1"}],"replies":[{"embeddable":true,"href":"https:\/\/arealorcaradio.es\/index.php\/wp-json\/wp\/v2\/comments?post=7659"}],"version-history":[{"count":1,"href":"https:\/\/arealorcaradio.es\/index.php\/wp-json\/wp\/v2\/posts\/7659\/revisions"}],"predecessor-version":[{"id":7663,"href":"https:\/\/arealorcaradio.es\/index.php\/wp-json\/wp\/v2\/posts\/7659\/revisions\/7663"}],"wp:featuredmedia":[{"embeddable":true,"href":"https:\/\/arealorcaradio.es\/index.php\/wp-json\/wp\/v2\/media\/7662"}],"wp:attachment":[{"href":"https:\/\/arealorcaradio.es\/index.php\/wp-json\/wp\/v2\/media?parent=7659"}],"wp:term":[{"taxonomy":"category","embeddable":true,"href":"https:\/\/arealorcaradio.es\/index.php\/wp-json\/wp\/v2\/categories?post=7659"},{"taxonomy":"post_tag","embeddable":true,"href":"https:\/\/arealorcaradio.es\/index.php\/wp-json\/wp\/v2\/tags?post=7659"}],"curies":[{"name":"wp","href":"https:\/\/api.w.org\/{rel}","templated":true}]}}