{"id":7655,"date":"2025-09-03T10:32:43","date_gmt":"2025-09-03T10:32:43","guid":{"rendered":"https:\/\/arealorcaradio.es\/?p=7655"},"modified":"2025-09-03T10:32:43","modified_gmt":"2025-09-03T10:32:43","slug":"vecinos-de-la-diputacion-de-rio-mantienen-una-nueva-reunion-con-el-alcalde-quien-les-traslada-tranquilidad-en-relacion-a-la-instalacion-de-una-planta-de-biogas","status":"publish","type":"post","link":"https:\/\/arealorcaradio.es\/index.php\/2025\/09\/03\/vecinos-de-la-diputacion-de-rio-mantienen-una-nueva-reunion-con-el-alcalde-quien-les-traslada-tranquilidad-en-relacion-a-la-instalacion-de-una-planta-de-biogas\/","title":{"rendered":"Vecinos de la diputaci\u00f3n de R\u00edo mantienen una nueva reuni\u00f3n con el alcalde qui\u00e9n les traslada \u00abtranquilidad\u00bb en relaci\u00f3n a la instalaci\u00f3n de una planta de biog\u00e1s"},"content":{"rendered":"<p><strong>\u00c1REA LORCA RADIO. Sociedad.<\/strong><\/p>\n<p class=\"v1MsoNormal\"><b>Lorca, 3 de septiembre de 2025<\/b>. El Ayuntamiento de Lorca pone de manifiesto con esta nueva ronda de contactos su inter\u00e9s en la \u00abparticipaci\u00f3n ciudadana\u00bb en cualquier tipo de proceso en esta materia, atendiendo a una \u00abtotal transparencia por parte del Gobierno de Lorca, como venimos haciendo desde hace tiempo en relaci\u00f3n a este tema\u00bb, ha indicado Gil J\u00f3dar.<\/p>\n<p class=\"v1MsoNormal\"><img loading=\"lazy\" decoding=\"async\" class=\"alignnone size-medium wp-image-7656\" src=\"https:\/\/arealorcaradio.es\/wp-content\/uploads\/2025\/09\/FOTO2-33-300x187.jpeg\" alt=\"\" width=\"300\" height=\"187\" srcset=\"https:\/\/arealorcaradio.es\/wp-content\/uploads\/2025\/09\/FOTO2-33-300x187.jpeg 300w, https:\/\/arealorcaradio.es\/wp-content\/uploads\/2025\/09\/FOTO2-33-1024x637.jpeg 1024w, https:\/\/arealorcaradio.es\/wp-content\/uploads\/2025\/09\/FOTO2-33-768x478.jpeg 768w, https:\/\/arealorcaradio.es\/wp-content\/uploads\/2025\/09\/FOTO2-33-1536x956.jpeg 1536w, https:\/\/arealorcaradio.es\/wp-content\/uploads\/2025\/09\/FOTO2-33.jpeg 2048w\" sizes=\"auto, (max-width: 300px) 100vw, 300px\" \/><\/p>\n<p class=\"v1MsoNormal\">En este encuentro, se ha insistido en que la herramienta clave del Ayuntamiento es la potestad de otorgar la declaraci\u00f3n de inter\u00e9s p\u00fablico, que s\u00f3lo se aprobar\u00e1 \u00fanica y exclusivamente en aquellos casos que respondan a criterios de conveniencia, oportunidad y est\u00e9n exentas de conflictividad social; \u00abvamos a evaluar cada proyecto con lupa, aplicando el m\u00e1ximo rigor y buscando el consenso vecinal. Solo se permitir\u00e1 lo que realmente se adec\u00fae a lo que los lorquinos necesitamos y queremos\u00bb, ha sumado el primer edil.<\/p>\n<p class=\"v1MsoNormal\">Adem\u00e1s, ante una de las preocupaciones vecinales, que era el estado de una planta cercana de SANDAX, tambi\u00e9n se les ha dado traslado de que ese punto actualmente est\u00e1 paralizado.<\/p>\n<p>&nbsp;<\/p>\n","protected":false},"excerpt":{"rendered":"<p>\u00c1REA LORCA RADIO. Sociedad. Lorca, 3 de septiembre de 2025. El Ayuntamiento de Lorca pone de manifiesto con esta nueva ronda de contactos su inter\u00e9s en la \u00abparticipaci\u00f3n ciudadana\u00bb en cualquier tipo de proceso en esta materia, atendiendo a una \u00abtotal transparencia por parte del Gobierno de Lorca, como venimos haciendo desde hace tiempo en [&hellip;]<\/p>\n","protected":false},"author":1,"featured_media":7657,"comment_status":"open","ping_status":"open","sticky":false,"template":"","format":"standard","meta":{"iawp_total_views":9,"footnotes":""},"categories":[5,7],"tags":[],"class_list":["post-7655","post","type-post","status-publish","format-standard","has-post-thumbnail","hentry","category-actualidad","category-lorca"],"yoast_head":"<!-- This site is optimized with the Yoast SEO plugin v27.4 - https:\/\/yoast.com\/product\/yoast-seo-wordpress\/ -->\n<title>Vecinos de la diputaci\u00f3n de R\u00edo mantienen una nueva reuni\u00f3n con el alcalde qui\u00e9n les traslada &quot;tranquilidad&quot; en relaci\u00f3n a la instalaci\u00f3n de una planta de biog\u00e1s - AREA LORCA RADIO<\/title>\n<meta name=\"robots\" content=\"index, follow, max-snippet:-1, max-image-preview:large, max-video-preview:-1\" \/>\n<link rel=\"canonical\" href=\"https:\/\/arealorcaradio.es\/index.php\/2025\/09\/03\/vecinos-de-la-diputacion-de-rio-mantienen-una-nueva-reunion-con-el-alcalde-quien-les-traslada-tranquilidad-en-relacion-a-la-instalacion-de-una-planta-de-biogas\/\" \/>\n<meta property=\"og:locale\" content=\"es_ES\" \/>\n<meta property=\"og:type\" content=\"article\" \/>\n<meta property=\"og:title\" content=\"Vecinos de la diputaci\u00f3n de R\u00edo mantienen una nueva reuni\u00f3n con el alcalde qui\u00e9n les traslada &quot;tranquilidad&quot; en relaci\u00f3n a la instalaci\u00f3n de una planta de biog\u00e1s - AREA LORCA RADIO\" \/>\n<meta property=\"og:description\" content=\"\u00c1REA LORCA RADIO. Sociedad. Lorca, 3 de septiembre de 2025. El Ayuntamiento de Lorca pone de manifiesto con esta nueva ronda de contactos su inter\u00e9s en la \u00abparticipaci\u00f3n ciudadana\u00bb en cualquier tipo de proceso en esta materia, atendiendo a una \u00abtotal transparencia por parte del Gobierno de Lorca, como venimos haciendo desde hace tiempo en [&hellip;]\" \/>\n<meta property=\"og:url\" content=\"https:\/\/arealorcaradio.es\/index.php\/2025\/09\/03\/vecinos-de-la-diputacion-de-rio-mantienen-una-nueva-reunion-con-el-alcalde-quien-les-traslada-tranquilidad-en-relacion-a-la-instalacion-de-una-planta-de-biogas\/\" \/>\n<meta property=\"og:site_name\" content=\"AREA LORCA RADIO\" \/>\n<meta property=\"article:published_time\" content=\"2025-09-03T10:32:43+00:00\" \/>\n<meta property=\"og:image\" content=\"https:\/\/arealorcaradio.es\/wp-content\/uploads\/2025\/09\/FOTO1-53.jpeg\" \/>\n\t<meta property=\"og:image:width\" content=\"2048\" \/>\n\t<meta property=\"og:image:height\" content=\"1536\" \/>\n\t<meta property=\"og:image:type\" content=\"image\/jpeg\" \/>\n<meta name=\"author\" content=\"Paco S\u00e1nchez\" \/>\n<meta name=\"twitter:card\" content=\"summary_large_image\" \/>\n<meta name=\"twitter:label1\" content=\"Escrito por\" \/>\n\t<meta name=\"twitter:data1\" content=\"Paco S\u00e1nchez\" \/>\n\t<meta name=\"twitter:label2\" content=\"Tiempo de lectura\" \/>\n\t<meta name=\"twitter:data2\" content=\"2 minutos\" \/>\n<script type=\"application\/ld+json\" class=\"yoast-schema-graph\">{\"@context\":\"https:\\\/\\\/schema.org\",\"@graph\":[{\"@type\":\"Article\",\"@id\":\"https:\\\/\\\/arealorcaradio.es\\\/index.php\\\/2025\\\/09\\\/03\\\/vecinos-de-la-diputacion-de-rio-mantienen-una-nueva-reunion-con-el-alcalde-quien-les-traslada-tranquilidad-en-relacion-a-la-instalacion-de-una-planta-de-biogas\\\/#article\",\"isPartOf\":{\"@id\":\"https:\\\/\\\/arealorcaradio.es\\\/index.php\\\/2025\\\/09\\\/03\\\/vecinos-de-la-diputacion-de-rio-mantienen-una-nueva-reunion-con-el-alcalde-quien-les-traslada-tranquilidad-en-relacion-a-la-instalacion-de-una-planta-de-biogas\\\/\"},\"author\":{\"name\":\"Paco S\u00e1nchez\",\"@id\":\"https:\\\/\\\/arealorcaradio.es\\\/#\\\/schema\\\/person\\\/9fae605fc25b0f2c83c1ab207139bd27\"},\"headline\":\"Vecinos de la diputaci\u00f3n de R\u00edo mantienen una nueva reuni\u00f3n con el alcalde qui\u00e9n les traslada \u00abtranquilidad\u00bb en relaci\u00f3n a la instalaci\u00f3n de una planta de biog\u00e1s\",\"datePublished\":\"2025-09-03T10:32:43+00:00\",\"mainEntityOfPage\":{\"@id\":\"https:\\\/\\\/arealorcaradio.es\\\/index.php\\\/2025\\\/09\\\/03\\\/vecinos-de-la-diputacion-de-rio-mantienen-una-nueva-reunion-con-el-alcalde-quien-les-traslada-tranquilidad-en-relacion-a-la-instalacion-de-una-planta-de-biogas\\\/\"},\"wordCount\":222,\"commentCount\":0,\"image\":{\"@id\":\"https:\\\/\\\/arealorcaradio.es\\\/index.php\\\/2025\\\/09\\\/03\\\/vecinos-de-la-diputacion-de-rio-mantienen-una-nueva-reunion-con-el-alcalde-quien-les-traslada-tranquilidad-en-relacion-a-la-instalacion-de-una-planta-de-biogas\\\/#primaryimage\"},\"thumbnailUrl\":\"https:\\\/\\\/arealorcaradio.es\\\/wp-content\\\/uploads\\\/2025\\\/09\\\/FOTO1-53.jpeg\",\"articleSection\":[\"ACTUALIDAD\",\"LORCA\"],\"inLanguage\":\"es\",\"potentialAction\":[{\"@type\":\"CommentAction\",\"name\":\"Comment\",\"target\":[\"https:\\\/\\\/arealorcaradio.es\\\/index.php\\\/2025\\\/09\\\/03\\\/vecinos-de-la-diputacion-de-rio-mantienen-una-nueva-reunion-con-el-alcalde-quien-les-traslada-tranquilidad-en-relacion-a-la-instalacion-de-una-planta-de-biogas\\\/#respond\"]}]},{\"@type\":\"WebPage\",\"@id\":\"https:\\\/\\\/arealorcaradio.es\\\/index.php\\\/2025\\\/09\\\/03\\\/vecinos-de-la-diputacion-de-rio-mantienen-una-nueva-reunion-con-el-alcalde-quien-les-traslada-tranquilidad-en-relacion-a-la-instalacion-de-una-planta-de-biogas\\\/\",\"url\":\"https:\\\/\\\/arealorcaradio.es\\\/index.php\\\/2025\\\/09\\\/03\\\/vecinos-de-la-diputacion-de-rio-mantienen-una-nueva-reunion-con-el-alcalde-quien-les-traslada-tranquilidad-en-relacion-a-la-instalacion-de-una-planta-de-biogas\\\/\",\"name\":\"Vecinos de la diputaci\u00f3n de R\u00edo mantienen una nueva reuni\u00f3n con el alcalde qui\u00e9n les traslada \\\"tranquilidad\\\" en relaci\u00f3n a la instalaci\u00f3n de una planta de biog\u00e1s - AREA LORCA RADIO\",\"isPartOf\":{\"@id\":\"https:\\\/\\\/arealorcaradio.es\\\/#website\"},\"primaryImageOfPage\":{\"@id\":\"https:\\\/\\\/arealorcaradio.es\\\/index.php\\\/2025\\\/09\\\/03\\\/vecinos-de-la-diputacion-de-rio-mantienen-una-nueva-reunion-con-el-alcalde-quien-les-traslada-tranquilidad-en-relacion-a-la-instalacion-de-una-planta-de-biogas\\\/#primaryimage\"},\"image\":{\"@id\":\"https:\\\/\\\/arealorcaradio.es\\\/index.php\\\/2025\\\/09\\\/03\\\/vecinos-de-la-diputacion-de-rio-mantienen-una-nueva-reunion-con-el-alcalde-quien-les-traslada-tranquilidad-en-relacion-a-la-instalacion-de-una-planta-de-biogas\\\/#primaryimage\"},\"thumbnailUrl\":\"https:\\\/\\\/arealorcaradio.es\\\/wp-content\\\/uploads\\\/2025\\\/09\\\/FOTO1-53.jpeg\",\"datePublished\":\"2025-09-03T10:32:43+00:00\",\"author\":{\"@id\":\"https:\\\/\\\/arealorcaradio.es\\\/#\\\/schema\\\/person\\\/9fae605fc25b0f2c83c1ab207139bd27\"},\"breadcrumb\":{\"@id\":\"https:\\\/\\\/arealorcaradio.es\\\/index.php\\\/2025\\\/09\\\/03\\\/vecinos-de-la-diputacion-de-rio-mantienen-una-nueva-reunion-con-el-alcalde-quien-les-traslada-tranquilidad-en-relacion-a-la-instalacion-de-una-planta-de-biogas\\\/#breadcrumb\"},\"inLanguage\":\"es\",\"potentialAction\":[{\"@type\":\"ReadAction\",\"target\":[\"https:\\\/\\\/arealorcaradio.es\\\/index.php\\\/2025\\\/09\\\/03\\\/vecinos-de-la-diputacion-de-rio-mantienen-una-nueva-reunion-con-el-alcalde-quien-les-traslada-tranquilidad-en-relacion-a-la-instalacion-de-una-planta-de-biogas\\\/\"]}]},{\"@type\":\"ImageObject\",\"inLanguage\":\"es\",\"@id\":\"https:\\\/\\\/arealorcaradio.es\\\/index.php\\\/2025\\\/09\\\/03\\\/vecinos-de-la-diputacion-de-rio-mantienen-una-nueva-reunion-con-el-alcalde-quien-les-traslada-tranquilidad-en-relacion-a-la-instalacion-de-una-planta-de-biogas\\\/#primaryimage\",\"url\":\"https:\\\/\\\/arealorcaradio.es\\\/wp-content\\\/uploads\\\/2025\\\/09\\\/FOTO1-53.jpeg\",\"contentUrl\":\"https:\\\/\\\/arealorcaradio.es\\\/wp-content\\\/uploads\\\/2025\\\/09\\\/FOTO1-53.jpeg\",\"width\":2048,\"height\":1536},{\"@type\":\"BreadcrumbList\",\"@id\":\"https:\\\/\\\/arealorcaradio.es\\\/index.php\\\/2025\\\/09\\\/03\\\/vecinos-de-la-diputacion-de-rio-mantienen-una-nueva-reunion-con-el-alcalde-quien-les-traslada-tranquilidad-en-relacion-a-la-instalacion-de-una-planta-de-biogas\\\/#breadcrumb\",\"itemListElement\":[{\"@type\":\"ListItem\",\"position\":1,\"name\":\"Portada\",\"item\":\"https:\\\/\\\/arealorcaradio.es\\\/\"},{\"@type\":\"ListItem\",\"position\":2,\"name\":\"Vecinos de la diputaci\u00f3n de R\u00edo mantienen una nueva reuni\u00f3n con el alcalde qui\u00e9n les traslada \u00abtranquilidad\u00bb en relaci\u00f3n a la instalaci\u00f3n de una planta de biog\u00e1s\"}]},{\"@type\":\"WebSite\",\"@id\":\"https:\\\/\\\/arealorcaradio.es\\\/#website\",\"url\":\"https:\\\/\\\/arealorcaradio.es\\\/\",\"name\":\"AREA LORCA RADIO\",\"description\":\"Descubre la programaci\u00f3n actual en \u00c1rea Lorca Radio, tu fuente de entrenamiento y noticias locales. Sintoniza ahora y mantente conectado online.\",\"potentialAction\":[{\"@type\":\"SearchAction\",\"target\":{\"@type\":\"EntryPoint\",\"urlTemplate\":\"https:\\\/\\\/arealorcaradio.es\\\/?s={search_term_string}\"},\"query-input\":{\"@type\":\"PropertyValueSpecification\",\"valueRequired\":true,\"valueName\":\"search_term_string\"}}],\"inLanguage\":\"es\"},{\"@type\":\"Person\",\"@id\":\"https:\\\/\\\/arealorcaradio.es\\\/#\\\/schema\\\/person\\\/9fae605fc25b0f2c83c1ab207139bd27\",\"name\":\"Paco S\u00e1nchez\",\"image\":{\"@type\":\"ImageObject\",\"inLanguage\":\"es\",\"@id\":\"https:\\\/\\\/secure.gravatar.com\\\/avatar\\\/d67144e966420fb74aa84c9f2a0103be4724fd14db52b52d3b6bca749f257e79?s=96&d=mm&r=g\",\"url\":\"https:\\\/\\\/secure.gravatar.com\\\/avatar\\\/d67144e966420fb74aa84c9f2a0103be4724fd14db52b52d3b6bca749f257e79?s=96&d=mm&r=g\",\"contentUrl\":\"https:\\\/\\\/secure.gravatar.com\\\/avatar\\\/d67144e966420fb74aa84c9f2a0103be4724fd14db52b52d3b6bca749f257e79?s=96&d=mm&r=g\",\"caption\":\"Paco S\u00e1nchez\"},\"sameAs\":[\"https:\\\/\\\/arealorcaradio.es\"],\"url\":\"https:\\\/\\\/arealorcaradio.es\\\/index.php\\\/author\\\/admin_alorcaradio\\\/\"}]}<\/script>\n<!-- \/ Yoast SEO plugin. -->","yoast_head_json":{"title":"Vecinos de la diputaci\u00f3n de R\u00edo mantienen una nueva reuni\u00f3n con el alcalde qui\u00e9n les traslada \"tranquilidad\" en relaci\u00f3n a la instalaci\u00f3n de una planta de biog\u00e1s - AREA LORCA RADIO","robots":{"index":"index","follow":"follow","max-snippet":"max-snippet:-1","max-image-preview":"max-image-preview:large","max-video-preview":"max-video-preview:-1"},"canonical":"https:\/\/arealorcaradio.es\/index.php\/2025\/09\/03\/vecinos-de-la-diputacion-de-rio-mantienen-una-nueva-reunion-con-el-alcalde-quien-les-traslada-tranquilidad-en-relacion-a-la-instalacion-de-una-planta-de-biogas\/","og_locale":"es_ES","og_type":"article","og_title":"Vecinos de la diputaci\u00f3n de R\u00edo mantienen una nueva reuni\u00f3n con el alcalde qui\u00e9n les traslada \"tranquilidad\" en relaci\u00f3n a la instalaci\u00f3n de una planta de biog\u00e1s - AREA LORCA RADIO","og_description":"\u00c1REA LORCA RADIO. Sociedad. Lorca, 3 de septiembre de 2025. El Ayuntamiento de Lorca pone de manifiesto con esta nueva ronda de contactos su inter\u00e9s en la \u00abparticipaci\u00f3n ciudadana\u00bb en cualquier tipo de proceso en esta materia, atendiendo a una \u00abtotal transparencia por parte del Gobierno de Lorca, como venimos haciendo desde hace tiempo en [&hellip;]","og_url":"https:\/\/arealorcaradio.es\/index.php\/2025\/09\/03\/vecinos-de-la-diputacion-de-rio-mantienen-una-nueva-reunion-con-el-alcalde-quien-les-traslada-tranquilidad-en-relacion-a-la-instalacion-de-una-planta-de-biogas\/","og_site_name":"AREA LORCA RADIO","article_published_time":"2025-09-03T10:32:43+00:00","og_image":[{"width":2048,"height":1536,"url":"https:\/\/arealorcaradio.es\/wp-content\/uploads\/2025\/09\/FOTO1-53.jpeg","type":"image\/jpeg"}],"author":"Paco S\u00e1nchez","twitter_card":"summary_large_image","twitter_misc":{"Escrito por":"Paco S\u00e1nchez","Tiempo de lectura":"2 minutos"},"schema":{"@context":"https:\/\/schema.org","@graph":[{"@type":"Article","@id":"https:\/\/arealorcaradio.es\/index.php\/2025\/09\/03\/vecinos-de-la-diputacion-de-rio-mantienen-una-nueva-reunion-con-el-alcalde-quien-les-traslada-tranquilidad-en-relacion-a-la-instalacion-de-una-planta-de-biogas\/#article","isPartOf":{"@id":"https:\/\/arealorcaradio.es\/index.php\/2025\/09\/03\/vecinos-de-la-diputacion-de-rio-mantienen-una-nueva-reunion-con-el-alcalde-quien-les-traslada-tranquilidad-en-relacion-a-la-instalacion-de-una-planta-de-biogas\/"},"author":{"name":"Paco S\u00e1nchez","@id":"https:\/\/arealorcaradio.es\/#\/schema\/person\/9fae605fc25b0f2c83c1ab207139bd27"},"headline":"Vecinos de la diputaci\u00f3n de R\u00edo mantienen una nueva reuni\u00f3n con el alcalde qui\u00e9n les traslada \u00abtranquilidad\u00bb en relaci\u00f3n a la instalaci\u00f3n de una planta de biog\u00e1s","datePublished":"2025-09-03T10:32:43+00:00","mainEntityOfPage":{"@id":"https:\/\/arealorcaradio.es\/index.php\/2025\/09\/03\/vecinos-de-la-diputacion-de-rio-mantienen-una-nueva-reunion-con-el-alcalde-quien-les-traslada-tranquilidad-en-relacion-a-la-instalacion-de-una-planta-de-biogas\/"},"wordCount":222,"commentCount":0,"image":{"@id":"https:\/\/arealorcaradio.es\/index.php\/2025\/09\/03\/vecinos-de-la-diputacion-de-rio-mantienen-una-nueva-reunion-con-el-alcalde-quien-les-traslada-tranquilidad-en-relacion-a-la-instalacion-de-una-planta-de-biogas\/#primaryimage"},"thumbnailUrl":"https:\/\/arealorcaradio.es\/wp-content\/uploads\/2025\/09\/FOTO1-53.jpeg","articleSection":["ACTUALIDAD","LORCA"],"inLanguage":"es","potentialAction":[{"@type":"CommentAction","name":"Comment","target":["https:\/\/arealorcaradio.es\/index.php\/2025\/09\/03\/vecinos-de-la-diputacion-de-rio-mantienen-una-nueva-reunion-con-el-alcalde-quien-les-traslada-tranquilidad-en-relacion-a-la-instalacion-de-una-planta-de-biogas\/#respond"]}]},{"@type":"WebPage","@id":"https:\/\/arealorcaradio.es\/index.php\/2025\/09\/03\/vecinos-de-la-diputacion-de-rio-mantienen-una-nueva-reunion-con-el-alcalde-quien-les-traslada-tranquilidad-en-relacion-a-la-instalacion-de-una-planta-de-biogas\/","url":"https:\/\/arealorcaradio.es\/index.php\/2025\/09\/03\/vecinos-de-la-diputacion-de-rio-mantienen-una-nueva-reunion-con-el-alcalde-quien-les-traslada-tranquilidad-en-relacion-a-la-instalacion-de-una-planta-de-biogas\/","name":"Vecinos de la diputaci\u00f3n de R\u00edo mantienen una nueva reuni\u00f3n con el alcalde qui\u00e9n les traslada \"tranquilidad\" en relaci\u00f3n a la instalaci\u00f3n de una planta de biog\u00e1s - AREA LORCA RADIO","isPartOf":{"@id":"https:\/\/arealorcaradio.es\/#website"},"primaryImageOfPage":{"@id":"https:\/\/arealorcaradio.es\/index.php\/2025\/09\/03\/vecinos-de-la-diputacion-de-rio-mantienen-una-nueva-reunion-con-el-alcalde-quien-les-traslada-tranquilidad-en-relacion-a-la-instalacion-de-una-planta-de-biogas\/#primaryimage"},"image":{"@id":"https:\/\/arealorcaradio.es\/index.php\/2025\/09\/03\/vecinos-de-la-diputacion-de-rio-mantienen-una-nueva-reunion-con-el-alcalde-quien-les-traslada-tranquilidad-en-relacion-a-la-instalacion-de-una-planta-de-biogas\/#primaryimage"},"thumbnailUrl":"https:\/\/arealorcaradio.es\/wp-content\/uploads\/2025\/09\/FOTO1-53.jpeg","datePublished":"2025-09-03T10:32:43+00:00","author":{"@id":"https:\/\/arealorcaradio.es\/#\/schema\/person\/9fae605fc25b0f2c83c1ab207139bd27"},"breadcrumb":{"@id":"https:\/\/arealorcaradio.es\/index.php\/2025\/09\/03\/vecinos-de-la-diputacion-de-rio-mantienen-una-nueva-reunion-con-el-alcalde-quien-les-traslada-tranquilidad-en-relacion-a-la-instalacion-de-una-planta-de-biogas\/#breadcrumb"},"inLanguage":"es","potentialAction":[{"@type":"ReadAction","target":["https:\/\/arealorcaradio.es\/index.php\/2025\/09\/03\/vecinos-de-la-diputacion-de-rio-mantienen-una-nueva-reunion-con-el-alcalde-quien-les-traslada-tranquilidad-en-relacion-a-la-instalacion-de-una-planta-de-biogas\/"]}]},{"@type":"ImageObject","inLanguage":"es","@id":"https:\/\/arealorcaradio.es\/index.php\/2025\/09\/03\/vecinos-de-la-diputacion-de-rio-mantienen-una-nueva-reunion-con-el-alcalde-quien-les-traslada-tranquilidad-en-relacion-a-la-instalacion-de-una-planta-de-biogas\/#primaryimage","url":"https:\/\/arealorcaradio.es\/wp-content\/uploads\/2025\/09\/FOTO1-53.jpeg","contentUrl":"https:\/\/arealorcaradio.es\/wp-content\/uploads\/2025\/09\/FOTO1-53.jpeg","width":2048,"height":1536},{"@type":"BreadcrumbList","@id":"https:\/\/arealorcaradio.es\/index.php\/2025\/09\/03\/vecinos-de-la-diputacion-de-rio-mantienen-una-nueva-reunion-con-el-alcalde-quien-les-traslada-tranquilidad-en-relacion-a-la-instalacion-de-una-planta-de-biogas\/#breadcrumb","itemListElement":[{"@type":"ListItem","position":1,"name":"Portada","item":"https:\/\/arealorcaradio.es\/"},{"@type":"ListItem","position":2,"name":"Vecinos de la diputaci\u00f3n de R\u00edo mantienen una nueva reuni\u00f3n con el alcalde qui\u00e9n les traslada \u00abtranquilidad\u00bb en relaci\u00f3n a la instalaci\u00f3n de una planta de biog\u00e1s"}]},{"@type":"WebSite","@id":"https:\/\/arealorcaradio.es\/#website","url":"https:\/\/arealorcaradio.es\/","name":"AREA LORCA RADIO","description":"Descubre la programaci\u00f3n actual en \u00c1rea Lorca Radio, tu fuente de entrenamiento y noticias locales. Sintoniza ahora y mantente conectado online.","potentialAction":[{"@type":"SearchAction","target":{"@type":"EntryPoint","urlTemplate":"https:\/\/arealorcaradio.es\/?s={search_term_string}"},"query-input":{"@type":"PropertyValueSpecification","valueRequired":true,"valueName":"search_term_string"}}],"inLanguage":"es"},{"@type":"Person","@id":"https:\/\/arealorcaradio.es\/#\/schema\/person\/9fae605fc25b0f2c83c1ab207139bd27","name":"Paco S\u00e1nchez","image":{"@type":"ImageObject","inLanguage":"es","@id":"https:\/\/secure.gravatar.com\/avatar\/d67144e966420fb74aa84c9f2a0103be4724fd14db52b52d3b6bca749f257e79?s=96&d=mm&r=g","url":"https:\/\/secure.gravatar.com\/avatar\/d67144e966420fb74aa84c9f2a0103be4724fd14db52b52d3b6bca749f257e79?s=96&d=mm&r=g","contentUrl":"https:\/\/secure.gravatar.com\/avatar\/d67144e966420fb74aa84c9f2a0103be4724fd14db52b52d3b6bca749f257e79?s=96&d=mm&r=g","caption":"Paco S\u00e1nchez"},"sameAs":["https:\/\/arealorcaradio.es"],"url":"https:\/\/arealorcaradio.es\/index.php\/author\/admin_alorcaradio\/"}]}},"_links":{"self":[{"href":"https:\/\/arealorcaradio.es\/index.php\/wp-json\/wp\/v2\/posts\/7655","targetHints":{"allow":["GET"]}}],"collection":[{"href":"https:\/\/arealorcaradio.es\/index.php\/wp-json\/wp\/v2\/posts"}],"about":[{"href":"https:\/\/arealorcaradio.es\/index.php\/wp-json\/wp\/v2\/types\/post"}],"author":[{"embeddable":true,"href":"https:\/\/arealorcaradio.es\/index.php\/wp-json\/wp\/v2\/users\/1"}],"replies":[{"embeddable":true,"href":"https:\/\/arealorcaradio.es\/index.php\/wp-json\/wp\/v2\/comments?post=7655"}],"version-history":[{"count":1,"href":"https:\/\/arealorcaradio.es\/index.php\/wp-json\/wp\/v2\/posts\/7655\/revisions"}],"predecessor-version":[{"id":7658,"href":"https:\/\/arealorcaradio.es\/index.php\/wp-json\/wp\/v2\/posts\/7655\/revisions\/7658"}],"wp:featuredmedia":[{"embeddable":true,"href":"https:\/\/arealorcaradio.es\/index.php\/wp-json\/wp\/v2\/media\/7657"}],"wp:attachment":[{"href":"https:\/\/arealorcaradio.es\/index.php\/wp-json\/wp\/v2\/media?parent=7655"}],"wp:term":[{"taxonomy":"category","embeddable":true,"href":"https:\/\/arealorcaradio.es\/index.php\/wp-json\/wp\/v2\/categories?post=7655"},{"taxonomy":"post_tag","embeddable":true,"href":"https:\/\/arealorcaradio.es\/index.php\/wp-json\/wp\/v2\/tags?post=7655"}],"curies":[{"name":"wp","href":"https:\/\/api.w.org\/{rel}","templated":true}]}}