{"id":7650,"date":"2025-09-03T08:14:16","date_gmt":"2025-09-03T08:14:16","guid":{"rendered":"https:\/\/arealorcaradio.es\/?p=7650"},"modified":"2025-09-03T08:14:16","modified_gmt":"2025-09-03T08:14:16","slug":"jeronimo-martinez-mi-vinculo-con-la-armada-comenzo-desde-muy-joven-siempre-quise-ser-marinero","status":"publish","type":"post","link":"https:\/\/arealorcaradio.es\/index.php\/2025\/09\/03\/jeronimo-martinez-mi-vinculo-con-la-armada-comenzo-desde-muy-joven-siempre-quise-ser-marinero\/","title":{"rendered":"Jer\u00f3nimo Mart\u00ednez: \u00abMi vinculo con la Armada comenz\u00f3 desde muy joven, siempre quise ser marinero\u00bb"},"content":{"rendered":"<p><strong>\u00c1REA LORCA RADIO. Sociedad.<\/strong><\/p>\n<div class=\"WaaZC\">\n<div class=\"RJPOee EIJn2\">\n<div class=\"rPeykc\" data-hveid=\"CBkQAQ\" data-ved=\"2ahUKEwiD8572jryPAxVJKvsDHUxvDBIQo_EKegQIGRAB\"><span data-huuid=\"11488311672969245916\">Escucha aqu\u00ed la entrevista concedida por Jer\u00f3nimo Mart\u00ednez a Paco S\u00e1nchez en el programa magazine de \u00c1rea Lorca Radio. El periodista lorquino Jer\u00f3nimo Mart\u00ednez G\u00f3mez, fue condecorado con la Cruz al M\u00e9rito Naval, condecoraci\u00f3n que fue otorgada por el almirante-jefe del Estado Mayor de la Armada por su labor period\u00edstica.<span class=\"pjBG2e\" data-cid=\"ac39a43a-1fc3-4f74-9906-59865896e78c\"><span class=\"UV3uM\">\u00a0<\/span><\/span><\/span><\/p>\n<div class=\"NPrrbc\" data-cid=\"ac39a43a-1fc3-4f74-9906-59865896e78c\" data-uuids=\"11488311672969245916\">\n<div class=\"BMebGe btku5b fCrZyc LwdV0e FR7ZSc qVhvac OJeuxf\" tabindex=\"0\" role=\"button\" aria-label=\"Ver enlaces relacionados\" data-hveid=\"CAgQAw\" data-ved=\"2ahUKEwiD8572jryPAxVJKvsDHUxvDBIQ3fYKegQICBAD\">\n<div class=\"niO4u\">\n<div class=\"kHtcsd\">Durante su intervenci\u00f3n, Jer\u00f3nimo Mart\u00ednez explica que siempre quiso estar vinculado a la Armada pero que un problema visual en su juventud le impidi\u00f3 cumplir su sue\u00f1o, algo que como periodista si que cumpli\u00f3 con creces.<\/div>\n<div>\n<audio class=\"wp-audio-shortcode\" id=\"audio-7650-1\" preload=\"none\" style=\"width: 100%;\" controls=\"controls\"><source type=\"audio\/mpeg\" src=\"https:\/\/arealorcaradio.es\/wp-content\/uploads\/2025\/09\/020925-JERONIMO-MARTINEZ.-CRUZ-MERITO-NAVAL.mp3?_=1\" \/><a href=\"https:\/\/arealorcaradio.es\/wp-content\/uploads\/2025\/09\/020925-JERONIMO-MARTINEZ.-CRUZ-MERITO-NAVAL.mp3\">https:\/\/arealorcaradio.es\/wp-content\/uploads\/2025\/09\/020925-JERONIMO-MARTINEZ.-CRUZ-MERITO-NAVAL.mp3<\/a><\/audio>\n<p><img loading=\"lazy\" decoding=\"async\" class=\"alignnone size-medium wp-image-7652\" src=\"https:\/\/arealorcaradio.es\/wp-content\/uploads\/2025\/09\/Cruz-Blanca-Merito-Naval-225x300.jpg\" alt=\"\" width=\"225\" height=\"300\" srcset=\"https:\/\/arealorcaradio.es\/wp-content\/uploads\/2025\/09\/Cruz-Blanca-Merito-Naval-225x300.jpg 225w, https:\/\/arealorcaradio.es\/wp-content\/uploads\/2025\/09\/Cruz-Blanca-Merito-Naval.jpg 750w\" sizes=\"auto, (max-width: 225px) 100vw, 225px\" \/><\/p>\n<\/div>\n<\/div>\n<\/div>\n<\/div>\n<\/div>\n<\/div>\n<\/div>\n","protected":false},"excerpt":{"rendered":"<p>\u00c1REA LORCA RADIO. Sociedad. Escucha aqu\u00ed la entrevista concedida por Jer\u00f3nimo Mart\u00ednez a Paco S\u00e1nchez en el programa magazine de \u00c1rea Lorca Radio. El periodista lorquino Jer\u00f3nimo Mart\u00ednez G\u00f3mez, fue condecorado con la Cruz al M\u00e9rito Naval, condecoraci\u00f3n que fue otorgada por el almirante-jefe del Estado Mayor de la Armada por su labor period\u00edstica.\u00a0 Durante [&hellip;]<\/p>\n","protected":false},"author":1,"featured_media":7653,"comment_status":"open","ping_status":"open","sticky":false,"template":"","format":"standard","meta":{"iawp_total_views":116,"footnotes":""},"categories":[5,7],"tags":[],"class_list":["post-7650","post","type-post","status-publish","format-standard","has-post-thumbnail","hentry","category-actualidad","category-lorca"],"yoast_head":"<!-- This site is optimized with the Yoast SEO plugin v27.4 - https:\/\/yoast.com\/product\/yoast-seo-wordpress\/ -->\n<title>Jer\u00f3nimo Mart\u00ednez: &quot;Mi vinculo con la Armada comenz\u00f3 desde muy joven, siempre quise ser marinero&quot; - AREA LORCA RADIO<\/title>\n<meta name=\"robots\" content=\"index, follow, max-snippet:-1, max-image-preview:large, max-video-preview:-1\" \/>\n<link rel=\"canonical\" href=\"https:\/\/arealorcaradio.es\/index.php\/2025\/09\/03\/jeronimo-martinez-mi-vinculo-con-la-armada-comenzo-desde-muy-joven-siempre-quise-ser-marinero\/\" \/>\n<meta property=\"og:locale\" content=\"es_ES\" \/>\n<meta property=\"og:type\" content=\"article\" \/>\n<meta property=\"og:title\" content=\"Jer\u00f3nimo Mart\u00ednez: &quot;Mi vinculo con la Armada comenz\u00f3 desde muy joven, siempre quise ser marinero&quot; - AREA LORCA RADIO\" \/>\n<meta property=\"og:description\" content=\"\u00c1REA LORCA RADIO. Sociedad. Escucha aqu\u00ed la entrevista concedida por Jer\u00f3nimo Mart\u00ednez a Paco S\u00e1nchez en el programa magazine de \u00c1rea Lorca Radio. El periodista lorquino Jer\u00f3nimo Mart\u00ednez G\u00f3mez, fue condecorado con la Cruz al M\u00e9rito Naval, condecoraci\u00f3n que fue otorgada por el almirante-jefe del Estado Mayor de la Armada por su labor period\u00edstica.\u00a0 Durante [&hellip;]\" \/>\n<meta property=\"og:url\" content=\"https:\/\/arealorcaradio.es\/index.php\/2025\/09\/03\/jeronimo-martinez-mi-vinculo-con-la-armada-comenzo-desde-muy-joven-siempre-quise-ser-marinero\/\" \/>\n<meta property=\"og:site_name\" content=\"AREA LORCA RADIO\" \/>\n<meta property=\"article:published_time\" content=\"2025-09-03T08:14:16+00:00\" \/>\n<meta property=\"og:image\" content=\"https:\/\/arealorcaradio.es\/wp-content\/uploads\/2025\/09\/20250902_122020-scaled.jpg\" \/>\n\t<meta property=\"og:image:width\" content=\"2560\" \/>\n\t<meta property=\"og:image:height\" content=\"1920\" \/>\n\t<meta property=\"og:image:type\" content=\"image\/jpeg\" \/>\n<meta name=\"author\" content=\"Paco S\u00e1nchez\" \/>\n<meta name=\"twitter:card\" content=\"summary_large_image\" \/>\n<meta name=\"twitter:label1\" content=\"Escrito por\" \/>\n\t<meta name=\"twitter:data1\" content=\"Paco S\u00e1nchez\" \/>\n\t<meta name=\"twitter:label2\" content=\"Tiempo de lectura\" \/>\n\t<meta name=\"twitter:data2\" content=\"1 minuto\" \/>\n<script type=\"application\/ld+json\" class=\"yoast-schema-graph\">{\"@context\":\"https:\\\/\\\/schema.org\",\"@graph\":[{\"@type\":\"Article\",\"@id\":\"https:\\\/\\\/arealorcaradio.es\\\/index.php\\\/2025\\\/09\\\/03\\\/jeronimo-martinez-mi-vinculo-con-la-armada-comenzo-desde-muy-joven-siempre-quise-ser-marinero\\\/#article\",\"isPartOf\":{\"@id\":\"https:\\\/\\\/arealorcaradio.es\\\/index.php\\\/2025\\\/09\\\/03\\\/jeronimo-martinez-mi-vinculo-con-la-armada-comenzo-desde-muy-joven-siempre-quise-ser-marinero\\\/\"},\"author\":{\"name\":\"Paco S\u00e1nchez\",\"@id\":\"https:\\\/\\\/arealorcaradio.es\\\/#\\\/schema\\\/person\\\/9fae605fc25b0f2c83c1ab207139bd27\"},\"headline\":\"Jer\u00f3nimo Mart\u00ednez: \u00abMi vinculo con la Armada comenz\u00f3 desde muy joven, siempre quise ser marinero\u00bb\",\"datePublished\":\"2025-09-03T08:14:16+00:00\",\"mainEntityOfPage\":{\"@id\":\"https:\\\/\\\/arealorcaradio.es\\\/index.php\\\/2025\\\/09\\\/03\\\/jeronimo-martinez-mi-vinculo-con-la-armada-comenzo-desde-muy-joven-siempre-quise-ser-marinero\\\/\"},\"wordCount\":131,\"commentCount\":0,\"image\":{\"@id\":\"https:\\\/\\\/arealorcaradio.es\\\/index.php\\\/2025\\\/09\\\/03\\\/jeronimo-martinez-mi-vinculo-con-la-armada-comenzo-desde-muy-joven-siempre-quise-ser-marinero\\\/#primaryimage\"},\"thumbnailUrl\":\"https:\\\/\\\/arealorcaradio.es\\\/wp-content\\\/uploads\\\/2025\\\/09\\\/20250902_122020-scaled.jpg\",\"articleSection\":[\"ACTUALIDAD\",\"LORCA\"],\"inLanguage\":\"es\",\"potentialAction\":[{\"@type\":\"CommentAction\",\"name\":\"Comment\",\"target\":[\"https:\\\/\\\/arealorcaradio.es\\\/index.php\\\/2025\\\/09\\\/03\\\/jeronimo-martinez-mi-vinculo-con-la-armada-comenzo-desde-muy-joven-siempre-quise-ser-marinero\\\/#respond\"]}]},{\"@type\":\"WebPage\",\"@id\":\"https:\\\/\\\/arealorcaradio.es\\\/index.php\\\/2025\\\/09\\\/03\\\/jeronimo-martinez-mi-vinculo-con-la-armada-comenzo-desde-muy-joven-siempre-quise-ser-marinero\\\/\",\"url\":\"https:\\\/\\\/arealorcaradio.es\\\/index.php\\\/2025\\\/09\\\/03\\\/jeronimo-martinez-mi-vinculo-con-la-armada-comenzo-desde-muy-joven-siempre-quise-ser-marinero\\\/\",\"name\":\"Jer\u00f3nimo Mart\u00ednez: \\\"Mi vinculo con la Armada comenz\u00f3 desde muy joven, siempre quise ser marinero\\\" - AREA LORCA RADIO\",\"isPartOf\":{\"@id\":\"https:\\\/\\\/arealorcaradio.es\\\/#website\"},\"primaryImageOfPage\":{\"@id\":\"https:\\\/\\\/arealorcaradio.es\\\/index.php\\\/2025\\\/09\\\/03\\\/jeronimo-martinez-mi-vinculo-con-la-armada-comenzo-desde-muy-joven-siempre-quise-ser-marinero\\\/#primaryimage\"},\"image\":{\"@id\":\"https:\\\/\\\/arealorcaradio.es\\\/index.php\\\/2025\\\/09\\\/03\\\/jeronimo-martinez-mi-vinculo-con-la-armada-comenzo-desde-muy-joven-siempre-quise-ser-marinero\\\/#primaryimage\"},\"thumbnailUrl\":\"https:\\\/\\\/arealorcaradio.es\\\/wp-content\\\/uploads\\\/2025\\\/09\\\/20250902_122020-scaled.jpg\",\"datePublished\":\"2025-09-03T08:14:16+00:00\",\"author\":{\"@id\":\"https:\\\/\\\/arealorcaradio.es\\\/#\\\/schema\\\/person\\\/9fae605fc25b0f2c83c1ab207139bd27\"},\"breadcrumb\":{\"@id\":\"https:\\\/\\\/arealorcaradio.es\\\/index.php\\\/2025\\\/09\\\/03\\\/jeronimo-martinez-mi-vinculo-con-la-armada-comenzo-desde-muy-joven-siempre-quise-ser-marinero\\\/#breadcrumb\"},\"inLanguage\":\"es\",\"potentialAction\":[{\"@type\":\"ReadAction\",\"target\":[\"https:\\\/\\\/arealorcaradio.es\\\/index.php\\\/2025\\\/09\\\/03\\\/jeronimo-martinez-mi-vinculo-con-la-armada-comenzo-desde-muy-joven-siempre-quise-ser-marinero\\\/\"]}]},{\"@type\":\"ImageObject\",\"inLanguage\":\"es\",\"@id\":\"https:\\\/\\\/arealorcaradio.es\\\/index.php\\\/2025\\\/09\\\/03\\\/jeronimo-martinez-mi-vinculo-con-la-armada-comenzo-desde-muy-joven-siempre-quise-ser-marinero\\\/#primaryimage\",\"url\":\"https:\\\/\\\/arealorcaradio.es\\\/wp-content\\\/uploads\\\/2025\\\/09\\\/20250902_122020-scaled.jpg\",\"contentUrl\":\"https:\\\/\\\/arealorcaradio.es\\\/wp-content\\\/uploads\\\/2025\\\/09\\\/20250902_122020-scaled.jpg\",\"width\":2560,\"height\":1920},{\"@type\":\"BreadcrumbList\",\"@id\":\"https:\\\/\\\/arealorcaradio.es\\\/index.php\\\/2025\\\/09\\\/03\\\/jeronimo-martinez-mi-vinculo-con-la-armada-comenzo-desde-muy-joven-siempre-quise-ser-marinero\\\/#breadcrumb\",\"itemListElement\":[{\"@type\":\"ListItem\",\"position\":1,\"name\":\"Portada\",\"item\":\"https:\\\/\\\/arealorcaradio.es\\\/\"},{\"@type\":\"ListItem\",\"position\":2,\"name\":\"Jer\u00f3nimo Mart\u00ednez: \u00abMi vinculo con la Armada comenz\u00f3 desde muy joven, siempre quise ser marinero\u00bb\"}]},{\"@type\":\"WebSite\",\"@id\":\"https:\\\/\\\/arealorcaradio.es\\\/#website\",\"url\":\"https:\\\/\\\/arealorcaradio.es\\\/\",\"name\":\"AREA LORCA RADIO\",\"description\":\"Descubre la programaci\u00f3n actual en \u00c1rea Lorca Radio, tu fuente de entrenamiento y noticias locales. Sintoniza ahora y mantente conectado online.\",\"potentialAction\":[{\"@type\":\"SearchAction\",\"target\":{\"@type\":\"EntryPoint\",\"urlTemplate\":\"https:\\\/\\\/arealorcaradio.es\\\/?s={search_term_string}\"},\"query-input\":{\"@type\":\"PropertyValueSpecification\",\"valueRequired\":true,\"valueName\":\"search_term_string\"}}],\"inLanguage\":\"es\"},{\"@type\":\"Person\",\"@id\":\"https:\\\/\\\/arealorcaradio.es\\\/#\\\/schema\\\/person\\\/9fae605fc25b0f2c83c1ab207139bd27\",\"name\":\"Paco S\u00e1nchez\",\"image\":{\"@type\":\"ImageObject\",\"inLanguage\":\"es\",\"@id\":\"https:\\\/\\\/secure.gravatar.com\\\/avatar\\\/d67144e966420fb74aa84c9f2a0103be4724fd14db52b52d3b6bca749f257e79?s=96&d=mm&r=g\",\"url\":\"https:\\\/\\\/secure.gravatar.com\\\/avatar\\\/d67144e966420fb74aa84c9f2a0103be4724fd14db52b52d3b6bca749f257e79?s=96&d=mm&r=g\",\"contentUrl\":\"https:\\\/\\\/secure.gravatar.com\\\/avatar\\\/d67144e966420fb74aa84c9f2a0103be4724fd14db52b52d3b6bca749f257e79?s=96&d=mm&r=g\",\"caption\":\"Paco S\u00e1nchez\"},\"sameAs\":[\"https:\\\/\\\/arealorcaradio.es\"],\"url\":\"https:\\\/\\\/arealorcaradio.es\\\/index.php\\\/author\\\/admin_alorcaradio\\\/\"}]}<\/script>\n<!-- \/ Yoast SEO plugin. -->","yoast_head_json":{"title":"Jer\u00f3nimo Mart\u00ednez: \"Mi vinculo con la Armada comenz\u00f3 desde muy joven, siempre quise ser marinero\" - AREA LORCA RADIO","robots":{"index":"index","follow":"follow","max-snippet":"max-snippet:-1","max-image-preview":"max-image-preview:large","max-video-preview":"max-video-preview:-1"},"canonical":"https:\/\/arealorcaradio.es\/index.php\/2025\/09\/03\/jeronimo-martinez-mi-vinculo-con-la-armada-comenzo-desde-muy-joven-siempre-quise-ser-marinero\/","og_locale":"es_ES","og_type":"article","og_title":"Jer\u00f3nimo Mart\u00ednez: \"Mi vinculo con la Armada comenz\u00f3 desde muy joven, siempre quise ser marinero\" - AREA LORCA RADIO","og_description":"\u00c1REA LORCA RADIO. Sociedad. Escucha aqu\u00ed la entrevista concedida por Jer\u00f3nimo Mart\u00ednez a Paco S\u00e1nchez en el programa magazine de \u00c1rea Lorca Radio. El periodista lorquino Jer\u00f3nimo Mart\u00ednez G\u00f3mez, fue condecorado con la Cruz al M\u00e9rito Naval, condecoraci\u00f3n que fue otorgada por el almirante-jefe del Estado Mayor de la Armada por su labor period\u00edstica.\u00a0 Durante [&hellip;]","og_url":"https:\/\/arealorcaradio.es\/index.php\/2025\/09\/03\/jeronimo-martinez-mi-vinculo-con-la-armada-comenzo-desde-muy-joven-siempre-quise-ser-marinero\/","og_site_name":"AREA LORCA RADIO","article_published_time":"2025-09-03T08:14:16+00:00","og_image":[{"width":2560,"height":1920,"url":"https:\/\/arealorcaradio.es\/wp-content\/uploads\/2025\/09\/20250902_122020-scaled.jpg","type":"image\/jpeg"}],"author":"Paco S\u00e1nchez","twitter_card":"summary_large_image","twitter_misc":{"Escrito por":"Paco S\u00e1nchez","Tiempo de lectura":"1 minuto"},"schema":{"@context":"https:\/\/schema.org","@graph":[{"@type":"Article","@id":"https:\/\/arealorcaradio.es\/index.php\/2025\/09\/03\/jeronimo-martinez-mi-vinculo-con-la-armada-comenzo-desde-muy-joven-siempre-quise-ser-marinero\/#article","isPartOf":{"@id":"https:\/\/arealorcaradio.es\/index.php\/2025\/09\/03\/jeronimo-martinez-mi-vinculo-con-la-armada-comenzo-desde-muy-joven-siempre-quise-ser-marinero\/"},"author":{"name":"Paco S\u00e1nchez","@id":"https:\/\/arealorcaradio.es\/#\/schema\/person\/9fae605fc25b0f2c83c1ab207139bd27"},"headline":"Jer\u00f3nimo Mart\u00ednez: \u00abMi vinculo con la Armada comenz\u00f3 desde muy joven, siempre quise ser marinero\u00bb","datePublished":"2025-09-03T08:14:16+00:00","mainEntityOfPage":{"@id":"https:\/\/arealorcaradio.es\/index.php\/2025\/09\/03\/jeronimo-martinez-mi-vinculo-con-la-armada-comenzo-desde-muy-joven-siempre-quise-ser-marinero\/"},"wordCount":131,"commentCount":0,"image":{"@id":"https:\/\/arealorcaradio.es\/index.php\/2025\/09\/03\/jeronimo-martinez-mi-vinculo-con-la-armada-comenzo-desde-muy-joven-siempre-quise-ser-marinero\/#primaryimage"},"thumbnailUrl":"https:\/\/arealorcaradio.es\/wp-content\/uploads\/2025\/09\/20250902_122020-scaled.jpg","articleSection":["ACTUALIDAD","LORCA"],"inLanguage":"es","potentialAction":[{"@type":"CommentAction","name":"Comment","target":["https:\/\/arealorcaradio.es\/index.php\/2025\/09\/03\/jeronimo-martinez-mi-vinculo-con-la-armada-comenzo-desde-muy-joven-siempre-quise-ser-marinero\/#respond"]}]},{"@type":"WebPage","@id":"https:\/\/arealorcaradio.es\/index.php\/2025\/09\/03\/jeronimo-martinez-mi-vinculo-con-la-armada-comenzo-desde-muy-joven-siempre-quise-ser-marinero\/","url":"https:\/\/arealorcaradio.es\/index.php\/2025\/09\/03\/jeronimo-martinez-mi-vinculo-con-la-armada-comenzo-desde-muy-joven-siempre-quise-ser-marinero\/","name":"Jer\u00f3nimo Mart\u00ednez: \"Mi vinculo con la Armada comenz\u00f3 desde muy joven, siempre quise ser marinero\" - AREA LORCA RADIO","isPartOf":{"@id":"https:\/\/arealorcaradio.es\/#website"},"primaryImageOfPage":{"@id":"https:\/\/arealorcaradio.es\/index.php\/2025\/09\/03\/jeronimo-martinez-mi-vinculo-con-la-armada-comenzo-desde-muy-joven-siempre-quise-ser-marinero\/#primaryimage"},"image":{"@id":"https:\/\/arealorcaradio.es\/index.php\/2025\/09\/03\/jeronimo-martinez-mi-vinculo-con-la-armada-comenzo-desde-muy-joven-siempre-quise-ser-marinero\/#primaryimage"},"thumbnailUrl":"https:\/\/arealorcaradio.es\/wp-content\/uploads\/2025\/09\/20250902_122020-scaled.jpg","datePublished":"2025-09-03T08:14:16+00:00","author":{"@id":"https:\/\/arealorcaradio.es\/#\/schema\/person\/9fae605fc25b0f2c83c1ab207139bd27"},"breadcrumb":{"@id":"https:\/\/arealorcaradio.es\/index.php\/2025\/09\/03\/jeronimo-martinez-mi-vinculo-con-la-armada-comenzo-desde-muy-joven-siempre-quise-ser-marinero\/#breadcrumb"},"inLanguage":"es","potentialAction":[{"@type":"ReadAction","target":["https:\/\/arealorcaradio.es\/index.php\/2025\/09\/03\/jeronimo-martinez-mi-vinculo-con-la-armada-comenzo-desde-muy-joven-siempre-quise-ser-marinero\/"]}]},{"@type":"ImageObject","inLanguage":"es","@id":"https:\/\/arealorcaradio.es\/index.php\/2025\/09\/03\/jeronimo-martinez-mi-vinculo-con-la-armada-comenzo-desde-muy-joven-siempre-quise-ser-marinero\/#primaryimage","url":"https:\/\/arealorcaradio.es\/wp-content\/uploads\/2025\/09\/20250902_122020-scaled.jpg","contentUrl":"https:\/\/arealorcaradio.es\/wp-content\/uploads\/2025\/09\/20250902_122020-scaled.jpg","width":2560,"height":1920},{"@type":"BreadcrumbList","@id":"https:\/\/arealorcaradio.es\/index.php\/2025\/09\/03\/jeronimo-martinez-mi-vinculo-con-la-armada-comenzo-desde-muy-joven-siempre-quise-ser-marinero\/#breadcrumb","itemListElement":[{"@type":"ListItem","position":1,"name":"Portada","item":"https:\/\/arealorcaradio.es\/"},{"@type":"ListItem","position":2,"name":"Jer\u00f3nimo Mart\u00ednez: \u00abMi vinculo con la Armada comenz\u00f3 desde muy joven, siempre quise ser marinero\u00bb"}]},{"@type":"WebSite","@id":"https:\/\/arealorcaradio.es\/#website","url":"https:\/\/arealorcaradio.es\/","name":"AREA LORCA RADIO","description":"Descubre la programaci\u00f3n actual en \u00c1rea Lorca Radio, tu fuente de entrenamiento y noticias locales. Sintoniza ahora y mantente conectado online.","potentialAction":[{"@type":"SearchAction","target":{"@type":"EntryPoint","urlTemplate":"https:\/\/arealorcaradio.es\/?s={search_term_string}"},"query-input":{"@type":"PropertyValueSpecification","valueRequired":true,"valueName":"search_term_string"}}],"inLanguage":"es"},{"@type":"Person","@id":"https:\/\/arealorcaradio.es\/#\/schema\/person\/9fae605fc25b0f2c83c1ab207139bd27","name":"Paco S\u00e1nchez","image":{"@type":"ImageObject","inLanguage":"es","@id":"https:\/\/secure.gravatar.com\/avatar\/d67144e966420fb74aa84c9f2a0103be4724fd14db52b52d3b6bca749f257e79?s=96&d=mm&r=g","url":"https:\/\/secure.gravatar.com\/avatar\/d67144e966420fb74aa84c9f2a0103be4724fd14db52b52d3b6bca749f257e79?s=96&d=mm&r=g","contentUrl":"https:\/\/secure.gravatar.com\/avatar\/d67144e966420fb74aa84c9f2a0103be4724fd14db52b52d3b6bca749f257e79?s=96&d=mm&r=g","caption":"Paco S\u00e1nchez"},"sameAs":["https:\/\/arealorcaradio.es"],"url":"https:\/\/arealorcaradio.es\/index.php\/author\/admin_alorcaradio\/"}]}},"_links":{"self":[{"href":"https:\/\/arealorcaradio.es\/index.php\/wp-json\/wp\/v2\/posts\/7650","targetHints":{"allow":["GET"]}}],"collection":[{"href":"https:\/\/arealorcaradio.es\/index.php\/wp-json\/wp\/v2\/posts"}],"about":[{"href":"https:\/\/arealorcaradio.es\/index.php\/wp-json\/wp\/v2\/types\/post"}],"author":[{"embeddable":true,"href":"https:\/\/arealorcaradio.es\/index.php\/wp-json\/wp\/v2\/users\/1"}],"replies":[{"embeddable":true,"href":"https:\/\/arealorcaradio.es\/index.php\/wp-json\/wp\/v2\/comments?post=7650"}],"version-history":[{"count":1,"href":"https:\/\/arealorcaradio.es\/index.php\/wp-json\/wp\/v2\/posts\/7650\/revisions"}],"predecessor-version":[{"id":7654,"href":"https:\/\/arealorcaradio.es\/index.php\/wp-json\/wp\/v2\/posts\/7650\/revisions\/7654"}],"wp:featuredmedia":[{"embeddable":true,"href":"https:\/\/arealorcaradio.es\/index.php\/wp-json\/wp\/v2\/media\/7653"}],"wp:attachment":[{"href":"https:\/\/arealorcaradio.es\/index.php\/wp-json\/wp\/v2\/media?parent=7650"}],"wp:term":[{"taxonomy":"category","embeddable":true,"href":"https:\/\/arealorcaradio.es\/index.php\/wp-json\/wp\/v2\/categories?post=7650"},{"taxonomy":"post_tag","embeddable":true,"href":"https:\/\/arealorcaradio.es\/index.php\/wp-json\/wp\/v2\/tags?post=7650"}],"curies":[{"name":"wp","href":"https:\/\/api.w.org\/{rel}","templated":true}]}}