{"id":7645,"date":"2025-09-02T11:18:32","date_gmt":"2025-09-02T11:18:32","guid":{"rendered":"https:\/\/arealorcaradio.es\/?p=7645"},"modified":"2025-09-02T11:18:32","modified_gmt":"2025-09-02T11:18:32","slug":"el-plan-de-vigilancia-y-rescate-en-las-playas-de-la-costa-lorquina-se-salda-con-83-asistencias-destacando-la-profesionalidad-y-eficiencia-del-operativo","status":"publish","type":"post","link":"https:\/\/arealorcaradio.es\/index.php\/2025\/09\/02\/el-plan-de-vigilancia-y-rescate-en-las-playas-de-la-costa-lorquina-se-salda-con-83-asistencias-destacando-la-profesionalidad-y-eficiencia-del-operativo\/","title":{"rendered":"El Plan de Vigilancia y Rescate en las playas de la costa lorquina se salda con 83 asistencias, destacando \u00abla profesionalidad y eficiencia del operativo\u00bb"},"content":{"rendered":"<p><strong>\u00c1REA LORCA RADIO.<\/strong><\/p>\n<p class=\"v1MsoNormal\"><b><span lang=\"es\">Lorca, 2 de septiembre de 2025<\/span><\/b><span lang=\"es\">. El alcalde de Lorca, Fulgencio Gil, ha trasladado, en la ma\u00f1ana de este martes, un balance del Plan de Vigilancia y Rescate en Playas y Salvamento en la Mar de la Regi\u00f3n de Murcia en las playas del municipio de Lorca (PLAN COPLA), una vez finalizada la fase de periodo estival de especial atenci\u00f3n, que este a\u00f1o ha sido desde el 21 de junio al 31 de agosto.<\/span><\/p>\n<p class=\"v1MsoNormal\"><a name=\"v1_heading=h.mci8ao94lpxx\"><\/a><span lang=\"es\">Este a\u00f1o, el dispositivo operativo desplegado ha estado compuesto por 15 socorristas, a lo que ha de sumarse el personal del Servicio de Emergencias Municipal. Adem\u00e1s de los recursos humanos, dicho dispositivo tambi\u00e9n integra un potente apoyo de material sanitario y de rescate junto 2 veh\u00edculos 4X4, un ATV-QUAD 4X4, una ambulancia, 2 embarcaciones y una moto de agua, que han permitido hacer vigilancia din\u00e1mica por mar en toda la costa lorquina, entre \u00c1guilas y Mazarr\u00f3n.<\/span><\/p>\n<p class=\"v1MsoNormal\"><span lang=\"es\">Seg\u00fan ha trasladado el primer edil, \u00abaunque las condiciones meteorol\u00f3gicas han sido en general favorables, el estado de la mar ha sido m\u00e1s inestable que en a\u00f1os anteriores. Si el verano pasado la bandera roja onde\u00f3 solamente 3 d\u00edas, este a\u00f1o han sido 8 los d\u00edas que el ba\u00f1o ha estado prohibido en las costas lorquinas, uno de ellos por la presencia de un tibur\u00f3n azul cerca de la costa en la cala de Calnegre. Adem\u00e1s, la bandera amarilla, que indica ba\u00f1o con precauci\u00f3n, ha ondeado 18 d\u00edas durante este periodo\u00bb.<\/span><\/p>\n<p class=\"v1MsoNormal\"><span lang=\"es\"><img loading=\"lazy\" decoding=\"async\" class=\"alignnone size-medium wp-image-7646\" src=\"https:\/\/arealorcaradio.es\/wp-content\/uploads\/2025\/09\/FOTO4-24-300x225.jpeg\" alt=\"\" width=\"300\" height=\"225\" srcset=\"https:\/\/arealorcaradio.es\/wp-content\/uploads\/2025\/09\/FOTO4-24-300x225.jpeg 300w, https:\/\/arealorcaradio.es\/wp-content\/uploads\/2025\/09\/FOTO4-24-1024x768.jpeg 1024w, https:\/\/arealorcaradio.es\/wp-content\/uploads\/2025\/09\/FOTO4-24-768x576.jpeg 768w, https:\/\/arealorcaradio.es\/wp-content\/uploads\/2025\/09\/FOTO4-24-1536x1152.jpeg 1536w, https:\/\/arealorcaradio.es\/wp-content\/uploads\/2025\/09\/FOTO4-24-86x64.jpeg 86w, https:\/\/arealorcaradio.es\/wp-content\/uploads\/2025\/09\/FOTO4-24.jpeg 1600w\" sizes=\"auto, (max-width: 300px) 100vw, 300px\" \/> <img loading=\"lazy\" decoding=\"async\" class=\"alignnone size-medium wp-image-7648\" src=\"https:\/\/arealorcaradio.es\/wp-content\/uploads\/2025\/09\/FOTO1-52-300x225.jpeg\" alt=\"\" width=\"300\" height=\"225\" srcset=\"https:\/\/arealorcaradio.es\/wp-content\/uploads\/2025\/09\/FOTO1-52-300x225.jpeg 300w, https:\/\/arealorcaradio.es\/wp-content\/uploads\/2025\/09\/FOTO1-52-1024x768.jpeg 1024w, https:\/\/arealorcaradio.es\/wp-content\/uploads\/2025\/09\/FOTO1-52-768x576.jpeg 768w, https:\/\/arealorcaradio.es\/wp-content\/uploads\/2025\/09\/FOTO1-52-1536x1152.jpeg 1536w, https:\/\/arealorcaradio.es\/wp-content\/uploads\/2025\/09\/FOTO1-52-86x64.jpeg 86w, https:\/\/arealorcaradio.es\/wp-content\/uploads\/2025\/09\/FOTO1-52.jpeg 1600w\" sizes=\"auto, (max-width: 300px) 100vw, 300px\" \/>\u00a0<\/span><\/p>\n<p class=\"v1MsoNormal\"><span lang=\"es\">\u00abEn cuanto al n\u00famero de visitantes, cabe destacar que el nivel de aforo en las playas ha sido muy similar al de a\u00f1os anteriores, siendo \u00abmuy alto\u00bb en las calas de Calnegre, \u00abalto\u00bb en la playa fluvial de Coy y en la de Parazuelos y \u00abmedio\u00bb en la playa del poblado de puntas de Calnegre\u00bb, ha a\u00f1adido Gil J\u00f3dar.<\/span><\/p>\n<p class=\"v1MsoNormal\"><span lang=\"es\">\u00abEste verano nuestros socorristas han efectuado un total de 83 asistencias: 64 en las playas de puntas de Calnegre y 19 en la playa fluvial de Coy. La labor preventiva e informativa de los socorristas, ha permitido que un a\u00f1o m\u00e1s, pese a la elevada asistencia de usuarios, haya disminuido la cantidad de asistencias en Puntas de Calnegre respecto a 2022 (180), 2023 (130) y 2024 (100) mientras en la playa fluvial de Coy, a pesar de un aumento considerable de ba\u00f1istas, se ha pasado de las 25 intervenciones de 2024 a 19 en 2025\u00bb.<\/span><\/p>\n<p class=\"v1MsoNormal\"><span lang=\"es\">En Puntas de Calnegre, de las 64 asistencias: 4 han sido por rescate de personas, 14 asistencias por picaduras de animales marinos, 15 por curas de heridas, 16 asistencias sociales y ayuda al ba\u00f1o en sillas anfibias para discapacitados, 3 rescates de embarcaciones y 1 rescates de veh\u00edculos atrapados en la arena.<\/span><span lang=\"es\">\u00a0<\/span><\/p>\n<p class=\"v1MsoNormal\"><span lang=\"es\">En la playa de Coy han sido 6 las asistencias por picaduras de avispa y otras 13 por cura de heridas.<\/span><\/p>\n<p class=\"v1MsoNormal\"><span lang=\"es\">Tambi\u00e9n se atendieron dos incidencias en las terrazas de los chiringuitos, una por golpe de calor y otra por ataque epil\u00e9ptico. Entre todas las personas atendidas, tres de ellas necesitaron traslado al centro de salud, realizado por la ambulancia del Servicio Murciano de Salud, adscrita durante los meses de julio y agosto al servicio de vigilancia y rescate en playas.<\/span><\/p>\n<p class=\"v1MsoNormal\"><span lang=\"es\">\u00abDesgraciadamente, este a\u00f1o hay que contar con una v\u00edctima en nuestras playas. Un var\u00f3n que estaba buceando junto a su hijo. Los hechos sucedieron fuera del horario de servicio de los socorristas. En el territorio nacional, las muertes por ahogamiento han aumentado un 11,6% respecto al 2024, con un total de 422 fallecidos, el segundo peor dato de la d\u00e9cada, superado en 2017. Un 51% de los ahogamientos se han producido en playas, de ellos el 45% en playas no vigiladas\u00bb, ha trasladado Gil J\u00f3dar.<\/span><\/p>\n<p class=\"v1MsoNormal\"><span lang=\"es\">En este punto, el alcalde de Lorca ha insistido en \u00abla importancia de acudir siempre a playas que est\u00e9n vigiladas\u00bb, destacando \u00abla excelente labor, tanto preventiva, como asistencial, del personal del Plan COPLA en Lorca. Quiero agradecer y felicitar a los socorristas y al Servicio de Emergencias Municipal por su profesionalidad, compromiso y dedicaci\u00f3n a<\/span><span lang=\"es\">\u00a0los ciudadanos y visitantes durante todo el verano,\u00a0que se suma al resto de actuaciones que llevan a cabo durante todo el a\u00f1o, convirti\u00e9ndose en referente a nivel nacional\u00bb.<\/span><\/p>\n","protected":false},"excerpt":{"rendered":"<p>\u00c1REA LORCA RADIO. Lorca, 2 de septiembre de 2025. El alcalde de Lorca, Fulgencio Gil, ha trasladado, en la ma\u00f1ana de este martes, un balance del Plan de Vigilancia y Rescate en Playas y Salvamento en la Mar de la Regi\u00f3n de Murcia en las playas del municipio de Lorca (PLAN COPLA), una vez finalizada [&hellip;]<\/p>\n","protected":false},"author":1,"featured_media":7647,"comment_status":"open","ping_status":"open","sticky":false,"template":"","format":"standard","meta":{"iawp_total_views":9,"footnotes":""},"categories":[5,7],"tags":[],"class_list":["post-7645","post","type-post","status-publish","format-standard","has-post-thumbnail","hentry","category-actualidad","category-lorca"],"yoast_head":"<!-- This site is optimized with the Yoast SEO plugin v27.4 - https:\/\/yoast.com\/product\/yoast-seo-wordpress\/ -->\n<title>El Plan de Vigilancia y Rescate en las playas de la costa lorquina se salda con 83 asistencias, destacando &quot;la profesionalidad y eficiencia del operativo&quot; - AREA LORCA RADIO<\/title>\n<meta name=\"robots\" content=\"index, follow, max-snippet:-1, max-image-preview:large, max-video-preview:-1\" \/>\n<link rel=\"canonical\" href=\"https:\/\/arealorcaradio.es\/index.php\/2025\/09\/02\/el-plan-de-vigilancia-y-rescate-en-las-playas-de-la-costa-lorquina-se-salda-con-83-asistencias-destacando-la-profesionalidad-y-eficiencia-del-operativo\/\" \/>\n<meta property=\"og:locale\" content=\"es_ES\" \/>\n<meta property=\"og:type\" content=\"article\" \/>\n<meta property=\"og:title\" content=\"El Plan de Vigilancia y Rescate en las playas de la costa lorquina se salda con 83 asistencias, destacando &quot;la profesionalidad y eficiencia del operativo&quot; - AREA LORCA RADIO\" \/>\n<meta property=\"og:description\" content=\"\u00c1REA LORCA RADIO. Lorca, 2 de septiembre de 2025. El alcalde de Lorca, Fulgencio Gil, ha trasladado, en la ma\u00f1ana de este martes, un balance del Plan de Vigilancia y Rescate en Playas y Salvamento en la Mar de la Regi\u00f3n de Murcia en las playas del municipio de Lorca (PLAN COPLA), una vez finalizada [&hellip;]\" \/>\n<meta property=\"og:url\" content=\"https:\/\/arealorcaradio.es\/index.php\/2025\/09\/02\/el-plan-de-vigilancia-y-rescate-en-las-playas-de-la-costa-lorquina-se-salda-con-83-asistencias-destacando-la-profesionalidad-y-eficiencia-del-operativo\/\" \/>\n<meta property=\"og:site_name\" content=\"AREA LORCA RADIO\" \/>\n<meta property=\"article:published_time\" content=\"2025-09-02T11:18:32+00:00\" \/>\n<meta property=\"og:image\" content=\"https:\/\/arealorcaradio.es\/wp-content\/uploads\/2025\/09\/FOTO6-7.jpeg\" \/>\n\t<meta property=\"og:image:width\" content=\"1600\" \/>\n\t<meta property=\"og:image:height\" content=\"1200\" \/>\n\t<meta property=\"og:image:type\" content=\"image\/jpeg\" \/>\n<meta name=\"author\" content=\"Paco S\u00e1nchez\" \/>\n<meta name=\"twitter:card\" content=\"summary_large_image\" \/>\n<meta name=\"twitter:label1\" content=\"Escrito por\" \/>\n\t<meta name=\"twitter:data1\" content=\"Paco S\u00e1nchez\" \/>\n\t<meta name=\"twitter:label2\" content=\"Tiempo de lectura\" \/>\n\t<meta name=\"twitter:data2\" content=\"4 minutos\" \/>\n<script type=\"application\/ld+json\" class=\"yoast-schema-graph\">{\"@context\":\"https:\\\/\\\/schema.org\",\"@graph\":[{\"@type\":\"Article\",\"@id\":\"https:\\\/\\\/arealorcaradio.es\\\/index.php\\\/2025\\\/09\\\/02\\\/el-plan-de-vigilancia-y-rescate-en-las-playas-de-la-costa-lorquina-se-salda-con-83-asistencias-destacando-la-profesionalidad-y-eficiencia-del-operativo\\\/#article\",\"isPartOf\":{\"@id\":\"https:\\\/\\\/arealorcaradio.es\\\/index.php\\\/2025\\\/09\\\/02\\\/el-plan-de-vigilancia-y-rescate-en-las-playas-de-la-costa-lorquina-se-salda-con-83-asistencias-destacando-la-profesionalidad-y-eficiencia-del-operativo\\\/\"},\"author\":{\"name\":\"Paco S\u00e1nchez\",\"@id\":\"https:\\\/\\\/arealorcaradio.es\\\/#\\\/schema\\\/person\\\/9fae605fc25b0f2c83c1ab207139bd27\"},\"headline\":\"El Plan de Vigilancia y Rescate en las playas de la costa lorquina se salda con 83 asistencias, destacando \u00abla profesionalidad y eficiencia del operativo\u00bb\",\"datePublished\":\"2025-09-02T11:18:32+00:00\",\"mainEntityOfPage\":{\"@id\":\"https:\\\/\\\/arealorcaradio.es\\\/index.php\\\/2025\\\/09\\\/02\\\/el-plan-de-vigilancia-y-rescate-en-las-playas-de-la-costa-lorquina-se-salda-con-83-asistencias-destacando-la-profesionalidad-y-eficiencia-del-operativo\\\/\"},\"wordCount\":729,\"commentCount\":0,\"image\":{\"@id\":\"https:\\\/\\\/arealorcaradio.es\\\/index.php\\\/2025\\\/09\\\/02\\\/el-plan-de-vigilancia-y-rescate-en-las-playas-de-la-costa-lorquina-se-salda-con-83-asistencias-destacando-la-profesionalidad-y-eficiencia-del-operativo\\\/#primaryimage\"},\"thumbnailUrl\":\"https:\\\/\\\/arealorcaradio.es\\\/wp-content\\\/uploads\\\/2025\\\/09\\\/FOTO6-7.jpeg\",\"articleSection\":[\"ACTUALIDAD\",\"LORCA\"],\"inLanguage\":\"es\",\"potentialAction\":[{\"@type\":\"CommentAction\",\"name\":\"Comment\",\"target\":[\"https:\\\/\\\/arealorcaradio.es\\\/index.php\\\/2025\\\/09\\\/02\\\/el-plan-de-vigilancia-y-rescate-en-las-playas-de-la-costa-lorquina-se-salda-con-83-asistencias-destacando-la-profesionalidad-y-eficiencia-del-operativo\\\/#respond\"]}]},{\"@type\":\"WebPage\",\"@id\":\"https:\\\/\\\/arealorcaradio.es\\\/index.php\\\/2025\\\/09\\\/02\\\/el-plan-de-vigilancia-y-rescate-en-las-playas-de-la-costa-lorquina-se-salda-con-83-asistencias-destacando-la-profesionalidad-y-eficiencia-del-operativo\\\/\",\"url\":\"https:\\\/\\\/arealorcaradio.es\\\/index.php\\\/2025\\\/09\\\/02\\\/el-plan-de-vigilancia-y-rescate-en-las-playas-de-la-costa-lorquina-se-salda-con-83-asistencias-destacando-la-profesionalidad-y-eficiencia-del-operativo\\\/\",\"name\":\"El Plan de Vigilancia y Rescate en las playas de la costa lorquina se salda con 83 asistencias, destacando \\\"la profesionalidad y eficiencia del operativo\\\" - AREA LORCA RADIO\",\"isPartOf\":{\"@id\":\"https:\\\/\\\/arealorcaradio.es\\\/#website\"},\"primaryImageOfPage\":{\"@id\":\"https:\\\/\\\/arealorcaradio.es\\\/index.php\\\/2025\\\/09\\\/02\\\/el-plan-de-vigilancia-y-rescate-en-las-playas-de-la-costa-lorquina-se-salda-con-83-asistencias-destacando-la-profesionalidad-y-eficiencia-del-operativo\\\/#primaryimage\"},\"image\":{\"@id\":\"https:\\\/\\\/arealorcaradio.es\\\/index.php\\\/2025\\\/09\\\/02\\\/el-plan-de-vigilancia-y-rescate-en-las-playas-de-la-costa-lorquina-se-salda-con-83-asistencias-destacando-la-profesionalidad-y-eficiencia-del-operativo\\\/#primaryimage\"},\"thumbnailUrl\":\"https:\\\/\\\/arealorcaradio.es\\\/wp-content\\\/uploads\\\/2025\\\/09\\\/FOTO6-7.jpeg\",\"datePublished\":\"2025-09-02T11:18:32+00:00\",\"author\":{\"@id\":\"https:\\\/\\\/arealorcaradio.es\\\/#\\\/schema\\\/person\\\/9fae605fc25b0f2c83c1ab207139bd27\"},\"breadcrumb\":{\"@id\":\"https:\\\/\\\/arealorcaradio.es\\\/index.php\\\/2025\\\/09\\\/02\\\/el-plan-de-vigilancia-y-rescate-en-las-playas-de-la-costa-lorquina-se-salda-con-83-asistencias-destacando-la-profesionalidad-y-eficiencia-del-operativo\\\/#breadcrumb\"},\"inLanguage\":\"es\",\"potentialAction\":[{\"@type\":\"ReadAction\",\"target\":[\"https:\\\/\\\/arealorcaradio.es\\\/index.php\\\/2025\\\/09\\\/02\\\/el-plan-de-vigilancia-y-rescate-en-las-playas-de-la-costa-lorquina-se-salda-con-83-asistencias-destacando-la-profesionalidad-y-eficiencia-del-operativo\\\/\"]}]},{\"@type\":\"ImageObject\",\"inLanguage\":\"es\",\"@id\":\"https:\\\/\\\/arealorcaradio.es\\\/index.php\\\/2025\\\/09\\\/02\\\/el-plan-de-vigilancia-y-rescate-en-las-playas-de-la-costa-lorquina-se-salda-con-83-asistencias-destacando-la-profesionalidad-y-eficiencia-del-operativo\\\/#primaryimage\",\"url\":\"https:\\\/\\\/arealorcaradio.es\\\/wp-content\\\/uploads\\\/2025\\\/09\\\/FOTO6-7.jpeg\",\"contentUrl\":\"https:\\\/\\\/arealorcaradio.es\\\/wp-content\\\/uploads\\\/2025\\\/09\\\/FOTO6-7.jpeg\",\"width\":1600,\"height\":1200},{\"@type\":\"BreadcrumbList\",\"@id\":\"https:\\\/\\\/arealorcaradio.es\\\/index.php\\\/2025\\\/09\\\/02\\\/el-plan-de-vigilancia-y-rescate-en-las-playas-de-la-costa-lorquina-se-salda-con-83-asistencias-destacando-la-profesionalidad-y-eficiencia-del-operativo\\\/#breadcrumb\",\"itemListElement\":[{\"@type\":\"ListItem\",\"position\":1,\"name\":\"Portada\",\"item\":\"https:\\\/\\\/arealorcaradio.es\\\/\"},{\"@type\":\"ListItem\",\"position\":2,\"name\":\"El Plan de Vigilancia y Rescate en las playas de la costa lorquina se salda con 83 asistencias, destacando \u00abla profesionalidad y eficiencia del operativo\u00bb\"}]},{\"@type\":\"WebSite\",\"@id\":\"https:\\\/\\\/arealorcaradio.es\\\/#website\",\"url\":\"https:\\\/\\\/arealorcaradio.es\\\/\",\"name\":\"AREA LORCA RADIO\",\"description\":\"Descubre la programaci\u00f3n actual en \u00c1rea Lorca Radio, tu fuente de entrenamiento y noticias locales. Sintoniza ahora y mantente conectado online.\",\"potentialAction\":[{\"@type\":\"SearchAction\",\"target\":{\"@type\":\"EntryPoint\",\"urlTemplate\":\"https:\\\/\\\/arealorcaradio.es\\\/?s={search_term_string}\"},\"query-input\":{\"@type\":\"PropertyValueSpecification\",\"valueRequired\":true,\"valueName\":\"search_term_string\"}}],\"inLanguage\":\"es\"},{\"@type\":\"Person\",\"@id\":\"https:\\\/\\\/arealorcaradio.es\\\/#\\\/schema\\\/person\\\/9fae605fc25b0f2c83c1ab207139bd27\",\"name\":\"Paco S\u00e1nchez\",\"image\":{\"@type\":\"ImageObject\",\"inLanguage\":\"es\",\"@id\":\"https:\\\/\\\/secure.gravatar.com\\\/avatar\\\/d67144e966420fb74aa84c9f2a0103be4724fd14db52b52d3b6bca749f257e79?s=96&d=mm&r=g\",\"url\":\"https:\\\/\\\/secure.gravatar.com\\\/avatar\\\/d67144e966420fb74aa84c9f2a0103be4724fd14db52b52d3b6bca749f257e79?s=96&d=mm&r=g\",\"contentUrl\":\"https:\\\/\\\/secure.gravatar.com\\\/avatar\\\/d67144e966420fb74aa84c9f2a0103be4724fd14db52b52d3b6bca749f257e79?s=96&d=mm&r=g\",\"caption\":\"Paco S\u00e1nchez\"},\"sameAs\":[\"https:\\\/\\\/arealorcaradio.es\"],\"url\":\"https:\\\/\\\/arealorcaradio.es\\\/index.php\\\/author\\\/admin_alorcaradio\\\/\"}]}<\/script>\n<!-- \/ Yoast SEO plugin. -->","yoast_head_json":{"title":"El Plan de Vigilancia y Rescate en las playas de la costa lorquina se salda con 83 asistencias, destacando \"la profesionalidad y eficiencia del operativo\" - AREA LORCA RADIO","robots":{"index":"index","follow":"follow","max-snippet":"max-snippet:-1","max-image-preview":"max-image-preview:large","max-video-preview":"max-video-preview:-1"},"canonical":"https:\/\/arealorcaradio.es\/index.php\/2025\/09\/02\/el-plan-de-vigilancia-y-rescate-en-las-playas-de-la-costa-lorquina-se-salda-con-83-asistencias-destacando-la-profesionalidad-y-eficiencia-del-operativo\/","og_locale":"es_ES","og_type":"article","og_title":"El Plan de Vigilancia y Rescate en las playas de la costa lorquina se salda con 83 asistencias, destacando \"la profesionalidad y eficiencia del operativo\" - AREA LORCA RADIO","og_description":"\u00c1REA LORCA RADIO. Lorca, 2 de septiembre de 2025. El alcalde de Lorca, Fulgencio Gil, ha trasladado, en la ma\u00f1ana de este martes, un balance del Plan de Vigilancia y Rescate en Playas y Salvamento en la Mar de la Regi\u00f3n de Murcia en las playas del municipio de Lorca (PLAN COPLA), una vez finalizada [&hellip;]","og_url":"https:\/\/arealorcaradio.es\/index.php\/2025\/09\/02\/el-plan-de-vigilancia-y-rescate-en-las-playas-de-la-costa-lorquina-se-salda-con-83-asistencias-destacando-la-profesionalidad-y-eficiencia-del-operativo\/","og_site_name":"AREA LORCA RADIO","article_published_time":"2025-09-02T11:18:32+00:00","og_image":[{"width":1600,"height":1200,"url":"https:\/\/arealorcaradio.es\/wp-content\/uploads\/2025\/09\/FOTO6-7.jpeg","type":"image\/jpeg"}],"author":"Paco S\u00e1nchez","twitter_card":"summary_large_image","twitter_misc":{"Escrito por":"Paco S\u00e1nchez","Tiempo de lectura":"4 minutos"},"schema":{"@context":"https:\/\/schema.org","@graph":[{"@type":"Article","@id":"https:\/\/arealorcaradio.es\/index.php\/2025\/09\/02\/el-plan-de-vigilancia-y-rescate-en-las-playas-de-la-costa-lorquina-se-salda-con-83-asistencias-destacando-la-profesionalidad-y-eficiencia-del-operativo\/#article","isPartOf":{"@id":"https:\/\/arealorcaradio.es\/index.php\/2025\/09\/02\/el-plan-de-vigilancia-y-rescate-en-las-playas-de-la-costa-lorquina-se-salda-con-83-asistencias-destacando-la-profesionalidad-y-eficiencia-del-operativo\/"},"author":{"name":"Paco S\u00e1nchez","@id":"https:\/\/arealorcaradio.es\/#\/schema\/person\/9fae605fc25b0f2c83c1ab207139bd27"},"headline":"El Plan de Vigilancia y Rescate en las playas de la costa lorquina se salda con 83 asistencias, destacando \u00abla profesionalidad y eficiencia del operativo\u00bb","datePublished":"2025-09-02T11:18:32+00:00","mainEntityOfPage":{"@id":"https:\/\/arealorcaradio.es\/index.php\/2025\/09\/02\/el-plan-de-vigilancia-y-rescate-en-las-playas-de-la-costa-lorquina-se-salda-con-83-asistencias-destacando-la-profesionalidad-y-eficiencia-del-operativo\/"},"wordCount":729,"commentCount":0,"image":{"@id":"https:\/\/arealorcaradio.es\/index.php\/2025\/09\/02\/el-plan-de-vigilancia-y-rescate-en-las-playas-de-la-costa-lorquina-se-salda-con-83-asistencias-destacando-la-profesionalidad-y-eficiencia-del-operativo\/#primaryimage"},"thumbnailUrl":"https:\/\/arealorcaradio.es\/wp-content\/uploads\/2025\/09\/FOTO6-7.jpeg","articleSection":["ACTUALIDAD","LORCA"],"inLanguage":"es","potentialAction":[{"@type":"CommentAction","name":"Comment","target":["https:\/\/arealorcaradio.es\/index.php\/2025\/09\/02\/el-plan-de-vigilancia-y-rescate-en-las-playas-de-la-costa-lorquina-se-salda-con-83-asistencias-destacando-la-profesionalidad-y-eficiencia-del-operativo\/#respond"]}]},{"@type":"WebPage","@id":"https:\/\/arealorcaradio.es\/index.php\/2025\/09\/02\/el-plan-de-vigilancia-y-rescate-en-las-playas-de-la-costa-lorquina-se-salda-con-83-asistencias-destacando-la-profesionalidad-y-eficiencia-del-operativo\/","url":"https:\/\/arealorcaradio.es\/index.php\/2025\/09\/02\/el-plan-de-vigilancia-y-rescate-en-las-playas-de-la-costa-lorquina-se-salda-con-83-asistencias-destacando-la-profesionalidad-y-eficiencia-del-operativo\/","name":"El Plan de Vigilancia y Rescate en las playas de la costa lorquina se salda con 83 asistencias, destacando \"la profesionalidad y eficiencia del operativo\" - AREA LORCA RADIO","isPartOf":{"@id":"https:\/\/arealorcaradio.es\/#website"},"primaryImageOfPage":{"@id":"https:\/\/arealorcaradio.es\/index.php\/2025\/09\/02\/el-plan-de-vigilancia-y-rescate-en-las-playas-de-la-costa-lorquina-se-salda-con-83-asistencias-destacando-la-profesionalidad-y-eficiencia-del-operativo\/#primaryimage"},"image":{"@id":"https:\/\/arealorcaradio.es\/index.php\/2025\/09\/02\/el-plan-de-vigilancia-y-rescate-en-las-playas-de-la-costa-lorquina-se-salda-con-83-asistencias-destacando-la-profesionalidad-y-eficiencia-del-operativo\/#primaryimage"},"thumbnailUrl":"https:\/\/arealorcaradio.es\/wp-content\/uploads\/2025\/09\/FOTO6-7.jpeg","datePublished":"2025-09-02T11:18:32+00:00","author":{"@id":"https:\/\/arealorcaradio.es\/#\/schema\/person\/9fae605fc25b0f2c83c1ab207139bd27"},"breadcrumb":{"@id":"https:\/\/arealorcaradio.es\/index.php\/2025\/09\/02\/el-plan-de-vigilancia-y-rescate-en-las-playas-de-la-costa-lorquina-se-salda-con-83-asistencias-destacando-la-profesionalidad-y-eficiencia-del-operativo\/#breadcrumb"},"inLanguage":"es","potentialAction":[{"@type":"ReadAction","target":["https:\/\/arealorcaradio.es\/index.php\/2025\/09\/02\/el-plan-de-vigilancia-y-rescate-en-las-playas-de-la-costa-lorquina-se-salda-con-83-asistencias-destacando-la-profesionalidad-y-eficiencia-del-operativo\/"]}]},{"@type":"ImageObject","inLanguage":"es","@id":"https:\/\/arealorcaradio.es\/index.php\/2025\/09\/02\/el-plan-de-vigilancia-y-rescate-en-las-playas-de-la-costa-lorquina-se-salda-con-83-asistencias-destacando-la-profesionalidad-y-eficiencia-del-operativo\/#primaryimage","url":"https:\/\/arealorcaradio.es\/wp-content\/uploads\/2025\/09\/FOTO6-7.jpeg","contentUrl":"https:\/\/arealorcaradio.es\/wp-content\/uploads\/2025\/09\/FOTO6-7.jpeg","width":1600,"height":1200},{"@type":"BreadcrumbList","@id":"https:\/\/arealorcaradio.es\/index.php\/2025\/09\/02\/el-plan-de-vigilancia-y-rescate-en-las-playas-de-la-costa-lorquina-se-salda-con-83-asistencias-destacando-la-profesionalidad-y-eficiencia-del-operativo\/#breadcrumb","itemListElement":[{"@type":"ListItem","position":1,"name":"Portada","item":"https:\/\/arealorcaradio.es\/"},{"@type":"ListItem","position":2,"name":"El Plan de Vigilancia y Rescate en las playas de la costa lorquina se salda con 83 asistencias, destacando \u00abla profesionalidad y eficiencia del operativo\u00bb"}]},{"@type":"WebSite","@id":"https:\/\/arealorcaradio.es\/#website","url":"https:\/\/arealorcaradio.es\/","name":"AREA LORCA RADIO","description":"Descubre la programaci\u00f3n actual en \u00c1rea Lorca Radio, tu fuente de entrenamiento y noticias locales. Sintoniza ahora y mantente conectado online.","potentialAction":[{"@type":"SearchAction","target":{"@type":"EntryPoint","urlTemplate":"https:\/\/arealorcaradio.es\/?s={search_term_string}"},"query-input":{"@type":"PropertyValueSpecification","valueRequired":true,"valueName":"search_term_string"}}],"inLanguage":"es"},{"@type":"Person","@id":"https:\/\/arealorcaradio.es\/#\/schema\/person\/9fae605fc25b0f2c83c1ab207139bd27","name":"Paco S\u00e1nchez","image":{"@type":"ImageObject","inLanguage":"es","@id":"https:\/\/secure.gravatar.com\/avatar\/d67144e966420fb74aa84c9f2a0103be4724fd14db52b52d3b6bca749f257e79?s=96&d=mm&r=g","url":"https:\/\/secure.gravatar.com\/avatar\/d67144e966420fb74aa84c9f2a0103be4724fd14db52b52d3b6bca749f257e79?s=96&d=mm&r=g","contentUrl":"https:\/\/secure.gravatar.com\/avatar\/d67144e966420fb74aa84c9f2a0103be4724fd14db52b52d3b6bca749f257e79?s=96&d=mm&r=g","caption":"Paco S\u00e1nchez"},"sameAs":["https:\/\/arealorcaradio.es"],"url":"https:\/\/arealorcaradio.es\/index.php\/author\/admin_alorcaradio\/"}]}},"_links":{"self":[{"href":"https:\/\/arealorcaradio.es\/index.php\/wp-json\/wp\/v2\/posts\/7645","targetHints":{"allow":["GET"]}}],"collection":[{"href":"https:\/\/arealorcaradio.es\/index.php\/wp-json\/wp\/v2\/posts"}],"about":[{"href":"https:\/\/arealorcaradio.es\/index.php\/wp-json\/wp\/v2\/types\/post"}],"author":[{"embeddable":true,"href":"https:\/\/arealorcaradio.es\/index.php\/wp-json\/wp\/v2\/users\/1"}],"replies":[{"embeddable":true,"href":"https:\/\/arealorcaradio.es\/index.php\/wp-json\/wp\/v2\/comments?post=7645"}],"version-history":[{"count":1,"href":"https:\/\/arealorcaradio.es\/index.php\/wp-json\/wp\/v2\/posts\/7645\/revisions"}],"predecessor-version":[{"id":7649,"href":"https:\/\/arealorcaradio.es\/index.php\/wp-json\/wp\/v2\/posts\/7645\/revisions\/7649"}],"wp:featuredmedia":[{"embeddable":true,"href":"https:\/\/arealorcaradio.es\/index.php\/wp-json\/wp\/v2\/media\/7647"}],"wp:attachment":[{"href":"https:\/\/arealorcaradio.es\/index.php\/wp-json\/wp\/v2\/media?parent=7645"}],"wp:term":[{"taxonomy":"category","embeddable":true,"href":"https:\/\/arealorcaradio.es\/index.php\/wp-json\/wp\/v2\/categories?post=7645"},{"taxonomy":"post_tag","embeddable":true,"href":"https:\/\/arealorcaradio.es\/index.php\/wp-json\/wp\/v2\/tags?post=7645"}],"curies":[{"name":"wp","href":"https:\/\/api.w.org\/{rel}","templated":true}]}}