{"id":7639,"date":"2025-09-02T11:02:04","date_gmt":"2025-09-02T11:02:04","guid":{"rendered":"https:\/\/arealorcaradio.es\/?p=7639"},"modified":"2025-09-02T11:02:04","modified_gmt":"2025-09-02T11:02:04","slug":"funambulista-la-mundial-los-40-sesions-y-sunfest-conforman-el-cartel-de-los-conciertos-gratuitos-de-la-proxima-feria-de-septiembre-de-lorca","status":"publish","type":"post","link":"https:\/\/arealorcaradio.es\/index.php\/2025\/09\/02\/funambulista-la-mundial-los-40-sesions-y-sunfest-conforman-el-cartel-de-los-conciertos-gratuitos-de-la-proxima-feria-de-septiembre-de-lorca\/","title":{"rendered":"Funambulista, La Mundial, Los 40 Sesions y #SunFest conforman el cartel de los conciertos gratuitos de la pr\u00f3xima Feria de septiembre de Lorca"},"content":{"rendered":"<p><strong>\u00c1REA LORCA RADIO. Feria y Fiestas.<\/strong><\/p>\n<p class=\"v1MsoNormal\"><b><span lang=\"es\">Lorca, 2 de septiembre de 202<\/span><\/b><span lang=\"es\">. Llegan las novedades de espect\u00e1culos y conciertos en el Huerto de la Rueda para esta Feria y Fiestas de septiembre,\u00a0que se celebrar\u00e1 del\u00a019\u00a0al 28 de\u00a0este mes\u00a0y\u00a0que se presenta este a\u00f1o con mucha m\u00e1s expectaci\u00f3n si cabe que a\u00f1os anteriores. Funambulista, La Mundial, Los 40 Sesions y #SunFest son los protagonistas que conforman el cartel de los conciertos gratuitos del Huerto de la Rueda.<\/span><\/p>\n<p class=\"v1MsoNormal\"><span lang=\"es\"><img loading=\"lazy\" decoding=\"async\" class=\"alignnone size-medium wp-image-7643\" src=\"https:\/\/arealorcaradio.es\/wp-content\/uploads\/2025\/09\/carte-funambulista-212x300.jpeg\" alt=\"\" width=\"212\" height=\"300\" srcset=\"https:\/\/arealorcaradio.es\/wp-content\/uploads\/2025\/09\/carte-funambulista-212x300.jpeg 212w, https:\/\/arealorcaradio.es\/wp-content\/uploads\/2025\/09\/carte-funambulista-724x1024.jpeg 724w, https:\/\/arealorcaradio.es\/wp-content\/uploads\/2025\/09\/carte-funambulista-768x1086.jpeg 768w, https:\/\/arealorcaradio.es\/wp-content\/uploads\/2025\/09\/carte-funambulista-1086x1536.jpeg 1086w, https:\/\/arealorcaradio.es\/wp-content\/uploads\/2025\/09\/carte-funambulista.jpeg 1131w\" sizes=\"auto, (max-width: 212px) 100vw, 212px\" \/><\/span><\/p>\n<p class=\"v1MsoNormal\"><span lang=\"es\">As\u00ed lo ha trasladado la edil de Feria y Fiestas del Ayuntamiento de Lorca, Mar\u00eda de las Huertas Garc\u00eda, que ha rese\u00f1ado que esta oferta gratuita se suma a los dos artistas que terminan de conformar el cartel de conciertos de este a\u00f1o, Vanesa Mart\u00edn y Anto\u00f1ito Molina, ambos en el Coso de Sutullena, eso sin contar los espect\u00e1culos gratuitos que tendr\u00e1n lugar en distintas plazas del centro y casco hist\u00f3rico, dentro de la oferta de la Feria de D\u00eda de este a\u00f1o, que ser\u00e1 tambi\u00e9n anunciada tambi\u00e9n en breve.<\/span><\/p>\n<p class=\"v1MsoNormal\"><span lang=\"es\">\u00abLa Feria de septiembre, que llega tras la &#8216;Feria chica&#8217;, constituye una de las citas m\u00e1s esperadas y destacadas de la Agenda Anual de Eventos, y supone un revulsivo indiscutible para la ciudad, con miles de visitantes y lorquinos, que disfrutan de la gastronom\u00eda, la hosteler\u00eda y las decenas de actividades previstas, adem\u00e1s del buen ambiente y el ocio saludable que se respira en las calles durante esos d\u00edas. Esperamos superar el \u00e9xito del a\u00f1o pasado y que volvamos a llenar Lorca de vida, porque as\u00ed es como entendemos nuestro modelo de municipio, lleno de vida\u00bb.<\/span><\/p>\n<p class=\"v1MsoNormal\"><span lang=\"es\">Esta oferta musical est\u00e1 pensada para todos los p\u00fablicos y todos los bolsillos, con g\u00e9neros musicales que pueden gustar a personas de todas las edades. Los platos fuertes en el apartado musical ser\u00e1n los conciertos del Coso de Sutullena, cuyas entradas llevan semanas a la venta, de Vanesa Mart\u00edn, el 26 de septiembre, a las 23 horas, con su \u00e1lbum &#8216;Casa m\u00eda&#8217;; y Anto\u00f1ito Molina, el 27 de septiembre, a las 22:30 horas, dentro de su gira &#8216;El club de los so\u00f1adores&#8217;.<\/span><\/p>\n<p class=\"v1MsoNormal\"><span lang=\"es\">A ellos, se suman de forma gratuita: el viernes, 19 de septiembre, a las 23 horas, &#8216;La Mundial Show&#8217;, con un espect\u00e1culo dentro de su gira &#8217;20 aniversario&#8217;, de varias horas de show musical, tem\u00e1tico y coreogr\u00e1fico que no dejar\u00e1n indiferente, con diecisiete artistas en el escenario, entre cantantes, acr\u00f3batas, bailarines, percusionistas, metales y cuarteto de ritmo.<\/span><\/p>\n<p class=\"v1MsoNormal\"><span lang=\"es\"><img loading=\"lazy\" decoding=\"async\" class=\"alignnone size-medium wp-image-7642\" src=\"https:\/\/arealorcaradio.es\/wp-content\/uploads\/2025\/09\/orquesta-mundial-210x300.jpeg\" alt=\"\" width=\"210\" height=\"300\" srcset=\"https:\/\/arealorcaradio.es\/wp-content\/uploads\/2025\/09\/orquesta-mundial-210x300.jpeg 210w, https:\/\/arealorcaradio.es\/wp-content\/uploads\/2025\/09\/orquesta-mundial-717x1024.jpeg 717w, https:\/\/arealorcaradio.es\/wp-content\/uploads\/2025\/09\/orquesta-mundial-768x1097.jpeg 768w, https:\/\/arealorcaradio.es\/wp-content\/uploads\/2025\/09\/orquesta-mundial-1075x1536.jpeg 1075w, https:\/\/arealorcaradio.es\/wp-content\/uploads\/2025\/09\/orquesta-mundial.jpeg 1120w\" sizes=\"auto, (max-width: 210px) 100vw, 210px\" \/><\/span><\/p>\n<p class=\"v1MsoNormal\"><span lang=\"es\">El s\u00e1bado 20, a las 22 horas, ser\u00e1 el turno de &#8216;Los 40 Sessions&#8217; con David \u00c1lvarez, Cristian San Bernardino y Rams\u00e9s L\u00f3pez \u00abEl Fara\u00f3n\u00bb. El d\u00eda 24, a las 23 horas, tendr\u00e1 lugar la actuaci\u00f3n de &#8216;Funambulista, el proyecto musical liderado por Diego Cantero que refleja una nueva etapa cargada de energ\u00eda y libertad creativa de la mano de su \u00faltimo trabajo discogr\u00e1fico y nueva gira &#8216;180\u00b0&#8217;. Finalmente, el s\u00e1bado, 27 de septiembre, partir de las 24 horas, llega #Sunfest, en su V edici\u00f3n, con: Pedro Federer, Diego Cano, Koni Deejay, Ramon Garc\u00eda, DJ Juanki e Iv\u00e1n Belmonte.<\/span><\/p>\n<p class=\"v1MsoNormal\"><span lang=\"es\"><img loading=\"lazy\" decoding=\"async\" class=\"alignnone size-medium wp-image-7641\" src=\"https:\/\/arealorcaradio.es\/wp-content\/uploads\/2025\/09\/cartel-sunfest-169x300.jpeg\" alt=\"\" width=\"169\" height=\"300\" srcset=\"https:\/\/arealorcaradio.es\/wp-content\/uploads\/2025\/09\/cartel-sunfest-169x300.jpeg 169w, https:\/\/arealorcaradio.es\/wp-content\/uploads\/2025\/09\/cartel-sunfest-576x1024.jpeg 576w, https:\/\/arealorcaradio.es\/wp-content\/uploads\/2025\/09\/cartel-sunfest-768x1365.jpeg 768w, https:\/\/arealorcaradio.es\/wp-content\/uploads\/2025\/09\/cartel-sunfest-864x1536.jpeg 864w, https:\/\/arealorcaradio.es\/wp-content\/uploads\/2025\/09\/cartel-sunfest.jpeg 900w\" sizes=\"auto, (max-width: 169px) 100vw, 169px\" \/><\/span><\/p>\n<p class=\"v1MsoNormal\"><span lang=\"es\">\u00abAdem\u00e1s, -ha recordado Mar\u00eda de las Huertas Garc\u00eda-, el Coso de Sutullena acoger\u00e1 el espect\u00e1culo de humor \u00abMisi\u00f3n Impro-sible\u00bb, de Aguilera y Meni. El d\u00fao gaditano, que llega precedido de un gran \u00e9xito de cr\u00edtica y p\u00fablico con entradas agotadas en numerosas ciudades, actuar\u00e1 el 25 de septiembre, a las 21:30 horas, dentro de la programaci\u00f3n prevista.<\/span><\/p>\n<p class=\"v1MsoNormal\"><span lang=\"es\">Para concluir, la edil ha agradecido la colaboraci\u00f3n, como patrocinadores, adem\u00e1s del propio Ayuntamiento de Lorca, a trav\u00e9s de las Concejal\u00edas de Feria y Fiestas, Talento Joven y Cultura de: la Comunidad Aut\u00f3noma de la Regi\u00f3n de Murcia, 1001 Sabores, Lorca Taller del Tiempo, Aguas de Lorca, Limusa, Parque Almenara, Asociaci\u00f3n de Feriantes, Acho Live, Madrem\u00eda, Hostelor,\u00a0 AIA Estudio de Arquitectura &amp; Ingenier\u00eda, Campus Universitario de Lorca y KIA- M Gallego.<\/span><\/p>\n<p class=\"v1MsoNormal\"><span lang=\"es\">Por \u00faltimo, ha insistido en que la feria est\u00e1 \u00abpensada para todos\u00bb. Y ha querido hacer hincapi\u00e9 en \u00abel esfuerzo de los funcionarios y t\u00e9cnicos de la Concejal\u00eda de Festejos en la organizaci\u00f3n y previsi\u00f3n del calendario, para que todo est\u00e9 listo de cara a esta pr\u00f3xima feria\u00bb.<\/span><\/p>\n","protected":false},"excerpt":{"rendered":"<p>\u00c1REA LORCA RADIO. Feria y Fiestas. Lorca, 2 de septiembre de 202. Llegan las novedades de espect\u00e1culos y conciertos en el Huerto de la Rueda para esta Feria y Fiestas de septiembre,\u00a0que se celebrar\u00e1 del\u00a019\u00a0al 28 de\u00a0este mes\u00a0y\u00a0que se presenta este a\u00f1o con mucha m\u00e1s expectaci\u00f3n si cabe que a\u00f1os anteriores. Funambulista, La Mundial, Los [&hellip;]<\/p>\n","protected":false},"author":1,"featured_media":7640,"comment_status":"open","ping_status":"open","sticky":false,"template":"","format":"standard","meta":{"iawp_total_views":18,"footnotes":""},"categories":[5,7],"tags":[],"class_list":["post-7639","post","type-post","status-publish","format-standard","has-post-thumbnail","hentry","category-actualidad","category-lorca"],"yoast_head":"<!-- This site is optimized with the Yoast SEO plugin v27.4 - https:\/\/yoast.com\/product\/yoast-seo-wordpress\/ -->\n<title>Funambulista, La Mundial, Los 40 Sesions y #SunFest conforman el cartel de los conciertos gratuitos de la pr\u00f3xima Feria de septiembre de Lorca - AREA LORCA RADIO<\/title>\n<meta name=\"robots\" content=\"index, follow, max-snippet:-1, max-image-preview:large, max-video-preview:-1\" \/>\n<link rel=\"canonical\" href=\"https:\/\/arealorcaradio.es\/index.php\/2025\/09\/02\/funambulista-la-mundial-los-40-sesions-y-sunfest-conforman-el-cartel-de-los-conciertos-gratuitos-de-la-proxima-feria-de-septiembre-de-lorca\/\" \/>\n<meta property=\"og:locale\" content=\"es_ES\" \/>\n<meta property=\"og:type\" content=\"article\" \/>\n<meta property=\"og:title\" content=\"Funambulista, La Mundial, Los 40 Sesions y #SunFest conforman el cartel de los conciertos gratuitos de la pr\u00f3xima Feria de septiembre de Lorca - AREA LORCA RADIO\" \/>\n<meta property=\"og:description\" content=\"\u00c1REA LORCA RADIO. Feria y Fiestas. Lorca, 2 de septiembre de 202. Llegan las novedades de espect\u00e1culos y conciertos en el Huerto de la Rueda para esta Feria y Fiestas de septiembre,\u00a0que se celebrar\u00e1 del\u00a019\u00a0al 28 de\u00a0este mes\u00a0y\u00a0que se presenta este a\u00f1o con mucha m\u00e1s expectaci\u00f3n si cabe que a\u00f1os anteriores. Funambulista, La Mundial, Los [&hellip;]\" \/>\n<meta property=\"og:url\" content=\"https:\/\/arealorcaradio.es\/index.php\/2025\/09\/02\/funambulista-la-mundial-los-40-sesions-y-sunfest-conforman-el-cartel-de-los-conciertos-gratuitos-de-la-proxima-feria-de-septiembre-de-lorca\/\" \/>\n<meta property=\"og:site_name\" content=\"AREA LORCA RADIO\" \/>\n<meta property=\"article:published_time\" content=\"2025-09-02T11:02:04+00:00\" \/>\n<meta property=\"og:image\" content=\"https:\/\/arealorcaradio.es\/wp-content\/uploads\/2025\/09\/foto3-34.jpeg\" \/>\n\t<meta property=\"og:image:width\" content=\"1500\" \/>\n\t<meta property=\"og:image:height\" content=\"1000\" \/>\n\t<meta property=\"og:image:type\" content=\"image\/jpeg\" \/>\n<meta name=\"author\" content=\"Paco S\u00e1nchez\" \/>\n<meta name=\"twitter:card\" content=\"summary_large_image\" \/>\n<meta name=\"twitter:label1\" content=\"Escrito por\" \/>\n\t<meta name=\"twitter:data1\" content=\"Paco S\u00e1nchez\" \/>\n\t<meta name=\"twitter:label2\" content=\"Tiempo de lectura\" \/>\n\t<meta name=\"twitter:data2\" content=\"4 minutos\" \/>\n<script type=\"application\/ld+json\" class=\"yoast-schema-graph\">{\"@context\":\"https:\\\/\\\/schema.org\",\"@graph\":[{\"@type\":\"Article\",\"@id\":\"https:\\\/\\\/arealorcaradio.es\\\/index.php\\\/2025\\\/09\\\/02\\\/funambulista-la-mundial-los-40-sesions-y-sunfest-conforman-el-cartel-de-los-conciertos-gratuitos-de-la-proxima-feria-de-septiembre-de-lorca\\\/#article\",\"isPartOf\":{\"@id\":\"https:\\\/\\\/arealorcaradio.es\\\/index.php\\\/2025\\\/09\\\/02\\\/funambulista-la-mundial-los-40-sesions-y-sunfest-conforman-el-cartel-de-los-conciertos-gratuitos-de-la-proxima-feria-de-septiembre-de-lorca\\\/\"},\"author\":{\"name\":\"Paco S\u00e1nchez\",\"@id\":\"https:\\\/\\\/arealorcaradio.es\\\/#\\\/schema\\\/person\\\/9fae605fc25b0f2c83c1ab207139bd27\"},\"headline\":\"Funambulista, La Mundial, Los 40 Sesions y #SunFest conforman el cartel de los conciertos gratuitos de la pr\u00f3xima Feria de septiembre de Lorca\",\"datePublished\":\"2025-09-02T11:02:04+00:00\",\"mainEntityOfPage\":{\"@id\":\"https:\\\/\\\/arealorcaradio.es\\\/index.php\\\/2025\\\/09\\\/02\\\/funambulista-la-mundial-los-40-sesions-y-sunfest-conforman-el-cartel-de-los-conciertos-gratuitos-de-la-proxima-feria-de-septiembre-de-lorca\\\/\"},\"wordCount\":752,\"commentCount\":0,\"image\":{\"@id\":\"https:\\\/\\\/arealorcaradio.es\\\/index.php\\\/2025\\\/09\\\/02\\\/funambulista-la-mundial-los-40-sesions-y-sunfest-conforman-el-cartel-de-los-conciertos-gratuitos-de-la-proxima-feria-de-septiembre-de-lorca\\\/#primaryimage\"},\"thumbnailUrl\":\"https:\\\/\\\/arealorcaradio.es\\\/wp-content\\\/uploads\\\/2025\\\/09\\\/foto3-34.jpeg\",\"articleSection\":[\"ACTUALIDAD\",\"LORCA\"],\"inLanguage\":\"es\",\"potentialAction\":[{\"@type\":\"CommentAction\",\"name\":\"Comment\",\"target\":[\"https:\\\/\\\/arealorcaradio.es\\\/index.php\\\/2025\\\/09\\\/02\\\/funambulista-la-mundial-los-40-sesions-y-sunfest-conforman-el-cartel-de-los-conciertos-gratuitos-de-la-proxima-feria-de-septiembre-de-lorca\\\/#respond\"]}]},{\"@type\":\"WebPage\",\"@id\":\"https:\\\/\\\/arealorcaradio.es\\\/index.php\\\/2025\\\/09\\\/02\\\/funambulista-la-mundial-los-40-sesions-y-sunfest-conforman-el-cartel-de-los-conciertos-gratuitos-de-la-proxima-feria-de-septiembre-de-lorca\\\/\",\"url\":\"https:\\\/\\\/arealorcaradio.es\\\/index.php\\\/2025\\\/09\\\/02\\\/funambulista-la-mundial-los-40-sesions-y-sunfest-conforman-el-cartel-de-los-conciertos-gratuitos-de-la-proxima-feria-de-septiembre-de-lorca\\\/\",\"name\":\"Funambulista, La Mundial, Los 40 Sesions y #SunFest conforman el cartel de los conciertos gratuitos de la pr\u00f3xima Feria de septiembre de Lorca - AREA LORCA RADIO\",\"isPartOf\":{\"@id\":\"https:\\\/\\\/arealorcaradio.es\\\/#website\"},\"primaryImageOfPage\":{\"@id\":\"https:\\\/\\\/arealorcaradio.es\\\/index.php\\\/2025\\\/09\\\/02\\\/funambulista-la-mundial-los-40-sesions-y-sunfest-conforman-el-cartel-de-los-conciertos-gratuitos-de-la-proxima-feria-de-septiembre-de-lorca\\\/#primaryimage\"},\"image\":{\"@id\":\"https:\\\/\\\/arealorcaradio.es\\\/index.php\\\/2025\\\/09\\\/02\\\/funambulista-la-mundial-los-40-sesions-y-sunfest-conforman-el-cartel-de-los-conciertos-gratuitos-de-la-proxima-feria-de-septiembre-de-lorca\\\/#primaryimage\"},\"thumbnailUrl\":\"https:\\\/\\\/arealorcaradio.es\\\/wp-content\\\/uploads\\\/2025\\\/09\\\/foto3-34.jpeg\",\"datePublished\":\"2025-09-02T11:02:04+00:00\",\"author\":{\"@id\":\"https:\\\/\\\/arealorcaradio.es\\\/#\\\/schema\\\/person\\\/9fae605fc25b0f2c83c1ab207139bd27\"},\"breadcrumb\":{\"@id\":\"https:\\\/\\\/arealorcaradio.es\\\/index.php\\\/2025\\\/09\\\/02\\\/funambulista-la-mundial-los-40-sesions-y-sunfest-conforman-el-cartel-de-los-conciertos-gratuitos-de-la-proxima-feria-de-septiembre-de-lorca\\\/#breadcrumb\"},\"inLanguage\":\"es\",\"potentialAction\":[{\"@type\":\"ReadAction\",\"target\":[\"https:\\\/\\\/arealorcaradio.es\\\/index.php\\\/2025\\\/09\\\/02\\\/funambulista-la-mundial-los-40-sesions-y-sunfest-conforman-el-cartel-de-los-conciertos-gratuitos-de-la-proxima-feria-de-septiembre-de-lorca\\\/\"]}]},{\"@type\":\"ImageObject\",\"inLanguage\":\"es\",\"@id\":\"https:\\\/\\\/arealorcaradio.es\\\/index.php\\\/2025\\\/09\\\/02\\\/funambulista-la-mundial-los-40-sesions-y-sunfest-conforman-el-cartel-de-los-conciertos-gratuitos-de-la-proxima-feria-de-septiembre-de-lorca\\\/#primaryimage\",\"url\":\"https:\\\/\\\/arealorcaradio.es\\\/wp-content\\\/uploads\\\/2025\\\/09\\\/foto3-34.jpeg\",\"contentUrl\":\"https:\\\/\\\/arealorcaradio.es\\\/wp-content\\\/uploads\\\/2025\\\/09\\\/foto3-34.jpeg\",\"width\":1500,\"height\":1000},{\"@type\":\"BreadcrumbList\",\"@id\":\"https:\\\/\\\/arealorcaradio.es\\\/index.php\\\/2025\\\/09\\\/02\\\/funambulista-la-mundial-los-40-sesions-y-sunfest-conforman-el-cartel-de-los-conciertos-gratuitos-de-la-proxima-feria-de-septiembre-de-lorca\\\/#breadcrumb\",\"itemListElement\":[{\"@type\":\"ListItem\",\"position\":1,\"name\":\"Portada\",\"item\":\"https:\\\/\\\/arealorcaradio.es\\\/\"},{\"@type\":\"ListItem\",\"position\":2,\"name\":\"Funambulista, La Mundial, Los 40 Sesions y #SunFest conforman el cartel de los conciertos gratuitos de la pr\u00f3xima Feria de septiembre de Lorca\"}]},{\"@type\":\"WebSite\",\"@id\":\"https:\\\/\\\/arealorcaradio.es\\\/#website\",\"url\":\"https:\\\/\\\/arealorcaradio.es\\\/\",\"name\":\"AREA LORCA RADIO\",\"description\":\"Descubre la programaci\u00f3n actual en \u00c1rea Lorca Radio, tu fuente de entrenamiento y noticias locales. Sintoniza ahora y mantente conectado online.\",\"potentialAction\":[{\"@type\":\"SearchAction\",\"target\":{\"@type\":\"EntryPoint\",\"urlTemplate\":\"https:\\\/\\\/arealorcaradio.es\\\/?s={search_term_string}\"},\"query-input\":{\"@type\":\"PropertyValueSpecification\",\"valueRequired\":true,\"valueName\":\"search_term_string\"}}],\"inLanguage\":\"es\"},{\"@type\":\"Person\",\"@id\":\"https:\\\/\\\/arealorcaradio.es\\\/#\\\/schema\\\/person\\\/9fae605fc25b0f2c83c1ab207139bd27\",\"name\":\"Paco S\u00e1nchez\",\"image\":{\"@type\":\"ImageObject\",\"inLanguage\":\"es\",\"@id\":\"https:\\\/\\\/secure.gravatar.com\\\/avatar\\\/d67144e966420fb74aa84c9f2a0103be4724fd14db52b52d3b6bca749f257e79?s=96&d=mm&r=g\",\"url\":\"https:\\\/\\\/secure.gravatar.com\\\/avatar\\\/d67144e966420fb74aa84c9f2a0103be4724fd14db52b52d3b6bca749f257e79?s=96&d=mm&r=g\",\"contentUrl\":\"https:\\\/\\\/secure.gravatar.com\\\/avatar\\\/d67144e966420fb74aa84c9f2a0103be4724fd14db52b52d3b6bca749f257e79?s=96&d=mm&r=g\",\"caption\":\"Paco S\u00e1nchez\"},\"sameAs\":[\"https:\\\/\\\/arealorcaradio.es\"],\"url\":\"https:\\\/\\\/arealorcaradio.es\\\/index.php\\\/author\\\/admin_alorcaradio\\\/\"}]}<\/script>\n<!-- \/ Yoast SEO plugin. -->","yoast_head_json":{"title":"Funambulista, La Mundial, Los 40 Sesions y #SunFest conforman el cartel de los conciertos gratuitos de la pr\u00f3xima Feria de septiembre de Lorca - AREA LORCA RADIO","robots":{"index":"index","follow":"follow","max-snippet":"max-snippet:-1","max-image-preview":"max-image-preview:large","max-video-preview":"max-video-preview:-1"},"canonical":"https:\/\/arealorcaradio.es\/index.php\/2025\/09\/02\/funambulista-la-mundial-los-40-sesions-y-sunfest-conforman-el-cartel-de-los-conciertos-gratuitos-de-la-proxima-feria-de-septiembre-de-lorca\/","og_locale":"es_ES","og_type":"article","og_title":"Funambulista, La Mundial, Los 40 Sesions y #SunFest conforman el cartel de los conciertos gratuitos de la pr\u00f3xima Feria de septiembre de Lorca - AREA LORCA RADIO","og_description":"\u00c1REA LORCA RADIO. Feria y Fiestas. Lorca, 2 de septiembre de 202. Llegan las novedades de espect\u00e1culos y conciertos en el Huerto de la Rueda para esta Feria y Fiestas de septiembre,\u00a0que se celebrar\u00e1 del\u00a019\u00a0al 28 de\u00a0este mes\u00a0y\u00a0que se presenta este a\u00f1o con mucha m\u00e1s expectaci\u00f3n si cabe que a\u00f1os anteriores. Funambulista, La Mundial, Los [&hellip;]","og_url":"https:\/\/arealorcaradio.es\/index.php\/2025\/09\/02\/funambulista-la-mundial-los-40-sesions-y-sunfest-conforman-el-cartel-de-los-conciertos-gratuitos-de-la-proxima-feria-de-septiembre-de-lorca\/","og_site_name":"AREA LORCA RADIO","article_published_time":"2025-09-02T11:02:04+00:00","og_image":[{"width":1500,"height":1000,"url":"https:\/\/arealorcaradio.es\/wp-content\/uploads\/2025\/09\/foto3-34.jpeg","type":"image\/jpeg"}],"author":"Paco S\u00e1nchez","twitter_card":"summary_large_image","twitter_misc":{"Escrito por":"Paco S\u00e1nchez","Tiempo de lectura":"4 minutos"},"schema":{"@context":"https:\/\/schema.org","@graph":[{"@type":"Article","@id":"https:\/\/arealorcaradio.es\/index.php\/2025\/09\/02\/funambulista-la-mundial-los-40-sesions-y-sunfest-conforman-el-cartel-de-los-conciertos-gratuitos-de-la-proxima-feria-de-septiembre-de-lorca\/#article","isPartOf":{"@id":"https:\/\/arealorcaradio.es\/index.php\/2025\/09\/02\/funambulista-la-mundial-los-40-sesions-y-sunfest-conforman-el-cartel-de-los-conciertos-gratuitos-de-la-proxima-feria-de-septiembre-de-lorca\/"},"author":{"name":"Paco S\u00e1nchez","@id":"https:\/\/arealorcaradio.es\/#\/schema\/person\/9fae605fc25b0f2c83c1ab207139bd27"},"headline":"Funambulista, La Mundial, Los 40 Sesions y #SunFest conforman el cartel de los conciertos gratuitos de la pr\u00f3xima Feria de septiembre de Lorca","datePublished":"2025-09-02T11:02:04+00:00","mainEntityOfPage":{"@id":"https:\/\/arealorcaradio.es\/index.php\/2025\/09\/02\/funambulista-la-mundial-los-40-sesions-y-sunfest-conforman-el-cartel-de-los-conciertos-gratuitos-de-la-proxima-feria-de-septiembre-de-lorca\/"},"wordCount":752,"commentCount":0,"image":{"@id":"https:\/\/arealorcaradio.es\/index.php\/2025\/09\/02\/funambulista-la-mundial-los-40-sesions-y-sunfest-conforman-el-cartel-de-los-conciertos-gratuitos-de-la-proxima-feria-de-septiembre-de-lorca\/#primaryimage"},"thumbnailUrl":"https:\/\/arealorcaradio.es\/wp-content\/uploads\/2025\/09\/foto3-34.jpeg","articleSection":["ACTUALIDAD","LORCA"],"inLanguage":"es","potentialAction":[{"@type":"CommentAction","name":"Comment","target":["https:\/\/arealorcaradio.es\/index.php\/2025\/09\/02\/funambulista-la-mundial-los-40-sesions-y-sunfest-conforman-el-cartel-de-los-conciertos-gratuitos-de-la-proxima-feria-de-septiembre-de-lorca\/#respond"]}]},{"@type":"WebPage","@id":"https:\/\/arealorcaradio.es\/index.php\/2025\/09\/02\/funambulista-la-mundial-los-40-sesions-y-sunfest-conforman-el-cartel-de-los-conciertos-gratuitos-de-la-proxima-feria-de-septiembre-de-lorca\/","url":"https:\/\/arealorcaradio.es\/index.php\/2025\/09\/02\/funambulista-la-mundial-los-40-sesions-y-sunfest-conforman-el-cartel-de-los-conciertos-gratuitos-de-la-proxima-feria-de-septiembre-de-lorca\/","name":"Funambulista, La Mundial, Los 40 Sesions y #SunFest conforman el cartel de los conciertos gratuitos de la pr\u00f3xima Feria de septiembre de Lorca - AREA LORCA RADIO","isPartOf":{"@id":"https:\/\/arealorcaradio.es\/#website"},"primaryImageOfPage":{"@id":"https:\/\/arealorcaradio.es\/index.php\/2025\/09\/02\/funambulista-la-mundial-los-40-sesions-y-sunfest-conforman-el-cartel-de-los-conciertos-gratuitos-de-la-proxima-feria-de-septiembre-de-lorca\/#primaryimage"},"image":{"@id":"https:\/\/arealorcaradio.es\/index.php\/2025\/09\/02\/funambulista-la-mundial-los-40-sesions-y-sunfest-conforman-el-cartel-de-los-conciertos-gratuitos-de-la-proxima-feria-de-septiembre-de-lorca\/#primaryimage"},"thumbnailUrl":"https:\/\/arealorcaradio.es\/wp-content\/uploads\/2025\/09\/foto3-34.jpeg","datePublished":"2025-09-02T11:02:04+00:00","author":{"@id":"https:\/\/arealorcaradio.es\/#\/schema\/person\/9fae605fc25b0f2c83c1ab207139bd27"},"breadcrumb":{"@id":"https:\/\/arealorcaradio.es\/index.php\/2025\/09\/02\/funambulista-la-mundial-los-40-sesions-y-sunfest-conforman-el-cartel-de-los-conciertos-gratuitos-de-la-proxima-feria-de-septiembre-de-lorca\/#breadcrumb"},"inLanguage":"es","potentialAction":[{"@type":"ReadAction","target":["https:\/\/arealorcaradio.es\/index.php\/2025\/09\/02\/funambulista-la-mundial-los-40-sesions-y-sunfest-conforman-el-cartel-de-los-conciertos-gratuitos-de-la-proxima-feria-de-septiembre-de-lorca\/"]}]},{"@type":"ImageObject","inLanguage":"es","@id":"https:\/\/arealorcaradio.es\/index.php\/2025\/09\/02\/funambulista-la-mundial-los-40-sesions-y-sunfest-conforman-el-cartel-de-los-conciertos-gratuitos-de-la-proxima-feria-de-septiembre-de-lorca\/#primaryimage","url":"https:\/\/arealorcaradio.es\/wp-content\/uploads\/2025\/09\/foto3-34.jpeg","contentUrl":"https:\/\/arealorcaradio.es\/wp-content\/uploads\/2025\/09\/foto3-34.jpeg","width":1500,"height":1000},{"@type":"BreadcrumbList","@id":"https:\/\/arealorcaradio.es\/index.php\/2025\/09\/02\/funambulista-la-mundial-los-40-sesions-y-sunfest-conforman-el-cartel-de-los-conciertos-gratuitos-de-la-proxima-feria-de-septiembre-de-lorca\/#breadcrumb","itemListElement":[{"@type":"ListItem","position":1,"name":"Portada","item":"https:\/\/arealorcaradio.es\/"},{"@type":"ListItem","position":2,"name":"Funambulista, La Mundial, Los 40 Sesions y #SunFest conforman el cartel de los conciertos gratuitos de la pr\u00f3xima Feria de septiembre de Lorca"}]},{"@type":"WebSite","@id":"https:\/\/arealorcaradio.es\/#website","url":"https:\/\/arealorcaradio.es\/","name":"AREA LORCA RADIO","description":"Descubre la programaci\u00f3n actual en \u00c1rea Lorca Radio, tu fuente de entrenamiento y noticias locales. Sintoniza ahora y mantente conectado online.","potentialAction":[{"@type":"SearchAction","target":{"@type":"EntryPoint","urlTemplate":"https:\/\/arealorcaradio.es\/?s={search_term_string}"},"query-input":{"@type":"PropertyValueSpecification","valueRequired":true,"valueName":"search_term_string"}}],"inLanguage":"es"},{"@type":"Person","@id":"https:\/\/arealorcaradio.es\/#\/schema\/person\/9fae605fc25b0f2c83c1ab207139bd27","name":"Paco S\u00e1nchez","image":{"@type":"ImageObject","inLanguage":"es","@id":"https:\/\/secure.gravatar.com\/avatar\/d67144e966420fb74aa84c9f2a0103be4724fd14db52b52d3b6bca749f257e79?s=96&d=mm&r=g","url":"https:\/\/secure.gravatar.com\/avatar\/d67144e966420fb74aa84c9f2a0103be4724fd14db52b52d3b6bca749f257e79?s=96&d=mm&r=g","contentUrl":"https:\/\/secure.gravatar.com\/avatar\/d67144e966420fb74aa84c9f2a0103be4724fd14db52b52d3b6bca749f257e79?s=96&d=mm&r=g","caption":"Paco S\u00e1nchez"},"sameAs":["https:\/\/arealorcaradio.es"],"url":"https:\/\/arealorcaradio.es\/index.php\/author\/admin_alorcaradio\/"}]}},"_links":{"self":[{"href":"https:\/\/arealorcaradio.es\/index.php\/wp-json\/wp\/v2\/posts\/7639","targetHints":{"allow":["GET"]}}],"collection":[{"href":"https:\/\/arealorcaradio.es\/index.php\/wp-json\/wp\/v2\/posts"}],"about":[{"href":"https:\/\/arealorcaradio.es\/index.php\/wp-json\/wp\/v2\/types\/post"}],"author":[{"embeddable":true,"href":"https:\/\/arealorcaradio.es\/index.php\/wp-json\/wp\/v2\/users\/1"}],"replies":[{"embeddable":true,"href":"https:\/\/arealorcaradio.es\/index.php\/wp-json\/wp\/v2\/comments?post=7639"}],"version-history":[{"count":1,"href":"https:\/\/arealorcaradio.es\/index.php\/wp-json\/wp\/v2\/posts\/7639\/revisions"}],"predecessor-version":[{"id":7644,"href":"https:\/\/arealorcaradio.es\/index.php\/wp-json\/wp\/v2\/posts\/7639\/revisions\/7644"}],"wp:featuredmedia":[{"embeddable":true,"href":"https:\/\/arealorcaradio.es\/index.php\/wp-json\/wp\/v2\/media\/7640"}],"wp:attachment":[{"href":"https:\/\/arealorcaradio.es\/index.php\/wp-json\/wp\/v2\/media?parent=7639"}],"wp:term":[{"taxonomy":"category","embeddable":true,"href":"https:\/\/arealorcaradio.es\/index.php\/wp-json\/wp\/v2\/categories?post=7639"},{"taxonomy":"post_tag","embeddable":true,"href":"https:\/\/arealorcaradio.es\/index.php\/wp-json\/wp\/v2\/tags?post=7639"}],"curies":[{"name":"wp","href":"https:\/\/api.w.org\/{rel}","templated":true}]}}