{"id":7633,"date":"2025-09-02T07:47:44","date_gmt":"2025-09-02T07:47:44","guid":{"rendered":"https:\/\/arealorcaradio.es\/?p=7633"},"modified":"2025-09-02T07:47:44","modified_gmt":"2025-09-02T07:47:44","slug":"sebas-lopez-ha-sido-una-pretemporada-muy-larga-que-nos-ha-servido-de-mucho-para-el-inminente-inicio-de-liga-frente-al-real-jaen","status":"publish","type":"post","link":"https:\/\/arealorcaradio.es\/index.php\/2025\/09\/02\/sebas-lopez-ha-sido-una-pretemporada-muy-larga-que-nos-ha-servido-de-mucho-para-el-inminente-inicio-de-liga-frente-al-real-jaen\/","title":{"rendered":"Sebas L\u00f3pez: \u00abHa sido una pretemporada muy larga que nos ha servido de mucho para el inminente inicio de liga frente al Real Ja\u00e9n\u00bb"},"content":{"rendered":"<p><strong>\u00c1REA LORCA RADIO. Deportes.<\/strong><\/p>\n<p>Escucha aqu\u00ed la entrevista que ha concedido Sebas L\u00f3pez a Paco S\u00e1nchez en el primer programa deportivo de la temporada radiof\u00f3nica de \u00c1rea Lorca Radio.<\/p>\n<p>Sebas L\u00f3pez habla del balance de la pretemporada, de los jugadores que se marcharon, de los que han llegado y de lo que espera de su plantilla que pretende que sea \u00abcamale\u00f3nica\u00bb en campos y terrenos de juego de diferente perfil al Estadio Artes Carrasco.<\/p>\n<audio class=\"wp-audio-shortcode\" id=\"audio-7633-1\" preload=\"none\" style=\"width: 100%;\" controls=\"controls\"><source type=\"audio\/mpeg\" src=\"https:\/\/arealorcaradio.es\/wp-content\/uploads\/2025\/09\/010925-SEBAS-LOPEZ.-BALANCE-PRETEMPORADA.mp3?_=1\" \/><a href=\"https:\/\/arealorcaradio.es\/wp-content\/uploads\/2025\/09\/010925-SEBAS-LOPEZ.-BALANCE-PRETEMPORADA.mp3\">https:\/\/arealorcaradio.es\/wp-content\/uploads\/2025\/09\/010925-SEBAS-LOPEZ.-BALANCE-PRETEMPORADA.mp3<\/a><\/audio>\n<p><img loading=\"lazy\" decoding=\"async\" class=\"alignnone size-medium wp-image-7635\" src=\"https:\/\/arealorcaradio.es\/wp-content\/uploads\/2025\/09\/IMG-20250902-WA0011-300x200.jpg\" alt=\"\" width=\"300\" height=\"200\" srcset=\"https:\/\/arealorcaradio.es\/wp-content\/uploads\/2025\/09\/IMG-20250902-WA0011-300x200.jpg 300w, https:\/\/arealorcaradio.es\/wp-content\/uploads\/2025\/09\/IMG-20250902-WA0011-1024x683.jpg 1024w, https:\/\/arealorcaradio.es\/wp-content\/uploads\/2025\/09\/IMG-20250902-WA0011-768x512.jpg 768w, https:\/\/arealorcaradio.es\/wp-content\/uploads\/2025\/09\/IMG-20250902-WA0011-1536x1024.jpg 1536w, https:\/\/arealorcaradio.es\/wp-content\/uploads\/2025\/09\/IMG-20250902-WA0011.jpg 1920w\" sizes=\"auto, (max-width: 300px) 100vw, 300px\" \/> \u00a0<img loading=\"lazy\" decoding=\"async\" class=\"alignnone size-medium wp-image-7637\" src=\"https:\/\/arealorcaradio.es\/wp-content\/uploads\/2025\/09\/IMG-20250902-WA0006-300x200.jpg\" alt=\"\" width=\"300\" height=\"200\" srcset=\"https:\/\/arealorcaradio.es\/wp-content\/uploads\/2025\/09\/IMG-20250902-WA0006-300x200.jpg 300w, https:\/\/arealorcaradio.es\/wp-content\/uploads\/2025\/09\/IMG-20250902-WA0006-1024x683.jpg 1024w, https:\/\/arealorcaradio.es\/wp-content\/uploads\/2025\/09\/IMG-20250902-WA0006-768x512.jpg 768w, https:\/\/arealorcaradio.es\/wp-content\/uploads\/2025\/09\/IMG-20250902-WA0006-1536x1024.jpg 1536w, https:\/\/arealorcaradio.es\/wp-content\/uploads\/2025\/09\/IMG-20250902-WA0006.jpg 1920w\" sizes=\"auto, (max-width: 300px) 100vw, 300px\" \/><\/p>\n","protected":false},"excerpt":{"rendered":"<p>\u00c1REA LORCA RADIO. Deportes. Escucha aqu\u00ed la entrevista que ha concedido Sebas L\u00f3pez a Paco S\u00e1nchez en el primer programa deportivo de la temporada radiof\u00f3nica de \u00c1rea Lorca Radio. Sebas L\u00f3pez habla del balance de la pretemporada, de los jugadores que se marcharon, de los que han llegado y de lo que espera de su [&hellip;]<\/p>\n","protected":false},"author":1,"featured_media":7635,"comment_status":"open","ping_status":"open","sticky":false,"template":"","format":"standard","meta":{"iawp_total_views":59,"footnotes":""},"categories":[4,7],"tags":[],"class_list":["post-7633","post","type-post","status-publish","format-standard","has-post-thumbnail","hentry","category-deportes","category-lorca"],"yoast_head":"<!-- This site is optimized with the Yoast SEO plugin v27.4 - https:\/\/yoast.com\/product\/yoast-seo-wordpress\/ -->\n<title>Sebas L\u00f3pez: &quot;Ha sido una pretemporada muy larga que nos ha servido de mucho para el inminente inicio de liga frente al Real Ja\u00e9n&quot; - AREA LORCA RADIO<\/title>\n<meta name=\"robots\" content=\"index, follow, max-snippet:-1, max-image-preview:large, max-video-preview:-1\" \/>\n<link rel=\"canonical\" href=\"https:\/\/arealorcaradio.es\/index.php\/2025\/09\/02\/sebas-lopez-ha-sido-una-pretemporada-muy-larga-que-nos-ha-servido-de-mucho-para-el-inminente-inicio-de-liga-frente-al-real-jaen\/\" \/>\n<meta property=\"og:locale\" content=\"es_ES\" \/>\n<meta property=\"og:type\" content=\"article\" \/>\n<meta property=\"og:title\" content=\"Sebas L\u00f3pez: &quot;Ha sido una pretemporada muy larga que nos ha servido de mucho para el inminente inicio de liga frente al Real Ja\u00e9n&quot; - AREA LORCA RADIO\" \/>\n<meta property=\"og:description\" content=\"\u00c1REA LORCA RADIO. Deportes. Escucha aqu\u00ed la entrevista que ha concedido Sebas L\u00f3pez a Paco S\u00e1nchez en el primer programa deportivo de la temporada radiof\u00f3nica de \u00c1rea Lorca Radio. Sebas L\u00f3pez habla del balance de la pretemporada, de los jugadores que se marcharon, de los que han llegado y de lo que espera de su [&hellip;]\" \/>\n<meta property=\"og:url\" content=\"https:\/\/arealorcaradio.es\/index.php\/2025\/09\/02\/sebas-lopez-ha-sido-una-pretemporada-muy-larga-que-nos-ha-servido-de-mucho-para-el-inminente-inicio-de-liga-frente-al-real-jaen\/\" \/>\n<meta property=\"og:site_name\" content=\"AREA LORCA RADIO\" \/>\n<meta property=\"article:published_time\" content=\"2025-09-02T07:47:44+00:00\" \/>\n<meta property=\"og:image\" content=\"https:\/\/arealorcaradio.es\/wp-content\/uploads\/2025\/09\/IMG-20250902-WA0011.jpg\" \/>\n\t<meta property=\"og:image:width\" content=\"1920\" \/>\n\t<meta property=\"og:image:height\" content=\"1280\" \/>\n\t<meta property=\"og:image:type\" content=\"image\/jpeg\" \/>\n<meta name=\"author\" content=\"Paco S\u00e1nchez\" \/>\n<meta name=\"twitter:card\" content=\"summary_large_image\" \/>\n<meta name=\"twitter:label1\" content=\"Escrito por\" \/>\n\t<meta name=\"twitter:data1\" content=\"Paco S\u00e1nchez\" \/>\n\t<meta name=\"twitter:label2\" content=\"Tiempo de lectura\" \/>\n\t<meta name=\"twitter:data2\" content=\"1 minuto\" \/>\n<script type=\"application\/ld+json\" class=\"yoast-schema-graph\">{\"@context\":\"https:\\\/\\\/schema.org\",\"@graph\":[{\"@type\":\"Article\",\"@id\":\"https:\\\/\\\/arealorcaradio.es\\\/index.php\\\/2025\\\/09\\\/02\\\/sebas-lopez-ha-sido-una-pretemporada-muy-larga-que-nos-ha-servido-de-mucho-para-el-inminente-inicio-de-liga-frente-al-real-jaen\\\/#article\",\"isPartOf\":{\"@id\":\"https:\\\/\\\/arealorcaradio.es\\\/index.php\\\/2025\\\/09\\\/02\\\/sebas-lopez-ha-sido-una-pretemporada-muy-larga-que-nos-ha-servido-de-mucho-para-el-inminente-inicio-de-liga-frente-al-real-jaen\\\/\"},\"author\":{\"name\":\"Paco S\u00e1nchez\",\"@id\":\"https:\\\/\\\/arealorcaradio.es\\\/#\\\/schema\\\/person\\\/9fae605fc25b0f2c83c1ab207139bd27\"},\"headline\":\"Sebas L\u00f3pez: \u00abHa sido una pretemporada muy larga que nos ha servido de mucho para el inminente inicio de liga frente al Real Ja\u00e9n\u00bb\",\"datePublished\":\"2025-09-02T07:47:44+00:00\",\"mainEntityOfPage\":{\"@id\":\"https:\\\/\\\/arealorcaradio.es\\\/index.php\\\/2025\\\/09\\\/02\\\/sebas-lopez-ha-sido-una-pretemporada-muy-larga-que-nos-ha-servido-de-mucho-para-el-inminente-inicio-de-liga-frente-al-real-jaen\\\/\"},\"wordCount\":116,\"commentCount\":0,\"image\":{\"@id\":\"https:\\\/\\\/arealorcaradio.es\\\/index.php\\\/2025\\\/09\\\/02\\\/sebas-lopez-ha-sido-una-pretemporada-muy-larga-que-nos-ha-servido-de-mucho-para-el-inminente-inicio-de-liga-frente-al-real-jaen\\\/#primaryimage\"},\"thumbnailUrl\":\"https:\\\/\\\/arealorcaradio.es\\\/wp-content\\\/uploads\\\/2025\\\/09\\\/IMG-20250902-WA0011.jpg\",\"articleSection\":[\"DEPORTES\",\"LORCA\"],\"inLanguage\":\"es\",\"potentialAction\":[{\"@type\":\"CommentAction\",\"name\":\"Comment\",\"target\":[\"https:\\\/\\\/arealorcaradio.es\\\/index.php\\\/2025\\\/09\\\/02\\\/sebas-lopez-ha-sido-una-pretemporada-muy-larga-que-nos-ha-servido-de-mucho-para-el-inminente-inicio-de-liga-frente-al-real-jaen\\\/#respond\"]}]},{\"@type\":\"WebPage\",\"@id\":\"https:\\\/\\\/arealorcaradio.es\\\/index.php\\\/2025\\\/09\\\/02\\\/sebas-lopez-ha-sido-una-pretemporada-muy-larga-que-nos-ha-servido-de-mucho-para-el-inminente-inicio-de-liga-frente-al-real-jaen\\\/\",\"url\":\"https:\\\/\\\/arealorcaradio.es\\\/index.php\\\/2025\\\/09\\\/02\\\/sebas-lopez-ha-sido-una-pretemporada-muy-larga-que-nos-ha-servido-de-mucho-para-el-inminente-inicio-de-liga-frente-al-real-jaen\\\/\",\"name\":\"Sebas L\u00f3pez: \\\"Ha sido una pretemporada muy larga que nos ha servido de mucho para el inminente inicio de liga frente al Real Ja\u00e9n\\\" - AREA LORCA RADIO\",\"isPartOf\":{\"@id\":\"https:\\\/\\\/arealorcaradio.es\\\/#website\"},\"primaryImageOfPage\":{\"@id\":\"https:\\\/\\\/arealorcaradio.es\\\/index.php\\\/2025\\\/09\\\/02\\\/sebas-lopez-ha-sido-una-pretemporada-muy-larga-que-nos-ha-servido-de-mucho-para-el-inminente-inicio-de-liga-frente-al-real-jaen\\\/#primaryimage\"},\"image\":{\"@id\":\"https:\\\/\\\/arealorcaradio.es\\\/index.php\\\/2025\\\/09\\\/02\\\/sebas-lopez-ha-sido-una-pretemporada-muy-larga-que-nos-ha-servido-de-mucho-para-el-inminente-inicio-de-liga-frente-al-real-jaen\\\/#primaryimage\"},\"thumbnailUrl\":\"https:\\\/\\\/arealorcaradio.es\\\/wp-content\\\/uploads\\\/2025\\\/09\\\/IMG-20250902-WA0011.jpg\",\"datePublished\":\"2025-09-02T07:47:44+00:00\",\"author\":{\"@id\":\"https:\\\/\\\/arealorcaradio.es\\\/#\\\/schema\\\/person\\\/9fae605fc25b0f2c83c1ab207139bd27\"},\"breadcrumb\":{\"@id\":\"https:\\\/\\\/arealorcaradio.es\\\/index.php\\\/2025\\\/09\\\/02\\\/sebas-lopez-ha-sido-una-pretemporada-muy-larga-que-nos-ha-servido-de-mucho-para-el-inminente-inicio-de-liga-frente-al-real-jaen\\\/#breadcrumb\"},\"inLanguage\":\"es\",\"potentialAction\":[{\"@type\":\"ReadAction\",\"target\":[\"https:\\\/\\\/arealorcaradio.es\\\/index.php\\\/2025\\\/09\\\/02\\\/sebas-lopez-ha-sido-una-pretemporada-muy-larga-que-nos-ha-servido-de-mucho-para-el-inminente-inicio-de-liga-frente-al-real-jaen\\\/\"]}]},{\"@type\":\"ImageObject\",\"inLanguage\":\"es\",\"@id\":\"https:\\\/\\\/arealorcaradio.es\\\/index.php\\\/2025\\\/09\\\/02\\\/sebas-lopez-ha-sido-una-pretemporada-muy-larga-que-nos-ha-servido-de-mucho-para-el-inminente-inicio-de-liga-frente-al-real-jaen\\\/#primaryimage\",\"url\":\"https:\\\/\\\/arealorcaradio.es\\\/wp-content\\\/uploads\\\/2025\\\/09\\\/IMG-20250902-WA0011.jpg\",\"contentUrl\":\"https:\\\/\\\/arealorcaradio.es\\\/wp-content\\\/uploads\\\/2025\\\/09\\\/IMG-20250902-WA0011.jpg\",\"width\":1920,\"height\":1280},{\"@type\":\"BreadcrumbList\",\"@id\":\"https:\\\/\\\/arealorcaradio.es\\\/index.php\\\/2025\\\/09\\\/02\\\/sebas-lopez-ha-sido-una-pretemporada-muy-larga-que-nos-ha-servido-de-mucho-para-el-inminente-inicio-de-liga-frente-al-real-jaen\\\/#breadcrumb\",\"itemListElement\":[{\"@type\":\"ListItem\",\"position\":1,\"name\":\"Portada\",\"item\":\"https:\\\/\\\/arealorcaradio.es\\\/\"},{\"@type\":\"ListItem\",\"position\":2,\"name\":\"Sebas L\u00f3pez: \u00abHa sido una pretemporada muy larga que nos ha servido de mucho para el inminente inicio de liga frente al Real Ja\u00e9n\u00bb\"}]},{\"@type\":\"WebSite\",\"@id\":\"https:\\\/\\\/arealorcaradio.es\\\/#website\",\"url\":\"https:\\\/\\\/arealorcaradio.es\\\/\",\"name\":\"AREA LORCA RADIO\",\"description\":\"Descubre la programaci\u00f3n actual en \u00c1rea Lorca Radio, tu fuente de entrenamiento y noticias locales. Sintoniza ahora y mantente conectado online.\",\"potentialAction\":[{\"@type\":\"SearchAction\",\"target\":{\"@type\":\"EntryPoint\",\"urlTemplate\":\"https:\\\/\\\/arealorcaradio.es\\\/?s={search_term_string}\"},\"query-input\":{\"@type\":\"PropertyValueSpecification\",\"valueRequired\":true,\"valueName\":\"search_term_string\"}}],\"inLanguage\":\"es\"},{\"@type\":\"Person\",\"@id\":\"https:\\\/\\\/arealorcaradio.es\\\/#\\\/schema\\\/person\\\/9fae605fc25b0f2c83c1ab207139bd27\",\"name\":\"Paco S\u00e1nchez\",\"image\":{\"@type\":\"ImageObject\",\"inLanguage\":\"es\",\"@id\":\"https:\\\/\\\/secure.gravatar.com\\\/avatar\\\/d67144e966420fb74aa84c9f2a0103be4724fd14db52b52d3b6bca749f257e79?s=96&d=mm&r=g\",\"url\":\"https:\\\/\\\/secure.gravatar.com\\\/avatar\\\/d67144e966420fb74aa84c9f2a0103be4724fd14db52b52d3b6bca749f257e79?s=96&d=mm&r=g\",\"contentUrl\":\"https:\\\/\\\/secure.gravatar.com\\\/avatar\\\/d67144e966420fb74aa84c9f2a0103be4724fd14db52b52d3b6bca749f257e79?s=96&d=mm&r=g\",\"caption\":\"Paco S\u00e1nchez\"},\"sameAs\":[\"https:\\\/\\\/arealorcaradio.es\"],\"url\":\"https:\\\/\\\/arealorcaradio.es\\\/index.php\\\/author\\\/admin_alorcaradio\\\/\"}]}<\/script>\n<!-- \/ Yoast SEO plugin. -->","yoast_head_json":{"title":"Sebas L\u00f3pez: \"Ha sido una pretemporada muy larga que nos ha servido de mucho para el inminente inicio de liga frente al Real Ja\u00e9n\" - AREA LORCA RADIO","robots":{"index":"index","follow":"follow","max-snippet":"max-snippet:-1","max-image-preview":"max-image-preview:large","max-video-preview":"max-video-preview:-1"},"canonical":"https:\/\/arealorcaradio.es\/index.php\/2025\/09\/02\/sebas-lopez-ha-sido-una-pretemporada-muy-larga-que-nos-ha-servido-de-mucho-para-el-inminente-inicio-de-liga-frente-al-real-jaen\/","og_locale":"es_ES","og_type":"article","og_title":"Sebas L\u00f3pez: \"Ha sido una pretemporada muy larga que nos ha servido de mucho para el inminente inicio de liga frente al Real Ja\u00e9n\" - AREA LORCA RADIO","og_description":"\u00c1REA LORCA RADIO. Deportes. Escucha aqu\u00ed la entrevista que ha concedido Sebas L\u00f3pez a Paco S\u00e1nchez en el primer programa deportivo de la temporada radiof\u00f3nica de \u00c1rea Lorca Radio. Sebas L\u00f3pez habla del balance de la pretemporada, de los jugadores que se marcharon, de los que han llegado y de lo que espera de su [&hellip;]","og_url":"https:\/\/arealorcaradio.es\/index.php\/2025\/09\/02\/sebas-lopez-ha-sido-una-pretemporada-muy-larga-que-nos-ha-servido-de-mucho-para-el-inminente-inicio-de-liga-frente-al-real-jaen\/","og_site_name":"AREA LORCA RADIO","article_published_time":"2025-09-02T07:47:44+00:00","og_image":[{"width":1920,"height":1280,"url":"https:\/\/arealorcaradio.es\/wp-content\/uploads\/2025\/09\/IMG-20250902-WA0011.jpg","type":"image\/jpeg"}],"author":"Paco S\u00e1nchez","twitter_card":"summary_large_image","twitter_misc":{"Escrito por":"Paco S\u00e1nchez","Tiempo de lectura":"1 minuto"},"schema":{"@context":"https:\/\/schema.org","@graph":[{"@type":"Article","@id":"https:\/\/arealorcaradio.es\/index.php\/2025\/09\/02\/sebas-lopez-ha-sido-una-pretemporada-muy-larga-que-nos-ha-servido-de-mucho-para-el-inminente-inicio-de-liga-frente-al-real-jaen\/#article","isPartOf":{"@id":"https:\/\/arealorcaradio.es\/index.php\/2025\/09\/02\/sebas-lopez-ha-sido-una-pretemporada-muy-larga-que-nos-ha-servido-de-mucho-para-el-inminente-inicio-de-liga-frente-al-real-jaen\/"},"author":{"name":"Paco S\u00e1nchez","@id":"https:\/\/arealorcaradio.es\/#\/schema\/person\/9fae605fc25b0f2c83c1ab207139bd27"},"headline":"Sebas L\u00f3pez: \u00abHa sido una pretemporada muy larga que nos ha servido de mucho para el inminente inicio de liga frente al Real Ja\u00e9n\u00bb","datePublished":"2025-09-02T07:47:44+00:00","mainEntityOfPage":{"@id":"https:\/\/arealorcaradio.es\/index.php\/2025\/09\/02\/sebas-lopez-ha-sido-una-pretemporada-muy-larga-que-nos-ha-servido-de-mucho-para-el-inminente-inicio-de-liga-frente-al-real-jaen\/"},"wordCount":116,"commentCount":0,"image":{"@id":"https:\/\/arealorcaradio.es\/index.php\/2025\/09\/02\/sebas-lopez-ha-sido-una-pretemporada-muy-larga-que-nos-ha-servido-de-mucho-para-el-inminente-inicio-de-liga-frente-al-real-jaen\/#primaryimage"},"thumbnailUrl":"https:\/\/arealorcaradio.es\/wp-content\/uploads\/2025\/09\/IMG-20250902-WA0011.jpg","articleSection":["DEPORTES","LORCA"],"inLanguage":"es","potentialAction":[{"@type":"CommentAction","name":"Comment","target":["https:\/\/arealorcaradio.es\/index.php\/2025\/09\/02\/sebas-lopez-ha-sido-una-pretemporada-muy-larga-que-nos-ha-servido-de-mucho-para-el-inminente-inicio-de-liga-frente-al-real-jaen\/#respond"]}]},{"@type":"WebPage","@id":"https:\/\/arealorcaradio.es\/index.php\/2025\/09\/02\/sebas-lopez-ha-sido-una-pretemporada-muy-larga-que-nos-ha-servido-de-mucho-para-el-inminente-inicio-de-liga-frente-al-real-jaen\/","url":"https:\/\/arealorcaradio.es\/index.php\/2025\/09\/02\/sebas-lopez-ha-sido-una-pretemporada-muy-larga-que-nos-ha-servido-de-mucho-para-el-inminente-inicio-de-liga-frente-al-real-jaen\/","name":"Sebas L\u00f3pez: \"Ha sido una pretemporada muy larga que nos ha servido de mucho para el inminente inicio de liga frente al Real Ja\u00e9n\" - AREA LORCA RADIO","isPartOf":{"@id":"https:\/\/arealorcaradio.es\/#website"},"primaryImageOfPage":{"@id":"https:\/\/arealorcaradio.es\/index.php\/2025\/09\/02\/sebas-lopez-ha-sido-una-pretemporada-muy-larga-que-nos-ha-servido-de-mucho-para-el-inminente-inicio-de-liga-frente-al-real-jaen\/#primaryimage"},"image":{"@id":"https:\/\/arealorcaradio.es\/index.php\/2025\/09\/02\/sebas-lopez-ha-sido-una-pretemporada-muy-larga-que-nos-ha-servido-de-mucho-para-el-inminente-inicio-de-liga-frente-al-real-jaen\/#primaryimage"},"thumbnailUrl":"https:\/\/arealorcaradio.es\/wp-content\/uploads\/2025\/09\/IMG-20250902-WA0011.jpg","datePublished":"2025-09-02T07:47:44+00:00","author":{"@id":"https:\/\/arealorcaradio.es\/#\/schema\/person\/9fae605fc25b0f2c83c1ab207139bd27"},"breadcrumb":{"@id":"https:\/\/arealorcaradio.es\/index.php\/2025\/09\/02\/sebas-lopez-ha-sido-una-pretemporada-muy-larga-que-nos-ha-servido-de-mucho-para-el-inminente-inicio-de-liga-frente-al-real-jaen\/#breadcrumb"},"inLanguage":"es","potentialAction":[{"@type":"ReadAction","target":["https:\/\/arealorcaradio.es\/index.php\/2025\/09\/02\/sebas-lopez-ha-sido-una-pretemporada-muy-larga-que-nos-ha-servido-de-mucho-para-el-inminente-inicio-de-liga-frente-al-real-jaen\/"]}]},{"@type":"ImageObject","inLanguage":"es","@id":"https:\/\/arealorcaradio.es\/index.php\/2025\/09\/02\/sebas-lopez-ha-sido-una-pretemporada-muy-larga-que-nos-ha-servido-de-mucho-para-el-inminente-inicio-de-liga-frente-al-real-jaen\/#primaryimage","url":"https:\/\/arealorcaradio.es\/wp-content\/uploads\/2025\/09\/IMG-20250902-WA0011.jpg","contentUrl":"https:\/\/arealorcaradio.es\/wp-content\/uploads\/2025\/09\/IMG-20250902-WA0011.jpg","width":1920,"height":1280},{"@type":"BreadcrumbList","@id":"https:\/\/arealorcaradio.es\/index.php\/2025\/09\/02\/sebas-lopez-ha-sido-una-pretemporada-muy-larga-que-nos-ha-servido-de-mucho-para-el-inminente-inicio-de-liga-frente-al-real-jaen\/#breadcrumb","itemListElement":[{"@type":"ListItem","position":1,"name":"Portada","item":"https:\/\/arealorcaradio.es\/"},{"@type":"ListItem","position":2,"name":"Sebas L\u00f3pez: \u00abHa sido una pretemporada muy larga que nos ha servido de mucho para el inminente inicio de liga frente al Real Ja\u00e9n\u00bb"}]},{"@type":"WebSite","@id":"https:\/\/arealorcaradio.es\/#website","url":"https:\/\/arealorcaradio.es\/","name":"AREA LORCA RADIO","description":"Descubre la programaci\u00f3n actual en \u00c1rea Lorca Radio, tu fuente de entrenamiento y noticias locales. Sintoniza ahora y mantente conectado online.","potentialAction":[{"@type":"SearchAction","target":{"@type":"EntryPoint","urlTemplate":"https:\/\/arealorcaradio.es\/?s={search_term_string}"},"query-input":{"@type":"PropertyValueSpecification","valueRequired":true,"valueName":"search_term_string"}}],"inLanguage":"es"},{"@type":"Person","@id":"https:\/\/arealorcaradio.es\/#\/schema\/person\/9fae605fc25b0f2c83c1ab207139bd27","name":"Paco S\u00e1nchez","image":{"@type":"ImageObject","inLanguage":"es","@id":"https:\/\/secure.gravatar.com\/avatar\/d67144e966420fb74aa84c9f2a0103be4724fd14db52b52d3b6bca749f257e79?s=96&d=mm&r=g","url":"https:\/\/secure.gravatar.com\/avatar\/d67144e966420fb74aa84c9f2a0103be4724fd14db52b52d3b6bca749f257e79?s=96&d=mm&r=g","contentUrl":"https:\/\/secure.gravatar.com\/avatar\/d67144e966420fb74aa84c9f2a0103be4724fd14db52b52d3b6bca749f257e79?s=96&d=mm&r=g","caption":"Paco S\u00e1nchez"},"sameAs":["https:\/\/arealorcaradio.es"],"url":"https:\/\/arealorcaradio.es\/index.php\/author\/admin_alorcaradio\/"}]}},"_links":{"self":[{"href":"https:\/\/arealorcaradio.es\/index.php\/wp-json\/wp\/v2\/posts\/7633","targetHints":{"allow":["GET"]}}],"collection":[{"href":"https:\/\/arealorcaradio.es\/index.php\/wp-json\/wp\/v2\/posts"}],"about":[{"href":"https:\/\/arealorcaradio.es\/index.php\/wp-json\/wp\/v2\/types\/post"}],"author":[{"embeddable":true,"href":"https:\/\/arealorcaradio.es\/index.php\/wp-json\/wp\/v2\/users\/1"}],"replies":[{"embeddable":true,"href":"https:\/\/arealorcaradio.es\/index.php\/wp-json\/wp\/v2\/comments?post=7633"}],"version-history":[{"count":2,"href":"https:\/\/arealorcaradio.es\/index.php\/wp-json\/wp\/v2\/posts\/7633\/revisions"}],"predecessor-version":[{"id":7638,"href":"https:\/\/arealorcaradio.es\/index.php\/wp-json\/wp\/v2\/posts\/7633\/revisions\/7638"}],"wp:featuredmedia":[{"embeddable":true,"href":"https:\/\/arealorcaradio.es\/index.php\/wp-json\/wp\/v2\/media\/7635"}],"wp:attachment":[{"href":"https:\/\/arealorcaradio.es\/index.php\/wp-json\/wp\/v2\/media?parent=7633"}],"wp:term":[{"taxonomy":"category","embeddable":true,"href":"https:\/\/arealorcaradio.es\/index.php\/wp-json\/wp\/v2\/categories?post=7633"},{"taxonomy":"post_tag","embeddable":true,"href":"https:\/\/arealorcaradio.es\/index.php\/wp-json\/wp\/v2\/tags?post=7633"}],"curies":[{"name":"wp","href":"https:\/\/api.w.org\/{rel}","templated":true}]}}