{"id":7624,"date":"2025-09-01T14:09:09","date_gmt":"2025-09-01T14:09:09","guid":{"rendered":"https:\/\/arealorcaradio.es\/?p=7624"},"modified":"2025-09-01T14:09:09","modified_gmt":"2025-09-01T14:09:09","slug":"el-alcalde-de-lorca-presenta-una-nueva-mejora-de-medios-y-recursos-para-patrullaje-y-vigilancia-de-policia-local-que-supera-los-300-000e-de-inversion","status":"publish","type":"post","link":"https:\/\/arealorcaradio.es\/index.php\/2025\/09\/01\/el-alcalde-de-lorca-presenta-una-nueva-mejora-de-medios-y-recursos-para-patrullaje-y-vigilancia-de-policia-local-que-supera-los-300-000e-de-inversion\/","title":{"rendered":"El alcalde de Lorca presenta una nueva mejora de medios y recursos para patrullaje y vigilancia de Polic\u00eda Local que supera los 300.000\u20ac de inversi\u00f3n"},"content":{"rendered":"<p><strong>\u00c1REA LORCA RADIO. Seguridad Ciudadana.<\/strong><\/p>\n<p class=\"v1MsoNormal\"><b>Lorca, 1 de septiembre de 2025<\/b>. El alcalde de Lorca, Fulgencio Gil, ha manifestado que desde el Gobierno de Lorca subrayamos nuestro compromiso para ampliar la dotaci\u00f3n en materia de equipamiento y efectivos de nuestra Polic\u00eda Local. Dentro de las posibilidades de nuestro Ayuntamiento, y con los injustos l\u00edmites que se nos imponen por parte del Gobierno central, estamos consiguiendo un cuerpo de Polic\u00eda Local con m\u00e1s y mejores medios, incrementando tambi\u00e9n el n\u00famero de agentes que patrullan nuestras calles, nuestros barrios y tambi\u00e9n las pedan\u00edas.<\/p>\n<p class=\"v1MsoNormal\">\u00abEs un hecho que el Ayuntamiento se est\u00e1 viendo obligado a asumir y prestar competencias que realmente deber\u00eda realizar el Gobierno central. La m\u00e1s evidente es la seguridad ciudadana, que, aun siendo una competencia exclusiva ajena al Consistorio Municipal, en la pr\u00e1ctica la estamos teniendo que afrontar los lorquinos\u00bb.<\/p>\n<p class=\"v1MsoNormal\">\n<p class=\"v1MsoNormal\">\u00abQueremos subrayar, en este sentido, el trabajo y el esfuerzo que llevan a cabo los agentes de Polic\u00eda Nacional y Guardia Civil, que se est\u00e1n dejando la piel por garantizar la cobertura de seguridad en nuestro t\u00e9rmino municipal, ante la evidente insuficiencia de las plantillas de ambos cuerpos. Es una realidad que Lorca necesita m\u00e1s agentes del orden y que el esfuerzo que estamos realizando desde el Ayuntamiento en nuestra Polic\u00eda Local tambi\u00e9n tendr\u00eda que contar con una inversi\u00f3n gemela y paralela por parte del Ministerio del Interior. Como se suele decir, estamos &#8216;arrimando el hombro&#8217;, pero necesitamos que el ejecutivo central haga lo mismo\u00bb.<\/p>\n<p class=\"v1MsoNormal\">Fulgencio Gil ha explicado que las nuevas inversiones del Ayuntamiento en este \u00e1mbito de gesti\u00f3n permiten a la Polic\u00eda Local disponer de una serie de ocho veh\u00edculos, distribuidos de la siguiente forma:<\/p>\n<p class=\"v1gmail-MsoListParagraph\">Cuatro autom\u00f3viles tipo SUV, adquiridos en propiedad por parte del Consistorio Municipal, seleccionados t\u00e9cnicamente por su demostrada polivalencia de cara al desarrollo de los diferentes servicios de patrullaje, tanto en casco urbano como en pedan\u00edas. Se trata de veh\u00edculos h\u00edbridos de la marca Toyota, modelo Rav 4, equipados con un motor de gasolina de 2.500 cc y otro el\u00e9ctrico que permite una sensible reducci\u00f3n de combustible, rebaja emisiones contaminantes y se caracterizan por su eficiencia energ\u00e9tica. El sistema permite recargar la bater\u00eda de forma autom\u00e1tica y funcionar en modo el\u00e9ctrico para optimizar el consumo. Desarrolla una potencia de 220 cv con un consumo de apenas 5,7 litros a los 100 km. Estamos hablando de veh\u00edculos de bajas emisiones con etiqueta ambiental \u00abeco\u00bb de la Direcci\u00f3n General de Tr\u00e1fico.<\/p>\n<p class=\"v1gmail-MsoListParagraph\"><img loading=\"lazy\" decoding=\"async\" class=\"alignnone size-medium wp-image-7627\" src=\"https:\/\/arealorcaradio.es\/wp-content\/uploads\/2025\/09\/foto3-33-1-300x225.jpeg\" alt=\"\" width=\"300\" height=\"225\" srcset=\"https:\/\/arealorcaradio.es\/wp-content\/uploads\/2025\/09\/foto3-33-1-300x225.jpeg 300w, https:\/\/arealorcaradio.es\/wp-content\/uploads\/2025\/09\/foto3-33-1-1024x768.jpeg 1024w, https:\/\/arealorcaradio.es\/wp-content\/uploads\/2025\/09\/foto3-33-1-768x576.jpeg 768w, https:\/\/arealorcaradio.es\/wp-content\/uploads\/2025\/09\/foto3-33-1-1536x1152.jpeg 1536w, https:\/\/arealorcaradio.es\/wp-content\/uploads\/2025\/09\/foto3-33-1-86x64.jpeg 86w, https:\/\/arealorcaradio.es\/wp-content\/uploads\/2025\/09\/foto3-33-1.jpeg 1600w\" sizes=\"auto, (max-width: 300px) 100vw, 300px\" \/> <img loading=\"lazy\" decoding=\"async\" class=\"alignnone size-medium wp-image-7628\" src=\"https:\/\/arealorcaradio.es\/wp-content\/uploads\/2025\/09\/foto1-51-300x225.jpeg\" alt=\"\" width=\"300\" height=\"225\" srcset=\"https:\/\/arealorcaradio.es\/wp-content\/uploads\/2025\/09\/foto1-51-300x225.jpeg 300w, https:\/\/arealorcaradio.es\/wp-content\/uploads\/2025\/09\/foto1-51-1024x768.jpeg 1024w, https:\/\/arealorcaradio.es\/wp-content\/uploads\/2025\/09\/foto1-51-768x576.jpeg 768w, https:\/\/arealorcaradio.es\/wp-content\/uploads\/2025\/09\/foto1-51-1536x1152.jpeg 1536w, https:\/\/arealorcaradio.es\/wp-content\/uploads\/2025\/09\/foto1-51-86x64.jpeg 86w, https:\/\/arealorcaradio.es\/wp-content\/uploads\/2025\/09\/foto1-51.jpeg 1600w\" sizes=\"auto, (max-width: 300px) 100vw, 300px\" \/><\/p>\n<p class=\"v1gmail-MsoListParagraph\">\u00fc\u00a0\u00a0Un veh\u00edculo tipo Pick-up, de la marca Ford, modelo Ranger, tambi\u00e9n h\u00edbrido como los cuatro anteriores, que combina un motor de gasolina de 2.300 cc con un motor el\u00e9ctrico de 75 kw y una bater\u00eda de 11.8 kwh. Desarrolla una potencia de 281 cv, con capacidad de remolque de hasta 3.500 kg y una autonom\u00eda de 50 km en modo el\u00e9ctrico. Incorpora un sistema pro \u00abpower on board\u00bb que permite usar el veh\u00edculo como fuente de energ\u00eda para herramientas y equipos de trabajo. Cuenta con la etiqueta ambiental \u00abcero emisiones\u00bb de lo que permite una circulaci\u00f3n aut\u00f3noma sin consumo de combustible. Cabe destacar que nuestra Polic\u00eda Local cuenta con este nuevo veh\u00edculo gracias a la subvenci\u00f3n concedida al efecto por parte del Gobierno regional. Estos veh\u00edculos ya est\u00e1n siendo equipados con los sistemas y recursos policiales para entrar en servicio pr\u00f3ximamente.<\/p>\n<p class=\"v1gmail-MsoListParagraph\">Dos motocicletas marca Honda, modelo NX500, tipo Trail, de 500 cc, Equipadas con kit policial (luces prioritarias y sirenas policiales). Destinadas a la unidad de tr\u00e1fico y movilidad GOTM.<\/p>\n<p class=\"v1gmail-MsoListParagraph\">Furgoneta marca Renault, modelo &#8216;Master&#8217; destinada al servicio de se\u00f1alizaci\u00f3n vial.<\/p>\n<p class=\"v1MsoNormal\"><b>Nuevos drones con c\u00e1mara t\u00e9rmica para vigilar casco urbano y pedan\u00edas<\/b><\/p>\n<p class=\"v1MsoNormal\">Fulgencio Gil ha informado, adem\u00e1s, del refuerzo de la Unidad de Drones de la Polic\u00eda Local con un nuevo equipo dotado de c\u00e1mara t\u00e9rmica, DJI Matrice 4 Thermal, que se suma a la adquisici\u00f3n del Mavic 3 Enterprise Thermal, con el que ya se han logrado resultados muy relevantes, entre ellos la detenci\u00f3n de varios autores de delitos contra el patrimonio gracias a la capacidad de detecci\u00f3n que ofrecen las c\u00e1maras en condiciones de baja visibilidad o en zonas de dif\u00edcil acceso que poseen.<\/p>\n<p class=\"v1MsoNormal\"><img loading=\"lazy\" decoding=\"async\" class=\"alignnone size-medium wp-image-7629\" src=\"https:\/\/arealorcaradio.es\/wp-content\/uploads\/2025\/09\/foto4-23-300x225.jpeg\" alt=\"\" width=\"300\" height=\"225\" srcset=\"https:\/\/arealorcaradio.es\/wp-content\/uploads\/2025\/09\/foto4-23-300x225.jpeg 300w, https:\/\/arealorcaradio.es\/wp-content\/uploads\/2025\/09\/foto4-23-1024x768.jpeg 1024w, https:\/\/arealorcaradio.es\/wp-content\/uploads\/2025\/09\/foto4-23-768x576.jpeg 768w, https:\/\/arealorcaradio.es\/wp-content\/uploads\/2025\/09\/foto4-23-1536x1152.jpeg 1536w, https:\/\/arealorcaradio.es\/wp-content\/uploads\/2025\/09\/foto4-23-86x64.jpeg 86w, https:\/\/arealorcaradio.es\/wp-content\/uploads\/2025\/09\/foto4-23.jpeg 1600w\" sizes=\"auto, (max-width: 300px) 100vw, 300px\" \/> <img loading=\"lazy\" decoding=\"async\" class=\"alignnone size-medium wp-image-7630\" src=\"https:\/\/arealorcaradio.es\/wp-content\/uploads\/2025\/09\/foto5-9-300x225.jpeg\" alt=\"\" width=\"300\" height=\"225\" srcset=\"https:\/\/arealorcaradio.es\/wp-content\/uploads\/2025\/09\/foto5-9-300x225.jpeg 300w, https:\/\/arealorcaradio.es\/wp-content\/uploads\/2025\/09\/foto5-9-1024x768.jpeg 1024w, https:\/\/arealorcaradio.es\/wp-content\/uploads\/2025\/09\/foto5-9-768x576.jpeg 768w, https:\/\/arealorcaradio.es\/wp-content\/uploads\/2025\/09\/foto5-9-1536x1152.jpeg 1536w, https:\/\/arealorcaradio.es\/wp-content\/uploads\/2025\/09\/foto5-9-86x64.jpeg 86w, https:\/\/arealorcaradio.es\/wp-content\/uploads\/2025\/09\/foto5-9.jpeg 1600w\" sizes=\"auto, (max-width: 300px) 100vw, 300px\" \/><\/p>\n<p class=\"v1MsoNormal\">De esta forma, \u00abavanzamos en la modernizaci\u00f3n de los medios tecnol\u00f3gicos de nuestra Polic\u00eda, con la incorporaci\u00f3n de un dispositivo de \u00faltima generaci\u00f3n dise\u00f1ado espec\u00edficamente para funciones de seguridad y apoyo a las Fuerzas y Cuerpos de Seguridad\u00bb, ha incidido Gil J\u00f3dar.<\/p>\n<p class=\"v1MsoNormal\">\u00abCon estos nuevos drones con c\u00e1mara t\u00e9rmica, sumamos un total de 4 dispositivos a la Polic\u00eda Local de Lorca, consolidando su Unidad de Drones como una de las m\u00e1s innovadoras de la Regi\u00f3n de Murcia, reafirmando su compromiso con la seguridad ciudadana, la prevenci\u00f3n del delito y la r\u00e1pida respuesta ante emergencias\u00bb.<\/p>\n<p class=\"v1MsoNormal\">Este nuevo dron aporta un salto cualitativo al trabajo de la Unidad de Drones, gracias a sus avanzadas prestaciones como:<\/p>\n<p class=\"v1MsoNormal\">C\u00e1mara t\u00e9rmica dual de alta resoluci\u00f3n, capaz de detectar personas, animales y focos de calor en rescates nocturnos, desapariciones o entornos de escasa visibilidad.<\/p>\n<p class=\"v1MsoNormal\">C\u00e1mara visual con zoom \u00f3ptico y digital de largo alcance, que complementa la visi\u00f3n t\u00e9rmica y permite realizar reconocimientos precisos desde gran altura.<\/p>\n<p class=\"v1MsoNormal\">Autonom\u00eda de vuelo superior a los 40 minutos, lo que garantiza intervenciones prolongadas sin interrupciones por cambios de bater\u00eda.<\/p>\n<p class=\"v1gmail-MsoListParagraph\">Resistencia a condiciones meteorol\u00f3gicas adversas, permitiendo su despliegue en emergencias como incendios, inundaciones o cat\u00e1strofes naturales.<\/p>\n<p class=\"v1gmail-MsoListParagraph\">Versatilidad de uso, con aplicaciones en vigilancia urbana y rural, apoyo en grandes eventos, inspecci\u00f3n de edificaciones, prevenci\u00f3n de delitos y colaboraci\u00f3n con operativos de Protecci\u00f3n Civil y Emergencias.<\/p>\n","protected":false},"excerpt":{"rendered":"<p>\u00c1REA LORCA RADIO. Seguridad Ciudadana. Lorca, 1 de septiembre de 2025. El alcalde de Lorca, Fulgencio Gil, ha manifestado que desde el Gobierno de Lorca subrayamos nuestro compromiso para ampliar la dotaci\u00f3n en materia de equipamiento y efectivos de nuestra Polic\u00eda Local. Dentro de las posibilidades de nuestro Ayuntamiento, y con los injustos l\u00edmites que [&hellip;]<\/p>\n","protected":false},"author":1,"featured_media":7631,"comment_status":"open","ping_status":"open","sticky":false,"template":"","format":"standard","meta":{"iawp_total_views":11,"footnotes":""},"categories":[5,7],"tags":[],"class_list":["post-7624","post","type-post","status-publish","format-standard","has-post-thumbnail","hentry","category-actualidad","category-lorca"],"yoast_head":"<!-- This site is optimized with the Yoast SEO plugin v27.4 - https:\/\/yoast.com\/product\/yoast-seo-wordpress\/ -->\n<title>El alcalde de Lorca presenta una nueva mejora de medios y recursos para patrullaje y vigilancia de Polic\u00eda Local que supera los 300.000\u20ac de inversi\u00f3n - AREA LORCA RADIO<\/title>\n<meta name=\"robots\" content=\"index, follow, max-snippet:-1, max-image-preview:large, max-video-preview:-1\" \/>\n<link rel=\"canonical\" href=\"https:\/\/arealorcaradio.es\/index.php\/2025\/09\/01\/el-alcalde-de-lorca-presenta-una-nueva-mejora-de-medios-y-recursos-para-patrullaje-y-vigilancia-de-policia-local-que-supera-los-300-000e-de-inversion\/\" \/>\n<meta property=\"og:locale\" content=\"es_ES\" \/>\n<meta property=\"og:type\" content=\"article\" \/>\n<meta property=\"og:title\" content=\"El alcalde de Lorca presenta una nueva mejora de medios y recursos para patrullaje y vigilancia de Polic\u00eda Local que supera los 300.000\u20ac de inversi\u00f3n - AREA LORCA RADIO\" \/>\n<meta property=\"og:description\" content=\"\u00c1REA LORCA RADIO. Seguridad Ciudadana. Lorca, 1 de septiembre de 2025. El alcalde de Lorca, Fulgencio Gil, ha manifestado que desde el Gobierno de Lorca subrayamos nuestro compromiso para ampliar la dotaci\u00f3n en materia de equipamiento y efectivos de nuestra Polic\u00eda Local. Dentro de las posibilidades de nuestro Ayuntamiento, y con los injustos l\u00edmites que [&hellip;]\" \/>\n<meta property=\"og:url\" content=\"https:\/\/arealorcaradio.es\/index.php\/2025\/09\/01\/el-alcalde-de-lorca-presenta-una-nueva-mejora-de-medios-y-recursos-para-patrullaje-y-vigilancia-de-policia-local-que-supera-los-300-000e-de-inversion\/\" \/>\n<meta property=\"og:site_name\" content=\"AREA LORCA RADIO\" \/>\n<meta property=\"article:published_time\" content=\"2025-09-01T14:09:09+00:00\" \/>\n<meta property=\"og:image\" content=\"https:\/\/arealorcaradio.es\/wp-content\/uploads\/2025\/09\/foto2-32.jpeg\" \/>\n\t<meta property=\"og:image:width\" content=\"1600\" \/>\n\t<meta property=\"og:image:height\" content=\"1200\" \/>\n\t<meta property=\"og:image:type\" content=\"image\/jpeg\" \/>\n<meta name=\"author\" content=\"Paco S\u00e1nchez\" \/>\n<meta name=\"twitter:card\" content=\"summary_large_image\" \/>\n<meta name=\"twitter:label1\" content=\"Escrito por\" \/>\n\t<meta name=\"twitter:data1\" content=\"Paco S\u00e1nchez\" \/>\n\t<meta name=\"twitter:label2\" content=\"Tiempo de lectura\" \/>\n\t<meta name=\"twitter:data2\" content=\"6 minutos\" \/>\n<script type=\"application\/ld+json\" class=\"yoast-schema-graph\">{\"@context\":\"https:\\\/\\\/schema.org\",\"@graph\":[{\"@type\":\"Article\",\"@id\":\"https:\\\/\\\/arealorcaradio.es\\\/index.php\\\/2025\\\/09\\\/01\\\/el-alcalde-de-lorca-presenta-una-nueva-mejora-de-medios-y-recursos-para-patrullaje-y-vigilancia-de-policia-local-que-supera-los-300-000e-de-inversion\\\/#article\",\"isPartOf\":{\"@id\":\"https:\\\/\\\/arealorcaradio.es\\\/index.php\\\/2025\\\/09\\\/01\\\/el-alcalde-de-lorca-presenta-una-nueva-mejora-de-medios-y-recursos-para-patrullaje-y-vigilancia-de-policia-local-que-supera-los-300-000e-de-inversion\\\/\"},\"author\":{\"name\":\"Paco S\u00e1nchez\",\"@id\":\"https:\\\/\\\/arealorcaradio.es\\\/#\\\/schema\\\/person\\\/9fae605fc25b0f2c83c1ab207139bd27\"},\"headline\":\"El alcalde de Lorca presenta una nueva mejora de medios y recursos para patrullaje y vigilancia de Polic\u00eda Local que supera los 300.000\u20ac de inversi\u00f3n\",\"datePublished\":\"2025-09-01T14:09:09+00:00\",\"mainEntityOfPage\":{\"@id\":\"https:\\\/\\\/arealorcaradio.es\\\/index.php\\\/2025\\\/09\\\/01\\\/el-alcalde-de-lorca-presenta-una-nueva-mejora-de-medios-y-recursos-para-patrullaje-y-vigilancia-de-policia-local-que-supera-los-300-000e-de-inversion\\\/\"},\"wordCount\":1012,\"commentCount\":0,\"image\":{\"@id\":\"https:\\\/\\\/arealorcaradio.es\\\/index.php\\\/2025\\\/09\\\/01\\\/el-alcalde-de-lorca-presenta-una-nueva-mejora-de-medios-y-recursos-para-patrullaje-y-vigilancia-de-policia-local-que-supera-los-300-000e-de-inversion\\\/#primaryimage\"},\"thumbnailUrl\":\"https:\\\/\\\/arealorcaradio.es\\\/wp-content\\\/uploads\\\/2025\\\/09\\\/foto2-32.jpeg\",\"articleSection\":[\"ACTUALIDAD\",\"LORCA\"],\"inLanguage\":\"es\",\"potentialAction\":[{\"@type\":\"CommentAction\",\"name\":\"Comment\",\"target\":[\"https:\\\/\\\/arealorcaradio.es\\\/index.php\\\/2025\\\/09\\\/01\\\/el-alcalde-de-lorca-presenta-una-nueva-mejora-de-medios-y-recursos-para-patrullaje-y-vigilancia-de-policia-local-que-supera-los-300-000e-de-inversion\\\/#respond\"]}]},{\"@type\":\"WebPage\",\"@id\":\"https:\\\/\\\/arealorcaradio.es\\\/index.php\\\/2025\\\/09\\\/01\\\/el-alcalde-de-lorca-presenta-una-nueva-mejora-de-medios-y-recursos-para-patrullaje-y-vigilancia-de-policia-local-que-supera-los-300-000e-de-inversion\\\/\",\"url\":\"https:\\\/\\\/arealorcaradio.es\\\/index.php\\\/2025\\\/09\\\/01\\\/el-alcalde-de-lorca-presenta-una-nueva-mejora-de-medios-y-recursos-para-patrullaje-y-vigilancia-de-policia-local-que-supera-los-300-000e-de-inversion\\\/\",\"name\":\"El alcalde de Lorca presenta una nueva mejora de medios y recursos para patrullaje y vigilancia de Polic\u00eda Local que supera los 300.000\u20ac de inversi\u00f3n - AREA LORCA RADIO\",\"isPartOf\":{\"@id\":\"https:\\\/\\\/arealorcaradio.es\\\/#website\"},\"primaryImageOfPage\":{\"@id\":\"https:\\\/\\\/arealorcaradio.es\\\/index.php\\\/2025\\\/09\\\/01\\\/el-alcalde-de-lorca-presenta-una-nueva-mejora-de-medios-y-recursos-para-patrullaje-y-vigilancia-de-policia-local-que-supera-los-300-000e-de-inversion\\\/#primaryimage\"},\"image\":{\"@id\":\"https:\\\/\\\/arealorcaradio.es\\\/index.php\\\/2025\\\/09\\\/01\\\/el-alcalde-de-lorca-presenta-una-nueva-mejora-de-medios-y-recursos-para-patrullaje-y-vigilancia-de-policia-local-que-supera-los-300-000e-de-inversion\\\/#primaryimage\"},\"thumbnailUrl\":\"https:\\\/\\\/arealorcaradio.es\\\/wp-content\\\/uploads\\\/2025\\\/09\\\/foto2-32.jpeg\",\"datePublished\":\"2025-09-01T14:09:09+00:00\",\"author\":{\"@id\":\"https:\\\/\\\/arealorcaradio.es\\\/#\\\/schema\\\/person\\\/9fae605fc25b0f2c83c1ab207139bd27\"},\"breadcrumb\":{\"@id\":\"https:\\\/\\\/arealorcaradio.es\\\/index.php\\\/2025\\\/09\\\/01\\\/el-alcalde-de-lorca-presenta-una-nueva-mejora-de-medios-y-recursos-para-patrullaje-y-vigilancia-de-policia-local-que-supera-los-300-000e-de-inversion\\\/#breadcrumb\"},\"inLanguage\":\"es\",\"potentialAction\":[{\"@type\":\"ReadAction\",\"target\":[\"https:\\\/\\\/arealorcaradio.es\\\/index.php\\\/2025\\\/09\\\/01\\\/el-alcalde-de-lorca-presenta-una-nueva-mejora-de-medios-y-recursos-para-patrullaje-y-vigilancia-de-policia-local-que-supera-los-300-000e-de-inversion\\\/\"]}]},{\"@type\":\"ImageObject\",\"inLanguage\":\"es\",\"@id\":\"https:\\\/\\\/arealorcaradio.es\\\/index.php\\\/2025\\\/09\\\/01\\\/el-alcalde-de-lorca-presenta-una-nueva-mejora-de-medios-y-recursos-para-patrullaje-y-vigilancia-de-policia-local-que-supera-los-300-000e-de-inversion\\\/#primaryimage\",\"url\":\"https:\\\/\\\/arealorcaradio.es\\\/wp-content\\\/uploads\\\/2025\\\/09\\\/foto2-32.jpeg\",\"contentUrl\":\"https:\\\/\\\/arealorcaradio.es\\\/wp-content\\\/uploads\\\/2025\\\/09\\\/foto2-32.jpeg\",\"width\":1600,\"height\":1200},{\"@type\":\"BreadcrumbList\",\"@id\":\"https:\\\/\\\/arealorcaradio.es\\\/index.php\\\/2025\\\/09\\\/01\\\/el-alcalde-de-lorca-presenta-una-nueva-mejora-de-medios-y-recursos-para-patrullaje-y-vigilancia-de-policia-local-que-supera-los-300-000e-de-inversion\\\/#breadcrumb\",\"itemListElement\":[{\"@type\":\"ListItem\",\"position\":1,\"name\":\"Portada\",\"item\":\"https:\\\/\\\/arealorcaradio.es\\\/\"},{\"@type\":\"ListItem\",\"position\":2,\"name\":\"El alcalde de Lorca presenta una nueva mejora de medios y recursos para patrullaje y vigilancia de Polic\u00eda Local que supera los 300.000\u20ac de inversi\u00f3n\"}]},{\"@type\":\"WebSite\",\"@id\":\"https:\\\/\\\/arealorcaradio.es\\\/#website\",\"url\":\"https:\\\/\\\/arealorcaradio.es\\\/\",\"name\":\"AREA LORCA RADIO\",\"description\":\"Descubre la programaci\u00f3n actual en \u00c1rea Lorca Radio, tu fuente de entrenamiento y noticias locales. Sintoniza ahora y mantente conectado online.\",\"potentialAction\":[{\"@type\":\"SearchAction\",\"target\":{\"@type\":\"EntryPoint\",\"urlTemplate\":\"https:\\\/\\\/arealorcaradio.es\\\/?s={search_term_string}\"},\"query-input\":{\"@type\":\"PropertyValueSpecification\",\"valueRequired\":true,\"valueName\":\"search_term_string\"}}],\"inLanguage\":\"es\"},{\"@type\":\"Person\",\"@id\":\"https:\\\/\\\/arealorcaradio.es\\\/#\\\/schema\\\/person\\\/9fae605fc25b0f2c83c1ab207139bd27\",\"name\":\"Paco S\u00e1nchez\",\"image\":{\"@type\":\"ImageObject\",\"inLanguage\":\"es\",\"@id\":\"https:\\\/\\\/secure.gravatar.com\\\/avatar\\\/d67144e966420fb74aa84c9f2a0103be4724fd14db52b52d3b6bca749f257e79?s=96&d=mm&r=g\",\"url\":\"https:\\\/\\\/secure.gravatar.com\\\/avatar\\\/d67144e966420fb74aa84c9f2a0103be4724fd14db52b52d3b6bca749f257e79?s=96&d=mm&r=g\",\"contentUrl\":\"https:\\\/\\\/secure.gravatar.com\\\/avatar\\\/d67144e966420fb74aa84c9f2a0103be4724fd14db52b52d3b6bca749f257e79?s=96&d=mm&r=g\",\"caption\":\"Paco S\u00e1nchez\"},\"sameAs\":[\"https:\\\/\\\/arealorcaradio.es\"],\"url\":\"https:\\\/\\\/arealorcaradio.es\\\/index.php\\\/author\\\/admin_alorcaradio\\\/\"}]}<\/script>\n<!-- \/ Yoast SEO plugin. -->","yoast_head_json":{"title":"El alcalde de Lorca presenta una nueva mejora de medios y recursos para patrullaje y vigilancia de Polic\u00eda Local que supera los 300.000\u20ac de inversi\u00f3n - AREA LORCA RADIO","robots":{"index":"index","follow":"follow","max-snippet":"max-snippet:-1","max-image-preview":"max-image-preview:large","max-video-preview":"max-video-preview:-1"},"canonical":"https:\/\/arealorcaradio.es\/index.php\/2025\/09\/01\/el-alcalde-de-lorca-presenta-una-nueva-mejora-de-medios-y-recursos-para-patrullaje-y-vigilancia-de-policia-local-que-supera-los-300-000e-de-inversion\/","og_locale":"es_ES","og_type":"article","og_title":"El alcalde de Lorca presenta una nueva mejora de medios y recursos para patrullaje y vigilancia de Polic\u00eda Local que supera los 300.000\u20ac de inversi\u00f3n - AREA LORCA RADIO","og_description":"\u00c1REA LORCA RADIO. Seguridad Ciudadana. Lorca, 1 de septiembre de 2025. El alcalde de Lorca, Fulgencio Gil, ha manifestado que desde el Gobierno de Lorca subrayamos nuestro compromiso para ampliar la dotaci\u00f3n en materia de equipamiento y efectivos de nuestra Polic\u00eda Local. Dentro de las posibilidades de nuestro Ayuntamiento, y con los injustos l\u00edmites que [&hellip;]","og_url":"https:\/\/arealorcaradio.es\/index.php\/2025\/09\/01\/el-alcalde-de-lorca-presenta-una-nueva-mejora-de-medios-y-recursos-para-patrullaje-y-vigilancia-de-policia-local-que-supera-los-300-000e-de-inversion\/","og_site_name":"AREA LORCA RADIO","article_published_time":"2025-09-01T14:09:09+00:00","og_image":[{"width":1600,"height":1200,"url":"https:\/\/arealorcaradio.es\/wp-content\/uploads\/2025\/09\/foto2-32.jpeg","type":"image\/jpeg"}],"author":"Paco S\u00e1nchez","twitter_card":"summary_large_image","twitter_misc":{"Escrito por":"Paco S\u00e1nchez","Tiempo de lectura":"6 minutos"},"schema":{"@context":"https:\/\/schema.org","@graph":[{"@type":"Article","@id":"https:\/\/arealorcaradio.es\/index.php\/2025\/09\/01\/el-alcalde-de-lorca-presenta-una-nueva-mejora-de-medios-y-recursos-para-patrullaje-y-vigilancia-de-policia-local-que-supera-los-300-000e-de-inversion\/#article","isPartOf":{"@id":"https:\/\/arealorcaradio.es\/index.php\/2025\/09\/01\/el-alcalde-de-lorca-presenta-una-nueva-mejora-de-medios-y-recursos-para-patrullaje-y-vigilancia-de-policia-local-que-supera-los-300-000e-de-inversion\/"},"author":{"name":"Paco S\u00e1nchez","@id":"https:\/\/arealorcaradio.es\/#\/schema\/person\/9fae605fc25b0f2c83c1ab207139bd27"},"headline":"El alcalde de Lorca presenta una nueva mejora de medios y recursos para patrullaje y vigilancia de Polic\u00eda Local que supera los 300.000\u20ac de inversi\u00f3n","datePublished":"2025-09-01T14:09:09+00:00","mainEntityOfPage":{"@id":"https:\/\/arealorcaradio.es\/index.php\/2025\/09\/01\/el-alcalde-de-lorca-presenta-una-nueva-mejora-de-medios-y-recursos-para-patrullaje-y-vigilancia-de-policia-local-que-supera-los-300-000e-de-inversion\/"},"wordCount":1012,"commentCount":0,"image":{"@id":"https:\/\/arealorcaradio.es\/index.php\/2025\/09\/01\/el-alcalde-de-lorca-presenta-una-nueva-mejora-de-medios-y-recursos-para-patrullaje-y-vigilancia-de-policia-local-que-supera-los-300-000e-de-inversion\/#primaryimage"},"thumbnailUrl":"https:\/\/arealorcaradio.es\/wp-content\/uploads\/2025\/09\/foto2-32.jpeg","articleSection":["ACTUALIDAD","LORCA"],"inLanguage":"es","potentialAction":[{"@type":"CommentAction","name":"Comment","target":["https:\/\/arealorcaradio.es\/index.php\/2025\/09\/01\/el-alcalde-de-lorca-presenta-una-nueva-mejora-de-medios-y-recursos-para-patrullaje-y-vigilancia-de-policia-local-que-supera-los-300-000e-de-inversion\/#respond"]}]},{"@type":"WebPage","@id":"https:\/\/arealorcaradio.es\/index.php\/2025\/09\/01\/el-alcalde-de-lorca-presenta-una-nueva-mejora-de-medios-y-recursos-para-patrullaje-y-vigilancia-de-policia-local-que-supera-los-300-000e-de-inversion\/","url":"https:\/\/arealorcaradio.es\/index.php\/2025\/09\/01\/el-alcalde-de-lorca-presenta-una-nueva-mejora-de-medios-y-recursos-para-patrullaje-y-vigilancia-de-policia-local-que-supera-los-300-000e-de-inversion\/","name":"El alcalde de Lorca presenta una nueva mejora de medios y recursos para patrullaje y vigilancia de Polic\u00eda Local que supera los 300.000\u20ac de inversi\u00f3n - AREA LORCA RADIO","isPartOf":{"@id":"https:\/\/arealorcaradio.es\/#website"},"primaryImageOfPage":{"@id":"https:\/\/arealorcaradio.es\/index.php\/2025\/09\/01\/el-alcalde-de-lorca-presenta-una-nueva-mejora-de-medios-y-recursos-para-patrullaje-y-vigilancia-de-policia-local-que-supera-los-300-000e-de-inversion\/#primaryimage"},"image":{"@id":"https:\/\/arealorcaradio.es\/index.php\/2025\/09\/01\/el-alcalde-de-lorca-presenta-una-nueva-mejora-de-medios-y-recursos-para-patrullaje-y-vigilancia-de-policia-local-que-supera-los-300-000e-de-inversion\/#primaryimage"},"thumbnailUrl":"https:\/\/arealorcaradio.es\/wp-content\/uploads\/2025\/09\/foto2-32.jpeg","datePublished":"2025-09-01T14:09:09+00:00","author":{"@id":"https:\/\/arealorcaradio.es\/#\/schema\/person\/9fae605fc25b0f2c83c1ab207139bd27"},"breadcrumb":{"@id":"https:\/\/arealorcaradio.es\/index.php\/2025\/09\/01\/el-alcalde-de-lorca-presenta-una-nueva-mejora-de-medios-y-recursos-para-patrullaje-y-vigilancia-de-policia-local-que-supera-los-300-000e-de-inversion\/#breadcrumb"},"inLanguage":"es","potentialAction":[{"@type":"ReadAction","target":["https:\/\/arealorcaradio.es\/index.php\/2025\/09\/01\/el-alcalde-de-lorca-presenta-una-nueva-mejora-de-medios-y-recursos-para-patrullaje-y-vigilancia-de-policia-local-que-supera-los-300-000e-de-inversion\/"]}]},{"@type":"ImageObject","inLanguage":"es","@id":"https:\/\/arealorcaradio.es\/index.php\/2025\/09\/01\/el-alcalde-de-lorca-presenta-una-nueva-mejora-de-medios-y-recursos-para-patrullaje-y-vigilancia-de-policia-local-que-supera-los-300-000e-de-inversion\/#primaryimage","url":"https:\/\/arealorcaradio.es\/wp-content\/uploads\/2025\/09\/foto2-32.jpeg","contentUrl":"https:\/\/arealorcaradio.es\/wp-content\/uploads\/2025\/09\/foto2-32.jpeg","width":1600,"height":1200},{"@type":"BreadcrumbList","@id":"https:\/\/arealorcaradio.es\/index.php\/2025\/09\/01\/el-alcalde-de-lorca-presenta-una-nueva-mejora-de-medios-y-recursos-para-patrullaje-y-vigilancia-de-policia-local-que-supera-los-300-000e-de-inversion\/#breadcrumb","itemListElement":[{"@type":"ListItem","position":1,"name":"Portada","item":"https:\/\/arealorcaradio.es\/"},{"@type":"ListItem","position":2,"name":"El alcalde de Lorca presenta una nueva mejora de medios y recursos para patrullaje y vigilancia de Polic\u00eda Local que supera los 300.000\u20ac de inversi\u00f3n"}]},{"@type":"WebSite","@id":"https:\/\/arealorcaradio.es\/#website","url":"https:\/\/arealorcaradio.es\/","name":"AREA LORCA RADIO","description":"Descubre la programaci\u00f3n actual en \u00c1rea Lorca Radio, tu fuente de entrenamiento y noticias locales. Sintoniza ahora y mantente conectado online.","potentialAction":[{"@type":"SearchAction","target":{"@type":"EntryPoint","urlTemplate":"https:\/\/arealorcaradio.es\/?s={search_term_string}"},"query-input":{"@type":"PropertyValueSpecification","valueRequired":true,"valueName":"search_term_string"}}],"inLanguage":"es"},{"@type":"Person","@id":"https:\/\/arealorcaradio.es\/#\/schema\/person\/9fae605fc25b0f2c83c1ab207139bd27","name":"Paco S\u00e1nchez","image":{"@type":"ImageObject","inLanguage":"es","@id":"https:\/\/secure.gravatar.com\/avatar\/d67144e966420fb74aa84c9f2a0103be4724fd14db52b52d3b6bca749f257e79?s=96&d=mm&r=g","url":"https:\/\/secure.gravatar.com\/avatar\/d67144e966420fb74aa84c9f2a0103be4724fd14db52b52d3b6bca749f257e79?s=96&d=mm&r=g","contentUrl":"https:\/\/secure.gravatar.com\/avatar\/d67144e966420fb74aa84c9f2a0103be4724fd14db52b52d3b6bca749f257e79?s=96&d=mm&r=g","caption":"Paco S\u00e1nchez"},"sameAs":["https:\/\/arealorcaradio.es"],"url":"https:\/\/arealorcaradio.es\/index.php\/author\/admin_alorcaradio\/"}]}},"_links":{"self":[{"href":"https:\/\/arealorcaradio.es\/index.php\/wp-json\/wp\/v2\/posts\/7624","targetHints":{"allow":["GET"]}}],"collection":[{"href":"https:\/\/arealorcaradio.es\/index.php\/wp-json\/wp\/v2\/posts"}],"about":[{"href":"https:\/\/arealorcaradio.es\/index.php\/wp-json\/wp\/v2\/types\/post"}],"author":[{"embeddable":true,"href":"https:\/\/arealorcaradio.es\/index.php\/wp-json\/wp\/v2\/users\/1"}],"replies":[{"embeddable":true,"href":"https:\/\/arealorcaradio.es\/index.php\/wp-json\/wp\/v2\/comments?post=7624"}],"version-history":[{"count":2,"href":"https:\/\/arealorcaradio.es\/index.php\/wp-json\/wp\/v2\/posts\/7624\/revisions"}],"predecessor-version":[{"id":7632,"href":"https:\/\/arealorcaradio.es\/index.php\/wp-json\/wp\/v2\/posts\/7624\/revisions\/7632"}],"wp:featuredmedia":[{"embeddable":true,"href":"https:\/\/arealorcaradio.es\/index.php\/wp-json\/wp\/v2\/media\/7631"}],"wp:attachment":[{"href":"https:\/\/arealorcaradio.es\/index.php\/wp-json\/wp\/v2\/media?parent=7624"}],"wp:term":[{"taxonomy":"category","embeddable":true,"href":"https:\/\/arealorcaradio.es\/index.php\/wp-json\/wp\/v2\/categories?post=7624"},{"taxonomy":"post_tag","embeddable":true,"href":"https:\/\/arealorcaradio.es\/index.php\/wp-json\/wp\/v2\/tags?post=7624"}],"curies":[{"name":"wp","href":"https:\/\/api.w.org\/{rel}","templated":true}]}}