{"id":7617,"date":"2025-08-27T10:27:58","date_gmt":"2025-08-27T10:27:58","guid":{"rendered":"https:\/\/arealorcaradio.es\/?p=7617"},"modified":"2025-08-27T10:27:58","modified_gmt":"2025-08-27T10:27:58","slug":"mas-de-3-000-alumnos-lorquinos-de-educacion-primaria-e-s-o-bachillerato-y-fp-se-forman-en-prevencion-autoproteccion-e-intervencion-en-emergencias-y-catastrofes","status":"publish","type":"post","link":"https:\/\/arealorcaradio.es\/index.php\/2025\/08\/27\/mas-de-3-000-alumnos-lorquinos-de-educacion-primaria-e-s-o-bachillerato-y-fp-se-forman-en-prevencion-autoproteccion-e-intervencion-en-emergencias-y-catastrofes\/","title":{"rendered":"M\u00e1s de 3.000 alumnos lorquinos de Educaci\u00f3n Primaria, E.S.O., Bachillerato y FP se forman en prevenci\u00f3n, autoprotecci\u00f3n e intervenci\u00f3n en emergencias y cat\u00e1strofes"},"content":{"rendered":"<p><strong>\u00c1REA LORCA RADIO. Emergencias.<\/strong><\/p>\n<p class=\"v1MsoNormal\"><b><span lang=\"es\">Lorca, 27 de agosto de 2025.<\/span><\/b><span lang=\"es\">\u00a0Desde hace m\u00e1s de 20 a\u00f1os el Servicio de Emergencias del Ayuntamiento de Lorca colabora con otras instituciones y entidades de \u00e1mbito educativo y social, en la formaci\u00f3n destinada a mejorar las capacidades de autoprotecci\u00f3n y comportamiento ante emergencias y cat\u00e1strofes de los lorquinos.<\/span><\/p>\n<p class=\"v1MsoNormal\"><span lang=\"es\">En este periodo de tiempo se han formado alrededor de 20.000 alumnos y tambi\u00e9n profesorado de todos los niveles educativos no universitarios, as\u00ed como de otras entidades dedicadas a la formaci\u00f3n no reglada y a trabajadores de apoyo a personas vulnerables.<\/span><\/p>\n<p class=\"v1MsoNormal\"><span lang=\"es\">As\u00ed lo ha trasladado Jos\u00e9 Mart\u00ednez, edil de Emergencias, que ha rese\u00f1ado qu\u00e9 \u00abdesde la creaci\u00f3n de la Escuela P\u00fablica de Emergencias de Lorca (EPESLOR) en el a\u00f1o 2022, las acciones formativas de prevenci\u00f3n y autoprotecci\u00f3n se han intensificado especialmente entre el a\u00f1o 2023 y 2025 en centros educativos de Lorca, superando los 5.000 alumnos formados en este periodo\u00bb.<\/span><\/p>\n<p class=\"v1MsoNormal\"><span lang=\"es\"><img loading=\"lazy\" decoding=\"async\" class=\"alignnone size-medium wp-image-7618\" src=\"https:\/\/arealorcaradio.es\/wp-content\/uploads\/2025\/08\/foto2-31-300x225.jpeg\" alt=\"\" width=\"300\" height=\"225\" srcset=\"https:\/\/arealorcaradio.es\/wp-content\/uploads\/2025\/08\/foto2-31-300x225.jpeg 300w, https:\/\/arealorcaradio.es\/wp-content\/uploads\/2025\/08\/foto2-31-1024x768.jpeg 1024w, https:\/\/arealorcaradio.es\/wp-content\/uploads\/2025\/08\/foto2-31-768x576.jpeg 768w, https:\/\/arealorcaradio.es\/wp-content\/uploads\/2025\/08\/foto2-31-1536x1152.jpeg 1536w, https:\/\/arealorcaradio.es\/wp-content\/uploads\/2025\/08\/foto2-31-86x64.jpeg 86w, https:\/\/arealorcaradio.es\/wp-content\/uploads\/2025\/08\/foto2-31.jpeg 2048w\" sizes=\"auto, (max-width: 300px) 100vw, 300px\" \/>\u00a0<\/span><\/p>\n<p class=\"v1MsoNormal\"><span lang=\"es\">Concretamente, el balance de las acciones formativas desarrolladas el pasado curso 2024-2025 ha supuesto todo un \u00e9xito con m\u00e1s de 3.000 alumnos lorquinos de Educaci\u00f3n Primaria, E.S.O., Bachillerato y Formaci\u00f3n Profesional que se han formado en prevenci\u00f3n, autoprotecci\u00f3n e intervenci\u00f3n en emergencias y cat\u00e1strofes.<\/span><\/p>\n<p class=\"v1MsoNormal\"><span lang=\"es\">La campa\u00f1a ha supuesto: 110 acciones formativas, superando las 400 horas de docencia, incluyendo 71 acciones formativas sobre RCP, maniobra de Heimlich y alerta al 112; 27 sobre autoprotecci\u00f3n en situaciones de emergencia y cat\u00e1strofes; a las que hay que sumar 12 acciones formativas sobre prevenci\u00f3n de conductas suicidas.<\/span><\/p>\n<p class=\"v1MsoNormal\"><span lang=\"es\">Tras estos datos, y dado el\u00a0<i>expertise<\/i>\u00a0del municipio, el concejal de Emergencias ha trasladado que \u00abdesde el Ayuntamiento, ponemos a disposici\u00f3n de la Comunidad Aut\u00f3noma, la Escuela P\u00fablica de Emergencias de Lorca (EPESLOR) y la experiencia de su personal t\u00e9cnico docente para apoyar la elaboraci\u00f3n de contenidos y formaci\u00f3n en emergencias del profesorado a nivel regional, con el objetivo de facilitar la implantaci\u00f3n del plan de formaci\u00f3n en emergencias aprobado a nivel nacional que deber\u00e1 ser impartido en todos los centros educativos no universitarios en el curso 2025-2026\u00bb.<\/span><\/p>\n<p class=\"v1MsoNormal\"><span lang=\"es\">La Conferencia Sectorial de Educaci\u00f3n (Ministerio de Educaci\u00f3n y C.C.A.A.) aprob\u00f3 en junio de 2025 el Plan de Formaci\u00f3n ante Emergencias, coordinado por el Ministerio de Educaci\u00f3n y el Ministerio del Interior (a trav\u00e9s de Protecci\u00f3n Civil).<\/span><\/p>\n<p class=\"v1MsoNormal\"><span lang=\"es\">A partir del curso 2025-2026 todos los centros educativos de Espa\u00f1a incorporar\u00e1n de manera obligatoria la formaci\u00f3n en emergencias en los niveles de Infantil, Primaria, Formaci\u00f3n Profesional y Bachillerato. Esta formaci\u00f3n incluye conocimientos sobre:<\/span><\/p>\n<p class=\"v1MsoNormal\"><span lang=\"es\">\u25cf\u00a0\u00a0\u00a0\u00a0\u00a0\u00a0\u00a0\u00a0<\/span><span lang=\"es\">Autoprotecci\u00f3n y seguridad personal.<\/span><\/p>\n<p class=\"v1MsoNormal\"><span lang=\"es\">\u25cf\u00a0\u00a0\u00a0\u00a0\u00a0\u00a0\u00a0\u00a0<\/span><span lang=\"es\">Sistemas de alerta y actuaci\u00f3n ante emergencias (112 y otros).<\/span><\/p>\n<p class=\"v1MsoNormal\"><span lang=\"es\">\u25cf\u00a0\u00a0\u00a0\u00a0\u00a0\u00a0\u00a0\u00a0<\/span><span lang=\"es\">Prevenci\u00f3n de riesgos naturales y tecnol\u00f3gicos.<\/span><\/p>\n<p class=\"v1MsoNormal\"><span lang=\"es\">\u25cf\u00a0\u00a0\u00a0\u00a0\u00a0\u00a0\u00a0\u00a0<\/span><span lang=\"es\">Apoyo psicol\u00f3gico en situaciones de emergencia.<\/span><\/p>\n<p class=\"v1MsoNormal\"><span lang=\"es\">\u25cf\u00a0\u00a0\u00a0\u00a0\u00a0\u00a0\u00a0\u00a0<\/span><span lang=\"es\">Gesti\u00f3n de desinformaci\u00f3n y comunicaci\u00f3n segura en crisis.<\/span><\/p>\n<p class=\"v1MsoNormal\"><span lang=\"es\">Dicha formaci\u00f3n programada a nivel nacional es coincidente con la que al Escuela P\u00fablica de Emergencias de Lorca viene desarrollando anualmente en los centros educativos de Lorca, siendo impartida por un equipo de formadores coordinados por nuestro psic\u00f3logo especialista en emergencias y comunicaci\u00f3n que, forma parte de la plantilla del Servicio de Emergencias del Ayuntamiento de Lorca, cubriendo el equipo formativo de la EPESLOR, todos los \u00e1mbitos de conocimiento del Plan de Formaci\u00f3n en Emergencias establecido oficialmente a nivel nacional.<\/span><\/p>\n<p class=\"v1MsoNormal\"><span lang=\"es\">\u00abEn este sentido, y dada la experiencia de nuestros profesionales en este campo, ponemos la Escuela P\u00fablica de Emergencias de Lorca (EPESLOR)\u00a0 a disposici\u00f3n de la Consejer\u00eda de Educaci\u00f3n y Formaci\u00f3n Profesional y de la Consejer\u00eda de Presidencia, Portavoc\u00eda, Acci\u00f3n Exterior y Emergencias, como centro de referencia de la formaci\u00f3n en emergencias y autoprotecci\u00f3n a nivel auton\u00f3mico y por supuesto local, dispuestos a colaborar en la elaboraci\u00f3n de los contenidos necesarios y formar al profesorado que impartir\u00e1 dichos contenidos\u00bb, ha concluido el edil.<\/span><\/p>\n","protected":false},"excerpt":{"rendered":"<p>\u00c1REA LORCA RADIO. Emergencias. Lorca, 27 de agosto de 2025.\u00a0Desde hace m\u00e1s de 20 a\u00f1os el Servicio de Emergencias del Ayuntamiento de Lorca colabora con otras instituciones y entidades de \u00e1mbito educativo y social, en la formaci\u00f3n destinada a mejorar las capacidades de autoprotecci\u00f3n y comportamiento ante emergencias y cat\u00e1strofes de los lorquinos. En este [&hellip;]<\/p>\n","protected":false},"author":1,"featured_media":7619,"comment_status":"open","ping_status":"open","sticky":false,"template":"","format":"standard","meta":{"iawp_total_views":12,"footnotes":""},"categories":[5,7],"tags":[],"class_list":["post-7617","post","type-post","status-publish","format-standard","has-post-thumbnail","hentry","category-actualidad","category-lorca"],"yoast_head":"<!-- This site is optimized with the Yoast SEO plugin v27.4 - https:\/\/yoast.com\/product\/yoast-seo-wordpress\/ -->\n<title>M\u00e1s de 3.000 alumnos lorquinos de Educaci\u00f3n Primaria, E.S.O., Bachillerato y FP se forman en prevenci\u00f3n, autoprotecci\u00f3n e intervenci\u00f3n en emergencias y cat\u00e1strofes - AREA LORCA RADIO<\/title>\n<meta name=\"robots\" content=\"index, follow, max-snippet:-1, max-image-preview:large, max-video-preview:-1\" \/>\n<link rel=\"canonical\" href=\"https:\/\/arealorcaradio.es\/index.php\/2025\/08\/27\/mas-de-3-000-alumnos-lorquinos-de-educacion-primaria-e-s-o-bachillerato-y-fp-se-forman-en-prevencion-autoproteccion-e-intervencion-en-emergencias-y-catastrofes\/\" \/>\n<meta property=\"og:locale\" content=\"es_ES\" \/>\n<meta property=\"og:type\" content=\"article\" \/>\n<meta property=\"og:title\" content=\"M\u00e1s de 3.000 alumnos lorquinos de Educaci\u00f3n Primaria, E.S.O., Bachillerato y FP se forman en prevenci\u00f3n, autoprotecci\u00f3n e intervenci\u00f3n en emergencias y cat\u00e1strofes - AREA LORCA RADIO\" \/>\n<meta property=\"og:description\" content=\"\u00c1REA LORCA RADIO. Emergencias. Lorca, 27 de agosto de 2025.\u00a0Desde hace m\u00e1s de 20 a\u00f1os el Servicio de Emergencias del Ayuntamiento de Lorca colabora con otras instituciones y entidades de \u00e1mbito educativo y social, en la formaci\u00f3n destinada a mejorar las capacidades de autoprotecci\u00f3n y comportamiento ante emergencias y cat\u00e1strofes de los lorquinos. En este [&hellip;]\" \/>\n<meta property=\"og:url\" content=\"https:\/\/arealorcaradio.es\/index.php\/2025\/08\/27\/mas-de-3-000-alumnos-lorquinos-de-educacion-primaria-e-s-o-bachillerato-y-fp-se-forman-en-prevencion-autoproteccion-e-intervencion-en-emergencias-y-catastrofes\/\" \/>\n<meta property=\"og:site_name\" content=\"AREA LORCA RADIO\" \/>\n<meta property=\"article:published_time\" content=\"2025-08-27T10:27:58+00:00\" \/>\n<meta property=\"og:image\" content=\"https:\/\/arealorcaradio.es\/wp-content\/uploads\/2025\/08\/foto1-50.jpeg\" \/>\n\t<meta property=\"og:image:width\" content=\"2048\" \/>\n\t<meta property=\"og:image:height\" content=\"1536\" \/>\n\t<meta property=\"og:image:type\" content=\"image\/jpeg\" \/>\n<meta name=\"author\" content=\"Paco S\u00e1nchez\" \/>\n<meta name=\"twitter:card\" content=\"summary_large_image\" \/>\n<meta name=\"twitter:label1\" content=\"Escrito por\" \/>\n\t<meta name=\"twitter:data1\" content=\"Paco S\u00e1nchez\" \/>\n\t<meta name=\"twitter:label2\" content=\"Tiempo de lectura\" \/>\n\t<meta name=\"twitter:data2\" content=\"4 minutos\" \/>\n<script type=\"application\/ld+json\" class=\"yoast-schema-graph\">{\"@context\":\"https:\\\/\\\/schema.org\",\"@graph\":[{\"@type\":\"Article\",\"@id\":\"https:\\\/\\\/arealorcaradio.es\\\/index.php\\\/2025\\\/08\\\/27\\\/mas-de-3-000-alumnos-lorquinos-de-educacion-primaria-e-s-o-bachillerato-y-fp-se-forman-en-prevencion-autoproteccion-e-intervencion-en-emergencias-y-catastrofes\\\/#article\",\"isPartOf\":{\"@id\":\"https:\\\/\\\/arealorcaradio.es\\\/index.php\\\/2025\\\/08\\\/27\\\/mas-de-3-000-alumnos-lorquinos-de-educacion-primaria-e-s-o-bachillerato-y-fp-se-forman-en-prevencion-autoproteccion-e-intervencion-en-emergencias-y-catastrofes\\\/\"},\"author\":{\"name\":\"Paco S\u00e1nchez\",\"@id\":\"https:\\\/\\\/arealorcaradio.es\\\/#\\\/schema\\\/person\\\/9fae605fc25b0f2c83c1ab207139bd27\"},\"headline\":\"M\u00e1s de 3.000 alumnos lorquinos de Educaci\u00f3n Primaria, E.S.O., Bachillerato y FP se forman en prevenci\u00f3n, autoprotecci\u00f3n e intervenci\u00f3n en emergencias y cat\u00e1strofes\",\"datePublished\":\"2025-08-27T10:27:58+00:00\",\"mainEntityOfPage\":{\"@id\":\"https:\\\/\\\/arealorcaradio.es\\\/index.php\\\/2025\\\/08\\\/27\\\/mas-de-3-000-alumnos-lorquinos-de-educacion-primaria-e-s-o-bachillerato-y-fp-se-forman-en-prevencion-autoproteccion-e-intervencion-en-emergencias-y-catastrofes\\\/\"},\"wordCount\":692,\"commentCount\":0,\"image\":{\"@id\":\"https:\\\/\\\/arealorcaradio.es\\\/index.php\\\/2025\\\/08\\\/27\\\/mas-de-3-000-alumnos-lorquinos-de-educacion-primaria-e-s-o-bachillerato-y-fp-se-forman-en-prevencion-autoproteccion-e-intervencion-en-emergencias-y-catastrofes\\\/#primaryimage\"},\"thumbnailUrl\":\"https:\\\/\\\/arealorcaradio.es\\\/wp-content\\\/uploads\\\/2025\\\/08\\\/foto1-50.jpeg\",\"articleSection\":[\"ACTUALIDAD\",\"LORCA\"],\"inLanguage\":\"es\",\"potentialAction\":[{\"@type\":\"CommentAction\",\"name\":\"Comment\",\"target\":[\"https:\\\/\\\/arealorcaradio.es\\\/index.php\\\/2025\\\/08\\\/27\\\/mas-de-3-000-alumnos-lorquinos-de-educacion-primaria-e-s-o-bachillerato-y-fp-se-forman-en-prevencion-autoproteccion-e-intervencion-en-emergencias-y-catastrofes\\\/#respond\"]}]},{\"@type\":\"WebPage\",\"@id\":\"https:\\\/\\\/arealorcaradio.es\\\/index.php\\\/2025\\\/08\\\/27\\\/mas-de-3-000-alumnos-lorquinos-de-educacion-primaria-e-s-o-bachillerato-y-fp-se-forman-en-prevencion-autoproteccion-e-intervencion-en-emergencias-y-catastrofes\\\/\",\"url\":\"https:\\\/\\\/arealorcaradio.es\\\/index.php\\\/2025\\\/08\\\/27\\\/mas-de-3-000-alumnos-lorquinos-de-educacion-primaria-e-s-o-bachillerato-y-fp-se-forman-en-prevencion-autoproteccion-e-intervencion-en-emergencias-y-catastrofes\\\/\",\"name\":\"M\u00e1s de 3.000 alumnos lorquinos de Educaci\u00f3n Primaria, E.S.O., Bachillerato y FP se forman en prevenci\u00f3n, autoprotecci\u00f3n e intervenci\u00f3n en emergencias y cat\u00e1strofes - AREA LORCA RADIO\",\"isPartOf\":{\"@id\":\"https:\\\/\\\/arealorcaradio.es\\\/#website\"},\"primaryImageOfPage\":{\"@id\":\"https:\\\/\\\/arealorcaradio.es\\\/index.php\\\/2025\\\/08\\\/27\\\/mas-de-3-000-alumnos-lorquinos-de-educacion-primaria-e-s-o-bachillerato-y-fp-se-forman-en-prevencion-autoproteccion-e-intervencion-en-emergencias-y-catastrofes\\\/#primaryimage\"},\"image\":{\"@id\":\"https:\\\/\\\/arealorcaradio.es\\\/index.php\\\/2025\\\/08\\\/27\\\/mas-de-3-000-alumnos-lorquinos-de-educacion-primaria-e-s-o-bachillerato-y-fp-se-forman-en-prevencion-autoproteccion-e-intervencion-en-emergencias-y-catastrofes\\\/#primaryimage\"},\"thumbnailUrl\":\"https:\\\/\\\/arealorcaradio.es\\\/wp-content\\\/uploads\\\/2025\\\/08\\\/foto1-50.jpeg\",\"datePublished\":\"2025-08-27T10:27:58+00:00\",\"author\":{\"@id\":\"https:\\\/\\\/arealorcaradio.es\\\/#\\\/schema\\\/person\\\/9fae605fc25b0f2c83c1ab207139bd27\"},\"breadcrumb\":{\"@id\":\"https:\\\/\\\/arealorcaradio.es\\\/index.php\\\/2025\\\/08\\\/27\\\/mas-de-3-000-alumnos-lorquinos-de-educacion-primaria-e-s-o-bachillerato-y-fp-se-forman-en-prevencion-autoproteccion-e-intervencion-en-emergencias-y-catastrofes\\\/#breadcrumb\"},\"inLanguage\":\"es\",\"potentialAction\":[{\"@type\":\"ReadAction\",\"target\":[\"https:\\\/\\\/arealorcaradio.es\\\/index.php\\\/2025\\\/08\\\/27\\\/mas-de-3-000-alumnos-lorquinos-de-educacion-primaria-e-s-o-bachillerato-y-fp-se-forman-en-prevencion-autoproteccion-e-intervencion-en-emergencias-y-catastrofes\\\/\"]}]},{\"@type\":\"ImageObject\",\"inLanguage\":\"es\",\"@id\":\"https:\\\/\\\/arealorcaradio.es\\\/index.php\\\/2025\\\/08\\\/27\\\/mas-de-3-000-alumnos-lorquinos-de-educacion-primaria-e-s-o-bachillerato-y-fp-se-forman-en-prevencion-autoproteccion-e-intervencion-en-emergencias-y-catastrofes\\\/#primaryimage\",\"url\":\"https:\\\/\\\/arealorcaradio.es\\\/wp-content\\\/uploads\\\/2025\\\/08\\\/foto1-50.jpeg\",\"contentUrl\":\"https:\\\/\\\/arealorcaradio.es\\\/wp-content\\\/uploads\\\/2025\\\/08\\\/foto1-50.jpeg\",\"width\":2048,\"height\":1536},{\"@type\":\"BreadcrumbList\",\"@id\":\"https:\\\/\\\/arealorcaradio.es\\\/index.php\\\/2025\\\/08\\\/27\\\/mas-de-3-000-alumnos-lorquinos-de-educacion-primaria-e-s-o-bachillerato-y-fp-se-forman-en-prevencion-autoproteccion-e-intervencion-en-emergencias-y-catastrofes\\\/#breadcrumb\",\"itemListElement\":[{\"@type\":\"ListItem\",\"position\":1,\"name\":\"Portada\",\"item\":\"https:\\\/\\\/arealorcaradio.es\\\/\"},{\"@type\":\"ListItem\",\"position\":2,\"name\":\"M\u00e1s de 3.000 alumnos lorquinos de Educaci\u00f3n Primaria, E.S.O., Bachillerato y FP se forman en prevenci\u00f3n, autoprotecci\u00f3n e intervenci\u00f3n en emergencias y cat\u00e1strofes\"}]},{\"@type\":\"WebSite\",\"@id\":\"https:\\\/\\\/arealorcaradio.es\\\/#website\",\"url\":\"https:\\\/\\\/arealorcaradio.es\\\/\",\"name\":\"AREA LORCA RADIO\",\"description\":\"Descubre la programaci\u00f3n actual en \u00c1rea Lorca Radio, tu fuente de entrenamiento y noticias locales. Sintoniza ahora y mantente conectado online.\",\"potentialAction\":[{\"@type\":\"SearchAction\",\"target\":{\"@type\":\"EntryPoint\",\"urlTemplate\":\"https:\\\/\\\/arealorcaradio.es\\\/?s={search_term_string}\"},\"query-input\":{\"@type\":\"PropertyValueSpecification\",\"valueRequired\":true,\"valueName\":\"search_term_string\"}}],\"inLanguage\":\"es\"},{\"@type\":\"Person\",\"@id\":\"https:\\\/\\\/arealorcaradio.es\\\/#\\\/schema\\\/person\\\/9fae605fc25b0f2c83c1ab207139bd27\",\"name\":\"Paco S\u00e1nchez\",\"image\":{\"@type\":\"ImageObject\",\"inLanguage\":\"es\",\"@id\":\"https:\\\/\\\/secure.gravatar.com\\\/avatar\\\/d67144e966420fb74aa84c9f2a0103be4724fd14db52b52d3b6bca749f257e79?s=96&d=mm&r=g\",\"url\":\"https:\\\/\\\/secure.gravatar.com\\\/avatar\\\/d67144e966420fb74aa84c9f2a0103be4724fd14db52b52d3b6bca749f257e79?s=96&d=mm&r=g\",\"contentUrl\":\"https:\\\/\\\/secure.gravatar.com\\\/avatar\\\/d67144e966420fb74aa84c9f2a0103be4724fd14db52b52d3b6bca749f257e79?s=96&d=mm&r=g\",\"caption\":\"Paco S\u00e1nchez\"},\"sameAs\":[\"https:\\\/\\\/arealorcaradio.es\"],\"url\":\"https:\\\/\\\/arealorcaradio.es\\\/index.php\\\/author\\\/admin_alorcaradio\\\/\"}]}<\/script>\n<!-- \/ Yoast SEO plugin. -->","yoast_head_json":{"title":"M\u00e1s de 3.000 alumnos lorquinos de Educaci\u00f3n Primaria, E.S.O., Bachillerato y FP se forman en prevenci\u00f3n, autoprotecci\u00f3n e intervenci\u00f3n en emergencias y cat\u00e1strofes - AREA LORCA RADIO","robots":{"index":"index","follow":"follow","max-snippet":"max-snippet:-1","max-image-preview":"max-image-preview:large","max-video-preview":"max-video-preview:-1"},"canonical":"https:\/\/arealorcaradio.es\/index.php\/2025\/08\/27\/mas-de-3-000-alumnos-lorquinos-de-educacion-primaria-e-s-o-bachillerato-y-fp-se-forman-en-prevencion-autoproteccion-e-intervencion-en-emergencias-y-catastrofes\/","og_locale":"es_ES","og_type":"article","og_title":"M\u00e1s de 3.000 alumnos lorquinos de Educaci\u00f3n Primaria, E.S.O., Bachillerato y FP se forman en prevenci\u00f3n, autoprotecci\u00f3n e intervenci\u00f3n en emergencias y cat\u00e1strofes - AREA LORCA RADIO","og_description":"\u00c1REA LORCA RADIO. Emergencias. Lorca, 27 de agosto de 2025.\u00a0Desde hace m\u00e1s de 20 a\u00f1os el Servicio de Emergencias del Ayuntamiento de Lorca colabora con otras instituciones y entidades de \u00e1mbito educativo y social, en la formaci\u00f3n destinada a mejorar las capacidades de autoprotecci\u00f3n y comportamiento ante emergencias y cat\u00e1strofes de los lorquinos. En este [&hellip;]","og_url":"https:\/\/arealorcaradio.es\/index.php\/2025\/08\/27\/mas-de-3-000-alumnos-lorquinos-de-educacion-primaria-e-s-o-bachillerato-y-fp-se-forman-en-prevencion-autoproteccion-e-intervencion-en-emergencias-y-catastrofes\/","og_site_name":"AREA LORCA RADIO","article_published_time":"2025-08-27T10:27:58+00:00","og_image":[{"width":2048,"height":1536,"url":"https:\/\/arealorcaradio.es\/wp-content\/uploads\/2025\/08\/foto1-50.jpeg","type":"image\/jpeg"}],"author":"Paco S\u00e1nchez","twitter_card":"summary_large_image","twitter_misc":{"Escrito por":"Paco S\u00e1nchez","Tiempo de lectura":"4 minutos"},"schema":{"@context":"https:\/\/schema.org","@graph":[{"@type":"Article","@id":"https:\/\/arealorcaradio.es\/index.php\/2025\/08\/27\/mas-de-3-000-alumnos-lorquinos-de-educacion-primaria-e-s-o-bachillerato-y-fp-se-forman-en-prevencion-autoproteccion-e-intervencion-en-emergencias-y-catastrofes\/#article","isPartOf":{"@id":"https:\/\/arealorcaradio.es\/index.php\/2025\/08\/27\/mas-de-3-000-alumnos-lorquinos-de-educacion-primaria-e-s-o-bachillerato-y-fp-se-forman-en-prevencion-autoproteccion-e-intervencion-en-emergencias-y-catastrofes\/"},"author":{"name":"Paco S\u00e1nchez","@id":"https:\/\/arealorcaradio.es\/#\/schema\/person\/9fae605fc25b0f2c83c1ab207139bd27"},"headline":"M\u00e1s de 3.000 alumnos lorquinos de Educaci\u00f3n Primaria, E.S.O., Bachillerato y FP se forman en prevenci\u00f3n, autoprotecci\u00f3n e intervenci\u00f3n en emergencias y cat\u00e1strofes","datePublished":"2025-08-27T10:27:58+00:00","mainEntityOfPage":{"@id":"https:\/\/arealorcaradio.es\/index.php\/2025\/08\/27\/mas-de-3-000-alumnos-lorquinos-de-educacion-primaria-e-s-o-bachillerato-y-fp-se-forman-en-prevencion-autoproteccion-e-intervencion-en-emergencias-y-catastrofes\/"},"wordCount":692,"commentCount":0,"image":{"@id":"https:\/\/arealorcaradio.es\/index.php\/2025\/08\/27\/mas-de-3-000-alumnos-lorquinos-de-educacion-primaria-e-s-o-bachillerato-y-fp-se-forman-en-prevencion-autoproteccion-e-intervencion-en-emergencias-y-catastrofes\/#primaryimage"},"thumbnailUrl":"https:\/\/arealorcaradio.es\/wp-content\/uploads\/2025\/08\/foto1-50.jpeg","articleSection":["ACTUALIDAD","LORCA"],"inLanguage":"es","potentialAction":[{"@type":"CommentAction","name":"Comment","target":["https:\/\/arealorcaradio.es\/index.php\/2025\/08\/27\/mas-de-3-000-alumnos-lorquinos-de-educacion-primaria-e-s-o-bachillerato-y-fp-se-forman-en-prevencion-autoproteccion-e-intervencion-en-emergencias-y-catastrofes\/#respond"]}]},{"@type":"WebPage","@id":"https:\/\/arealorcaradio.es\/index.php\/2025\/08\/27\/mas-de-3-000-alumnos-lorquinos-de-educacion-primaria-e-s-o-bachillerato-y-fp-se-forman-en-prevencion-autoproteccion-e-intervencion-en-emergencias-y-catastrofes\/","url":"https:\/\/arealorcaradio.es\/index.php\/2025\/08\/27\/mas-de-3-000-alumnos-lorquinos-de-educacion-primaria-e-s-o-bachillerato-y-fp-se-forman-en-prevencion-autoproteccion-e-intervencion-en-emergencias-y-catastrofes\/","name":"M\u00e1s de 3.000 alumnos lorquinos de Educaci\u00f3n Primaria, E.S.O., Bachillerato y FP se forman en prevenci\u00f3n, autoprotecci\u00f3n e intervenci\u00f3n en emergencias y cat\u00e1strofes - AREA LORCA RADIO","isPartOf":{"@id":"https:\/\/arealorcaradio.es\/#website"},"primaryImageOfPage":{"@id":"https:\/\/arealorcaradio.es\/index.php\/2025\/08\/27\/mas-de-3-000-alumnos-lorquinos-de-educacion-primaria-e-s-o-bachillerato-y-fp-se-forman-en-prevencion-autoproteccion-e-intervencion-en-emergencias-y-catastrofes\/#primaryimage"},"image":{"@id":"https:\/\/arealorcaradio.es\/index.php\/2025\/08\/27\/mas-de-3-000-alumnos-lorquinos-de-educacion-primaria-e-s-o-bachillerato-y-fp-se-forman-en-prevencion-autoproteccion-e-intervencion-en-emergencias-y-catastrofes\/#primaryimage"},"thumbnailUrl":"https:\/\/arealorcaradio.es\/wp-content\/uploads\/2025\/08\/foto1-50.jpeg","datePublished":"2025-08-27T10:27:58+00:00","author":{"@id":"https:\/\/arealorcaradio.es\/#\/schema\/person\/9fae605fc25b0f2c83c1ab207139bd27"},"breadcrumb":{"@id":"https:\/\/arealorcaradio.es\/index.php\/2025\/08\/27\/mas-de-3-000-alumnos-lorquinos-de-educacion-primaria-e-s-o-bachillerato-y-fp-se-forman-en-prevencion-autoproteccion-e-intervencion-en-emergencias-y-catastrofes\/#breadcrumb"},"inLanguage":"es","potentialAction":[{"@type":"ReadAction","target":["https:\/\/arealorcaradio.es\/index.php\/2025\/08\/27\/mas-de-3-000-alumnos-lorquinos-de-educacion-primaria-e-s-o-bachillerato-y-fp-se-forman-en-prevencion-autoproteccion-e-intervencion-en-emergencias-y-catastrofes\/"]}]},{"@type":"ImageObject","inLanguage":"es","@id":"https:\/\/arealorcaradio.es\/index.php\/2025\/08\/27\/mas-de-3-000-alumnos-lorquinos-de-educacion-primaria-e-s-o-bachillerato-y-fp-se-forman-en-prevencion-autoproteccion-e-intervencion-en-emergencias-y-catastrofes\/#primaryimage","url":"https:\/\/arealorcaradio.es\/wp-content\/uploads\/2025\/08\/foto1-50.jpeg","contentUrl":"https:\/\/arealorcaradio.es\/wp-content\/uploads\/2025\/08\/foto1-50.jpeg","width":2048,"height":1536},{"@type":"BreadcrumbList","@id":"https:\/\/arealorcaradio.es\/index.php\/2025\/08\/27\/mas-de-3-000-alumnos-lorquinos-de-educacion-primaria-e-s-o-bachillerato-y-fp-se-forman-en-prevencion-autoproteccion-e-intervencion-en-emergencias-y-catastrofes\/#breadcrumb","itemListElement":[{"@type":"ListItem","position":1,"name":"Portada","item":"https:\/\/arealorcaradio.es\/"},{"@type":"ListItem","position":2,"name":"M\u00e1s de 3.000 alumnos lorquinos de Educaci\u00f3n Primaria, E.S.O., Bachillerato y FP se forman en prevenci\u00f3n, autoprotecci\u00f3n e intervenci\u00f3n en emergencias y cat\u00e1strofes"}]},{"@type":"WebSite","@id":"https:\/\/arealorcaradio.es\/#website","url":"https:\/\/arealorcaradio.es\/","name":"AREA LORCA RADIO","description":"Descubre la programaci\u00f3n actual en \u00c1rea Lorca Radio, tu fuente de entrenamiento y noticias locales. Sintoniza ahora y mantente conectado online.","potentialAction":[{"@type":"SearchAction","target":{"@type":"EntryPoint","urlTemplate":"https:\/\/arealorcaradio.es\/?s={search_term_string}"},"query-input":{"@type":"PropertyValueSpecification","valueRequired":true,"valueName":"search_term_string"}}],"inLanguage":"es"},{"@type":"Person","@id":"https:\/\/arealorcaradio.es\/#\/schema\/person\/9fae605fc25b0f2c83c1ab207139bd27","name":"Paco S\u00e1nchez","image":{"@type":"ImageObject","inLanguage":"es","@id":"https:\/\/secure.gravatar.com\/avatar\/d67144e966420fb74aa84c9f2a0103be4724fd14db52b52d3b6bca749f257e79?s=96&d=mm&r=g","url":"https:\/\/secure.gravatar.com\/avatar\/d67144e966420fb74aa84c9f2a0103be4724fd14db52b52d3b6bca749f257e79?s=96&d=mm&r=g","contentUrl":"https:\/\/secure.gravatar.com\/avatar\/d67144e966420fb74aa84c9f2a0103be4724fd14db52b52d3b6bca749f257e79?s=96&d=mm&r=g","caption":"Paco S\u00e1nchez"},"sameAs":["https:\/\/arealorcaradio.es"],"url":"https:\/\/arealorcaradio.es\/index.php\/author\/admin_alorcaradio\/"}]}},"_links":{"self":[{"href":"https:\/\/arealorcaradio.es\/index.php\/wp-json\/wp\/v2\/posts\/7617","targetHints":{"allow":["GET"]}}],"collection":[{"href":"https:\/\/arealorcaradio.es\/index.php\/wp-json\/wp\/v2\/posts"}],"about":[{"href":"https:\/\/arealorcaradio.es\/index.php\/wp-json\/wp\/v2\/types\/post"}],"author":[{"embeddable":true,"href":"https:\/\/arealorcaradio.es\/index.php\/wp-json\/wp\/v2\/users\/1"}],"replies":[{"embeddable":true,"href":"https:\/\/arealorcaradio.es\/index.php\/wp-json\/wp\/v2\/comments?post=7617"}],"version-history":[{"count":1,"href":"https:\/\/arealorcaradio.es\/index.php\/wp-json\/wp\/v2\/posts\/7617\/revisions"}],"predecessor-version":[{"id":7620,"href":"https:\/\/arealorcaradio.es\/index.php\/wp-json\/wp\/v2\/posts\/7617\/revisions\/7620"}],"wp:featuredmedia":[{"embeddable":true,"href":"https:\/\/arealorcaradio.es\/index.php\/wp-json\/wp\/v2\/media\/7619"}],"wp:attachment":[{"href":"https:\/\/arealorcaradio.es\/index.php\/wp-json\/wp\/v2\/media?parent=7617"}],"wp:term":[{"taxonomy":"category","embeddable":true,"href":"https:\/\/arealorcaradio.es\/index.php\/wp-json\/wp\/v2\/categories?post=7617"},{"taxonomy":"post_tag","embeddable":true,"href":"https:\/\/arealorcaradio.es\/index.php\/wp-json\/wp\/v2\/tags?post=7617"}],"curies":[{"name":"wp","href":"https:\/\/api.w.org\/{rel}","templated":true}]}}