{"id":7606,"date":"2025-08-27T09:55:26","date_gmt":"2025-08-27T09:55:26","guid":{"rendered":"https:\/\/arealorcaradio.es\/?p=7606"},"modified":"2025-08-27T09:55:26","modified_gmt":"2025-08-27T09:55:26","slug":"la-feria-chica-en-honor-a-la-patrona-de-lorca-da-el-pistoletazo-de-salida-el-4-de-septiembre-con-el-pregon-a-cargo-del-presidente-de-la-hermandad-virgen-de-las-huertas-pedro-millan","status":"publish","type":"post","link":"https:\/\/arealorcaradio.es\/index.php\/2025\/08\/27\/la-feria-chica-en-honor-a-la-patrona-de-lorca-da-el-pistoletazo-de-salida-el-4-de-septiembre-con-el-pregon-a-cargo-del-presidente-de-la-hermandad-virgen-de-las-huertas-pedro-millan\/","title":{"rendered":"La &#8216;Feria Chica&#8217; en honor a la Patrona de Lorca da el pistoletazo de salida el 4 de septiembre, con el Preg\u00f3n a cargo del presidente de la Hermandad Virgen de las Huertas, Pedro Mill\u00e1n"},"content":{"rendered":"<p><strong>\u00c1REA LORCA RADIO. Fiestas Patronales.<\/strong><\/p>\n<p class=\"v1MsoNormal\"><b><span lang=\"es\">Lorca, 27 de agosto de 2025<\/span><\/b><span lang=\"es\">. Con la &#8216;Feria Chica&#8217; arranca un septiembre repleto de actividades que continuar\u00e1n proyect\u00e1ndonos como un referente regional de ocio saludable, cultura y gastronom\u00eda. A estas celebraciones con car\u00e1cter tradicional, le seguir\u00e1n la Feria Grande&#8217; y la Feria de Artesan\u00eda de la Regi\u00f3n de Murcia, entre otros encuentros, que vuelven a erigirse como citas indispensables dentro de la &#8216;Agenda Anual de Eventos&#8217; de Lorca y que cada a\u00f1o logran congregar a miles de lorquinos y visitantes.<\/span><\/p>\n<p class=\"v1MsoNormal\"><span lang=\"es\">As\u00ed lo ha trasladado la edil de Feria y Fiestas del Ayuntamiento de Lorca, Mar\u00eda de las Huertas Garc\u00eda, en la presentaci\u00f3n del cartel y de toda la programaci\u00f3n prevista para la celebraci\u00f3n de una de las citas m\u00e1s ancestrales (y esperadas) de nuestra ciudad. Junto a ella, Juan Francisco Mart\u00ednez, director del Instituto de Turismo de la Regi\u00f3n de Murcia (ITREM), y Luis Gonz\u00e1lez, presidente de la Asociaci\u00f3n de Vecinos de la Virgen de las Huertas.\u00a0<\/span><\/p>\n<p class=\"v1MsoNormal\"><span lang=\"es\"><img loading=\"lazy\" decoding=\"async\" class=\"alignnone  wp-image-7609\" src=\"https:\/\/arealorcaradio.es\/wp-content\/uploads\/2025\/08\/foto1-49-300x225.jpeg\" alt=\"\" width=\"285\" height=\"214\" srcset=\"https:\/\/arealorcaradio.es\/wp-content\/uploads\/2025\/08\/foto1-49-300x225.jpeg 300w, https:\/\/arealorcaradio.es\/wp-content\/uploads\/2025\/08\/foto1-49-1024x768.jpeg 1024w, https:\/\/arealorcaradio.es\/wp-content\/uploads\/2025\/08\/foto1-49-768x576.jpeg 768w, https:\/\/arealorcaradio.es\/wp-content\/uploads\/2025\/08\/foto1-49-1536x1152.jpeg 1536w, https:\/\/arealorcaradio.es\/wp-content\/uploads\/2025\/08\/foto1-49-86x64.jpeg 86w, https:\/\/arealorcaradio.es\/wp-content\/uploads\/2025\/08\/foto1-49.jpeg 2048w\" sizes=\"auto, (max-width: 285px) 100vw, 285px\" \/> <img loading=\"lazy\" decoding=\"async\" class=\"alignnone size-medium wp-image-7610\" src=\"https:\/\/arealorcaradio.es\/wp-content\/uploads\/2025\/08\/PROGRAMA-1-300x214.jpeg\" alt=\"\" width=\"300\" height=\"214\" srcset=\"https:\/\/arealorcaradio.es\/wp-content\/uploads\/2025\/08\/PROGRAMA-1-300x214.jpeg 300w, https:\/\/arealorcaradio.es\/wp-content\/uploads\/2025\/08\/PROGRAMA-1-1024x731.jpeg 1024w, https:\/\/arealorcaradio.es\/wp-content\/uploads\/2025\/08\/PROGRAMA-1-768x548.jpeg 768w, https:\/\/arealorcaradio.es\/wp-content\/uploads\/2025\/08\/PROGRAMA-1-1536x1096.jpeg 1536w, https:\/\/arealorcaradio.es\/wp-content\/uploads\/2025\/08\/PROGRAMA-1.jpeg 1600w\" sizes=\"auto, (max-width: 300px) 100vw, 300px\" \/><\/span><\/p>\n<p class=\"v1MsoNormal\"><span lang=\"es\">Seg\u00fan ha trasladado la edil, \u00ablas fiestas patronales en honor a Santa Mar\u00eda la Real de las Huertas dar\u00e1n comienzo el d\u00eda 4 de septiembre, con el Preg\u00f3n, que este a\u00f1o tendr\u00e1 lugar en el Santuario Patronal y que correr\u00e1 a cargo del presidente de la Hermandad Virgen de las Huertas, Pedro Mill\u00e1n, que recoger\u00e1 el testigo del pregonero del a\u00f1o pasado, Pep\u00edn Jim\u00e9nez\u00bb.<\/span><\/p>\n<p class=\"v1MsoNormal\"><span lang=\"es\">Az\u00facar Moreno y \u00c1lvaro Garc\u00eda ser\u00e1n los platos fuertes de las actuaciones en directo, que tendr\u00e1n lugar el viernes 5 y s\u00e1bado 6 de septiembre, respectivamente, ambos a las 23.30h., en la plaza Rey Sabio. Se sumar\u00e1n la actuaci\u00f3n del grupo Avidya, adem\u00e1s de otras protagonizadas por Dj\u00b4s (Diego Cano, Iv\u00e1n Belmonte y Celso), que ofrecer\u00e1n m\u00fasica actual y para todos los p\u00fablicos.<\/span><\/p>\n<p class=\"v1MsoNormal\"><span lang=\"es\">\u00abPor supuesto, no faltar\u00e1n el Ciclopaseo Memorial Clemente Mart\u00ednez Munuera, que alcanza su VII edici\u00f3n, con salida desde el estanco del Quijero. Ser\u00e1 el domingo, 7 de septiembre, a las 10 horas; el mismo d\u00eda que tendr\u00e1 lugar la Gala Inaugural del 35 Festival Internacional de Folklore Virgen de las Huertas, una de las citas m\u00e1s espectaculares de la &#8216;feria chica&#8217;, dada su proyecci\u00f3n\u00bb, ha a\u00f1adido Garc\u00eda.<\/span><\/p>\n<p class=\"v1MsoNormal\"><span lang=\"es\">No faltar\u00e1n los juegos y concursos tradicionales, como el de la Cuca\u00f1a o el de Migas, entre otros, que cada a\u00f1o congregan a una gran multitud en la explanada junto a la plaza Rey Sabio. Tampoco lo har\u00e1n los puestos de gastronom\u00eda tradicional, que van desde los t\u00edpicos turrones, bacalaos o algodones de az\u00facar y garrapi\u00f1adas, hasta raciones de todo tipo y para todos los gustos. Y por supuesto, las atracciones para hacer las delicias, sobre todo de los m\u00e1s peque\u00f1os. Para ellos est\u00e1 pensada, adem\u00e1s, especialmente, la actuaci\u00f3n de t\u00edteres La Aventura Musical de Matilde, que se ha sumado el s\u00e1bado 6, por la tarde en la plaza Rey Sabio.<\/span><\/p>\n<p class=\"v1MsoNormal\"><a name=\"v1_heading=h.5ezh14axmcir\"><\/a><span lang=\"es\">\u00abComo sabemos, el lunes, 8 de septiembre, es la festividad de la Patrona de Lorca, Santa Mar\u00eda Real de las Huertas. Ser\u00e1 un d\u00eda de cierre de lo m\u00e1s completo, comenzando a las 5.30 horas, con la &#8216;despierta&#8217; por los Auroros de Lorca, desde el Puente de la Torta hasta el Santuario Patronal. Posteriormente y cada hora, se suceder\u00e1 la Misa Mayor en el Santuario Patronal, que acoger\u00e1, ya por la tarde, a las 19 horas, la Santa Misa con un acto especial a nuestra Patrona y Alcadesa Honorifica de Lorca. Le seguir\u00e1 a las 21.30 horas la Clausura del 35 Festival Internacional de Folklore Virgen de las Huertas, en la plaza Rey Sabio, desde donde se podr\u00e1n disfrutar, a partir de las 23.30 horas el Castillo de Fuegos artificiales, que pondr\u00e1n el broche de oro a unas fiestas que se superan cada a\u00f1o\u00bb, ha trasladado la edil.<\/span><\/p>\n<p class=\"v1MsoNormal\"><span lang=\"es\">\u00a0<\/span><\/p>\n<p class=\"v1MsoNormal\"><span lang=\"es\">Menci\u00f3n especial recibe el cartel de este a\u00f1o, cuya autora ha sido Mar\u00eda Jos\u00e9 Ruiz Reverte, una ilustraci\u00f3n en acuarela que incluye los elementos definitorios del enclave y la propia celebraci\u00f3n, como son la portada del Convento vista desde la plaza Rey Sabio y puestos t\u00edpicos, pero destacando en la parte central la imagen de nuestra Patrona escoltada por una agrupaci\u00f3n de folclore.<\/span><\/p>\n<p class=\"v1MsoNormal\"><span lang=\"es\">\u00abEsperamos que el p\u00fablico se anime en estos d\u00edas festivos que nos esperan y que est\u00e1n al caer. Quiero desde aqu\u00ed agradecer la encomiable labor de la Asociaci\u00f3n de Vecinos del barrio, que tanto esfuerzo dedican cada a\u00f1o a ofrecer una programaci\u00f3n que guste a todos y que abarque tantas citas, la mayor\u00eda de ellas tradicionales; guardando con ello nuestras costumbres y haciendo honor a nuestra historia\u00bb, ha apuntado Mar\u00eda de las Huertas Garc\u00eda, que ha querido tener unas palabras tambi\u00e9n para los patrocinadores de este a\u00f1o, junto al Ayuntamiento de Lorca y la propia Asociaci\u00f3n de vecinos, \u00abpues gracias a su colaboraci\u00f3n todo esto no ser\u00eda posible: Costa C\u00e1lida Regi\u00f3n de Murcia, Talleres M. Gallego, Masan Electr\u00f3nica y Piensos compuestos &#8216;Lucas'\u00bb.<\/span><\/p>\n<p class=\"v1MsoNormal\"><span lang=\"es\">Por su parte, Juan Francisco Mart\u00ednez ha rese\u00f1ado que \u00abla Feria Chica forma parte de nuestra identidad. Los lorquinos no concebimos el mes de septiembre sin los cultos religiosos a nuestra patrona, el tradicional turr\u00f3n con an\u00eds en los puestos de la plaza Rey Sabio o el Festival Internacional de Folklore de Coros y Danzas Virgen de las Huertas\u00bb.<\/span><\/p>\n<p class=\"v1MsoNormal\"><span lang=\"es\">Luis Gonz\u00e1lez ha trasladado \u00abla gran ilusi\u00f3n con la que han preparado este programa, destacando la figura de Pedro Mill\u00e1n por su aportaci\u00f3n continua para todo lo que tiene que ver con nuestra madre, el Santuario y el enclave, adem\u00e1s de a\u00a0 todos aquellos que lo han hecho posible con sus aportaciones\u00bb; recordando \u00abla inversi\u00f3n de cerca de 4.000 euros aportados por la Asociaci\u00f3n de vecinos para la instalaci\u00f3n el\u00e9ctrica de los feriantes\u00bb.<\/span><\/p>\n<p class=\"v1MsoNormal\"><b><u><span lang=\"es\">Al detalle:<\/span><\/u><\/b><\/p>\n<p class=\"v1MsoNormal\"><b><span lang=\"es\">Jueves 4 de septiembre<\/span><\/b><\/p>\n<p class=\"v1MsoNormal\"><span lang=\"es\">\u202221.30h. Preg\u00f3n de la Feria Chica 2025 a cargo Don Pedro Mill\u00e1n Navarro, Presidente de la Hermandad Virgen de las Huertas -Santuario Virgen de las Huertas<\/span><\/p>\n<p>&nbsp;<\/p>\n<p class=\"v1MsoNormal\"><b><span lang=\"es\">Viernes 5 de septiembre<\/span><\/b><\/p>\n<p class=\"v1MsoNormal\"><span lang=\"es\">\u202221.00h. Concurso de Brisca &#8211; Centro Social<\/span><\/p>\n<p class=\"v1MsoNormal\"><span lang=\"es\">\u202222:00h. Dj Celso &#8211; Plaza Rey Sabio.<\/span><\/p>\n<p class=\"v1MsoNormal\"><span lang=\"es\">* 23.30h. AZUCAR MORENO, en concierto &#8211; Plaza Rey Sabio.<\/span><\/p>\n<p class=\"v1MsoNormal\"><span lang=\"es\">* 01.00h Dj Celso &#8211; Plaza Rey Sabio<\/span><\/p>\n<p class=\"v1MsoNormal\"><b><span lang=\"es\">\u00a0<\/span><\/b><\/p>\n<p class=\"v1MsoNormal\"><b><span lang=\"es\">S\u00e1bado 6 de septiembre<\/span><\/b><\/p>\n<p class=\"v1MsoNormal\"><span lang=\"es\">\u202217.00h. Concurso de Remigio &#8211; Centro Social.<\/span><\/p>\n<p class=\"v1MsoNormal\"><span lang=\"es\">* 19.00h. La Aventura Musical de Matilde &#8211; Plaza Rey Sabio<\/span><\/p>\n<p class=\"v1MsoNormal\"><span lang=\"es\">* 21.30h. Actuaci\u00f3n del grupo Avidya -Plaza Rey Sabio<\/span><\/p>\n<p class=\"v1MsoNormal\"><span lang=\"es\">* 23.30h. ALVARO GARCIA, en concierto &#8211; Plaza Rey Sabio<\/span><\/p>\n<p class=\"v1MsoNormal\"><span lang=\"es\">* 01.00h. Diego Cano Dj. &#8211; Plaza Rey Sabio<\/span><\/p>\n<p class=\"v1MsoNormal\"><b><span lang=\"es\">\u00a0<\/span><\/b><\/p>\n<p class=\"v1MsoNormal\"><b><span lang=\"es\">Domingo 7 de septiembre<\/span><\/b><\/p>\n<p class=\"v1MsoNormal\"><span lang=\"es\">* 10.00h. Ciclopaseo VII Memorial Clemente Mart\u00ednez Munuera -Salida Estanco del Quijero<\/span><\/p>\n<p class=\"v1MsoNormal\"><span lang=\"es\">* 21:30h. Gala Inaugural 35 Festival Internacional de Folklore Virgen de las Huertas.<\/span><\/p>\n<p class=\"v1MsoNormal\"><span lang=\"es\">Plaza Rey Sabio.<\/span><\/p>\n<p class=\"v1MsoNormal\"><span lang=\"es\">* 23.00h. Concurso de Migas &#8211; Explanada Centro Social.<\/span><\/p>\n<p class=\"v1MsoNormal\"><span lang=\"es\">* 23.30h. Concurso de Cuca\u00f1a &#8211; Explanada Centro Social.<\/span><\/p>\n<p class=\"v1MsoNormal\"><span lang=\"es\">* 00.30h: FESTIVAL JOVEN: DJ Cano, Dj Iv\u00e1n Belmonte y Celso Dj.- Plaza Rey Sabio.<\/span><\/p>\n<p class=\"v1MsoNormal\"><b><span lang=\"es\">\u00a0<\/span><\/b><\/p>\n<p class=\"v1MsoNormal\"><b><span lang=\"es\">Lunes 8 de septiembre: Festividad de Nuestra Patrona y Alcaldesa Honor\u00edfica<\/span><\/b><\/p>\n<p class=\"v1MsoNormal\"><span lang=\"es\">\u202205.30h. Despierta por los Auroros de Lorca desde el Puente de la Torta hasta el Santuario Patronal.<\/span><\/p>\n<p class=\"v1MsoNormal\"><span lang=\"es\">* Misas de 6,7,8,9 y 10h \u2022 11.30h. Misa Mayor -Santuario Patronal.<\/span><\/p>\n<p class=\"v1MsoNormal\"><span lang=\"es\">* 19.00h. Santa Misa &#8211; Santuario Patronal<\/span><\/p>\n<p class=\"v1MsoNormal\"><span lang=\"es\">* 20.00h. Festividad de Nuestra Patrona y Alcadesa Honorifica de Lorca<\/span><\/p>\n<p class=\"v1MsoNormal\"><span lang=\"es\">* 21.30h. Clausura del 35 Festival Internacional de Folklore Virgen de las Huertas. Plaza Rey Sabio.<\/span><\/p>\n<p class=\"v1MsoNormal\"><span lang=\"es\">* 23.30h. Castillo de Fuegos artificiales.<\/span><\/p>\n","protected":false},"excerpt":{"rendered":"<p>\u00c1REA LORCA RADIO. Fiestas Patronales. Lorca, 27 de agosto de 2025. Con la &#8216;Feria Chica&#8217; arranca un septiembre repleto de actividades que continuar\u00e1n proyect\u00e1ndonos como un referente regional de ocio saludable, cultura y gastronom\u00eda. A estas celebraciones con car\u00e1cter tradicional, le seguir\u00e1n la Feria Grande&#8217; y la Feria de Artesan\u00eda de la Regi\u00f3n de Murcia, [&hellip;]<\/p>\n","protected":false},"author":1,"featured_media":7607,"comment_status":"open","ping_status":"open","sticky":false,"template":"","format":"standard","meta":{"iawp_total_views":28,"footnotes":""},"categories":[5,7],"tags":[],"class_list":["post-7606","post","type-post","status-publish","format-standard","has-post-thumbnail","hentry","category-actualidad","category-lorca"],"yoast_head":"<!-- This site is optimized with the Yoast SEO plugin v27.4 - https:\/\/yoast.com\/product\/yoast-seo-wordpress\/ -->\n<title>La &#039;Feria Chica&#039; en honor a la Patrona de Lorca da el pistoletazo de salida el 4 de septiembre, con el Preg\u00f3n a cargo del presidente de la Hermandad Virgen de las Huertas, Pedro Mill\u00e1n - AREA LORCA RADIO<\/title>\n<meta name=\"robots\" content=\"index, follow, max-snippet:-1, max-image-preview:large, max-video-preview:-1\" \/>\n<link rel=\"canonical\" href=\"https:\/\/arealorcaradio.es\/index.php\/2025\/08\/27\/la-feria-chica-en-honor-a-la-patrona-de-lorca-da-el-pistoletazo-de-salida-el-4-de-septiembre-con-el-pregon-a-cargo-del-presidente-de-la-hermandad-virgen-de-las-huertas-pedro-millan\/\" \/>\n<meta property=\"og:locale\" content=\"es_ES\" \/>\n<meta property=\"og:type\" content=\"article\" \/>\n<meta property=\"og:title\" content=\"La &#039;Feria Chica&#039; en honor a la Patrona de Lorca da el pistoletazo de salida el 4 de septiembre, con el Preg\u00f3n a cargo del presidente de la Hermandad Virgen de las Huertas, Pedro Mill\u00e1n - AREA LORCA RADIO\" \/>\n<meta property=\"og:description\" content=\"\u00c1REA LORCA RADIO. Fiestas Patronales. Lorca, 27 de agosto de 2025. Con la &#8216;Feria Chica&#8217; arranca un septiembre repleto de actividades que continuar\u00e1n proyect\u00e1ndonos como un referente regional de ocio saludable, cultura y gastronom\u00eda. A estas celebraciones con car\u00e1cter tradicional, le seguir\u00e1n la Feria Grande&#8217; y la Feria de Artesan\u00eda de la Regi\u00f3n de Murcia, [&hellip;]\" \/>\n<meta property=\"og:url\" content=\"https:\/\/arealorcaradio.es\/index.php\/2025\/08\/27\/la-feria-chica-en-honor-a-la-patrona-de-lorca-da-el-pistoletazo-de-salida-el-4-de-septiembre-con-el-pregon-a-cargo-del-presidente-de-la-hermandad-virgen-de-las-huertas-pedro-millan\/\" \/>\n<meta property=\"og:site_name\" content=\"AREA LORCA RADIO\" \/>\n<meta property=\"article:published_time\" content=\"2025-08-27T09:55:26+00:00\" \/>\n<meta property=\"og:image\" content=\"https:\/\/arealorcaradio.es\/wp-content\/uploads\/2025\/08\/foto3-32.jpeg\" \/>\n\t<meta property=\"og:image:width\" content=\"2048\" \/>\n\t<meta property=\"og:image:height\" content=\"1536\" \/>\n\t<meta property=\"og:image:type\" content=\"image\/jpeg\" \/>\n<meta name=\"author\" content=\"Paco S\u00e1nchez\" \/>\n<meta name=\"twitter:card\" content=\"summary_large_image\" \/>\n<meta name=\"twitter:label1\" content=\"Escrito por\" \/>\n\t<meta name=\"twitter:data1\" content=\"Paco S\u00e1nchez\" \/>\n\t<meta name=\"twitter:label2\" content=\"Tiempo de lectura\" \/>\n\t<meta name=\"twitter:data2\" content=\"7 minutos\" \/>\n<script type=\"application\/ld+json\" class=\"yoast-schema-graph\">{\"@context\":\"https:\\\/\\\/schema.org\",\"@graph\":[{\"@type\":\"Article\",\"@id\":\"https:\\\/\\\/arealorcaradio.es\\\/index.php\\\/2025\\\/08\\\/27\\\/la-feria-chica-en-honor-a-la-patrona-de-lorca-da-el-pistoletazo-de-salida-el-4-de-septiembre-con-el-pregon-a-cargo-del-presidente-de-la-hermandad-virgen-de-las-huertas-pedro-millan\\\/#article\",\"isPartOf\":{\"@id\":\"https:\\\/\\\/arealorcaradio.es\\\/index.php\\\/2025\\\/08\\\/27\\\/la-feria-chica-en-honor-a-la-patrona-de-lorca-da-el-pistoletazo-de-salida-el-4-de-septiembre-con-el-pregon-a-cargo-del-presidente-de-la-hermandad-virgen-de-las-huertas-pedro-millan\\\/\"},\"author\":{\"name\":\"Paco S\u00e1nchez\",\"@id\":\"https:\\\/\\\/arealorcaradio.es\\\/#\\\/schema\\\/person\\\/9fae605fc25b0f2c83c1ab207139bd27\"},\"headline\":\"La &#8216;Feria Chica&#8217; en honor a la Patrona de Lorca da el pistoletazo de salida el 4 de septiembre, con el Preg\u00f3n a cargo del presidente de la Hermandad Virgen de las Huertas, Pedro Mill\u00e1n\",\"datePublished\":\"2025-08-27T09:55:26+00:00\",\"mainEntityOfPage\":{\"@id\":\"https:\\\/\\\/arealorcaradio.es\\\/index.php\\\/2025\\\/08\\\/27\\\/la-feria-chica-en-honor-a-la-patrona-de-lorca-da-el-pistoletazo-de-salida-el-4-de-septiembre-con-el-pregon-a-cargo-del-presidente-de-la-hermandad-virgen-de-las-huertas-pedro-millan\\\/\"},\"wordCount\":1306,\"commentCount\":0,\"image\":{\"@id\":\"https:\\\/\\\/arealorcaradio.es\\\/index.php\\\/2025\\\/08\\\/27\\\/la-feria-chica-en-honor-a-la-patrona-de-lorca-da-el-pistoletazo-de-salida-el-4-de-septiembre-con-el-pregon-a-cargo-del-presidente-de-la-hermandad-virgen-de-las-huertas-pedro-millan\\\/#primaryimage\"},\"thumbnailUrl\":\"https:\\\/\\\/arealorcaradio.es\\\/wp-content\\\/uploads\\\/2025\\\/08\\\/foto3-32.jpeg\",\"articleSection\":[\"ACTUALIDAD\",\"LORCA\"],\"inLanguage\":\"es\",\"potentialAction\":[{\"@type\":\"CommentAction\",\"name\":\"Comment\",\"target\":[\"https:\\\/\\\/arealorcaradio.es\\\/index.php\\\/2025\\\/08\\\/27\\\/la-feria-chica-en-honor-a-la-patrona-de-lorca-da-el-pistoletazo-de-salida-el-4-de-septiembre-con-el-pregon-a-cargo-del-presidente-de-la-hermandad-virgen-de-las-huertas-pedro-millan\\\/#respond\"]}]},{\"@type\":\"WebPage\",\"@id\":\"https:\\\/\\\/arealorcaradio.es\\\/index.php\\\/2025\\\/08\\\/27\\\/la-feria-chica-en-honor-a-la-patrona-de-lorca-da-el-pistoletazo-de-salida-el-4-de-septiembre-con-el-pregon-a-cargo-del-presidente-de-la-hermandad-virgen-de-las-huertas-pedro-millan\\\/\",\"url\":\"https:\\\/\\\/arealorcaradio.es\\\/index.php\\\/2025\\\/08\\\/27\\\/la-feria-chica-en-honor-a-la-patrona-de-lorca-da-el-pistoletazo-de-salida-el-4-de-septiembre-con-el-pregon-a-cargo-del-presidente-de-la-hermandad-virgen-de-las-huertas-pedro-millan\\\/\",\"name\":\"La 'Feria Chica' en honor a la Patrona de Lorca da el pistoletazo de salida el 4 de septiembre, con el Preg\u00f3n a cargo del presidente de la Hermandad Virgen de las Huertas, Pedro Mill\u00e1n - AREA LORCA RADIO\",\"isPartOf\":{\"@id\":\"https:\\\/\\\/arealorcaradio.es\\\/#website\"},\"primaryImageOfPage\":{\"@id\":\"https:\\\/\\\/arealorcaradio.es\\\/index.php\\\/2025\\\/08\\\/27\\\/la-feria-chica-en-honor-a-la-patrona-de-lorca-da-el-pistoletazo-de-salida-el-4-de-septiembre-con-el-pregon-a-cargo-del-presidente-de-la-hermandad-virgen-de-las-huertas-pedro-millan\\\/#primaryimage\"},\"image\":{\"@id\":\"https:\\\/\\\/arealorcaradio.es\\\/index.php\\\/2025\\\/08\\\/27\\\/la-feria-chica-en-honor-a-la-patrona-de-lorca-da-el-pistoletazo-de-salida-el-4-de-septiembre-con-el-pregon-a-cargo-del-presidente-de-la-hermandad-virgen-de-las-huertas-pedro-millan\\\/#primaryimage\"},\"thumbnailUrl\":\"https:\\\/\\\/arealorcaradio.es\\\/wp-content\\\/uploads\\\/2025\\\/08\\\/foto3-32.jpeg\",\"datePublished\":\"2025-08-27T09:55:26+00:00\",\"author\":{\"@id\":\"https:\\\/\\\/arealorcaradio.es\\\/#\\\/schema\\\/person\\\/9fae605fc25b0f2c83c1ab207139bd27\"},\"breadcrumb\":{\"@id\":\"https:\\\/\\\/arealorcaradio.es\\\/index.php\\\/2025\\\/08\\\/27\\\/la-feria-chica-en-honor-a-la-patrona-de-lorca-da-el-pistoletazo-de-salida-el-4-de-septiembre-con-el-pregon-a-cargo-del-presidente-de-la-hermandad-virgen-de-las-huertas-pedro-millan\\\/#breadcrumb\"},\"inLanguage\":\"es\",\"potentialAction\":[{\"@type\":\"ReadAction\",\"target\":[\"https:\\\/\\\/arealorcaradio.es\\\/index.php\\\/2025\\\/08\\\/27\\\/la-feria-chica-en-honor-a-la-patrona-de-lorca-da-el-pistoletazo-de-salida-el-4-de-septiembre-con-el-pregon-a-cargo-del-presidente-de-la-hermandad-virgen-de-las-huertas-pedro-millan\\\/\"]}]},{\"@type\":\"ImageObject\",\"inLanguage\":\"es\",\"@id\":\"https:\\\/\\\/arealorcaradio.es\\\/index.php\\\/2025\\\/08\\\/27\\\/la-feria-chica-en-honor-a-la-patrona-de-lorca-da-el-pistoletazo-de-salida-el-4-de-septiembre-con-el-pregon-a-cargo-del-presidente-de-la-hermandad-virgen-de-las-huertas-pedro-millan\\\/#primaryimage\",\"url\":\"https:\\\/\\\/arealorcaradio.es\\\/wp-content\\\/uploads\\\/2025\\\/08\\\/foto3-32.jpeg\",\"contentUrl\":\"https:\\\/\\\/arealorcaradio.es\\\/wp-content\\\/uploads\\\/2025\\\/08\\\/foto3-32.jpeg\",\"width\":2048,\"height\":1536},{\"@type\":\"BreadcrumbList\",\"@id\":\"https:\\\/\\\/arealorcaradio.es\\\/index.php\\\/2025\\\/08\\\/27\\\/la-feria-chica-en-honor-a-la-patrona-de-lorca-da-el-pistoletazo-de-salida-el-4-de-septiembre-con-el-pregon-a-cargo-del-presidente-de-la-hermandad-virgen-de-las-huertas-pedro-millan\\\/#breadcrumb\",\"itemListElement\":[{\"@type\":\"ListItem\",\"position\":1,\"name\":\"Portada\",\"item\":\"https:\\\/\\\/arealorcaradio.es\\\/\"},{\"@type\":\"ListItem\",\"position\":2,\"name\":\"La &#8216;Feria Chica&#8217; en honor a la Patrona de Lorca da el pistoletazo de salida el 4 de septiembre, con el Preg\u00f3n a cargo del presidente de la Hermandad Virgen de las Huertas, Pedro Mill\u00e1n\"}]},{\"@type\":\"WebSite\",\"@id\":\"https:\\\/\\\/arealorcaradio.es\\\/#website\",\"url\":\"https:\\\/\\\/arealorcaradio.es\\\/\",\"name\":\"AREA LORCA RADIO\",\"description\":\"Descubre la programaci\u00f3n actual en \u00c1rea Lorca Radio, tu fuente de entrenamiento y noticias locales. Sintoniza ahora y mantente conectado online.\",\"potentialAction\":[{\"@type\":\"SearchAction\",\"target\":{\"@type\":\"EntryPoint\",\"urlTemplate\":\"https:\\\/\\\/arealorcaradio.es\\\/?s={search_term_string}\"},\"query-input\":{\"@type\":\"PropertyValueSpecification\",\"valueRequired\":true,\"valueName\":\"search_term_string\"}}],\"inLanguage\":\"es\"},{\"@type\":\"Person\",\"@id\":\"https:\\\/\\\/arealorcaradio.es\\\/#\\\/schema\\\/person\\\/9fae605fc25b0f2c83c1ab207139bd27\",\"name\":\"Paco S\u00e1nchez\",\"image\":{\"@type\":\"ImageObject\",\"inLanguage\":\"es\",\"@id\":\"https:\\\/\\\/secure.gravatar.com\\\/avatar\\\/d67144e966420fb74aa84c9f2a0103be4724fd14db52b52d3b6bca749f257e79?s=96&d=mm&r=g\",\"url\":\"https:\\\/\\\/secure.gravatar.com\\\/avatar\\\/d67144e966420fb74aa84c9f2a0103be4724fd14db52b52d3b6bca749f257e79?s=96&d=mm&r=g\",\"contentUrl\":\"https:\\\/\\\/secure.gravatar.com\\\/avatar\\\/d67144e966420fb74aa84c9f2a0103be4724fd14db52b52d3b6bca749f257e79?s=96&d=mm&r=g\",\"caption\":\"Paco S\u00e1nchez\"},\"sameAs\":[\"https:\\\/\\\/arealorcaradio.es\"],\"url\":\"https:\\\/\\\/arealorcaradio.es\\\/index.php\\\/author\\\/admin_alorcaradio\\\/\"}]}<\/script>\n<!-- \/ Yoast SEO plugin. -->","yoast_head_json":{"title":"La 'Feria Chica' en honor a la Patrona de Lorca da el pistoletazo de salida el 4 de septiembre, con el Preg\u00f3n a cargo del presidente de la Hermandad Virgen de las Huertas, Pedro Mill\u00e1n - AREA LORCA RADIO","robots":{"index":"index","follow":"follow","max-snippet":"max-snippet:-1","max-image-preview":"max-image-preview:large","max-video-preview":"max-video-preview:-1"},"canonical":"https:\/\/arealorcaradio.es\/index.php\/2025\/08\/27\/la-feria-chica-en-honor-a-la-patrona-de-lorca-da-el-pistoletazo-de-salida-el-4-de-septiembre-con-el-pregon-a-cargo-del-presidente-de-la-hermandad-virgen-de-las-huertas-pedro-millan\/","og_locale":"es_ES","og_type":"article","og_title":"La 'Feria Chica' en honor a la Patrona de Lorca da el pistoletazo de salida el 4 de septiembre, con el Preg\u00f3n a cargo del presidente de la Hermandad Virgen de las Huertas, Pedro Mill\u00e1n - AREA LORCA RADIO","og_description":"\u00c1REA LORCA RADIO. Fiestas Patronales. Lorca, 27 de agosto de 2025. Con la &#8216;Feria Chica&#8217; arranca un septiembre repleto de actividades que continuar\u00e1n proyect\u00e1ndonos como un referente regional de ocio saludable, cultura y gastronom\u00eda. A estas celebraciones con car\u00e1cter tradicional, le seguir\u00e1n la Feria Grande&#8217; y la Feria de Artesan\u00eda de la Regi\u00f3n de Murcia, [&hellip;]","og_url":"https:\/\/arealorcaradio.es\/index.php\/2025\/08\/27\/la-feria-chica-en-honor-a-la-patrona-de-lorca-da-el-pistoletazo-de-salida-el-4-de-septiembre-con-el-pregon-a-cargo-del-presidente-de-la-hermandad-virgen-de-las-huertas-pedro-millan\/","og_site_name":"AREA LORCA RADIO","article_published_time":"2025-08-27T09:55:26+00:00","og_image":[{"width":2048,"height":1536,"url":"https:\/\/arealorcaradio.es\/wp-content\/uploads\/2025\/08\/foto3-32.jpeg","type":"image\/jpeg"}],"author":"Paco S\u00e1nchez","twitter_card":"summary_large_image","twitter_misc":{"Escrito por":"Paco S\u00e1nchez","Tiempo de lectura":"7 minutos"},"schema":{"@context":"https:\/\/schema.org","@graph":[{"@type":"Article","@id":"https:\/\/arealorcaradio.es\/index.php\/2025\/08\/27\/la-feria-chica-en-honor-a-la-patrona-de-lorca-da-el-pistoletazo-de-salida-el-4-de-septiembre-con-el-pregon-a-cargo-del-presidente-de-la-hermandad-virgen-de-las-huertas-pedro-millan\/#article","isPartOf":{"@id":"https:\/\/arealorcaradio.es\/index.php\/2025\/08\/27\/la-feria-chica-en-honor-a-la-patrona-de-lorca-da-el-pistoletazo-de-salida-el-4-de-septiembre-con-el-pregon-a-cargo-del-presidente-de-la-hermandad-virgen-de-las-huertas-pedro-millan\/"},"author":{"name":"Paco S\u00e1nchez","@id":"https:\/\/arealorcaradio.es\/#\/schema\/person\/9fae605fc25b0f2c83c1ab207139bd27"},"headline":"La &#8216;Feria Chica&#8217; en honor a la Patrona de Lorca da el pistoletazo de salida el 4 de septiembre, con el Preg\u00f3n a cargo del presidente de la Hermandad Virgen de las Huertas, Pedro Mill\u00e1n","datePublished":"2025-08-27T09:55:26+00:00","mainEntityOfPage":{"@id":"https:\/\/arealorcaradio.es\/index.php\/2025\/08\/27\/la-feria-chica-en-honor-a-la-patrona-de-lorca-da-el-pistoletazo-de-salida-el-4-de-septiembre-con-el-pregon-a-cargo-del-presidente-de-la-hermandad-virgen-de-las-huertas-pedro-millan\/"},"wordCount":1306,"commentCount":0,"image":{"@id":"https:\/\/arealorcaradio.es\/index.php\/2025\/08\/27\/la-feria-chica-en-honor-a-la-patrona-de-lorca-da-el-pistoletazo-de-salida-el-4-de-septiembre-con-el-pregon-a-cargo-del-presidente-de-la-hermandad-virgen-de-las-huertas-pedro-millan\/#primaryimage"},"thumbnailUrl":"https:\/\/arealorcaradio.es\/wp-content\/uploads\/2025\/08\/foto3-32.jpeg","articleSection":["ACTUALIDAD","LORCA"],"inLanguage":"es","potentialAction":[{"@type":"CommentAction","name":"Comment","target":["https:\/\/arealorcaradio.es\/index.php\/2025\/08\/27\/la-feria-chica-en-honor-a-la-patrona-de-lorca-da-el-pistoletazo-de-salida-el-4-de-septiembre-con-el-pregon-a-cargo-del-presidente-de-la-hermandad-virgen-de-las-huertas-pedro-millan\/#respond"]}]},{"@type":"WebPage","@id":"https:\/\/arealorcaradio.es\/index.php\/2025\/08\/27\/la-feria-chica-en-honor-a-la-patrona-de-lorca-da-el-pistoletazo-de-salida-el-4-de-septiembre-con-el-pregon-a-cargo-del-presidente-de-la-hermandad-virgen-de-las-huertas-pedro-millan\/","url":"https:\/\/arealorcaradio.es\/index.php\/2025\/08\/27\/la-feria-chica-en-honor-a-la-patrona-de-lorca-da-el-pistoletazo-de-salida-el-4-de-septiembre-con-el-pregon-a-cargo-del-presidente-de-la-hermandad-virgen-de-las-huertas-pedro-millan\/","name":"La 'Feria Chica' en honor a la Patrona de Lorca da el pistoletazo de salida el 4 de septiembre, con el Preg\u00f3n a cargo del presidente de la Hermandad Virgen de las Huertas, Pedro Mill\u00e1n - AREA LORCA RADIO","isPartOf":{"@id":"https:\/\/arealorcaradio.es\/#website"},"primaryImageOfPage":{"@id":"https:\/\/arealorcaradio.es\/index.php\/2025\/08\/27\/la-feria-chica-en-honor-a-la-patrona-de-lorca-da-el-pistoletazo-de-salida-el-4-de-septiembre-con-el-pregon-a-cargo-del-presidente-de-la-hermandad-virgen-de-las-huertas-pedro-millan\/#primaryimage"},"image":{"@id":"https:\/\/arealorcaradio.es\/index.php\/2025\/08\/27\/la-feria-chica-en-honor-a-la-patrona-de-lorca-da-el-pistoletazo-de-salida-el-4-de-septiembre-con-el-pregon-a-cargo-del-presidente-de-la-hermandad-virgen-de-las-huertas-pedro-millan\/#primaryimage"},"thumbnailUrl":"https:\/\/arealorcaradio.es\/wp-content\/uploads\/2025\/08\/foto3-32.jpeg","datePublished":"2025-08-27T09:55:26+00:00","author":{"@id":"https:\/\/arealorcaradio.es\/#\/schema\/person\/9fae605fc25b0f2c83c1ab207139bd27"},"breadcrumb":{"@id":"https:\/\/arealorcaradio.es\/index.php\/2025\/08\/27\/la-feria-chica-en-honor-a-la-patrona-de-lorca-da-el-pistoletazo-de-salida-el-4-de-septiembre-con-el-pregon-a-cargo-del-presidente-de-la-hermandad-virgen-de-las-huertas-pedro-millan\/#breadcrumb"},"inLanguage":"es","potentialAction":[{"@type":"ReadAction","target":["https:\/\/arealorcaradio.es\/index.php\/2025\/08\/27\/la-feria-chica-en-honor-a-la-patrona-de-lorca-da-el-pistoletazo-de-salida-el-4-de-septiembre-con-el-pregon-a-cargo-del-presidente-de-la-hermandad-virgen-de-las-huertas-pedro-millan\/"]}]},{"@type":"ImageObject","inLanguage":"es","@id":"https:\/\/arealorcaradio.es\/index.php\/2025\/08\/27\/la-feria-chica-en-honor-a-la-patrona-de-lorca-da-el-pistoletazo-de-salida-el-4-de-septiembre-con-el-pregon-a-cargo-del-presidente-de-la-hermandad-virgen-de-las-huertas-pedro-millan\/#primaryimage","url":"https:\/\/arealorcaradio.es\/wp-content\/uploads\/2025\/08\/foto3-32.jpeg","contentUrl":"https:\/\/arealorcaradio.es\/wp-content\/uploads\/2025\/08\/foto3-32.jpeg","width":2048,"height":1536},{"@type":"BreadcrumbList","@id":"https:\/\/arealorcaradio.es\/index.php\/2025\/08\/27\/la-feria-chica-en-honor-a-la-patrona-de-lorca-da-el-pistoletazo-de-salida-el-4-de-septiembre-con-el-pregon-a-cargo-del-presidente-de-la-hermandad-virgen-de-las-huertas-pedro-millan\/#breadcrumb","itemListElement":[{"@type":"ListItem","position":1,"name":"Portada","item":"https:\/\/arealorcaradio.es\/"},{"@type":"ListItem","position":2,"name":"La &#8216;Feria Chica&#8217; en honor a la Patrona de Lorca da el pistoletazo de salida el 4 de septiembre, con el Preg\u00f3n a cargo del presidente de la Hermandad Virgen de las Huertas, Pedro Mill\u00e1n"}]},{"@type":"WebSite","@id":"https:\/\/arealorcaradio.es\/#website","url":"https:\/\/arealorcaradio.es\/","name":"AREA LORCA RADIO","description":"Descubre la programaci\u00f3n actual en \u00c1rea Lorca Radio, tu fuente de entrenamiento y noticias locales. Sintoniza ahora y mantente conectado online.","potentialAction":[{"@type":"SearchAction","target":{"@type":"EntryPoint","urlTemplate":"https:\/\/arealorcaradio.es\/?s={search_term_string}"},"query-input":{"@type":"PropertyValueSpecification","valueRequired":true,"valueName":"search_term_string"}}],"inLanguage":"es"},{"@type":"Person","@id":"https:\/\/arealorcaradio.es\/#\/schema\/person\/9fae605fc25b0f2c83c1ab207139bd27","name":"Paco S\u00e1nchez","image":{"@type":"ImageObject","inLanguage":"es","@id":"https:\/\/secure.gravatar.com\/avatar\/d67144e966420fb74aa84c9f2a0103be4724fd14db52b52d3b6bca749f257e79?s=96&d=mm&r=g","url":"https:\/\/secure.gravatar.com\/avatar\/d67144e966420fb74aa84c9f2a0103be4724fd14db52b52d3b6bca749f257e79?s=96&d=mm&r=g","contentUrl":"https:\/\/secure.gravatar.com\/avatar\/d67144e966420fb74aa84c9f2a0103be4724fd14db52b52d3b6bca749f257e79?s=96&d=mm&r=g","caption":"Paco S\u00e1nchez"},"sameAs":["https:\/\/arealorcaradio.es"],"url":"https:\/\/arealorcaradio.es\/index.php\/author\/admin_alorcaradio\/"}]}},"_links":{"self":[{"href":"https:\/\/arealorcaradio.es\/index.php\/wp-json\/wp\/v2\/posts\/7606","targetHints":{"allow":["GET"]}}],"collection":[{"href":"https:\/\/arealorcaradio.es\/index.php\/wp-json\/wp\/v2\/posts"}],"about":[{"href":"https:\/\/arealorcaradio.es\/index.php\/wp-json\/wp\/v2\/types\/post"}],"author":[{"embeddable":true,"href":"https:\/\/arealorcaradio.es\/index.php\/wp-json\/wp\/v2\/users\/1"}],"replies":[{"embeddable":true,"href":"https:\/\/arealorcaradio.es\/index.php\/wp-json\/wp\/v2\/comments?post=7606"}],"version-history":[{"count":2,"href":"https:\/\/arealorcaradio.es\/index.php\/wp-json\/wp\/v2\/posts\/7606\/revisions"}],"predecessor-version":[{"id":7611,"href":"https:\/\/arealorcaradio.es\/index.php\/wp-json\/wp\/v2\/posts\/7606\/revisions\/7611"}],"wp:featuredmedia":[{"embeddable":true,"href":"https:\/\/arealorcaradio.es\/index.php\/wp-json\/wp\/v2\/media\/7607"}],"wp:attachment":[{"href":"https:\/\/arealorcaradio.es\/index.php\/wp-json\/wp\/v2\/media?parent=7606"}],"wp:term":[{"taxonomy":"category","embeddable":true,"href":"https:\/\/arealorcaradio.es\/index.php\/wp-json\/wp\/v2\/categories?post=7606"},{"taxonomy":"post_tag","embeddable":true,"href":"https:\/\/arealorcaradio.es\/index.php\/wp-json\/wp\/v2\/tags?post=7606"}],"curies":[{"name":"wp","href":"https:\/\/api.w.org\/{rel}","templated":true}]}}