{"id":7600,"date":"2025-08-27T09:48:38","date_gmt":"2025-08-27T09:48:38","guid":{"rendered":"https:\/\/arealorcaradio.es\/?p=7600"},"modified":"2025-08-27T09:48:51","modified_gmt":"2025-08-27T09:48:51","slug":"el-alcalde-de-lorca-fulgencio-gil-hace-entrega-de-un-remolque-a-la-asociacion-sonrisa-saharaui-para-la-distribucion-de-material-a-los-campamentos-de-refugiados","status":"publish","type":"post","link":"https:\/\/arealorcaradio.es\/index.php\/2025\/08\/27\/el-alcalde-de-lorca-fulgencio-gil-hace-entrega-de-un-remolque-a-la-asociacion-sonrisa-saharaui-para-la-distribucion-de-material-a-los-campamentos-de-refugiados\/","title":{"rendered":"El alcalde de Lorca, Fulgencio Gil, hace entrega de un remolque a la Asociaci\u00f3n Sonrisa Saharaui para la distribuci\u00f3n de material a los campamentos de refugiados"},"content":{"rendered":"<p><strong>\u00c1REA LORCA RADIO.<\/strong><\/p>\n<p class=\"v1MsoNormal\"><b><span lang=\"es\">Lorca, 27 de agosto de 2025.<\/span><\/b><span lang=\"es\"> En la ma\u00f1ana del pasado martes, la Instituci\u00f3n de Ferias y Congresos de Lorca, IFELOR, acog\u00eda el acto simb\u00f3lico de la entrega por parte del Ayuntamiento de Lorca a la Asociaci\u00f3n Sonrisa Saharaui, de un semi remolque destinado a las campa\u00f1as de recogida y distribuci\u00f3n de alimentos y diferentes recursos, llevadas a cabo por la Asociaci\u00f3n en campamentos de refugiado saharauis.<\/span><\/p>\n<p class=\"v1MsoNormal\"><span lang=\"es\"><img loading=\"lazy\" decoding=\"async\" class=\"alignnone size-medium wp-image-7602\" src=\"https:\/\/arealorcaradio.es\/wp-content\/uploads\/2025\/08\/foto3-31-300x225.jpeg\" alt=\"\" width=\"300\" height=\"225\" srcset=\"https:\/\/arealorcaradio.es\/wp-content\/uploads\/2025\/08\/foto3-31-300x225.jpeg 300w, https:\/\/arealorcaradio.es\/wp-content\/uploads\/2025\/08\/foto3-31-1024x768.jpeg 1024w, https:\/\/arealorcaradio.es\/wp-content\/uploads\/2025\/08\/foto3-31-768x576.jpeg 768w, https:\/\/arealorcaradio.es\/wp-content\/uploads\/2025\/08\/foto3-31-1536x1152.jpeg 1536w, https:\/\/arealorcaradio.es\/wp-content\/uploads\/2025\/08\/foto3-31-86x64.jpeg 86w, https:\/\/arealorcaradio.es\/wp-content\/uploads\/2025\/08\/foto3-31.jpeg 1600w\" sizes=\"auto, (max-width: 300px) 100vw, 300px\" \/> <img loading=\"lazy\" decoding=\"async\" class=\"alignnone size-medium wp-image-7603\" src=\"https:\/\/arealorcaradio.es\/wp-content\/uploads\/2025\/08\/foto4-22-300x225.jpeg\" alt=\"\" width=\"300\" height=\"225\" srcset=\"https:\/\/arealorcaradio.es\/wp-content\/uploads\/2025\/08\/foto4-22-300x225.jpeg 300w, https:\/\/arealorcaradio.es\/wp-content\/uploads\/2025\/08\/foto4-22-1024x768.jpeg 1024w, https:\/\/arealorcaradio.es\/wp-content\/uploads\/2025\/08\/foto4-22-768x576.jpeg 768w, https:\/\/arealorcaradio.es\/wp-content\/uploads\/2025\/08\/foto4-22-1536x1152.jpeg 1536w, https:\/\/arealorcaradio.es\/wp-content\/uploads\/2025\/08\/foto4-22-86x64.jpeg 86w, https:\/\/arealorcaradio.es\/wp-content\/uploads\/2025\/08\/foto4-22.jpeg 1600w\" sizes=\"auto, (max-width: 300px) 100vw, 300px\" \/><\/span><\/p>\n<p class=\"v1MsoNormal\"><span lang=\"es\">El acto, estuvo protagonizado por el alcalde de Lorca, Fulgencio Gil, y cont\u00f3 con la participaci\u00f3n de la concejala de Bienestar del Ayuntamiento de Molina de Segura, Roc\u00edo C\u00f3zar, a quien Gil J\u00f3dar agradeci\u00f3 enormemente su contribuci\u00f3n, \u00abpues gracias a la entrega por su parte de la cabeza tractora, finalmente se podr\u00e1 conformar el veh\u00edculo destinado a este fin solidario\u00bb.<\/span><\/p>\n<p class=\"v1MsoNormal\"><span lang=\"es\">Asimismo, agradeci\u00f3 a Domingo Fern\u00e1ndez, de Hermanos Fern\u00e1ndez Mula, y a Autoescuela Onway de Froet y Filardi, \u00abla donaci\u00f3n del remolque y de la cabeza tractora, respectivamente, \u00abpor su responsabilidad social y su aportaci\u00f3n desinteresada que supone una muestra de ayuda encomiable, sobre todo en los tiempos que corren\u00bb.<\/span><\/p>\n<p class=\"v1MsoNormal\"><span lang=\"es\">Fulgencio Gil tuvo unas palabras tambi\u00e9n para Sonrisa Saharaui, que ha estado representada en el acto por Juana Abenza, acompa\u00f1ada adem\u00e1s por varias familias y ni\u00f1os del programa &#8216;Vacaciones en paz&#8217;: \u00abla labor que desarroll\u00e1is es un ejemplo para todos, vuestros programas e iniciativas se centran en aquellos que m\u00e1s lo necesitan, personas en estado de vulnerabilidad extrema, refugiados que sufren las inclemencias de su situaci\u00f3n y de las circunstancias de los campamentos donde se encuentran. Cont\u00e1is con diferentes iniciativas para ayudar al pueblo Saharaui, desde &#8216;Vacaciones en paz&#8217;, con la acogida de ni\u00f1os en verano, hasta el &#8216;Proyecto Madrasa&#8217;, ofreciendo a los menores oportunidades educativas y de formaci\u00f3n, entre otros; por lo que, desde aqu\u00ed, quiero trasladaros todo nuestro apoyo\u00bb.<\/span><\/p>\n<p class=\"v1MsoNormal\"><span lang=\"es\">Este tr\u00e1iler, compuesto por el semi remolque de lona, de unos 14 metros de largo, aproximadamente, y la cabeza dar\u00e1 como resultado un veh\u00edculo especialmente dedicado a hacer grandes portes. Su objetivo: guardar alimentos, material sanitario o medicamentos, entre otros, para ser enviados a los campamentos de refugiados saharauis a trav\u00e9s de la \u00abCaravana solidaria\u00bb que partir\u00e1 en los pr\u00f3ximos meses del Puerto de Alicante, desde donde los materiales son transportados en barco, culminando la ejecuci\u00f3n a su llegada a los campamentos, donde son recibidos y distribuidos por Media luna Roja Saharaui.<\/span><\/p>\n","protected":false},"excerpt":{"rendered":"<p>\u00c1REA LORCA RADIO. Lorca, 27 de agosto de 2025. En la ma\u00f1ana del pasado martes, la Instituci\u00f3n de Ferias y Congresos de Lorca, IFELOR, acog\u00eda el acto simb\u00f3lico de la entrega por parte del Ayuntamiento de Lorca a la Asociaci\u00f3n Sonrisa Saharaui, de un semi remolque destinado a las campa\u00f1as de recogida y distribuci\u00f3n de [&hellip;]<\/p>\n","protected":false},"author":1,"featured_media":7601,"comment_status":"open","ping_status":"open","sticky":false,"template":"","format":"standard","meta":{"iawp_total_views":16,"footnotes":""},"categories":[5,7],"tags":[],"class_list":["post-7600","post","type-post","status-publish","format-standard","has-post-thumbnail","hentry","category-actualidad","category-lorca"],"yoast_head":"<!-- This site is optimized with the Yoast SEO plugin v27.4 - https:\/\/yoast.com\/product\/yoast-seo-wordpress\/ -->\n<title>El alcalde de Lorca, Fulgencio Gil, hace entrega de un remolque a la Asociaci\u00f3n Sonrisa Saharaui para la distribuci\u00f3n de material a los campamentos de refugiados - AREA LORCA RADIO<\/title>\n<meta name=\"robots\" content=\"index, follow, max-snippet:-1, max-image-preview:large, max-video-preview:-1\" \/>\n<link rel=\"canonical\" href=\"https:\/\/arealorcaradio.es\/index.php\/2025\/08\/27\/el-alcalde-de-lorca-fulgencio-gil-hace-entrega-de-un-remolque-a-la-asociacion-sonrisa-saharaui-para-la-distribucion-de-material-a-los-campamentos-de-refugiados\/\" \/>\n<meta property=\"og:locale\" content=\"es_ES\" \/>\n<meta property=\"og:type\" content=\"article\" \/>\n<meta property=\"og:title\" content=\"El alcalde de Lorca, Fulgencio Gil, hace entrega de un remolque a la Asociaci\u00f3n Sonrisa Saharaui para la distribuci\u00f3n de material a los campamentos de refugiados - AREA LORCA RADIO\" \/>\n<meta property=\"og:description\" content=\"\u00c1REA LORCA RADIO. Lorca, 27 de agosto de 2025. En la ma\u00f1ana del pasado martes, la Instituci\u00f3n de Ferias y Congresos de Lorca, IFELOR, acog\u00eda el acto simb\u00f3lico de la entrega por parte del Ayuntamiento de Lorca a la Asociaci\u00f3n Sonrisa Saharaui, de un semi remolque destinado a las campa\u00f1as de recogida y distribuci\u00f3n de [&hellip;]\" \/>\n<meta property=\"og:url\" content=\"https:\/\/arealorcaradio.es\/index.php\/2025\/08\/27\/el-alcalde-de-lorca-fulgencio-gil-hace-entrega-de-un-remolque-a-la-asociacion-sonrisa-saharaui-para-la-distribucion-de-material-a-los-campamentos-de-refugiados\/\" \/>\n<meta property=\"og:site_name\" content=\"AREA LORCA RADIO\" \/>\n<meta property=\"article:published_time\" content=\"2025-08-27T09:48:38+00:00\" \/>\n<meta property=\"article:modified_time\" content=\"2025-08-27T09:48:51+00:00\" \/>\n<meta property=\"og:image\" content=\"https:\/\/arealorcaradio.es\/wp-content\/uploads\/2025\/08\/foto1-48.jpeg\" \/>\n\t<meta property=\"og:image:width\" content=\"1600\" \/>\n\t<meta property=\"og:image:height\" content=\"1200\" \/>\n\t<meta property=\"og:image:type\" content=\"image\/jpeg\" \/>\n<meta name=\"author\" content=\"Paco S\u00e1nchez\" \/>\n<meta name=\"twitter:card\" content=\"summary_large_image\" \/>\n<meta name=\"twitter:label1\" content=\"Escrito por\" \/>\n\t<meta name=\"twitter:data1\" content=\"Paco S\u00e1nchez\" \/>\n\t<meta name=\"twitter:label2\" content=\"Tiempo de lectura\" \/>\n\t<meta name=\"twitter:data2\" content=\"3 minutos\" \/>\n<script type=\"application\/ld+json\" class=\"yoast-schema-graph\">{\"@context\":\"https:\\\/\\\/schema.org\",\"@graph\":[{\"@type\":\"Article\",\"@id\":\"https:\\\/\\\/arealorcaradio.es\\\/index.php\\\/2025\\\/08\\\/27\\\/el-alcalde-de-lorca-fulgencio-gil-hace-entrega-de-un-remolque-a-la-asociacion-sonrisa-saharaui-para-la-distribucion-de-material-a-los-campamentos-de-refugiados\\\/#article\",\"isPartOf\":{\"@id\":\"https:\\\/\\\/arealorcaradio.es\\\/index.php\\\/2025\\\/08\\\/27\\\/el-alcalde-de-lorca-fulgencio-gil-hace-entrega-de-un-remolque-a-la-asociacion-sonrisa-saharaui-para-la-distribucion-de-material-a-los-campamentos-de-refugiados\\\/\"},\"author\":{\"name\":\"Paco S\u00e1nchez\",\"@id\":\"https:\\\/\\\/arealorcaradio.es\\\/#\\\/schema\\\/person\\\/9fae605fc25b0f2c83c1ab207139bd27\"},\"headline\":\"El alcalde de Lorca, Fulgencio Gil, hace entrega de un remolque a la Asociaci\u00f3n Sonrisa Saharaui para la distribuci\u00f3n de material a los campamentos de refugiados\",\"datePublished\":\"2025-08-27T09:48:38+00:00\",\"dateModified\":\"2025-08-27T09:48:51+00:00\",\"mainEntityOfPage\":{\"@id\":\"https:\\\/\\\/arealorcaradio.es\\\/index.php\\\/2025\\\/08\\\/27\\\/el-alcalde-de-lorca-fulgencio-gil-hace-entrega-de-un-remolque-a-la-asociacion-sonrisa-saharaui-para-la-distribucion-de-material-a-los-campamentos-de-refugiados\\\/\"},\"wordCount\":450,\"commentCount\":0,\"image\":{\"@id\":\"https:\\\/\\\/arealorcaradio.es\\\/index.php\\\/2025\\\/08\\\/27\\\/el-alcalde-de-lorca-fulgencio-gil-hace-entrega-de-un-remolque-a-la-asociacion-sonrisa-saharaui-para-la-distribucion-de-material-a-los-campamentos-de-refugiados\\\/#primaryimage\"},\"thumbnailUrl\":\"https:\\\/\\\/arealorcaradio.es\\\/wp-content\\\/uploads\\\/2025\\\/08\\\/foto1-48.jpeg\",\"articleSection\":[\"ACTUALIDAD\",\"LORCA\"],\"inLanguage\":\"es\",\"potentialAction\":[{\"@type\":\"CommentAction\",\"name\":\"Comment\",\"target\":[\"https:\\\/\\\/arealorcaradio.es\\\/index.php\\\/2025\\\/08\\\/27\\\/el-alcalde-de-lorca-fulgencio-gil-hace-entrega-de-un-remolque-a-la-asociacion-sonrisa-saharaui-para-la-distribucion-de-material-a-los-campamentos-de-refugiados\\\/#respond\"]}]},{\"@type\":\"WebPage\",\"@id\":\"https:\\\/\\\/arealorcaradio.es\\\/index.php\\\/2025\\\/08\\\/27\\\/el-alcalde-de-lorca-fulgencio-gil-hace-entrega-de-un-remolque-a-la-asociacion-sonrisa-saharaui-para-la-distribucion-de-material-a-los-campamentos-de-refugiados\\\/\",\"url\":\"https:\\\/\\\/arealorcaradio.es\\\/index.php\\\/2025\\\/08\\\/27\\\/el-alcalde-de-lorca-fulgencio-gil-hace-entrega-de-un-remolque-a-la-asociacion-sonrisa-saharaui-para-la-distribucion-de-material-a-los-campamentos-de-refugiados\\\/\",\"name\":\"El alcalde de Lorca, Fulgencio Gil, hace entrega de un remolque a la Asociaci\u00f3n Sonrisa Saharaui para la distribuci\u00f3n de material a los campamentos de refugiados - AREA LORCA RADIO\",\"isPartOf\":{\"@id\":\"https:\\\/\\\/arealorcaradio.es\\\/#website\"},\"primaryImageOfPage\":{\"@id\":\"https:\\\/\\\/arealorcaradio.es\\\/index.php\\\/2025\\\/08\\\/27\\\/el-alcalde-de-lorca-fulgencio-gil-hace-entrega-de-un-remolque-a-la-asociacion-sonrisa-saharaui-para-la-distribucion-de-material-a-los-campamentos-de-refugiados\\\/#primaryimage\"},\"image\":{\"@id\":\"https:\\\/\\\/arealorcaradio.es\\\/index.php\\\/2025\\\/08\\\/27\\\/el-alcalde-de-lorca-fulgencio-gil-hace-entrega-de-un-remolque-a-la-asociacion-sonrisa-saharaui-para-la-distribucion-de-material-a-los-campamentos-de-refugiados\\\/#primaryimage\"},\"thumbnailUrl\":\"https:\\\/\\\/arealorcaradio.es\\\/wp-content\\\/uploads\\\/2025\\\/08\\\/foto1-48.jpeg\",\"datePublished\":\"2025-08-27T09:48:38+00:00\",\"dateModified\":\"2025-08-27T09:48:51+00:00\",\"author\":{\"@id\":\"https:\\\/\\\/arealorcaradio.es\\\/#\\\/schema\\\/person\\\/9fae605fc25b0f2c83c1ab207139bd27\"},\"breadcrumb\":{\"@id\":\"https:\\\/\\\/arealorcaradio.es\\\/index.php\\\/2025\\\/08\\\/27\\\/el-alcalde-de-lorca-fulgencio-gil-hace-entrega-de-un-remolque-a-la-asociacion-sonrisa-saharaui-para-la-distribucion-de-material-a-los-campamentos-de-refugiados\\\/#breadcrumb\"},\"inLanguage\":\"es\",\"potentialAction\":[{\"@type\":\"ReadAction\",\"target\":[\"https:\\\/\\\/arealorcaradio.es\\\/index.php\\\/2025\\\/08\\\/27\\\/el-alcalde-de-lorca-fulgencio-gil-hace-entrega-de-un-remolque-a-la-asociacion-sonrisa-saharaui-para-la-distribucion-de-material-a-los-campamentos-de-refugiados\\\/\"]}]},{\"@type\":\"ImageObject\",\"inLanguage\":\"es\",\"@id\":\"https:\\\/\\\/arealorcaradio.es\\\/index.php\\\/2025\\\/08\\\/27\\\/el-alcalde-de-lorca-fulgencio-gil-hace-entrega-de-un-remolque-a-la-asociacion-sonrisa-saharaui-para-la-distribucion-de-material-a-los-campamentos-de-refugiados\\\/#primaryimage\",\"url\":\"https:\\\/\\\/arealorcaradio.es\\\/wp-content\\\/uploads\\\/2025\\\/08\\\/foto1-48.jpeg\",\"contentUrl\":\"https:\\\/\\\/arealorcaradio.es\\\/wp-content\\\/uploads\\\/2025\\\/08\\\/foto1-48.jpeg\",\"width\":1600,\"height\":1200},{\"@type\":\"BreadcrumbList\",\"@id\":\"https:\\\/\\\/arealorcaradio.es\\\/index.php\\\/2025\\\/08\\\/27\\\/el-alcalde-de-lorca-fulgencio-gil-hace-entrega-de-un-remolque-a-la-asociacion-sonrisa-saharaui-para-la-distribucion-de-material-a-los-campamentos-de-refugiados\\\/#breadcrumb\",\"itemListElement\":[{\"@type\":\"ListItem\",\"position\":1,\"name\":\"Portada\",\"item\":\"https:\\\/\\\/arealorcaradio.es\\\/\"},{\"@type\":\"ListItem\",\"position\":2,\"name\":\"El alcalde de Lorca, Fulgencio Gil, hace entrega de un remolque a la Asociaci\u00f3n Sonrisa Saharaui para la distribuci\u00f3n de material a los campamentos de refugiados\"}]},{\"@type\":\"WebSite\",\"@id\":\"https:\\\/\\\/arealorcaradio.es\\\/#website\",\"url\":\"https:\\\/\\\/arealorcaradio.es\\\/\",\"name\":\"AREA LORCA RADIO\",\"description\":\"Descubre la programaci\u00f3n actual en \u00c1rea Lorca Radio, tu fuente de entrenamiento y noticias locales. Sintoniza ahora y mantente conectado online.\",\"potentialAction\":[{\"@type\":\"SearchAction\",\"target\":{\"@type\":\"EntryPoint\",\"urlTemplate\":\"https:\\\/\\\/arealorcaradio.es\\\/?s={search_term_string}\"},\"query-input\":{\"@type\":\"PropertyValueSpecification\",\"valueRequired\":true,\"valueName\":\"search_term_string\"}}],\"inLanguage\":\"es\"},{\"@type\":\"Person\",\"@id\":\"https:\\\/\\\/arealorcaradio.es\\\/#\\\/schema\\\/person\\\/9fae605fc25b0f2c83c1ab207139bd27\",\"name\":\"Paco S\u00e1nchez\",\"image\":{\"@type\":\"ImageObject\",\"inLanguage\":\"es\",\"@id\":\"https:\\\/\\\/secure.gravatar.com\\\/avatar\\\/d67144e966420fb74aa84c9f2a0103be4724fd14db52b52d3b6bca749f257e79?s=96&d=mm&r=g\",\"url\":\"https:\\\/\\\/secure.gravatar.com\\\/avatar\\\/d67144e966420fb74aa84c9f2a0103be4724fd14db52b52d3b6bca749f257e79?s=96&d=mm&r=g\",\"contentUrl\":\"https:\\\/\\\/secure.gravatar.com\\\/avatar\\\/d67144e966420fb74aa84c9f2a0103be4724fd14db52b52d3b6bca749f257e79?s=96&d=mm&r=g\",\"caption\":\"Paco S\u00e1nchez\"},\"sameAs\":[\"https:\\\/\\\/arealorcaradio.es\"],\"url\":\"https:\\\/\\\/arealorcaradio.es\\\/index.php\\\/author\\\/admin_alorcaradio\\\/\"}]}<\/script>\n<!-- \/ Yoast SEO plugin. -->","yoast_head_json":{"title":"El alcalde de Lorca, Fulgencio Gil, hace entrega de un remolque a la Asociaci\u00f3n Sonrisa Saharaui para la distribuci\u00f3n de material a los campamentos de refugiados - AREA LORCA RADIO","robots":{"index":"index","follow":"follow","max-snippet":"max-snippet:-1","max-image-preview":"max-image-preview:large","max-video-preview":"max-video-preview:-1"},"canonical":"https:\/\/arealorcaradio.es\/index.php\/2025\/08\/27\/el-alcalde-de-lorca-fulgencio-gil-hace-entrega-de-un-remolque-a-la-asociacion-sonrisa-saharaui-para-la-distribucion-de-material-a-los-campamentos-de-refugiados\/","og_locale":"es_ES","og_type":"article","og_title":"El alcalde de Lorca, Fulgencio Gil, hace entrega de un remolque a la Asociaci\u00f3n Sonrisa Saharaui para la distribuci\u00f3n de material a los campamentos de refugiados - AREA LORCA RADIO","og_description":"\u00c1REA LORCA RADIO. Lorca, 27 de agosto de 2025. En la ma\u00f1ana del pasado martes, la Instituci\u00f3n de Ferias y Congresos de Lorca, IFELOR, acog\u00eda el acto simb\u00f3lico de la entrega por parte del Ayuntamiento de Lorca a la Asociaci\u00f3n Sonrisa Saharaui, de un semi remolque destinado a las campa\u00f1as de recogida y distribuci\u00f3n de [&hellip;]","og_url":"https:\/\/arealorcaradio.es\/index.php\/2025\/08\/27\/el-alcalde-de-lorca-fulgencio-gil-hace-entrega-de-un-remolque-a-la-asociacion-sonrisa-saharaui-para-la-distribucion-de-material-a-los-campamentos-de-refugiados\/","og_site_name":"AREA LORCA RADIO","article_published_time":"2025-08-27T09:48:38+00:00","article_modified_time":"2025-08-27T09:48:51+00:00","og_image":[{"width":1600,"height":1200,"url":"https:\/\/arealorcaradio.es\/wp-content\/uploads\/2025\/08\/foto1-48.jpeg","type":"image\/jpeg"}],"author":"Paco S\u00e1nchez","twitter_card":"summary_large_image","twitter_misc":{"Escrito por":"Paco S\u00e1nchez","Tiempo de lectura":"3 minutos"},"schema":{"@context":"https:\/\/schema.org","@graph":[{"@type":"Article","@id":"https:\/\/arealorcaradio.es\/index.php\/2025\/08\/27\/el-alcalde-de-lorca-fulgencio-gil-hace-entrega-de-un-remolque-a-la-asociacion-sonrisa-saharaui-para-la-distribucion-de-material-a-los-campamentos-de-refugiados\/#article","isPartOf":{"@id":"https:\/\/arealorcaradio.es\/index.php\/2025\/08\/27\/el-alcalde-de-lorca-fulgencio-gil-hace-entrega-de-un-remolque-a-la-asociacion-sonrisa-saharaui-para-la-distribucion-de-material-a-los-campamentos-de-refugiados\/"},"author":{"name":"Paco S\u00e1nchez","@id":"https:\/\/arealorcaradio.es\/#\/schema\/person\/9fae605fc25b0f2c83c1ab207139bd27"},"headline":"El alcalde de Lorca, Fulgencio Gil, hace entrega de un remolque a la Asociaci\u00f3n Sonrisa Saharaui para la distribuci\u00f3n de material a los campamentos de refugiados","datePublished":"2025-08-27T09:48:38+00:00","dateModified":"2025-08-27T09:48:51+00:00","mainEntityOfPage":{"@id":"https:\/\/arealorcaradio.es\/index.php\/2025\/08\/27\/el-alcalde-de-lorca-fulgencio-gil-hace-entrega-de-un-remolque-a-la-asociacion-sonrisa-saharaui-para-la-distribucion-de-material-a-los-campamentos-de-refugiados\/"},"wordCount":450,"commentCount":0,"image":{"@id":"https:\/\/arealorcaradio.es\/index.php\/2025\/08\/27\/el-alcalde-de-lorca-fulgencio-gil-hace-entrega-de-un-remolque-a-la-asociacion-sonrisa-saharaui-para-la-distribucion-de-material-a-los-campamentos-de-refugiados\/#primaryimage"},"thumbnailUrl":"https:\/\/arealorcaradio.es\/wp-content\/uploads\/2025\/08\/foto1-48.jpeg","articleSection":["ACTUALIDAD","LORCA"],"inLanguage":"es","potentialAction":[{"@type":"CommentAction","name":"Comment","target":["https:\/\/arealorcaradio.es\/index.php\/2025\/08\/27\/el-alcalde-de-lorca-fulgencio-gil-hace-entrega-de-un-remolque-a-la-asociacion-sonrisa-saharaui-para-la-distribucion-de-material-a-los-campamentos-de-refugiados\/#respond"]}]},{"@type":"WebPage","@id":"https:\/\/arealorcaradio.es\/index.php\/2025\/08\/27\/el-alcalde-de-lorca-fulgencio-gil-hace-entrega-de-un-remolque-a-la-asociacion-sonrisa-saharaui-para-la-distribucion-de-material-a-los-campamentos-de-refugiados\/","url":"https:\/\/arealorcaradio.es\/index.php\/2025\/08\/27\/el-alcalde-de-lorca-fulgencio-gil-hace-entrega-de-un-remolque-a-la-asociacion-sonrisa-saharaui-para-la-distribucion-de-material-a-los-campamentos-de-refugiados\/","name":"El alcalde de Lorca, Fulgencio Gil, hace entrega de un remolque a la Asociaci\u00f3n Sonrisa Saharaui para la distribuci\u00f3n de material a los campamentos de refugiados - AREA LORCA RADIO","isPartOf":{"@id":"https:\/\/arealorcaradio.es\/#website"},"primaryImageOfPage":{"@id":"https:\/\/arealorcaradio.es\/index.php\/2025\/08\/27\/el-alcalde-de-lorca-fulgencio-gil-hace-entrega-de-un-remolque-a-la-asociacion-sonrisa-saharaui-para-la-distribucion-de-material-a-los-campamentos-de-refugiados\/#primaryimage"},"image":{"@id":"https:\/\/arealorcaradio.es\/index.php\/2025\/08\/27\/el-alcalde-de-lorca-fulgencio-gil-hace-entrega-de-un-remolque-a-la-asociacion-sonrisa-saharaui-para-la-distribucion-de-material-a-los-campamentos-de-refugiados\/#primaryimage"},"thumbnailUrl":"https:\/\/arealorcaradio.es\/wp-content\/uploads\/2025\/08\/foto1-48.jpeg","datePublished":"2025-08-27T09:48:38+00:00","dateModified":"2025-08-27T09:48:51+00:00","author":{"@id":"https:\/\/arealorcaradio.es\/#\/schema\/person\/9fae605fc25b0f2c83c1ab207139bd27"},"breadcrumb":{"@id":"https:\/\/arealorcaradio.es\/index.php\/2025\/08\/27\/el-alcalde-de-lorca-fulgencio-gil-hace-entrega-de-un-remolque-a-la-asociacion-sonrisa-saharaui-para-la-distribucion-de-material-a-los-campamentos-de-refugiados\/#breadcrumb"},"inLanguage":"es","potentialAction":[{"@type":"ReadAction","target":["https:\/\/arealorcaradio.es\/index.php\/2025\/08\/27\/el-alcalde-de-lorca-fulgencio-gil-hace-entrega-de-un-remolque-a-la-asociacion-sonrisa-saharaui-para-la-distribucion-de-material-a-los-campamentos-de-refugiados\/"]}]},{"@type":"ImageObject","inLanguage":"es","@id":"https:\/\/arealorcaradio.es\/index.php\/2025\/08\/27\/el-alcalde-de-lorca-fulgencio-gil-hace-entrega-de-un-remolque-a-la-asociacion-sonrisa-saharaui-para-la-distribucion-de-material-a-los-campamentos-de-refugiados\/#primaryimage","url":"https:\/\/arealorcaradio.es\/wp-content\/uploads\/2025\/08\/foto1-48.jpeg","contentUrl":"https:\/\/arealorcaradio.es\/wp-content\/uploads\/2025\/08\/foto1-48.jpeg","width":1600,"height":1200},{"@type":"BreadcrumbList","@id":"https:\/\/arealorcaradio.es\/index.php\/2025\/08\/27\/el-alcalde-de-lorca-fulgencio-gil-hace-entrega-de-un-remolque-a-la-asociacion-sonrisa-saharaui-para-la-distribucion-de-material-a-los-campamentos-de-refugiados\/#breadcrumb","itemListElement":[{"@type":"ListItem","position":1,"name":"Portada","item":"https:\/\/arealorcaradio.es\/"},{"@type":"ListItem","position":2,"name":"El alcalde de Lorca, Fulgencio Gil, hace entrega de un remolque a la Asociaci\u00f3n Sonrisa Saharaui para la distribuci\u00f3n de material a los campamentos de refugiados"}]},{"@type":"WebSite","@id":"https:\/\/arealorcaradio.es\/#website","url":"https:\/\/arealorcaradio.es\/","name":"AREA LORCA RADIO","description":"Descubre la programaci\u00f3n actual en \u00c1rea Lorca Radio, tu fuente de entrenamiento y noticias locales. Sintoniza ahora y mantente conectado online.","potentialAction":[{"@type":"SearchAction","target":{"@type":"EntryPoint","urlTemplate":"https:\/\/arealorcaradio.es\/?s={search_term_string}"},"query-input":{"@type":"PropertyValueSpecification","valueRequired":true,"valueName":"search_term_string"}}],"inLanguage":"es"},{"@type":"Person","@id":"https:\/\/arealorcaradio.es\/#\/schema\/person\/9fae605fc25b0f2c83c1ab207139bd27","name":"Paco S\u00e1nchez","image":{"@type":"ImageObject","inLanguage":"es","@id":"https:\/\/secure.gravatar.com\/avatar\/d67144e966420fb74aa84c9f2a0103be4724fd14db52b52d3b6bca749f257e79?s=96&d=mm&r=g","url":"https:\/\/secure.gravatar.com\/avatar\/d67144e966420fb74aa84c9f2a0103be4724fd14db52b52d3b6bca749f257e79?s=96&d=mm&r=g","contentUrl":"https:\/\/secure.gravatar.com\/avatar\/d67144e966420fb74aa84c9f2a0103be4724fd14db52b52d3b6bca749f257e79?s=96&d=mm&r=g","caption":"Paco S\u00e1nchez"},"sameAs":["https:\/\/arealorcaradio.es"],"url":"https:\/\/arealorcaradio.es\/index.php\/author\/admin_alorcaradio\/"}]}},"_links":{"self":[{"href":"https:\/\/arealorcaradio.es\/index.php\/wp-json\/wp\/v2\/posts\/7600","targetHints":{"allow":["GET"]}}],"collection":[{"href":"https:\/\/arealorcaradio.es\/index.php\/wp-json\/wp\/v2\/posts"}],"about":[{"href":"https:\/\/arealorcaradio.es\/index.php\/wp-json\/wp\/v2\/types\/post"}],"author":[{"embeddable":true,"href":"https:\/\/arealorcaradio.es\/index.php\/wp-json\/wp\/v2\/users\/1"}],"replies":[{"embeddable":true,"href":"https:\/\/arealorcaradio.es\/index.php\/wp-json\/wp\/v2\/comments?post=7600"}],"version-history":[{"count":2,"href":"https:\/\/arealorcaradio.es\/index.php\/wp-json\/wp\/v2\/posts\/7600\/revisions"}],"predecessor-version":[{"id":7605,"href":"https:\/\/arealorcaradio.es\/index.php\/wp-json\/wp\/v2\/posts\/7600\/revisions\/7605"}],"wp:featuredmedia":[{"embeddable":true,"href":"https:\/\/arealorcaradio.es\/index.php\/wp-json\/wp\/v2\/media\/7601"}],"wp:attachment":[{"href":"https:\/\/arealorcaradio.es\/index.php\/wp-json\/wp\/v2\/media?parent=7600"}],"wp:term":[{"taxonomy":"category","embeddable":true,"href":"https:\/\/arealorcaradio.es\/index.php\/wp-json\/wp\/v2\/categories?post=7600"},{"taxonomy":"post_tag","embeddable":true,"href":"https:\/\/arealorcaradio.es\/index.php\/wp-json\/wp\/v2\/tags?post=7600"}],"curies":[{"name":"wp","href":"https:\/\/api.w.org\/{rel}","templated":true}]}}