{"id":760,"date":"2023-05-04T17:03:32","date_gmt":"2023-05-04T17:03:32","guid":{"rendered":"https:\/\/arealorcaradio.es\/?p=760"},"modified":"2023-05-17T14:21:14","modified_gmt":"2023-05-17T14:21:14","slug":"el-sabado-13-de-mayo-desde-las-11-horas-se-celebra-la-ii-convivencia-cultural-el-flori","status":"publish","type":"post","link":"https:\/\/arealorcaradio.es\/index.php\/2023\/05\/04\/el-sabado-13-de-mayo-desde-las-11-horas-se-celebra-la-ii-convivencia-cultural-el-flori\/","title":{"rendered":"El s\u00e1bado 13 de mayo desde las 11 horas se celebra la II Convivencia Cultural \u00abEl Flori\u00bb"},"content":{"rendered":"<p>\u00c1REA LORCA RADIO.<\/p>\n<p>Antonio Vidal, miembro de la Asociaci\u00f3n Cultural Jos\u00e9 Alberto Lario Bastida \u00abEl Flori\u00bb y musico de la banda Debaho Band, nos habla en \u00c1rea Lorca Actualidad del amplio programa de actividades que han preparado para toda la jornada de ese d\u00eda 13 de mayo.<\/p>\n<audio class=\"wp-audio-shortcode\" id=\"audio-760-1\" preload=\"none\" style=\"width: 100%;\" controls=\"controls\"><source type=\"audio\/mpeg\" src=\"https:\/\/arealorcaradio.es\/wp-content\/uploads\/2023\/05\/040523-ANTONIO-VIDAL.-DEBAHO-BAND.mp3?_=1\" \/><a href=\"https:\/\/arealorcaradio.es\/wp-content\/uploads\/2023\/05\/040523-ANTONIO-VIDAL.-DEBAHO-BAND.mp3\">https:\/\/arealorcaradio.es\/wp-content\/uploads\/2023\/05\/040523-ANTONIO-VIDAL.-DEBAHO-BAND.mp3<\/a><\/audio>\n<p><img loading=\"lazy\" decoding=\"async\" class=\"alignnone wp-image-762\" src=\"https:\/\/arealorcaradio.es\/wp-content\/uploads\/2023\/05\/1682594624976-212x300.jpg\" alt=\"\" width=\"233\" height=\"330\" srcset=\"https:\/\/arealorcaradio.es\/wp-content\/uploads\/2023\/05\/1682594624976-212x300.jpg 212w, https:\/\/arealorcaradio.es\/wp-content\/uploads\/2023\/05\/1682594624976-724x1024.jpg 724w, https:\/\/arealorcaradio.es\/wp-content\/uploads\/2023\/05\/1682594624976-768x1086.jpg 768w, https:\/\/arealorcaradio.es\/wp-content\/uploads\/2023\/05\/1682594624976.jpg 976w\" sizes=\"auto, (max-width: 233px) 100vw, 233px\" \/> \u00a0 <img loading=\"lazy\" decoding=\"async\" class=\"alignnone wp-image-763\" src=\"https:\/\/arealorcaradio.es\/wp-content\/uploads\/2023\/05\/20230504_164524-300x225.jpg\" alt=\"\" width=\"299\" height=\"224\" srcset=\"https:\/\/arealorcaradio.es\/wp-content\/uploads\/2023\/05\/20230504_164524-300x225.jpg 300w, https:\/\/arealorcaradio.es\/wp-content\/uploads\/2023\/05\/20230504_164524-1024x768.jpg 1024w, https:\/\/arealorcaradio.es\/wp-content\/uploads\/2023\/05\/20230504_164524-768x576.jpg 768w, https:\/\/arealorcaradio.es\/wp-content\/uploads\/2023\/05\/20230504_164524-1536x1152.jpg 1536w, https:\/\/arealorcaradio.es\/wp-content\/uploads\/2023\/05\/20230504_164524-2048x1536.jpg 2048w, https:\/\/arealorcaradio.es\/wp-content\/uploads\/2023\/05\/20230504_164524-86x64.jpg 86w\" sizes=\"auto, (max-width: 299px) 100vw, 299px\" \/><\/p>\n","protected":false},"excerpt":{"rendered":"<p>\u00c1REA LORCA RADIO. Antonio Vidal, miembro de la Asociaci\u00f3n Cultural Jos\u00e9 Alberto Lario Bastida \u00abEl Flori\u00bb y musico de la banda Debaho Band, nos habla en \u00c1rea Lorca Actualidad del amplio programa de actividades que han preparado para toda la jornada de ese d\u00eda 13 de mayo. \u00a0<\/p>\n","protected":false},"author":1,"featured_media":764,"comment_status":"open","ping_status":"open","sticky":false,"template":"","format":"standard","meta":{"iawp_total_views":4,"footnotes":""},"categories":[5],"tags":[],"class_list":["post-760","post","type-post","status-publish","format-standard","has-post-thumbnail","hentry","category-actualidad"],"yoast_head":"<!-- This site is optimized with the Yoast SEO plugin v27.5 - https:\/\/yoast.com\/product\/yoast-seo-wordpress\/ -->\n<title>El s\u00e1bado 13 de mayo desde las 11 horas se celebra la II Convivencia Cultural &quot;El Flori&quot; - AREA LORCA RADIO<\/title>\n<meta name=\"robots\" content=\"index, follow, max-snippet:-1, max-image-preview:large, max-video-preview:-1\" \/>\n<link rel=\"canonical\" href=\"https:\/\/arealorcaradio.es\/index.php\/2023\/05\/04\/el-sabado-13-de-mayo-desde-las-11-horas-se-celebra-la-ii-convivencia-cultural-el-flori\/\" \/>\n<meta property=\"og:locale\" content=\"es_ES\" \/>\n<meta property=\"og:type\" content=\"article\" \/>\n<meta property=\"og:title\" content=\"El s\u00e1bado 13 de mayo desde las 11 horas se celebra la II Convivencia Cultural &quot;El Flori&quot; - AREA LORCA RADIO\" \/>\n<meta property=\"og:description\" content=\"\u00c1REA LORCA RADIO. Antonio Vidal, miembro de la Asociaci\u00f3n Cultural Jos\u00e9 Alberto Lario Bastida \u00abEl Flori\u00bb y musico de la banda Debaho Band, nos habla en \u00c1rea Lorca Actualidad del amplio programa de actividades que han preparado para toda la jornada de ese d\u00eda 13 de mayo. \u00a0\" \/>\n<meta property=\"og:url\" content=\"https:\/\/arealorcaradio.es\/index.php\/2023\/05\/04\/el-sabado-13-de-mayo-desde-las-11-horas-se-celebra-la-ii-convivencia-cultural-el-flori\/\" \/>\n<meta property=\"og:site_name\" content=\"AREA LORCA RADIO\" \/>\n<meta property=\"article:published_time\" content=\"2023-05-04T17:03:32+00:00\" \/>\n<meta property=\"article:modified_time\" content=\"2023-05-17T14:21:14+00:00\" \/>\n<meta property=\"og:image\" content=\"https:\/\/arealorcaradio.es\/wp-content\/uploads\/2023\/05\/20230504_164501-scaled.jpg\" \/>\n\t<meta property=\"og:image:width\" content=\"2560\" \/>\n\t<meta property=\"og:image:height\" content=\"1920\" \/>\n\t<meta property=\"og:image:type\" content=\"image\/jpeg\" \/>\n<meta name=\"author\" content=\"Paco S\u00e1nchez\" \/>\n<meta name=\"twitter:card\" content=\"summary_large_image\" \/>\n<meta name=\"twitter:label1\" content=\"Escrito por\" \/>\n\t<meta name=\"twitter:data1\" content=\"Paco S\u00e1nchez\" \/>\n\t<meta name=\"twitter:label2\" content=\"Tiempo de lectura\" \/>\n\t<meta name=\"twitter:data2\" content=\"1 minuto\" \/>\n<script type=\"application\/ld+json\" class=\"yoast-schema-graph\">{\"@context\":\"https:\\\/\\\/schema.org\",\"@graph\":[{\"@type\":\"Article\",\"@id\":\"https:\\\/\\\/arealorcaradio.es\\\/index.php\\\/2023\\\/05\\\/04\\\/el-sabado-13-de-mayo-desde-las-11-horas-se-celebra-la-ii-convivencia-cultural-el-flori\\\/#article\",\"isPartOf\":{\"@id\":\"https:\\\/\\\/arealorcaradio.es\\\/index.php\\\/2023\\\/05\\\/04\\\/el-sabado-13-de-mayo-desde-las-11-horas-se-celebra-la-ii-convivencia-cultural-el-flori\\\/\"},\"author\":{\"name\":\"Paco S\u00e1nchez\",\"@id\":\"https:\\\/\\\/arealorcaradio.es\\\/#\\\/schema\\\/person\\\/9fae605fc25b0f2c83c1ab207139bd27\"},\"headline\":\"El s\u00e1bado 13 de mayo desde las 11 horas se celebra la II Convivencia Cultural \u00abEl Flori\u00bb\",\"datePublished\":\"2023-05-04T17:03:32+00:00\",\"dateModified\":\"2023-05-17T14:21:14+00:00\",\"mainEntityOfPage\":{\"@id\":\"https:\\\/\\\/arealorcaradio.es\\\/index.php\\\/2023\\\/05\\\/04\\\/el-sabado-13-de-mayo-desde-las-11-horas-se-celebra-la-ii-convivencia-cultural-el-flori\\\/\"},\"wordCount\":75,\"commentCount\":0,\"image\":{\"@id\":\"https:\\\/\\\/arealorcaradio.es\\\/index.php\\\/2023\\\/05\\\/04\\\/el-sabado-13-de-mayo-desde-las-11-horas-se-celebra-la-ii-convivencia-cultural-el-flori\\\/#primaryimage\"},\"thumbnailUrl\":\"https:\\\/\\\/arealorcaradio.es\\\/wp-content\\\/uploads\\\/2023\\\/05\\\/20230504_164501-scaled.jpg\",\"articleSection\":[\"ACTUALIDAD\"],\"inLanguage\":\"es\",\"potentialAction\":[{\"@type\":\"CommentAction\",\"name\":\"Comment\",\"target\":[\"https:\\\/\\\/arealorcaradio.es\\\/index.php\\\/2023\\\/05\\\/04\\\/el-sabado-13-de-mayo-desde-las-11-horas-se-celebra-la-ii-convivencia-cultural-el-flori\\\/#respond\"]}]},{\"@type\":\"WebPage\",\"@id\":\"https:\\\/\\\/arealorcaradio.es\\\/index.php\\\/2023\\\/05\\\/04\\\/el-sabado-13-de-mayo-desde-las-11-horas-se-celebra-la-ii-convivencia-cultural-el-flori\\\/\",\"url\":\"https:\\\/\\\/arealorcaradio.es\\\/index.php\\\/2023\\\/05\\\/04\\\/el-sabado-13-de-mayo-desde-las-11-horas-se-celebra-la-ii-convivencia-cultural-el-flori\\\/\",\"name\":\"El s\u00e1bado 13 de mayo desde las 11 horas se celebra la II Convivencia Cultural \\\"El Flori\\\" - AREA LORCA RADIO\",\"isPartOf\":{\"@id\":\"https:\\\/\\\/arealorcaradio.es\\\/#website\"},\"primaryImageOfPage\":{\"@id\":\"https:\\\/\\\/arealorcaradio.es\\\/index.php\\\/2023\\\/05\\\/04\\\/el-sabado-13-de-mayo-desde-las-11-horas-se-celebra-la-ii-convivencia-cultural-el-flori\\\/#primaryimage\"},\"image\":{\"@id\":\"https:\\\/\\\/arealorcaradio.es\\\/index.php\\\/2023\\\/05\\\/04\\\/el-sabado-13-de-mayo-desde-las-11-horas-se-celebra-la-ii-convivencia-cultural-el-flori\\\/#primaryimage\"},\"thumbnailUrl\":\"https:\\\/\\\/arealorcaradio.es\\\/wp-content\\\/uploads\\\/2023\\\/05\\\/20230504_164501-scaled.jpg\",\"datePublished\":\"2023-05-04T17:03:32+00:00\",\"dateModified\":\"2023-05-17T14:21:14+00:00\",\"author\":{\"@id\":\"https:\\\/\\\/arealorcaradio.es\\\/#\\\/schema\\\/person\\\/9fae605fc25b0f2c83c1ab207139bd27\"},\"breadcrumb\":{\"@id\":\"https:\\\/\\\/arealorcaradio.es\\\/index.php\\\/2023\\\/05\\\/04\\\/el-sabado-13-de-mayo-desde-las-11-horas-se-celebra-la-ii-convivencia-cultural-el-flori\\\/#breadcrumb\"},\"inLanguage\":\"es\",\"potentialAction\":[{\"@type\":\"ReadAction\",\"target\":[\"https:\\\/\\\/arealorcaradio.es\\\/index.php\\\/2023\\\/05\\\/04\\\/el-sabado-13-de-mayo-desde-las-11-horas-se-celebra-la-ii-convivencia-cultural-el-flori\\\/\"]}]},{\"@type\":\"ImageObject\",\"inLanguage\":\"es\",\"@id\":\"https:\\\/\\\/arealorcaradio.es\\\/index.php\\\/2023\\\/05\\\/04\\\/el-sabado-13-de-mayo-desde-las-11-horas-se-celebra-la-ii-convivencia-cultural-el-flori\\\/#primaryimage\",\"url\":\"https:\\\/\\\/arealorcaradio.es\\\/wp-content\\\/uploads\\\/2023\\\/05\\\/20230504_164501-scaled.jpg\",\"contentUrl\":\"https:\\\/\\\/arealorcaradio.es\\\/wp-content\\\/uploads\\\/2023\\\/05\\\/20230504_164501-scaled.jpg\",\"width\":2560,\"height\":1920},{\"@type\":\"BreadcrumbList\",\"@id\":\"https:\\\/\\\/arealorcaradio.es\\\/index.php\\\/2023\\\/05\\\/04\\\/el-sabado-13-de-mayo-desde-las-11-horas-se-celebra-la-ii-convivencia-cultural-el-flori\\\/#breadcrumb\",\"itemListElement\":[{\"@type\":\"ListItem\",\"position\":1,\"name\":\"Portada\",\"item\":\"https:\\\/\\\/arealorcaradio.es\\\/\"},{\"@type\":\"ListItem\",\"position\":2,\"name\":\"El s\u00e1bado 13 de mayo desde las 11 horas se celebra la II Convivencia Cultural \u00abEl Flori\u00bb\"}]},{\"@type\":\"WebSite\",\"@id\":\"https:\\\/\\\/arealorcaradio.es\\\/#website\",\"url\":\"https:\\\/\\\/arealorcaradio.es\\\/\",\"name\":\"AREA LORCA RADIO\",\"description\":\"Descubre la programaci\u00f3n actual en \u00c1rea Lorca Radio, tu fuente de entrenamiento y noticias locales. Sintoniza ahora y mantente conectado online.\",\"potentialAction\":[{\"@type\":\"SearchAction\",\"target\":{\"@type\":\"EntryPoint\",\"urlTemplate\":\"https:\\\/\\\/arealorcaradio.es\\\/?s={search_term_string}\"},\"query-input\":{\"@type\":\"PropertyValueSpecification\",\"valueRequired\":true,\"valueName\":\"search_term_string\"}}],\"inLanguage\":\"es\"},{\"@type\":\"Person\",\"@id\":\"https:\\\/\\\/arealorcaradio.es\\\/#\\\/schema\\\/person\\\/9fae605fc25b0f2c83c1ab207139bd27\",\"name\":\"Paco S\u00e1nchez\",\"image\":{\"@type\":\"ImageObject\",\"inLanguage\":\"es\",\"@id\":\"https:\\\/\\\/secure.gravatar.com\\\/avatar\\\/d67144e966420fb74aa84c9f2a0103be4724fd14db52b52d3b6bca749f257e79?s=96&d=mm&r=g\",\"url\":\"https:\\\/\\\/secure.gravatar.com\\\/avatar\\\/d67144e966420fb74aa84c9f2a0103be4724fd14db52b52d3b6bca749f257e79?s=96&d=mm&r=g\",\"contentUrl\":\"https:\\\/\\\/secure.gravatar.com\\\/avatar\\\/d67144e966420fb74aa84c9f2a0103be4724fd14db52b52d3b6bca749f257e79?s=96&d=mm&r=g\",\"caption\":\"Paco S\u00e1nchez\"},\"sameAs\":[\"https:\\\/\\\/arealorcaradio.es\"],\"url\":\"https:\\\/\\\/arealorcaradio.es\\\/index.php\\\/author\\\/admin_alorcaradio\\\/\"}]}<\/script>\n<!-- \/ Yoast SEO plugin. -->","yoast_head_json":{"title":"El s\u00e1bado 13 de mayo desde las 11 horas se celebra la II Convivencia Cultural \"El Flori\" - AREA LORCA RADIO","robots":{"index":"index","follow":"follow","max-snippet":"max-snippet:-1","max-image-preview":"max-image-preview:large","max-video-preview":"max-video-preview:-1"},"canonical":"https:\/\/arealorcaradio.es\/index.php\/2023\/05\/04\/el-sabado-13-de-mayo-desde-las-11-horas-se-celebra-la-ii-convivencia-cultural-el-flori\/","og_locale":"es_ES","og_type":"article","og_title":"El s\u00e1bado 13 de mayo desde las 11 horas se celebra la II Convivencia Cultural \"El Flori\" - AREA LORCA RADIO","og_description":"\u00c1REA LORCA RADIO. Antonio Vidal, miembro de la Asociaci\u00f3n Cultural Jos\u00e9 Alberto Lario Bastida \u00abEl Flori\u00bb y musico de la banda Debaho Band, nos habla en \u00c1rea Lorca Actualidad del amplio programa de actividades que han preparado para toda la jornada de ese d\u00eda 13 de mayo. \u00a0","og_url":"https:\/\/arealorcaradio.es\/index.php\/2023\/05\/04\/el-sabado-13-de-mayo-desde-las-11-horas-se-celebra-la-ii-convivencia-cultural-el-flori\/","og_site_name":"AREA LORCA RADIO","article_published_time":"2023-05-04T17:03:32+00:00","article_modified_time":"2023-05-17T14:21:14+00:00","og_image":[{"width":2560,"height":1920,"url":"https:\/\/arealorcaradio.es\/wp-content\/uploads\/2023\/05\/20230504_164501-scaled.jpg","type":"image\/jpeg"}],"author":"Paco S\u00e1nchez","twitter_card":"summary_large_image","twitter_misc":{"Escrito por":"Paco S\u00e1nchez","Tiempo de lectura":"1 minuto"},"schema":{"@context":"https:\/\/schema.org","@graph":[{"@type":"Article","@id":"https:\/\/arealorcaradio.es\/index.php\/2023\/05\/04\/el-sabado-13-de-mayo-desde-las-11-horas-se-celebra-la-ii-convivencia-cultural-el-flori\/#article","isPartOf":{"@id":"https:\/\/arealorcaradio.es\/index.php\/2023\/05\/04\/el-sabado-13-de-mayo-desde-las-11-horas-se-celebra-la-ii-convivencia-cultural-el-flori\/"},"author":{"name":"Paco S\u00e1nchez","@id":"https:\/\/arealorcaradio.es\/#\/schema\/person\/9fae605fc25b0f2c83c1ab207139bd27"},"headline":"El s\u00e1bado 13 de mayo desde las 11 horas se celebra la II Convivencia Cultural \u00abEl Flori\u00bb","datePublished":"2023-05-04T17:03:32+00:00","dateModified":"2023-05-17T14:21:14+00:00","mainEntityOfPage":{"@id":"https:\/\/arealorcaradio.es\/index.php\/2023\/05\/04\/el-sabado-13-de-mayo-desde-las-11-horas-se-celebra-la-ii-convivencia-cultural-el-flori\/"},"wordCount":75,"commentCount":0,"image":{"@id":"https:\/\/arealorcaradio.es\/index.php\/2023\/05\/04\/el-sabado-13-de-mayo-desde-las-11-horas-se-celebra-la-ii-convivencia-cultural-el-flori\/#primaryimage"},"thumbnailUrl":"https:\/\/arealorcaradio.es\/wp-content\/uploads\/2023\/05\/20230504_164501-scaled.jpg","articleSection":["ACTUALIDAD"],"inLanguage":"es","potentialAction":[{"@type":"CommentAction","name":"Comment","target":["https:\/\/arealorcaradio.es\/index.php\/2023\/05\/04\/el-sabado-13-de-mayo-desde-las-11-horas-se-celebra-la-ii-convivencia-cultural-el-flori\/#respond"]}]},{"@type":"WebPage","@id":"https:\/\/arealorcaradio.es\/index.php\/2023\/05\/04\/el-sabado-13-de-mayo-desde-las-11-horas-se-celebra-la-ii-convivencia-cultural-el-flori\/","url":"https:\/\/arealorcaradio.es\/index.php\/2023\/05\/04\/el-sabado-13-de-mayo-desde-las-11-horas-se-celebra-la-ii-convivencia-cultural-el-flori\/","name":"El s\u00e1bado 13 de mayo desde las 11 horas se celebra la II Convivencia Cultural \"El Flori\" - AREA LORCA RADIO","isPartOf":{"@id":"https:\/\/arealorcaradio.es\/#website"},"primaryImageOfPage":{"@id":"https:\/\/arealorcaradio.es\/index.php\/2023\/05\/04\/el-sabado-13-de-mayo-desde-las-11-horas-se-celebra-la-ii-convivencia-cultural-el-flori\/#primaryimage"},"image":{"@id":"https:\/\/arealorcaradio.es\/index.php\/2023\/05\/04\/el-sabado-13-de-mayo-desde-las-11-horas-se-celebra-la-ii-convivencia-cultural-el-flori\/#primaryimage"},"thumbnailUrl":"https:\/\/arealorcaradio.es\/wp-content\/uploads\/2023\/05\/20230504_164501-scaled.jpg","datePublished":"2023-05-04T17:03:32+00:00","dateModified":"2023-05-17T14:21:14+00:00","author":{"@id":"https:\/\/arealorcaradio.es\/#\/schema\/person\/9fae605fc25b0f2c83c1ab207139bd27"},"breadcrumb":{"@id":"https:\/\/arealorcaradio.es\/index.php\/2023\/05\/04\/el-sabado-13-de-mayo-desde-las-11-horas-se-celebra-la-ii-convivencia-cultural-el-flori\/#breadcrumb"},"inLanguage":"es","potentialAction":[{"@type":"ReadAction","target":["https:\/\/arealorcaradio.es\/index.php\/2023\/05\/04\/el-sabado-13-de-mayo-desde-las-11-horas-se-celebra-la-ii-convivencia-cultural-el-flori\/"]}]},{"@type":"ImageObject","inLanguage":"es","@id":"https:\/\/arealorcaradio.es\/index.php\/2023\/05\/04\/el-sabado-13-de-mayo-desde-las-11-horas-se-celebra-la-ii-convivencia-cultural-el-flori\/#primaryimage","url":"https:\/\/arealorcaradio.es\/wp-content\/uploads\/2023\/05\/20230504_164501-scaled.jpg","contentUrl":"https:\/\/arealorcaradio.es\/wp-content\/uploads\/2023\/05\/20230504_164501-scaled.jpg","width":2560,"height":1920},{"@type":"BreadcrumbList","@id":"https:\/\/arealorcaradio.es\/index.php\/2023\/05\/04\/el-sabado-13-de-mayo-desde-las-11-horas-se-celebra-la-ii-convivencia-cultural-el-flori\/#breadcrumb","itemListElement":[{"@type":"ListItem","position":1,"name":"Portada","item":"https:\/\/arealorcaradio.es\/"},{"@type":"ListItem","position":2,"name":"El s\u00e1bado 13 de mayo desde las 11 horas se celebra la II Convivencia Cultural \u00abEl Flori\u00bb"}]},{"@type":"WebSite","@id":"https:\/\/arealorcaradio.es\/#website","url":"https:\/\/arealorcaradio.es\/","name":"AREA LORCA RADIO","description":"Descubre la programaci\u00f3n actual en \u00c1rea Lorca Radio, tu fuente de entrenamiento y noticias locales. Sintoniza ahora y mantente conectado online.","potentialAction":[{"@type":"SearchAction","target":{"@type":"EntryPoint","urlTemplate":"https:\/\/arealorcaradio.es\/?s={search_term_string}"},"query-input":{"@type":"PropertyValueSpecification","valueRequired":true,"valueName":"search_term_string"}}],"inLanguage":"es"},{"@type":"Person","@id":"https:\/\/arealorcaradio.es\/#\/schema\/person\/9fae605fc25b0f2c83c1ab207139bd27","name":"Paco S\u00e1nchez","image":{"@type":"ImageObject","inLanguage":"es","@id":"https:\/\/secure.gravatar.com\/avatar\/d67144e966420fb74aa84c9f2a0103be4724fd14db52b52d3b6bca749f257e79?s=96&d=mm&r=g","url":"https:\/\/secure.gravatar.com\/avatar\/d67144e966420fb74aa84c9f2a0103be4724fd14db52b52d3b6bca749f257e79?s=96&d=mm&r=g","contentUrl":"https:\/\/secure.gravatar.com\/avatar\/d67144e966420fb74aa84c9f2a0103be4724fd14db52b52d3b6bca749f257e79?s=96&d=mm&r=g","caption":"Paco S\u00e1nchez"},"sameAs":["https:\/\/arealorcaradio.es"],"url":"https:\/\/arealorcaradio.es\/index.php\/author\/admin_alorcaradio\/"}]}},"_links":{"self":[{"href":"https:\/\/arealorcaradio.es\/index.php\/wp-json\/wp\/v2\/posts\/760","targetHints":{"allow":["GET"]}}],"collection":[{"href":"https:\/\/arealorcaradio.es\/index.php\/wp-json\/wp\/v2\/posts"}],"about":[{"href":"https:\/\/arealorcaradio.es\/index.php\/wp-json\/wp\/v2\/types\/post"}],"author":[{"embeddable":true,"href":"https:\/\/arealorcaradio.es\/index.php\/wp-json\/wp\/v2\/users\/1"}],"replies":[{"embeddable":true,"href":"https:\/\/arealorcaradio.es\/index.php\/wp-json\/wp\/v2\/comments?post=760"}],"version-history":[{"count":1,"href":"https:\/\/arealorcaradio.es\/index.php\/wp-json\/wp\/v2\/posts\/760\/revisions"}],"predecessor-version":[{"id":765,"href":"https:\/\/arealorcaradio.es\/index.php\/wp-json\/wp\/v2\/posts\/760\/revisions\/765"}],"wp:featuredmedia":[{"embeddable":true,"href":"https:\/\/arealorcaradio.es\/index.php\/wp-json\/wp\/v2\/media\/764"}],"wp:attachment":[{"href":"https:\/\/arealorcaradio.es\/index.php\/wp-json\/wp\/v2\/media?parent=760"}],"wp:term":[{"taxonomy":"category","embeddable":true,"href":"https:\/\/arealorcaradio.es\/index.php\/wp-json\/wp\/v2\/categories?post=760"},{"taxonomy":"post_tag","embeddable":true,"href":"https:\/\/arealorcaradio.es\/index.php\/wp-json\/wp\/v2\/tags?post=760"}],"curies":[{"name":"wp","href":"https:\/\/api.w.org\/{rel}","templated":true}]}}