{"id":7585,"date":"2025-08-04T15:05:42","date_gmt":"2025-08-04T15:05:42","guid":{"rendered":"https:\/\/arealorcaradio.es\/?p=7585"},"modified":"2025-08-04T15:05:42","modified_gmt":"2025-08-04T15:05:42","slug":"el-ayuntamiento-de-lorca-insta-a-la-poblacion-a-extremar-las-medidas-de-proteccion-ante-la-prevision-de-altas-temperaturas","status":"publish","type":"post","link":"https:\/\/arealorcaradio.es\/index.php\/2025\/08\/04\/el-ayuntamiento-de-lorca-insta-a-la-poblacion-a-extremar-las-medidas-de-proteccion-ante-la-prevision-de-altas-temperaturas\/","title":{"rendered":"El Ayuntamiento de Lorca insta a la poblaci\u00f3n a extremar las medidas de protecci\u00f3n ante la previsi\u00f3n de altas temperaturas"},"content":{"rendered":"<p><strong>\u00c1REA LORCA RADIO.\u00a0<span lang=\"es\">Ola de calor.<\/span>\u00a0<\/strong><\/p>\n<p class=\"v1MsoNormal\"><b><span lang=\"es\">Lorca, 4 de agosto de 2025.<\/span><\/b><span lang=\"es\">\u00a0El Ayuntamiento de Lorca aconseja a los ciudadanos la m\u00e1xima precauci\u00f3n ante la previsi\u00f3n de la Agencia Estatal de Meteorolog\u00eda de un ascenso de las temperaturas que se generalizar\u00e1 durante los pr\u00f3ximos d\u00edas en gran parte de la Pen\u00ednsula Ib\u00e9rica, dando lugar a un probable &#8216;episodio de ola de calor&#8217;.<\/span><\/p>\n<p class=\"v1MsoNormal\"><span lang=\"es\"><img loading=\"lazy\" decoding=\"async\" class=\"alignnone size-medium wp-image-7588\" src=\"https:\/\/arealorcaradio.es\/wp-content\/uploads\/2025\/08\/banner-cosj-ola-calor-188x300.jpeg\" alt=\"\" width=\"188\" height=\"300\" srcset=\"https:\/\/arealorcaradio.es\/wp-content\/uploads\/2025\/08\/banner-cosj-ola-calor-188x300.jpeg 188w, https:\/\/arealorcaradio.es\/wp-content\/uploads\/2025\/08\/banner-cosj-ola-calor-641x1024.jpeg 641w, https:\/\/arealorcaradio.es\/wp-content\/uploads\/2025\/08\/banner-cosj-ola-calor-768x1226.jpeg 768w, https:\/\/arealorcaradio.es\/wp-content\/uploads\/2025\/08\/banner-cosj-ola-calor-962x1536.jpeg 962w, https:\/\/arealorcaradio.es\/wp-content\/uploads\/2025\/08\/banner-cosj-ola-calor.jpeg 1002w\" sizes=\"auto, (max-width: 188px) 100vw, 188px\" \/><\/span><\/p>\n<p class=\"v1MsoNormal\"><span lang=\"es\">El concejal de Emergencias y Protecci\u00f3n Civil, Jos\u00e9 Mart\u00ednez, ha pedido a los vecinos que \u00abextremen las medidas de protecci\u00f3n, sobre todo, en el desarrollo actividad f\u00edsica o trabajos al aire libre en las horas centrales del d\u00eda, intentando protegerse y\/o limitar la exposici\u00f3n al sol; mantenernos hidratados y beber agua frecuentemente sin esperar a tener sensaci\u00f3n de sed; y prestar especial atenci\u00f3n a personas enfermas, ancianos y ni\u00f1os, adem\u00e1s de a nuestras mascotas. Estas altas temperaturas elevan la posibilidad, adem\u00e1s, de incendios\u00bb.<\/span><\/p>\n<p class=\"v1MsoNormal\"><span lang=\"es\"><img loading=\"lazy\" decoding=\"async\" class=\"alignnone size-medium wp-image-7586\" src=\"https:\/\/arealorcaradio.es\/wp-content\/uploads\/2025\/08\/Imagen-banner-cosj-incend-300x298.jpeg\" alt=\"\" width=\"300\" height=\"298\" srcset=\"https:\/\/arealorcaradio.es\/wp-content\/uploads\/2025\/08\/Imagen-banner-cosj-incend-300x298.jpeg 300w, https:\/\/arealorcaradio.es\/wp-content\/uploads\/2025\/08\/Imagen-banner-cosj-incend-1024x1018.jpeg 1024w, https:\/\/arealorcaradio.es\/wp-content\/uploads\/2025\/08\/Imagen-banner-cosj-incend-150x150.jpeg 150w, https:\/\/arealorcaradio.es\/wp-content\/uploads\/2025\/08\/Imagen-banner-cosj-incend-768x763.jpeg 768w, https:\/\/arealorcaradio.es\/wp-content\/uploads\/2025\/08\/Imagen-banner-cosj-incend.jpeg 1179w\" sizes=\"auto, (max-width: 300px) 100vw, 300px\" \/>\u00a0<\/span><\/p>\n<p class=\"v1MsoNormal\"><span lang=\"es\">En este sentido, el edil ha rese\u00f1ado la importancia de tener \u00abla m\u00e1xima prudencia\u00bb, incidiendo en que \u00abdebe llamarse de forma inmediata al 112 en caso de cualquier foco o conato de incendio, indicando la situaci\u00f3n con la m\u00e1xima exactitud posible\u00bb. Asimismo, ha recordado las restricciones en cuanto a la quema de rastrojos y la prohibici\u00f3n de hacer fuego en el monte o zonas boscosas\u00bb. En este punto, adem\u00e1s, ha aludido a varias indicaciones b\u00e1sicas como \u00abevitar\u00a0arrojar cigarrillos, basuras y, especialmente, botellas de vidrio que hacen efecto lupa con el sol, acampar en zonas autorizadas, puesto que \u00e9stas cuentan con medidas de protecci\u00f3n y es m\u00e1s f\u00e1cil la evacuaci\u00f3n; en caso de verse sorprendido por un incendio, no penetrar en el monte o bosque y, en caso de emergencia por incendio forestal, atender siempre las indicaciones de las autoridades competentes\u00bb.<\/span><\/p>\n<p class=\"v1MsoNormal\"><span lang=\"es\"><img loading=\"lazy\" decoding=\"async\" class=\"alignnone size-medium wp-image-7587\" src=\"https:\/\/arealorcaradio.es\/wp-content\/uploads\/2025\/08\/Imagen-banner-cosj-ola-calor-300x300.jpeg\" alt=\"\" width=\"300\" height=\"300\" srcset=\"https:\/\/arealorcaradio.es\/wp-content\/uploads\/2025\/08\/Imagen-banner-cosj-ola-calor-300x300.jpeg 300w, https:\/\/arealorcaradio.es\/wp-content\/uploads\/2025\/08\/Imagen-banner-cosj-ola-calor-1024x1024.jpeg 1024w, https:\/\/arealorcaradio.es\/wp-content\/uploads\/2025\/08\/Imagen-banner-cosj-ola-calor-150x150.jpeg 150w, https:\/\/arealorcaradio.es\/wp-content\/uploads\/2025\/08\/Imagen-banner-cosj-ola-calor-768x768.jpeg 768w, https:\/\/arealorcaradio.es\/wp-content\/uploads\/2025\/08\/Imagen-banner-cosj-ola-calor.jpeg 1080w\" sizes=\"auto, (max-width: 300px) 100vw, 300px\" \/><br \/>\nEl Ayuntamiento de Lorca seguir\u00e1 las actualizaciones de predicci\u00f3n meteorol\u00f3gica y alertas que pueda establecer la Agencia Estatal de Meteorolog\u00eda (AEMET) en las pr\u00f3ximas horas, solicitando a los lorquinos que sigan las recomendaciones de las cuentas oficiales de las autoridades locales y competentes en relaci\u00f3n a la actualizaci\u00f3n de alertas y atender en lo posible a los medios de comunicaci\u00f3n.<\/span><\/p>\n","protected":false},"excerpt":{"rendered":"<p>\u00c1REA LORCA RADIO.\u00a0Ola de calor.\u00a0 Lorca, 4 de agosto de 2025.\u00a0El Ayuntamiento de Lorca aconseja a los ciudadanos la m\u00e1xima precauci\u00f3n ante la previsi\u00f3n de la Agencia Estatal de Meteorolog\u00eda de un ascenso de las temperaturas que se generalizar\u00e1 durante los pr\u00f3ximos d\u00edas en gran parte de la Pen\u00ednsula Ib\u00e9rica, dando lugar a un probable [&hellip;]<\/p>\n","protected":false},"author":1,"featured_media":7589,"comment_status":"open","ping_status":"open","sticky":false,"template":"","format":"standard","meta":{"iawp_total_views":14,"footnotes":""},"categories":[5,7],"tags":[],"class_list":["post-7585","post","type-post","status-publish","format-standard","has-post-thumbnail","hentry","category-actualidad","category-lorca"],"yoast_head":"<!-- This site is optimized with the Yoast SEO plugin v27.4 - https:\/\/yoast.com\/product\/yoast-seo-wordpress\/ -->\n<title>El Ayuntamiento de Lorca insta a la poblaci\u00f3n a extremar las medidas de protecci\u00f3n ante la previsi\u00f3n de altas temperaturas - AREA LORCA RADIO<\/title>\n<meta name=\"robots\" content=\"index, follow, max-snippet:-1, max-image-preview:large, max-video-preview:-1\" \/>\n<link rel=\"canonical\" href=\"https:\/\/arealorcaradio.es\/index.php\/2025\/08\/04\/el-ayuntamiento-de-lorca-insta-a-la-poblacion-a-extremar-las-medidas-de-proteccion-ante-la-prevision-de-altas-temperaturas\/\" \/>\n<meta property=\"og:locale\" content=\"es_ES\" \/>\n<meta property=\"og:type\" content=\"article\" \/>\n<meta property=\"og:title\" content=\"El Ayuntamiento de Lorca insta a la poblaci\u00f3n a extremar las medidas de protecci\u00f3n ante la previsi\u00f3n de altas temperaturas - AREA LORCA RADIO\" \/>\n<meta property=\"og:description\" content=\"\u00c1REA LORCA RADIO.\u00a0Ola de calor.\u00a0 Lorca, 4 de agosto de 2025.\u00a0El Ayuntamiento de Lorca aconseja a los ciudadanos la m\u00e1xima precauci\u00f3n ante la previsi\u00f3n de la Agencia Estatal de Meteorolog\u00eda de un ascenso de las temperaturas que se generalizar\u00e1 durante los pr\u00f3ximos d\u00edas en gran parte de la Pen\u00ednsula Ib\u00e9rica, dando lugar a un probable [&hellip;]\" \/>\n<meta property=\"og:url\" content=\"https:\/\/arealorcaradio.es\/index.php\/2025\/08\/04\/el-ayuntamiento-de-lorca-insta-a-la-poblacion-a-extremar-las-medidas-de-proteccion-ante-la-prevision-de-altas-temperaturas\/\" \/>\n<meta property=\"og:site_name\" content=\"AREA LORCA RADIO\" \/>\n<meta property=\"article:published_time\" content=\"2025-08-04T15:05:42+00:00\" \/>\n<meta property=\"og:image\" content=\"https:\/\/arealorcaradio.es\/wp-content\/uploads\/2025\/08\/Imagen-efectivos-incendio.jpeg\" \/>\n\t<meta property=\"og:image:width\" content=\"1440\" \/>\n\t<meta property=\"og:image:height\" content=\"1080\" \/>\n\t<meta property=\"og:image:type\" content=\"image\/jpeg\" \/>\n<meta name=\"author\" content=\"Paco S\u00e1nchez\" \/>\n<meta name=\"twitter:card\" content=\"summary_large_image\" \/>\n<meta name=\"twitter:label1\" content=\"Escrito por\" \/>\n\t<meta name=\"twitter:data1\" content=\"Paco S\u00e1nchez\" \/>\n\t<meta name=\"twitter:label2\" content=\"Tiempo de lectura\" \/>\n\t<meta name=\"twitter:data2\" content=\"3 minutos\" \/>\n<script type=\"application\/ld+json\" class=\"yoast-schema-graph\">{\"@context\":\"https:\\\/\\\/schema.org\",\"@graph\":[{\"@type\":\"Article\",\"@id\":\"https:\\\/\\\/arealorcaradio.es\\\/index.php\\\/2025\\\/08\\\/04\\\/el-ayuntamiento-de-lorca-insta-a-la-poblacion-a-extremar-las-medidas-de-proteccion-ante-la-prevision-de-altas-temperaturas\\\/#article\",\"isPartOf\":{\"@id\":\"https:\\\/\\\/arealorcaradio.es\\\/index.php\\\/2025\\\/08\\\/04\\\/el-ayuntamiento-de-lorca-insta-a-la-poblacion-a-extremar-las-medidas-de-proteccion-ante-la-prevision-de-altas-temperaturas\\\/\"},\"author\":{\"name\":\"Paco S\u00e1nchez\",\"@id\":\"https:\\\/\\\/arealorcaradio.es\\\/#\\\/schema\\\/person\\\/9fae605fc25b0f2c83c1ab207139bd27\"},\"headline\":\"El Ayuntamiento de Lorca insta a la poblaci\u00f3n a extremar las medidas de protecci\u00f3n ante la previsi\u00f3n de altas temperaturas\",\"datePublished\":\"2025-08-04T15:05:42+00:00\",\"mainEntityOfPage\":{\"@id\":\"https:\\\/\\\/arealorcaradio.es\\\/index.php\\\/2025\\\/08\\\/04\\\/el-ayuntamiento-de-lorca-insta-a-la-poblacion-a-extremar-las-medidas-de-proteccion-ante-la-prevision-de-altas-temperaturas\\\/\"},\"wordCount\":404,\"commentCount\":0,\"image\":{\"@id\":\"https:\\\/\\\/arealorcaradio.es\\\/index.php\\\/2025\\\/08\\\/04\\\/el-ayuntamiento-de-lorca-insta-a-la-poblacion-a-extremar-las-medidas-de-proteccion-ante-la-prevision-de-altas-temperaturas\\\/#primaryimage\"},\"thumbnailUrl\":\"https:\\\/\\\/arealorcaradio.es\\\/wp-content\\\/uploads\\\/2025\\\/08\\\/Imagen-efectivos-incendio.jpeg\",\"articleSection\":[\"ACTUALIDAD\",\"LORCA\"],\"inLanguage\":\"es\",\"potentialAction\":[{\"@type\":\"CommentAction\",\"name\":\"Comment\",\"target\":[\"https:\\\/\\\/arealorcaradio.es\\\/index.php\\\/2025\\\/08\\\/04\\\/el-ayuntamiento-de-lorca-insta-a-la-poblacion-a-extremar-las-medidas-de-proteccion-ante-la-prevision-de-altas-temperaturas\\\/#respond\"]}]},{\"@type\":\"WebPage\",\"@id\":\"https:\\\/\\\/arealorcaradio.es\\\/index.php\\\/2025\\\/08\\\/04\\\/el-ayuntamiento-de-lorca-insta-a-la-poblacion-a-extremar-las-medidas-de-proteccion-ante-la-prevision-de-altas-temperaturas\\\/\",\"url\":\"https:\\\/\\\/arealorcaradio.es\\\/index.php\\\/2025\\\/08\\\/04\\\/el-ayuntamiento-de-lorca-insta-a-la-poblacion-a-extremar-las-medidas-de-proteccion-ante-la-prevision-de-altas-temperaturas\\\/\",\"name\":\"El Ayuntamiento de Lorca insta a la poblaci\u00f3n a extremar las medidas de protecci\u00f3n ante la previsi\u00f3n de altas temperaturas - AREA LORCA RADIO\",\"isPartOf\":{\"@id\":\"https:\\\/\\\/arealorcaradio.es\\\/#website\"},\"primaryImageOfPage\":{\"@id\":\"https:\\\/\\\/arealorcaradio.es\\\/index.php\\\/2025\\\/08\\\/04\\\/el-ayuntamiento-de-lorca-insta-a-la-poblacion-a-extremar-las-medidas-de-proteccion-ante-la-prevision-de-altas-temperaturas\\\/#primaryimage\"},\"image\":{\"@id\":\"https:\\\/\\\/arealorcaradio.es\\\/index.php\\\/2025\\\/08\\\/04\\\/el-ayuntamiento-de-lorca-insta-a-la-poblacion-a-extremar-las-medidas-de-proteccion-ante-la-prevision-de-altas-temperaturas\\\/#primaryimage\"},\"thumbnailUrl\":\"https:\\\/\\\/arealorcaradio.es\\\/wp-content\\\/uploads\\\/2025\\\/08\\\/Imagen-efectivos-incendio.jpeg\",\"datePublished\":\"2025-08-04T15:05:42+00:00\",\"author\":{\"@id\":\"https:\\\/\\\/arealorcaradio.es\\\/#\\\/schema\\\/person\\\/9fae605fc25b0f2c83c1ab207139bd27\"},\"breadcrumb\":{\"@id\":\"https:\\\/\\\/arealorcaradio.es\\\/index.php\\\/2025\\\/08\\\/04\\\/el-ayuntamiento-de-lorca-insta-a-la-poblacion-a-extremar-las-medidas-de-proteccion-ante-la-prevision-de-altas-temperaturas\\\/#breadcrumb\"},\"inLanguage\":\"es\",\"potentialAction\":[{\"@type\":\"ReadAction\",\"target\":[\"https:\\\/\\\/arealorcaradio.es\\\/index.php\\\/2025\\\/08\\\/04\\\/el-ayuntamiento-de-lorca-insta-a-la-poblacion-a-extremar-las-medidas-de-proteccion-ante-la-prevision-de-altas-temperaturas\\\/\"]}]},{\"@type\":\"ImageObject\",\"inLanguage\":\"es\",\"@id\":\"https:\\\/\\\/arealorcaradio.es\\\/index.php\\\/2025\\\/08\\\/04\\\/el-ayuntamiento-de-lorca-insta-a-la-poblacion-a-extremar-las-medidas-de-proteccion-ante-la-prevision-de-altas-temperaturas\\\/#primaryimage\",\"url\":\"https:\\\/\\\/arealorcaradio.es\\\/wp-content\\\/uploads\\\/2025\\\/08\\\/Imagen-efectivos-incendio.jpeg\",\"contentUrl\":\"https:\\\/\\\/arealorcaradio.es\\\/wp-content\\\/uploads\\\/2025\\\/08\\\/Imagen-efectivos-incendio.jpeg\",\"width\":1440,\"height\":1080},{\"@type\":\"BreadcrumbList\",\"@id\":\"https:\\\/\\\/arealorcaradio.es\\\/index.php\\\/2025\\\/08\\\/04\\\/el-ayuntamiento-de-lorca-insta-a-la-poblacion-a-extremar-las-medidas-de-proteccion-ante-la-prevision-de-altas-temperaturas\\\/#breadcrumb\",\"itemListElement\":[{\"@type\":\"ListItem\",\"position\":1,\"name\":\"Portada\",\"item\":\"https:\\\/\\\/arealorcaradio.es\\\/\"},{\"@type\":\"ListItem\",\"position\":2,\"name\":\"El Ayuntamiento de Lorca insta a la poblaci\u00f3n a extremar las medidas de protecci\u00f3n ante la previsi\u00f3n de altas temperaturas\"}]},{\"@type\":\"WebSite\",\"@id\":\"https:\\\/\\\/arealorcaradio.es\\\/#website\",\"url\":\"https:\\\/\\\/arealorcaradio.es\\\/\",\"name\":\"AREA LORCA RADIO\",\"description\":\"Descubre la programaci\u00f3n actual en \u00c1rea Lorca Radio, tu fuente de entrenamiento y noticias locales. Sintoniza ahora y mantente conectado online.\",\"potentialAction\":[{\"@type\":\"SearchAction\",\"target\":{\"@type\":\"EntryPoint\",\"urlTemplate\":\"https:\\\/\\\/arealorcaradio.es\\\/?s={search_term_string}\"},\"query-input\":{\"@type\":\"PropertyValueSpecification\",\"valueRequired\":true,\"valueName\":\"search_term_string\"}}],\"inLanguage\":\"es\"},{\"@type\":\"Person\",\"@id\":\"https:\\\/\\\/arealorcaradio.es\\\/#\\\/schema\\\/person\\\/9fae605fc25b0f2c83c1ab207139bd27\",\"name\":\"Paco S\u00e1nchez\",\"image\":{\"@type\":\"ImageObject\",\"inLanguage\":\"es\",\"@id\":\"https:\\\/\\\/secure.gravatar.com\\\/avatar\\\/d67144e966420fb74aa84c9f2a0103be4724fd14db52b52d3b6bca749f257e79?s=96&d=mm&r=g\",\"url\":\"https:\\\/\\\/secure.gravatar.com\\\/avatar\\\/d67144e966420fb74aa84c9f2a0103be4724fd14db52b52d3b6bca749f257e79?s=96&d=mm&r=g\",\"contentUrl\":\"https:\\\/\\\/secure.gravatar.com\\\/avatar\\\/d67144e966420fb74aa84c9f2a0103be4724fd14db52b52d3b6bca749f257e79?s=96&d=mm&r=g\",\"caption\":\"Paco S\u00e1nchez\"},\"sameAs\":[\"https:\\\/\\\/arealorcaradio.es\"],\"url\":\"https:\\\/\\\/arealorcaradio.es\\\/index.php\\\/author\\\/admin_alorcaradio\\\/\"}]}<\/script>\n<!-- \/ Yoast SEO plugin. -->","yoast_head_json":{"title":"El Ayuntamiento de Lorca insta a la poblaci\u00f3n a extremar las medidas de protecci\u00f3n ante la previsi\u00f3n de altas temperaturas - AREA LORCA RADIO","robots":{"index":"index","follow":"follow","max-snippet":"max-snippet:-1","max-image-preview":"max-image-preview:large","max-video-preview":"max-video-preview:-1"},"canonical":"https:\/\/arealorcaradio.es\/index.php\/2025\/08\/04\/el-ayuntamiento-de-lorca-insta-a-la-poblacion-a-extremar-las-medidas-de-proteccion-ante-la-prevision-de-altas-temperaturas\/","og_locale":"es_ES","og_type":"article","og_title":"El Ayuntamiento de Lorca insta a la poblaci\u00f3n a extremar las medidas de protecci\u00f3n ante la previsi\u00f3n de altas temperaturas - AREA LORCA RADIO","og_description":"\u00c1REA LORCA RADIO.\u00a0Ola de calor.\u00a0 Lorca, 4 de agosto de 2025.\u00a0El Ayuntamiento de Lorca aconseja a los ciudadanos la m\u00e1xima precauci\u00f3n ante la previsi\u00f3n de la Agencia Estatal de Meteorolog\u00eda de un ascenso de las temperaturas que se generalizar\u00e1 durante los pr\u00f3ximos d\u00edas en gran parte de la Pen\u00ednsula Ib\u00e9rica, dando lugar a un probable [&hellip;]","og_url":"https:\/\/arealorcaradio.es\/index.php\/2025\/08\/04\/el-ayuntamiento-de-lorca-insta-a-la-poblacion-a-extremar-las-medidas-de-proteccion-ante-la-prevision-de-altas-temperaturas\/","og_site_name":"AREA LORCA RADIO","article_published_time":"2025-08-04T15:05:42+00:00","og_image":[{"width":1440,"height":1080,"url":"https:\/\/arealorcaradio.es\/wp-content\/uploads\/2025\/08\/Imagen-efectivos-incendio.jpeg","type":"image\/jpeg"}],"author":"Paco S\u00e1nchez","twitter_card":"summary_large_image","twitter_misc":{"Escrito por":"Paco S\u00e1nchez","Tiempo de lectura":"3 minutos"},"schema":{"@context":"https:\/\/schema.org","@graph":[{"@type":"Article","@id":"https:\/\/arealorcaradio.es\/index.php\/2025\/08\/04\/el-ayuntamiento-de-lorca-insta-a-la-poblacion-a-extremar-las-medidas-de-proteccion-ante-la-prevision-de-altas-temperaturas\/#article","isPartOf":{"@id":"https:\/\/arealorcaradio.es\/index.php\/2025\/08\/04\/el-ayuntamiento-de-lorca-insta-a-la-poblacion-a-extremar-las-medidas-de-proteccion-ante-la-prevision-de-altas-temperaturas\/"},"author":{"name":"Paco S\u00e1nchez","@id":"https:\/\/arealorcaradio.es\/#\/schema\/person\/9fae605fc25b0f2c83c1ab207139bd27"},"headline":"El Ayuntamiento de Lorca insta a la poblaci\u00f3n a extremar las medidas de protecci\u00f3n ante la previsi\u00f3n de altas temperaturas","datePublished":"2025-08-04T15:05:42+00:00","mainEntityOfPage":{"@id":"https:\/\/arealorcaradio.es\/index.php\/2025\/08\/04\/el-ayuntamiento-de-lorca-insta-a-la-poblacion-a-extremar-las-medidas-de-proteccion-ante-la-prevision-de-altas-temperaturas\/"},"wordCount":404,"commentCount":0,"image":{"@id":"https:\/\/arealorcaradio.es\/index.php\/2025\/08\/04\/el-ayuntamiento-de-lorca-insta-a-la-poblacion-a-extremar-las-medidas-de-proteccion-ante-la-prevision-de-altas-temperaturas\/#primaryimage"},"thumbnailUrl":"https:\/\/arealorcaradio.es\/wp-content\/uploads\/2025\/08\/Imagen-efectivos-incendio.jpeg","articleSection":["ACTUALIDAD","LORCA"],"inLanguage":"es","potentialAction":[{"@type":"CommentAction","name":"Comment","target":["https:\/\/arealorcaradio.es\/index.php\/2025\/08\/04\/el-ayuntamiento-de-lorca-insta-a-la-poblacion-a-extremar-las-medidas-de-proteccion-ante-la-prevision-de-altas-temperaturas\/#respond"]}]},{"@type":"WebPage","@id":"https:\/\/arealorcaradio.es\/index.php\/2025\/08\/04\/el-ayuntamiento-de-lorca-insta-a-la-poblacion-a-extremar-las-medidas-de-proteccion-ante-la-prevision-de-altas-temperaturas\/","url":"https:\/\/arealorcaradio.es\/index.php\/2025\/08\/04\/el-ayuntamiento-de-lorca-insta-a-la-poblacion-a-extremar-las-medidas-de-proteccion-ante-la-prevision-de-altas-temperaturas\/","name":"El Ayuntamiento de Lorca insta a la poblaci\u00f3n a extremar las medidas de protecci\u00f3n ante la previsi\u00f3n de altas temperaturas - AREA LORCA RADIO","isPartOf":{"@id":"https:\/\/arealorcaradio.es\/#website"},"primaryImageOfPage":{"@id":"https:\/\/arealorcaradio.es\/index.php\/2025\/08\/04\/el-ayuntamiento-de-lorca-insta-a-la-poblacion-a-extremar-las-medidas-de-proteccion-ante-la-prevision-de-altas-temperaturas\/#primaryimage"},"image":{"@id":"https:\/\/arealorcaradio.es\/index.php\/2025\/08\/04\/el-ayuntamiento-de-lorca-insta-a-la-poblacion-a-extremar-las-medidas-de-proteccion-ante-la-prevision-de-altas-temperaturas\/#primaryimage"},"thumbnailUrl":"https:\/\/arealorcaradio.es\/wp-content\/uploads\/2025\/08\/Imagen-efectivos-incendio.jpeg","datePublished":"2025-08-04T15:05:42+00:00","author":{"@id":"https:\/\/arealorcaradio.es\/#\/schema\/person\/9fae605fc25b0f2c83c1ab207139bd27"},"breadcrumb":{"@id":"https:\/\/arealorcaradio.es\/index.php\/2025\/08\/04\/el-ayuntamiento-de-lorca-insta-a-la-poblacion-a-extremar-las-medidas-de-proteccion-ante-la-prevision-de-altas-temperaturas\/#breadcrumb"},"inLanguage":"es","potentialAction":[{"@type":"ReadAction","target":["https:\/\/arealorcaradio.es\/index.php\/2025\/08\/04\/el-ayuntamiento-de-lorca-insta-a-la-poblacion-a-extremar-las-medidas-de-proteccion-ante-la-prevision-de-altas-temperaturas\/"]}]},{"@type":"ImageObject","inLanguage":"es","@id":"https:\/\/arealorcaradio.es\/index.php\/2025\/08\/04\/el-ayuntamiento-de-lorca-insta-a-la-poblacion-a-extremar-las-medidas-de-proteccion-ante-la-prevision-de-altas-temperaturas\/#primaryimage","url":"https:\/\/arealorcaradio.es\/wp-content\/uploads\/2025\/08\/Imagen-efectivos-incendio.jpeg","contentUrl":"https:\/\/arealorcaradio.es\/wp-content\/uploads\/2025\/08\/Imagen-efectivos-incendio.jpeg","width":1440,"height":1080},{"@type":"BreadcrumbList","@id":"https:\/\/arealorcaradio.es\/index.php\/2025\/08\/04\/el-ayuntamiento-de-lorca-insta-a-la-poblacion-a-extremar-las-medidas-de-proteccion-ante-la-prevision-de-altas-temperaturas\/#breadcrumb","itemListElement":[{"@type":"ListItem","position":1,"name":"Portada","item":"https:\/\/arealorcaradio.es\/"},{"@type":"ListItem","position":2,"name":"El Ayuntamiento de Lorca insta a la poblaci\u00f3n a extremar las medidas de protecci\u00f3n ante la previsi\u00f3n de altas temperaturas"}]},{"@type":"WebSite","@id":"https:\/\/arealorcaradio.es\/#website","url":"https:\/\/arealorcaradio.es\/","name":"AREA LORCA RADIO","description":"Descubre la programaci\u00f3n actual en \u00c1rea Lorca Radio, tu fuente de entrenamiento y noticias locales. Sintoniza ahora y mantente conectado online.","potentialAction":[{"@type":"SearchAction","target":{"@type":"EntryPoint","urlTemplate":"https:\/\/arealorcaradio.es\/?s={search_term_string}"},"query-input":{"@type":"PropertyValueSpecification","valueRequired":true,"valueName":"search_term_string"}}],"inLanguage":"es"},{"@type":"Person","@id":"https:\/\/arealorcaradio.es\/#\/schema\/person\/9fae605fc25b0f2c83c1ab207139bd27","name":"Paco S\u00e1nchez","image":{"@type":"ImageObject","inLanguage":"es","@id":"https:\/\/secure.gravatar.com\/avatar\/d67144e966420fb74aa84c9f2a0103be4724fd14db52b52d3b6bca749f257e79?s=96&d=mm&r=g","url":"https:\/\/secure.gravatar.com\/avatar\/d67144e966420fb74aa84c9f2a0103be4724fd14db52b52d3b6bca749f257e79?s=96&d=mm&r=g","contentUrl":"https:\/\/secure.gravatar.com\/avatar\/d67144e966420fb74aa84c9f2a0103be4724fd14db52b52d3b6bca749f257e79?s=96&d=mm&r=g","caption":"Paco S\u00e1nchez"},"sameAs":["https:\/\/arealorcaradio.es"],"url":"https:\/\/arealorcaradio.es\/index.php\/author\/admin_alorcaradio\/"}]}},"_links":{"self":[{"href":"https:\/\/arealorcaradio.es\/index.php\/wp-json\/wp\/v2\/posts\/7585","targetHints":{"allow":["GET"]}}],"collection":[{"href":"https:\/\/arealorcaradio.es\/index.php\/wp-json\/wp\/v2\/posts"}],"about":[{"href":"https:\/\/arealorcaradio.es\/index.php\/wp-json\/wp\/v2\/types\/post"}],"author":[{"embeddable":true,"href":"https:\/\/arealorcaradio.es\/index.php\/wp-json\/wp\/v2\/users\/1"}],"replies":[{"embeddable":true,"href":"https:\/\/arealorcaradio.es\/index.php\/wp-json\/wp\/v2\/comments?post=7585"}],"version-history":[{"count":1,"href":"https:\/\/arealorcaradio.es\/index.php\/wp-json\/wp\/v2\/posts\/7585\/revisions"}],"predecessor-version":[{"id":7590,"href":"https:\/\/arealorcaradio.es\/index.php\/wp-json\/wp\/v2\/posts\/7585\/revisions\/7590"}],"wp:featuredmedia":[{"embeddable":true,"href":"https:\/\/arealorcaradio.es\/index.php\/wp-json\/wp\/v2\/media\/7589"}],"wp:attachment":[{"href":"https:\/\/arealorcaradio.es\/index.php\/wp-json\/wp\/v2\/media?parent=7585"}],"wp:term":[{"taxonomy":"category","embeddable":true,"href":"https:\/\/arealorcaradio.es\/index.php\/wp-json\/wp\/v2\/categories?post=7585"},{"taxonomy":"post_tag","embeddable":true,"href":"https:\/\/arealorcaradio.es\/index.php\/wp-json\/wp\/v2\/tags?post=7585"}],"curies":[{"name":"wp","href":"https:\/\/api.w.org\/{rel}","templated":true}]}}