{"id":7568,"date":"2025-08-01T14:20:06","date_gmt":"2025-08-01T14:20:06","guid":{"rendered":"https:\/\/arealorcaradio.es\/?p=7568"},"modified":"2025-08-01T14:20:06","modified_gmt":"2025-08-01T14:20:06","slug":"los-alojamientos-turisticos-de-la-region-registran-cifras-record-de-viajeros-y-pernoctaciones-en-el-primer-semestre","status":"publish","type":"post","link":"https:\/\/arealorcaradio.es\/index.php\/2025\/08\/01\/los-alojamientos-turisticos-de-la-region-registran-cifras-record-de-viajeros-y-pernoctaciones-en-el-primer-semestre\/","title":{"rendered":"Los alojamientos tur\u00edsticos de la Regi\u00f3n registran cifras r\u00e9cord de viajeros y pernoctaciones en el primer semestre"},"content":{"rendered":"<p><strong>\u00c1REA LORCA RADIO. Turismo.<\/strong><\/p>\n<div class=\"v1elementToProof\"><b>31.07.2025<\/b>. Los alojamientos tur\u00edsticos de la Regi\u00f3n de Murcia, tanto hoteleros como extrahoteleros, registraron durante los seis primeros meses del a\u00f1o un total de 858.692 viajeros, lo que supone un aumento del 1,3 por ciento respecto al mismo periodo de 2024 (en el conjunto nacional el incremento fue del 1,2 por ciento). Se trata del mejor dato hist\u00f3rico registrado para un primer semestre del a\u00f1o, seg\u00fan reflejan las Encuestas de Ocupaci\u00f3n en Alojamientos Colectivos publicadas por el Instituto Nacional de Estad\u00edstica (INE).<\/div>\n<div><\/div>\n<div class=\"v1elementToProof\">Estas visitas generaron un total de 2.568.675 pernoctaciones, lo que representa un incremento interanual del 3 por ciento (frente al 1,3 por ciento de media nacional), alcanzando tambi\u00e9n un nuevo r\u00e9cord para el periodo enero-junio.<\/div>\n<div class=\"v1elementToProof\"><\/div>\n<div class=\"v1elementToProof\">Dentro del turismo extrahotelero, destacan especialmente los resultados obtenidos por los campings y los alojamientos rurales de la Regi\u00f3n.<\/div>\n<div class=\"v1elementToProof\"><\/div>\n<div class=\"v1elementToProof\">En el caso de los campings, el primer semestre del a\u00f1o cerr\u00f3 con los mejores registros de la serie para este tipo de alojamiento, con 86.278 viajeros (un 12,1 por ciento m\u00e1s que en el mismo periodo de 2024, frente al 3,8 por ciento nacional) y 684.659 pernoctaciones (con un ascenso del 15,2 por ciento, frente al 1,4 por ciento en Espa\u00f1a).<\/div>\n<div class=\"v1elementToProof\"><\/div>\n<div class=\"v1elementToProof\">Por su parte, los alojamientos rurales contabilizaron 23.237 viajeros entre enero y junio, lo que supone un incremento interanual del 37,1 por ciento (frente a la subida de un 0,8 de media en Espa\u00f1a). Estos generaron 52.647 pernoctaciones, un 20,1 por ciento m\u00e1s que en el mismo periodo del a\u00f1o anterior (mientras la media nacional se situ\u00f3 en el 3 por ciento), lo que constituye el mejor dato para este indicador en la Regi\u00f3n.<\/div>\n<div class=\"v1elementToProof\"><\/div>\n<div class=\"v1elementToProof\"><b>Cifras hist\u00f3ricas tambi\u00e9n en junio<\/b><\/div>\n<div class=\"v1elementToProof\"><\/div>\n<div class=\"v1elementToProof\">Durante el mes de junio, el conjunto de alojamientos reglados de la Regi\u00f3n recibi\u00f3 185.456 viajeros, un 3 por ciento m\u00e1s que en el mismo mes de 2024, estableciendo un nuevo m\u00e1ximo hist\u00f3rico para ese mes.<\/div>\n<div class=\"v1elementToProof\"><\/div>\n<div class=\"v1elementToProof\">Estos visitantes generaron 511.731 pernoctaciones, un 3,8 por ciento m\u00e1s que en junio del a\u00f1o anterior (una d\u00e9cima m\u00e1s que en el conjunto de Espa\u00f1a), marcando un nuevo r\u00e9cord de ocupaci\u00f3n mensual.<\/div>\n<div class=\"v1elementToProof\"><\/div>\n<div class=\"v1elementToProof\">Especialmente destacada fue la evoluci\u00f3n del turismo rural, que alcanz\u00f3 los 5.223 viajeros en junio, un 47 por ciento m\u00e1s que en el mismo mes del a\u00f1o pasado (frente a un ascenso del 3,3 por ciento en Espa\u00f1a), y 12.471 pernoctaciones, que subieron\u00a0 un 42,9 por ciento, logrando sendos m\u00e1ximos hist\u00f3ricos. Con estos datos, la Regi\u00f3n se posiciona como la comunidad con mayor incremento interanual de viajeros en alojamientos rurales y la segunda con mayor crecimiento de pernoctaciones, solo por detr\u00e1s de Andaluc\u00eda.<\/div>\n<div class=\"v1elementToProof\"><\/div>\n<div class=\"v1elementToProof\">En cuanto a los campings, la demanda creci\u00f3 en junio un 22,6 por ciento respecto al mismo mes de 2024 (con una subida media del 12,9 por ciento en Espa\u00f1a), hasta alcanzar los 20.306 campistas, la mejor cifra para este mes desde que se tienen registros. Las pernoctaciones se elevaron hasta las 74.177, un 5,6 por ciento m\u00e1s que en junio del a\u00f1o anterior.<\/div>\n<div class=\"v1elementToProof\"><\/div>\n<div class=\"v1elementToProof\">La estancia media en los campings de la Regi\u00f3n fue de 3,65 d\u00edas, la cuarta m\u00e1s alta del pa\u00eds, solo por detr\u00e1s de Comunidad Valenciana, Catalu\u00f1a y Cantabria.<\/div>\n","protected":false},"excerpt":{"rendered":"<p>\u00c1REA LORCA RADIO. Turismo. 31.07.2025. Los alojamientos tur\u00edsticos de la Regi\u00f3n de Murcia, tanto hoteleros como extrahoteleros, registraron durante los seis primeros meses del a\u00f1o un total de 858.692 viajeros, lo que supone un aumento del 1,3 por ciento respecto al mismo periodo de 2024 (en el conjunto nacional el incremento fue del 1,2 por [&hellip;]<\/p>\n","protected":false},"author":1,"featured_media":7569,"comment_status":"open","ping_status":"open","sticky":false,"template":"","format":"standard","meta":{"iawp_total_views":10,"footnotes":""},"categories":[5,12],"tags":[],"class_list":["post-7568","post","type-post","status-publish","format-standard","has-post-thumbnail","hentry","category-actualidad","category-region-de-murcia"],"yoast_head":"<!-- This site is optimized with the Yoast SEO plugin v27.4 - https:\/\/yoast.com\/product\/yoast-seo-wordpress\/ -->\n<title>Los alojamientos tur\u00edsticos de la Regi\u00f3n registran cifras r\u00e9cord de viajeros y pernoctaciones en el primer semestre - AREA LORCA RADIO<\/title>\n<meta name=\"robots\" content=\"index, follow, max-snippet:-1, max-image-preview:large, max-video-preview:-1\" \/>\n<link rel=\"canonical\" href=\"https:\/\/arealorcaradio.es\/index.php\/2025\/08\/01\/los-alojamientos-turisticos-de-la-region-registran-cifras-record-de-viajeros-y-pernoctaciones-en-el-primer-semestre\/\" \/>\n<meta property=\"og:locale\" content=\"es_ES\" \/>\n<meta property=\"og:type\" content=\"article\" \/>\n<meta property=\"og:title\" content=\"Los alojamientos tur\u00edsticos de la Regi\u00f3n registran cifras r\u00e9cord de viajeros y pernoctaciones en el primer semestre - AREA LORCA RADIO\" \/>\n<meta property=\"og:description\" content=\"\u00c1REA LORCA RADIO. Turismo. 31.07.2025. Los alojamientos tur\u00edsticos de la Regi\u00f3n de Murcia, tanto hoteleros como extrahoteleros, registraron durante los seis primeros meses del a\u00f1o un total de 858.692 viajeros, lo que supone un aumento del 1,3 por ciento respecto al mismo periodo de 2024 (en el conjunto nacional el incremento fue del 1,2 por [&hellip;]\" \/>\n<meta property=\"og:url\" content=\"https:\/\/arealorcaradio.es\/index.php\/2025\/08\/01\/los-alojamientos-turisticos-de-la-region-registran-cifras-record-de-viajeros-y-pernoctaciones-en-el-primer-semestre\/\" \/>\n<meta property=\"og:site_name\" content=\"AREA LORCA RADIO\" \/>\n<meta property=\"article:published_time\" content=\"2025-08-01T14:20:06+00:00\" \/>\n<meta property=\"og:image\" content=\"https:\/\/arealorcaradio.es\/wp-content\/uploads\/2025\/08\/J.-Zamora-La-Manga-del-Mar-Menor-panoramica-PEQ-scaled.jpg\" \/>\n\t<meta property=\"og:image:width\" content=\"2560\" \/>\n\t<meta property=\"og:image:height\" content=\"1440\" \/>\n\t<meta property=\"og:image:type\" content=\"image\/jpeg\" \/>\n<meta name=\"author\" content=\"Paco S\u00e1nchez\" \/>\n<meta name=\"twitter:card\" content=\"summary_large_image\" \/>\n<meta name=\"twitter:label1\" content=\"Escrito por\" \/>\n\t<meta name=\"twitter:data1\" content=\"Paco S\u00e1nchez\" \/>\n\t<meta name=\"twitter:label2\" content=\"Tiempo de lectura\" \/>\n\t<meta name=\"twitter:data2\" content=\"3 minutos\" \/>\n<script type=\"application\/ld+json\" class=\"yoast-schema-graph\">{\"@context\":\"https:\\\/\\\/schema.org\",\"@graph\":[{\"@type\":\"Article\",\"@id\":\"https:\\\/\\\/arealorcaradio.es\\\/index.php\\\/2025\\\/08\\\/01\\\/los-alojamientos-turisticos-de-la-region-registran-cifras-record-de-viajeros-y-pernoctaciones-en-el-primer-semestre\\\/#article\",\"isPartOf\":{\"@id\":\"https:\\\/\\\/arealorcaradio.es\\\/index.php\\\/2025\\\/08\\\/01\\\/los-alojamientos-turisticos-de-la-region-registran-cifras-record-de-viajeros-y-pernoctaciones-en-el-primer-semestre\\\/\"},\"author\":{\"name\":\"Paco S\u00e1nchez\",\"@id\":\"https:\\\/\\\/arealorcaradio.es\\\/#\\\/schema\\\/person\\\/9fae605fc25b0f2c83c1ab207139bd27\"},\"headline\":\"Los alojamientos tur\u00edsticos de la Regi\u00f3n registran cifras r\u00e9cord de viajeros y pernoctaciones en el primer semestre\",\"datePublished\":\"2025-08-01T14:20:06+00:00\",\"mainEntityOfPage\":{\"@id\":\"https:\\\/\\\/arealorcaradio.es\\\/index.php\\\/2025\\\/08\\\/01\\\/los-alojamientos-turisticos-de-la-region-registran-cifras-record-de-viajeros-y-pernoctaciones-en-el-primer-semestre\\\/\"},\"wordCount\":555,\"commentCount\":0,\"image\":{\"@id\":\"https:\\\/\\\/arealorcaradio.es\\\/index.php\\\/2025\\\/08\\\/01\\\/los-alojamientos-turisticos-de-la-region-registran-cifras-record-de-viajeros-y-pernoctaciones-en-el-primer-semestre\\\/#primaryimage\"},\"thumbnailUrl\":\"https:\\\/\\\/arealorcaradio.es\\\/wp-content\\\/uploads\\\/2025\\\/08\\\/J.-Zamora-La-Manga-del-Mar-Menor-panoramica-PEQ-scaled.jpg\",\"articleSection\":[\"ACTUALIDAD\",\"REGI\u00d3N DE MURCIA\"],\"inLanguage\":\"es\",\"potentialAction\":[{\"@type\":\"CommentAction\",\"name\":\"Comment\",\"target\":[\"https:\\\/\\\/arealorcaradio.es\\\/index.php\\\/2025\\\/08\\\/01\\\/los-alojamientos-turisticos-de-la-region-registran-cifras-record-de-viajeros-y-pernoctaciones-en-el-primer-semestre\\\/#respond\"]}]},{\"@type\":\"WebPage\",\"@id\":\"https:\\\/\\\/arealorcaradio.es\\\/index.php\\\/2025\\\/08\\\/01\\\/los-alojamientos-turisticos-de-la-region-registran-cifras-record-de-viajeros-y-pernoctaciones-en-el-primer-semestre\\\/\",\"url\":\"https:\\\/\\\/arealorcaradio.es\\\/index.php\\\/2025\\\/08\\\/01\\\/los-alojamientos-turisticos-de-la-region-registran-cifras-record-de-viajeros-y-pernoctaciones-en-el-primer-semestre\\\/\",\"name\":\"Los alojamientos tur\u00edsticos de la Regi\u00f3n registran cifras r\u00e9cord de viajeros y pernoctaciones en el primer semestre - AREA LORCA RADIO\",\"isPartOf\":{\"@id\":\"https:\\\/\\\/arealorcaradio.es\\\/#website\"},\"primaryImageOfPage\":{\"@id\":\"https:\\\/\\\/arealorcaradio.es\\\/index.php\\\/2025\\\/08\\\/01\\\/los-alojamientos-turisticos-de-la-region-registran-cifras-record-de-viajeros-y-pernoctaciones-en-el-primer-semestre\\\/#primaryimage\"},\"image\":{\"@id\":\"https:\\\/\\\/arealorcaradio.es\\\/index.php\\\/2025\\\/08\\\/01\\\/los-alojamientos-turisticos-de-la-region-registran-cifras-record-de-viajeros-y-pernoctaciones-en-el-primer-semestre\\\/#primaryimage\"},\"thumbnailUrl\":\"https:\\\/\\\/arealorcaradio.es\\\/wp-content\\\/uploads\\\/2025\\\/08\\\/J.-Zamora-La-Manga-del-Mar-Menor-panoramica-PEQ-scaled.jpg\",\"datePublished\":\"2025-08-01T14:20:06+00:00\",\"author\":{\"@id\":\"https:\\\/\\\/arealorcaradio.es\\\/#\\\/schema\\\/person\\\/9fae605fc25b0f2c83c1ab207139bd27\"},\"breadcrumb\":{\"@id\":\"https:\\\/\\\/arealorcaradio.es\\\/index.php\\\/2025\\\/08\\\/01\\\/los-alojamientos-turisticos-de-la-region-registran-cifras-record-de-viajeros-y-pernoctaciones-en-el-primer-semestre\\\/#breadcrumb\"},\"inLanguage\":\"es\",\"potentialAction\":[{\"@type\":\"ReadAction\",\"target\":[\"https:\\\/\\\/arealorcaradio.es\\\/index.php\\\/2025\\\/08\\\/01\\\/los-alojamientos-turisticos-de-la-region-registran-cifras-record-de-viajeros-y-pernoctaciones-en-el-primer-semestre\\\/\"]}]},{\"@type\":\"ImageObject\",\"inLanguage\":\"es\",\"@id\":\"https:\\\/\\\/arealorcaradio.es\\\/index.php\\\/2025\\\/08\\\/01\\\/los-alojamientos-turisticos-de-la-region-registran-cifras-record-de-viajeros-y-pernoctaciones-en-el-primer-semestre\\\/#primaryimage\",\"url\":\"https:\\\/\\\/arealorcaradio.es\\\/wp-content\\\/uploads\\\/2025\\\/08\\\/J.-Zamora-La-Manga-del-Mar-Menor-panoramica-PEQ-scaled.jpg\",\"contentUrl\":\"https:\\\/\\\/arealorcaradio.es\\\/wp-content\\\/uploads\\\/2025\\\/08\\\/J.-Zamora-La-Manga-del-Mar-Menor-panoramica-PEQ-scaled.jpg\",\"width\":2560,\"height\":1440},{\"@type\":\"BreadcrumbList\",\"@id\":\"https:\\\/\\\/arealorcaradio.es\\\/index.php\\\/2025\\\/08\\\/01\\\/los-alojamientos-turisticos-de-la-region-registran-cifras-record-de-viajeros-y-pernoctaciones-en-el-primer-semestre\\\/#breadcrumb\",\"itemListElement\":[{\"@type\":\"ListItem\",\"position\":1,\"name\":\"Portada\",\"item\":\"https:\\\/\\\/arealorcaradio.es\\\/\"},{\"@type\":\"ListItem\",\"position\":2,\"name\":\"Los alojamientos tur\u00edsticos de la Regi\u00f3n registran cifras r\u00e9cord de viajeros y pernoctaciones en el primer semestre\"}]},{\"@type\":\"WebSite\",\"@id\":\"https:\\\/\\\/arealorcaradio.es\\\/#website\",\"url\":\"https:\\\/\\\/arealorcaradio.es\\\/\",\"name\":\"AREA LORCA RADIO\",\"description\":\"Descubre la programaci\u00f3n actual en \u00c1rea Lorca Radio, tu fuente de entrenamiento y noticias locales. Sintoniza ahora y mantente conectado online.\",\"potentialAction\":[{\"@type\":\"SearchAction\",\"target\":{\"@type\":\"EntryPoint\",\"urlTemplate\":\"https:\\\/\\\/arealorcaradio.es\\\/?s={search_term_string}\"},\"query-input\":{\"@type\":\"PropertyValueSpecification\",\"valueRequired\":true,\"valueName\":\"search_term_string\"}}],\"inLanguage\":\"es\"},{\"@type\":\"Person\",\"@id\":\"https:\\\/\\\/arealorcaradio.es\\\/#\\\/schema\\\/person\\\/9fae605fc25b0f2c83c1ab207139bd27\",\"name\":\"Paco S\u00e1nchez\",\"image\":{\"@type\":\"ImageObject\",\"inLanguage\":\"es\",\"@id\":\"https:\\\/\\\/secure.gravatar.com\\\/avatar\\\/d67144e966420fb74aa84c9f2a0103be4724fd14db52b52d3b6bca749f257e79?s=96&d=mm&r=g\",\"url\":\"https:\\\/\\\/secure.gravatar.com\\\/avatar\\\/d67144e966420fb74aa84c9f2a0103be4724fd14db52b52d3b6bca749f257e79?s=96&d=mm&r=g\",\"contentUrl\":\"https:\\\/\\\/secure.gravatar.com\\\/avatar\\\/d67144e966420fb74aa84c9f2a0103be4724fd14db52b52d3b6bca749f257e79?s=96&d=mm&r=g\",\"caption\":\"Paco S\u00e1nchez\"},\"sameAs\":[\"https:\\\/\\\/arealorcaradio.es\"],\"url\":\"https:\\\/\\\/arealorcaradio.es\\\/index.php\\\/author\\\/admin_alorcaradio\\\/\"}]}<\/script>\n<!-- \/ Yoast SEO plugin. -->","yoast_head_json":{"title":"Los alojamientos tur\u00edsticos de la Regi\u00f3n registran cifras r\u00e9cord de viajeros y pernoctaciones en el primer semestre - AREA LORCA RADIO","robots":{"index":"index","follow":"follow","max-snippet":"max-snippet:-1","max-image-preview":"max-image-preview:large","max-video-preview":"max-video-preview:-1"},"canonical":"https:\/\/arealorcaradio.es\/index.php\/2025\/08\/01\/los-alojamientos-turisticos-de-la-region-registran-cifras-record-de-viajeros-y-pernoctaciones-en-el-primer-semestre\/","og_locale":"es_ES","og_type":"article","og_title":"Los alojamientos tur\u00edsticos de la Regi\u00f3n registran cifras r\u00e9cord de viajeros y pernoctaciones en el primer semestre - AREA LORCA RADIO","og_description":"\u00c1REA LORCA RADIO. Turismo. 31.07.2025. Los alojamientos tur\u00edsticos de la Regi\u00f3n de Murcia, tanto hoteleros como extrahoteleros, registraron durante los seis primeros meses del a\u00f1o un total de 858.692 viajeros, lo que supone un aumento del 1,3 por ciento respecto al mismo periodo de 2024 (en el conjunto nacional el incremento fue del 1,2 por [&hellip;]","og_url":"https:\/\/arealorcaradio.es\/index.php\/2025\/08\/01\/los-alojamientos-turisticos-de-la-region-registran-cifras-record-de-viajeros-y-pernoctaciones-en-el-primer-semestre\/","og_site_name":"AREA LORCA RADIO","article_published_time":"2025-08-01T14:20:06+00:00","og_image":[{"width":2560,"height":1440,"url":"https:\/\/arealorcaradio.es\/wp-content\/uploads\/2025\/08\/J.-Zamora-La-Manga-del-Mar-Menor-panoramica-PEQ-scaled.jpg","type":"image\/jpeg"}],"author":"Paco S\u00e1nchez","twitter_card":"summary_large_image","twitter_misc":{"Escrito por":"Paco S\u00e1nchez","Tiempo de lectura":"3 minutos"},"schema":{"@context":"https:\/\/schema.org","@graph":[{"@type":"Article","@id":"https:\/\/arealorcaradio.es\/index.php\/2025\/08\/01\/los-alojamientos-turisticos-de-la-region-registran-cifras-record-de-viajeros-y-pernoctaciones-en-el-primer-semestre\/#article","isPartOf":{"@id":"https:\/\/arealorcaradio.es\/index.php\/2025\/08\/01\/los-alojamientos-turisticos-de-la-region-registran-cifras-record-de-viajeros-y-pernoctaciones-en-el-primer-semestre\/"},"author":{"name":"Paco S\u00e1nchez","@id":"https:\/\/arealorcaradio.es\/#\/schema\/person\/9fae605fc25b0f2c83c1ab207139bd27"},"headline":"Los alojamientos tur\u00edsticos de la Regi\u00f3n registran cifras r\u00e9cord de viajeros y pernoctaciones en el primer semestre","datePublished":"2025-08-01T14:20:06+00:00","mainEntityOfPage":{"@id":"https:\/\/arealorcaradio.es\/index.php\/2025\/08\/01\/los-alojamientos-turisticos-de-la-region-registran-cifras-record-de-viajeros-y-pernoctaciones-en-el-primer-semestre\/"},"wordCount":555,"commentCount":0,"image":{"@id":"https:\/\/arealorcaradio.es\/index.php\/2025\/08\/01\/los-alojamientos-turisticos-de-la-region-registran-cifras-record-de-viajeros-y-pernoctaciones-en-el-primer-semestre\/#primaryimage"},"thumbnailUrl":"https:\/\/arealorcaradio.es\/wp-content\/uploads\/2025\/08\/J.-Zamora-La-Manga-del-Mar-Menor-panoramica-PEQ-scaled.jpg","articleSection":["ACTUALIDAD","REGI\u00d3N DE MURCIA"],"inLanguage":"es","potentialAction":[{"@type":"CommentAction","name":"Comment","target":["https:\/\/arealorcaradio.es\/index.php\/2025\/08\/01\/los-alojamientos-turisticos-de-la-region-registran-cifras-record-de-viajeros-y-pernoctaciones-en-el-primer-semestre\/#respond"]}]},{"@type":"WebPage","@id":"https:\/\/arealorcaradio.es\/index.php\/2025\/08\/01\/los-alojamientos-turisticos-de-la-region-registran-cifras-record-de-viajeros-y-pernoctaciones-en-el-primer-semestre\/","url":"https:\/\/arealorcaradio.es\/index.php\/2025\/08\/01\/los-alojamientos-turisticos-de-la-region-registran-cifras-record-de-viajeros-y-pernoctaciones-en-el-primer-semestre\/","name":"Los alojamientos tur\u00edsticos de la Regi\u00f3n registran cifras r\u00e9cord de viajeros y pernoctaciones en el primer semestre - AREA LORCA RADIO","isPartOf":{"@id":"https:\/\/arealorcaradio.es\/#website"},"primaryImageOfPage":{"@id":"https:\/\/arealorcaradio.es\/index.php\/2025\/08\/01\/los-alojamientos-turisticos-de-la-region-registran-cifras-record-de-viajeros-y-pernoctaciones-en-el-primer-semestre\/#primaryimage"},"image":{"@id":"https:\/\/arealorcaradio.es\/index.php\/2025\/08\/01\/los-alojamientos-turisticos-de-la-region-registran-cifras-record-de-viajeros-y-pernoctaciones-en-el-primer-semestre\/#primaryimage"},"thumbnailUrl":"https:\/\/arealorcaradio.es\/wp-content\/uploads\/2025\/08\/J.-Zamora-La-Manga-del-Mar-Menor-panoramica-PEQ-scaled.jpg","datePublished":"2025-08-01T14:20:06+00:00","author":{"@id":"https:\/\/arealorcaradio.es\/#\/schema\/person\/9fae605fc25b0f2c83c1ab207139bd27"},"breadcrumb":{"@id":"https:\/\/arealorcaradio.es\/index.php\/2025\/08\/01\/los-alojamientos-turisticos-de-la-region-registran-cifras-record-de-viajeros-y-pernoctaciones-en-el-primer-semestre\/#breadcrumb"},"inLanguage":"es","potentialAction":[{"@type":"ReadAction","target":["https:\/\/arealorcaradio.es\/index.php\/2025\/08\/01\/los-alojamientos-turisticos-de-la-region-registran-cifras-record-de-viajeros-y-pernoctaciones-en-el-primer-semestre\/"]}]},{"@type":"ImageObject","inLanguage":"es","@id":"https:\/\/arealorcaradio.es\/index.php\/2025\/08\/01\/los-alojamientos-turisticos-de-la-region-registran-cifras-record-de-viajeros-y-pernoctaciones-en-el-primer-semestre\/#primaryimage","url":"https:\/\/arealorcaradio.es\/wp-content\/uploads\/2025\/08\/J.-Zamora-La-Manga-del-Mar-Menor-panoramica-PEQ-scaled.jpg","contentUrl":"https:\/\/arealorcaradio.es\/wp-content\/uploads\/2025\/08\/J.-Zamora-La-Manga-del-Mar-Menor-panoramica-PEQ-scaled.jpg","width":2560,"height":1440},{"@type":"BreadcrumbList","@id":"https:\/\/arealorcaradio.es\/index.php\/2025\/08\/01\/los-alojamientos-turisticos-de-la-region-registran-cifras-record-de-viajeros-y-pernoctaciones-en-el-primer-semestre\/#breadcrumb","itemListElement":[{"@type":"ListItem","position":1,"name":"Portada","item":"https:\/\/arealorcaradio.es\/"},{"@type":"ListItem","position":2,"name":"Los alojamientos tur\u00edsticos de la Regi\u00f3n registran cifras r\u00e9cord de viajeros y pernoctaciones en el primer semestre"}]},{"@type":"WebSite","@id":"https:\/\/arealorcaradio.es\/#website","url":"https:\/\/arealorcaradio.es\/","name":"AREA LORCA RADIO","description":"Descubre la programaci\u00f3n actual en \u00c1rea Lorca Radio, tu fuente de entrenamiento y noticias locales. Sintoniza ahora y mantente conectado online.","potentialAction":[{"@type":"SearchAction","target":{"@type":"EntryPoint","urlTemplate":"https:\/\/arealorcaradio.es\/?s={search_term_string}"},"query-input":{"@type":"PropertyValueSpecification","valueRequired":true,"valueName":"search_term_string"}}],"inLanguage":"es"},{"@type":"Person","@id":"https:\/\/arealorcaradio.es\/#\/schema\/person\/9fae605fc25b0f2c83c1ab207139bd27","name":"Paco S\u00e1nchez","image":{"@type":"ImageObject","inLanguage":"es","@id":"https:\/\/secure.gravatar.com\/avatar\/d67144e966420fb74aa84c9f2a0103be4724fd14db52b52d3b6bca749f257e79?s=96&d=mm&r=g","url":"https:\/\/secure.gravatar.com\/avatar\/d67144e966420fb74aa84c9f2a0103be4724fd14db52b52d3b6bca749f257e79?s=96&d=mm&r=g","contentUrl":"https:\/\/secure.gravatar.com\/avatar\/d67144e966420fb74aa84c9f2a0103be4724fd14db52b52d3b6bca749f257e79?s=96&d=mm&r=g","caption":"Paco S\u00e1nchez"},"sameAs":["https:\/\/arealorcaradio.es"],"url":"https:\/\/arealorcaradio.es\/index.php\/author\/admin_alorcaradio\/"}]}},"_links":{"self":[{"href":"https:\/\/arealorcaradio.es\/index.php\/wp-json\/wp\/v2\/posts\/7568","targetHints":{"allow":["GET"]}}],"collection":[{"href":"https:\/\/arealorcaradio.es\/index.php\/wp-json\/wp\/v2\/posts"}],"about":[{"href":"https:\/\/arealorcaradio.es\/index.php\/wp-json\/wp\/v2\/types\/post"}],"author":[{"embeddable":true,"href":"https:\/\/arealorcaradio.es\/index.php\/wp-json\/wp\/v2\/users\/1"}],"replies":[{"embeddable":true,"href":"https:\/\/arealorcaradio.es\/index.php\/wp-json\/wp\/v2\/comments?post=7568"}],"version-history":[{"count":1,"href":"https:\/\/arealorcaradio.es\/index.php\/wp-json\/wp\/v2\/posts\/7568\/revisions"}],"predecessor-version":[{"id":7570,"href":"https:\/\/arealorcaradio.es\/index.php\/wp-json\/wp\/v2\/posts\/7568\/revisions\/7570"}],"wp:featuredmedia":[{"embeddable":true,"href":"https:\/\/arealorcaradio.es\/index.php\/wp-json\/wp\/v2\/media\/7569"}],"wp:attachment":[{"href":"https:\/\/arealorcaradio.es\/index.php\/wp-json\/wp\/v2\/media?parent=7568"}],"wp:term":[{"taxonomy":"category","embeddable":true,"href":"https:\/\/arealorcaradio.es\/index.php\/wp-json\/wp\/v2\/categories?post=7568"},{"taxonomy":"post_tag","embeddable":true,"href":"https:\/\/arealorcaradio.es\/index.php\/wp-json\/wp\/v2\/tags?post=7568"}],"curies":[{"name":"wp","href":"https:\/\/api.w.org\/{rel}","templated":true}]}}