{"id":7564,"date":"2025-08-01T14:09:16","date_gmt":"2025-08-01T14:09:16","guid":{"rendered":"https:\/\/arealorcaradio.es\/?p=7564"},"modified":"2025-08-01T14:09:16","modified_gmt":"2025-08-01T14:09:16","slug":"mas-de-medio-centenar-de-viviendas-en-lorca-consiguen-mejorar-su-eficiencia-energetica-mediante-subvenciones-directas-para-su-rehabilitacion","status":"publish","type":"post","link":"https:\/\/arealorcaradio.es\/index.php\/2025\/08\/01\/mas-de-medio-centenar-de-viviendas-en-lorca-consiguen-mejorar-su-eficiencia-energetica-mediante-subvenciones-directas-para-su-rehabilitacion\/","title":{"rendered":"M\u00e1s de medio centenar de viviendas en Lorca consiguen mejorar su eficiencia energ\u00e9tica mediante subvenciones directas para su rehabilitaci\u00f3n"},"content":{"rendered":"<p><strong>\u00c1REA LORCA RADIO.\u00a0<span lang=\"es\">Urbanismo.<\/span><\/strong><\/p>\n<p class=\"v1MsoNormal\"><b><span lang=\"es\">Lorca, 1 de agosto de 2025<\/span><\/b><span lang=\"es\">. El Ayuntamiento de Lorca contin\u00faa en su apuesta por el fomento y el incremento de la eficiencia energ\u00e9tica y la sostenibilidad residencial en nuestro municipio, con especial atenci\u00f3n a n\u00facleos familiares declarados vulnerables, alcanzando un total de 63 viviendas que han logrado mejorar su eficiencia energ\u00e9tica mediante subvenciones directas para su rehabilitaci\u00f3n de la mano de la convocatoria de ayudas incluidas dentro del \u00abPrograma de\u00a0Ayudas\u00a0a las actuaciones de Rehabilitaci\u00f3n a\u00a0nivel\u00a0de\u00a0Barrio\u00bb, un proyecto suscrito entre el Ayuntamiento de Lorca y la Oficina Rehabita, junto con la Consejer\u00eda de Fomento, dentro del Plan de Recuperaci\u00f3n, Transformaci\u00f3n y Resiliencia- Fondos Next.<\/span><\/p>\n<p class=\"v1MsoNormal\"><span lang=\"es\">As\u00ed lo ha anunciado la edil de Urbanismo del Ayuntamiento de Lorca, Mar\u00eda Hern\u00e1ndez, que ha trasladado en la ma\u00f1ana de este viernes un balance de las actuaciones y principales aportaciones llevadas a cabo desde la empresa p\u00fablica de Suelo y Vivienda de Lorca (SUVILOR), a trav\u00e9s de la Oficina Rehabita, en el Complejo de la Merced.<\/span><\/p>\n<p class=\"v1MsoNormal\"><span lang=\"es\">\u00abDesde su activaci\u00f3n, m\u00e1s de 200 interesados, entre particulares y comunidades, han solicitado informaci\u00f3n en la Oficina Rehabita, que -como vemos- resulta ser un recurso muy valioso para los ciudadanos, tanto del casco urbano como de nuestras pedan\u00edas. Nos sentimos satisfechos de haber alcanzado 63 viviendas beneficiadas en esta primera convocatoria, donde se incluyen residentes vulnerables, de n\u00facleos urbanos tanto del casco urbano como de pedan\u00edas, pudiendo realizar actuaciones centradas en la renovaci\u00f3n eficiente y contribuyendo, de este modo, al objetivo com\u00fan de fomento del ahorro energ\u00e9tico en nuestro municipio\u00bb.<\/span><\/p>\n<p class=\"v1MsoNormal\"><span lang=\"es\">\u00abNo obstante, el l\u00edmite de la cuant\u00eda global del cr\u00e9dito presupuestado fijado en la convocatoria mencionada para el ejercicio 2024 era de 991.324 euros, cr\u00e9dito que ha sido agotado; y, aunque esta ya ha sido cerrada, a\u00fan quedan pendientes de concesi\u00f3n 25 solicitudes cuya tramitaci\u00f3n ha sido completamente finalizada al haber cumplido todos los requisitos, 16 de ellas correspondientes a familias vulnerables, ubicadas en su mayor\u00eda en las diputaciones de nuestro t\u00e9rmino municipal\u00bb, ha rese\u00f1ado la edil.<\/span><\/p>\n<p class=\"v1MsoNormal\"><span lang=\"es\">\u00abPor estos motivos, y atendiendo a que la previsi\u00f3n m\u00e1xima para subvencionar en las sucesivas convocatorias es de 4.000.000 euros, consideramos que la asignaci\u00f3n de nuevos fondos es urgente y necesaria para poder atender adecuadamente las demandas de nuestros vecinos, dando continuidad de este modo a las ayudas enmarcadas en el \u00abPrograma de\u00a0Ayudas\u00a0a las actuaciones de Rehabilitaci\u00f3n a\u00a0nivel\u00a0de\u00a0Barrio\u00bb (Programa 1), perteneciente al Plan de Recuperaci\u00f3n, Transformaci\u00f3n y Resiliencia (RTR) y a los Fondos Next Generation, conforme al Real Decreto 853\/2021&#8243;.<\/span><\/p>\n<p class=\"v1MsoNormal\"><span lang=\"es\">\u00abEn este sentido, ha trasladado la edil, ya hemos solicitado a la Consejer\u00eda de Fomento la promoci\u00f3n de la convocatoria urgente de la Comisi\u00f3n Bilateral de Seguimiento, creada en virtud del Acuerdo n\u00ba 36, punto 6, p\u00e1rrafo 3, entre el Ministerio de Vivienda y Agenda Urbana y dicha Consejer\u00eda, teniendo en cuenta -adem\u00e1s- que el plazo de expiraci\u00f3n del programa a\u00fan se encuentra a once meses vista, y que las obras previstas en esas 16 viviendas unifamiliares con proyectos ya redactados tienen una ejecuci\u00f3n estimada inferior a mes y medio, por lo que consideramos que existe margen suficiente para gestionar estos nuevos fondos y ejecutar las actuaciones correspondientes\u00bb.<\/span><\/p>\n<p class=\"v1MsoNormal\"><span lang=\"es\">Hern\u00e1ndez ha recordado que la caracter\u00edstica principal de estas ayudas es que exclusivamente van unidas a eficiencia energ\u00e9tica. \u00abHablamos de aislamientos en fachada y cubierta de los edificios, sustituci\u00f3n de carpinter\u00edas y equipos de climatizaci\u00f3n, instalaci\u00f3n de captadores solares fotovoltaicos o cualquier actuaci\u00f3n por la que se consiga un porcentaje de reducci\u00f3n de consumo energ\u00e9tico, y que este sea como m\u00ednimo un 30%. Adem\u00e1s estas se incrementan cuando la petici\u00f3n es realizada por personas en situaci\u00f3n de vulnerabilidad econ\u00f3mica\u00bb.<\/span><\/p>\n","protected":false},"excerpt":{"rendered":"<p>\u00c1REA LORCA RADIO.\u00a0Urbanismo. Lorca, 1 de agosto de 2025. El Ayuntamiento de Lorca contin\u00faa en su apuesta por el fomento y el incremento de la eficiencia energ\u00e9tica y la sostenibilidad residencial en nuestro municipio, con especial atenci\u00f3n a n\u00facleos familiares declarados vulnerables, alcanzando un total de 63 viviendas que han logrado mejorar su eficiencia energ\u00e9tica [&hellip;]<\/p>\n","protected":false},"author":1,"featured_media":7565,"comment_status":"open","ping_status":"open","sticky":false,"template":"","format":"standard","meta":{"iawp_total_views":9,"footnotes":""},"categories":[5,7],"tags":[],"class_list":["post-7564","post","type-post","status-publish","format-standard","has-post-thumbnail","hentry","category-actualidad","category-lorca"],"yoast_head":"<!-- This site is optimized with the Yoast SEO plugin v27.4 - https:\/\/yoast.com\/product\/yoast-seo-wordpress\/ -->\n<title>M\u00e1s de medio centenar de viviendas en Lorca consiguen mejorar su eficiencia energ\u00e9tica mediante subvenciones directas para su rehabilitaci\u00f3n - AREA LORCA RADIO<\/title>\n<meta name=\"robots\" content=\"index, follow, max-snippet:-1, max-image-preview:large, max-video-preview:-1\" \/>\n<link rel=\"canonical\" href=\"https:\/\/arealorcaradio.es\/index.php\/2025\/08\/01\/mas-de-medio-centenar-de-viviendas-en-lorca-consiguen-mejorar-su-eficiencia-energetica-mediante-subvenciones-directas-para-su-rehabilitacion\/\" \/>\n<meta property=\"og:locale\" content=\"es_ES\" \/>\n<meta property=\"og:type\" content=\"article\" \/>\n<meta property=\"og:title\" content=\"M\u00e1s de medio centenar de viviendas en Lorca consiguen mejorar su eficiencia energ\u00e9tica mediante subvenciones directas para su rehabilitaci\u00f3n - AREA LORCA RADIO\" \/>\n<meta property=\"og:description\" content=\"\u00c1REA LORCA RADIO.\u00a0Urbanismo. Lorca, 1 de agosto de 2025. El Ayuntamiento de Lorca contin\u00faa en su apuesta por el fomento y el incremento de la eficiencia energ\u00e9tica y la sostenibilidad residencial en nuestro municipio, con especial atenci\u00f3n a n\u00facleos familiares declarados vulnerables, alcanzando un total de 63 viviendas que han logrado mejorar su eficiencia energ\u00e9tica [&hellip;]\" \/>\n<meta property=\"og:url\" content=\"https:\/\/arealorcaradio.es\/index.php\/2025\/08\/01\/mas-de-medio-centenar-de-viviendas-en-lorca-consiguen-mejorar-su-eficiencia-energetica-mediante-subvenciones-directas-para-su-rehabilitacion\/\" \/>\n<meta property=\"og:site_name\" content=\"AREA LORCA RADIO\" \/>\n<meta property=\"article:published_time\" content=\"2025-08-01T14:09:16+00:00\" \/>\n<meta property=\"og:image\" content=\"https:\/\/arealorcaradio.es\/wp-content\/uploads\/2025\/08\/Oficicina-Rehabita01.jpeg\" \/>\n\t<meta property=\"og:image:width\" content=\"1600\" \/>\n\t<meta property=\"og:image:height\" content=\"1109\" \/>\n\t<meta property=\"og:image:type\" content=\"image\/jpeg\" \/>\n<meta name=\"author\" content=\"Paco S\u00e1nchez\" \/>\n<meta name=\"twitter:card\" content=\"summary_large_image\" \/>\n<meta name=\"twitter:label1\" content=\"Escrito por\" \/>\n\t<meta name=\"twitter:data1\" content=\"Paco S\u00e1nchez\" \/>\n\t<meta name=\"twitter:label2\" content=\"Tiempo de lectura\" \/>\n\t<meta name=\"twitter:data2\" content=\"3 minutos\" \/>\n<script type=\"application\/ld+json\" class=\"yoast-schema-graph\">{\"@context\":\"https:\\\/\\\/schema.org\",\"@graph\":[{\"@type\":\"Article\",\"@id\":\"https:\\\/\\\/arealorcaradio.es\\\/index.php\\\/2025\\\/08\\\/01\\\/mas-de-medio-centenar-de-viviendas-en-lorca-consiguen-mejorar-su-eficiencia-energetica-mediante-subvenciones-directas-para-su-rehabilitacion\\\/#article\",\"isPartOf\":{\"@id\":\"https:\\\/\\\/arealorcaradio.es\\\/index.php\\\/2025\\\/08\\\/01\\\/mas-de-medio-centenar-de-viviendas-en-lorca-consiguen-mejorar-su-eficiencia-energetica-mediante-subvenciones-directas-para-su-rehabilitacion\\\/\"},\"author\":{\"name\":\"Paco S\u00e1nchez\",\"@id\":\"https:\\\/\\\/arealorcaradio.es\\\/#\\\/schema\\\/person\\\/9fae605fc25b0f2c83c1ab207139bd27\"},\"headline\":\"M\u00e1s de medio centenar de viviendas en Lorca consiguen mejorar su eficiencia energ\u00e9tica mediante subvenciones directas para su rehabilitaci\u00f3n\",\"datePublished\":\"2025-08-01T14:09:16+00:00\",\"mainEntityOfPage\":{\"@id\":\"https:\\\/\\\/arealorcaradio.es\\\/index.php\\\/2025\\\/08\\\/01\\\/mas-de-medio-centenar-de-viviendas-en-lorca-consiguen-mejorar-su-eficiencia-energetica-mediante-subvenciones-directas-para-su-rehabilitacion\\\/\"},\"wordCount\":678,\"commentCount\":0,\"image\":{\"@id\":\"https:\\\/\\\/arealorcaradio.es\\\/index.php\\\/2025\\\/08\\\/01\\\/mas-de-medio-centenar-de-viviendas-en-lorca-consiguen-mejorar-su-eficiencia-energetica-mediante-subvenciones-directas-para-su-rehabilitacion\\\/#primaryimage\"},\"thumbnailUrl\":\"https:\\\/\\\/arealorcaradio.es\\\/wp-content\\\/uploads\\\/2025\\\/08\\\/Oficicina-Rehabita01.jpeg\",\"articleSection\":[\"ACTUALIDAD\",\"LORCA\"],\"inLanguage\":\"es\",\"potentialAction\":[{\"@type\":\"CommentAction\",\"name\":\"Comment\",\"target\":[\"https:\\\/\\\/arealorcaradio.es\\\/index.php\\\/2025\\\/08\\\/01\\\/mas-de-medio-centenar-de-viviendas-en-lorca-consiguen-mejorar-su-eficiencia-energetica-mediante-subvenciones-directas-para-su-rehabilitacion\\\/#respond\"]}]},{\"@type\":\"WebPage\",\"@id\":\"https:\\\/\\\/arealorcaradio.es\\\/index.php\\\/2025\\\/08\\\/01\\\/mas-de-medio-centenar-de-viviendas-en-lorca-consiguen-mejorar-su-eficiencia-energetica-mediante-subvenciones-directas-para-su-rehabilitacion\\\/\",\"url\":\"https:\\\/\\\/arealorcaradio.es\\\/index.php\\\/2025\\\/08\\\/01\\\/mas-de-medio-centenar-de-viviendas-en-lorca-consiguen-mejorar-su-eficiencia-energetica-mediante-subvenciones-directas-para-su-rehabilitacion\\\/\",\"name\":\"M\u00e1s de medio centenar de viviendas en Lorca consiguen mejorar su eficiencia energ\u00e9tica mediante subvenciones directas para su rehabilitaci\u00f3n - AREA LORCA RADIO\",\"isPartOf\":{\"@id\":\"https:\\\/\\\/arealorcaradio.es\\\/#website\"},\"primaryImageOfPage\":{\"@id\":\"https:\\\/\\\/arealorcaradio.es\\\/index.php\\\/2025\\\/08\\\/01\\\/mas-de-medio-centenar-de-viviendas-en-lorca-consiguen-mejorar-su-eficiencia-energetica-mediante-subvenciones-directas-para-su-rehabilitacion\\\/#primaryimage\"},\"image\":{\"@id\":\"https:\\\/\\\/arealorcaradio.es\\\/index.php\\\/2025\\\/08\\\/01\\\/mas-de-medio-centenar-de-viviendas-en-lorca-consiguen-mejorar-su-eficiencia-energetica-mediante-subvenciones-directas-para-su-rehabilitacion\\\/#primaryimage\"},\"thumbnailUrl\":\"https:\\\/\\\/arealorcaradio.es\\\/wp-content\\\/uploads\\\/2025\\\/08\\\/Oficicina-Rehabita01.jpeg\",\"datePublished\":\"2025-08-01T14:09:16+00:00\",\"author\":{\"@id\":\"https:\\\/\\\/arealorcaradio.es\\\/#\\\/schema\\\/person\\\/9fae605fc25b0f2c83c1ab207139bd27\"},\"breadcrumb\":{\"@id\":\"https:\\\/\\\/arealorcaradio.es\\\/index.php\\\/2025\\\/08\\\/01\\\/mas-de-medio-centenar-de-viviendas-en-lorca-consiguen-mejorar-su-eficiencia-energetica-mediante-subvenciones-directas-para-su-rehabilitacion\\\/#breadcrumb\"},\"inLanguage\":\"es\",\"potentialAction\":[{\"@type\":\"ReadAction\",\"target\":[\"https:\\\/\\\/arealorcaradio.es\\\/index.php\\\/2025\\\/08\\\/01\\\/mas-de-medio-centenar-de-viviendas-en-lorca-consiguen-mejorar-su-eficiencia-energetica-mediante-subvenciones-directas-para-su-rehabilitacion\\\/\"]}]},{\"@type\":\"ImageObject\",\"inLanguage\":\"es\",\"@id\":\"https:\\\/\\\/arealorcaradio.es\\\/index.php\\\/2025\\\/08\\\/01\\\/mas-de-medio-centenar-de-viviendas-en-lorca-consiguen-mejorar-su-eficiencia-energetica-mediante-subvenciones-directas-para-su-rehabilitacion\\\/#primaryimage\",\"url\":\"https:\\\/\\\/arealorcaradio.es\\\/wp-content\\\/uploads\\\/2025\\\/08\\\/Oficicina-Rehabita01.jpeg\",\"contentUrl\":\"https:\\\/\\\/arealorcaradio.es\\\/wp-content\\\/uploads\\\/2025\\\/08\\\/Oficicina-Rehabita01.jpeg\",\"width\":1600,\"height\":1109},{\"@type\":\"BreadcrumbList\",\"@id\":\"https:\\\/\\\/arealorcaradio.es\\\/index.php\\\/2025\\\/08\\\/01\\\/mas-de-medio-centenar-de-viviendas-en-lorca-consiguen-mejorar-su-eficiencia-energetica-mediante-subvenciones-directas-para-su-rehabilitacion\\\/#breadcrumb\",\"itemListElement\":[{\"@type\":\"ListItem\",\"position\":1,\"name\":\"Portada\",\"item\":\"https:\\\/\\\/arealorcaradio.es\\\/\"},{\"@type\":\"ListItem\",\"position\":2,\"name\":\"M\u00e1s de medio centenar de viviendas en Lorca consiguen mejorar su eficiencia energ\u00e9tica mediante subvenciones directas para su rehabilitaci\u00f3n\"}]},{\"@type\":\"WebSite\",\"@id\":\"https:\\\/\\\/arealorcaradio.es\\\/#website\",\"url\":\"https:\\\/\\\/arealorcaradio.es\\\/\",\"name\":\"AREA LORCA RADIO\",\"description\":\"Descubre la programaci\u00f3n actual en \u00c1rea Lorca Radio, tu fuente de entrenamiento y noticias locales. Sintoniza ahora y mantente conectado online.\",\"potentialAction\":[{\"@type\":\"SearchAction\",\"target\":{\"@type\":\"EntryPoint\",\"urlTemplate\":\"https:\\\/\\\/arealorcaradio.es\\\/?s={search_term_string}\"},\"query-input\":{\"@type\":\"PropertyValueSpecification\",\"valueRequired\":true,\"valueName\":\"search_term_string\"}}],\"inLanguage\":\"es\"},{\"@type\":\"Person\",\"@id\":\"https:\\\/\\\/arealorcaradio.es\\\/#\\\/schema\\\/person\\\/9fae605fc25b0f2c83c1ab207139bd27\",\"name\":\"Paco S\u00e1nchez\",\"image\":{\"@type\":\"ImageObject\",\"inLanguage\":\"es\",\"@id\":\"https:\\\/\\\/secure.gravatar.com\\\/avatar\\\/d67144e966420fb74aa84c9f2a0103be4724fd14db52b52d3b6bca749f257e79?s=96&d=mm&r=g\",\"url\":\"https:\\\/\\\/secure.gravatar.com\\\/avatar\\\/d67144e966420fb74aa84c9f2a0103be4724fd14db52b52d3b6bca749f257e79?s=96&d=mm&r=g\",\"contentUrl\":\"https:\\\/\\\/secure.gravatar.com\\\/avatar\\\/d67144e966420fb74aa84c9f2a0103be4724fd14db52b52d3b6bca749f257e79?s=96&d=mm&r=g\",\"caption\":\"Paco S\u00e1nchez\"},\"sameAs\":[\"https:\\\/\\\/arealorcaradio.es\"],\"url\":\"https:\\\/\\\/arealorcaradio.es\\\/index.php\\\/author\\\/admin_alorcaradio\\\/\"}]}<\/script>\n<!-- \/ Yoast SEO plugin. -->","yoast_head_json":{"title":"M\u00e1s de medio centenar de viviendas en Lorca consiguen mejorar su eficiencia energ\u00e9tica mediante subvenciones directas para su rehabilitaci\u00f3n - AREA LORCA RADIO","robots":{"index":"index","follow":"follow","max-snippet":"max-snippet:-1","max-image-preview":"max-image-preview:large","max-video-preview":"max-video-preview:-1"},"canonical":"https:\/\/arealorcaradio.es\/index.php\/2025\/08\/01\/mas-de-medio-centenar-de-viviendas-en-lorca-consiguen-mejorar-su-eficiencia-energetica-mediante-subvenciones-directas-para-su-rehabilitacion\/","og_locale":"es_ES","og_type":"article","og_title":"M\u00e1s de medio centenar de viviendas en Lorca consiguen mejorar su eficiencia energ\u00e9tica mediante subvenciones directas para su rehabilitaci\u00f3n - AREA LORCA RADIO","og_description":"\u00c1REA LORCA RADIO.\u00a0Urbanismo. Lorca, 1 de agosto de 2025. El Ayuntamiento de Lorca contin\u00faa en su apuesta por el fomento y el incremento de la eficiencia energ\u00e9tica y la sostenibilidad residencial en nuestro municipio, con especial atenci\u00f3n a n\u00facleos familiares declarados vulnerables, alcanzando un total de 63 viviendas que han logrado mejorar su eficiencia energ\u00e9tica [&hellip;]","og_url":"https:\/\/arealorcaradio.es\/index.php\/2025\/08\/01\/mas-de-medio-centenar-de-viviendas-en-lorca-consiguen-mejorar-su-eficiencia-energetica-mediante-subvenciones-directas-para-su-rehabilitacion\/","og_site_name":"AREA LORCA RADIO","article_published_time":"2025-08-01T14:09:16+00:00","og_image":[{"width":1600,"height":1109,"url":"https:\/\/arealorcaradio.es\/wp-content\/uploads\/2025\/08\/Oficicina-Rehabita01.jpeg","type":"image\/jpeg"}],"author":"Paco S\u00e1nchez","twitter_card":"summary_large_image","twitter_misc":{"Escrito por":"Paco S\u00e1nchez","Tiempo de lectura":"3 minutos"},"schema":{"@context":"https:\/\/schema.org","@graph":[{"@type":"Article","@id":"https:\/\/arealorcaradio.es\/index.php\/2025\/08\/01\/mas-de-medio-centenar-de-viviendas-en-lorca-consiguen-mejorar-su-eficiencia-energetica-mediante-subvenciones-directas-para-su-rehabilitacion\/#article","isPartOf":{"@id":"https:\/\/arealorcaradio.es\/index.php\/2025\/08\/01\/mas-de-medio-centenar-de-viviendas-en-lorca-consiguen-mejorar-su-eficiencia-energetica-mediante-subvenciones-directas-para-su-rehabilitacion\/"},"author":{"name":"Paco S\u00e1nchez","@id":"https:\/\/arealorcaradio.es\/#\/schema\/person\/9fae605fc25b0f2c83c1ab207139bd27"},"headline":"M\u00e1s de medio centenar de viviendas en Lorca consiguen mejorar su eficiencia energ\u00e9tica mediante subvenciones directas para su rehabilitaci\u00f3n","datePublished":"2025-08-01T14:09:16+00:00","mainEntityOfPage":{"@id":"https:\/\/arealorcaradio.es\/index.php\/2025\/08\/01\/mas-de-medio-centenar-de-viviendas-en-lorca-consiguen-mejorar-su-eficiencia-energetica-mediante-subvenciones-directas-para-su-rehabilitacion\/"},"wordCount":678,"commentCount":0,"image":{"@id":"https:\/\/arealorcaradio.es\/index.php\/2025\/08\/01\/mas-de-medio-centenar-de-viviendas-en-lorca-consiguen-mejorar-su-eficiencia-energetica-mediante-subvenciones-directas-para-su-rehabilitacion\/#primaryimage"},"thumbnailUrl":"https:\/\/arealorcaradio.es\/wp-content\/uploads\/2025\/08\/Oficicina-Rehabita01.jpeg","articleSection":["ACTUALIDAD","LORCA"],"inLanguage":"es","potentialAction":[{"@type":"CommentAction","name":"Comment","target":["https:\/\/arealorcaradio.es\/index.php\/2025\/08\/01\/mas-de-medio-centenar-de-viviendas-en-lorca-consiguen-mejorar-su-eficiencia-energetica-mediante-subvenciones-directas-para-su-rehabilitacion\/#respond"]}]},{"@type":"WebPage","@id":"https:\/\/arealorcaradio.es\/index.php\/2025\/08\/01\/mas-de-medio-centenar-de-viviendas-en-lorca-consiguen-mejorar-su-eficiencia-energetica-mediante-subvenciones-directas-para-su-rehabilitacion\/","url":"https:\/\/arealorcaradio.es\/index.php\/2025\/08\/01\/mas-de-medio-centenar-de-viviendas-en-lorca-consiguen-mejorar-su-eficiencia-energetica-mediante-subvenciones-directas-para-su-rehabilitacion\/","name":"M\u00e1s de medio centenar de viviendas en Lorca consiguen mejorar su eficiencia energ\u00e9tica mediante subvenciones directas para su rehabilitaci\u00f3n - AREA LORCA RADIO","isPartOf":{"@id":"https:\/\/arealorcaradio.es\/#website"},"primaryImageOfPage":{"@id":"https:\/\/arealorcaradio.es\/index.php\/2025\/08\/01\/mas-de-medio-centenar-de-viviendas-en-lorca-consiguen-mejorar-su-eficiencia-energetica-mediante-subvenciones-directas-para-su-rehabilitacion\/#primaryimage"},"image":{"@id":"https:\/\/arealorcaradio.es\/index.php\/2025\/08\/01\/mas-de-medio-centenar-de-viviendas-en-lorca-consiguen-mejorar-su-eficiencia-energetica-mediante-subvenciones-directas-para-su-rehabilitacion\/#primaryimage"},"thumbnailUrl":"https:\/\/arealorcaradio.es\/wp-content\/uploads\/2025\/08\/Oficicina-Rehabita01.jpeg","datePublished":"2025-08-01T14:09:16+00:00","author":{"@id":"https:\/\/arealorcaradio.es\/#\/schema\/person\/9fae605fc25b0f2c83c1ab207139bd27"},"breadcrumb":{"@id":"https:\/\/arealorcaradio.es\/index.php\/2025\/08\/01\/mas-de-medio-centenar-de-viviendas-en-lorca-consiguen-mejorar-su-eficiencia-energetica-mediante-subvenciones-directas-para-su-rehabilitacion\/#breadcrumb"},"inLanguage":"es","potentialAction":[{"@type":"ReadAction","target":["https:\/\/arealorcaradio.es\/index.php\/2025\/08\/01\/mas-de-medio-centenar-de-viviendas-en-lorca-consiguen-mejorar-su-eficiencia-energetica-mediante-subvenciones-directas-para-su-rehabilitacion\/"]}]},{"@type":"ImageObject","inLanguage":"es","@id":"https:\/\/arealorcaradio.es\/index.php\/2025\/08\/01\/mas-de-medio-centenar-de-viviendas-en-lorca-consiguen-mejorar-su-eficiencia-energetica-mediante-subvenciones-directas-para-su-rehabilitacion\/#primaryimage","url":"https:\/\/arealorcaradio.es\/wp-content\/uploads\/2025\/08\/Oficicina-Rehabita01.jpeg","contentUrl":"https:\/\/arealorcaradio.es\/wp-content\/uploads\/2025\/08\/Oficicina-Rehabita01.jpeg","width":1600,"height":1109},{"@type":"BreadcrumbList","@id":"https:\/\/arealorcaradio.es\/index.php\/2025\/08\/01\/mas-de-medio-centenar-de-viviendas-en-lorca-consiguen-mejorar-su-eficiencia-energetica-mediante-subvenciones-directas-para-su-rehabilitacion\/#breadcrumb","itemListElement":[{"@type":"ListItem","position":1,"name":"Portada","item":"https:\/\/arealorcaradio.es\/"},{"@type":"ListItem","position":2,"name":"M\u00e1s de medio centenar de viviendas en Lorca consiguen mejorar su eficiencia energ\u00e9tica mediante subvenciones directas para su rehabilitaci\u00f3n"}]},{"@type":"WebSite","@id":"https:\/\/arealorcaradio.es\/#website","url":"https:\/\/arealorcaradio.es\/","name":"AREA LORCA RADIO","description":"Descubre la programaci\u00f3n actual en \u00c1rea Lorca Radio, tu fuente de entrenamiento y noticias locales. Sintoniza ahora y mantente conectado online.","potentialAction":[{"@type":"SearchAction","target":{"@type":"EntryPoint","urlTemplate":"https:\/\/arealorcaradio.es\/?s={search_term_string}"},"query-input":{"@type":"PropertyValueSpecification","valueRequired":true,"valueName":"search_term_string"}}],"inLanguage":"es"},{"@type":"Person","@id":"https:\/\/arealorcaradio.es\/#\/schema\/person\/9fae605fc25b0f2c83c1ab207139bd27","name":"Paco S\u00e1nchez","image":{"@type":"ImageObject","inLanguage":"es","@id":"https:\/\/secure.gravatar.com\/avatar\/d67144e966420fb74aa84c9f2a0103be4724fd14db52b52d3b6bca749f257e79?s=96&d=mm&r=g","url":"https:\/\/secure.gravatar.com\/avatar\/d67144e966420fb74aa84c9f2a0103be4724fd14db52b52d3b6bca749f257e79?s=96&d=mm&r=g","contentUrl":"https:\/\/secure.gravatar.com\/avatar\/d67144e966420fb74aa84c9f2a0103be4724fd14db52b52d3b6bca749f257e79?s=96&d=mm&r=g","caption":"Paco S\u00e1nchez"},"sameAs":["https:\/\/arealorcaradio.es"],"url":"https:\/\/arealorcaradio.es\/index.php\/author\/admin_alorcaradio\/"}]}},"_links":{"self":[{"href":"https:\/\/arealorcaradio.es\/index.php\/wp-json\/wp\/v2\/posts\/7564","targetHints":{"allow":["GET"]}}],"collection":[{"href":"https:\/\/arealorcaradio.es\/index.php\/wp-json\/wp\/v2\/posts"}],"about":[{"href":"https:\/\/arealorcaradio.es\/index.php\/wp-json\/wp\/v2\/types\/post"}],"author":[{"embeddable":true,"href":"https:\/\/arealorcaradio.es\/index.php\/wp-json\/wp\/v2\/users\/1"}],"replies":[{"embeddable":true,"href":"https:\/\/arealorcaradio.es\/index.php\/wp-json\/wp\/v2\/comments?post=7564"}],"version-history":[{"count":1,"href":"https:\/\/arealorcaradio.es\/index.php\/wp-json\/wp\/v2\/posts\/7564\/revisions"}],"predecessor-version":[{"id":7566,"href":"https:\/\/arealorcaradio.es\/index.php\/wp-json\/wp\/v2\/posts\/7564\/revisions\/7566"}],"wp:featuredmedia":[{"embeddable":true,"href":"https:\/\/arealorcaradio.es\/index.php\/wp-json\/wp\/v2\/media\/7565"}],"wp:attachment":[{"href":"https:\/\/arealorcaradio.es\/index.php\/wp-json\/wp\/v2\/media?parent=7564"}],"wp:term":[{"taxonomy":"category","embeddable":true,"href":"https:\/\/arealorcaradio.es\/index.php\/wp-json\/wp\/v2\/categories?post=7564"},{"taxonomy":"post_tag","embeddable":true,"href":"https:\/\/arealorcaradio.es\/index.php\/wp-json\/wp\/v2\/tags?post=7564"}],"curies":[{"name":"wp","href":"https:\/\/api.w.org\/{rel}","templated":true}]}}