{"id":7544,"date":"2025-07-31T08:58:46","date_gmt":"2025-07-31T08:58:46","guid":{"rendered":"https:\/\/arealorcaradio.es\/?p=7544"},"modified":"2025-07-31T08:58:46","modified_gmt":"2025-07-31T08:58:46","slug":"el-alcalde-apela-a-la-sensibilidad-de-la-delegada-del-gobierno-para-que-se-amplie-el-numero-de-policias-nacionales-y-guardias-civiles-en-lorca","status":"publish","type":"post","link":"https:\/\/arealorcaradio.es\/index.php\/2025\/07\/31\/el-alcalde-apela-a-la-sensibilidad-de-la-delegada-del-gobierno-para-que-se-amplie-el-numero-de-policias-nacionales-y-guardias-civiles-en-lorca\/","title":{"rendered":"El alcalde apela a la sensibilidad de la delegada del Gobierno para que se ampl\u00ede el n\u00famero de polic\u00edas nacionales y guardias civiles en Lorca"},"content":{"rendered":"<p><strong>\u00c1REA LORCA RADIO.<\/strong>\u00a0<strong>Seguridad Ciudadana<\/strong><\/p>\n<p><strong>Lorca, 30 de julio de 2025. <\/strong>El alcalde, Fulgencio Gil J\u00f3dar, ha apelado a la sensibilidad de la delegada del Gobierno en Murcia, Mariola Guevara Cava, para que se ampl\u00ede el n\u00famero de agentes del Cuerpo Nacional de Polic\u00eda y de la Guardia Civil. Lo ha hecho durante la celebraci\u00f3n de la Junta Local de Seguridad en la que se han dado cita mandos de todos los cuerpos de seguridad y emergencias. \u201cNecesitamos m\u00e1s polic\u00edas nacionales y m\u00e1s guardias civiles para incrementar la presencia de agentes en barrios y pedan\u00edas. Pedimos que el Gobierno de Espa\u00f1a haga un esfuerzo como lo est\u00e1 haciendo el Ayuntamiento. Hace s\u00f3lo unos d\u00edas la plantilla de Polic\u00eda Local se incrementaba con ocho nuevos agentes y ya se ha iniciado un nuevo proceso para aumentarla con m\u00e1s efectivos. En la reuni\u00f3n hemos acordado m\u00e1s visibilidad de agentes para atender reivindicaciones ciudadanas y potenciar su efecto disuasorio\u201d.<\/p>\n<p><img loading=\"lazy\" decoding=\"async\" class=\"alignnone size-medium wp-image-7545\" src=\"https:\/\/arealorcaradio.es\/wp-content\/uploads\/2025\/07\/WhatsApp-Image-2025-07-30-at-12.55.50-1-300x200.jpeg\" alt=\"\" width=\"300\" height=\"200\" srcset=\"https:\/\/arealorcaradio.es\/wp-content\/uploads\/2025\/07\/WhatsApp-Image-2025-07-30-at-12.55.50-1-300x200.jpeg 300w, https:\/\/arealorcaradio.es\/wp-content\/uploads\/2025\/07\/WhatsApp-Image-2025-07-30-at-12.55.50-1-1024x682.jpeg 1024w, https:\/\/arealorcaradio.es\/wp-content\/uploads\/2025\/07\/WhatsApp-Image-2025-07-30-at-12.55.50-1-768x512.jpeg 768w, https:\/\/arealorcaradio.es\/wp-content\/uploads\/2025\/07\/WhatsApp-Image-2025-07-30-at-12.55.50-1-1536x1023.jpeg 1536w, https:\/\/arealorcaradio.es\/wp-content\/uploads\/2025\/07\/WhatsApp-Image-2025-07-30-at-12.55.50-1.jpeg 1600w\" sizes=\"auto, (max-width: 300px) 100vw, 300px\" \/><\/p>\n<p>El alcalde ha insistido en el empe\u00f1o del Gobierno de Lorca no s\u00f3lo por ampliar el n\u00famero de agentes de la Polic\u00eda Local, sino tambi\u00e9n para dotarlos de los medios materiales necesarios. \u201cY hemos recuperado la Academia de Polic\u00eda en la ciudad que nos ha permitido no s\u00f3lo que nuestros futuros agentes se formen en Lorca, sino que acuden de otras poblaciones para recibir sus ense\u00f1anzas. Acabamos de clausurar la 49 edici\u00f3n del curso de formaci\u00f3n b\u00e1sica de agentes de la Academia de Polic\u00eda que ha tenido como sede, el Complejo Deportivo Felipe VI y el Centro Integral de Seguridad de Lorca. Han participado una treintena de ya agentes de los cuerpos de Polic\u00eda Local de la Regi\u00f3n de Murcia de las plantillas de Cieza, Mula, Totana y Lorca. Ese esfuerzo del Gobierno de Lorca tambi\u00e9n queremos que se vea reflejado por el Gobierno de Espa\u00f1a dotando de m\u00e1s medios y m\u00e1s efectivos a la Guardia Civil y el Cuerpo Nacional de Polic\u00eda\u201d.<\/p>\n<p>Un mayor n\u00famero de agentes, ha argumentado, permitir\u00eda \u201cm\u00e1s presencia de polic\u00edas y guardias civiles en barrios y pedan\u00edas. Se va a potenciar la coordinaci\u00f3n para lograr una presencia m\u00e1s constante y palpable. Hay que recordar que el municipio de Lorca es el segundo m\u00e1s grande de nuestro pa\u00eds. Con una extensi\u00f3n de 1.675 kil\u00f3metros cuadrados en los que aparecen dispersos hasta 39 n\u00facleos de poblaci\u00f3n y m\u00e1s de una decena de barrios. Es necesario dotar a Lorca de m\u00e1s efectivos, como est\u00e1 haciendo el Ayuntamiento. Tenemos en marcha un nuevo proceso para incorporar m\u00e1s n\u00fameros a la plantilla de la Polic\u00eda Local\u201d.<\/p>\n<p>Y ha recordado que los nuevos agentes vendr\u00e1n a reforzar la seguridad de barrios y pedan\u00edas. \u201cLa polic\u00eda tiene que estar en las calles para que los ciudadanos se sientan seguros. Queremos que los lorquinos sientan que viven en una ciudad segura, tranquila, por lo que queremos que ese n\u00famero de agentes en la calle se ampl\u00ede hasta lograr que los cat\u00e1logos se adapten a las necesidades de un municipio como el de Lorca\u201d.<\/p>\n<p>El alcalde ha hablado de la Junta Local de Seguridad que se suele reunir en los d\u00edas previos a la celebraci\u00f3n de los Desfiles B\u00edblico Pasionales de la Semana Santa lorquina, pero tambi\u00e9n en los proleg\u00f3menos de la Feria de Septiembre. \u201cHa servido para dar un repaso a las distintas cuestiones que nos preocupan y tambi\u00e9n para poner sobre la mesa las especiales caracter\u00edsticas de Lorca, un municipio que dif\u00edcilmente se puede comparar con otros, por su amplitud, por el gran n\u00famero de n\u00facleos de poblaci\u00f3n que tiene repartidos por todo el territorio\u201d.<\/p>\n<p>Y ha a\u00f1adido que las relaciones entre cuerpos de seguridad y emergencias es excepcional. \u201cLa comunicaci\u00f3n es constante desde Polic\u00eda Local no s\u00f3lo con Cuerpo Nacional de Polic\u00eda y Guardia Civil, sino tambi\u00e9n con todos los servicios de emergencias. La coordinaci\u00f3n es fundamental y aqu\u00ed existe, como se pudo comprobar durante el \u2018apag\u00f3n\u2019, pero tambi\u00e9n en otros momentos tr\u00e1gicos que ha vivido, desgraciadamente, el municipio. Se trababa de forma conjunta en numerosas ocasiones y el contacto es fluido a diario. No hay otra forma de hacerlo para lograr el mayor rendimiento a las plantillas y a los medios materiales\u201d.<\/p>\n","protected":false},"excerpt":{"rendered":"<p>\u00c1REA LORCA RADIO.\u00a0Seguridad Ciudadana Lorca, 30 de julio de 2025. El alcalde, Fulgencio Gil J\u00f3dar, ha apelado a la sensibilidad de la delegada del Gobierno en Murcia, Mariola Guevara Cava, para que se ampl\u00ede el n\u00famero de agentes del Cuerpo Nacional de Polic\u00eda y de la Guardia Civil. Lo ha hecho durante la celebraci\u00f3n de [&hellip;]<\/p>\n","protected":false},"author":1,"featured_media":7546,"comment_status":"open","ping_status":"open","sticky":false,"template":"","format":"standard","meta":{"iawp_total_views":4,"footnotes":""},"categories":[5,7],"tags":[],"class_list":["post-7544","post","type-post","status-publish","format-standard","has-post-thumbnail","hentry","category-actualidad","category-lorca"],"yoast_head":"<!-- This site is optimized with the Yoast SEO plugin v27.4 - https:\/\/yoast.com\/product\/yoast-seo-wordpress\/ -->\n<title>El alcalde apela a la sensibilidad de la delegada del Gobierno para que se ampl\u00ede el n\u00famero de polic\u00edas nacionales y guardias civiles en Lorca - AREA LORCA RADIO<\/title>\n<meta name=\"robots\" content=\"index, follow, max-snippet:-1, max-image-preview:large, max-video-preview:-1\" \/>\n<link rel=\"canonical\" href=\"https:\/\/arealorcaradio.es\/index.php\/2025\/07\/31\/el-alcalde-apela-a-la-sensibilidad-de-la-delegada-del-gobierno-para-que-se-amplie-el-numero-de-policias-nacionales-y-guardias-civiles-en-lorca\/\" \/>\n<meta property=\"og:locale\" content=\"es_ES\" \/>\n<meta property=\"og:type\" content=\"article\" \/>\n<meta property=\"og:title\" content=\"El alcalde apela a la sensibilidad de la delegada del Gobierno para que se ampl\u00ede el n\u00famero de polic\u00edas nacionales y guardias civiles en Lorca - AREA LORCA RADIO\" \/>\n<meta property=\"og:description\" content=\"\u00c1REA LORCA RADIO.\u00a0Seguridad Ciudadana Lorca, 30 de julio de 2025. El alcalde, Fulgencio Gil J\u00f3dar, ha apelado a la sensibilidad de la delegada del Gobierno en Murcia, Mariola Guevara Cava, para que se ampl\u00ede el n\u00famero de agentes del Cuerpo Nacional de Polic\u00eda y de la Guardia Civil. Lo ha hecho durante la celebraci\u00f3n de [&hellip;]\" \/>\n<meta property=\"og:url\" content=\"https:\/\/arealorcaradio.es\/index.php\/2025\/07\/31\/el-alcalde-apela-a-la-sensibilidad-de-la-delegada-del-gobierno-para-que-se-amplie-el-numero-de-policias-nacionales-y-guardias-civiles-en-lorca\/\" \/>\n<meta property=\"og:site_name\" content=\"AREA LORCA RADIO\" \/>\n<meta property=\"article:published_time\" content=\"2025-07-31T08:58:46+00:00\" \/>\n<meta property=\"og:image\" content=\"https:\/\/arealorcaradio.es\/wp-content\/uploads\/2025\/07\/WhatsApp-Image-2025-07-30-at-12.55.31-2.jpeg\" \/>\n\t<meta property=\"og:image:width\" content=\"1600\" \/>\n\t<meta property=\"og:image:height\" content=\"1066\" \/>\n\t<meta property=\"og:image:type\" content=\"image\/jpeg\" \/>\n<meta name=\"author\" content=\"Paco S\u00e1nchez\" \/>\n<meta name=\"twitter:card\" content=\"summary_large_image\" \/>\n<meta name=\"twitter:label1\" content=\"Escrito por\" \/>\n\t<meta name=\"twitter:data1\" content=\"Paco S\u00e1nchez\" \/>\n\t<meta name=\"twitter:label2\" content=\"Tiempo de lectura\" \/>\n\t<meta name=\"twitter:data2\" content=\"4 minutos\" \/>\n<script type=\"application\/ld+json\" class=\"yoast-schema-graph\">{\"@context\":\"https:\\\/\\\/schema.org\",\"@graph\":[{\"@type\":\"Article\",\"@id\":\"https:\\\/\\\/arealorcaradio.es\\\/index.php\\\/2025\\\/07\\\/31\\\/el-alcalde-apela-a-la-sensibilidad-de-la-delegada-del-gobierno-para-que-se-amplie-el-numero-de-policias-nacionales-y-guardias-civiles-en-lorca\\\/#article\",\"isPartOf\":{\"@id\":\"https:\\\/\\\/arealorcaradio.es\\\/index.php\\\/2025\\\/07\\\/31\\\/el-alcalde-apela-a-la-sensibilidad-de-la-delegada-del-gobierno-para-que-se-amplie-el-numero-de-policias-nacionales-y-guardias-civiles-en-lorca\\\/\"},\"author\":{\"name\":\"Paco S\u00e1nchez\",\"@id\":\"https:\\\/\\\/arealorcaradio.es\\\/#\\\/schema\\\/person\\\/9fae605fc25b0f2c83c1ab207139bd27\"},\"headline\":\"El alcalde apela a la sensibilidad de la delegada del Gobierno para que se ampl\u00ede el n\u00famero de polic\u00edas nacionales y guardias civiles en Lorca\",\"datePublished\":\"2025-07-31T08:58:46+00:00\",\"mainEntityOfPage\":{\"@id\":\"https:\\\/\\\/arealorcaradio.es\\\/index.php\\\/2025\\\/07\\\/31\\\/el-alcalde-apela-a-la-sensibilidad-de-la-delegada-del-gobierno-para-que-se-amplie-el-numero-de-policias-nacionales-y-guardias-civiles-en-lorca\\\/\"},\"wordCount\":791,\"commentCount\":0,\"image\":{\"@id\":\"https:\\\/\\\/arealorcaradio.es\\\/index.php\\\/2025\\\/07\\\/31\\\/el-alcalde-apela-a-la-sensibilidad-de-la-delegada-del-gobierno-para-que-se-amplie-el-numero-de-policias-nacionales-y-guardias-civiles-en-lorca\\\/#primaryimage\"},\"thumbnailUrl\":\"https:\\\/\\\/arealorcaradio.es\\\/wp-content\\\/uploads\\\/2025\\\/07\\\/WhatsApp-Image-2025-07-30-at-12.55.31-2.jpeg\",\"articleSection\":[\"ACTUALIDAD\",\"LORCA\"],\"inLanguage\":\"es\",\"potentialAction\":[{\"@type\":\"CommentAction\",\"name\":\"Comment\",\"target\":[\"https:\\\/\\\/arealorcaradio.es\\\/index.php\\\/2025\\\/07\\\/31\\\/el-alcalde-apela-a-la-sensibilidad-de-la-delegada-del-gobierno-para-que-se-amplie-el-numero-de-policias-nacionales-y-guardias-civiles-en-lorca\\\/#respond\"]}]},{\"@type\":\"WebPage\",\"@id\":\"https:\\\/\\\/arealorcaradio.es\\\/index.php\\\/2025\\\/07\\\/31\\\/el-alcalde-apela-a-la-sensibilidad-de-la-delegada-del-gobierno-para-que-se-amplie-el-numero-de-policias-nacionales-y-guardias-civiles-en-lorca\\\/\",\"url\":\"https:\\\/\\\/arealorcaradio.es\\\/index.php\\\/2025\\\/07\\\/31\\\/el-alcalde-apela-a-la-sensibilidad-de-la-delegada-del-gobierno-para-que-se-amplie-el-numero-de-policias-nacionales-y-guardias-civiles-en-lorca\\\/\",\"name\":\"El alcalde apela a la sensibilidad de la delegada del Gobierno para que se ampl\u00ede el n\u00famero de polic\u00edas nacionales y guardias civiles en Lorca - AREA LORCA RADIO\",\"isPartOf\":{\"@id\":\"https:\\\/\\\/arealorcaradio.es\\\/#website\"},\"primaryImageOfPage\":{\"@id\":\"https:\\\/\\\/arealorcaradio.es\\\/index.php\\\/2025\\\/07\\\/31\\\/el-alcalde-apela-a-la-sensibilidad-de-la-delegada-del-gobierno-para-que-se-amplie-el-numero-de-policias-nacionales-y-guardias-civiles-en-lorca\\\/#primaryimage\"},\"image\":{\"@id\":\"https:\\\/\\\/arealorcaradio.es\\\/index.php\\\/2025\\\/07\\\/31\\\/el-alcalde-apela-a-la-sensibilidad-de-la-delegada-del-gobierno-para-que-se-amplie-el-numero-de-policias-nacionales-y-guardias-civiles-en-lorca\\\/#primaryimage\"},\"thumbnailUrl\":\"https:\\\/\\\/arealorcaradio.es\\\/wp-content\\\/uploads\\\/2025\\\/07\\\/WhatsApp-Image-2025-07-30-at-12.55.31-2.jpeg\",\"datePublished\":\"2025-07-31T08:58:46+00:00\",\"author\":{\"@id\":\"https:\\\/\\\/arealorcaradio.es\\\/#\\\/schema\\\/person\\\/9fae605fc25b0f2c83c1ab207139bd27\"},\"breadcrumb\":{\"@id\":\"https:\\\/\\\/arealorcaradio.es\\\/index.php\\\/2025\\\/07\\\/31\\\/el-alcalde-apela-a-la-sensibilidad-de-la-delegada-del-gobierno-para-que-se-amplie-el-numero-de-policias-nacionales-y-guardias-civiles-en-lorca\\\/#breadcrumb\"},\"inLanguage\":\"es\",\"potentialAction\":[{\"@type\":\"ReadAction\",\"target\":[\"https:\\\/\\\/arealorcaradio.es\\\/index.php\\\/2025\\\/07\\\/31\\\/el-alcalde-apela-a-la-sensibilidad-de-la-delegada-del-gobierno-para-que-se-amplie-el-numero-de-policias-nacionales-y-guardias-civiles-en-lorca\\\/\"]}]},{\"@type\":\"ImageObject\",\"inLanguage\":\"es\",\"@id\":\"https:\\\/\\\/arealorcaradio.es\\\/index.php\\\/2025\\\/07\\\/31\\\/el-alcalde-apela-a-la-sensibilidad-de-la-delegada-del-gobierno-para-que-se-amplie-el-numero-de-policias-nacionales-y-guardias-civiles-en-lorca\\\/#primaryimage\",\"url\":\"https:\\\/\\\/arealorcaradio.es\\\/wp-content\\\/uploads\\\/2025\\\/07\\\/WhatsApp-Image-2025-07-30-at-12.55.31-2.jpeg\",\"contentUrl\":\"https:\\\/\\\/arealorcaradio.es\\\/wp-content\\\/uploads\\\/2025\\\/07\\\/WhatsApp-Image-2025-07-30-at-12.55.31-2.jpeg\",\"width\":1600,\"height\":1066},{\"@type\":\"BreadcrumbList\",\"@id\":\"https:\\\/\\\/arealorcaradio.es\\\/index.php\\\/2025\\\/07\\\/31\\\/el-alcalde-apela-a-la-sensibilidad-de-la-delegada-del-gobierno-para-que-se-amplie-el-numero-de-policias-nacionales-y-guardias-civiles-en-lorca\\\/#breadcrumb\",\"itemListElement\":[{\"@type\":\"ListItem\",\"position\":1,\"name\":\"Portada\",\"item\":\"https:\\\/\\\/arealorcaradio.es\\\/\"},{\"@type\":\"ListItem\",\"position\":2,\"name\":\"El alcalde apela a la sensibilidad de la delegada del Gobierno para que se ampl\u00ede el n\u00famero de polic\u00edas nacionales y guardias civiles en Lorca\"}]},{\"@type\":\"WebSite\",\"@id\":\"https:\\\/\\\/arealorcaradio.es\\\/#website\",\"url\":\"https:\\\/\\\/arealorcaradio.es\\\/\",\"name\":\"AREA LORCA RADIO\",\"description\":\"Descubre la programaci\u00f3n actual en \u00c1rea Lorca Radio, tu fuente de entrenamiento y noticias locales. Sintoniza ahora y mantente conectado online.\",\"potentialAction\":[{\"@type\":\"SearchAction\",\"target\":{\"@type\":\"EntryPoint\",\"urlTemplate\":\"https:\\\/\\\/arealorcaradio.es\\\/?s={search_term_string}\"},\"query-input\":{\"@type\":\"PropertyValueSpecification\",\"valueRequired\":true,\"valueName\":\"search_term_string\"}}],\"inLanguage\":\"es\"},{\"@type\":\"Person\",\"@id\":\"https:\\\/\\\/arealorcaradio.es\\\/#\\\/schema\\\/person\\\/9fae605fc25b0f2c83c1ab207139bd27\",\"name\":\"Paco S\u00e1nchez\",\"image\":{\"@type\":\"ImageObject\",\"inLanguage\":\"es\",\"@id\":\"https:\\\/\\\/secure.gravatar.com\\\/avatar\\\/d67144e966420fb74aa84c9f2a0103be4724fd14db52b52d3b6bca749f257e79?s=96&d=mm&r=g\",\"url\":\"https:\\\/\\\/secure.gravatar.com\\\/avatar\\\/d67144e966420fb74aa84c9f2a0103be4724fd14db52b52d3b6bca749f257e79?s=96&d=mm&r=g\",\"contentUrl\":\"https:\\\/\\\/secure.gravatar.com\\\/avatar\\\/d67144e966420fb74aa84c9f2a0103be4724fd14db52b52d3b6bca749f257e79?s=96&d=mm&r=g\",\"caption\":\"Paco S\u00e1nchez\"},\"sameAs\":[\"https:\\\/\\\/arealorcaradio.es\"],\"url\":\"https:\\\/\\\/arealorcaradio.es\\\/index.php\\\/author\\\/admin_alorcaradio\\\/\"}]}<\/script>\n<!-- \/ Yoast SEO plugin. -->","yoast_head_json":{"title":"El alcalde apela a la sensibilidad de la delegada del Gobierno para que se ampl\u00ede el n\u00famero de polic\u00edas nacionales y guardias civiles en Lorca - AREA LORCA RADIO","robots":{"index":"index","follow":"follow","max-snippet":"max-snippet:-1","max-image-preview":"max-image-preview:large","max-video-preview":"max-video-preview:-1"},"canonical":"https:\/\/arealorcaradio.es\/index.php\/2025\/07\/31\/el-alcalde-apela-a-la-sensibilidad-de-la-delegada-del-gobierno-para-que-se-amplie-el-numero-de-policias-nacionales-y-guardias-civiles-en-lorca\/","og_locale":"es_ES","og_type":"article","og_title":"El alcalde apela a la sensibilidad de la delegada del Gobierno para que se ampl\u00ede el n\u00famero de polic\u00edas nacionales y guardias civiles en Lorca - AREA LORCA RADIO","og_description":"\u00c1REA LORCA RADIO.\u00a0Seguridad Ciudadana Lorca, 30 de julio de 2025. El alcalde, Fulgencio Gil J\u00f3dar, ha apelado a la sensibilidad de la delegada del Gobierno en Murcia, Mariola Guevara Cava, para que se ampl\u00ede el n\u00famero de agentes del Cuerpo Nacional de Polic\u00eda y de la Guardia Civil. Lo ha hecho durante la celebraci\u00f3n de [&hellip;]","og_url":"https:\/\/arealorcaradio.es\/index.php\/2025\/07\/31\/el-alcalde-apela-a-la-sensibilidad-de-la-delegada-del-gobierno-para-que-se-amplie-el-numero-de-policias-nacionales-y-guardias-civiles-en-lorca\/","og_site_name":"AREA LORCA RADIO","article_published_time":"2025-07-31T08:58:46+00:00","og_image":[{"width":1600,"height":1066,"url":"https:\/\/arealorcaradio.es\/wp-content\/uploads\/2025\/07\/WhatsApp-Image-2025-07-30-at-12.55.31-2.jpeg","type":"image\/jpeg"}],"author":"Paco S\u00e1nchez","twitter_card":"summary_large_image","twitter_misc":{"Escrito por":"Paco S\u00e1nchez","Tiempo de lectura":"4 minutos"},"schema":{"@context":"https:\/\/schema.org","@graph":[{"@type":"Article","@id":"https:\/\/arealorcaradio.es\/index.php\/2025\/07\/31\/el-alcalde-apela-a-la-sensibilidad-de-la-delegada-del-gobierno-para-que-se-amplie-el-numero-de-policias-nacionales-y-guardias-civiles-en-lorca\/#article","isPartOf":{"@id":"https:\/\/arealorcaradio.es\/index.php\/2025\/07\/31\/el-alcalde-apela-a-la-sensibilidad-de-la-delegada-del-gobierno-para-que-se-amplie-el-numero-de-policias-nacionales-y-guardias-civiles-en-lorca\/"},"author":{"name":"Paco S\u00e1nchez","@id":"https:\/\/arealorcaradio.es\/#\/schema\/person\/9fae605fc25b0f2c83c1ab207139bd27"},"headline":"El alcalde apela a la sensibilidad de la delegada del Gobierno para que se ampl\u00ede el n\u00famero de polic\u00edas nacionales y guardias civiles en Lorca","datePublished":"2025-07-31T08:58:46+00:00","mainEntityOfPage":{"@id":"https:\/\/arealorcaradio.es\/index.php\/2025\/07\/31\/el-alcalde-apela-a-la-sensibilidad-de-la-delegada-del-gobierno-para-que-se-amplie-el-numero-de-policias-nacionales-y-guardias-civiles-en-lorca\/"},"wordCount":791,"commentCount":0,"image":{"@id":"https:\/\/arealorcaradio.es\/index.php\/2025\/07\/31\/el-alcalde-apela-a-la-sensibilidad-de-la-delegada-del-gobierno-para-que-se-amplie-el-numero-de-policias-nacionales-y-guardias-civiles-en-lorca\/#primaryimage"},"thumbnailUrl":"https:\/\/arealorcaradio.es\/wp-content\/uploads\/2025\/07\/WhatsApp-Image-2025-07-30-at-12.55.31-2.jpeg","articleSection":["ACTUALIDAD","LORCA"],"inLanguage":"es","potentialAction":[{"@type":"CommentAction","name":"Comment","target":["https:\/\/arealorcaradio.es\/index.php\/2025\/07\/31\/el-alcalde-apela-a-la-sensibilidad-de-la-delegada-del-gobierno-para-que-se-amplie-el-numero-de-policias-nacionales-y-guardias-civiles-en-lorca\/#respond"]}]},{"@type":"WebPage","@id":"https:\/\/arealorcaradio.es\/index.php\/2025\/07\/31\/el-alcalde-apela-a-la-sensibilidad-de-la-delegada-del-gobierno-para-que-se-amplie-el-numero-de-policias-nacionales-y-guardias-civiles-en-lorca\/","url":"https:\/\/arealorcaradio.es\/index.php\/2025\/07\/31\/el-alcalde-apela-a-la-sensibilidad-de-la-delegada-del-gobierno-para-que-se-amplie-el-numero-de-policias-nacionales-y-guardias-civiles-en-lorca\/","name":"El alcalde apela a la sensibilidad de la delegada del Gobierno para que se ampl\u00ede el n\u00famero de polic\u00edas nacionales y guardias civiles en Lorca - AREA LORCA RADIO","isPartOf":{"@id":"https:\/\/arealorcaradio.es\/#website"},"primaryImageOfPage":{"@id":"https:\/\/arealorcaradio.es\/index.php\/2025\/07\/31\/el-alcalde-apela-a-la-sensibilidad-de-la-delegada-del-gobierno-para-que-se-amplie-el-numero-de-policias-nacionales-y-guardias-civiles-en-lorca\/#primaryimage"},"image":{"@id":"https:\/\/arealorcaradio.es\/index.php\/2025\/07\/31\/el-alcalde-apela-a-la-sensibilidad-de-la-delegada-del-gobierno-para-que-se-amplie-el-numero-de-policias-nacionales-y-guardias-civiles-en-lorca\/#primaryimage"},"thumbnailUrl":"https:\/\/arealorcaradio.es\/wp-content\/uploads\/2025\/07\/WhatsApp-Image-2025-07-30-at-12.55.31-2.jpeg","datePublished":"2025-07-31T08:58:46+00:00","author":{"@id":"https:\/\/arealorcaradio.es\/#\/schema\/person\/9fae605fc25b0f2c83c1ab207139bd27"},"breadcrumb":{"@id":"https:\/\/arealorcaradio.es\/index.php\/2025\/07\/31\/el-alcalde-apela-a-la-sensibilidad-de-la-delegada-del-gobierno-para-que-se-amplie-el-numero-de-policias-nacionales-y-guardias-civiles-en-lorca\/#breadcrumb"},"inLanguage":"es","potentialAction":[{"@type":"ReadAction","target":["https:\/\/arealorcaradio.es\/index.php\/2025\/07\/31\/el-alcalde-apela-a-la-sensibilidad-de-la-delegada-del-gobierno-para-que-se-amplie-el-numero-de-policias-nacionales-y-guardias-civiles-en-lorca\/"]}]},{"@type":"ImageObject","inLanguage":"es","@id":"https:\/\/arealorcaradio.es\/index.php\/2025\/07\/31\/el-alcalde-apela-a-la-sensibilidad-de-la-delegada-del-gobierno-para-que-se-amplie-el-numero-de-policias-nacionales-y-guardias-civiles-en-lorca\/#primaryimage","url":"https:\/\/arealorcaradio.es\/wp-content\/uploads\/2025\/07\/WhatsApp-Image-2025-07-30-at-12.55.31-2.jpeg","contentUrl":"https:\/\/arealorcaradio.es\/wp-content\/uploads\/2025\/07\/WhatsApp-Image-2025-07-30-at-12.55.31-2.jpeg","width":1600,"height":1066},{"@type":"BreadcrumbList","@id":"https:\/\/arealorcaradio.es\/index.php\/2025\/07\/31\/el-alcalde-apela-a-la-sensibilidad-de-la-delegada-del-gobierno-para-que-se-amplie-el-numero-de-policias-nacionales-y-guardias-civiles-en-lorca\/#breadcrumb","itemListElement":[{"@type":"ListItem","position":1,"name":"Portada","item":"https:\/\/arealorcaradio.es\/"},{"@type":"ListItem","position":2,"name":"El alcalde apela a la sensibilidad de la delegada del Gobierno para que se ampl\u00ede el n\u00famero de polic\u00edas nacionales y guardias civiles en Lorca"}]},{"@type":"WebSite","@id":"https:\/\/arealorcaradio.es\/#website","url":"https:\/\/arealorcaradio.es\/","name":"AREA LORCA RADIO","description":"Descubre la programaci\u00f3n actual en \u00c1rea Lorca Radio, tu fuente de entrenamiento y noticias locales. Sintoniza ahora y mantente conectado online.","potentialAction":[{"@type":"SearchAction","target":{"@type":"EntryPoint","urlTemplate":"https:\/\/arealorcaradio.es\/?s={search_term_string}"},"query-input":{"@type":"PropertyValueSpecification","valueRequired":true,"valueName":"search_term_string"}}],"inLanguage":"es"},{"@type":"Person","@id":"https:\/\/arealorcaradio.es\/#\/schema\/person\/9fae605fc25b0f2c83c1ab207139bd27","name":"Paco S\u00e1nchez","image":{"@type":"ImageObject","inLanguage":"es","@id":"https:\/\/secure.gravatar.com\/avatar\/d67144e966420fb74aa84c9f2a0103be4724fd14db52b52d3b6bca749f257e79?s=96&d=mm&r=g","url":"https:\/\/secure.gravatar.com\/avatar\/d67144e966420fb74aa84c9f2a0103be4724fd14db52b52d3b6bca749f257e79?s=96&d=mm&r=g","contentUrl":"https:\/\/secure.gravatar.com\/avatar\/d67144e966420fb74aa84c9f2a0103be4724fd14db52b52d3b6bca749f257e79?s=96&d=mm&r=g","caption":"Paco S\u00e1nchez"},"sameAs":["https:\/\/arealorcaradio.es"],"url":"https:\/\/arealorcaradio.es\/index.php\/author\/admin_alorcaradio\/"}]}},"_links":{"self":[{"href":"https:\/\/arealorcaradio.es\/index.php\/wp-json\/wp\/v2\/posts\/7544","targetHints":{"allow":["GET"]}}],"collection":[{"href":"https:\/\/arealorcaradio.es\/index.php\/wp-json\/wp\/v2\/posts"}],"about":[{"href":"https:\/\/arealorcaradio.es\/index.php\/wp-json\/wp\/v2\/types\/post"}],"author":[{"embeddable":true,"href":"https:\/\/arealorcaradio.es\/index.php\/wp-json\/wp\/v2\/users\/1"}],"replies":[{"embeddable":true,"href":"https:\/\/arealorcaradio.es\/index.php\/wp-json\/wp\/v2\/comments?post=7544"}],"version-history":[{"count":1,"href":"https:\/\/arealorcaradio.es\/index.php\/wp-json\/wp\/v2\/posts\/7544\/revisions"}],"predecessor-version":[{"id":7547,"href":"https:\/\/arealorcaradio.es\/index.php\/wp-json\/wp\/v2\/posts\/7544\/revisions\/7547"}],"wp:featuredmedia":[{"embeddable":true,"href":"https:\/\/arealorcaradio.es\/index.php\/wp-json\/wp\/v2\/media\/7546"}],"wp:attachment":[{"href":"https:\/\/arealorcaradio.es\/index.php\/wp-json\/wp\/v2\/media?parent=7544"}],"wp:term":[{"taxonomy":"category","embeddable":true,"href":"https:\/\/arealorcaradio.es\/index.php\/wp-json\/wp\/v2\/categories?post=7544"},{"taxonomy":"post_tag","embeddable":true,"href":"https:\/\/arealorcaradio.es\/index.php\/wp-json\/wp\/v2\/tags?post=7544"}],"curies":[{"name":"wp","href":"https:\/\/api.w.org\/{rel}","templated":true}]}}