{"id":7537,"date":"2025-07-30T16:55:18","date_gmt":"2025-07-30T16:55:18","guid":{"rendered":"https:\/\/arealorcaradio.es\/?p=7537"},"modified":"2025-07-30T16:55:18","modified_gmt":"2025-07-30T16:55:18","slug":"los-jovenes-estudiantes-abonados-al-lorca-deportiva-piden-al-club-jugar-los-sabados-por-la-tarde-o-domingos-por-la-manana","status":"publish","type":"post","link":"https:\/\/arealorcaradio.es\/index.php\/2025\/07\/30\/los-jovenes-estudiantes-abonados-al-lorca-deportiva-piden-al-club-jugar-los-sabados-por-la-tarde-o-domingos-por-la-manana\/","title":{"rendered":"Los j\u00f3venes estudiantes abonados al Lorca Deportiva piden al club jugar los s\u00e1bados por la tarde o domingos por la ma\u00f1ana"},"content":{"rendered":"<p><strong>\u00c1REA LORCA RADIO. Deportes.<\/strong><\/p>\n<p><strong>Lorca, 30 de julio de 2025.<\/strong> Hoy nos acompa\u00f1aban en el estudio de \u00c1rea Lorca Radio, Carlos D\u00edaz, Gin\u00e9s Segura y Mario Paco, tres j\u00f3venes aficionados del Lorca Deportiva que han retirado sus abonos pese a que durante la temporada el club tenga previsto jugar como local los domingos por la tarde en el Artes Carrasco. Estos se han expresado en el programa deportivo que conduce Paco S\u00e1nchez, asegurando que hay muchos j\u00f3venes en su misma situaci\u00f3n, por lo que lo id\u00f3neo ser\u00eda que el club fijara sus partidos, bien el s\u00e1bado por la tarde o domingo por la ma\u00f1ana.<\/p>\n<p>Escucha aqu\u00ed la entrevista del programa \u00c1rea Lorca Deportes.<\/p>\n<audio class=\"wp-audio-shortcode\" id=\"audio-7537-1\" preload=\"none\" style=\"width: 100%;\" controls=\"controls\"><source type=\"audio\/mpeg\" src=\"https:\/\/arealorcaradio.es\/wp-content\/uploads\/2025\/07\/300725-AFICIONADOS-LORCA-DEPORTIVA.mp3?_=1\" \/><a href=\"https:\/\/arealorcaradio.es\/wp-content\/uploads\/2025\/07\/300725-AFICIONADOS-LORCA-DEPORTIVA.mp3\">https:\/\/arealorcaradio.es\/wp-content\/uploads\/2025\/07\/300725-AFICIONADOS-LORCA-DEPORTIVA.mp3<\/a><\/audio>\n<p><img loading=\"lazy\" decoding=\"async\" class=\"alignnone size-medium wp-image-7539\" src=\"https:\/\/arealorcaradio.es\/wp-content\/uploads\/2025\/07\/20250730_171648-300x225.jpg\" alt=\"\" width=\"300\" height=\"225\" srcset=\"https:\/\/arealorcaradio.es\/wp-content\/uploads\/2025\/07\/20250730_171648-300x225.jpg 300w, https:\/\/arealorcaradio.es\/wp-content\/uploads\/2025\/07\/20250730_171648-1024x768.jpg 1024w, https:\/\/arealorcaradio.es\/wp-content\/uploads\/2025\/07\/20250730_171648-768x576.jpg 768w, https:\/\/arealorcaradio.es\/wp-content\/uploads\/2025\/07\/20250730_171648-1536x1152.jpg 1536w, https:\/\/arealorcaradio.es\/wp-content\/uploads\/2025\/07\/20250730_171648-2048x1536.jpg 2048w, https:\/\/arealorcaradio.es\/wp-content\/uploads\/2025\/07\/20250730_171648-86x64.jpg 86w\" sizes=\"auto, (max-width: 300px) 100vw, 300px\" \/> <img loading=\"lazy\" decoding=\"async\" class=\"alignnone size-medium wp-image-7540\" src=\"https:\/\/arealorcaradio.es\/wp-content\/uploads\/2025\/07\/20250730_171730-300x225.jpg\" alt=\"\" width=\"300\" height=\"225\" srcset=\"https:\/\/arealorcaradio.es\/wp-content\/uploads\/2025\/07\/20250730_171730-300x225.jpg 300w, https:\/\/arealorcaradio.es\/wp-content\/uploads\/2025\/07\/20250730_171730-1024x768.jpg 1024w, https:\/\/arealorcaradio.es\/wp-content\/uploads\/2025\/07\/20250730_171730-768x576.jpg 768w, https:\/\/arealorcaradio.es\/wp-content\/uploads\/2025\/07\/20250730_171730-1536x1152.jpg 1536w, https:\/\/arealorcaradio.es\/wp-content\/uploads\/2025\/07\/20250730_171730-2048x1536.jpg 2048w, https:\/\/arealorcaradio.es\/wp-content\/uploads\/2025\/07\/20250730_171730-86x64.jpg 86w\" sizes=\"auto, (max-width: 300px) 100vw, 300px\" \/><\/p>\n","protected":false},"excerpt":{"rendered":"<p>\u00c1REA LORCA RADIO. Deportes. Lorca, 30 de julio de 2025. Hoy nos acompa\u00f1aban en el estudio de \u00c1rea Lorca Radio, Carlos D\u00edaz, Gin\u00e9s Segura y Mario Paco, tres j\u00f3venes aficionados del Lorca Deportiva que han retirado sus abonos pese a que durante la temporada el club tenga previsto jugar como local los domingos por la [&hellip;]<\/p>\n","protected":false},"author":1,"featured_media":7541,"comment_status":"open","ping_status":"open","sticky":false,"template":"","format":"standard","meta":{"iawp_total_views":215,"footnotes":""},"categories":[4,7],"tags":[],"class_list":["post-7537","post","type-post","status-publish","format-standard","has-post-thumbnail","hentry","category-deportes","category-lorca"],"yoast_head":"<!-- This site is optimized with the Yoast SEO plugin v27.4 - https:\/\/yoast.com\/product\/yoast-seo-wordpress\/ -->\n<title>Los j\u00f3venes estudiantes abonados al Lorca Deportiva piden al club jugar los s\u00e1bados por la tarde o domingos por la ma\u00f1ana - AREA LORCA RADIO<\/title>\n<meta name=\"robots\" content=\"index, follow, max-snippet:-1, max-image-preview:large, max-video-preview:-1\" \/>\n<link rel=\"canonical\" href=\"https:\/\/arealorcaradio.es\/index.php\/2025\/07\/30\/los-jovenes-estudiantes-abonados-al-lorca-deportiva-piden-al-club-jugar-los-sabados-por-la-tarde-o-domingos-por-la-manana\/\" \/>\n<meta property=\"og:locale\" content=\"es_ES\" \/>\n<meta property=\"og:type\" content=\"article\" \/>\n<meta property=\"og:title\" content=\"Los j\u00f3venes estudiantes abonados al Lorca Deportiva piden al club jugar los s\u00e1bados por la tarde o domingos por la ma\u00f1ana - AREA LORCA RADIO\" \/>\n<meta property=\"og:description\" content=\"\u00c1REA LORCA RADIO. Deportes. Lorca, 30 de julio de 2025. Hoy nos acompa\u00f1aban en el estudio de \u00c1rea Lorca Radio, Carlos D\u00edaz, Gin\u00e9s Segura y Mario Paco, tres j\u00f3venes aficionados del Lorca Deportiva que han retirado sus abonos pese a que durante la temporada el club tenga previsto jugar como local los domingos por la [&hellip;]\" \/>\n<meta property=\"og:url\" content=\"https:\/\/arealorcaradio.es\/index.php\/2025\/07\/30\/los-jovenes-estudiantes-abonados-al-lorca-deportiva-piden-al-club-jugar-los-sabados-por-la-tarde-o-domingos-por-la-manana\/\" \/>\n<meta property=\"og:site_name\" content=\"AREA LORCA RADIO\" \/>\n<meta property=\"article:published_time\" content=\"2025-07-30T16:55:18+00:00\" \/>\n<meta property=\"og:image\" content=\"https:\/\/arealorcaradio.es\/wp-content\/uploads\/2025\/07\/20250730_171717-scaled.jpg\" \/>\n\t<meta property=\"og:image:width\" content=\"2560\" \/>\n\t<meta property=\"og:image:height\" content=\"1920\" \/>\n\t<meta property=\"og:image:type\" content=\"image\/jpeg\" \/>\n<meta name=\"author\" content=\"Paco S\u00e1nchez\" \/>\n<meta name=\"twitter:card\" content=\"summary_large_image\" \/>\n<meta name=\"twitter:label1\" content=\"Escrito por\" \/>\n\t<meta name=\"twitter:data1\" content=\"Paco S\u00e1nchez\" \/>\n\t<meta name=\"twitter:label2\" content=\"Tiempo de lectura\" \/>\n\t<meta name=\"twitter:data2\" content=\"2 minutos\" \/>\n<script type=\"application\/ld+json\" class=\"yoast-schema-graph\">{\"@context\":\"https:\\\/\\\/schema.org\",\"@graph\":[{\"@type\":\"Article\",\"@id\":\"https:\\\/\\\/arealorcaradio.es\\\/index.php\\\/2025\\\/07\\\/30\\\/los-jovenes-estudiantes-abonados-al-lorca-deportiva-piden-al-club-jugar-los-sabados-por-la-tarde-o-domingos-por-la-manana\\\/#article\",\"isPartOf\":{\"@id\":\"https:\\\/\\\/arealorcaradio.es\\\/index.php\\\/2025\\\/07\\\/30\\\/los-jovenes-estudiantes-abonados-al-lorca-deportiva-piden-al-club-jugar-los-sabados-por-la-tarde-o-domingos-por-la-manana\\\/\"},\"author\":{\"name\":\"Paco S\u00e1nchez\",\"@id\":\"https:\\\/\\\/arealorcaradio.es\\\/#\\\/schema\\\/person\\\/9fae605fc25b0f2c83c1ab207139bd27\"},\"headline\":\"Los j\u00f3venes estudiantes abonados al Lorca Deportiva piden al club jugar los s\u00e1bados por la tarde o domingos por la ma\u00f1ana\",\"datePublished\":\"2025-07-30T16:55:18+00:00\",\"mainEntityOfPage\":{\"@id\":\"https:\\\/\\\/arealorcaradio.es\\\/index.php\\\/2025\\\/07\\\/30\\\/los-jovenes-estudiantes-abonados-al-lorca-deportiva-piden-al-club-jugar-los-sabados-por-la-tarde-o-domingos-por-la-manana\\\/\"},\"wordCount\":156,\"commentCount\":0,\"image\":{\"@id\":\"https:\\\/\\\/arealorcaradio.es\\\/index.php\\\/2025\\\/07\\\/30\\\/los-jovenes-estudiantes-abonados-al-lorca-deportiva-piden-al-club-jugar-los-sabados-por-la-tarde-o-domingos-por-la-manana\\\/#primaryimage\"},\"thumbnailUrl\":\"https:\\\/\\\/arealorcaradio.es\\\/wp-content\\\/uploads\\\/2025\\\/07\\\/20250730_171717-scaled.jpg\",\"articleSection\":[\"DEPORTES\",\"LORCA\"],\"inLanguage\":\"es\",\"potentialAction\":[{\"@type\":\"CommentAction\",\"name\":\"Comment\",\"target\":[\"https:\\\/\\\/arealorcaradio.es\\\/index.php\\\/2025\\\/07\\\/30\\\/los-jovenes-estudiantes-abonados-al-lorca-deportiva-piden-al-club-jugar-los-sabados-por-la-tarde-o-domingos-por-la-manana\\\/#respond\"]}]},{\"@type\":\"WebPage\",\"@id\":\"https:\\\/\\\/arealorcaradio.es\\\/index.php\\\/2025\\\/07\\\/30\\\/los-jovenes-estudiantes-abonados-al-lorca-deportiva-piden-al-club-jugar-los-sabados-por-la-tarde-o-domingos-por-la-manana\\\/\",\"url\":\"https:\\\/\\\/arealorcaradio.es\\\/index.php\\\/2025\\\/07\\\/30\\\/los-jovenes-estudiantes-abonados-al-lorca-deportiva-piden-al-club-jugar-los-sabados-por-la-tarde-o-domingos-por-la-manana\\\/\",\"name\":\"Los j\u00f3venes estudiantes abonados al Lorca Deportiva piden al club jugar los s\u00e1bados por la tarde o domingos por la ma\u00f1ana - AREA LORCA RADIO\",\"isPartOf\":{\"@id\":\"https:\\\/\\\/arealorcaradio.es\\\/#website\"},\"primaryImageOfPage\":{\"@id\":\"https:\\\/\\\/arealorcaradio.es\\\/index.php\\\/2025\\\/07\\\/30\\\/los-jovenes-estudiantes-abonados-al-lorca-deportiva-piden-al-club-jugar-los-sabados-por-la-tarde-o-domingos-por-la-manana\\\/#primaryimage\"},\"image\":{\"@id\":\"https:\\\/\\\/arealorcaradio.es\\\/index.php\\\/2025\\\/07\\\/30\\\/los-jovenes-estudiantes-abonados-al-lorca-deportiva-piden-al-club-jugar-los-sabados-por-la-tarde-o-domingos-por-la-manana\\\/#primaryimage\"},\"thumbnailUrl\":\"https:\\\/\\\/arealorcaradio.es\\\/wp-content\\\/uploads\\\/2025\\\/07\\\/20250730_171717-scaled.jpg\",\"datePublished\":\"2025-07-30T16:55:18+00:00\",\"author\":{\"@id\":\"https:\\\/\\\/arealorcaradio.es\\\/#\\\/schema\\\/person\\\/9fae605fc25b0f2c83c1ab207139bd27\"},\"breadcrumb\":{\"@id\":\"https:\\\/\\\/arealorcaradio.es\\\/index.php\\\/2025\\\/07\\\/30\\\/los-jovenes-estudiantes-abonados-al-lorca-deportiva-piden-al-club-jugar-los-sabados-por-la-tarde-o-domingos-por-la-manana\\\/#breadcrumb\"},\"inLanguage\":\"es\",\"potentialAction\":[{\"@type\":\"ReadAction\",\"target\":[\"https:\\\/\\\/arealorcaradio.es\\\/index.php\\\/2025\\\/07\\\/30\\\/los-jovenes-estudiantes-abonados-al-lorca-deportiva-piden-al-club-jugar-los-sabados-por-la-tarde-o-domingos-por-la-manana\\\/\"]}]},{\"@type\":\"ImageObject\",\"inLanguage\":\"es\",\"@id\":\"https:\\\/\\\/arealorcaradio.es\\\/index.php\\\/2025\\\/07\\\/30\\\/los-jovenes-estudiantes-abonados-al-lorca-deportiva-piden-al-club-jugar-los-sabados-por-la-tarde-o-domingos-por-la-manana\\\/#primaryimage\",\"url\":\"https:\\\/\\\/arealorcaradio.es\\\/wp-content\\\/uploads\\\/2025\\\/07\\\/20250730_171717-scaled.jpg\",\"contentUrl\":\"https:\\\/\\\/arealorcaradio.es\\\/wp-content\\\/uploads\\\/2025\\\/07\\\/20250730_171717-scaled.jpg\",\"width\":2560,\"height\":1920},{\"@type\":\"BreadcrumbList\",\"@id\":\"https:\\\/\\\/arealorcaradio.es\\\/index.php\\\/2025\\\/07\\\/30\\\/los-jovenes-estudiantes-abonados-al-lorca-deportiva-piden-al-club-jugar-los-sabados-por-la-tarde-o-domingos-por-la-manana\\\/#breadcrumb\",\"itemListElement\":[{\"@type\":\"ListItem\",\"position\":1,\"name\":\"Portada\",\"item\":\"https:\\\/\\\/arealorcaradio.es\\\/\"},{\"@type\":\"ListItem\",\"position\":2,\"name\":\"Los j\u00f3venes estudiantes abonados al Lorca Deportiva piden al club jugar los s\u00e1bados por la tarde o domingos por la ma\u00f1ana\"}]},{\"@type\":\"WebSite\",\"@id\":\"https:\\\/\\\/arealorcaradio.es\\\/#website\",\"url\":\"https:\\\/\\\/arealorcaradio.es\\\/\",\"name\":\"AREA LORCA RADIO\",\"description\":\"Descubre la programaci\u00f3n actual en \u00c1rea Lorca Radio, tu fuente de entrenamiento y noticias locales. Sintoniza ahora y mantente conectado online.\",\"potentialAction\":[{\"@type\":\"SearchAction\",\"target\":{\"@type\":\"EntryPoint\",\"urlTemplate\":\"https:\\\/\\\/arealorcaradio.es\\\/?s={search_term_string}\"},\"query-input\":{\"@type\":\"PropertyValueSpecification\",\"valueRequired\":true,\"valueName\":\"search_term_string\"}}],\"inLanguage\":\"es\"},{\"@type\":\"Person\",\"@id\":\"https:\\\/\\\/arealorcaradio.es\\\/#\\\/schema\\\/person\\\/9fae605fc25b0f2c83c1ab207139bd27\",\"name\":\"Paco S\u00e1nchez\",\"image\":{\"@type\":\"ImageObject\",\"inLanguage\":\"es\",\"@id\":\"https:\\\/\\\/secure.gravatar.com\\\/avatar\\\/d67144e966420fb74aa84c9f2a0103be4724fd14db52b52d3b6bca749f257e79?s=96&d=mm&r=g\",\"url\":\"https:\\\/\\\/secure.gravatar.com\\\/avatar\\\/d67144e966420fb74aa84c9f2a0103be4724fd14db52b52d3b6bca749f257e79?s=96&d=mm&r=g\",\"contentUrl\":\"https:\\\/\\\/secure.gravatar.com\\\/avatar\\\/d67144e966420fb74aa84c9f2a0103be4724fd14db52b52d3b6bca749f257e79?s=96&d=mm&r=g\",\"caption\":\"Paco S\u00e1nchez\"},\"sameAs\":[\"https:\\\/\\\/arealorcaradio.es\"],\"url\":\"https:\\\/\\\/arealorcaradio.es\\\/index.php\\\/author\\\/admin_alorcaradio\\\/\"}]}<\/script>\n<!-- \/ Yoast SEO plugin. -->","yoast_head_json":{"title":"Los j\u00f3venes estudiantes abonados al Lorca Deportiva piden al club jugar los s\u00e1bados por la tarde o domingos por la ma\u00f1ana - AREA LORCA RADIO","robots":{"index":"index","follow":"follow","max-snippet":"max-snippet:-1","max-image-preview":"max-image-preview:large","max-video-preview":"max-video-preview:-1"},"canonical":"https:\/\/arealorcaradio.es\/index.php\/2025\/07\/30\/los-jovenes-estudiantes-abonados-al-lorca-deportiva-piden-al-club-jugar-los-sabados-por-la-tarde-o-domingos-por-la-manana\/","og_locale":"es_ES","og_type":"article","og_title":"Los j\u00f3venes estudiantes abonados al Lorca Deportiva piden al club jugar los s\u00e1bados por la tarde o domingos por la ma\u00f1ana - AREA LORCA RADIO","og_description":"\u00c1REA LORCA RADIO. Deportes. Lorca, 30 de julio de 2025. Hoy nos acompa\u00f1aban en el estudio de \u00c1rea Lorca Radio, Carlos D\u00edaz, Gin\u00e9s Segura y Mario Paco, tres j\u00f3venes aficionados del Lorca Deportiva que han retirado sus abonos pese a que durante la temporada el club tenga previsto jugar como local los domingos por la [&hellip;]","og_url":"https:\/\/arealorcaradio.es\/index.php\/2025\/07\/30\/los-jovenes-estudiantes-abonados-al-lorca-deportiva-piden-al-club-jugar-los-sabados-por-la-tarde-o-domingos-por-la-manana\/","og_site_name":"AREA LORCA RADIO","article_published_time":"2025-07-30T16:55:18+00:00","og_image":[{"width":2560,"height":1920,"url":"https:\/\/arealorcaradio.es\/wp-content\/uploads\/2025\/07\/20250730_171717-scaled.jpg","type":"image\/jpeg"}],"author":"Paco S\u00e1nchez","twitter_card":"summary_large_image","twitter_misc":{"Escrito por":"Paco S\u00e1nchez","Tiempo de lectura":"2 minutos"},"schema":{"@context":"https:\/\/schema.org","@graph":[{"@type":"Article","@id":"https:\/\/arealorcaradio.es\/index.php\/2025\/07\/30\/los-jovenes-estudiantes-abonados-al-lorca-deportiva-piden-al-club-jugar-los-sabados-por-la-tarde-o-domingos-por-la-manana\/#article","isPartOf":{"@id":"https:\/\/arealorcaradio.es\/index.php\/2025\/07\/30\/los-jovenes-estudiantes-abonados-al-lorca-deportiva-piden-al-club-jugar-los-sabados-por-la-tarde-o-domingos-por-la-manana\/"},"author":{"name":"Paco S\u00e1nchez","@id":"https:\/\/arealorcaradio.es\/#\/schema\/person\/9fae605fc25b0f2c83c1ab207139bd27"},"headline":"Los j\u00f3venes estudiantes abonados al Lorca Deportiva piden al club jugar los s\u00e1bados por la tarde o domingos por la ma\u00f1ana","datePublished":"2025-07-30T16:55:18+00:00","mainEntityOfPage":{"@id":"https:\/\/arealorcaradio.es\/index.php\/2025\/07\/30\/los-jovenes-estudiantes-abonados-al-lorca-deportiva-piden-al-club-jugar-los-sabados-por-la-tarde-o-domingos-por-la-manana\/"},"wordCount":156,"commentCount":0,"image":{"@id":"https:\/\/arealorcaradio.es\/index.php\/2025\/07\/30\/los-jovenes-estudiantes-abonados-al-lorca-deportiva-piden-al-club-jugar-los-sabados-por-la-tarde-o-domingos-por-la-manana\/#primaryimage"},"thumbnailUrl":"https:\/\/arealorcaradio.es\/wp-content\/uploads\/2025\/07\/20250730_171717-scaled.jpg","articleSection":["DEPORTES","LORCA"],"inLanguage":"es","potentialAction":[{"@type":"CommentAction","name":"Comment","target":["https:\/\/arealorcaradio.es\/index.php\/2025\/07\/30\/los-jovenes-estudiantes-abonados-al-lorca-deportiva-piden-al-club-jugar-los-sabados-por-la-tarde-o-domingos-por-la-manana\/#respond"]}]},{"@type":"WebPage","@id":"https:\/\/arealorcaradio.es\/index.php\/2025\/07\/30\/los-jovenes-estudiantes-abonados-al-lorca-deportiva-piden-al-club-jugar-los-sabados-por-la-tarde-o-domingos-por-la-manana\/","url":"https:\/\/arealorcaradio.es\/index.php\/2025\/07\/30\/los-jovenes-estudiantes-abonados-al-lorca-deportiva-piden-al-club-jugar-los-sabados-por-la-tarde-o-domingos-por-la-manana\/","name":"Los j\u00f3venes estudiantes abonados al Lorca Deportiva piden al club jugar los s\u00e1bados por la tarde o domingos por la ma\u00f1ana - AREA LORCA RADIO","isPartOf":{"@id":"https:\/\/arealorcaradio.es\/#website"},"primaryImageOfPage":{"@id":"https:\/\/arealorcaradio.es\/index.php\/2025\/07\/30\/los-jovenes-estudiantes-abonados-al-lorca-deportiva-piden-al-club-jugar-los-sabados-por-la-tarde-o-domingos-por-la-manana\/#primaryimage"},"image":{"@id":"https:\/\/arealorcaradio.es\/index.php\/2025\/07\/30\/los-jovenes-estudiantes-abonados-al-lorca-deportiva-piden-al-club-jugar-los-sabados-por-la-tarde-o-domingos-por-la-manana\/#primaryimage"},"thumbnailUrl":"https:\/\/arealorcaradio.es\/wp-content\/uploads\/2025\/07\/20250730_171717-scaled.jpg","datePublished":"2025-07-30T16:55:18+00:00","author":{"@id":"https:\/\/arealorcaradio.es\/#\/schema\/person\/9fae605fc25b0f2c83c1ab207139bd27"},"breadcrumb":{"@id":"https:\/\/arealorcaradio.es\/index.php\/2025\/07\/30\/los-jovenes-estudiantes-abonados-al-lorca-deportiva-piden-al-club-jugar-los-sabados-por-la-tarde-o-domingos-por-la-manana\/#breadcrumb"},"inLanguage":"es","potentialAction":[{"@type":"ReadAction","target":["https:\/\/arealorcaradio.es\/index.php\/2025\/07\/30\/los-jovenes-estudiantes-abonados-al-lorca-deportiva-piden-al-club-jugar-los-sabados-por-la-tarde-o-domingos-por-la-manana\/"]}]},{"@type":"ImageObject","inLanguage":"es","@id":"https:\/\/arealorcaradio.es\/index.php\/2025\/07\/30\/los-jovenes-estudiantes-abonados-al-lorca-deportiva-piden-al-club-jugar-los-sabados-por-la-tarde-o-domingos-por-la-manana\/#primaryimage","url":"https:\/\/arealorcaradio.es\/wp-content\/uploads\/2025\/07\/20250730_171717-scaled.jpg","contentUrl":"https:\/\/arealorcaradio.es\/wp-content\/uploads\/2025\/07\/20250730_171717-scaled.jpg","width":2560,"height":1920},{"@type":"BreadcrumbList","@id":"https:\/\/arealorcaradio.es\/index.php\/2025\/07\/30\/los-jovenes-estudiantes-abonados-al-lorca-deportiva-piden-al-club-jugar-los-sabados-por-la-tarde-o-domingos-por-la-manana\/#breadcrumb","itemListElement":[{"@type":"ListItem","position":1,"name":"Portada","item":"https:\/\/arealorcaradio.es\/"},{"@type":"ListItem","position":2,"name":"Los j\u00f3venes estudiantes abonados al Lorca Deportiva piden al club jugar los s\u00e1bados por la tarde o domingos por la ma\u00f1ana"}]},{"@type":"WebSite","@id":"https:\/\/arealorcaradio.es\/#website","url":"https:\/\/arealorcaradio.es\/","name":"AREA LORCA RADIO","description":"Descubre la programaci\u00f3n actual en \u00c1rea Lorca Radio, tu fuente de entrenamiento y noticias locales. Sintoniza ahora y mantente conectado online.","potentialAction":[{"@type":"SearchAction","target":{"@type":"EntryPoint","urlTemplate":"https:\/\/arealorcaradio.es\/?s={search_term_string}"},"query-input":{"@type":"PropertyValueSpecification","valueRequired":true,"valueName":"search_term_string"}}],"inLanguage":"es"},{"@type":"Person","@id":"https:\/\/arealorcaradio.es\/#\/schema\/person\/9fae605fc25b0f2c83c1ab207139bd27","name":"Paco S\u00e1nchez","image":{"@type":"ImageObject","inLanguage":"es","@id":"https:\/\/secure.gravatar.com\/avatar\/d67144e966420fb74aa84c9f2a0103be4724fd14db52b52d3b6bca749f257e79?s=96&d=mm&r=g","url":"https:\/\/secure.gravatar.com\/avatar\/d67144e966420fb74aa84c9f2a0103be4724fd14db52b52d3b6bca749f257e79?s=96&d=mm&r=g","contentUrl":"https:\/\/secure.gravatar.com\/avatar\/d67144e966420fb74aa84c9f2a0103be4724fd14db52b52d3b6bca749f257e79?s=96&d=mm&r=g","caption":"Paco S\u00e1nchez"},"sameAs":["https:\/\/arealorcaradio.es"],"url":"https:\/\/arealorcaradio.es\/index.php\/author\/admin_alorcaradio\/"}]}},"_links":{"self":[{"href":"https:\/\/arealorcaradio.es\/index.php\/wp-json\/wp\/v2\/posts\/7537","targetHints":{"allow":["GET"]}}],"collection":[{"href":"https:\/\/arealorcaradio.es\/index.php\/wp-json\/wp\/v2\/posts"}],"about":[{"href":"https:\/\/arealorcaradio.es\/index.php\/wp-json\/wp\/v2\/types\/post"}],"author":[{"embeddable":true,"href":"https:\/\/arealorcaradio.es\/index.php\/wp-json\/wp\/v2\/users\/1"}],"replies":[{"embeddable":true,"href":"https:\/\/arealorcaradio.es\/index.php\/wp-json\/wp\/v2\/comments?post=7537"}],"version-history":[{"count":1,"href":"https:\/\/arealorcaradio.es\/index.php\/wp-json\/wp\/v2\/posts\/7537\/revisions"}],"predecessor-version":[{"id":7542,"href":"https:\/\/arealorcaradio.es\/index.php\/wp-json\/wp\/v2\/posts\/7537\/revisions\/7542"}],"wp:featuredmedia":[{"embeddable":true,"href":"https:\/\/arealorcaradio.es\/index.php\/wp-json\/wp\/v2\/media\/7541"}],"wp:attachment":[{"href":"https:\/\/arealorcaradio.es\/index.php\/wp-json\/wp\/v2\/media?parent=7537"}],"wp:term":[{"taxonomy":"category","embeddable":true,"href":"https:\/\/arealorcaradio.es\/index.php\/wp-json\/wp\/v2\/categories?post=7537"},{"taxonomy":"post_tag","embeddable":true,"href":"https:\/\/arealorcaradio.es\/index.php\/wp-json\/wp\/v2\/tags?post=7537"}],"curies":[{"name":"wp","href":"https:\/\/api.w.org\/{rel}","templated":true}]}}