{"id":7521,"date":"2025-07-29T16:11:41","date_gmt":"2025-07-29T16:11:41","guid":{"rendered":"https:\/\/arealorcaradio.es\/?p=7521"},"modified":"2025-07-29T16:11:41","modified_gmt":"2025-07-29T16:11:41","slug":"la-remodelacion-de-las-fuentes-ornamentales-del-castillo-de-lorca-permitiran-hacerlas-mas-sostenibles-y-fomentar-la-reutilizacion-del-agua","status":"publish","type":"post","link":"https:\/\/arealorcaradio.es\/index.php\/2025\/07\/29\/la-remodelacion-de-las-fuentes-ornamentales-del-castillo-de-lorca-permitiran-hacerlas-mas-sostenibles-y-fomentar-la-reutilizacion-del-agua\/","title":{"rendered":"La remodelaci\u00f3n de las fuentes ornamentales del Castillo de Lorca permitir\u00e1n hacerlas m\u00e1s sostenibles y fomentar la reutilizaci\u00f3n del agua"},"content":{"rendered":"<p><strong>\u00c1REA LORCA RADIO. Turismo<\/strong><\/p>\n<p class=\"v1MsoNormal\"><b>29 de julio de 2025.<\/b>\u00a0El concejal de Turismo del Ayuntamiento de Lorca, Santiago Parra, ha supervisado este martes la finalizaci\u00f3n de las obras de remodelaci\u00f3n de tres fuentes decorativas del Castillo de Lorca, con el prop\u00f3sito de para hacerlas m\u00e1s sostenibles y facilitar la reutilizaci\u00f3n del agua en la Fortaleza del Sol.<\/p>\n<p class=\"v1MsoNormal\"><img loading=\"lazy\" decoding=\"async\" class=\"alignnone size-medium wp-image-7524\" src=\"https:\/\/arealorcaradio.es\/wp-content\/uploads\/2025\/07\/fuentes-castillo-3-300x200.jpeg\" alt=\"\" width=\"300\" height=\"200\" srcset=\"https:\/\/arealorcaradio.es\/wp-content\/uploads\/2025\/07\/fuentes-castillo-3-300x200.jpeg 300w, https:\/\/arealorcaradio.es\/wp-content\/uploads\/2025\/07\/fuentes-castillo-3-1024x683.jpeg 1024w, https:\/\/arealorcaradio.es\/wp-content\/uploads\/2025\/07\/fuentes-castillo-3-768x512.jpeg 768w, https:\/\/arealorcaradio.es\/wp-content\/uploads\/2025\/07\/fuentes-castillo-3-1536x1025.jpeg 1536w, https:\/\/arealorcaradio.es\/wp-content\/uploads\/2025\/07\/fuentes-castillo-3.jpeg 2048w\" sizes=\"auto, (max-width: 300px) 100vw, 300px\" \/><\/p>\n<p class=\"v1MsoNormal\">\u00abSe trata de una intervenci\u00f3n que ha contado con una inversi\u00f3n de cerca de 40.000 euros, y que ha consistido en la mejora de la estanqueidad de los circuitos hidr\u00e1ulicos, la incorporaci\u00f3n de sistemas de bombeo eficientes para el reciclaje total del agua, y la instalaci\u00f3n de iluminaci\u00f3n LED para reducir el consumo energ\u00e9tico\u00bb, ha se\u00f1alado Santiago Parra, a\u00f1adiendo que tiene como objetivo \u00abimplantar medidas de econom\u00eda circular para optimizar el uso de recursos, reducir el consumo h\u00eddrico y mejorar la eficiencia energ\u00e9tica del recinto hist\u00f3rico amurallado\u00bb.<\/p>\n<p class=\"v1MsoNormal\">La actuaci\u00f3n, que est\u00e1 enmarcada en el Plan de Sostenibilidad Tur\u00edstica en Destino de la Regi\u00f3n de Murcia y financiada a trav\u00e9s del Plan de Recuperaci\u00f3n, Transformaci\u00f3n y Resiliencia, gestionado por la Comunidad Aut\u00f3noma de la Regi\u00f3n de Murcia, se ha llevado a cabo en las fuentes ubicadas al inicio de la senda de los Granados que se estructura en tres canales de agua interconectados construidos en ladrillo; en la situada junto al Aljibe Grande, que recorre lateralmente la explanada anterior a su acceso y aprovecha la pendiente del terreno; y en localizada en una cueva cerca de los Hornos y pr\u00f3xima al Parador Nacional, simula un afloramiento natural en una oquedad rocosa.<\/p>\n<p class=\"v1MsoNormal\">El concejal de Turismo ha indicado, en este sentido, que \u00ablas fuentes del Castillo de Lorca emulan acequias y charcas donde los visitantes encuentran un espacio agradable y apacible por el sonido del agua y el frescor que transmite\u00bb, y ha detallado que \u00abestas fuentes ornamentales, en la actualidad, presentan ineficiencias en cuanto a la estanqueidad del circuito, iluminaci\u00f3n y reciclaje de agua. Es por ello que se hace necesario realizar una actuaci\u00f3n sobre las fuentes para hacerlas m\u00e1s sostenibles asegurando su estanqueidad y as\u00ed facilitar el reciclaje total de agua con equipos de bombeo eficientes para reducir el consumo de agua y electricidad. Tambi\u00e9n dotarlas de iluminaci\u00f3n eficiente de tecnolog\u00eda LED, que reduce el consumo el\u00e9ctrico y las emisiones contaminantes\u00bb.<\/p>\n<p class=\"v1MsoNormal\">Y ha a\u00f1adido que \u00abla mejora de las fuentes ornamentales del Castillo de Lorca es una muestra m\u00e1s del compromiso del Gobierno de Lorca con la sostenibilidad y la eficiencia en el uso de nuestros recursos tur\u00edsticos, puesto que este proyecto no solo reduce el impacto ambiental que puede tener el uso del agua en estas fuentes, sino que tambi\u00e9n mejora la experiencia de los miles de turistas y visitantes que durante todo el a\u00f1o acuden a uno de nuestros espacios patrimoniales m\u00e1s emblem\u00e1ticos, sobre todo, en esta \u00e9poca estival en la que tambi\u00e9n sirven para refrescar el ambiente en las horas de mayor calor y dar una sensaci\u00f3n de frescor\u00bb.<\/p>\n<p class=\"v1MsoNormal\">Parra Soriano ha destacado que \u00abel Castillo de Lorca sigue consolid\u00e1ndose como un referente del turismo cultural en la Regi\u00f3n de Murcia y en el levante espa\u00f1ol. Gracias a esta actuaci\u00f3n financiada por la consejer\u00eda de Turismo damos un paso m\u00e1s en la conservaci\u00f3n del patrimonio hist\u00f3rico adapt\u00e1ndolo a los criterios medioambientales del siglo XXI\u00bb, y ha concluido recordando que la actuaci\u00f3n se suma a otras que se est\u00e1n realizando en el entorno de Castillo de Lorca, como son la mejora de caminos y del espacio posterior al escenario, la renovaci\u00f3n del parque infantil o las obras de rehabilitaci\u00f3n y mejora de la accesibilidad en la Torre Alfonsina, entre otras.<\/p>\n","protected":false},"excerpt":{"rendered":"<p>\u00c1REA LORCA RADIO. Turismo 29 de julio de 2025.\u00a0El concejal de Turismo del Ayuntamiento de Lorca, Santiago Parra, ha supervisado este martes la finalizaci\u00f3n de las obras de remodelaci\u00f3n de tres fuentes decorativas del Castillo de Lorca, con el prop\u00f3sito de para hacerlas m\u00e1s sostenibles y facilitar la reutilizaci\u00f3n del agua en la Fortaleza del [&hellip;]<\/p>\n","protected":false},"author":1,"featured_media":7522,"comment_status":"open","ping_status":"open","sticky":false,"template":"","format":"standard","meta":{"iawp_total_views":5,"footnotes":""},"categories":[5,7],"tags":[],"class_list":["post-7521","post","type-post","status-publish","format-standard","has-post-thumbnail","hentry","category-actualidad","category-lorca"],"yoast_head":"<!-- This site is optimized with the Yoast SEO plugin v27.4 - https:\/\/yoast.com\/product\/yoast-seo-wordpress\/ -->\n<title>La remodelaci\u00f3n de las fuentes ornamentales del Castillo de Lorca permitir\u00e1n hacerlas m\u00e1s sostenibles y fomentar la reutilizaci\u00f3n del agua - AREA LORCA RADIO<\/title>\n<meta name=\"robots\" content=\"index, follow, max-snippet:-1, max-image-preview:large, max-video-preview:-1\" \/>\n<link rel=\"canonical\" href=\"https:\/\/arealorcaradio.es\/index.php\/2025\/07\/29\/la-remodelacion-de-las-fuentes-ornamentales-del-castillo-de-lorca-permitiran-hacerlas-mas-sostenibles-y-fomentar-la-reutilizacion-del-agua\/\" \/>\n<meta property=\"og:locale\" content=\"es_ES\" \/>\n<meta property=\"og:type\" content=\"article\" \/>\n<meta property=\"og:title\" content=\"La remodelaci\u00f3n de las fuentes ornamentales del Castillo de Lorca permitir\u00e1n hacerlas m\u00e1s sostenibles y fomentar la reutilizaci\u00f3n del agua - AREA LORCA RADIO\" \/>\n<meta property=\"og:description\" content=\"\u00c1REA LORCA RADIO. Turismo 29 de julio de 2025.\u00a0El concejal de Turismo del Ayuntamiento de Lorca, Santiago Parra, ha supervisado este martes la finalizaci\u00f3n de las obras de remodelaci\u00f3n de tres fuentes decorativas del Castillo de Lorca, con el prop\u00f3sito de para hacerlas m\u00e1s sostenibles y facilitar la reutilizaci\u00f3n del agua en la Fortaleza del [&hellip;]\" \/>\n<meta property=\"og:url\" content=\"https:\/\/arealorcaradio.es\/index.php\/2025\/07\/29\/la-remodelacion-de-las-fuentes-ornamentales-del-castillo-de-lorca-permitiran-hacerlas-mas-sostenibles-y-fomentar-la-reutilizacion-del-agua\/\" \/>\n<meta property=\"og:site_name\" content=\"AREA LORCA RADIO\" \/>\n<meta property=\"article:published_time\" content=\"2025-07-29T16:11:41+00:00\" \/>\n<meta property=\"og:image\" content=\"https:\/\/arealorcaradio.es\/wp-content\/uploads\/2025\/07\/fuentes-castillo-2.jpeg\" \/>\n\t<meta property=\"og:image:width\" content=\"2048\" \/>\n\t<meta property=\"og:image:height\" content=\"1366\" \/>\n\t<meta property=\"og:image:type\" content=\"image\/jpeg\" \/>\n<meta name=\"author\" content=\"Paco S\u00e1nchez\" \/>\n<meta name=\"twitter:card\" content=\"summary_large_image\" \/>\n<meta name=\"twitter:label1\" content=\"Escrito por\" \/>\n\t<meta name=\"twitter:data1\" content=\"Paco S\u00e1nchez\" \/>\n\t<meta name=\"twitter:label2\" content=\"Tiempo de lectura\" \/>\n\t<meta name=\"twitter:data2\" content=\"4 minutos\" \/>\n<script type=\"application\/ld+json\" class=\"yoast-schema-graph\">{\"@context\":\"https:\\\/\\\/schema.org\",\"@graph\":[{\"@type\":\"Article\",\"@id\":\"https:\\\/\\\/arealorcaradio.es\\\/index.php\\\/2025\\\/07\\\/29\\\/la-remodelacion-de-las-fuentes-ornamentales-del-castillo-de-lorca-permitiran-hacerlas-mas-sostenibles-y-fomentar-la-reutilizacion-del-agua\\\/#article\",\"isPartOf\":{\"@id\":\"https:\\\/\\\/arealorcaradio.es\\\/index.php\\\/2025\\\/07\\\/29\\\/la-remodelacion-de-las-fuentes-ornamentales-del-castillo-de-lorca-permitiran-hacerlas-mas-sostenibles-y-fomentar-la-reutilizacion-del-agua\\\/\"},\"author\":{\"name\":\"Paco S\u00e1nchez\",\"@id\":\"https:\\\/\\\/arealorcaradio.es\\\/#\\\/schema\\\/person\\\/9fae605fc25b0f2c83c1ab207139bd27\"},\"headline\":\"La remodelaci\u00f3n de las fuentes ornamentales del Castillo de Lorca permitir\u00e1n hacerlas m\u00e1s sostenibles y fomentar la reutilizaci\u00f3n del agua\",\"datePublished\":\"2025-07-29T16:11:41+00:00\",\"mainEntityOfPage\":{\"@id\":\"https:\\\/\\\/arealorcaradio.es\\\/index.php\\\/2025\\\/07\\\/29\\\/la-remodelacion-de-las-fuentes-ornamentales-del-castillo-de-lorca-permitiran-hacerlas-mas-sostenibles-y-fomentar-la-reutilizacion-del-agua\\\/\"},\"wordCount\":676,\"commentCount\":0,\"image\":{\"@id\":\"https:\\\/\\\/arealorcaradio.es\\\/index.php\\\/2025\\\/07\\\/29\\\/la-remodelacion-de-las-fuentes-ornamentales-del-castillo-de-lorca-permitiran-hacerlas-mas-sostenibles-y-fomentar-la-reutilizacion-del-agua\\\/#primaryimage\"},\"thumbnailUrl\":\"https:\\\/\\\/arealorcaradio.es\\\/wp-content\\\/uploads\\\/2025\\\/07\\\/fuentes-castillo-2.jpeg\",\"articleSection\":[\"ACTUALIDAD\",\"LORCA\"],\"inLanguage\":\"es\",\"potentialAction\":[{\"@type\":\"CommentAction\",\"name\":\"Comment\",\"target\":[\"https:\\\/\\\/arealorcaradio.es\\\/index.php\\\/2025\\\/07\\\/29\\\/la-remodelacion-de-las-fuentes-ornamentales-del-castillo-de-lorca-permitiran-hacerlas-mas-sostenibles-y-fomentar-la-reutilizacion-del-agua\\\/#respond\"]}]},{\"@type\":\"WebPage\",\"@id\":\"https:\\\/\\\/arealorcaradio.es\\\/index.php\\\/2025\\\/07\\\/29\\\/la-remodelacion-de-las-fuentes-ornamentales-del-castillo-de-lorca-permitiran-hacerlas-mas-sostenibles-y-fomentar-la-reutilizacion-del-agua\\\/\",\"url\":\"https:\\\/\\\/arealorcaradio.es\\\/index.php\\\/2025\\\/07\\\/29\\\/la-remodelacion-de-las-fuentes-ornamentales-del-castillo-de-lorca-permitiran-hacerlas-mas-sostenibles-y-fomentar-la-reutilizacion-del-agua\\\/\",\"name\":\"La remodelaci\u00f3n de las fuentes ornamentales del Castillo de Lorca permitir\u00e1n hacerlas m\u00e1s sostenibles y fomentar la reutilizaci\u00f3n del agua - AREA LORCA RADIO\",\"isPartOf\":{\"@id\":\"https:\\\/\\\/arealorcaradio.es\\\/#website\"},\"primaryImageOfPage\":{\"@id\":\"https:\\\/\\\/arealorcaradio.es\\\/index.php\\\/2025\\\/07\\\/29\\\/la-remodelacion-de-las-fuentes-ornamentales-del-castillo-de-lorca-permitiran-hacerlas-mas-sostenibles-y-fomentar-la-reutilizacion-del-agua\\\/#primaryimage\"},\"image\":{\"@id\":\"https:\\\/\\\/arealorcaradio.es\\\/index.php\\\/2025\\\/07\\\/29\\\/la-remodelacion-de-las-fuentes-ornamentales-del-castillo-de-lorca-permitiran-hacerlas-mas-sostenibles-y-fomentar-la-reutilizacion-del-agua\\\/#primaryimage\"},\"thumbnailUrl\":\"https:\\\/\\\/arealorcaradio.es\\\/wp-content\\\/uploads\\\/2025\\\/07\\\/fuentes-castillo-2.jpeg\",\"datePublished\":\"2025-07-29T16:11:41+00:00\",\"author\":{\"@id\":\"https:\\\/\\\/arealorcaradio.es\\\/#\\\/schema\\\/person\\\/9fae605fc25b0f2c83c1ab207139bd27\"},\"breadcrumb\":{\"@id\":\"https:\\\/\\\/arealorcaradio.es\\\/index.php\\\/2025\\\/07\\\/29\\\/la-remodelacion-de-las-fuentes-ornamentales-del-castillo-de-lorca-permitiran-hacerlas-mas-sostenibles-y-fomentar-la-reutilizacion-del-agua\\\/#breadcrumb\"},\"inLanguage\":\"es\",\"potentialAction\":[{\"@type\":\"ReadAction\",\"target\":[\"https:\\\/\\\/arealorcaradio.es\\\/index.php\\\/2025\\\/07\\\/29\\\/la-remodelacion-de-las-fuentes-ornamentales-del-castillo-de-lorca-permitiran-hacerlas-mas-sostenibles-y-fomentar-la-reutilizacion-del-agua\\\/\"]}]},{\"@type\":\"ImageObject\",\"inLanguage\":\"es\",\"@id\":\"https:\\\/\\\/arealorcaradio.es\\\/index.php\\\/2025\\\/07\\\/29\\\/la-remodelacion-de-las-fuentes-ornamentales-del-castillo-de-lorca-permitiran-hacerlas-mas-sostenibles-y-fomentar-la-reutilizacion-del-agua\\\/#primaryimage\",\"url\":\"https:\\\/\\\/arealorcaradio.es\\\/wp-content\\\/uploads\\\/2025\\\/07\\\/fuentes-castillo-2.jpeg\",\"contentUrl\":\"https:\\\/\\\/arealorcaradio.es\\\/wp-content\\\/uploads\\\/2025\\\/07\\\/fuentes-castillo-2.jpeg\",\"width\":2048,\"height\":1366},{\"@type\":\"BreadcrumbList\",\"@id\":\"https:\\\/\\\/arealorcaradio.es\\\/index.php\\\/2025\\\/07\\\/29\\\/la-remodelacion-de-las-fuentes-ornamentales-del-castillo-de-lorca-permitiran-hacerlas-mas-sostenibles-y-fomentar-la-reutilizacion-del-agua\\\/#breadcrumb\",\"itemListElement\":[{\"@type\":\"ListItem\",\"position\":1,\"name\":\"Portada\",\"item\":\"https:\\\/\\\/arealorcaradio.es\\\/\"},{\"@type\":\"ListItem\",\"position\":2,\"name\":\"La remodelaci\u00f3n de las fuentes ornamentales del Castillo de Lorca permitir\u00e1n hacerlas m\u00e1s sostenibles y fomentar la reutilizaci\u00f3n del agua\"}]},{\"@type\":\"WebSite\",\"@id\":\"https:\\\/\\\/arealorcaradio.es\\\/#website\",\"url\":\"https:\\\/\\\/arealorcaradio.es\\\/\",\"name\":\"AREA LORCA RADIO\",\"description\":\"Descubre la programaci\u00f3n actual en \u00c1rea Lorca Radio, tu fuente de entrenamiento y noticias locales. Sintoniza ahora y mantente conectado online.\",\"potentialAction\":[{\"@type\":\"SearchAction\",\"target\":{\"@type\":\"EntryPoint\",\"urlTemplate\":\"https:\\\/\\\/arealorcaradio.es\\\/?s={search_term_string}\"},\"query-input\":{\"@type\":\"PropertyValueSpecification\",\"valueRequired\":true,\"valueName\":\"search_term_string\"}}],\"inLanguage\":\"es\"},{\"@type\":\"Person\",\"@id\":\"https:\\\/\\\/arealorcaradio.es\\\/#\\\/schema\\\/person\\\/9fae605fc25b0f2c83c1ab207139bd27\",\"name\":\"Paco S\u00e1nchez\",\"image\":{\"@type\":\"ImageObject\",\"inLanguage\":\"es\",\"@id\":\"https:\\\/\\\/secure.gravatar.com\\\/avatar\\\/d67144e966420fb74aa84c9f2a0103be4724fd14db52b52d3b6bca749f257e79?s=96&d=mm&r=g\",\"url\":\"https:\\\/\\\/secure.gravatar.com\\\/avatar\\\/d67144e966420fb74aa84c9f2a0103be4724fd14db52b52d3b6bca749f257e79?s=96&d=mm&r=g\",\"contentUrl\":\"https:\\\/\\\/secure.gravatar.com\\\/avatar\\\/d67144e966420fb74aa84c9f2a0103be4724fd14db52b52d3b6bca749f257e79?s=96&d=mm&r=g\",\"caption\":\"Paco S\u00e1nchez\"},\"sameAs\":[\"https:\\\/\\\/arealorcaradio.es\"],\"url\":\"https:\\\/\\\/arealorcaradio.es\\\/index.php\\\/author\\\/admin_alorcaradio\\\/\"}]}<\/script>\n<!-- \/ Yoast SEO plugin. -->","yoast_head_json":{"title":"La remodelaci\u00f3n de las fuentes ornamentales del Castillo de Lorca permitir\u00e1n hacerlas m\u00e1s sostenibles y fomentar la reutilizaci\u00f3n del agua - AREA LORCA RADIO","robots":{"index":"index","follow":"follow","max-snippet":"max-snippet:-1","max-image-preview":"max-image-preview:large","max-video-preview":"max-video-preview:-1"},"canonical":"https:\/\/arealorcaradio.es\/index.php\/2025\/07\/29\/la-remodelacion-de-las-fuentes-ornamentales-del-castillo-de-lorca-permitiran-hacerlas-mas-sostenibles-y-fomentar-la-reutilizacion-del-agua\/","og_locale":"es_ES","og_type":"article","og_title":"La remodelaci\u00f3n de las fuentes ornamentales del Castillo de Lorca permitir\u00e1n hacerlas m\u00e1s sostenibles y fomentar la reutilizaci\u00f3n del agua - AREA LORCA RADIO","og_description":"\u00c1REA LORCA RADIO. Turismo 29 de julio de 2025.\u00a0El concejal de Turismo del Ayuntamiento de Lorca, Santiago Parra, ha supervisado este martes la finalizaci\u00f3n de las obras de remodelaci\u00f3n de tres fuentes decorativas del Castillo de Lorca, con el prop\u00f3sito de para hacerlas m\u00e1s sostenibles y facilitar la reutilizaci\u00f3n del agua en la Fortaleza del [&hellip;]","og_url":"https:\/\/arealorcaradio.es\/index.php\/2025\/07\/29\/la-remodelacion-de-las-fuentes-ornamentales-del-castillo-de-lorca-permitiran-hacerlas-mas-sostenibles-y-fomentar-la-reutilizacion-del-agua\/","og_site_name":"AREA LORCA RADIO","article_published_time":"2025-07-29T16:11:41+00:00","og_image":[{"width":2048,"height":1366,"url":"https:\/\/arealorcaradio.es\/wp-content\/uploads\/2025\/07\/fuentes-castillo-2.jpeg","type":"image\/jpeg"}],"author":"Paco S\u00e1nchez","twitter_card":"summary_large_image","twitter_misc":{"Escrito por":"Paco S\u00e1nchez","Tiempo de lectura":"4 minutos"},"schema":{"@context":"https:\/\/schema.org","@graph":[{"@type":"Article","@id":"https:\/\/arealorcaradio.es\/index.php\/2025\/07\/29\/la-remodelacion-de-las-fuentes-ornamentales-del-castillo-de-lorca-permitiran-hacerlas-mas-sostenibles-y-fomentar-la-reutilizacion-del-agua\/#article","isPartOf":{"@id":"https:\/\/arealorcaradio.es\/index.php\/2025\/07\/29\/la-remodelacion-de-las-fuentes-ornamentales-del-castillo-de-lorca-permitiran-hacerlas-mas-sostenibles-y-fomentar-la-reutilizacion-del-agua\/"},"author":{"name":"Paco S\u00e1nchez","@id":"https:\/\/arealorcaradio.es\/#\/schema\/person\/9fae605fc25b0f2c83c1ab207139bd27"},"headline":"La remodelaci\u00f3n de las fuentes ornamentales del Castillo de Lorca permitir\u00e1n hacerlas m\u00e1s sostenibles y fomentar la reutilizaci\u00f3n del agua","datePublished":"2025-07-29T16:11:41+00:00","mainEntityOfPage":{"@id":"https:\/\/arealorcaradio.es\/index.php\/2025\/07\/29\/la-remodelacion-de-las-fuentes-ornamentales-del-castillo-de-lorca-permitiran-hacerlas-mas-sostenibles-y-fomentar-la-reutilizacion-del-agua\/"},"wordCount":676,"commentCount":0,"image":{"@id":"https:\/\/arealorcaradio.es\/index.php\/2025\/07\/29\/la-remodelacion-de-las-fuentes-ornamentales-del-castillo-de-lorca-permitiran-hacerlas-mas-sostenibles-y-fomentar-la-reutilizacion-del-agua\/#primaryimage"},"thumbnailUrl":"https:\/\/arealorcaradio.es\/wp-content\/uploads\/2025\/07\/fuentes-castillo-2.jpeg","articleSection":["ACTUALIDAD","LORCA"],"inLanguage":"es","potentialAction":[{"@type":"CommentAction","name":"Comment","target":["https:\/\/arealorcaradio.es\/index.php\/2025\/07\/29\/la-remodelacion-de-las-fuentes-ornamentales-del-castillo-de-lorca-permitiran-hacerlas-mas-sostenibles-y-fomentar-la-reutilizacion-del-agua\/#respond"]}]},{"@type":"WebPage","@id":"https:\/\/arealorcaradio.es\/index.php\/2025\/07\/29\/la-remodelacion-de-las-fuentes-ornamentales-del-castillo-de-lorca-permitiran-hacerlas-mas-sostenibles-y-fomentar-la-reutilizacion-del-agua\/","url":"https:\/\/arealorcaradio.es\/index.php\/2025\/07\/29\/la-remodelacion-de-las-fuentes-ornamentales-del-castillo-de-lorca-permitiran-hacerlas-mas-sostenibles-y-fomentar-la-reutilizacion-del-agua\/","name":"La remodelaci\u00f3n de las fuentes ornamentales del Castillo de Lorca permitir\u00e1n hacerlas m\u00e1s sostenibles y fomentar la reutilizaci\u00f3n del agua - AREA LORCA RADIO","isPartOf":{"@id":"https:\/\/arealorcaradio.es\/#website"},"primaryImageOfPage":{"@id":"https:\/\/arealorcaradio.es\/index.php\/2025\/07\/29\/la-remodelacion-de-las-fuentes-ornamentales-del-castillo-de-lorca-permitiran-hacerlas-mas-sostenibles-y-fomentar-la-reutilizacion-del-agua\/#primaryimage"},"image":{"@id":"https:\/\/arealorcaradio.es\/index.php\/2025\/07\/29\/la-remodelacion-de-las-fuentes-ornamentales-del-castillo-de-lorca-permitiran-hacerlas-mas-sostenibles-y-fomentar-la-reutilizacion-del-agua\/#primaryimage"},"thumbnailUrl":"https:\/\/arealorcaradio.es\/wp-content\/uploads\/2025\/07\/fuentes-castillo-2.jpeg","datePublished":"2025-07-29T16:11:41+00:00","author":{"@id":"https:\/\/arealorcaradio.es\/#\/schema\/person\/9fae605fc25b0f2c83c1ab207139bd27"},"breadcrumb":{"@id":"https:\/\/arealorcaradio.es\/index.php\/2025\/07\/29\/la-remodelacion-de-las-fuentes-ornamentales-del-castillo-de-lorca-permitiran-hacerlas-mas-sostenibles-y-fomentar-la-reutilizacion-del-agua\/#breadcrumb"},"inLanguage":"es","potentialAction":[{"@type":"ReadAction","target":["https:\/\/arealorcaradio.es\/index.php\/2025\/07\/29\/la-remodelacion-de-las-fuentes-ornamentales-del-castillo-de-lorca-permitiran-hacerlas-mas-sostenibles-y-fomentar-la-reutilizacion-del-agua\/"]}]},{"@type":"ImageObject","inLanguage":"es","@id":"https:\/\/arealorcaradio.es\/index.php\/2025\/07\/29\/la-remodelacion-de-las-fuentes-ornamentales-del-castillo-de-lorca-permitiran-hacerlas-mas-sostenibles-y-fomentar-la-reutilizacion-del-agua\/#primaryimage","url":"https:\/\/arealorcaradio.es\/wp-content\/uploads\/2025\/07\/fuentes-castillo-2.jpeg","contentUrl":"https:\/\/arealorcaradio.es\/wp-content\/uploads\/2025\/07\/fuentes-castillo-2.jpeg","width":2048,"height":1366},{"@type":"BreadcrumbList","@id":"https:\/\/arealorcaradio.es\/index.php\/2025\/07\/29\/la-remodelacion-de-las-fuentes-ornamentales-del-castillo-de-lorca-permitiran-hacerlas-mas-sostenibles-y-fomentar-la-reutilizacion-del-agua\/#breadcrumb","itemListElement":[{"@type":"ListItem","position":1,"name":"Portada","item":"https:\/\/arealorcaradio.es\/"},{"@type":"ListItem","position":2,"name":"La remodelaci\u00f3n de las fuentes ornamentales del Castillo de Lorca permitir\u00e1n hacerlas m\u00e1s sostenibles y fomentar la reutilizaci\u00f3n del agua"}]},{"@type":"WebSite","@id":"https:\/\/arealorcaradio.es\/#website","url":"https:\/\/arealorcaradio.es\/","name":"AREA LORCA RADIO","description":"Descubre la programaci\u00f3n actual en \u00c1rea Lorca Radio, tu fuente de entrenamiento y noticias locales. Sintoniza ahora y mantente conectado online.","potentialAction":[{"@type":"SearchAction","target":{"@type":"EntryPoint","urlTemplate":"https:\/\/arealorcaradio.es\/?s={search_term_string}"},"query-input":{"@type":"PropertyValueSpecification","valueRequired":true,"valueName":"search_term_string"}}],"inLanguage":"es"},{"@type":"Person","@id":"https:\/\/arealorcaradio.es\/#\/schema\/person\/9fae605fc25b0f2c83c1ab207139bd27","name":"Paco S\u00e1nchez","image":{"@type":"ImageObject","inLanguage":"es","@id":"https:\/\/secure.gravatar.com\/avatar\/d67144e966420fb74aa84c9f2a0103be4724fd14db52b52d3b6bca749f257e79?s=96&d=mm&r=g","url":"https:\/\/secure.gravatar.com\/avatar\/d67144e966420fb74aa84c9f2a0103be4724fd14db52b52d3b6bca749f257e79?s=96&d=mm&r=g","contentUrl":"https:\/\/secure.gravatar.com\/avatar\/d67144e966420fb74aa84c9f2a0103be4724fd14db52b52d3b6bca749f257e79?s=96&d=mm&r=g","caption":"Paco S\u00e1nchez"},"sameAs":["https:\/\/arealorcaradio.es"],"url":"https:\/\/arealorcaradio.es\/index.php\/author\/admin_alorcaradio\/"}]}},"_links":{"self":[{"href":"https:\/\/arealorcaradio.es\/index.php\/wp-json\/wp\/v2\/posts\/7521","targetHints":{"allow":["GET"]}}],"collection":[{"href":"https:\/\/arealorcaradio.es\/index.php\/wp-json\/wp\/v2\/posts"}],"about":[{"href":"https:\/\/arealorcaradio.es\/index.php\/wp-json\/wp\/v2\/types\/post"}],"author":[{"embeddable":true,"href":"https:\/\/arealorcaradio.es\/index.php\/wp-json\/wp\/v2\/users\/1"}],"replies":[{"embeddable":true,"href":"https:\/\/arealorcaradio.es\/index.php\/wp-json\/wp\/v2\/comments?post=7521"}],"version-history":[{"count":2,"href":"https:\/\/arealorcaradio.es\/index.php\/wp-json\/wp\/v2\/posts\/7521\/revisions"}],"predecessor-version":[{"id":7525,"href":"https:\/\/arealorcaradio.es\/index.php\/wp-json\/wp\/v2\/posts\/7521\/revisions\/7525"}],"wp:featuredmedia":[{"embeddable":true,"href":"https:\/\/arealorcaradio.es\/index.php\/wp-json\/wp\/v2\/media\/7522"}],"wp:attachment":[{"href":"https:\/\/arealorcaradio.es\/index.php\/wp-json\/wp\/v2\/media?parent=7521"}],"wp:term":[{"taxonomy":"category","embeddable":true,"href":"https:\/\/arealorcaradio.es\/index.php\/wp-json\/wp\/v2\/categories?post=7521"},{"taxonomy":"post_tag","embeddable":true,"href":"https:\/\/arealorcaradio.es\/index.php\/wp-json\/wp\/v2\/tags?post=7521"}],"curies":[{"name":"wp","href":"https:\/\/api.w.org\/{rel}","templated":true}]}}