{"id":7516,"date":"2025-07-29T16:08:00","date_gmt":"2025-07-29T16:08:00","guid":{"rendered":"https:\/\/arealorcaradio.es\/?p=7516"},"modified":"2025-07-29T16:08:00","modified_gmt":"2025-07-29T16:08:00","slug":"el-gobierno-de-lorca-continua-su-ofensiva-contra-las-infraviviendas-con-la-ejecucion-forzosa-de-seis-trasteros-reconvertidos-ilegalmente-en-el-barrio-de-san-cristobal","status":"publish","type":"post","link":"https:\/\/arealorcaradio.es\/index.php\/2025\/07\/29\/el-gobierno-de-lorca-continua-su-ofensiva-contra-las-infraviviendas-con-la-ejecucion-forzosa-de-seis-trasteros-reconvertidos-ilegalmente-en-el-barrio-de-san-cristobal\/","title":{"rendered":"El Gobierno de Lorca contin\u00faa su ofensiva contra las infraviviendas con la ejecuci\u00f3n forzosa de seis trasteros reconvertidos ilegalmente en el Barrio de San Crist\u00f3bal"},"content":{"rendered":"<p><strong>\u00c1REA LORCA RADIO. Control del Padr\u00f3n<\/strong><\/p>\n<p class=\"v1MsoNormal\"><b>29 de julio de 2025.<\/b>\u00a0El Gobierno de Lorca continua con su lucha contra las infraviviendas en nuestro municipio con nuevas actuaciones dirigidas a erradicar la proliferaci\u00f3n de espacios insalubres e ilegales destinados a viviendas, intensificando as\u00ed la labor llevada a cabo por el equipo de Gobierno para garantizar unas condiciones dignas de habitabilidad y restablecer la legalidad urban\u00edstica en Lorca.<\/p>\n<p class=\"v1MsoNormal\">As\u00ed lo ha anunciado este martes la concejal de Control del Padr\u00f3n, Bel\u00e9n P\u00e9rez, quien tambi\u00e9n ha informado de que, tras el anuncio realizado en mayo en el que se anunciaba que se hab\u00eda puesto en el \u00abdisparadero\u00bb a los propietarios de numerosos trasteros ubicados en azoteas de edificios reconvertidos en infraviviendas que incumpl\u00edan las m\u00ednimas condiciones de habitabilidad exigidas para inmuebles con un uso residencial, ya se han activado los mecanismos de ejecuci\u00f3n forzosa frente a los propietarios que han incumplido las \u00f3rdenes de demolici\u00f3n.<\/p>\n<p class=\"v1MsoNormal\"><img loading=\"lazy\" decoding=\"async\" class=\"alignnone size-medium wp-image-7517\" src=\"https:\/\/arealorcaradio.es\/wp-content\/uploads\/2025\/07\/UCP-300x225.jpeg\" alt=\"\" width=\"300\" height=\"225\" srcset=\"https:\/\/arealorcaradio.es\/wp-content\/uploads\/2025\/07\/UCP-300x225.jpeg 300w, https:\/\/arealorcaradio.es\/wp-content\/uploads\/2025\/07\/UCP-1024x768.jpeg 1024w, https:\/\/arealorcaradio.es\/wp-content\/uploads\/2025\/07\/UCP-768x576.jpeg 768w, https:\/\/arealorcaradio.es\/wp-content\/uploads\/2025\/07\/UCP-1536x1152.jpeg 1536w, https:\/\/arealorcaradio.es\/wp-content\/uploads\/2025\/07\/UCP-86x64.jpeg 86w, https:\/\/arealorcaradio.es\/wp-content\/uploads\/2025\/07\/UCP.jpeg 1600w\" sizes=\"auto, (max-width: 300px) 100vw, 300px\" \/><\/p>\n<p class=\"v1MsoNormal\">\u00abEn concreto, el pasado 16 de mayo la Junta de Gobierno Local acord\u00f3 iniciar este proceso contra seis trasteros reconvertidos ilegalmente en dos infraviviendas ubicadas en el barrio de San Crist\u00f3bal al conceder a los infractores un plazo de treinta d\u00edas para llevar a cabo dicha tarea de forma voluntaria y no hacerlo. Al no cumplir con la advertencia, el Ayuntamiento actuara de forma subsidiaria y a costa de los propietarios. Adem\u00e1s, al estar ocupadas, se solicitar\u00e1 la pertinente autorizaci\u00f3n judicial tanto para el desalojo como para llevar a cabo la demolici\u00f3n\u00bb, ha detallado la concejal.<\/p>\n<p class=\"v1MsoNormal\">Y ha a\u00f1adido que \u00abdel mismo modo, en la sesi\u00f3n del pasado viernes, se adopt\u00f3 tambi\u00e9n la misma medida respecto a un inmueble reconvertido en infraviviendas en la UA23, en la parcela que albergar\u00e1 el futuro Centro de Salud de San Crist\u00f3bal, tambi\u00e9n transformado ilegalmente en infravivienda y que actualmente dificulta el desarrollo del proyecto urban\u00edstico de la zona\u00bb.<\/p>\n<p class=\"v1MsoNormal\">La concejal de Control del Padr\u00f3n ha rese\u00f1ado que \u00abquer\u00edamos frenar el problema de la infravivienda en Lorca y lo estamos consiguiendo. Quer\u00edamos revertir el modelo de &#8216;ciudad dormitorio&#8217; y lo estamos haciendo. Estamos combatiendo el fraude en relaci\u00f3n al Padr\u00f3n como nunca antes se hab\u00eda hecho. Y por ese camino vamos a seguir. Hemos destrozado la tendencia que arrastraba el municipio y que tanto da\u00f1o estaba haciendo a Lorca\u00bb.<\/p>\n<p class=\"v1MsoNormal\">P\u00e9rez Mart\u00ednez, asimismo, ha puesto en valor el papel de la Unidad de Control del Padr\u00f3n, un servicio pionero desarrollado por el Gobierno de Lorca, y que est\u00e1 sirviendo de ejemplo para muchos otros municipios de toda Espa\u00f1a. \u00abDesde su puesta en marcha, la Unidad de Control del Padr\u00f3n no ha parado de dar resultados, y ese era el objetivo que nos planteamos, acercar el Registro de Habitantes a la realidad del municipio. Esta herramienta esta sirviendo para desenmascarar fraudes y abusos vinculados al empadronamiento y a la ocupaci\u00f3n irregular de viviendas\u00bb.<\/p>\n<p class=\"v1MsoNormal\">La edil de Control de Padr\u00f3n ha insistido en que, gracias al trabajo que se est\u00e1 realizando, se est\u00e1 revirtiendo el modelo de &#8216;ciudad dormitorio&#8217;, destacando que \u00abhemos acabado con la sensaci\u00f3n de impunidad que ten\u00edan los infractores, porque nosotros no vamos a mirar para otro lado. Al contrario, vamos a seguir actuando con determinaci\u00f3n. Ahora exigimos que el empadronamiento fraudulento sea tipificado como delito en el ordenamiento jur\u00eddico espa\u00f1ol. Es una cuesti\u00f3n de justicia y de dignidad para Lorca\u00bb. Por ello, estamos incrementando los medios humanos para perseguir y castigar a\u00fan con m\u00e1s rapidez a quienes hacinen a personas en viviendas. Las personas son lo primero, y no vamos a tolerar situaciones de explotaci\u00f3n ni de precariedad habitacional\u00bb.<\/p>\n<p class=\"v1MsoNormal\">Por \u00faltimo, ha animado a los lorquinos a seguir colaborando con el Ayuntamiento en esta lucha, recordando que contin\u00faa habilitado el canal de WhatsApp (608 87 72 04) para realizar comunicaciones an\u00f3nimas sobre irregularidades relacionadas con el Padr\u00f3n. \u00abGracias tambi\u00e9n a esta colaboraci\u00f3n ciudadana estamos llevando a cabo grandes avances, este trabajo conjunto de administraci\u00f3n y ciudadan\u00eda est\u00e1 dando sus frutos y nos ayuda a seguir construyendo la Lorca que todos queremos\u00bb.<\/p>\n","protected":false},"excerpt":{"rendered":"<p>\u00c1REA LORCA RADIO. Control del Padr\u00f3n 29 de julio de 2025.\u00a0El Gobierno de Lorca continua con su lucha contra las infraviviendas en nuestro municipio con nuevas actuaciones dirigidas a erradicar la proliferaci\u00f3n de espacios insalubres e ilegales destinados a viviendas, intensificando as\u00ed la labor llevada a cabo por el equipo de Gobierno para garantizar unas [&hellip;]<\/p>\n","protected":false},"author":1,"featured_media":7518,"comment_status":"open","ping_status":"open","sticky":false,"template":"","format":"standard","meta":{"iawp_total_views":12,"footnotes":""},"categories":[5,7],"tags":[],"class_list":["post-7516","post","type-post","status-publish","format-standard","has-post-thumbnail","hentry","category-actualidad","category-lorca"],"yoast_head":"<!-- This site is optimized with the Yoast SEO plugin v27.4 - https:\/\/yoast.com\/product\/yoast-seo-wordpress\/ -->\n<title>El Gobierno de Lorca contin\u00faa su ofensiva contra las infraviviendas con la ejecuci\u00f3n forzosa de seis trasteros reconvertidos ilegalmente en el Barrio de San Crist\u00f3bal - AREA LORCA RADIO<\/title>\n<meta name=\"robots\" content=\"index, follow, max-snippet:-1, max-image-preview:large, max-video-preview:-1\" \/>\n<link rel=\"canonical\" href=\"https:\/\/arealorcaradio.es\/index.php\/2025\/07\/29\/el-gobierno-de-lorca-continua-su-ofensiva-contra-las-infraviviendas-con-la-ejecucion-forzosa-de-seis-trasteros-reconvertidos-ilegalmente-en-el-barrio-de-san-cristobal\/\" \/>\n<meta property=\"og:locale\" content=\"es_ES\" \/>\n<meta property=\"og:type\" content=\"article\" \/>\n<meta property=\"og:title\" content=\"El Gobierno de Lorca contin\u00faa su ofensiva contra las infraviviendas con la ejecuci\u00f3n forzosa de seis trasteros reconvertidos ilegalmente en el Barrio de San Crist\u00f3bal - AREA LORCA RADIO\" \/>\n<meta property=\"og:description\" content=\"\u00c1REA LORCA RADIO. Control del Padr\u00f3n 29 de julio de 2025.\u00a0El Gobierno de Lorca continua con su lucha contra las infraviviendas en nuestro municipio con nuevas actuaciones dirigidas a erradicar la proliferaci\u00f3n de espacios insalubres e ilegales destinados a viviendas, intensificando as\u00ed la labor llevada a cabo por el equipo de Gobierno para garantizar unas [&hellip;]\" \/>\n<meta property=\"og:url\" content=\"https:\/\/arealorcaradio.es\/index.php\/2025\/07\/29\/el-gobierno-de-lorca-continua-su-ofensiva-contra-las-infraviviendas-con-la-ejecucion-forzosa-de-seis-trasteros-reconvertidos-ilegalmente-en-el-barrio-de-san-cristobal\/\" \/>\n<meta property=\"og:site_name\" content=\"AREA LORCA RADIO\" \/>\n<meta property=\"article:published_time\" content=\"2025-07-29T16:08:00+00:00\" \/>\n<meta property=\"og:image\" content=\"https:\/\/arealorcaradio.es\/wp-content\/uploads\/2025\/07\/foto1-1-1.jpeg\" \/>\n\t<meta property=\"og:image:width\" content=\"2048\" \/>\n\t<meta property=\"og:image:height\" content=\"1536\" \/>\n\t<meta property=\"og:image:type\" content=\"image\/jpeg\" \/>\n<meta name=\"author\" content=\"Paco S\u00e1nchez\" \/>\n<meta name=\"twitter:card\" content=\"summary_large_image\" \/>\n<meta name=\"twitter:label1\" content=\"Escrito por\" \/>\n\t<meta name=\"twitter:data1\" content=\"Paco S\u00e1nchez\" \/>\n\t<meta name=\"twitter:label2\" content=\"Tiempo de lectura\" \/>\n\t<meta name=\"twitter:data2\" content=\"4 minutos\" \/>\n<script type=\"application\/ld+json\" class=\"yoast-schema-graph\">{\"@context\":\"https:\\\/\\\/schema.org\",\"@graph\":[{\"@type\":\"Article\",\"@id\":\"https:\\\/\\\/arealorcaradio.es\\\/index.php\\\/2025\\\/07\\\/29\\\/el-gobierno-de-lorca-continua-su-ofensiva-contra-las-infraviviendas-con-la-ejecucion-forzosa-de-seis-trasteros-reconvertidos-ilegalmente-en-el-barrio-de-san-cristobal\\\/#article\",\"isPartOf\":{\"@id\":\"https:\\\/\\\/arealorcaradio.es\\\/index.php\\\/2025\\\/07\\\/29\\\/el-gobierno-de-lorca-continua-su-ofensiva-contra-las-infraviviendas-con-la-ejecucion-forzosa-de-seis-trasteros-reconvertidos-ilegalmente-en-el-barrio-de-san-cristobal\\\/\"},\"author\":{\"name\":\"Paco S\u00e1nchez\",\"@id\":\"https:\\\/\\\/arealorcaradio.es\\\/#\\\/schema\\\/person\\\/9fae605fc25b0f2c83c1ab207139bd27\"},\"headline\":\"El Gobierno de Lorca contin\u00faa su ofensiva contra las infraviviendas con la ejecuci\u00f3n forzosa de seis trasteros reconvertidos ilegalmente en el Barrio de San Crist\u00f3bal\",\"datePublished\":\"2025-07-29T16:08:00+00:00\",\"mainEntityOfPage\":{\"@id\":\"https:\\\/\\\/arealorcaradio.es\\\/index.php\\\/2025\\\/07\\\/29\\\/el-gobierno-de-lorca-continua-su-ofensiva-contra-las-infraviviendas-con-la-ejecucion-forzosa-de-seis-trasteros-reconvertidos-ilegalmente-en-el-barrio-de-san-cristobal\\\/\"},\"wordCount\":736,\"commentCount\":0,\"image\":{\"@id\":\"https:\\\/\\\/arealorcaradio.es\\\/index.php\\\/2025\\\/07\\\/29\\\/el-gobierno-de-lorca-continua-su-ofensiva-contra-las-infraviviendas-con-la-ejecucion-forzosa-de-seis-trasteros-reconvertidos-ilegalmente-en-el-barrio-de-san-cristobal\\\/#primaryimage\"},\"thumbnailUrl\":\"https:\\\/\\\/arealorcaradio.es\\\/wp-content\\\/uploads\\\/2025\\\/07\\\/foto1-1-1.jpeg\",\"articleSection\":[\"ACTUALIDAD\",\"LORCA\"],\"inLanguage\":\"es\",\"potentialAction\":[{\"@type\":\"CommentAction\",\"name\":\"Comment\",\"target\":[\"https:\\\/\\\/arealorcaradio.es\\\/index.php\\\/2025\\\/07\\\/29\\\/el-gobierno-de-lorca-continua-su-ofensiva-contra-las-infraviviendas-con-la-ejecucion-forzosa-de-seis-trasteros-reconvertidos-ilegalmente-en-el-barrio-de-san-cristobal\\\/#respond\"]}]},{\"@type\":\"WebPage\",\"@id\":\"https:\\\/\\\/arealorcaradio.es\\\/index.php\\\/2025\\\/07\\\/29\\\/el-gobierno-de-lorca-continua-su-ofensiva-contra-las-infraviviendas-con-la-ejecucion-forzosa-de-seis-trasteros-reconvertidos-ilegalmente-en-el-barrio-de-san-cristobal\\\/\",\"url\":\"https:\\\/\\\/arealorcaradio.es\\\/index.php\\\/2025\\\/07\\\/29\\\/el-gobierno-de-lorca-continua-su-ofensiva-contra-las-infraviviendas-con-la-ejecucion-forzosa-de-seis-trasteros-reconvertidos-ilegalmente-en-el-barrio-de-san-cristobal\\\/\",\"name\":\"El Gobierno de Lorca contin\u00faa su ofensiva contra las infraviviendas con la ejecuci\u00f3n forzosa de seis trasteros reconvertidos ilegalmente en el Barrio de San Crist\u00f3bal - AREA LORCA RADIO\",\"isPartOf\":{\"@id\":\"https:\\\/\\\/arealorcaradio.es\\\/#website\"},\"primaryImageOfPage\":{\"@id\":\"https:\\\/\\\/arealorcaradio.es\\\/index.php\\\/2025\\\/07\\\/29\\\/el-gobierno-de-lorca-continua-su-ofensiva-contra-las-infraviviendas-con-la-ejecucion-forzosa-de-seis-trasteros-reconvertidos-ilegalmente-en-el-barrio-de-san-cristobal\\\/#primaryimage\"},\"image\":{\"@id\":\"https:\\\/\\\/arealorcaradio.es\\\/index.php\\\/2025\\\/07\\\/29\\\/el-gobierno-de-lorca-continua-su-ofensiva-contra-las-infraviviendas-con-la-ejecucion-forzosa-de-seis-trasteros-reconvertidos-ilegalmente-en-el-barrio-de-san-cristobal\\\/#primaryimage\"},\"thumbnailUrl\":\"https:\\\/\\\/arealorcaradio.es\\\/wp-content\\\/uploads\\\/2025\\\/07\\\/foto1-1-1.jpeg\",\"datePublished\":\"2025-07-29T16:08:00+00:00\",\"author\":{\"@id\":\"https:\\\/\\\/arealorcaradio.es\\\/#\\\/schema\\\/person\\\/9fae605fc25b0f2c83c1ab207139bd27\"},\"breadcrumb\":{\"@id\":\"https:\\\/\\\/arealorcaradio.es\\\/index.php\\\/2025\\\/07\\\/29\\\/el-gobierno-de-lorca-continua-su-ofensiva-contra-las-infraviviendas-con-la-ejecucion-forzosa-de-seis-trasteros-reconvertidos-ilegalmente-en-el-barrio-de-san-cristobal\\\/#breadcrumb\"},\"inLanguage\":\"es\",\"potentialAction\":[{\"@type\":\"ReadAction\",\"target\":[\"https:\\\/\\\/arealorcaradio.es\\\/index.php\\\/2025\\\/07\\\/29\\\/el-gobierno-de-lorca-continua-su-ofensiva-contra-las-infraviviendas-con-la-ejecucion-forzosa-de-seis-trasteros-reconvertidos-ilegalmente-en-el-barrio-de-san-cristobal\\\/\"]}]},{\"@type\":\"ImageObject\",\"inLanguage\":\"es\",\"@id\":\"https:\\\/\\\/arealorcaradio.es\\\/index.php\\\/2025\\\/07\\\/29\\\/el-gobierno-de-lorca-continua-su-ofensiva-contra-las-infraviviendas-con-la-ejecucion-forzosa-de-seis-trasteros-reconvertidos-ilegalmente-en-el-barrio-de-san-cristobal\\\/#primaryimage\",\"url\":\"https:\\\/\\\/arealorcaradio.es\\\/wp-content\\\/uploads\\\/2025\\\/07\\\/foto1-1-1.jpeg\",\"contentUrl\":\"https:\\\/\\\/arealorcaradio.es\\\/wp-content\\\/uploads\\\/2025\\\/07\\\/foto1-1-1.jpeg\",\"width\":2048,\"height\":1536},{\"@type\":\"BreadcrumbList\",\"@id\":\"https:\\\/\\\/arealorcaradio.es\\\/index.php\\\/2025\\\/07\\\/29\\\/el-gobierno-de-lorca-continua-su-ofensiva-contra-las-infraviviendas-con-la-ejecucion-forzosa-de-seis-trasteros-reconvertidos-ilegalmente-en-el-barrio-de-san-cristobal\\\/#breadcrumb\",\"itemListElement\":[{\"@type\":\"ListItem\",\"position\":1,\"name\":\"Portada\",\"item\":\"https:\\\/\\\/arealorcaradio.es\\\/\"},{\"@type\":\"ListItem\",\"position\":2,\"name\":\"El Gobierno de Lorca contin\u00faa su ofensiva contra las infraviviendas con la ejecuci\u00f3n forzosa de seis trasteros reconvertidos ilegalmente en el Barrio de San Crist\u00f3bal\"}]},{\"@type\":\"WebSite\",\"@id\":\"https:\\\/\\\/arealorcaradio.es\\\/#website\",\"url\":\"https:\\\/\\\/arealorcaradio.es\\\/\",\"name\":\"AREA LORCA RADIO\",\"description\":\"Descubre la programaci\u00f3n actual en \u00c1rea Lorca Radio, tu fuente de entrenamiento y noticias locales. Sintoniza ahora y mantente conectado online.\",\"potentialAction\":[{\"@type\":\"SearchAction\",\"target\":{\"@type\":\"EntryPoint\",\"urlTemplate\":\"https:\\\/\\\/arealorcaradio.es\\\/?s={search_term_string}\"},\"query-input\":{\"@type\":\"PropertyValueSpecification\",\"valueRequired\":true,\"valueName\":\"search_term_string\"}}],\"inLanguage\":\"es\"},{\"@type\":\"Person\",\"@id\":\"https:\\\/\\\/arealorcaradio.es\\\/#\\\/schema\\\/person\\\/9fae605fc25b0f2c83c1ab207139bd27\",\"name\":\"Paco S\u00e1nchez\",\"image\":{\"@type\":\"ImageObject\",\"inLanguage\":\"es\",\"@id\":\"https:\\\/\\\/secure.gravatar.com\\\/avatar\\\/d67144e966420fb74aa84c9f2a0103be4724fd14db52b52d3b6bca749f257e79?s=96&d=mm&r=g\",\"url\":\"https:\\\/\\\/secure.gravatar.com\\\/avatar\\\/d67144e966420fb74aa84c9f2a0103be4724fd14db52b52d3b6bca749f257e79?s=96&d=mm&r=g\",\"contentUrl\":\"https:\\\/\\\/secure.gravatar.com\\\/avatar\\\/d67144e966420fb74aa84c9f2a0103be4724fd14db52b52d3b6bca749f257e79?s=96&d=mm&r=g\",\"caption\":\"Paco S\u00e1nchez\"},\"sameAs\":[\"https:\\\/\\\/arealorcaradio.es\"],\"url\":\"https:\\\/\\\/arealorcaradio.es\\\/index.php\\\/author\\\/admin_alorcaradio\\\/\"}]}<\/script>\n<!-- \/ Yoast SEO plugin. -->","yoast_head_json":{"title":"El Gobierno de Lorca contin\u00faa su ofensiva contra las infraviviendas con la ejecuci\u00f3n forzosa de seis trasteros reconvertidos ilegalmente en el Barrio de San Crist\u00f3bal - AREA LORCA RADIO","robots":{"index":"index","follow":"follow","max-snippet":"max-snippet:-1","max-image-preview":"max-image-preview:large","max-video-preview":"max-video-preview:-1"},"canonical":"https:\/\/arealorcaradio.es\/index.php\/2025\/07\/29\/el-gobierno-de-lorca-continua-su-ofensiva-contra-las-infraviviendas-con-la-ejecucion-forzosa-de-seis-trasteros-reconvertidos-ilegalmente-en-el-barrio-de-san-cristobal\/","og_locale":"es_ES","og_type":"article","og_title":"El Gobierno de Lorca contin\u00faa su ofensiva contra las infraviviendas con la ejecuci\u00f3n forzosa de seis trasteros reconvertidos ilegalmente en el Barrio de San Crist\u00f3bal - AREA LORCA RADIO","og_description":"\u00c1REA LORCA RADIO. Control del Padr\u00f3n 29 de julio de 2025.\u00a0El Gobierno de Lorca continua con su lucha contra las infraviviendas en nuestro municipio con nuevas actuaciones dirigidas a erradicar la proliferaci\u00f3n de espacios insalubres e ilegales destinados a viviendas, intensificando as\u00ed la labor llevada a cabo por el equipo de Gobierno para garantizar unas [&hellip;]","og_url":"https:\/\/arealorcaradio.es\/index.php\/2025\/07\/29\/el-gobierno-de-lorca-continua-su-ofensiva-contra-las-infraviviendas-con-la-ejecucion-forzosa-de-seis-trasteros-reconvertidos-ilegalmente-en-el-barrio-de-san-cristobal\/","og_site_name":"AREA LORCA RADIO","article_published_time":"2025-07-29T16:08:00+00:00","og_image":[{"width":2048,"height":1536,"url":"https:\/\/arealorcaradio.es\/wp-content\/uploads\/2025\/07\/foto1-1-1.jpeg","type":"image\/jpeg"}],"author":"Paco S\u00e1nchez","twitter_card":"summary_large_image","twitter_misc":{"Escrito por":"Paco S\u00e1nchez","Tiempo de lectura":"4 minutos"},"schema":{"@context":"https:\/\/schema.org","@graph":[{"@type":"Article","@id":"https:\/\/arealorcaradio.es\/index.php\/2025\/07\/29\/el-gobierno-de-lorca-continua-su-ofensiva-contra-las-infraviviendas-con-la-ejecucion-forzosa-de-seis-trasteros-reconvertidos-ilegalmente-en-el-barrio-de-san-cristobal\/#article","isPartOf":{"@id":"https:\/\/arealorcaradio.es\/index.php\/2025\/07\/29\/el-gobierno-de-lorca-continua-su-ofensiva-contra-las-infraviviendas-con-la-ejecucion-forzosa-de-seis-trasteros-reconvertidos-ilegalmente-en-el-barrio-de-san-cristobal\/"},"author":{"name":"Paco S\u00e1nchez","@id":"https:\/\/arealorcaradio.es\/#\/schema\/person\/9fae605fc25b0f2c83c1ab207139bd27"},"headline":"El Gobierno de Lorca contin\u00faa su ofensiva contra las infraviviendas con la ejecuci\u00f3n forzosa de seis trasteros reconvertidos ilegalmente en el Barrio de San Crist\u00f3bal","datePublished":"2025-07-29T16:08:00+00:00","mainEntityOfPage":{"@id":"https:\/\/arealorcaradio.es\/index.php\/2025\/07\/29\/el-gobierno-de-lorca-continua-su-ofensiva-contra-las-infraviviendas-con-la-ejecucion-forzosa-de-seis-trasteros-reconvertidos-ilegalmente-en-el-barrio-de-san-cristobal\/"},"wordCount":736,"commentCount":0,"image":{"@id":"https:\/\/arealorcaradio.es\/index.php\/2025\/07\/29\/el-gobierno-de-lorca-continua-su-ofensiva-contra-las-infraviviendas-con-la-ejecucion-forzosa-de-seis-trasteros-reconvertidos-ilegalmente-en-el-barrio-de-san-cristobal\/#primaryimage"},"thumbnailUrl":"https:\/\/arealorcaradio.es\/wp-content\/uploads\/2025\/07\/foto1-1-1.jpeg","articleSection":["ACTUALIDAD","LORCA"],"inLanguage":"es","potentialAction":[{"@type":"CommentAction","name":"Comment","target":["https:\/\/arealorcaradio.es\/index.php\/2025\/07\/29\/el-gobierno-de-lorca-continua-su-ofensiva-contra-las-infraviviendas-con-la-ejecucion-forzosa-de-seis-trasteros-reconvertidos-ilegalmente-en-el-barrio-de-san-cristobal\/#respond"]}]},{"@type":"WebPage","@id":"https:\/\/arealorcaradio.es\/index.php\/2025\/07\/29\/el-gobierno-de-lorca-continua-su-ofensiva-contra-las-infraviviendas-con-la-ejecucion-forzosa-de-seis-trasteros-reconvertidos-ilegalmente-en-el-barrio-de-san-cristobal\/","url":"https:\/\/arealorcaradio.es\/index.php\/2025\/07\/29\/el-gobierno-de-lorca-continua-su-ofensiva-contra-las-infraviviendas-con-la-ejecucion-forzosa-de-seis-trasteros-reconvertidos-ilegalmente-en-el-barrio-de-san-cristobal\/","name":"El Gobierno de Lorca contin\u00faa su ofensiva contra las infraviviendas con la ejecuci\u00f3n forzosa de seis trasteros reconvertidos ilegalmente en el Barrio de San Crist\u00f3bal - AREA LORCA RADIO","isPartOf":{"@id":"https:\/\/arealorcaradio.es\/#website"},"primaryImageOfPage":{"@id":"https:\/\/arealorcaradio.es\/index.php\/2025\/07\/29\/el-gobierno-de-lorca-continua-su-ofensiva-contra-las-infraviviendas-con-la-ejecucion-forzosa-de-seis-trasteros-reconvertidos-ilegalmente-en-el-barrio-de-san-cristobal\/#primaryimage"},"image":{"@id":"https:\/\/arealorcaradio.es\/index.php\/2025\/07\/29\/el-gobierno-de-lorca-continua-su-ofensiva-contra-las-infraviviendas-con-la-ejecucion-forzosa-de-seis-trasteros-reconvertidos-ilegalmente-en-el-barrio-de-san-cristobal\/#primaryimage"},"thumbnailUrl":"https:\/\/arealorcaradio.es\/wp-content\/uploads\/2025\/07\/foto1-1-1.jpeg","datePublished":"2025-07-29T16:08:00+00:00","author":{"@id":"https:\/\/arealorcaradio.es\/#\/schema\/person\/9fae605fc25b0f2c83c1ab207139bd27"},"breadcrumb":{"@id":"https:\/\/arealorcaradio.es\/index.php\/2025\/07\/29\/el-gobierno-de-lorca-continua-su-ofensiva-contra-las-infraviviendas-con-la-ejecucion-forzosa-de-seis-trasteros-reconvertidos-ilegalmente-en-el-barrio-de-san-cristobal\/#breadcrumb"},"inLanguage":"es","potentialAction":[{"@type":"ReadAction","target":["https:\/\/arealorcaradio.es\/index.php\/2025\/07\/29\/el-gobierno-de-lorca-continua-su-ofensiva-contra-las-infraviviendas-con-la-ejecucion-forzosa-de-seis-trasteros-reconvertidos-ilegalmente-en-el-barrio-de-san-cristobal\/"]}]},{"@type":"ImageObject","inLanguage":"es","@id":"https:\/\/arealorcaradio.es\/index.php\/2025\/07\/29\/el-gobierno-de-lorca-continua-su-ofensiva-contra-las-infraviviendas-con-la-ejecucion-forzosa-de-seis-trasteros-reconvertidos-ilegalmente-en-el-barrio-de-san-cristobal\/#primaryimage","url":"https:\/\/arealorcaradio.es\/wp-content\/uploads\/2025\/07\/foto1-1-1.jpeg","contentUrl":"https:\/\/arealorcaradio.es\/wp-content\/uploads\/2025\/07\/foto1-1-1.jpeg","width":2048,"height":1536},{"@type":"BreadcrumbList","@id":"https:\/\/arealorcaradio.es\/index.php\/2025\/07\/29\/el-gobierno-de-lorca-continua-su-ofensiva-contra-las-infraviviendas-con-la-ejecucion-forzosa-de-seis-trasteros-reconvertidos-ilegalmente-en-el-barrio-de-san-cristobal\/#breadcrumb","itemListElement":[{"@type":"ListItem","position":1,"name":"Portada","item":"https:\/\/arealorcaradio.es\/"},{"@type":"ListItem","position":2,"name":"El Gobierno de Lorca contin\u00faa su ofensiva contra las infraviviendas con la ejecuci\u00f3n forzosa de seis trasteros reconvertidos ilegalmente en el Barrio de San Crist\u00f3bal"}]},{"@type":"WebSite","@id":"https:\/\/arealorcaradio.es\/#website","url":"https:\/\/arealorcaradio.es\/","name":"AREA LORCA RADIO","description":"Descubre la programaci\u00f3n actual en \u00c1rea Lorca Radio, tu fuente de entrenamiento y noticias locales. Sintoniza ahora y mantente conectado online.","potentialAction":[{"@type":"SearchAction","target":{"@type":"EntryPoint","urlTemplate":"https:\/\/arealorcaradio.es\/?s={search_term_string}"},"query-input":{"@type":"PropertyValueSpecification","valueRequired":true,"valueName":"search_term_string"}}],"inLanguage":"es"},{"@type":"Person","@id":"https:\/\/arealorcaradio.es\/#\/schema\/person\/9fae605fc25b0f2c83c1ab207139bd27","name":"Paco S\u00e1nchez","image":{"@type":"ImageObject","inLanguage":"es","@id":"https:\/\/secure.gravatar.com\/avatar\/d67144e966420fb74aa84c9f2a0103be4724fd14db52b52d3b6bca749f257e79?s=96&d=mm&r=g","url":"https:\/\/secure.gravatar.com\/avatar\/d67144e966420fb74aa84c9f2a0103be4724fd14db52b52d3b6bca749f257e79?s=96&d=mm&r=g","contentUrl":"https:\/\/secure.gravatar.com\/avatar\/d67144e966420fb74aa84c9f2a0103be4724fd14db52b52d3b6bca749f257e79?s=96&d=mm&r=g","caption":"Paco S\u00e1nchez"},"sameAs":["https:\/\/arealorcaradio.es"],"url":"https:\/\/arealorcaradio.es\/index.php\/author\/admin_alorcaradio\/"}]}},"_links":{"self":[{"href":"https:\/\/arealorcaradio.es\/index.php\/wp-json\/wp\/v2\/posts\/7516","targetHints":{"allow":["GET"]}}],"collection":[{"href":"https:\/\/arealorcaradio.es\/index.php\/wp-json\/wp\/v2\/posts"}],"about":[{"href":"https:\/\/arealorcaradio.es\/index.php\/wp-json\/wp\/v2\/types\/post"}],"author":[{"embeddable":true,"href":"https:\/\/arealorcaradio.es\/index.php\/wp-json\/wp\/v2\/users\/1"}],"replies":[{"embeddable":true,"href":"https:\/\/arealorcaradio.es\/index.php\/wp-json\/wp\/v2\/comments?post=7516"}],"version-history":[{"count":1,"href":"https:\/\/arealorcaradio.es\/index.php\/wp-json\/wp\/v2\/posts\/7516\/revisions"}],"predecessor-version":[{"id":7519,"href":"https:\/\/arealorcaradio.es\/index.php\/wp-json\/wp\/v2\/posts\/7516\/revisions\/7519"}],"wp:featuredmedia":[{"embeddable":true,"href":"https:\/\/arealorcaradio.es\/index.php\/wp-json\/wp\/v2\/media\/7518"}],"wp:attachment":[{"href":"https:\/\/arealorcaradio.es\/index.php\/wp-json\/wp\/v2\/media?parent=7516"}],"wp:term":[{"taxonomy":"category","embeddable":true,"href":"https:\/\/arealorcaradio.es\/index.php\/wp-json\/wp\/v2\/categories?post=7516"},{"taxonomy":"post_tag","embeddable":true,"href":"https:\/\/arealorcaradio.es\/index.php\/wp-json\/wp\/v2\/tags?post=7516"}],"curies":[{"name":"wp","href":"https:\/\/api.w.org\/{rel}","templated":true}]}}