{"id":7505,"date":"2025-07-29T10:51:54","date_gmt":"2025-07-29T10:51:54","guid":{"rendered":"https:\/\/arealorcaradio.es\/?p=7505"},"modified":"2025-07-29T16:00:10","modified_gmt":"2025-07-29T16:00:10","slug":"el-ayuntamiento-amonesta-a-dos-concejales-del-grupo-socialista-tras-ser-sorprendidos-manipulando-el-sistema-de-sonido-del-salon-de-plenos-en-el-transcurso-de-las-sesiones","status":"publish","type":"post","link":"https:\/\/arealorcaradio.es\/index.php\/2025\/07\/29\/el-ayuntamiento-amonesta-a-dos-concejales-del-grupo-socialista-tras-ser-sorprendidos-manipulando-el-sistema-de-sonido-del-salon-de-plenos-en-el-transcurso-de-las-sesiones\/","title":{"rendered":"El Ayuntamiento amonesta a dos concejales del grupo socialista tras ser sorprendidos manipulando el sistema de sonido del sal\u00f3n de plenos en el transcurso de las sesiones"},"content":{"rendered":"<p><strong>\u00c1REA LORCA RADIO. Municipal.<\/strong><\/p>\n<p class=\"v1MsoNormal\"><b><u>29 de julio de 2025<\/u><\/b>. El alcalde de Lorca, Fulgencio Gil, se ha visto en la obligaci\u00f3n de convocar esta misma ma\u00f1ana una reuni\u00f3n de la Junta de Portavoces de los grupos pol\u00edticos con representaci\u00f3n en el Ayuntamiento al objeto \u00fanico de dar cuenta de las incidencias que se han venido detectando en el transcurso de las sesiones plenarias que con car\u00e1cter ordinario se celebran mensualmente en el Consistorio Municipal.<\/p>\n<p class=\"v1MsoNormal\">La portavoz del Gobierno de Lorca, Rosa Mar\u00eda Medina, ha explicado que desde hace varios meses parec\u00eda que el sistema de sonido de la sala de plenos presentaba errores de funcionamiento, unos fallos que se hab\u00edan convertido en hechos recurrentes y habituales, y que incluso hab\u00edan motivado que se procediera a solicitar varios presupuestos para su sustituci\u00f3n.<\/p>\n<p><strong>Declaraciones de Rosa Medina.<\/strong><\/p>\n<audio class=\"wp-audio-shortcode\" id=\"audio-7505-1\" preload=\"none\" style=\"width: 100%;\" controls=\"controls\"><source type=\"audio\/mpeg\" src=\"https:\/\/arealorcaradio.es\/wp-content\/uploads\/2025\/07\/290725-ROSA-MEDINA.-ECHOS-PLENO.mp3?_=1\" \/><a href=\"https:\/\/arealorcaradio.es\/wp-content\/uploads\/2025\/07\/290725-ROSA-MEDINA.-ECHOS-PLENO.mp3\">https:\/\/arealorcaradio.es\/wp-content\/uploads\/2025\/07\/290725-ROSA-MEDINA.-ECHOS-PLENO.mp3<\/a><\/audio>\n<p class=\"v1MsoNormal\">Con el objetivo de subsanar esas hipot\u00e9ticas deficiencias de funcionamiento, incluso se lleg\u00f3 a solicitar la presencia de t\u00e9cnicos de sonido, en cuyas visitas se constataba repetidamente que el circuito, en principio, no presentaba problemas y funcionaba sin interferencias ni fallos.<\/p>\n<p class=\"v1MsoNormal\">Habida cuenta de la situaci\u00f3n, desde el Ayuntamiento se ha procedido a revisar las grabaciones originales de las sesiones plenarias m\u00e1s recientes, con el objetivo de tratar de concretar qu\u00e9 estaba ocurriendo y cu\u00e1l era el origen de estas incidencias, que en un primer momento se atribu\u00edan a problemas meramente t\u00e9cnicos y propios del sistema de sonido. El detonante de esta \u00faltima revisi\u00f3n fueron los hechos acontecidos en el pleno de junio, en el que el Sr Ruiz Guill\u00e9n insult\u00f3 personalmente a Antonio David S\u00e1nchez, concejal de Talento Joven, por que le recrimin\u00f3 su comportamiento.<\/p>\n<p class=\"v1MsoNormal\"><img loading=\"lazy\" decoding=\"async\" class=\"alignnone size-medium wp-image-7508\" src=\"https:\/\/arealorcaradio.es\/wp-content\/uploads\/2025\/07\/SONIDO-PLENO-3-300x200.jpeg\" alt=\"\" width=\"300\" height=\"200\" srcset=\"https:\/\/arealorcaradio.es\/wp-content\/uploads\/2025\/07\/SONIDO-PLENO-3-300x200.jpeg 300w, https:\/\/arealorcaradio.es\/wp-content\/uploads\/2025\/07\/SONIDO-PLENO-3-1024x682.jpeg 1024w, https:\/\/arealorcaradio.es\/wp-content\/uploads\/2025\/07\/SONIDO-PLENO-3-768x512.jpeg 768w, https:\/\/arealorcaradio.es\/wp-content\/uploads\/2025\/07\/SONIDO-PLENO-3-1536x1023.jpeg 1536w, https:\/\/arealorcaradio.es\/wp-content\/uploads\/2025\/07\/SONIDO-PLENO-3.jpeg 1600w\" sizes=\"auto, (max-width: 300px) 100vw, 300px\" \/><\/p>\n<p class=\"v1MsoNormal\">Una vez revisada la grabaci\u00f3n de las c\u00e1maras que captaron el pleno ordinario correspondiente al mes de junio, se ha podido constatar que los t\u00e9cnicos que han estado chequeando el sistema de sonido estaban en lo cierto, ya que funciona correctamente. Lo sorprendente de esta cuesti\u00f3n ha sido que las im\u00e1genes de los momentos en los que se registran los problemas de sonido han indicado que los fallos los estaban provocando de forma intencionada dos concejales del grupo municipal socialista, quienes pulsaban repetidamente los botones de sus micr\u00f3fonos para interferir y bloquear las intervenciones de otros miembros de la corporaci\u00f3n municipal.<\/p>\n<p class=\"v1MsoNormal\">Las im\u00e1genes recogen c\u00f3mo los miembros del grupo socialista se coordinan entre s\u00ed con mensajes e indicaciones directas en el propio sal\u00f3n de plenos para alternarse en la realizaci\u00f3n de estas interferencias. Todo ello con el \u00abtriste\u00bb fin de alterar el normal desarrollo de los plenos y tratar de entorpecer la intervenci\u00f3n de otros concejales.<\/p>\n<p class=\"v1MsoNormal\">Se trata de un asunto grave. Estamos hablando de una actitud que jam\u00e1s hab\u00edamos visto en este Ayuntamiento, que obliga a la actual portavoz del Grupo Socialista, la Sra. Casalduero, a tomar cartas en el asunto y asumir responsabilidades. Debe ofrecer explicaciones e informar de las medidas disciplinarias que va a imponer ante estos hechos, porque esto no puede quedar as\u00ed, ya que los lorquinos merecen que en el pleno del Ayuntamiento se sienten a debatir representantes pol\u00edticos capaces de mantener las formas y respetar a sus propios compa\u00f1eros. Estas actitudes no caben en democracia.<\/p>\n<p class=\"v1MsoNormal\">Rosa Medina ha lamentado que \u00abpara esto se han quedado algunos, para protagonizar triqui\u00f1uelas inmaduras y rid\u00edculas. Resulta grotesco que incluso cuando se les ha \u00abpillado\u00bb, como ocurri\u00f3 en el pleno de junio, respondieran negando la mayor e insultando a un miembro del equipo de gobierno. Una vez confirmados los hechos, y siendo innegable su autor\u00eda, lo primero que tienen que hacer es pedir perd\u00f3n personalmente a quienes han insultado y boicoteado provocando interferencias en el pleno, y paralelamente presentar disculpas p\u00fablicas a todos los lorquinos, por su actitud pueril e irresponsable, Los plenos exigen seriedad y compostura, ofreciendo nivel y muestras de compromiso con el debido respeto institucional. Esperamos que, si otros concejales eran conocedores de estos hechos o actuaban en connivencia, tambi\u00e9n tengan la deferencia de pedir disculpas\u00bb.<\/p>\n<p class=\"v1MsoNormal\">Carmen Mendui\u00f1a, primera teniente de alcalde, directamente afectada por estas pr\u00e1cticas, ha manifestado que \u00abdurante los \u00faltimos plenos hemos comprobado c\u00f3mo los concejales del PSOE se confabulan para sabotear mis intervenciones pulsando sus botones de micr\u00f3fono, generando zumbidos artificiales que distorsionan mi voz. Esto no es un error t\u00e9cnico, sino una t\u00e1ctica deliberada, burda y cobarde para silenciar a VOX en el Pleno municipal.\u00bb<\/p>\n<p><strong>Declaraciones de Carmen Mendui\u00f1a.<\/strong><\/p>\n<audio class=\"wp-audio-shortcode\" id=\"audio-7505-2\" preload=\"none\" style=\"width: 100%;\" controls=\"controls\"><source type=\"audio\/mpeg\" src=\"https:\/\/arealorcaradio.es\/wp-content\/uploads\/2025\/07\/290725-CARMEN-MENDUINA.-ECHOS-PLENO.mp3?_=2\" \/><a href=\"https:\/\/arealorcaradio.es\/wp-content\/uploads\/2025\/07\/290725-CARMEN-MENDUINA.-ECHOS-PLENO.mp3\">https:\/\/arealorcaradio.es\/wp-content\/uploads\/2025\/07\/290725-CARMEN-MENDUINA.-ECHOS-PLENO.mp3<\/a><\/audio>\n<p class=\"v1MsoNormal\">\u00abAqu\u00ed hay dos opciones: o Isabel Casalduero no tiene ninguna autoridad sobre su grupo, o directamente participa en esta maniobra infantil. En ambos casos, el PSOE demuestra que ya no es un partido serio, sino una caricatura. Si no piden disculpas y prometen no volver a hacerlo, quedar\u00e1 a\u00fan m\u00e1s claro que es un partido en descomposici\u00f3n tanto ideol\u00f3gica como moral. Lo que les molesta no es el micr\u00f3fono, sino el mensaje. Les molesta que digamos las verdades inc\u00f3modas sobre la inseguridad, sobre el despilfarro o sobre la imposici\u00f3n ideol\u00f3gica, ha subrayado Mendui\u00f1a.<\/p>\n<p class=\"v1MsoNormal\">En la Junta de Portavoces de esta ma\u00f1ana, en la que se ha dado cuenta a los grupos pol\u00edticos de estos hechos, se les han trasladado las im\u00e1genes referidas para que tengan cumplida constancia de estas acciones.<\/p>\n<p>&nbsp;<\/p>\n<p><strong>Respuesta del Grupo Municipal Socialista en el Ayuntamiento de Lorca<\/strong><\/p>\n<p class=\"v1MsoNormal\">El viceportavoz del PSOE en el Ayuntamiento de Lorca, Jos\u00e9 \u00c1ngel Ponce acompa\u00f1ado de los concejales Jos\u00e9 Luis Ruiz Guill\u00e9n e Irene J\u00f3dar, ha comparecido en rueda de prensa para denunciar \u00abla pel\u00edcula\u00bb protagonizada por el Partido Popular y Vox a ra\u00edz de su convocatoria urgente de prensa. Ponce asegura que esta maniobra pol\u00edtica obedece al plan de Fulgencio Gil de montar pol\u00e9micas para \u00abtapar descaradamente su falta de gesti\u00f3n y su falta de respuesta a los verdaderos problemas de los lorquinos\u00bb.<\/p>\n<p><strong>Declaraciones de Jos\u00e9 \u00c1ngel Ponce.<\/strong><\/p>\n<audio class=\"wp-audio-shortcode\" id=\"audio-7505-3\" preload=\"none\" style=\"width: 100%;\" controls=\"controls\"><source type=\"audio\/mpeg\" src=\"https:\/\/arealorcaradio.es\/wp-content\/uploads\/2025\/07\/290725-JOSE-ANGEL-PONCE.-RESPUESTA-SUCEDIDO-PLENO.mp3?_=3\" \/><a href=\"https:\/\/arealorcaradio.es\/wp-content\/uploads\/2025\/07\/290725-JOSE-ANGEL-PONCE.-RESPUESTA-SUCEDIDO-PLENO.mp3\">https:\/\/arealorcaradio.es\/wp-content\/uploads\/2025\/07\/290725-JOSE-ANGEL-PONCE.-RESPUESTA-SUCEDIDO-PLENO.mp3<\/a><\/audio>\n<p class=\"v1MsoNormal\">Ponce ha asegurado que \u00aba juzgar por la urgencia con la que han convocado a los medios, pens\u00e1bamos que hablar\u00edan del colapso de las urgencias de Rafael M\u00e9ndez de Lorca, de la listas de esperas de sanidad que siguen disparadas, de la falta de limpieza en las calles de Lorca llenas de mugre o de cu\u00e1ndo tienen pensado bajar el IBI el 25% que prometieron. Sin embargo, los problemas urgentes para estos concejales es que dicen que se les apagan los micr\u00f3fonos cuando hablan en un pleno\u00bb.<\/p>\n<p class=\"v1MsoNormal\">De verdad, \u00bfno tienen nada que hacer? \u00bfDe verdad piensan que todo su trabajo est\u00e1 hecho como para perder el tiempo de esta manera? \u00bfCreen de verdad que los lorquinos son ignorantes? Es bochornoso que tres concejales de un ayuntamiento se inventen esa cantidad de sandeces y pel\u00edculas para tapar que son el gobierno m\u00e1s in\u00fatil y gandul que se recuerda en Lorca. Deber\u00edan pedir disculpas por el rid\u00edculo que hacen y por no atender los aut\u00e9nticos problemas de la gente de Lorca.<\/p>\n<p class=\"v1MsoNormal\">El colmo de esta pel\u00edcula que se han inventado ha llegado en boca de estos concejales que dicen que les duelen los ataques al Pleno, cuando son los mismos que el d\u00eda del asalto al Pleno de Lorca, en 2021, se escondieron. El d\u00eda que el Pleno de Lorca recibi\u00f3 el mayor ataque que se recuerda, agacharon la cabeza. Se escondieron. Nunca condenaron el mayor ataque que recibi\u00f3 la mayor instituci\u00f3n municipal. Eso es lo que les preocupa la instituci\u00f3n donde estamos representados todos los lorquinos. Y no contentos con eso, cuando accedieron al gobierno en 2019 retiraron la acusaci\u00f3n particular, asumiendo por tanto que ese asalto a nuestro Pleno estaba completamente legitimado y que estaban de acuerdo con las amenazas que all\u00ed se vertieron. Si tanto les preocupa la instituci\u00f3n como dicen, \u00bfd\u00f3nde estaban cuando se produjo el mayor ataque al Ayuntamiento con el asalto al Pleno?<\/p>\n<p class=\"v1MsoNormal\">Ponce ha recordado que \u00abquien s\u00ed deber\u00eda pedir perd\u00f3n a los lorquinos es Fulgencio Gil y su equipo de concejales, quienes faltan el respeto a todos los lorquinos ocupando el sill\u00f3n de la Alcald\u00eda despu\u00e9s de prometer m\u00e1s limpieza en las calles, cuando la verdad es que Lorca est\u00e1 m\u00e1s sucia que nunca; despu\u00e9s de prometer que bajar\u00edan el IBI un 25%, cuando ahora pagamos los impuestos m\u00e1s caros de la historia\u00bb.<\/p>\n<p class=\"v1MsoNormal\">\u00abAnte la pel\u00edcula que se han inventado esta ma\u00f1ana PP y Vox para tapar sus promesas incumplidas, nosotros lo que exigimos es transparencia: exigimos que se instalen m\u00e1s c\u00e1maras en el sal\u00f3n de plenos y que todos los plenos del Ayuntamiento de Lorca se retransmitan \u00edntegramente y en directo a trav\u00e9s de las redes sociales. Que se revisen, minuto a minuto, cada uno de los plenos. No hay nada que ocultar si todo se est\u00e1 haciendo bien. Tambi\u00e9n reclamamos que se reactive de inmediato la elaboraci\u00f3n del reglamento del Pleno, que permanece en un caj\u00f3n porque a PP y Vox no les interesa que haya normas claras\u00bb, ha finalizado.<\/p>\n<p><strong>Declaraciones de Jos\u00e9 Luis Ruiz e Irene J\u00f3dar<\/strong><\/p>\n<audio class=\"wp-audio-shortcode\" id=\"audio-7505-4\" preload=\"none\" style=\"width: 100%;\" controls=\"controls\"><source type=\"audio\/mpeg\" src=\"https:\/\/arealorcaradio.es\/wp-content\/uploads\/2025\/07\/290725-RUIZ-GUILLEN-E-IRENE-JODAR.-ACUSACION-PLENO.mp3?_=4\" \/><a href=\"https:\/\/arealorcaradio.es\/wp-content\/uploads\/2025\/07\/290725-RUIZ-GUILLEN-E-IRENE-JODAR.-ACUSACION-PLENO.mp3\">https:\/\/arealorcaradio.es\/wp-content\/uploads\/2025\/07\/290725-RUIZ-GUILLEN-E-IRENE-JODAR.-ACUSACION-PLENO.mp3<\/a><\/audio>\n<p class=\"v1MsoNormal\">El edil Jos\u00e9 Luis Ruiz Guill\u00e9n ha tachado de \u00abgrav\u00edsima\u00bb la acusaci\u00f3n contra \u00e9l y la concejala Irene J\u00f3dar de haber manipulado los micr\u00f3fonos del Pleno: \u00ab\u00bfDe verdad creen que esto es una operaci\u00f3n coordinada? \u00bfQu\u00e9 se piensan que somos una banda organizada para distorsionar el sonido? La realidad es que el sistema t\u00e9cnico lleva fallando desde hace a\u00f1os, con micr\u00f3fonos obsoletos que se acoplan y se quedan atascados. Lo que hemos hecho en ocasiones es pulsarlos para desbloquearlos, como cualquiera que haya asistido al Pleno ha podido ver\u00bb.<\/p>\n<p class=\"v1MsoNormal\">Ruiz Guill\u00e9n ha a\u00f1adido que \u00ablo verdaderamente grave es que el alcalde no intervenga cuando se lanzan insultos desde su bancada. Hemos escuchado descalificaciones personales hacia concejales de la oposici\u00f3n, incluso hacia colectivos y asociaciones, y el se\u00f1or Gil ha sido incapaz de restablecer el respeto institucional\u00bb. En este sentido, ha exigido que se revisen todas las grabaciones de los plenos de la presente legislatura: \u00abInvito a todos los lorquinos y lorquinas a ver qui\u00e9n insulta, qui\u00e9n rompe el respeto y qui\u00e9n ha convertido los plenos en un espect\u00e1culo bochornoso\u00bb.<\/p>\n<p class=\"v1MsoNormal\">Irene J\u00f3dar, por su parte, ha lamentado la instrumentalizaci\u00f3n de los \u00f3rganos municipales y ha recordado episodios pasados mucho m\u00e1s ofensivos: \u00ab\u00bfNadie recuerda cuando la se\u00f1ora Mendui\u00f1a sac\u00f3 una medalla de juguete para burlarse de las v\u00edctimas del franquismo? Eso s\u00ed fue una falta de respeto institucional y humana. Hoy nos acusan de una nimiedad t\u00e9cnica cuando ellos mismos han cruzado l\u00edmites inadmisibles\u00bb. La concejala ha pedido a las medias disculpas \u00abpor hacerles perder el tiempo con esta farsa\u00bb.<\/p>\n","protected":false},"excerpt":{"rendered":"<p>\u00c1REA LORCA RADIO. Municipal. 29 de julio de 2025. El alcalde de Lorca, Fulgencio Gil, se ha visto en la obligaci\u00f3n de convocar esta misma ma\u00f1ana una reuni\u00f3n de la Junta de Portavoces de los grupos pol\u00edticos con representaci\u00f3n en el Ayuntamiento al objeto \u00fanico de dar cuenta de las incidencias que se han venido [&hellip;]<\/p>\n","protected":false},"author":1,"featured_media":7509,"comment_status":"open","ping_status":"open","sticky":false,"template":"","format":"standard","meta":{"iawp_total_views":73,"footnotes":""},"categories":[5,7],"tags":[],"class_list":["post-7505","post","type-post","status-publish","format-standard","has-post-thumbnail","hentry","category-actualidad","category-lorca"],"yoast_head":"<!-- This site is optimized with the Yoast SEO plugin v27.5 - https:\/\/yoast.com\/product\/yoast-seo-wordpress\/ -->\n<title>El Ayuntamiento amonesta a dos concejales del grupo socialista tras ser sorprendidos manipulando el sistema de sonido del sal\u00f3n de plenos en el transcurso de las sesiones - AREA LORCA RADIO<\/title>\n<meta name=\"robots\" content=\"index, follow, max-snippet:-1, max-image-preview:large, max-video-preview:-1\" \/>\n<link rel=\"canonical\" href=\"https:\/\/arealorcaradio.es\/index.php\/2025\/07\/29\/el-ayuntamiento-amonesta-a-dos-concejales-del-grupo-socialista-tras-ser-sorprendidos-manipulando-el-sistema-de-sonido-del-salon-de-plenos-en-el-transcurso-de-las-sesiones\/\" \/>\n<meta property=\"og:locale\" content=\"es_ES\" \/>\n<meta property=\"og:type\" content=\"article\" \/>\n<meta property=\"og:title\" content=\"El Ayuntamiento amonesta a dos concejales del grupo socialista tras ser sorprendidos manipulando el sistema de sonido del sal\u00f3n de plenos en el transcurso de las sesiones - AREA LORCA RADIO\" \/>\n<meta property=\"og:description\" content=\"\u00c1REA LORCA RADIO. Municipal. 29 de julio de 2025. El alcalde de Lorca, Fulgencio Gil, se ha visto en la obligaci\u00f3n de convocar esta misma ma\u00f1ana una reuni\u00f3n de la Junta de Portavoces de los grupos pol\u00edticos con representaci\u00f3n en el Ayuntamiento al objeto \u00fanico de dar cuenta de las incidencias que se han venido [&hellip;]\" \/>\n<meta property=\"og:url\" content=\"https:\/\/arealorcaradio.es\/index.php\/2025\/07\/29\/el-ayuntamiento-amonesta-a-dos-concejales-del-grupo-socialista-tras-ser-sorprendidos-manipulando-el-sistema-de-sonido-del-salon-de-plenos-en-el-transcurso-de-las-sesiones\/\" \/>\n<meta property=\"og:site_name\" content=\"AREA LORCA RADIO\" \/>\n<meta property=\"article:published_time\" content=\"2025-07-29T10:51:54+00:00\" \/>\n<meta property=\"article:modified_time\" content=\"2025-07-29T16:00:10+00:00\" \/>\n<meta property=\"og:image\" content=\"https:\/\/arealorcaradio.es\/wp-content\/uploads\/2025\/07\/SONIDO-PLENO-4.jpeg\" \/>\n\t<meta property=\"og:image:width\" content=\"1600\" \/>\n\t<meta property=\"og:image:height\" content=\"1066\" \/>\n\t<meta property=\"og:image:type\" content=\"image\/jpeg\" \/>\n<meta name=\"author\" content=\"Paco S\u00e1nchez\" \/>\n<meta name=\"twitter:card\" content=\"summary_large_image\" \/>\n<meta name=\"twitter:label1\" content=\"Escrito por\" \/>\n\t<meta name=\"twitter:data1\" content=\"Paco S\u00e1nchez\" \/>\n\t<meta name=\"twitter:label2\" content=\"Tiempo de lectura\" \/>\n\t<meta name=\"twitter:data2\" content=\"9 minutos\" \/>\n<script type=\"application\/ld+json\" class=\"yoast-schema-graph\">{\"@context\":\"https:\\\/\\\/schema.org\",\"@graph\":[{\"@type\":\"Article\",\"@id\":\"https:\\\/\\\/arealorcaradio.es\\\/index.php\\\/2025\\\/07\\\/29\\\/el-ayuntamiento-amonesta-a-dos-concejales-del-grupo-socialista-tras-ser-sorprendidos-manipulando-el-sistema-de-sonido-del-salon-de-plenos-en-el-transcurso-de-las-sesiones\\\/#article\",\"isPartOf\":{\"@id\":\"https:\\\/\\\/arealorcaradio.es\\\/index.php\\\/2025\\\/07\\\/29\\\/el-ayuntamiento-amonesta-a-dos-concejales-del-grupo-socialista-tras-ser-sorprendidos-manipulando-el-sistema-de-sonido-del-salon-de-plenos-en-el-transcurso-de-las-sesiones\\\/\"},\"author\":{\"name\":\"Paco S\u00e1nchez\",\"@id\":\"https:\\\/\\\/arealorcaradio.es\\\/#\\\/schema\\\/person\\\/9fae605fc25b0f2c83c1ab207139bd27\"},\"headline\":\"El Ayuntamiento amonesta a dos concejales del grupo socialista tras ser sorprendidos manipulando el sistema de sonido del sal\u00f3n de plenos en el transcurso de las sesiones\",\"datePublished\":\"2025-07-29T10:51:54+00:00\",\"dateModified\":\"2025-07-29T16:00:10+00:00\",\"mainEntityOfPage\":{\"@id\":\"https:\\\/\\\/arealorcaradio.es\\\/index.php\\\/2025\\\/07\\\/29\\\/el-ayuntamiento-amonesta-a-dos-concejales-del-grupo-socialista-tras-ser-sorprendidos-manipulando-el-sistema-de-sonido-del-salon-de-plenos-en-el-transcurso-de-las-sesiones\\\/\"},\"wordCount\":1913,\"commentCount\":0,\"image\":{\"@id\":\"https:\\\/\\\/arealorcaradio.es\\\/index.php\\\/2025\\\/07\\\/29\\\/el-ayuntamiento-amonesta-a-dos-concejales-del-grupo-socialista-tras-ser-sorprendidos-manipulando-el-sistema-de-sonido-del-salon-de-plenos-en-el-transcurso-de-las-sesiones\\\/#primaryimage\"},\"thumbnailUrl\":\"https:\\\/\\\/arealorcaradio.es\\\/wp-content\\\/uploads\\\/2025\\\/07\\\/SONIDO-PLENO-4.jpeg\",\"articleSection\":[\"ACTUALIDAD\",\"LORCA\"],\"inLanguage\":\"es\",\"potentialAction\":[{\"@type\":\"CommentAction\",\"name\":\"Comment\",\"target\":[\"https:\\\/\\\/arealorcaradio.es\\\/index.php\\\/2025\\\/07\\\/29\\\/el-ayuntamiento-amonesta-a-dos-concejales-del-grupo-socialista-tras-ser-sorprendidos-manipulando-el-sistema-de-sonido-del-salon-de-plenos-en-el-transcurso-de-las-sesiones\\\/#respond\"]}]},{\"@type\":\"WebPage\",\"@id\":\"https:\\\/\\\/arealorcaradio.es\\\/index.php\\\/2025\\\/07\\\/29\\\/el-ayuntamiento-amonesta-a-dos-concejales-del-grupo-socialista-tras-ser-sorprendidos-manipulando-el-sistema-de-sonido-del-salon-de-plenos-en-el-transcurso-de-las-sesiones\\\/\",\"url\":\"https:\\\/\\\/arealorcaradio.es\\\/index.php\\\/2025\\\/07\\\/29\\\/el-ayuntamiento-amonesta-a-dos-concejales-del-grupo-socialista-tras-ser-sorprendidos-manipulando-el-sistema-de-sonido-del-salon-de-plenos-en-el-transcurso-de-las-sesiones\\\/\",\"name\":\"El Ayuntamiento amonesta a dos concejales del grupo socialista tras ser sorprendidos manipulando el sistema de sonido del sal\u00f3n de plenos en el transcurso de las sesiones - AREA LORCA RADIO\",\"isPartOf\":{\"@id\":\"https:\\\/\\\/arealorcaradio.es\\\/#website\"},\"primaryImageOfPage\":{\"@id\":\"https:\\\/\\\/arealorcaradio.es\\\/index.php\\\/2025\\\/07\\\/29\\\/el-ayuntamiento-amonesta-a-dos-concejales-del-grupo-socialista-tras-ser-sorprendidos-manipulando-el-sistema-de-sonido-del-salon-de-plenos-en-el-transcurso-de-las-sesiones\\\/#primaryimage\"},\"image\":{\"@id\":\"https:\\\/\\\/arealorcaradio.es\\\/index.php\\\/2025\\\/07\\\/29\\\/el-ayuntamiento-amonesta-a-dos-concejales-del-grupo-socialista-tras-ser-sorprendidos-manipulando-el-sistema-de-sonido-del-salon-de-plenos-en-el-transcurso-de-las-sesiones\\\/#primaryimage\"},\"thumbnailUrl\":\"https:\\\/\\\/arealorcaradio.es\\\/wp-content\\\/uploads\\\/2025\\\/07\\\/SONIDO-PLENO-4.jpeg\",\"datePublished\":\"2025-07-29T10:51:54+00:00\",\"dateModified\":\"2025-07-29T16:00:10+00:00\",\"author\":{\"@id\":\"https:\\\/\\\/arealorcaradio.es\\\/#\\\/schema\\\/person\\\/9fae605fc25b0f2c83c1ab207139bd27\"},\"breadcrumb\":{\"@id\":\"https:\\\/\\\/arealorcaradio.es\\\/index.php\\\/2025\\\/07\\\/29\\\/el-ayuntamiento-amonesta-a-dos-concejales-del-grupo-socialista-tras-ser-sorprendidos-manipulando-el-sistema-de-sonido-del-salon-de-plenos-en-el-transcurso-de-las-sesiones\\\/#breadcrumb\"},\"inLanguage\":\"es\",\"potentialAction\":[{\"@type\":\"ReadAction\",\"target\":[\"https:\\\/\\\/arealorcaradio.es\\\/index.php\\\/2025\\\/07\\\/29\\\/el-ayuntamiento-amonesta-a-dos-concejales-del-grupo-socialista-tras-ser-sorprendidos-manipulando-el-sistema-de-sonido-del-salon-de-plenos-en-el-transcurso-de-las-sesiones\\\/\"]}]},{\"@type\":\"ImageObject\",\"inLanguage\":\"es\",\"@id\":\"https:\\\/\\\/arealorcaradio.es\\\/index.php\\\/2025\\\/07\\\/29\\\/el-ayuntamiento-amonesta-a-dos-concejales-del-grupo-socialista-tras-ser-sorprendidos-manipulando-el-sistema-de-sonido-del-salon-de-plenos-en-el-transcurso-de-las-sesiones\\\/#primaryimage\",\"url\":\"https:\\\/\\\/arealorcaradio.es\\\/wp-content\\\/uploads\\\/2025\\\/07\\\/SONIDO-PLENO-4.jpeg\",\"contentUrl\":\"https:\\\/\\\/arealorcaradio.es\\\/wp-content\\\/uploads\\\/2025\\\/07\\\/SONIDO-PLENO-4.jpeg\",\"width\":1600,\"height\":1066},{\"@type\":\"BreadcrumbList\",\"@id\":\"https:\\\/\\\/arealorcaradio.es\\\/index.php\\\/2025\\\/07\\\/29\\\/el-ayuntamiento-amonesta-a-dos-concejales-del-grupo-socialista-tras-ser-sorprendidos-manipulando-el-sistema-de-sonido-del-salon-de-plenos-en-el-transcurso-de-las-sesiones\\\/#breadcrumb\",\"itemListElement\":[{\"@type\":\"ListItem\",\"position\":1,\"name\":\"Portada\",\"item\":\"https:\\\/\\\/arealorcaradio.es\\\/\"},{\"@type\":\"ListItem\",\"position\":2,\"name\":\"El Ayuntamiento amonesta a dos concejales del grupo socialista tras ser sorprendidos manipulando el sistema de sonido del sal\u00f3n de plenos en el transcurso de las sesiones\"}]},{\"@type\":\"WebSite\",\"@id\":\"https:\\\/\\\/arealorcaradio.es\\\/#website\",\"url\":\"https:\\\/\\\/arealorcaradio.es\\\/\",\"name\":\"AREA LORCA RADIO\",\"description\":\"Descubre la programaci\u00f3n actual en \u00c1rea Lorca Radio, tu fuente de entrenamiento y noticias locales. Sintoniza ahora y mantente conectado online.\",\"potentialAction\":[{\"@type\":\"SearchAction\",\"target\":{\"@type\":\"EntryPoint\",\"urlTemplate\":\"https:\\\/\\\/arealorcaradio.es\\\/?s={search_term_string}\"},\"query-input\":{\"@type\":\"PropertyValueSpecification\",\"valueRequired\":true,\"valueName\":\"search_term_string\"}}],\"inLanguage\":\"es\"},{\"@type\":\"Person\",\"@id\":\"https:\\\/\\\/arealorcaradio.es\\\/#\\\/schema\\\/person\\\/9fae605fc25b0f2c83c1ab207139bd27\",\"name\":\"Paco S\u00e1nchez\",\"image\":{\"@type\":\"ImageObject\",\"inLanguage\":\"es\",\"@id\":\"https:\\\/\\\/secure.gravatar.com\\\/avatar\\\/d67144e966420fb74aa84c9f2a0103be4724fd14db52b52d3b6bca749f257e79?s=96&d=mm&r=g\",\"url\":\"https:\\\/\\\/secure.gravatar.com\\\/avatar\\\/d67144e966420fb74aa84c9f2a0103be4724fd14db52b52d3b6bca749f257e79?s=96&d=mm&r=g\",\"contentUrl\":\"https:\\\/\\\/secure.gravatar.com\\\/avatar\\\/d67144e966420fb74aa84c9f2a0103be4724fd14db52b52d3b6bca749f257e79?s=96&d=mm&r=g\",\"caption\":\"Paco S\u00e1nchez\"},\"sameAs\":[\"https:\\\/\\\/arealorcaradio.es\"],\"url\":\"https:\\\/\\\/arealorcaradio.es\\\/index.php\\\/author\\\/admin_alorcaradio\\\/\"}]}<\/script>\n<!-- \/ Yoast SEO plugin. -->","yoast_head_json":{"title":"El Ayuntamiento amonesta a dos concejales del grupo socialista tras ser sorprendidos manipulando el sistema de sonido del sal\u00f3n de plenos en el transcurso de las sesiones - AREA LORCA RADIO","robots":{"index":"index","follow":"follow","max-snippet":"max-snippet:-1","max-image-preview":"max-image-preview:large","max-video-preview":"max-video-preview:-1"},"canonical":"https:\/\/arealorcaradio.es\/index.php\/2025\/07\/29\/el-ayuntamiento-amonesta-a-dos-concejales-del-grupo-socialista-tras-ser-sorprendidos-manipulando-el-sistema-de-sonido-del-salon-de-plenos-en-el-transcurso-de-las-sesiones\/","og_locale":"es_ES","og_type":"article","og_title":"El Ayuntamiento amonesta a dos concejales del grupo socialista tras ser sorprendidos manipulando el sistema de sonido del sal\u00f3n de plenos en el transcurso de las sesiones - AREA LORCA RADIO","og_description":"\u00c1REA LORCA RADIO. Municipal. 29 de julio de 2025. El alcalde de Lorca, Fulgencio Gil, se ha visto en la obligaci\u00f3n de convocar esta misma ma\u00f1ana una reuni\u00f3n de la Junta de Portavoces de los grupos pol\u00edticos con representaci\u00f3n en el Ayuntamiento al objeto \u00fanico de dar cuenta de las incidencias que se han venido [&hellip;]","og_url":"https:\/\/arealorcaradio.es\/index.php\/2025\/07\/29\/el-ayuntamiento-amonesta-a-dos-concejales-del-grupo-socialista-tras-ser-sorprendidos-manipulando-el-sistema-de-sonido-del-salon-de-plenos-en-el-transcurso-de-las-sesiones\/","og_site_name":"AREA LORCA RADIO","article_published_time":"2025-07-29T10:51:54+00:00","article_modified_time":"2025-07-29T16:00:10+00:00","og_image":[{"width":1600,"height":1066,"url":"https:\/\/arealorcaradio.es\/wp-content\/uploads\/2025\/07\/SONIDO-PLENO-4.jpeg","type":"image\/jpeg"}],"author":"Paco S\u00e1nchez","twitter_card":"summary_large_image","twitter_misc":{"Escrito por":"Paco S\u00e1nchez","Tiempo de lectura":"9 minutos"},"schema":{"@context":"https:\/\/schema.org","@graph":[{"@type":"Article","@id":"https:\/\/arealorcaradio.es\/index.php\/2025\/07\/29\/el-ayuntamiento-amonesta-a-dos-concejales-del-grupo-socialista-tras-ser-sorprendidos-manipulando-el-sistema-de-sonido-del-salon-de-plenos-en-el-transcurso-de-las-sesiones\/#article","isPartOf":{"@id":"https:\/\/arealorcaradio.es\/index.php\/2025\/07\/29\/el-ayuntamiento-amonesta-a-dos-concejales-del-grupo-socialista-tras-ser-sorprendidos-manipulando-el-sistema-de-sonido-del-salon-de-plenos-en-el-transcurso-de-las-sesiones\/"},"author":{"name":"Paco S\u00e1nchez","@id":"https:\/\/arealorcaradio.es\/#\/schema\/person\/9fae605fc25b0f2c83c1ab207139bd27"},"headline":"El Ayuntamiento amonesta a dos concejales del grupo socialista tras ser sorprendidos manipulando el sistema de sonido del sal\u00f3n de plenos en el transcurso de las sesiones","datePublished":"2025-07-29T10:51:54+00:00","dateModified":"2025-07-29T16:00:10+00:00","mainEntityOfPage":{"@id":"https:\/\/arealorcaradio.es\/index.php\/2025\/07\/29\/el-ayuntamiento-amonesta-a-dos-concejales-del-grupo-socialista-tras-ser-sorprendidos-manipulando-el-sistema-de-sonido-del-salon-de-plenos-en-el-transcurso-de-las-sesiones\/"},"wordCount":1913,"commentCount":0,"image":{"@id":"https:\/\/arealorcaradio.es\/index.php\/2025\/07\/29\/el-ayuntamiento-amonesta-a-dos-concejales-del-grupo-socialista-tras-ser-sorprendidos-manipulando-el-sistema-de-sonido-del-salon-de-plenos-en-el-transcurso-de-las-sesiones\/#primaryimage"},"thumbnailUrl":"https:\/\/arealorcaradio.es\/wp-content\/uploads\/2025\/07\/SONIDO-PLENO-4.jpeg","articleSection":["ACTUALIDAD","LORCA"],"inLanguage":"es","potentialAction":[{"@type":"CommentAction","name":"Comment","target":["https:\/\/arealorcaradio.es\/index.php\/2025\/07\/29\/el-ayuntamiento-amonesta-a-dos-concejales-del-grupo-socialista-tras-ser-sorprendidos-manipulando-el-sistema-de-sonido-del-salon-de-plenos-en-el-transcurso-de-las-sesiones\/#respond"]}]},{"@type":"WebPage","@id":"https:\/\/arealorcaradio.es\/index.php\/2025\/07\/29\/el-ayuntamiento-amonesta-a-dos-concejales-del-grupo-socialista-tras-ser-sorprendidos-manipulando-el-sistema-de-sonido-del-salon-de-plenos-en-el-transcurso-de-las-sesiones\/","url":"https:\/\/arealorcaradio.es\/index.php\/2025\/07\/29\/el-ayuntamiento-amonesta-a-dos-concejales-del-grupo-socialista-tras-ser-sorprendidos-manipulando-el-sistema-de-sonido-del-salon-de-plenos-en-el-transcurso-de-las-sesiones\/","name":"El Ayuntamiento amonesta a dos concejales del grupo socialista tras ser sorprendidos manipulando el sistema de sonido del sal\u00f3n de plenos en el transcurso de las sesiones - AREA LORCA RADIO","isPartOf":{"@id":"https:\/\/arealorcaradio.es\/#website"},"primaryImageOfPage":{"@id":"https:\/\/arealorcaradio.es\/index.php\/2025\/07\/29\/el-ayuntamiento-amonesta-a-dos-concejales-del-grupo-socialista-tras-ser-sorprendidos-manipulando-el-sistema-de-sonido-del-salon-de-plenos-en-el-transcurso-de-las-sesiones\/#primaryimage"},"image":{"@id":"https:\/\/arealorcaradio.es\/index.php\/2025\/07\/29\/el-ayuntamiento-amonesta-a-dos-concejales-del-grupo-socialista-tras-ser-sorprendidos-manipulando-el-sistema-de-sonido-del-salon-de-plenos-en-el-transcurso-de-las-sesiones\/#primaryimage"},"thumbnailUrl":"https:\/\/arealorcaradio.es\/wp-content\/uploads\/2025\/07\/SONIDO-PLENO-4.jpeg","datePublished":"2025-07-29T10:51:54+00:00","dateModified":"2025-07-29T16:00:10+00:00","author":{"@id":"https:\/\/arealorcaradio.es\/#\/schema\/person\/9fae605fc25b0f2c83c1ab207139bd27"},"breadcrumb":{"@id":"https:\/\/arealorcaradio.es\/index.php\/2025\/07\/29\/el-ayuntamiento-amonesta-a-dos-concejales-del-grupo-socialista-tras-ser-sorprendidos-manipulando-el-sistema-de-sonido-del-salon-de-plenos-en-el-transcurso-de-las-sesiones\/#breadcrumb"},"inLanguage":"es","potentialAction":[{"@type":"ReadAction","target":["https:\/\/arealorcaradio.es\/index.php\/2025\/07\/29\/el-ayuntamiento-amonesta-a-dos-concejales-del-grupo-socialista-tras-ser-sorprendidos-manipulando-el-sistema-de-sonido-del-salon-de-plenos-en-el-transcurso-de-las-sesiones\/"]}]},{"@type":"ImageObject","inLanguage":"es","@id":"https:\/\/arealorcaradio.es\/index.php\/2025\/07\/29\/el-ayuntamiento-amonesta-a-dos-concejales-del-grupo-socialista-tras-ser-sorprendidos-manipulando-el-sistema-de-sonido-del-salon-de-plenos-en-el-transcurso-de-las-sesiones\/#primaryimage","url":"https:\/\/arealorcaradio.es\/wp-content\/uploads\/2025\/07\/SONIDO-PLENO-4.jpeg","contentUrl":"https:\/\/arealorcaradio.es\/wp-content\/uploads\/2025\/07\/SONIDO-PLENO-4.jpeg","width":1600,"height":1066},{"@type":"BreadcrumbList","@id":"https:\/\/arealorcaradio.es\/index.php\/2025\/07\/29\/el-ayuntamiento-amonesta-a-dos-concejales-del-grupo-socialista-tras-ser-sorprendidos-manipulando-el-sistema-de-sonido-del-salon-de-plenos-en-el-transcurso-de-las-sesiones\/#breadcrumb","itemListElement":[{"@type":"ListItem","position":1,"name":"Portada","item":"https:\/\/arealorcaradio.es\/"},{"@type":"ListItem","position":2,"name":"El Ayuntamiento amonesta a dos concejales del grupo socialista tras ser sorprendidos manipulando el sistema de sonido del sal\u00f3n de plenos en el transcurso de las sesiones"}]},{"@type":"WebSite","@id":"https:\/\/arealorcaradio.es\/#website","url":"https:\/\/arealorcaradio.es\/","name":"AREA LORCA RADIO","description":"Descubre la programaci\u00f3n actual en \u00c1rea Lorca Radio, tu fuente de entrenamiento y noticias locales. Sintoniza ahora y mantente conectado online.","potentialAction":[{"@type":"SearchAction","target":{"@type":"EntryPoint","urlTemplate":"https:\/\/arealorcaradio.es\/?s={search_term_string}"},"query-input":{"@type":"PropertyValueSpecification","valueRequired":true,"valueName":"search_term_string"}}],"inLanguage":"es"},{"@type":"Person","@id":"https:\/\/arealorcaradio.es\/#\/schema\/person\/9fae605fc25b0f2c83c1ab207139bd27","name":"Paco S\u00e1nchez","image":{"@type":"ImageObject","inLanguage":"es","@id":"https:\/\/secure.gravatar.com\/avatar\/d67144e966420fb74aa84c9f2a0103be4724fd14db52b52d3b6bca749f257e79?s=96&d=mm&r=g","url":"https:\/\/secure.gravatar.com\/avatar\/d67144e966420fb74aa84c9f2a0103be4724fd14db52b52d3b6bca749f257e79?s=96&d=mm&r=g","contentUrl":"https:\/\/secure.gravatar.com\/avatar\/d67144e966420fb74aa84c9f2a0103be4724fd14db52b52d3b6bca749f257e79?s=96&d=mm&r=g","caption":"Paco S\u00e1nchez"},"sameAs":["https:\/\/arealorcaradio.es"],"url":"https:\/\/arealorcaradio.es\/index.php\/author\/admin_alorcaradio\/"}]}},"_links":{"self":[{"href":"https:\/\/arealorcaradio.es\/index.php\/wp-json\/wp\/v2\/posts\/7505","targetHints":{"allow":["GET"]}}],"collection":[{"href":"https:\/\/arealorcaradio.es\/index.php\/wp-json\/wp\/v2\/posts"}],"about":[{"href":"https:\/\/arealorcaradio.es\/index.php\/wp-json\/wp\/v2\/types\/post"}],"author":[{"embeddable":true,"href":"https:\/\/arealorcaradio.es\/index.php\/wp-json\/wp\/v2\/users\/1"}],"replies":[{"embeddable":true,"href":"https:\/\/arealorcaradio.es\/index.php\/wp-json\/wp\/v2\/comments?post=7505"}],"version-history":[{"count":3,"href":"https:\/\/arealorcaradio.es\/index.php\/wp-json\/wp\/v2\/posts\/7505\/revisions"}],"predecessor-version":[{"id":7515,"href":"https:\/\/arealorcaradio.es\/index.php\/wp-json\/wp\/v2\/posts\/7505\/revisions\/7515"}],"wp:featuredmedia":[{"embeddable":true,"href":"https:\/\/arealorcaradio.es\/index.php\/wp-json\/wp\/v2\/media\/7509"}],"wp:attachment":[{"href":"https:\/\/arealorcaradio.es\/index.php\/wp-json\/wp\/v2\/media?parent=7505"}],"wp:term":[{"taxonomy":"category","embeddable":true,"href":"https:\/\/arealorcaradio.es\/index.php\/wp-json\/wp\/v2\/categories?post=7505"},{"taxonomy":"post_tag","embeddable":true,"href":"https:\/\/arealorcaradio.es\/index.php\/wp-json\/wp\/v2\/tags?post=7505"}],"curies":[{"name":"wp","href":"https:\/\/api.w.org\/{rel}","templated":true}]}}