{"id":7500,"date":"2025-07-28T16:40:56","date_gmt":"2025-07-28T16:40:56","guid":{"rendered":"https:\/\/arealorcaradio.es\/?p=7500"},"modified":"2025-07-28T16:40:56","modified_gmt":"2025-07-28T16:40:56","slug":"el-pleno-del-ayuntamiento-de-lorca-aprueba-una-inyeccion-economica-de-28-millones-de-euros-para-garantizar-pagos-a-proveedores-y-servicios-esenciales","status":"publish","type":"post","link":"https:\/\/arealorcaradio.es\/index.php\/2025\/07\/28\/el-pleno-del-ayuntamiento-de-lorca-aprueba-una-inyeccion-economica-de-28-millones-de-euros-para-garantizar-pagos-a-proveedores-y-servicios-esenciales\/","title":{"rendered":"El Pleno del Ayuntamiento de Lorca aprueba una inyecci\u00f3n econ\u00f3mica de 2,8 millones de euros para garantizar pagos a proveedores y servicios esenciales"},"content":{"rendered":"<p><strong>\u00c1REA LORCA RADIO. Econom\u00eda.\u00a0<\/strong><\/p>\n<p class=\"v1MsoNormal\"><b>28 de julio de 2025.<\/b>\u00a0La concejal de Econom\u00eda y Hacienda del Ayuntamiento de Lorca, Bel\u00e9n P\u00e9rez, ha informado este lunes que el Pleno municipal ha aprobado, con los votos a favor de PP y Vox y la abstenci\u00f3n de PSOE e IU, una moci\u00f3n relativa al reconocimiento extrajudicial de cr\u00e9ditos por valor de 2,8 millones de euros, as\u00ed como un informe-propuesta para un expediente de modificaci\u00f3n de cr\u00e9ditos por suplementos financiados con cargo al remanente de tesorer\u00eda de 2024.<\/p>\n<p class=\"v1MsoNormal\">Seg\u00fan ha explicado Bel\u00e9n P\u00e9rez, \u00abse trata de un procedimiento que han seguido todos los gobiernos, y cuya raz\u00f3n principal es evitar perjuicios a los proveedores que prestan servicios al Ayuntamiento, muchos de ellos aut\u00f3nomos o peque\u00f1as empresas de Lorca, cuyas econom\u00edas dependen directamente de estos pagos. Este reconocimiento no solo salda deudas, tambi\u00e9n es una inyecci\u00f3n econ\u00f3mica directa al tejido productivo de nuestro municipio fruto de la buena gesti\u00f3n de este equipo de gobierno. En total, el reconocimiento aprobado asciende a 2,8 millones de euros, que permitir\u00e1n aliviar la presi\u00f3n sobre los proveedores, garantizando liquidez y seguridad a sus trabajadores y negocios. Este Gobierno cumple y paga\u00bb.<\/p>\n<p class=\"v1MsoNormal\">La concejal de Econom\u00eda ha querido destacar que el Ayuntamiento de Lorca cerr\u00f3 el ejercicio anterior con un super\u00e1vit de m\u00e1s de 3 millones de euros, una se\u00f1al clara de la \u00absolidez econ\u00f3mica y del rigor presupuestario del Gobierno de Lorca, que ha logrado situar la deuda municipal en su nivel m\u00e1s bajo de los \u00faltimos veinte a\u00f1os\u00bb, y ha lamentado que, a pesar de contar con este super\u00e1vit superior, el Ayuntamiento no pueda destinar ese remanente a inversiones o servicios que demandan los lorquinos, ya que \u00abnos obligan a dedicar esos ahorros a amortizar deuda por el restablecimiento de las reglas fiscales impuestas por el Ministerio de Hacienda. Es una verdadera pena que no podamos invertir en lo que los lorquinos merecen y necesitan, cuando adem\u00e1s contamos con el menor nivel de deuda municipal de los \u00faltimos veinte a\u00f1os gracias a la gesti\u00f3n eficaz del actual Gobierno de Lorca\u00bb.<\/p>\n<p class=\"v1MsoNormal\">P\u00e9rez Mart\u00ednez ha insistido en que la decisi\u00f3n adoptada este lunes en Pleno es \u00abun ejercicio de responsabilidad\u00bb y que el objetivo es \u00abproteger los servicios p\u00fablicos y a quienes los prestan. No podemos permitirnos poner en riesgo el trabajo de tantas empresas y profesionales por decisiones impuestas desde el Gobierno central, ni por el descontrol de la etapa anterior durante el par\u00e9ntesis 2019-2023\u00bb.<\/p>\n<p class=\"v1MsoNormal\">La edil de Econom\u00eda, en este sentido, ha se\u00f1alado que buena parte de las facturas incluidas en este reconocimiento corresponden todav\u00eda al mandato socialista en el Ayuntamiento entre 2019 y 2023. \u00abEs bochornoso que casi dos a\u00f1os despu\u00e9s de haber dejado el gobierno municipal, a\u00fan sigan apareciendo facturas sin justificar, y que nos veamos obligados a asumir su pago para que Lorca no se pare\u00bb.<\/p>\n<p class=\"v1MsoNormal\">Y ha recordado que, en los primeros ocho meses del Gobierno de Lorca, se aprobaron m\u00e1s de 4 millones de euros en reconocimientos extrajudiciales de cr\u00e9dito vinculados a la gesti\u00f3n del PSOE. En concreto, en septiembre de 2023 se pagaron 1.165.211 euros y en abril de 2024 2.926.758 euros. \u00abLa gran mayor\u00eda de esas facturas, salvo un porcentaje m\u00ednimo, fueron compromisos adquiridos de manera irresponsable por el anterior equipo de gobierno. Hoy todav\u00eda seguimos pagando su falta de previsi\u00f3n, su mala gesti\u00f3n y su falta de control, ya que a d\u00eda de todav\u00eda hay pendientes facturas de pago que siguen sin justificaci\u00f3n y sin encaje que no han podido ser tra\u00eddas a este Pleno\u00bb, ha afirmado Bel\u00e9n P\u00e9rez.<\/p>\n<p class=\"v1MsoNormal\">Por \u00faltimo, la concejal de Econom\u00eda ha destacado que \u00ablos lorquinos ahora s\u00ed cuentan con un gobierno serio, responsable y comprometido con los lorquinos, que garantiza estabilidad y fiabilidad. Nosotros s\u00ed damos la cara, no escondemos facturas en los cajones y actuamos con responsabilidad, estamos resolviendo los problemas que otros crearon, mientras apostamos por el presente y el futuro de Lorca garantizando que no se paralicen servicios esenciales por una situaci\u00f3n heredada y por unas normas interpuestas por el Gobierno de Espa\u00f1a\u00bb.<\/p>\n","protected":false},"excerpt":{"rendered":"<p>\u00c1REA LORCA RADIO. Econom\u00eda.\u00a0 28 de julio de 2025.\u00a0La concejal de Econom\u00eda y Hacienda del Ayuntamiento de Lorca, Bel\u00e9n P\u00e9rez, ha informado este lunes que el Pleno municipal ha aprobado, con los votos a favor de PP y Vox y la abstenci\u00f3n de PSOE e IU, una moci\u00f3n relativa al reconocimiento extrajudicial de cr\u00e9ditos por [&hellip;]<\/p>\n","protected":false},"author":1,"featured_media":7501,"comment_status":"open","ping_status":"open","sticky":false,"template":"","format":"standard","meta":{"iawp_total_views":8,"footnotes":""},"categories":[5,7],"tags":[],"class_list":["post-7500","post","type-post","status-publish","format-standard","has-post-thumbnail","hentry","category-actualidad","category-lorca"],"yoast_head":"<!-- This site is optimized with the Yoast SEO plugin v27.5 - https:\/\/yoast.com\/product\/yoast-seo-wordpress\/ -->\n<title>El Pleno del Ayuntamiento de Lorca aprueba una inyecci\u00f3n econ\u00f3mica de 2,8 millones de euros para garantizar pagos a proveedores y servicios esenciales - AREA LORCA RADIO<\/title>\n<meta name=\"robots\" content=\"index, follow, max-snippet:-1, max-image-preview:large, max-video-preview:-1\" \/>\n<link rel=\"canonical\" href=\"https:\/\/arealorcaradio.es\/index.php\/2025\/07\/28\/el-pleno-del-ayuntamiento-de-lorca-aprueba-una-inyeccion-economica-de-28-millones-de-euros-para-garantizar-pagos-a-proveedores-y-servicios-esenciales\/\" \/>\n<meta property=\"og:locale\" content=\"es_ES\" \/>\n<meta property=\"og:type\" content=\"article\" \/>\n<meta property=\"og:title\" content=\"El Pleno del Ayuntamiento de Lorca aprueba una inyecci\u00f3n econ\u00f3mica de 2,8 millones de euros para garantizar pagos a proveedores y servicios esenciales - AREA LORCA RADIO\" \/>\n<meta property=\"og:description\" content=\"\u00c1REA LORCA RADIO. Econom\u00eda.\u00a0 28 de julio de 2025.\u00a0La concejal de Econom\u00eda y Hacienda del Ayuntamiento de Lorca, Bel\u00e9n P\u00e9rez, ha informado este lunes que el Pleno municipal ha aprobado, con los votos a favor de PP y Vox y la abstenci\u00f3n de PSOE e IU, una moci\u00f3n relativa al reconocimiento extrajudicial de cr\u00e9ditos por [&hellip;]\" \/>\n<meta property=\"og:url\" content=\"https:\/\/arealorcaradio.es\/index.php\/2025\/07\/28\/el-pleno-del-ayuntamiento-de-lorca-aprueba-una-inyeccion-economica-de-28-millones-de-euros-para-garantizar-pagos-a-proveedores-y-servicios-esenciales\/\" \/>\n<meta property=\"og:site_name\" content=\"AREA LORCA RADIO\" \/>\n<meta property=\"article:published_time\" content=\"2025-07-28T16:40:56+00:00\" \/>\n<meta property=\"og:image\" content=\"https:\/\/arealorcaradio.es\/wp-content\/uploads\/2025\/07\/VOTACIONES-PLENO.jpeg\" \/>\n\t<meta property=\"og:image:width\" content=\"1600\" \/>\n\t<meta property=\"og:image:height\" content=\"1066\" \/>\n\t<meta property=\"og:image:type\" content=\"image\/jpeg\" \/>\n<meta name=\"author\" content=\"Paco S\u00e1nchez\" \/>\n<meta name=\"twitter:card\" content=\"summary_large_image\" \/>\n<meta name=\"twitter:label1\" content=\"Escrito por\" \/>\n\t<meta name=\"twitter:data1\" content=\"Paco S\u00e1nchez\" \/>\n\t<meta name=\"twitter:label2\" content=\"Tiempo de lectura\" \/>\n\t<meta name=\"twitter:data2\" content=\"4 minutos\" \/>\n<script type=\"application\/ld+json\" class=\"yoast-schema-graph\">{\"@context\":\"https:\\\/\\\/schema.org\",\"@graph\":[{\"@type\":\"Article\",\"@id\":\"https:\\\/\\\/arealorcaradio.es\\\/index.php\\\/2025\\\/07\\\/28\\\/el-pleno-del-ayuntamiento-de-lorca-aprueba-una-inyeccion-economica-de-28-millones-de-euros-para-garantizar-pagos-a-proveedores-y-servicios-esenciales\\\/#article\",\"isPartOf\":{\"@id\":\"https:\\\/\\\/arealorcaradio.es\\\/index.php\\\/2025\\\/07\\\/28\\\/el-pleno-del-ayuntamiento-de-lorca-aprueba-una-inyeccion-economica-de-28-millones-de-euros-para-garantizar-pagos-a-proveedores-y-servicios-esenciales\\\/\"},\"author\":{\"name\":\"Paco S\u00e1nchez\",\"@id\":\"https:\\\/\\\/arealorcaradio.es\\\/#\\\/schema\\\/person\\\/9fae605fc25b0f2c83c1ab207139bd27\"},\"headline\":\"El Pleno del Ayuntamiento de Lorca aprueba una inyecci\u00f3n econ\u00f3mica de 2,8 millones de euros para garantizar pagos a proveedores y servicios esenciales\",\"datePublished\":\"2025-07-28T16:40:56+00:00\",\"mainEntityOfPage\":{\"@id\":\"https:\\\/\\\/arealorcaradio.es\\\/index.php\\\/2025\\\/07\\\/28\\\/el-pleno-del-ayuntamiento-de-lorca-aprueba-una-inyeccion-economica-de-28-millones-de-euros-para-garantizar-pagos-a-proveedores-y-servicios-esenciales\\\/\"},\"wordCount\":744,\"commentCount\":0,\"image\":{\"@id\":\"https:\\\/\\\/arealorcaradio.es\\\/index.php\\\/2025\\\/07\\\/28\\\/el-pleno-del-ayuntamiento-de-lorca-aprueba-una-inyeccion-economica-de-28-millones-de-euros-para-garantizar-pagos-a-proveedores-y-servicios-esenciales\\\/#primaryimage\"},\"thumbnailUrl\":\"https:\\\/\\\/arealorcaradio.es\\\/wp-content\\\/uploads\\\/2025\\\/07\\\/VOTACIONES-PLENO.jpeg\",\"articleSection\":[\"ACTUALIDAD\",\"LORCA\"],\"inLanguage\":\"es\",\"potentialAction\":[{\"@type\":\"CommentAction\",\"name\":\"Comment\",\"target\":[\"https:\\\/\\\/arealorcaradio.es\\\/index.php\\\/2025\\\/07\\\/28\\\/el-pleno-del-ayuntamiento-de-lorca-aprueba-una-inyeccion-economica-de-28-millones-de-euros-para-garantizar-pagos-a-proveedores-y-servicios-esenciales\\\/#respond\"]}]},{\"@type\":\"WebPage\",\"@id\":\"https:\\\/\\\/arealorcaradio.es\\\/index.php\\\/2025\\\/07\\\/28\\\/el-pleno-del-ayuntamiento-de-lorca-aprueba-una-inyeccion-economica-de-28-millones-de-euros-para-garantizar-pagos-a-proveedores-y-servicios-esenciales\\\/\",\"url\":\"https:\\\/\\\/arealorcaradio.es\\\/index.php\\\/2025\\\/07\\\/28\\\/el-pleno-del-ayuntamiento-de-lorca-aprueba-una-inyeccion-economica-de-28-millones-de-euros-para-garantizar-pagos-a-proveedores-y-servicios-esenciales\\\/\",\"name\":\"El Pleno del Ayuntamiento de Lorca aprueba una inyecci\u00f3n econ\u00f3mica de 2,8 millones de euros para garantizar pagos a proveedores y servicios esenciales - AREA LORCA RADIO\",\"isPartOf\":{\"@id\":\"https:\\\/\\\/arealorcaradio.es\\\/#website\"},\"primaryImageOfPage\":{\"@id\":\"https:\\\/\\\/arealorcaradio.es\\\/index.php\\\/2025\\\/07\\\/28\\\/el-pleno-del-ayuntamiento-de-lorca-aprueba-una-inyeccion-economica-de-28-millones-de-euros-para-garantizar-pagos-a-proveedores-y-servicios-esenciales\\\/#primaryimage\"},\"image\":{\"@id\":\"https:\\\/\\\/arealorcaradio.es\\\/index.php\\\/2025\\\/07\\\/28\\\/el-pleno-del-ayuntamiento-de-lorca-aprueba-una-inyeccion-economica-de-28-millones-de-euros-para-garantizar-pagos-a-proveedores-y-servicios-esenciales\\\/#primaryimage\"},\"thumbnailUrl\":\"https:\\\/\\\/arealorcaradio.es\\\/wp-content\\\/uploads\\\/2025\\\/07\\\/VOTACIONES-PLENO.jpeg\",\"datePublished\":\"2025-07-28T16:40:56+00:00\",\"author\":{\"@id\":\"https:\\\/\\\/arealorcaradio.es\\\/#\\\/schema\\\/person\\\/9fae605fc25b0f2c83c1ab207139bd27\"},\"breadcrumb\":{\"@id\":\"https:\\\/\\\/arealorcaradio.es\\\/index.php\\\/2025\\\/07\\\/28\\\/el-pleno-del-ayuntamiento-de-lorca-aprueba-una-inyeccion-economica-de-28-millones-de-euros-para-garantizar-pagos-a-proveedores-y-servicios-esenciales\\\/#breadcrumb\"},\"inLanguage\":\"es\",\"potentialAction\":[{\"@type\":\"ReadAction\",\"target\":[\"https:\\\/\\\/arealorcaradio.es\\\/index.php\\\/2025\\\/07\\\/28\\\/el-pleno-del-ayuntamiento-de-lorca-aprueba-una-inyeccion-economica-de-28-millones-de-euros-para-garantizar-pagos-a-proveedores-y-servicios-esenciales\\\/\"]}]},{\"@type\":\"ImageObject\",\"inLanguage\":\"es\",\"@id\":\"https:\\\/\\\/arealorcaradio.es\\\/index.php\\\/2025\\\/07\\\/28\\\/el-pleno-del-ayuntamiento-de-lorca-aprueba-una-inyeccion-economica-de-28-millones-de-euros-para-garantizar-pagos-a-proveedores-y-servicios-esenciales\\\/#primaryimage\",\"url\":\"https:\\\/\\\/arealorcaradio.es\\\/wp-content\\\/uploads\\\/2025\\\/07\\\/VOTACIONES-PLENO.jpeg\",\"contentUrl\":\"https:\\\/\\\/arealorcaradio.es\\\/wp-content\\\/uploads\\\/2025\\\/07\\\/VOTACIONES-PLENO.jpeg\",\"width\":1600,\"height\":1066},{\"@type\":\"BreadcrumbList\",\"@id\":\"https:\\\/\\\/arealorcaradio.es\\\/index.php\\\/2025\\\/07\\\/28\\\/el-pleno-del-ayuntamiento-de-lorca-aprueba-una-inyeccion-economica-de-28-millones-de-euros-para-garantizar-pagos-a-proveedores-y-servicios-esenciales\\\/#breadcrumb\",\"itemListElement\":[{\"@type\":\"ListItem\",\"position\":1,\"name\":\"Portada\",\"item\":\"https:\\\/\\\/arealorcaradio.es\\\/\"},{\"@type\":\"ListItem\",\"position\":2,\"name\":\"El Pleno del Ayuntamiento de Lorca aprueba una inyecci\u00f3n econ\u00f3mica de 2,8 millones de euros para garantizar pagos a proveedores y servicios esenciales\"}]},{\"@type\":\"WebSite\",\"@id\":\"https:\\\/\\\/arealorcaradio.es\\\/#website\",\"url\":\"https:\\\/\\\/arealorcaradio.es\\\/\",\"name\":\"AREA LORCA RADIO\",\"description\":\"Descubre la programaci\u00f3n actual en \u00c1rea Lorca Radio, tu fuente de entrenamiento y noticias locales. Sintoniza ahora y mantente conectado online.\",\"potentialAction\":[{\"@type\":\"SearchAction\",\"target\":{\"@type\":\"EntryPoint\",\"urlTemplate\":\"https:\\\/\\\/arealorcaradio.es\\\/?s={search_term_string}\"},\"query-input\":{\"@type\":\"PropertyValueSpecification\",\"valueRequired\":true,\"valueName\":\"search_term_string\"}}],\"inLanguage\":\"es\"},{\"@type\":\"Person\",\"@id\":\"https:\\\/\\\/arealorcaradio.es\\\/#\\\/schema\\\/person\\\/9fae605fc25b0f2c83c1ab207139bd27\",\"name\":\"Paco S\u00e1nchez\",\"image\":{\"@type\":\"ImageObject\",\"inLanguage\":\"es\",\"@id\":\"https:\\\/\\\/secure.gravatar.com\\\/avatar\\\/d67144e966420fb74aa84c9f2a0103be4724fd14db52b52d3b6bca749f257e79?s=96&d=mm&r=g\",\"url\":\"https:\\\/\\\/secure.gravatar.com\\\/avatar\\\/d67144e966420fb74aa84c9f2a0103be4724fd14db52b52d3b6bca749f257e79?s=96&d=mm&r=g\",\"contentUrl\":\"https:\\\/\\\/secure.gravatar.com\\\/avatar\\\/d67144e966420fb74aa84c9f2a0103be4724fd14db52b52d3b6bca749f257e79?s=96&d=mm&r=g\",\"caption\":\"Paco S\u00e1nchez\"},\"sameAs\":[\"https:\\\/\\\/arealorcaradio.es\"],\"url\":\"https:\\\/\\\/arealorcaradio.es\\\/index.php\\\/author\\\/admin_alorcaradio\\\/\"}]}<\/script>\n<!-- \/ Yoast SEO plugin. -->","yoast_head_json":{"title":"El Pleno del Ayuntamiento de Lorca aprueba una inyecci\u00f3n econ\u00f3mica de 2,8 millones de euros para garantizar pagos a proveedores y servicios esenciales - AREA LORCA RADIO","robots":{"index":"index","follow":"follow","max-snippet":"max-snippet:-1","max-image-preview":"max-image-preview:large","max-video-preview":"max-video-preview:-1"},"canonical":"https:\/\/arealorcaradio.es\/index.php\/2025\/07\/28\/el-pleno-del-ayuntamiento-de-lorca-aprueba-una-inyeccion-economica-de-28-millones-de-euros-para-garantizar-pagos-a-proveedores-y-servicios-esenciales\/","og_locale":"es_ES","og_type":"article","og_title":"El Pleno del Ayuntamiento de Lorca aprueba una inyecci\u00f3n econ\u00f3mica de 2,8 millones de euros para garantizar pagos a proveedores y servicios esenciales - AREA LORCA RADIO","og_description":"\u00c1REA LORCA RADIO. Econom\u00eda.\u00a0 28 de julio de 2025.\u00a0La concejal de Econom\u00eda y Hacienda del Ayuntamiento de Lorca, Bel\u00e9n P\u00e9rez, ha informado este lunes que el Pleno municipal ha aprobado, con los votos a favor de PP y Vox y la abstenci\u00f3n de PSOE e IU, una moci\u00f3n relativa al reconocimiento extrajudicial de cr\u00e9ditos por [&hellip;]","og_url":"https:\/\/arealorcaradio.es\/index.php\/2025\/07\/28\/el-pleno-del-ayuntamiento-de-lorca-aprueba-una-inyeccion-economica-de-28-millones-de-euros-para-garantizar-pagos-a-proveedores-y-servicios-esenciales\/","og_site_name":"AREA LORCA RADIO","article_published_time":"2025-07-28T16:40:56+00:00","og_image":[{"width":1600,"height":1066,"url":"https:\/\/arealorcaradio.es\/wp-content\/uploads\/2025\/07\/VOTACIONES-PLENO.jpeg","type":"image\/jpeg"}],"author":"Paco S\u00e1nchez","twitter_card":"summary_large_image","twitter_misc":{"Escrito por":"Paco S\u00e1nchez","Tiempo de lectura":"4 minutos"},"schema":{"@context":"https:\/\/schema.org","@graph":[{"@type":"Article","@id":"https:\/\/arealorcaradio.es\/index.php\/2025\/07\/28\/el-pleno-del-ayuntamiento-de-lorca-aprueba-una-inyeccion-economica-de-28-millones-de-euros-para-garantizar-pagos-a-proveedores-y-servicios-esenciales\/#article","isPartOf":{"@id":"https:\/\/arealorcaradio.es\/index.php\/2025\/07\/28\/el-pleno-del-ayuntamiento-de-lorca-aprueba-una-inyeccion-economica-de-28-millones-de-euros-para-garantizar-pagos-a-proveedores-y-servicios-esenciales\/"},"author":{"name":"Paco S\u00e1nchez","@id":"https:\/\/arealorcaradio.es\/#\/schema\/person\/9fae605fc25b0f2c83c1ab207139bd27"},"headline":"El Pleno del Ayuntamiento de Lorca aprueba una inyecci\u00f3n econ\u00f3mica de 2,8 millones de euros para garantizar pagos a proveedores y servicios esenciales","datePublished":"2025-07-28T16:40:56+00:00","mainEntityOfPage":{"@id":"https:\/\/arealorcaradio.es\/index.php\/2025\/07\/28\/el-pleno-del-ayuntamiento-de-lorca-aprueba-una-inyeccion-economica-de-28-millones-de-euros-para-garantizar-pagos-a-proveedores-y-servicios-esenciales\/"},"wordCount":744,"commentCount":0,"image":{"@id":"https:\/\/arealorcaradio.es\/index.php\/2025\/07\/28\/el-pleno-del-ayuntamiento-de-lorca-aprueba-una-inyeccion-economica-de-28-millones-de-euros-para-garantizar-pagos-a-proveedores-y-servicios-esenciales\/#primaryimage"},"thumbnailUrl":"https:\/\/arealorcaradio.es\/wp-content\/uploads\/2025\/07\/VOTACIONES-PLENO.jpeg","articleSection":["ACTUALIDAD","LORCA"],"inLanguage":"es","potentialAction":[{"@type":"CommentAction","name":"Comment","target":["https:\/\/arealorcaradio.es\/index.php\/2025\/07\/28\/el-pleno-del-ayuntamiento-de-lorca-aprueba-una-inyeccion-economica-de-28-millones-de-euros-para-garantizar-pagos-a-proveedores-y-servicios-esenciales\/#respond"]}]},{"@type":"WebPage","@id":"https:\/\/arealorcaradio.es\/index.php\/2025\/07\/28\/el-pleno-del-ayuntamiento-de-lorca-aprueba-una-inyeccion-economica-de-28-millones-de-euros-para-garantizar-pagos-a-proveedores-y-servicios-esenciales\/","url":"https:\/\/arealorcaradio.es\/index.php\/2025\/07\/28\/el-pleno-del-ayuntamiento-de-lorca-aprueba-una-inyeccion-economica-de-28-millones-de-euros-para-garantizar-pagos-a-proveedores-y-servicios-esenciales\/","name":"El Pleno del Ayuntamiento de Lorca aprueba una inyecci\u00f3n econ\u00f3mica de 2,8 millones de euros para garantizar pagos a proveedores y servicios esenciales - AREA LORCA RADIO","isPartOf":{"@id":"https:\/\/arealorcaradio.es\/#website"},"primaryImageOfPage":{"@id":"https:\/\/arealorcaradio.es\/index.php\/2025\/07\/28\/el-pleno-del-ayuntamiento-de-lorca-aprueba-una-inyeccion-economica-de-28-millones-de-euros-para-garantizar-pagos-a-proveedores-y-servicios-esenciales\/#primaryimage"},"image":{"@id":"https:\/\/arealorcaradio.es\/index.php\/2025\/07\/28\/el-pleno-del-ayuntamiento-de-lorca-aprueba-una-inyeccion-economica-de-28-millones-de-euros-para-garantizar-pagos-a-proveedores-y-servicios-esenciales\/#primaryimage"},"thumbnailUrl":"https:\/\/arealorcaradio.es\/wp-content\/uploads\/2025\/07\/VOTACIONES-PLENO.jpeg","datePublished":"2025-07-28T16:40:56+00:00","author":{"@id":"https:\/\/arealorcaradio.es\/#\/schema\/person\/9fae605fc25b0f2c83c1ab207139bd27"},"breadcrumb":{"@id":"https:\/\/arealorcaradio.es\/index.php\/2025\/07\/28\/el-pleno-del-ayuntamiento-de-lorca-aprueba-una-inyeccion-economica-de-28-millones-de-euros-para-garantizar-pagos-a-proveedores-y-servicios-esenciales\/#breadcrumb"},"inLanguage":"es","potentialAction":[{"@type":"ReadAction","target":["https:\/\/arealorcaradio.es\/index.php\/2025\/07\/28\/el-pleno-del-ayuntamiento-de-lorca-aprueba-una-inyeccion-economica-de-28-millones-de-euros-para-garantizar-pagos-a-proveedores-y-servicios-esenciales\/"]}]},{"@type":"ImageObject","inLanguage":"es","@id":"https:\/\/arealorcaradio.es\/index.php\/2025\/07\/28\/el-pleno-del-ayuntamiento-de-lorca-aprueba-una-inyeccion-economica-de-28-millones-de-euros-para-garantizar-pagos-a-proveedores-y-servicios-esenciales\/#primaryimage","url":"https:\/\/arealorcaradio.es\/wp-content\/uploads\/2025\/07\/VOTACIONES-PLENO.jpeg","contentUrl":"https:\/\/arealorcaradio.es\/wp-content\/uploads\/2025\/07\/VOTACIONES-PLENO.jpeg","width":1600,"height":1066},{"@type":"BreadcrumbList","@id":"https:\/\/arealorcaradio.es\/index.php\/2025\/07\/28\/el-pleno-del-ayuntamiento-de-lorca-aprueba-una-inyeccion-economica-de-28-millones-de-euros-para-garantizar-pagos-a-proveedores-y-servicios-esenciales\/#breadcrumb","itemListElement":[{"@type":"ListItem","position":1,"name":"Portada","item":"https:\/\/arealorcaradio.es\/"},{"@type":"ListItem","position":2,"name":"El Pleno del Ayuntamiento de Lorca aprueba una inyecci\u00f3n econ\u00f3mica de 2,8 millones de euros para garantizar pagos a proveedores y servicios esenciales"}]},{"@type":"WebSite","@id":"https:\/\/arealorcaradio.es\/#website","url":"https:\/\/arealorcaradio.es\/","name":"AREA LORCA RADIO","description":"Descubre la programaci\u00f3n actual en \u00c1rea Lorca Radio, tu fuente de entrenamiento y noticias locales. Sintoniza ahora y mantente conectado online.","potentialAction":[{"@type":"SearchAction","target":{"@type":"EntryPoint","urlTemplate":"https:\/\/arealorcaradio.es\/?s={search_term_string}"},"query-input":{"@type":"PropertyValueSpecification","valueRequired":true,"valueName":"search_term_string"}}],"inLanguage":"es"},{"@type":"Person","@id":"https:\/\/arealorcaradio.es\/#\/schema\/person\/9fae605fc25b0f2c83c1ab207139bd27","name":"Paco S\u00e1nchez","image":{"@type":"ImageObject","inLanguage":"es","@id":"https:\/\/secure.gravatar.com\/avatar\/d67144e966420fb74aa84c9f2a0103be4724fd14db52b52d3b6bca749f257e79?s=96&d=mm&r=g","url":"https:\/\/secure.gravatar.com\/avatar\/d67144e966420fb74aa84c9f2a0103be4724fd14db52b52d3b6bca749f257e79?s=96&d=mm&r=g","contentUrl":"https:\/\/secure.gravatar.com\/avatar\/d67144e966420fb74aa84c9f2a0103be4724fd14db52b52d3b6bca749f257e79?s=96&d=mm&r=g","caption":"Paco S\u00e1nchez"},"sameAs":["https:\/\/arealorcaradio.es"],"url":"https:\/\/arealorcaradio.es\/index.php\/author\/admin_alorcaradio\/"}]}},"_links":{"self":[{"href":"https:\/\/arealorcaradio.es\/index.php\/wp-json\/wp\/v2\/posts\/7500","targetHints":{"allow":["GET"]}}],"collection":[{"href":"https:\/\/arealorcaradio.es\/index.php\/wp-json\/wp\/v2\/posts"}],"about":[{"href":"https:\/\/arealorcaradio.es\/index.php\/wp-json\/wp\/v2\/types\/post"}],"author":[{"embeddable":true,"href":"https:\/\/arealorcaradio.es\/index.php\/wp-json\/wp\/v2\/users\/1"}],"replies":[{"embeddable":true,"href":"https:\/\/arealorcaradio.es\/index.php\/wp-json\/wp\/v2\/comments?post=7500"}],"version-history":[{"count":1,"href":"https:\/\/arealorcaradio.es\/index.php\/wp-json\/wp\/v2\/posts\/7500\/revisions"}],"predecessor-version":[{"id":7502,"href":"https:\/\/arealorcaradio.es\/index.php\/wp-json\/wp\/v2\/posts\/7500\/revisions\/7502"}],"wp:featuredmedia":[{"embeddable":true,"href":"https:\/\/arealorcaradio.es\/index.php\/wp-json\/wp\/v2\/media\/7501"}],"wp:attachment":[{"href":"https:\/\/arealorcaradio.es\/index.php\/wp-json\/wp\/v2\/media?parent=7500"}],"wp:term":[{"taxonomy":"category","embeddable":true,"href":"https:\/\/arealorcaradio.es\/index.php\/wp-json\/wp\/v2\/categories?post=7500"},{"taxonomy":"post_tag","embeddable":true,"href":"https:\/\/arealorcaradio.es\/index.php\/wp-json\/wp\/v2\/tags?post=7500"}],"curies":[{"name":"wp","href":"https:\/\/api.w.org\/{rel}","templated":true}]}}