{"id":7484,"date":"2025-07-28T16:41:51","date_gmt":"2025-07-28T16:41:51","guid":{"rendered":"https:\/\/arealorcaradio.es\/?p=7484"},"modified":"2025-07-28T16:41:51","modified_gmt":"2025-07-28T16:41:51","slug":"sebas-meca-para-mi-es-un-premio-estar-con-el-primer-equipo-en-pretemporada","status":"publish","type":"post","link":"https:\/\/arealorcaradio.es\/index.php\/2025\/07\/28\/sebas-meca-para-mi-es-un-premio-estar-con-el-primer-equipo-en-pretemporada\/","title":{"rendered":"Sebas Meca: \u00abPara mi es un premio estar con el primer equipo en pretemporada\u00bb"},"content":{"rendered":"<p><strong>\u00c1REA LORCA RADIO. Deportes.<\/strong><\/p>\n<p><strong>Lorca, 28 de julio de 2025.<\/strong> A sus 22 a\u00f1os el centrocampista natural de la diputaci\u00f3n lorquina de Marchena afronta una temporada donde el filial parte con el objetivo de intentar dar el salto desde la Preferente Auton\u00f3mica a Tercera Federaci\u00f3n. Sebas Meca lleva dos temporadas ofreciendo un gran nivel tras haber superado una grave lesi\u00f3n de rodilla que se produjo tras un accidente de tr\u00e1fico. Lo ocurrido esta todo olvidado y ahora esta plenamente recuperado para hacer lo que m\u00e1s le gusta, disfrutar jugando al f\u00fatbol. Lleg\u00f3 al Lorca Deportiva B la pasada temporada procedente del Yeclano Deportivo B donde fue pieza clave en el filial del equipo del altiplano.<\/p>\n<p>Escucha aqu\u00ed la entrevista que ha concedido <strong>Sebas Meca<\/strong> a <strong>Paco S\u00e1nchez<\/strong> en el programa deportivo de \u00c1rea Lorca Radio.<\/p>\n<audio class=\"wp-audio-shortcode\" id=\"audio-7484-1\" preload=\"none\" style=\"width: 100%;\" controls=\"controls\"><source type=\"audio\/mpeg\" src=\"https:\/\/arealorcaradio.es\/wp-content\/uploads\/2025\/07\/280725-SEBAS-MECA.-LORCA-DEPORTIVA-B.mp3?_=1\" \/><a href=\"https:\/\/arealorcaradio.es\/wp-content\/uploads\/2025\/07\/280725-SEBAS-MECA.-LORCA-DEPORTIVA-B.mp3\">https:\/\/arealorcaradio.es\/wp-content\/uploads\/2025\/07\/280725-SEBAS-MECA.-LORCA-DEPORTIVA-B.mp3<\/a><\/audio>\n<p><img loading=\"lazy\" decoding=\"async\" class=\"alignnone wp-image-7488\" src=\"https:\/\/arealorcaradio.es\/wp-content\/uploads\/2025\/07\/20250728_123518-300x225.jpg\" alt=\"\" width=\"268\" height=\"201\" srcset=\"https:\/\/arealorcaradio.es\/wp-content\/uploads\/2025\/07\/20250728_123518-300x225.jpg 300w, https:\/\/arealorcaradio.es\/wp-content\/uploads\/2025\/07\/20250728_123518-1024x768.jpg 1024w, https:\/\/arealorcaradio.es\/wp-content\/uploads\/2025\/07\/20250728_123518-768x576.jpg 768w, https:\/\/arealorcaradio.es\/wp-content\/uploads\/2025\/07\/20250728_123518-1536x1152.jpg 1536w, https:\/\/arealorcaradio.es\/wp-content\/uploads\/2025\/07\/20250728_123518-2048x1536.jpg 2048w, https:\/\/arealorcaradio.es\/wp-content\/uploads\/2025\/07\/20250728_123518-86x64.jpg 86w\" sizes=\"auto, (max-width: 268px) 100vw, 268px\" \/> <img loading=\"lazy\" decoding=\"async\" class=\"alignnone size-medium wp-image-7489\" src=\"https:\/\/arealorcaradio.es\/wp-content\/uploads\/2025\/07\/IMG-20250728-WA0012-300x200.jpg\" alt=\"\" width=\"300\" height=\"200\" srcset=\"https:\/\/arealorcaradio.es\/wp-content\/uploads\/2025\/07\/IMG-20250728-WA0012-300x200.jpg 300w, https:\/\/arealorcaradio.es\/wp-content\/uploads\/2025\/07\/IMG-20250728-WA0012-1024x683.jpg 1024w, https:\/\/arealorcaradio.es\/wp-content\/uploads\/2025\/07\/IMG-20250728-WA0012-768x512.jpg 768w, https:\/\/arealorcaradio.es\/wp-content\/uploads\/2025\/07\/IMG-20250728-WA0012-1536x1025.jpg 1536w, https:\/\/arealorcaradio.es\/wp-content\/uploads\/2025\/07\/IMG-20250728-WA0012.jpg 2048w\" sizes=\"auto, (max-width: 300px) 100vw, 300px\" \/><\/p>\n<p><img loading=\"lazy\" decoding=\"async\" class=\"alignnone wp-image-7490\" src=\"https:\/\/arealorcaradio.es\/wp-content\/uploads\/2025\/07\/20250728_123434-300x225.jpg\" alt=\"\" width=\"269\" height=\"202\" srcset=\"https:\/\/arealorcaradio.es\/wp-content\/uploads\/2025\/07\/20250728_123434-300x225.jpg 300w, https:\/\/arealorcaradio.es\/wp-content\/uploads\/2025\/07\/20250728_123434-1024x768.jpg 1024w, https:\/\/arealorcaradio.es\/wp-content\/uploads\/2025\/07\/20250728_123434-768x576.jpg 768w, https:\/\/arealorcaradio.es\/wp-content\/uploads\/2025\/07\/20250728_123434-1536x1152.jpg 1536w, https:\/\/arealorcaradio.es\/wp-content\/uploads\/2025\/07\/20250728_123434-2048x1536.jpg 2048w, https:\/\/arealorcaradio.es\/wp-content\/uploads\/2025\/07\/20250728_123434-86x64.jpg 86w\" sizes=\"auto, (max-width: 269px) 100vw, 269px\" \/> <img loading=\"lazy\" decoding=\"async\" class=\"alignnone wp-image-7491\" src=\"https:\/\/arealorcaradio.es\/wp-content\/uploads\/2025\/07\/IMG-20250728-WA0011-300x200.jpg\" alt=\"\" width=\"302\" height=\"201\" srcset=\"https:\/\/arealorcaradio.es\/wp-content\/uploads\/2025\/07\/IMG-20250728-WA0011-300x200.jpg 300w, https:\/\/arealorcaradio.es\/wp-content\/uploads\/2025\/07\/IMG-20250728-WA0011-1024x683.jpg 1024w, https:\/\/arealorcaradio.es\/wp-content\/uploads\/2025\/07\/IMG-20250728-WA0011-768x512.jpg 768w, https:\/\/arealorcaradio.es\/wp-content\/uploads\/2025\/07\/IMG-20250728-WA0011-1536x1025.jpg 1536w, https:\/\/arealorcaradio.es\/wp-content\/uploads\/2025\/07\/IMG-20250728-WA0011.jpg 2048w\" sizes=\"auto, (max-width: 302px) 100vw, 302px\" \/><\/p>\n","protected":false},"excerpt":{"rendered":"<p>\u00c1REA LORCA RADIO. Deportes. Lorca, 28 de julio de 2025. A sus 22 a\u00f1os el centrocampista natural de la diputaci\u00f3n lorquina de Marchena afronta una temporada donde el filial parte con el objetivo de intentar dar el salto desde la Preferente Auton\u00f3mica a Tercera Federaci\u00f3n. Sebas Meca lleva dos temporadas ofreciendo un gran nivel tras [&hellip;]<\/p>\n","protected":false},"author":1,"featured_media":7486,"comment_status":"open","ping_status":"open","sticky":false,"template":"","format":"standard","meta":{"iawp_total_views":83,"footnotes":""},"categories":[4,7],"tags":[],"class_list":["post-7484","post","type-post","status-publish","format-standard","has-post-thumbnail","hentry","category-deportes","category-lorca"],"yoast_head":"<!-- This site is optimized with the Yoast SEO plugin v27.5 - https:\/\/yoast.com\/product\/yoast-seo-wordpress\/ -->\n<title>Sebas Meca: &quot;Para mi es un premio estar con el primer equipo en pretemporada&quot; - AREA LORCA RADIO<\/title>\n<meta name=\"robots\" content=\"index, follow, max-snippet:-1, max-image-preview:large, max-video-preview:-1\" \/>\n<link rel=\"canonical\" href=\"https:\/\/arealorcaradio.es\/index.php\/2025\/07\/28\/sebas-meca-para-mi-es-un-premio-estar-con-el-primer-equipo-en-pretemporada\/\" \/>\n<meta property=\"og:locale\" content=\"es_ES\" \/>\n<meta property=\"og:type\" content=\"article\" \/>\n<meta property=\"og:title\" content=\"Sebas Meca: &quot;Para mi es un premio estar con el primer equipo en pretemporada&quot; - AREA LORCA RADIO\" \/>\n<meta property=\"og:description\" content=\"\u00c1REA LORCA RADIO. Deportes. Lorca, 28 de julio de 2025. A sus 22 a\u00f1os el centrocampista natural de la diputaci\u00f3n lorquina de Marchena afronta una temporada donde el filial parte con el objetivo de intentar dar el salto desde la Preferente Auton\u00f3mica a Tercera Federaci\u00f3n. Sebas Meca lleva dos temporadas ofreciendo un gran nivel tras [&hellip;]\" \/>\n<meta property=\"og:url\" content=\"https:\/\/arealorcaradio.es\/index.php\/2025\/07\/28\/sebas-meca-para-mi-es-un-premio-estar-con-el-primer-equipo-en-pretemporada\/\" \/>\n<meta property=\"og:site_name\" content=\"AREA LORCA RADIO\" \/>\n<meta property=\"article:published_time\" content=\"2025-07-28T16:41:51+00:00\" \/>\n<meta property=\"og:image\" content=\"https:\/\/arealorcaradio.es\/wp-content\/uploads\/2025\/07\/IMG-20250728-WA0010.jpg\" \/>\n\t<meta property=\"og:image:width\" content=\"1920\" \/>\n\t<meta property=\"og:image:height\" content=\"1280\" \/>\n\t<meta property=\"og:image:type\" content=\"image\/jpeg\" \/>\n<meta name=\"author\" content=\"Paco S\u00e1nchez\" \/>\n<meta name=\"twitter:card\" content=\"summary_large_image\" \/>\n<meta name=\"twitter:label1\" content=\"Escrito por\" \/>\n\t<meta name=\"twitter:data1\" content=\"Paco S\u00e1nchez\" \/>\n\t<meta name=\"twitter:label2\" content=\"Tiempo de lectura\" \/>\n\t<meta name=\"twitter:data2\" content=\"2 minutos\" \/>\n<script type=\"application\/ld+json\" class=\"yoast-schema-graph\">{\"@context\":\"https:\\\/\\\/schema.org\",\"@graph\":[{\"@type\":\"Article\",\"@id\":\"https:\\\/\\\/arealorcaradio.es\\\/index.php\\\/2025\\\/07\\\/28\\\/sebas-meca-para-mi-es-un-premio-estar-con-el-primer-equipo-en-pretemporada\\\/#article\",\"isPartOf\":{\"@id\":\"https:\\\/\\\/arealorcaradio.es\\\/index.php\\\/2025\\\/07\\\/28\\\/sebas-meca-para-mi-es-un-premio-estar-con-el-primer-equipo-en-pretemporada\\\/\"},\"author\":{\"name\":\"Paco S\u00e1nchez\",\"@id\":\"https:\\\/\\\/arealorcaradio.es\\\/#\\\/schema\\\/person\\\/9fae605fc25b0f2c83c1ab207139bd27\"},\"headline\":\"Sebas Meca: \u00abPara mi es un premio estar con el primer equipo en pretemporada\u00bb\",\"datePublished\":\"2025-07-28T16:41:51+00:00\",\"mainEntityOfPage\":{\"@id\":\"https:\\\/\\\/arealorcaradio.es\\\/index.php\\\/2025\\\/07\\\/28\\\/sebas-meca-para-mi-es-un-premio-estar-con-el-primer-equipo-en-pretemporada\\\/\"},\"wordCount\":166,\"commentCount\":0,\"image\":{\"@id\":\"https:\\\/\\\/arealorcaradio.es\\\/index.php\\\/2025\\\/07\\\/28\\\/sebas-meca-para-mi-es-un-premio-estar-con-el-primer-equipo-en-pretemporada\\\/#primaryimage\"},\"thumbnailUrl\":\"https:\\\/\\\/arealorcaradio.es\\\/wp-content\\\/uploads\\\/2025\\\/07\\\/IMG-20250728-WA0010.jpg\",\"articleSection\":[\"DEPORTES\",\"LORCA\"],\"inLanguage\":\"es\",\"potentialAction\":[{\"@type\":\"CommentAction\",\"name\":\"Comment\",\"target\":[\"https:\\\/\\\/arealorcaradio.es\\\/index.php\\\/2025\\\/07\\\/28\\\/sebas-meca-para-mi-es-un-premio-estar-con-el-primer-equipo-en-pretemporada\\\/#respond\"]}]},{\"@type\":\"WebPage\",\"@id\":\"https:\\\/\\\/arealorcaradio.es\\\/index.php\\\/2025\\\/07\\\/28\\\/sebas-meca-para-mi-es-un-premio-estar-con-el-primer-equipo-en-pretemporada\\\/\",\"url\":\"https:\\\/\\\/arealorcaradio.es\\\/index.php\\\/2025\\\/07\\\/28\\\/sebas-meca-para-mi-es-un-premio-estar-con-el-primer-equipo-en-pretemporada\\\/\",\"name\":\"Sebas Meca: \\\"Para mi es un premio estar con el primer equipo en pretemporada\\\" - AREA LORCA RADIO\",\"isPartOf\":{\"@id\":\"https:\\\/\\\/arealorcaradio.es\\\/#website\"},\"primaryImageOfPage\":{\"@id\":\"https:\\\/\\\/arealorcaradio.es\\\/index.php\\\/2025\\\/07\\\/28\\\/sebas-meca-para-mi-es-un-premio-estar-con-el-primer-equipo-en-pretemporada\\\/#primaryimage\"},\"image\":{\"@id\":\"https:\\\/\\\/arealorcaradio.es\\\/index.php\\\/2025\\\/07\\\/28\\\/sebas-meca-para-mi-es-un-premio-estar-con-el-primer-equipo-en-pretemporada\\\/#primaryimage\"},\"thumbnailUrl\":\"https:\\\/\\\/arealorcaradio.es\\\/wp-content\\\/uploads\\\/2025\\\/07\\\/IMG-20250728-WA0010.jpg\",\"datePublished\":\"2025-07-28T16:41:51+00:00\",\"author\":{\"@id\":\"https:\\\/\\\/arealorcaradio.es\\\/#\\\/schema\\\/person\\\/9fae605fc25b0f2c83c1ab207139bd27\"},\"breadcrumb\":{\"@id\":\"https:\\\/\\\/arealorcaradio.es\\\/index.php\\\/2025\\\/07\\\/28\\\/sebas-meca-para-mi-es-un-premio-estar-con-el-primer-equipo-en-pretemporada\\\/#breadcrumb\"},\"inLanguage\":\"es\",\"potentialAction\":[{\"@type\":\"ReadAction\",\"target\":[\"https:\\\/\\\/arealorcaradio.es\\\/index.php\\\/2025\\\/07\\\/28\\\/sebas-meca-para-mi-es-un-premio-estar-con-el-primer-equipo-en-pretemporada\\\/\"]}]},{\"@type\":\"ImageObject\",\"inLanguage\":\"es\",\"@id\":\"https:\\\/\\\/arealorcaradio.es\\\/index.php\\\/2025\\\/07\\\/28\\\/sebas-meca-para-mi-es-un-premio-estar-con-el-primer-equipo-en-pretemporada\\\/#primaryimage\",\"url\":\"https:\\\/\\\/arealorcaradio.es\\\/wp-content\\\/uploads\\\/2025\\\/07\\\/IMG-20250728-WA0010.jpg\",\"contentUrl\":\"https:\\\/\\\/arealorcaradio.es\\\/wp-content\\\/uploads\\\/2025\\\/07\\\/IMG-20250728-WA0010.jpg\",\"width\":1920,\"height\":1280},{\"@type\":\"BreadcrumbList\",\"@id\":\"https:\\\/\\\/arealorcaradio.es\\\/index.php\\\/2025\\\/07\\\/28\\\/sebas-meca-para-mi-es-un-premio-estar-con-el-primer-equipo-en-pretemporada\\\/#breadcrumb\",\"itemListElement\":[{\"@type\":\"ListItem\",\"position\":1,\"name\":\"Portada\",\"item\":\"https:\\\/\\\/arealorcaradio.es\\\/\"},{\"@type\":\"ListItem\",\"position\":2,\"name\":\"Sebas Meca: \u00abPara mi es un premio estar con el primer equipo en pretemporada\u00bb\"}]},{\"@type\":\"WebSite\",\"@id\":\"https:\\\/\\\/arealorcaradio.es\\\/#website\",\"url\":\"https:\\\/\\\/arealorcaradio.es\\\/\",\"name\":\"AREA LORCA RADIO\",\"description\":\"Descubre la programaci\u00f3n actual en \u00c1rea Lorca Radio, tu fuente de entrenamiento y noticias locales. Sintoniza ahora y mantente conectado online.\",\"potentialAction\":[{\"@type\":\"SearchAction\",\"target\":{\"@type\":\"EntryPoint\",\"urlTemplate\":\"https:\\\/\\\/arealorcaradio.es\\\/?s={search_term_string}\"},\"query-input\":{\"@type\":\"PropertyValueSpecification\",\"valueRequired\":true,\"valueName\":\"search_term_string\"}}],\"inLanguage\":\"es\"},{\"@type\":\"Person\",\"@id\":\"https:\\\/\\\/arealorcaradio.es\\\/#\\\/schema\\\/person\\\/9fae605fc25b0f2c83c1ab207139bd27\",\"name\":\"Paco S\u00e1nchez\",\"image\":{\"@type\":\"ImageObject\",\"inLanguage\":\"es\",\"@id\":\"https:\\\/\\\/secure.gravatar.com\\\/avatar\\\/d67144e966420fb74aa84c9f2a0103be4724fd14db52b52d3b6bca749f257e79?s=96&d=mm&r=g\",\"url\":\"https:\\\/\\\/secure.gravatar.com\\\/avatar\\\/d67144e966420fb74aa84c9f2a0103be4724fd14db52b52d3b6bca749f257e79?s=96&d=mm&r=g\",\"contentUrl\":\"https:\\\/\\\/secure.gravatar.com\\\/avatar\\\/d67144e966420fb74aa84c9f2a0103be4724fd14db52b52d3b6bca749f257e79?s=96&d=mm&r=g\",\"caption\":\"Paco S\u00e1nchez\"},\"sameAs\":[\"https:\\\/\\\/arealorcaradio.es\"],\"url\":\"https:\\\/\\\/arealorcaradio.es\\\/index.php\\\/author\\\/admin_alorcaradio\\\/\"}]}<\/script>\n<!-- \/ Yoast SEO plugin. -->","yoast_head_json":{"title":"Sebas Meca: \"Para mi es un premio estar con el primer equipo en pretemporada\" - AREA LORCA RADIO","robots":{"index":"index","follow":"follow","max-snippet":"max-snippet:-1","max-image-preview":"max-image-preview:large","max-video-preview":"max-video-preview:-1"},"canonical":"https:\/\/arealorcaradio.es\/index.php\/2025\/07\/28\/sebas-meca-para-mi-es-un-premio-estar-con-el-primer-equipo-en-pretemporada\/","og_locale":"es_ES","og_type":"article","og_title":"Sebas Meca: \"Para mi es un premio estar con el primer equipo en pretemporada\" - AREA LORCA RADIO","og_description":"\u00c1REA LORCA RADIO. Deportes. Lorca, 28 de julio de 2025. A sus 22 a\u00f1os el centrocampista natural de la diputaci\u00f3n lorquina de Marchena afronta una temporada donde el filial parte con el objetivo de intentar dar el salto desde la Preferente Auton\u00f3mica a Tercera Federaci\u00f3n. Sebas Meca lleva dos temporadas ofreciendo un gran nivel tras [&hellip;]","og_url":"https:\/\/arealorcaradio.es\/index.php\/2025\/07\/28\/sebas-meca-para-mi-es-un-premio-estar-con-el-primer-equipo-en-pretemporada\/","og_site_name":"AREA LORCA RADIO","article_published_time":"2025-07-28T16:41:51+00:00","og_image":[{"width":1920,"height":1280,"url":"https:\/\/arealorcaradio.es\/wp-content\/uploads\/2025\/07\/IMG-20250728-WA0010.jpg","type":"image\/jpeg"}],"author":"Paco S\u00e1nchez","twitter_card":"summary_large_image","twitter_misc":{"Escrito por":"Paco S\u00e1nchez","Tiempo de lectura":"2 minutos"},"schema":{"@context":"https:\/\/schema.org","@graph":[{"@type":"Article","@id":"https:\/\/arealorcaradio.es\/index.php\/2025\/07\/28\/sebas-meca-para-mi-es-un-premio-estar-con-el-primer-equipo-en-pretemporada\/#article","isPartOf":{"@id":"https:\/\/arealorcaradio.es\/index.php\/2025\/07\/28\/sebas-meca-para-mi-es-un-premio-estar-con-el-primer-equipo-en-pretemporada\/"},"author":{"name":"Paco S\u00e1nchez","@id":"https:\/\/arealorcaradio.es\/#\/schema\/person\/9fae605fc25b0f2c83c1ab207139bd27"},"headline":"Sebas Meca: \u00abPara mi es un premio estar con el primer equipo en pretemporada\u00bb","datePublished":"2025-07-28T16:41:51+00:00","mainEntityOfPage":{"@id":"https:\/\/arealorcaradio.es\/index.php\/2025\/07\/28\/sebas-meca-para-mi-es-un-premio-estar-con-el-primer-equipo-en-pretemporada\/"},"wordCount":166,"commentCount":0,"image":{"@id":"https:\/\/arealorcaradio.es\/index.php\/2025\/07\/28\/sebas-meca-para-mi-es-un-premio-estar-con-el-primer-equipo-en-pretemporada\/#primaryimage"},"thumbnailUrl":"https:\/\/arealorcaradio.es\/wp-content\/uploads\/2025\/07\/IMG-20250728-WA0010.jpg","articleSection":["DEPORTES","LORCA"],"inLanguage":"es","potentialAction":[{"@type":"CommentAction","name":"Comment","target":["https:\/\/arealorcaradio.es\/index.php\/2025\/07\/28\/sebas-meca-para-mi-es-un-premio-estar-con-el-primer-equipo-en-pretemporada\/#respond"]}]},{"@type":"WebPage","@id":"https:\/\/arealorcaradio.es\/index.php\/2025\/07\/28\/sebas-meca-para-mi-es-un-premio-estar-con-el-primer-equipo-en-pretemporada\/","url":"https:\/\/arealorcaradio.es\/index.php\/2025\/07\/28\/sebas-meca-para-mi-es-un-premio-estar-con-el-primer-equipo-en-pretemporada\/","name":"Sebas Meca: \"Para mi es un premio estar con el primer equipo en pretemporada\" - AREA LORCA RADIO","isPartOf":{"@id":"https:\/\/arealorcaradio.es\/#website"},"primaryImageOfPage":{"@id":"https:\/\/arealorcaradio.es\/index.php\/2025\/07\/28\/sebas-meca-para-mi-es-un-premio-estar-con-el-primer-equipo-en-pretemporada\/#primaryimage"},"image":{"@id":"https:\/\/arealorcaradio.es\/index.php\/2025\/07\/28\/sebas-meca-para-mi-es-un-premio-estar-con-el-primer-equipo-en-pretemporada\/#primaryimage"},"thumbnailUrl":"https:\/\/arealorcaradio.es\/wp-content\/uploads\/2025\/07\/IMG-20250728-WA0010.jpg","datePublished":"2025-07-28T16:41:51+00:00","author":{"@id":"https:\/\/arealorcaradio.es\/#\/schema\/person\/9fae605fc25b0f2c83c1ab207139bd27"},"breadcrumb":{"@id":"https:\/\/arealorcaradio.es\/index.php\/2025\/07\/28\/sebas-meca-para-mi-es-un-premio-estar-con-el-primer-equipo-en-pretemporada\/#breadcrumb"},"inLanguage":"es","potentialAction":[{"@type":"ReadAction","target":["https:\/\/arealorcaradio.es\/index.php\/2025\/07\/28\/sebas-meca-para-mi-es-un-premio-estar-con-el-primer-equipo-en-pretemporada\/"]}]},{"@type":"ImageObject","inLanguage":"es","@id":"https:\/\/arealorcaradio.es\/index.php\/2025\/07\/28\/sebas-meca-para-mi-es-un-premio-estar-con-el-primer-equipo-en-pretemporada\/#primaryimage","url":"https:\/\/arealorcaradio.es\/wp-content\/uploads\/2025\/07\/IMG-20250728-WA0010.jpg","contentUrl":"https:\/\/arealorcaradio.es\/wp-content\/uploads\/2025\/07\/IMG-20250728-WA0010.jpg","width":1920,"height":1280},{"@type":"BreadcrumbList","@id":"https:\/\/arealorcaradio.es\/index.php\/2025\/07\/28\/sebas-meca-para-mi-es-un-premio-estar-con-el-primer-equipo-en-pretemporada\/#breadcrumb","itemListElement":[{"@type":"ListItem","position":1,"name":"Portada","item":"https:\/\/arealorcaradio.es\/"},{"@type":"ListItem","position":2,"name":"Sebas Meca: \u00abPara mi es un premio estar con el primer equipo en pretemporada\u00bb"}]},{"@type":"WebSite","@id":"https:\/\/arealorcaradio.es\/#website","url":"https:\/\/arealorcaradio.es\/","name":"AREA LORCA RADIO","description":"Descubre la programaci\u00f3n actual en \u00c1rea Lorca Radio, tu fuente de entrenamiento y noticias locales. Sintoniza ahora y mantente conectado online.","potentialAction":[{"@type":"SearchAction","target":{"@type":"EntryPoint","urlTemplate":"https:\/\/arealorcaradio.es\/?s={search_term_string}"},"query-input":{"@type":"PropertyValueSpecification","valueRequired":true,"valueName":"search_term_string"}}],"inLanguage":"es"},{"@type":"Person","@id":"https:\/\/arealorcaradio.es\/#\/schema\/person\/9fae605fc25b0f2c83c1ab207139bd27","name":"Paco S\u00e1nchez","image":{"@type":"ImageObject","inLanguage":"es","@id":"https:\/\/secure.gravatar.com\/avatar\/d67144e966420fb74aa84c9f2a0103be4724fd14db52b52d3b6bca749f257e79?s=96&d=mm&r=g","url":"https:\/\/secure.gravatar.com\/avatar\/d67144e966420fb74aa84c9f2a0103be4724fd14db52b52d3b6bca749f257e79?s=96&d=mm&r=g","contentUrl":"https:\/\/secure.gravatar.com\/avatar\/d67144e966420fb74aa84c9f2a0103be4724fd14db52b52d3b6bca749f257e79?s=96&d=mm&r=g","caption":"Paco S\u00e1nchez"},"sameAs":["https:\/\/arealorcaradio.es"],"url":"https:\/\/arealorcaradio.es\/index.php\/author\/admin_alorcaradio\/"}]}},"_links":{"self":[{"href":"https:\/\/arealorcaradio.es\/index.php\/wp-json\/wp\/v2\/posts\/7484","targetHints":{"allow":["GET"]}}],"collection":[{"href":"https:\/\/arealorcaradio.es\/index.php\/wp-json\/wp\/v2\/posts"}],"about":[{"href":"https:\/\/arealorcaradio.es\/index.php\/wp-json\/wp\/v2\/types\/post"}],"author":[{"embeddable":true,"href":"https:\/\/arealorcaradio.es\/index.php\/wp-json\/wp\/v2\/users\/1"}],"replies":[{"embeddable":true,"href":"https:\/\/arealorcaradio.es\/index.php\/wp-json\/wp\/v2\/comments?post=7484"}],"version-history":[{"count":5,"href":"https:\/\/arealorcaradio.es\/index.php\/wp-json\/wp\/v2\/posts\/7484\/revisions"}],"predecessor-version":[{"id":7503,"href":"https:\/\/arealorcaradio.es\/index.php\/wp-json\/wp\/v2\/posts\/7484\/revisions\/7503"}],"wp:featuredmedia":[{"embeddable":true,"href":"https:\/\/arealorcaradio.es\/index.php\/wp-json\/wp\/v2\/media\/7486"}],"wp:attachment":[{"href":"https:\/\/arealorcaradio.es\/index.php\/wp-json\/wp\/v2\/media?parent=7484"}],"wp:term":[{"taxonomy":"category","embeddable":true,"href":"https:\/\/arealorcaradio.es\/index.php\/wp-json\/wp\/v2\/categories?post=7484"},{"taxonomy":"post_tag","embeddable":true,"href":"https:\/\/arealorcaradio.es\/index.php\/wp-json\/wp\/v2\/tags?post=7484"}],"curies":[{"name":"wp","href":"https:\/\/api.w.org\/{rel}","templated":true}]}}