{"id":7476,"date":"2025-07-25T16:52:22","date_gmt":"2025-07-25T16:52:22","guid":{"rendered":"https:\/\/arealorcaradio.es\/?p=7476"},"modified":"2025-07-25T16:52:22","modified_gmt":"2025-07-25T16:52:22","slug":"saturday-le-dije-a-david-que-estuviera-tranquilo-que-vendria-a-jugar-al-lorca-deportiva","status":"publish","type":"post","link":"https:\/\/arealorcaradio.es\/index.php\/2025\/07\/25\/saturday-le-dije-a-david-que-estuviera-tranquilo-que-vendria-a-jugar-al-lorca-deportiva\/","title":{"rendered":"Saturday: \u00abLe dije a David que estuviera tranquilo que vendr\u00eda a jugar al Lorca Deportiva\u00bb"},"content":{"rendered":"<p><strong>\u00c1REA LORCA RADIO. Deportes.<\/strong><\/p>\n<p>Escucha aqu\u00ed la entrevista que ha concedido a Paco S\u00e1nchez en el programa deportivo de \u00c1rea Lorca Radio, el nuevo central del Lorca Deportiva, el nigeriano de 27 a\u00f1os <strong>Saturday<\/strong> Keigo Erimuya que ha llegado procedente del UE Sant Andreu .<\/p>\n<p><strong>Saturday<\/strong> ha comentado que esta muy contento de poder defender la camiseta del club lorquino, que se ha encontrado un gran grupo y ha tenido muy buenas palabras para su entrenador Sebas L\u00f3pez. Del Grupo 4 de Segunda Federaci\u00f3n ha indicado que es un grupo que le gusta y que ser\u00e1 muy competitivo.<\/p>\n<audio class=\"wp-audio-shortcode\" id=\"audio-7476-1\" preload=\"none\" style=\"width: 100%;\" controls=\"controls\"><source type=\"audio\/mpeg\" src=\"https:\/\/arealorcaradio.es\/wp-content\/uploads\/2025\/07\/250725-SATURDAY-KEIGO.-LORCA-DEPORTIVA.mp3?_=1\" \/><a href=\"https:\/\/arealorcaradio.es\/wp-content\/uploads\/2025\/07\/250725-SATURDAY-KEIGO.-LORCA-DEPORTIVA.mp3\">https:\/\/arealorcaradio.es\/wp-content\/uploads\/2025\/07\/250725-SATURDAY-KEIGO.-LORCA-DEPORTIVA.mp3<\/a><\/audio>\n<p>El futbolista ha pasado por equipos filiales como el C\u00e1diz CF, Real Valladolid, Deportivo Arag\u00f3n, adem\u00e1s del AD Ceuta y UE Sant Andreu.<\/p>\n<p><img loading=\"lazy\" decoding=\"async\" class=\"alignnone size-medium wp-image-7480\" src=\"https:\/\/arealorcaradio.es\/wp-content\/uploads\/2025\/07\/IMG-20250725-WA0048-200x300.jpg\" alt=\"\" width=\"200\" height=\"300\" srcset=\"https:\/\/arealorcaradio.es\/wp-content\/uploads\/2025\/07\/IMG-20250725-WA0048-200x300.jpg 200w, https:\/\/arealorcaradio.es\/wp-content\/uploads\/2025\/07\/IMG-20250725-WA0048-683x1024.jpg 683w, https:\/\/arealorcaradio.es\/wp-content\/uploads\/2025\/07\/IMG-20250725-WA0048-768x1152.jpg 768w, https:\/\/arealorcaradio.es\/wp-content\/uploads\/2025\/07\/IMG-20250725-WA0048-1024x1536.jpg 1024w, https:\/\/arealorcaradio.es\/wp-content\/uploads\/2025\/07\/IMG-20250725-WA0048.jpg 1280w\" sizes=\"auto, (max-width: 200px) 100vw, 200px\" \/> <img loading=\"lazy\" decoding=\"async\" class=\"alignnone size-medium wp-image-7481\" src=\"https:\/\/arealorcaradio.es\/wp-content\/uploads\/2025\/07\/IMG-20250725-WA0046-200x300.jpg\" alt=\"\" width=\"200\" height=\"300\" srcset=\"https:\/\/arealorcaradio.es\/wp-content\/uploads\/2025\/07\/IMG-20250725-WA0046-200x300.jpg 200w, https:\/\/arealorcaradio.es\/wp-content\/uploads\/2025\/07\/IMG-20250725-WA0046-683x1024.jpg 683w, https:\/\/arealorcaradio.es\/wp-content\/uploads\/2025\/07\/IMG-20250725-WA0046-768x1152.jpg 768w, https:\/\/arealorcaradio.es\/wp-content\/uploads\/2025\/07\/IMG-20250725-WA0046-1024x1536.jpg 1024w, https:\/\/arealorcaradio.es\/wp-content\/uploads\/2025\/07\/IMG-20250725-WA0046.jpg 1280w\" sizes=\"auto, (max-width: 200px) 100vw, 200px\" \/> <img loading=\"lazy\" decoding=\"async\" class=\"alignnone size-medium wp-image-7482\" src=\"https:\/\/arealorcaradio.es\/wp-content\/uploads\/2025\/07\/IMG-20250725-WA0050-200x300.jpg\" alt=\"\" width=\"200\" height=\"300\" srcset=\"https:\/\/arealorcaradio.es\/wp-content\/uploads\/2025\/07\/IMG-20250725-WA0050-200x300.jpg 200w, https:\/\/arealorcaradio.es\/wp-content\/uploads\/2025\/07\/IMG-20250725-WA0050-683x1024.jpg 683w, https:\/\/arealorcaradio.es\/wp-content\/uploads\/2025\/07\/IMG-20250725-WA0050-768x1152.jpg 768w, https:\/\/arealorcaradio.es\/wp-content\/uploads\/2025\/07\/IMG-20250725-WA0050-1024x1536.jpg 1024w, https:\/\/arealorcaradio.es\/wp-content\/uploads\/2025\/07\/IMG-20250725-WA0050.jpg 1280w\" sizes=\"auto, (max-width: 200px) 100vw, 200px\" \/><\/p>\n","protected":false},"excerpt":{"rendered":"<p>\u00c1REA LORCA RADIO. Deportes. Escucha aqu\u00ed la entrevista que ha concedido a Paco S\u00e1nchez en el programa deportivo de \u00c1rea Lorca Radio, el nuevo central del Lorca Deportiva, el nigeriano de 27 a\u00f1os Saturday Keigo Erimuya que ha llegado procedente del UE Sant Andreu . Saturday ha comentado que esta muy contento de poder defender [&hellip;]<\/p>\n","protected":false},"author":1,"featured_media":7478,"comment_status":"open","ping_status":"open","sticky":false,"template":"","format":"standard","meta":{"iawp_total_views":94,"footnotes":""},"categories":[4,7],"tags":[],"class_list":["post-7476","post","type-post","status-publish","format-standard","has-post-thumbnail","hentry","category-deportes","category-lorca"],"yoast_head":"<!-- This site is optimized with the Yoast SEO plugin v27.5 - https:\/\/yoast.com\/product\/yoast-seo-wordpress\/ -->\n<title>Saturday: &quot;Le dije a David que estuviera tranquilo que vendr\u00eda a jugar al Lorca Deportiva&quot; - AREA LORCA RADIO<\/title>\n<meta name=\"robots\" content=\"index, follow, max-snippet:-1, max-image-preview:large, max-video-preview:-1\" \/>\n<link rel=\"canonical\" href=\"https:\/\/arealorcaradio.es\/index.php\/2025\/07\/25\/saturday-le-dije-a-david-que-estuviera-tranquilo-que-vendria-a-jugar-al-lorca-deportiva\/\" \/>\n<meta property=\"og:locale\" content=\"es_ES\" \/>\n<meta property=\"og:type\" content=\"article\" \/>\n<meta property=\"og:title\" content=\"Saturday: &quot;Le dije a David que estuviera tranquilo que vendr\u00eda a jugar al Lorca Deportiva&quot; - AREA LORCA RADIO\" \/>\n<meta property=\"og:description\" content=\"\u00c1REA LORCA RADIO. Deportes. Escucha aqu\u00ed la entrevista que ha concedido a Paco S\u00e1nchez en el programa deportivo de \u00c1rea Lorca Radio, el nuevo central del Lorca Deportiva, el nigeriano de 27 a\u00f1os Saturday Keigo Erimuya que ha llegado procedente del UE Sant Andreu . Saturday ha comentado que esta muy contento de poder defender [&hellip;]\" \/>\n<meta property=\"og:url\" content=\"https:\/\/arealorcaradio.es\/index.php\/2025\/07\/25\/saturday-le-dije-a-david-que-estuviera-tranquilo-que-vendria-a-jugar-al-lorca-deportiva\/\" \/>\n<meta property=\"og:site_name\" content=\"AREA LORCA RADIO\" \/>\n<meta property=\"article:published_time\" content=\"2025-07-25T16:52:22+00:00\" \/>\n<meta property=\"og:image\" content=\"https:\/\/arealorcaradio.es\/wp-content\/uploads\/2025\/07\/IMG-20250725-WA0059.jpg\" \/>\n\t<meta property=\"og:image:width\" content=\"1920\" \/>\n\t<meta property=\"og:image:height\" content=\"1280\" \/>\n\t<meta property=\"og:image:type\" content=\"image\/jpeg\" \/>\n<meta name=\"author\" content=\"Paco S\u00e1nchez\" \/>\n<meta name=\"twitter:card\" content=\"summary_large_image\" \/>\n<meta name=\"twitter:label1\" content=\"Escrito por\" \/>\n\t<meta name=\"twitter:data1\" content=\"Paco S\u00e1nchez\" \/>\n\t<meta name=\"twitter:label2\" content=\"Tiempo de lectura\" \/>\n\t<meta name=\"twitter:data2\" content=\"2 minutos\" \/>\n<script type=\"application\/ld+json\" class=\"yoast-schema-graph\">{\"@context\":\"https:\\\/\\\/schema.org\",\"@graph\":[{\"@type\":\"Article\",\"@id\":\"https:\\\/\\\/arealorcaradio.es\\\/index.php\\\/2025\\\/07\\\/25\\\/saturday-le-dije-a-david-que-estuviera-tranquilo-que-vendria-a-jugar-al-lorca-deportiva\\\/#article\",\"isPartOf\":{\"@id\":\"https:\\\/\\\/arealorcaradio.es\\\/index.php\\\/2025\\\/07\\\/25\\\/saturday-le-dije-a-david-que-estuviera-tranquilo-que-vendria-a-jugar-al-lorca-deportiva\\\/\"},\"author\":{\"name\":\"Paco S\u00e1nchez\",\"@id\":\"https:\\\/\\\/arealorcaradio.es\\\/#\\\/schema\\\/person\\\/9fae605fc25b0f2c83c1ab207139bd27\"},\"headline\":\"Saturday: \u00abLe dije a David que estuviera tranquilo que vendr\u00eda a jugar al Lorca Deportiva\u00bb\",\"datePublished\":\"2025-07-25T16:52:22+00:00\",\"mainEntityOfPage\":{\"@id\":\"https:\\\/\\\/arealorcaradio.es\\\/index.php\\\/2025\\\/07\\\/25\\\/saturday-le-dije-a-david-que-estuviera-tranquilo-que-vendria-a-jugar-al-lorca-deportiva\\\/\"},\"wordCount\":152,\"commentCount\":0,\"image\":{\"@id\":\"https:\\\/\\\/arealorcaradio.es\\\/index.php\\\/2025\\\/07\\\/25\\\/saturday-le-dije-a-david-que-estuviera-tranquilo-que-vendria-a-jugar-al-lorca-deportiva\\\/#primaryimage\"},\"thumbnailUrl\":\"https:\\\/\\\/arealorcaradio.es\\\/wp-content\\\/uploads\\\/2025\\\/07\\\/IMG-20250725-WA0059.jpg\",\"articleSection\":[\"DEPORTES\",\"LORCA\"],\"inLanguage\":\"es\",\"potentialAction\":[{\"@type\":\"CommentAction\",\"name\":\"Comment\",\"target\":[\"https:\\\/\\\/arealorcaradio.es\\\/index.php\\\/2025\\\/07\\\/25\\\/saturday-le-dije-a-david-que-estuviera-tranquilo-que-vendria-a-jugar-al-lorca-deportiva\\\/#respond\"]}]},{\"@type\":\"WebPage\",\"@id\":\"https:\\\/\\\/arealorcaradio.es\\\/index.php\\\/2025\\\/07\\\/25\\\/saturday-le-dije-a-david-que-estuviera-tranquilo-que-vendria-a-jugar-al-lorca-deportiva\\\/\",\"url\":\"https:\\\/\\\/arealorcaradio.es\\\/index.php\\\/2025\\\/07\\\/25\\\/saturday-le-dije-a-david-que-estuviera-tranquilo-que-vendria-a-jugar-al-lorca-deportiva\\\/\",\"name\":\"Saturday: \\\"Le dije a David que estuviera tranquilo que vendr\u00eda a jugar al Lorca Deportiva\\\" - AREA LORCA RADIO\",\"isPartOf\":{\"@id\":\"https:\\\/\\\/arealorcaradio.es\\\/#website\"},\"primaryImageOfPage\":{\"@id\":\"https:\\\/\\\/arealorcaradio.es\\\/index.php\\\/2025\\\/07\\\/25\\\/saturday-le-dije-a-david-que-estuviera-tranquilo-que-vendria-a-jugar-al-lorca-deportiva\\\/#primaryimage\"},\"image\":{\"@id\":\"https:\\\/\\\/arealorcaradio.es\\\/index.php\\\/2025\\\/07\\\/25\\\/saturday-le-dije-a-david-que-estuviera-tranquilo-que-vendria-a-jugar-al-lorca-deportiva\\\/#primaryimage\"},\"thumbnailUrl\":\"https:\\\/\\\/arealorcaradio.es\\\/wp-content\\\/uploads\\\/2025\\\/07\\\/IMG-20250725-WA0059.jpg\",\"datePublished\":\"2025-07-25T16:52:22+00:00\",\"author\":{\"@id\":\"https:\\\/\\\/arealorcaradio.es\\\/#\\\/schema\\\/person\\\/9fae605fc25b0f2c83c1ab207139bd27\"},\"breadcrumb\":{\"@id\":\"https:\\\/\\\/arealorcaradio.es\\\/index.php\\\/2025\\\/07\\\/25\\\/saturday-le-dije-a-david-que-estuviera-tranquilo-que-vendria-a-jugar-al-lorca-deportiva\\\/#breadcrumb\"},\"inLanguage\":\"es\",\"potentialAction\":[{\"@type\":\"ReadAction\",\"target\":[\"https:\\\/\\\/arealorcaradio.es\\\/index.php\\\/2025\\\/07\\\/25\\\/saturday-le-dije-a-david-que-estuviera-tranquilo-que-vendria-a-jugar-al-lorca-deportiva\\\/\"]}]},{\"@type\":\"ImageObject\",\"inLanguage\":\"es\",\"@id\":\"https:\\\/\\\/arealorcaradio.es\\\/index.php\\\/2025\\\/07\\\/25\\\/saturday-le-dije-a-david-que-estuviera-tranquilo-que-vendria-a-jugar-al-lorca-deportiva\\\/#primaryimage\",\"url\":\"https:\\\/\\\/arealorcaradio.es\\\/wp-content\\\/uploads\\\/2025\\\/07\\\/IMG-20250725-WA0059.jpg\",\"contentUrl\":\"https:\\\/\\\/arealorcaradio.es\\\/wp-content\\\/uploads\\\/2025\\\/07\\\/IMG-20250725-WA0059.jpg\",\"width\":1920,\"height\":1280},{\"@type\":\"BreadcrumbList\",\"@id\":\"https:\\\/\\\/arealorcaradio.es\\\/index.php\\\/2025\\\/07\\\/25\\\/saturday-le-dije-a-david-que-estuviera-tranquilo-que-vendria-a-jugar-al-lorca-deportiva\\\/#breadcrumb\",\"itemListElement\":[{\"@type\":\"ListItem\",\"position\":1,\"name\":\"Portada\",\"item\":\"https:\\\/\\\/arealorcaradio.es\\\/\"},{\"@type\":\"ListItem\",\"position\":2,\"name\":\"Saturday: \u00abLe dije a David que estuviera tranquilo que vendr\u00eda a jugar al Lorca Deportiva\u00bb\"}]},{\"@type\":\"WebSite\",\"@id\":\"https:\\\/\\\/arealorcaradio.es\\\/#website\",\"url\":\"https:\\\/\\\/arealorcaradio.es\\\/\",\"name\":\"AREA LORCA RADIO\",\"description\":\"Descubre la programaci\u00f3n actual en \u00c1rea Lorca Radio, tu fuente de entrenamiento y noticias locales. Sintoniza ahora y mantente conectado online.\",\"potentialAction\":[{\"@type\":\"SearchAction\",\"target\":{\"@type\":\"EntryPoint\",\"urlTemplate\":\"https:\\\/\\\/arealorcaradio.es\\\/?s={search_term_string}\"},\"query-input\":{\"@type\":\"PropertyValueSpecification\",\"valueRequired\":true,\"valueName\":\"search_term_string\"}}],\"inLanguage\":\"es\"},{\"@type\":\"Person\",\"@id\":\"https:\\\/\\\/arealorcaradio.es\\\/#\\\/schema\\\/person\\\/9fae605fc25b0f2c83c1ab207139bd27\",\"name\":\"Paco S\u00e1nchez\",\"image\":{\"@type\":\"ImageObject\",\"inLanguage\":\"es\",\"@id\":\"https:\\\/\\\/secure.gravatar.com\\\/avatar\\\/d67144e966420fb74aa84c9f2a0103be4724fd14db52b52d3b6bca749f257e79?s=96&d=mm&r=g\",\"url\":\"https:\\\/\\\/secure.gravatar.com\\\/avatar\\\/d67144e966420fb74aa84c9f2a0103be4724fd14db52b52d3b6bca749f257e79?s=96&d=mm&r=g\",\"contentUrl\":\"https:\\\/\\\/secure.gravatar.com\\\/avatar\\\/d67144e966420fb74aa84c9f2a0103be4724fd14db52b52d3b6bca749f257e79?s=96&d=mm&r=g\",\"caption\":\"Paco S\u00e1nchez\"},\"sameAs\":[\"https:\\\/\\\/arealorcaradio.es\"],\"url\":\"https:\\\/\\\/arealorcaradio.es\\\/index.php\\\/author\\\/admin_alorcaradio\\\/\"}]}<\/script>\n<!-- \/ Yoast SEO plugin. -->","yoast_head_json":{"title":"Saturday: \"Le dije a David que estuviera tranquilo que vendr\u00eda a jugar al Lorca Deportiva\" - AREA LORCA RADIO","robots":{"index":"index","follow":"follow","max-snippet":"max-snippet:-1","max-image-preview":"max-image-preview:large","max-video-preview":"max-video-preview:-1"},"canonical":"https:\/\/arealorcaradio.es\/index.php\/2025\/07\/25\/saturday-le-dije-a-david-que-estuviera-tranquilo-que-vendria-a-jugar-al-lorca-deportiva\/","og_locale":"es_ES","og_type":"article","og_title":"Saturday: \"Le dije a David que estuviera tranquilo que vendr\u00eda a jugar al Lorca Deportiva\" - AREA LORCA RADIO","og_description":"\u00c1REA LORCA RADIO. Deportes. Escucha aqu\u00ed la entrevista que ha concedido a Paco S\u00e1nchez en el programa deportivo de \u00c1rea Lorca Radio, el nuevo central del Lorca Deportiva, el nigeriano de 27 a\u00f1os Saturday Keigo Erimuya que ha llegado procedente del UE Sant Andreu . Saturday ha comentado que esta muy contento de poder defender [&hellip;]","og_url":"https:\/\/arealorcaradio.es\/index.php\/2025\/07\/25\/saturday-le-dije-a-david-que-estuviera-tranquilo-que-vendria-a-jugar-al-lorca-deportiva\/","og_site_name":"AREA LORCA RADIO","article_published_time":"2025-07-25T16:52:22+00:00","og_image":[{"width":1920,"height":1280,"url":"https:\/\/arealorcaradio.es\/wp-content\/uploads\/2025\/07\/IMG-20250725-WA0059.jpg","type":"image\/jpeg"}],"author":"Paco S\u00e1nchez","twitter_card":"summary_large_image","twitter_misc":{"Escrito por":"Paco S\u00e1nchez","Tiempo de lectura":"2 minutos"},"schema":{"@context":"https:\/\/schema.org","@graph":[{"@type":"Article","@id":"https:\/\/arealorcaradio.es\/index.php\/2025\/07\/25\/saturday-le-dije-a-david-que-estuviera-tranquilo-que-vendria-a-jugar-al-lorca-deportiva\/#article","isPartOf":{"@id":"https:\/\/arealorcaradio.es\/index.php\/2025\/07\/25\/saturday-le-dije-a-david-que-estuviera-tranquilo-que-vendria-a-jugar-al-lorca-deportiva\/"},"author":{"name":"Paco S\u00e1nchez","@id":"https:\/\/arealorcaradio.es\/#\/schema\/person\/9fae605fc25b0f2c83c1ab207139bd27"},"headline":"Saturday: \u00abLe dije a David que estuviera tranquilo que vendr\u00eda a jugar al Lorca Deportiva\u00bb","datePublished":"2025-07-25T16:52:22+00:00","mainEntityOfPage":{"@id":"https:\/\/arealorcaradio.es\/index.php\/2025\/07\/25\/saturday-le-dije-a-david-que-estuviera-tranquilo-que-vendria-a-jugar-al-lorca-deportiva\/"},"wordCount":152,"commentCount":0,"image":{"@id":"https:\/\/arealorcaradio.es\/index.php\/2025\/07\/25\/saturday-le-dije-a-david-que-estuviera-tranquilo-que-vendria-a-jugar-al-lorca-deportiva\/#primaryimage"},"thumbnailUrl":"https:\/\/arealorcaradio.es\/wp-content\/uploads\/2025\/07\/IMG-20250725-WA0059.jpg","articleSection":["DEPORTES","LORCA"],"inLanguage":"es","potentialAction":[{"@type":"CommentAction","name":"Comment","target":["https:\/\/arealorcaradio.es\/index.php\/2025\/07\/25\/saturday-le-dije-a-david-que-estuviera-tranquilo-que-vendria-a-jugar-al-lorca-deportiva\/#respond"]}]},{"@type":"WebPage","@id":"https:\/\/arealorcaradio.es\/index.php\/2025\/07\/25\/saturday-le-dije-a-david-que-estuviera-tranquilo-que-vendria-a-jugar-al-lorca-deportiva\/","url":"https:\/\/arealorcaradio.es\/index.php\/2025\/07\/25\/saturday-le-dije-a-david-que-estuviera-tranquilo-que-vendria-a-jugar-al-lorca-deportiva\/","name":"Saturday: \"Le dije a David que estuviera tranquilo que vendr\u00eda a jugar al Lorca Deportiva\" - AREA LORCA RADIO","isPartOf":{"@id":"https:\/\/arealorcaradio.es\/#website"},"primaryImageOfPage":{"@id":"https:\/\/arealorcaradio.es\/index.php\/2025\/07\/25\/saturday-le-dije-a-david-que-estuviera-tranquilo-que-vendria-a-jugar-al-lorca-deportiva\/#primaryimage"},"image":{"@id":"https:\/\/arealorcaradio.es\/index.php\/2025\/07\/25\/saturday-le-dije-a-david-que-estuviera-tranquilo-que-vendria-a-jugar-al-lorca-deportiva\/#primaryimage"},"thumbnailUrl":"https:\/\/arealorcaradio.es\/wp-content\/uploads\/2025\/07\/IMG-20250725-WA0059.jpg","datePublished":"2025-07-25T16:52:22+00:00","author":{"@id":"https:\/\/arealorcaradio.es\/#\/schema\/person\/9fae605fc25b0f2c83c1ab207139bd27"},"breadcrumb":{"@id":"https:\/\/arealorcaradio.es\/index.php\/2025\/07\/25\/saturday-le-dije-a-david-que-estuviera-tranquilo-que-vendria-a-jugar-al-lorca-deportiva\/#breadcrumb"},"inLanguage":"es","potentialAction":[{"@type":"ReadAction","target":["https:\/\/arealorcaradio.es\/index.php\/2025\/07\/25\/saturday-le-dije-a-david-que-estuviera-tranquilo-que-vendria-a-jugar-al-lorca-deportiva\/"]}]},{"@type":"ImageObject","inLanguage":"es","@id":"https:\/\/arealorcaradio.es\/index.php\/2025\/07\/25\/saturday-le-dije-a-david-que-estuviera-tranquilo-que-vendria-a-jugar-al-lorca-deportiva\/#primaryimage","url":"https:\/\/arealorcaradio.es\/wp-content\/uploads\/2025\/07\/IMG-20250725-WA0059.jpg","contentUrl":"https:\/\/arealorcaradio.es\/wp-content\/uploads\/2025\/07\/IMG-20250725-WA0059.jpg","width":1920,"height":1280},{"@type":"BreadcrumbList","@id":"https:\/\/arealorcaradio.es\/index.php\/2025\/07\/25\/saturday-le-dije-a-david-que-estuviera-tranquilo-que-vendria-a-jugar-al-lorca-deportiva\/#breadcrumb","itemListElement":[{"@type":"ListItem","position":1,"name":"Portada","item":"https:\/\/arealorcaradio.es\/"},{"@type":"ListItem","position":2,"name":"Saturday: \u00abLe dije a David que estuviera tranquilo que vendr\u00eda a jugar al Lorca Deportiva\u00bb"}]},{"@type":"WebSite","@id":"https:\/\/arealorcaradio.es\/#website","url":"https:\/\/arealorcaradio.es\/","name":"AREA LORCA RADIO","description":"Descubre la programaci\u00f3n actual en \u00c1rea Lorca Radio, tu fuente de entrenamiento y noticias locales. Sintoniza ahora y mantente conectado online.","potentialAction":[{"@type":"SearchAction","target":{"@type":"EntryPoint","urlTemplate":"https:\/\/arealorcaradio.es\/?s={search_term_string}"},"query-input":{"@type":"PropertyValueSpecification","valueRequired":true,"valueName":"search_term_string"}}],"inLanguage":"es"},{"@type":"Person","@id":"https:\/\/arealorcaradio.es\/#\/schema\/person\/9fae605fc25b0f2c83c1ab207139bd27","name":"Paco S\u00e1nchez","image":{"@type":"ImageObject","inLanguage":"es","@id":"https:\/\/secure.gravatar.com\/avatar\/d67144e966420fb74aa84c9f2a0103be4724fd14db52b52d3b6bca749f257e79?s=96&d=mm&r=g","url":"https:\/\/secure.gravatar.com\/avatar\/d67144e966420fb74aa84c9f2a0103be4724fd14db52b52d3b6bca749f257e79?s=96&d=mm&r=g","contentUrl":"https:\/\/secure.gravatar.com\/avatar\/d67144e966420fb74aa84c9f2a0103be4724fd14db52b52d3b6bca749f257e79?s=96&d=mm&r=g","caption":"Paco S\u00e1nchez"},"sameAs":["https:\/\/arealorcaradio.es"],"url":"https:\/\/arealorcaradio.es\/index.php\/author\/admin_alorcaradio\/"}]}},"_links":{"self":[{"href":"https:\/\/arealorcaradio.es\/index.php\/wp-json\/wp\/v2\/posts\/7476","targetHints":{"allow":["GET"]}}],"collection":[{"href":"https:\/\/arealorcaradio.es\/index.php\/wp-json\/wp\/v2\/posts"}],"about":[{"href":"https:\/\/arealorcaradio.es\/index.php\/wp-json\/wp\/v2\/types\/post"}],"author":[{"embeddable":true,"href":"https:\/\/arealorcaradio.es\/index.php\/wp-json\/wp\/v2\/users\/1"}],"replies":[{"embeddable":true,"href":"https:\/\/arealorcaradio.es\/index.php\/wp-json\/wp\/v2\/comments?post=7476"}],"version-history":[{"count":2,"href":"https:\/\/arealorcaradio.es\/index.php\/wp-json\/wp\/v2\/posts\/7476\/revisions"}],"predecessor-version":[{"id":7483,"href":"https:\/\/arealorcaradio.es\/index.php\/wp-json\/wp\/v2\/posts\/7476\/revisions\/7483"}],"wp:featuredmedia":[{"embeddable":true,"href":"https:\/\/arealorcaradio.es\/index.php\/wp-json\/wp\/v2\/media\/7478"}],"wp:attachment":[{"href":"https:\/\/arealorcaradio.es\/index.php\/wp-json\/wp\/v2\/media?parent=7476"}],"wp:term":[{"taxonomy":"category","embeddable":true,"href":"https:\/\/arealorcaradio.es\/index.php\/wp-json\/wp\/v2\/categories?post=7476"},{"taxonomy":"post_tag","embeddable":true,"href":"https:\/\/arealorcaradio.es\/index.php\/wp-json\/wp\/v2\/tags?post=7476"}],"curies":[{"name":"wp","href":"https:\/\/api.w.org\/{rel}","templated":true}]}}